{"id":7895,"date":"2020-03-06T13:07:05","date_gmt":"2020-03-06T13:07:05","guid":{"rendered":"http:\/\/www.evropskakuca.me\/me\/?p=7895"},"modified":"2020-03-06T13:07:05","modified_gmt":"2020-03-06T13:07:05","slug":"perspektive-manjina-u-fokusu","status":"publish","type":"post","link":"https:\/\/www.evropskakuca.me\/me\/perspektive-manjina-u-fokusu\/","title":{"rendered":"Perspektive manjina u fokusu"},"content":{"rendered":"<p><strong>Projekat PRIME (Profesionalni, odgovoRni i Inkluzivni Mediji), koji se realizuje uz podr\u0161ku Evropske komisije, omogu\u0107i\u0107e podsticanje inkluzivnih i istra\u017eiva\u010dkih medijskih sadr\u017eaja, nagla\u0161avaju\u0107i perspektive manjina. <\/strong><\/p>\n<p>Potpisivanjem sporazuma o saradnji izme\u0111u nosioca projekta &#8211; produkcijske ku\u0107e Galileo production, partnera na projektu &#8211; NVO Udru\u017eenja mladih sa hendikepom Crne Gore (UMHCG), NVO 35mm, NVO romske organizacije &#8220;Kora\u010dajte sa nama &#8211; Phiren Amenca&#8221;, NVO LGBT Forum Progresa, NVO 4Life i pridru\u017eenog partnera &#8211; Fakulteta politi\u010dkih nauka UCG, ju\u010de je i zvani\u010dno zapo\u010deta realizacija projekta koja \u0107e trajati 26 mjeseci.<\/p>\n<p><img fetchpriority=\"high\" decoding=\"async\" class=\"alignnone size-large wp-image-7898\" src=\"http:\/\/www.evropskakuca.me\/wp-content\/uploads\/2020\/03\/Potpisivanje-sporazuma-PRIME-2-002-1024x683.jpg\" alt=\"\" width=\"1024\" height=\"683\" \/><\/p>\n<p>Realizacijom projekta se \u017eeli <strong>o<\/strong><strong>ja\u010dati profesionalna medijska scena<\/strong> u Crnoj Gori kroz odr\u017eivi doprinos participativnoj demokratiji i procesu evropskih integracija, ja\u010danje inkluzivnog izvje\u0161tavanja, nezavisnog i istra\u017eiva\u010dkog novinarstva o EU integracijama, <strong>uz isticanje perspektive manjina<\/strong>.<\/p>\n<p><strong>Ciljne grupe<\/strong> projekta su: \u017eene, LGBTIQ osobe, Romi, osobe s invaliditetom, (biv\u0161i) korisnici psihoaktivnih supstanci, studenti novinarstva, mediji, profesionalci u oblasti medija, gra\u0111ani, posebno mladi, kao i organizacije civilnog dru\u0161tva.<\/p>\n<p><strong>Aktivnosti projekta obuhvataju:<\/strong> edukaciju predstavnika manjinskih grupa, novinara i studenata novinarstva o istra\u017eiva\u010dkom novinarstvu, ljudskim pravima, EU integracijama, eti\u010dkom izvje\u0161tavanju, digitalnim i novim medijima, interakciji s publikom; izradu vodi\u010da o odgovornom i inkluzivnom izvje\u0161tavanju o pristupanju EU i njegovu promociju i prezentaciju; formiranje medijske redakcije za inkluzivno izvje\u0161tavanje o pristupanju EU i marginalizovanim grupama; izradu i objavljivanje istra\u017eiva\u010dkih pri\u010da; izradu dokumentarnih filmova; medijski festival i zavr\u0161nu konferenciju.<\/p>\n<p>Realizacija projekta traje 26 mjeseci, po\u010dev od 1. februara 2020, a ukupni bud\u017eet iznosi 245.600 \u20ac.<\/p>\n<p><strong>\u00a0<\/strong><\/p>\n","protected":false},"excerpt":{"rendered":"<p>Projekat PRIME (Profesionalni, odgovoRni i Inkluzivni Mediji), koji se realizuje uz podr\u0161ku Evropske komisije, omogu\u0107i\u0107e podsticanje inkluzivnih i istra\u017eiva\u010dkih medijskih sadr\u017eaja, nagla\u0161avaju\u0107i perspektive manjina. Potpisivanjem sporazuma o saradnji izme\u0111u nosioca projekta &#8211; produkcijske ku\u0107e Galileo production, partnera na projektu &#8211; NVO Udru\u017eenja mladih sa hendikepom Crne Gore (UMHCG), NVO 35mm, NVO romske organizacije &#8220;Kora\u010dajte sa [&hellip;]<\/p>\n","protected":false},"author":1,"featured_media":35098,"comment_status":"open","ping_status":"open","sticky":false,"template":"","format":"standard","meta":{"_acf_changed":false,"footnotes":""},"categories":[],"tags":[],"class_list":["post-7895","post","type-post","status-publish","format-standard","has-post-thumbnail","hentry"],"acf":[],"yoast_head":"<!-- This site is optimized with the Yoast SEO plugin v27.3 - https:\/\/yoast.com\/product\/yoast-seo-wordpress\/ -->\n<title>Perspektive manjina u fokusu - Europe House<\/title>\n<meta name=\"robots\" content=\"index, follow, max-snippet:-1, max-image-preview:large, max-video-preview:-1\" \/>\n<link rel=\"canonical\" href=\"https:\/\/www.evropskakuca.me\/me\/perspektive-manjina-u-fokusu\/\" \/>\n<meta property=\"og:locale\" content=\"en_US\" \/>\n<meta property=\"og:type\" content=\"article\" \/>\n<meta property=\"og:title\" content=\"Perspektive manjina u fokusu - Europe House\" \/>\n<meta property=\"og:description\" content=\"Projekat PRIME (Profesionalni, odgovoRni i Inkluzivni Mediji), koji se realizuje uz podr\u0161ku Evropske komisije, omogu\u0107i\u0107e podsticanje inkluzivnih i istra\u017eiva\u010dkih medijskih sadr\u017eaja, nagla\u0161avaju\u0107i perspektive manjina. Potpisivanjem sporazuma o saradnji izme\u0111u nosioca projekta &#8211; produkcijske ku\u0107e Galileo production, partnera na projektu &#8211; NVO Udru\u017eenja mladih sa hendikepom Crne Gore (UMHCG), NVO 35mm, NVO romske organizacije &#8220;Kora\u010dajte sa [&hellip;]\" \/>\n<meta property=\"og:url\" content=\"https:\/\/www.evropskakuca.me\/me\/perspektive-manjina-u-fokusu\/\" \/>\n<meta property=\"og:site_name\" content=\"Europe House\" \/>\n<meta property=\"article:publisher\" content=\"https:\/\/www.facebook.com\/evropska.kuca\" \/>\n<meta property=\"article:published_time\" content=\"2020-03-06T13:07:05+00:00\" \/>\n<meta property=\"og:image\" content=\"https:\/\/www.evropskakuca.me\/wp-content\/uploads\/2020\/03\/Potpisivanje-sporazuma-PRIME-1-002-scaled.jpg\" \/>\n\t<meta property=\"og:image:width\" content=\"2560\" \/>\n\t<meta property=\"og:image:height\" content=\"1707\" \/>\n\t<meta property=\"og:image:type\" content=\"image\/jpeg\" \/>\n<meta name=\"author\" content=\"mkajic\" \/>\n<meta name=\"twitter:card\" content=\"summary_large_image\" \/>\n<meta name=\"twitter:creator\" content=\"@evropska_kuca\" \/>\n<meta name=\"twitter:site\" content=\"@evropska_kuca\" \/>\n<meta name=\"twitter:label1\" content=\"Written by\" \/>\n\t<meta name=\"twitter:data1\" content=\"mkajic\" \/>\n\t<meta name=\"twitter:label2\" content=\"Est. reading time\" \/>\n\t<meta name=\"twitter:data2\" content=\"1 minute\" \/>\n<script type=\"application\/ld+json\" class=\"yoast-schema-graph\">{\"@context\":\"https:\\\/\\\/schema.org\",\"@graph\":[{\"@type\":\"Article\",\"@id\":\"https:\\\/\\\/www.evropskakuca.me\\\/me\\\/perspektive-manjina-u-fokusu\\\/#article\",\"isPartOf\":{\"@id\":\"https:\\\/\\\/www.evropskakuca.me\\\/me\\\/perspektive-manjina-u-fokusu\\\/\"},\"author\":{\"name\":\"mkajic\",\"@id\":\"https:\\\/\\\/www.evropskakuca.me\\\/me\\\/#\\\/schema\\\/person\\\/a1d0dcdaefe4a1cd1d60d200ea137ba4\"},\"headline\":\"Perspektive manjina u fokusu\",\"datePublished\":\"2020-03-06T13:07:05+00:00\",\"mainEntityOfPage\":{\"@id\":\"https:\\\/\\\/www.evropskakuca.me\\\/me\\\/perspektive-manjina-u-fokusu\\\/\"},\"wordCount\":270,\"commentCount\":0,\"publisher\":{\"@id\":\"https:\\\/\\\/www.evropskakuca.me\\\/me\\\/#organization\"},\"image\":{\"@id\":\"https:\\\/\\\/www.evropskakuca.me\\\/me\\\/perspektive-manjina-u-fokusu\\\/#primaryimage\"},\"thumbnailUrl\":\"https:\\\/\\\/www.evropskakuca.me\\\/wp-content\\\/uploads\\\/2020\\\/03\\\/Potpisivanje-sporazuma-PRIME-1-002-scaled.jpg\",\"inLanguage\":\"me-ME\",\"potentialAction\":[{\"@type\":\"CommentAction\",\"name\":\"Comment\",\"target\":[\"https:\\\/\\\/www.evropskakuca.me\\\/me\\\/perspektive-manjina-u-fokusu\\\/#respond\"]}]},{\"@type\":\"WebPage\",\"@id\":\"https:\\\/\\\/www.evropskakuca.me\\\/me\\\/perspektive-manjina-u-fokusu\\\/\",\"url\":\"https:\\\/\\\/www.evropskakuca.me\\\/me\\\/perspektive-manjina-u-fokusu\\\/\",\"name\":\"Perspektive manjina u fokusu - Europe House\",\"isPartOf\":{\"@id\":\"https:\\\/\\\/www.evropskakuca.me\\\/me\\\/#website\"},\"primaryImageOfPage\":{\"@id\":\"https:\\\/\\\/www.evropskakuca.me\\\/me\\\/perspektive-manjina-u-fokusu\\\/#primaryimage\"},\"image\":{\"@id\":\"https:\\\/\\\/www.evropskakuca.me\\\/me\\\/perspektive-manjina-u-fokusu\\\/#primaryimage\"},\"thumbnailUrl\":\"https:\\\/\\\/www.evropskakuca.me\\\/wp-content\\\/uploads\\\/2020\\\/03\\\/Potpisivanje-sporazuma-PRIME-1-002-scaled.jpg\",\"datePublished\":\"2020-03-06T13:07:05+00:00\",\"breadcrumb\":{\"@id\":\"https:\\\/\\\/www.evropskakuca.me\\\/me\\\/perspektive-manjina-u-fokusu\\\/#breadcrumb\"},\"inLanguage\":\"me-ME\",\"potentialAction\":[{\"@type\":\"ReadAction\",\"target\":[\"https:\\\/\\\/www.evropskakuca.me\\\/me\\\/perspektive-manjina-u-fokusu\\\/\"]}]},{\"@type\":\"ImageObject\",\"inLanguage\":\"me-ME\",\"@id\":\"https:\\\/\\\/www.evropskakuca.me\\\/me\\\/perspektive-manjina-u-fokusu\\\/#primaryimage\",\"url\":\"https:\\\/\\\/www.evropskakuca.me\\\/wp-content\\\/uploads\\\/2020\\\/03\\\/Potpisivanje-sporazuma-PRIME-1-002-scaled.jpg\",\"contentUrl\":\"https:\\\/\\\/www.evropskakuca.me\\\/wp-content\\\/uploads\\\/2020\\\/03\\\/Potpisivanje-sporazuma-PRIME-1-002-scaled.jpg\",\"width\":2560,\"height\":1707},{\"@type\":\"BreadcrumbList\",\"@id\":\"https:\\\/\\\/www.evropskakuca.me\\\/me\\\/perspektive-manjina-u-fokusu\\\/#breadcrumb\",\"itemListElement\":[{\"@type\":\"ListItem\",\"position\":1,\"name\":\"Home\",\"item\":\"https:\\\/\\\/www.evropskakuca.me\\\/me\\\/\"},{\"@type\":\"ListItem\",\"position\":2,\"name\":\"Perspektive manjina u fokusu\"}]},{\"@type\":\"WebSite\",\"@id\":\"https:\\\/\\\/www.evropskakuca.me\\\/me\\\/#website\",\"url\":\"https:\\\/\\\/www.evropskakuca.me\\\/me\\\/\",\"name\":\"Evropean house\",\"description\":\"\",\"publisher\":{\"@id\":\"https:\\\/\\\/www.evropskakuca.me\\\/me\\\/#organization\"},\"potentialAction\":[{\"@type\":\"SearchAction\",\"target\":{\"@type\":\"EntryPoint\",\"urlTemplate\":\"https:\\\/\\\/www.evropskakuca.me\\\/me\\\/?s={search_term_string}\"},\"query-input\":{\"@type\":\"PropertyValueSpecification\",\"valueRequired\":true,\"valueName\":\"search_term_string\"}}],\"inLanguage\":\"me-ME\"},{\"@type\":\"Organization\",\"@id\":\"https:\\\/\\\/www.evropskakuca.me\\\/me\\\/#organization\",\"name\":\"Evropean house\",\"url\":\"https:\\\/\\\/www.evropskakuca.me\\\/me\\\/\",\"logo\":{\"@type\":\"ImageObject\",\"inLanguage\":\"me-ME\",\"@id\":\"https:\\\/\\\/www.evropskakuca.me\\\/me\\\/#\\\/schema\\\/logo\\\/image\\\/\",\"url\":\"https:\\\/\\\/www.evropskakuca.me\\\/wp-content\\\/uploads\\\/2025\\\/01\\\/evropska-kuca-logo-1.png\",\"contentUrl\":\"https:\\\/\\\/www.evropskakuca.me\\\/wp-content\\\/uploads\\\/2025\\\/01\\\/evropska-kuca-logo-1.png\",\"width\":425,\"height\":312,\"caption\":\"Evropean house\"},\"image\":{\"@id\":\"https:\\\/\\\/www.evropskakuca.me\\\/me\\\/#\\\/schema\\\/logo\\\/image\\\/\"},\"sameAs\":[\"https:\\\/\\\/www.facebook.com\\\/evropska.kuca\",\"https:\\\/\\\/x.com\\\/evropska_kuca\",\"https:\\\/\\\/www.instagram.com\\\/evropska_kuca\"]},{\"@type\":\"Person\",\"@id\":\"https:\\\/\\\/www.evropskakuca.me\\\/me\\\/#\\\/schema\\\/person\\\/a1d0dcdaefe4a1cd1d60d200ea137ba4\",\"name\":\"mkajic\",\"image\":{\"@type\":\"ImageObject\",\"inLanguage\":\"me-ME\",\"@id\":\"https:\\\/\\\/secure.gravatar.com\\\/avatar\\\/731fa035cefab7316e6bafd1f25a93fb731a07de14e2d9923f8db4422628eabc?s=96&d=mm&r=g\",\"url\":\"https:\\\/\\\/secure.gravatar.com\\\/avatar\\\/731fa035cefab7316e6bafd1f25a93fb731a07de14e2d9923f8db4422628eabc?s=96&d=mm&r=g\",\"contentUrl\":\"https:\\\/\\\/secure.gravatar.com\\\/avatar\\\/731fa035cefab7316e6bafd1f25a93fb731a07de14e2d9923f8db4422628eabc?s=96&d=mm&r=g\",\"caption\":\"mkajic\"},\"sameAs\":[\"https:\\\/\\\/evropskakuca.me\"],\"url\":\"https:\\\/\\\/www.evropskakuca.me\\\/me\\\/author\\\/mkajic\\\/\"}]}<\/script>\n<!-- \/ Yoast SEO plugin. -->","yoast_head_json":{"title":"Perspektive manjina u fokusu - Europe House","robots":{"index":"index","follow":"follow","max-snippet":"max-snippet:-1","max-image-preview":"max-image-preview:large","max-video-preview":"max-video-preview:-1"},"canonical":"https:\/\/www.evropskakuca.me\/me\/perspektive-manjina-u-fokusu\/","og_locale":"en_US","og_type":"article","og_title":"Perspektive manjina u fokusu - Europe House","og_description":"Projekat PRIME (Profesionalni, odgovoRni i Inkluzivni Mediji), koji se realizuje uz podr\u0161ku Evropske komisije, omogu\u0107i\u0107e podsticanje inkluzivnih i istra\u017eiva\u010dkih medijskih sadr\u017eaja, nagla\u0161avaju\u0107i perspektive manjina. Potpisivanjem sporazuma o saradnji izme\u0111u nosioca projekta &#8211; produkcijske ku\u0107e Galileo production, partnera na projektu &#8211; NVO Udru\u017eenja mladih sa hendikepom Crne Gore (UMHCG), NVO 35mm, NVO romske organizacije &#8220;Kora\u010dajte sa [&hellip;]","og_url":"https:\/\/www.evropskakuca.me\/me\/perspektive-manjina-u-fokusu\/","og_site_name":"Europe House","article_publisher":"https:\/\/www.facebook.com\/evropska.kuca","article_published_time":"2020-03-06T13:07:05+00:00","og_image":[{"width":2560,"height":1707,"url":"https:\/\/www.evropskakuca.me\/wp-content\/uploads\/2020\/03\/Potpisivanje-sporazuma-PRIME-1-002-scaled.jpg","type":"image\/jpeg"}],"author":"mkajic","twitter_card":"summary_large_image","twitter_creator":"@evropska_kuca","twitter_site":"@evropska_kuca","twitter_misc":{"Written by":"mkajic","Est. reading time":"1 minute"},"schema":{"@context":"https:\/\/schema.org","@graph":[{"@type":"Article","@id":"https:\/\/www.evropskakuca.me\/me\/perspektive-manjina-u-fokusu\/#article","isPartOf":{"@id":"https:\/\/www.evropskakuca.me\/me\/perspektive-manjina-u-fokusu\/"},"author":{"name":"mkajic","@id":"https:\/\/www.evropskakuca.me\/me\/#\/schema\/person\/a1d0dcdaefe4a1cd1d60d200ea137ba4"},"headline":"Perspektive manjina u fokusu","datePublished":"2020-03-06T13:07:05+00:00","mainEntityOfPage":{"@id":"https:\/\/www.evropskakuca.me\/me\/perspektive-manjina-u-fokusu\/"},"wordCount":270,"commentCount":0,"publisher":{"@id":"https:\/\/www.evropskakuca.me\/me\/#organization"},"image":{"@id":"https:\/\/www.evropskakuca.me\/me\/perspektive-manjina-u-fokusu\/#primaryimage"},"thumbnailUrl":"https:\/\/www.evropskakuca.me\/wp-content\/uploads\/2020\/03\/Potpisivanje-sporazuma-PRIME-1-002-scaled.jpg","inLanguage":"me-ME","potentialAction":[{"@type":"CommentAction","name":"Comment","target":["https:\/\/www.evropskakuca.me\/me\/perspektive-manjina-u-fokusu\/#respond"]}]},{"@type":"WebPage","@id":"https:\/\/www.evropskakuca.me\/me\/perspektive-manjina-u-fokusu\/","url":"https:\/\/www.evropskakuca.me\/me\/perspektive-manjina-u-fokusu\/","name":"Perspektive manjina u fokusu - Europe House","isPartOf":{"@id":"https:\/\/www.evropskakuca.me\/me\/#website"},"primaryImageOfPage":{"@id":"https:\/\/www.evropskakuca.me\/me\/perspektive-manjina-u-fokusu\/#primaryimage"},"image":{"@id":"https:\/\/www.evropskakuca.me\/me\/perspektive-manjina-u-fokusu\/#primaryimage"},"thumbnailUrl":"https:\/\/www.evropskakuca.me\/wp-content\/uploads\/2020\/03\/Potpisivanje-sporazuma-PRIME-1-002-scaled.jpg","datePublished":"2020-03-06T13:07:05+00:00","breadcrumb":{"@id":"https:\/\/www.evropskakuca.me\/me\/perspektive-manjina-u-fokusu\/#breadcrumb"},"inLanguage":"me-ME","potentialAction":[{"@type":"ReadAction","target":["https:\/\/www.evropskakuca.me\/me\/perspektive-manjina-u-fokusu\/"]}]},{"@type":"ImageObject","inLanguage":"me-ME","@id":"https:\/\/www.evropskakuca.me\/me\/perspektive-manjina-u-fokusu\/#primaryimage","url":"https:\/\/www.evropskakuca.me\/wp-content\/uploads\/2020\/03\/Potpisivanje-sporazuma-PRIME-1-002-scaled.jpg","contentUrl":"https:\/\/www.evropskakuca.me\/wp-content\/uploads\/2020\/03\/Potpisivanje-sporazuma-PRIME-1-002-scaled.jpg","width":2560,"height":1707},{"@type":"BreadcrumbList","@id":"https:\/\/www.evropskakuca.me\/me\/perspektive-manjina-u-fokusu\/#breadcrumb","itemListElement":[{"@type":"ListItem","position":1,"name":"Home","item":"https:\/\/www.evropskakuca.me\/me\/"},{"@type":"ListItem","position":2,"name":"Perspektive manjina u fokusu"}]},{"@type":"WebSite","@id":"https:\/\/www.evropskakuca.me\/me\/#website","url":"https:\/\/www.evropskakuca.me\/me\/","name":"Evropean house","description":"","publisher":{"@id":"https:\/\/www.evropskakuca.me\/me\/#organization"},"potentialAction":[{"@type":"SearchAction","target":{"@type":"EntryPoint","urlTemplate":"https:\/\/www.evropskakuca.me\/me\/?s={search_term_string}"},"query-input":{"@type":"PropertyValueSpecification","valueRequired":true,"valueName":"search_term_string"}}],"inLanguage":"me-ME"},{"@type":"Organization","@id":"https:\/\/www.evropskakuca.me\/me\/#organization","name":"Evropean house","url":"https:\/\/www.evropskakuca.me\/me\/","logo":{"@type":"ImageObject","inLanguage":"me-ME","@id":"https:\/\/www.evropskakuca.me\/me\/#\/schema\/logo\/image\/","url":"https:\/\/www.evropskakuca.me\/wp-content\/uploads\/2025\/01\/evropska-kuca-logo-1.png","contentUrl":"https:\/\/www.evropskakuca.me\/wp-content\/uploads\/2025\/01\/evropska-kuca-logo-1.png","width":425,"height":312,"caption":"Evropean house"},"image":{"@id":"https:\/\/www.evropskakuca.me\/me\/#\/schema\/logo\/image\/"},"sameAs":["https:\/\/www.facebook.com\/evropska.kuca","https:\/\/x.com\/evropska_kuca","https:\/\/www.instagram.com\/evropska_kuca"]},{"@type":"Person","@id":"https:\/\/www.evropskakuca.me\/me\/#\/schema\/person\/a1d0dcdaefe4a1cd1d60d200ea137ba4","name":"mkajic","image":{"@type":"ImageObject","inLanguage":"me-ME","@id":"https:\/\/secure.gravatar.com\/avatar\/731fa035cefab7316e6bafd1f25a93fb731a07de14e2d9923f8db4422628eabc?s=96&d=mm&r=g","url":"https:\/\/secure.gravatar.com\/avatar\/731fa035cefab7316e6bafd1f25a93fb731a07de14e2d9923f8db4422628eabc?s=96&d=mm&r=g","contentUrl":"https:\/\/secure.gravatar.com\/avatar\/731fa035cefab7316e6bafd1f25a93fb731a07de14e2d9923f8db4422628eabc?s=96&d=mm&r=g","caption":"mkajic"},"sameAs":["https:\/\/evropskakuca.me"],"url":"https:\/\/www.evropskakuca.me\/me\/author\/mkajic\/"}]}},"_links":{"self":[{"href":"https:\/\/www.evropskakuca.me\/me\/wp-json\/wp\/v2\/posts\/7895","targetHints":{"allow":["GET"]}}],"collection":[{"href":"https:\/\/www.evropskakuca.me\/me\/wp-json\/wp\/v2\/posts"}],"about":[{"href":"https:\/\/www.evropskakuca.me\/me\/wp-json\/wp\/v2\/types\/post"}],"author":[{"embeddable":true,"href":"https:\/\/www.evropskakuca.me\/me\/wp-json\/wp\/v2\/users\/1"}],"replies":[{"embeddable":true,"href":"https:\/\/www.evropskakuca.me\/me\/wp-json\/wp\/v2\/comments?post=7895"}],"version-history":[{"count":0,"href":"https:\/\/www.evropskakuca.me\/me\/wp-json\/wp\/v2\/posts\/7895\/revisions"}],"wp:featuredmedia":[{"embeddable":true,"href":"https:\/\/www.evropskakuca.me\/me\/wp-json\/wp\/v2\/media\/35098"}],"wp:attachment":[{"href":"https:\/\/www.evropskakuca.me\/me\/wp-json\/wp\/v2\/media?parent=7895"}],"wp:term":[{"taxonomy":"category","embeddable":true,"href":"https:\/\/www.evropskakuca.me\/me\/wp-json\/wp\/v2\/categories?post=7895"},{"taxonomy":"post_tag","embeddable":true,"href":"https:\/\/www.evropskakuca.me\/me\/wp-json\/wp\/v2\/tags?post=7895"}],"curies":[{"name":"wp","href":"https:\/\/api.w.org\/{rel}","templated":true}]}}