{"id":7880,"date":"2020-03-05T13:28:07","date_gmt":"2020-03-05T13:28:07","guid":{"rendered":"http:\/\/www.evropskakuca.me\/me\/?p=7880"},"modified":"2025-01-21T12:24:25","modified_gmt":"2025-01-21T12:24:25","slug":"radionice-o-zenskom-aktivizmu-u-srednjim-skolama","status":"publish","type":"post","link":"https:\/\/www.evropskakuca.me\/me\/radionice-o-zenskom-aktivizmu-u-srednjim-skolama\/","title":{"rendered":"Radionice o \u017eenskom aktivizmu u srednjim \u0161kolama"},"content":{"rendered":"<p>Bobra za \u017eenska prava u Crnoj Gori po\u010dela je 1919. godine, kada su se Crnogorke pridru\u017eile talasu osna\u017eene ljevice, radni\u010dkog pokreta i Internacionale, inspirisane hrabro\u0161\u0107u Klare Cetkin i Roze Luksemburg. Sto jednu godinu kasnije, borba za prava \u017eena u Crnoj Gori i dalje traje. One se u patrijahalnom dru\u0161tvu trude da izvojevaju jednak tretman i ravnopravnost, suprostavaljaju\u0107i se nasilju i rodno zasnovanoj diskriminaciji u razli\u010ditim dru\u0161tvenim sferama.<\/p>\n<p>Jedan od stubova te borbe je i obrazovanje, koje mladim \u017eenama i mu\u0161karcima mo\u017ee i treba pomo\u0107i da nau\u010de kako da dru\u0161tveno promi\u0161ljaju i razumiju va\u017enost po\u0161tovanja ljudskih prava, me\u0111u kojima \u017eenska prava \u010dine va\u017ean i neizostavan dio.<\/p>\n<p>Zato su Delegacija Evropske unije u Crnoj Gori, EU info centar i Centar za \u017eenska prava odlu\u010dilil da povodom Dana \u017eena organizuju radionice o \u017eenskom aktivizmu u srednjim \u0161kolama. Cilj je da se srednjo\u0161kolkama, ali i njihovim drugovima, uka\u017ee na promjene koje su \u017eene vremenom izborile za sebe, ali i da se mladi osna\u017ee da budu aktivni u\u010desnici dru\u0161tva, tako \u0161to \u0107e se boriti za vrijednosti do kojih im je stalo.<\/p>\n<p><img fetchpriority=\"high\" decoding=\"async\" class=\"alignnone size-large wp-image-7883\" src=\"http:\/\/www.evropskakuca.me\/wp-content\/uploads\/2020\/03\/aktivizam-2-1024x683.jpg\" alt=\"\" width=\"1024\" height=\"683\" \/><\/p>\n<p>Prva takva radionca odr\u017eana je u utorak 3. marta u podgori\u010dkoj gimnaziji \u201eSlobodan \u0160keroiv\u0107\u201c. Sa u\u010denicama i u\u010denicima \u010detvrtog razreda razgovarale su Maja Rai\u010devi\u0107 iz Centra za \u017eenska prava i omladinska aktivistkinja Iva Male\u0161evi\u0107 iz studenskog radija \u201eKr\u0161\u201c.<\/p>\n<p>Maja je govorila o svojim po\u010decima u aktivizmu, a koji su krenulil upravo u gimnaziji. Mladima je objasnila zbog \u010dega je va\u017eno da se bave aktivizmom, bez obzira na to koja tema je u pitanju.<\/p>\n<p><img decoding=\"async\" class=\"alignnone size-large wp-image-7885\" src=\"http:\/\/www.evropskakuca.me\/wp-content\/uploads\/2020\/03\/aktivizam-17-1024x683.jpg\" alt=\"\" width=\"1024\" height=\"683\" \/><\/p>\n<p>\u201eAktivizam je va\u017ean da bi mijenjali dru\u0161tvo oko sebe, ali nam on isto daje mogu\u0107nost da iska\u017eemo ono \u0161to nas mu\u010di ili da uka\u017eemo na probleme koji su nam va\u017eni. To je posebno zna\u010dajno za mlade i za \u017eene, koji \u010desto nemaju kanale da se izraze. Kroz aktivizam zapravo mo\u017eemo da mijenjamo ono \u0161to smatramo va\u017enim i da, uslovno re\u010deno, u\u010dinimo ne\u0161to za sebe, za svoje \u017eelje, potrebe i interesovanja\u201c, poru\u010dila im je Maja.<\/p>\n<p>Iva Male\u0161evi\u0107 je aktivizmom po\u010dela da se bavi na fakultetu. Nezadovoljna stanjem, zajedno sa\u00a0 kolegama pokrenula je proteste. Jedan od rezultata njene borbe je i studenski radio \u201eKr\u0161\u201c, zahvaljuju\u0107i kojem su crnogorske studetkinje i studenti dobili kanal da se izraze.<\/p>\n<p><img decoding=\"async\" class=\"alignnone size-large wp-image-7887\" src=\"http:\/\/www.evropskakuca.me\/wp-content\/uploads\/2020\/03\/aktivizam-31-\u043a\u043e\u043f\u0438\u0458\u0430-1024x683.jpg\" alt=\"\" width=\"1024\" height=\"683\" \/><\/p>\n<p>\u201eZa mene je \u017eenski aktivizam pitanje prava djevojaka i \u017eena da izaberu svoj \u017eivot, svoju budu\u0107nost \u2013 karijere, porodice, ono \u0161to \u017eele da postanu. A sam aktivizam podrazumijevaju mogu\u0107nost da iska\u017eemo odgovornost prema dru\u0161tvu i zajednici u kojoj \u017eivimo, da promijenimo ono \u0161to \u017eelimo i podr\u017eimo ljude kojima je to potrebno\u201c, kazala je Iva tokom radionice u podgori\u010dkoj gimnaziji.<\/p>\n<p>Nakon radionice, svoje utiske je podijelila maturantkinja Anja \u0110okovi\u0107.<\/p>\n<p><img loading=\"lazy\" decoding=\"async\" class=\"alignnone size-large wp-image-7889\" src=\"http:\/\/www.evropskakuca.me\/wp-content\/uploads\/2020\/03\/aktivizam-53-1024x683.jpg\" alt=\"\" width=\"1024\" height=\"683\" \/><\/p>\n<p>\u201eSmatram da su ovakva predavanja korisna i da treba da se potenciraju. Upravo zahvaljuju\u0107i \u017eenskom aktivizmu, ja danas \u017eivim u vremenu kada mogu da ka\u017eem \u0161ta mislim, a da me niko ne osu\u0111uje i na to sam jako ponosna\u201c, ka\u017ee Anja.<\/p>\n<p>Nakon podgori\u010dke gimnazije, radionica je istog dana odr\u017eana u Srenjoj mje\u0161ovitoj \u0161koli u Golubovcima. Naredne dvije radionice o \u017eenskom aktivizmu planirane su 10. marta u srednjim \u0161kolama u Kola\u0161inu i Mojkovcu. Pored Maje, o aktivizmu \u0107e tada govoriti i Nikoleta Pavi\u0107evi\u0107, koja je postala aktivna tokom akcije poku\u0161aja spa\u0161avanja \u010dempresa \u00a0u Baru. Peta radionica planirana je dan kasnije u srednjoj \u0161koli u Ulcinju, kada \u0107e se Maji pridru\u017eiti ekolo\u0161ka aktivistkinja An\u0111ela \u0110ura\u0161kovi\u0107.<\/p>\n<p>Maja Rai\u010devi\u0107 je kao iskaknuta aktivistkinja dio kampanje \u201eEvropljani\/ke koje \u010dine razliku\u201c, koju Evropska Komisija organizuje drugu godinu za redom, kako bi zemljama \u010dlanicama pribli\u017eila ljude sa Zapadnog Balkana. Pogledajte <a href=\"https:\/\/www.youtube.com\/watch?v=ftjjZvJyTnA&amp;feature=youtu.be&amp;fbclid=IwAR1t9R9GSRC8gvAmjF4tXKhGOvvISnJLN-KQQrD3aoI4V0qsq2RFTnfRY2o\">video<\/a> o Maji.<\/p>\n","protected":false},"excerpt":{"rendered":"<p>Radionice organuzuju Evropska unija u Crnoj Gori i Centar za \u017eenska prava povodom Dana \u017eena <\/p>\n","protected":false},"author":1,"featured_media":42503,"comment_status":"closed","ping_status":"closed","sticky":false,"template":"","format":"standard","meta":{"_acf_changed":false,"footnotes":""},"categories":[285,283],"tags":[],"class_list":["post-7880","post","type-post","status-publish","format-standard","has-post-thumbnail","hentry","category-kampanje-i-eventi","category-novosti-me"],"acf":[],"yoast_head":"<!-- This site is optimized with the Yoast SEO plugin v27.3 - https:\/\/yoast.com\/product\/yoast-seo-wordpress\/ -->\n<title>Radionice o \u017eenskom aktivizmu u srednjim \u0161kolama - Europe House<\/title>\n<meta name=\"robots\" content=\"index, follow, max-snippet:-1, max-image-preview:large, max-video-preview:-1\" \/>\n<link rel=\"canonical\" href=\"https:\/\/www.evropskakuca.me\/me\/radionice-o-zenskom-aktivizmu-u-srednjim-skolama\/\" \/>\n<meta property=\"og:locale\" content=\"en_US\" \/>\n<meta property=\"og:type\" content=\"article\" \/>\n<meta property=\"og:title\" content=\"Radionice o \u017eenskom aktivizmu u srednjim \u0161kolama - Europe House\" \/>\n<meta property=\"og:description\" content=\"Radionice organuzuju Evropska unija u Crnoj Gori i Centar za \u017eenska prava povodom Dana \u017eena\" \/>\n<meta property=\"og:url\" content=\"https:\/\/www.evropskakuca.me\/me\/radionice-o-zenskom-aktivizmu-u-srednjim-skolama\/\" \/>\n<meta property=\"og:site_name\" content=\"Europe House\" \/>\n<meta property=\"article:publisher\" content=\"https:\/\/www.facebook.com\/evropska.kuca\" \/>\n<meta property=\"article:published_time\" content=\"2020-03-05T13:28:07+00:00\" \/>\n<meta property=\"article:modified_time\" content=\"2025-01-21T12:24:25+00:00\" \/>\n<meta property=\"og:image\" content=\"https:\/\/www.evropskakuca.me\/wp-content\/uploads\/2020\/03\/aktivizam-10-1-scaled.jpg\" \/>\n\t<meta property=\"og:image:width\" content=\"2560\" \/>\n\t<meta property=\"og:image:height\" content=\"1707\" \/>\n\t<meta property=\"og:image:type\" content=\"image\/jpeg\" \/>\n<meta name=\"author\" content=\"mkajic\" \/>\n<meta name=\"twitter:card\" content=\"summary_large_image\" \/>\n<meta name=\"twitter:creator\" content=\"@evropska_kuca\" \/>\n<meta name=\"twitter:site\" content=\"@evropska_kuca\" \/>\n<meta name=\"twitter:label1\" content=\"Written by\" \/>\n\t<meta name=\"twitter:data1\" content=\"mkajic\" \/>\n\t<meta name=\"twitter:label2\" content=\"Est. reading time\" \/>\n\t<meta name=\"twitter:data2\" content=\"4 minutes\" \/>\n<script type=\"application\/ld+json\" class=\"yoast-schema-graph\">{\"@context\":\"https:\\\/\\\/schema.org\",\"@graph\":[{\"@type\":\"Article\",\"@id\":\"https:\\\/\\\/www.evropskakuca.me\\\/me\\\/radionice-o-zenskom-aktivizmu-u-srednjim-skolama\\\/#article\",\"isPartOf\":{\"@id\":\"https:\\\/\\\/www.evropskakuca.me\\\/me\\\/radionice-o-zenskom-aktivizmu-u-srednjim-skolama\\\/\"},\"author\":{\"name\":\"mkajic\",\"@id\":\"https:\\\/\\\/www.evropskakuca.me\\\/me\\\/#\\\/schema\\\/person\\\/a1d0dcdaefe4a1cd1d60d200ea137ba4\"},\"headline\":\"Radionice o \u017eenskom aktivizmu u srednjim \u0161kolama\",\"datePublished\":\"2020-03-05T13:28:07+00:00\",\"dateModified\":\"2025-01-21T12:24:25+00:00\",\"mainEntityOfPage\":{\"@id\":\"https:\\\/\\\/www.evropskakuca.me\\\/me\\\/radionice-o-zenskom-aktivizmu-u-srednjim-skolama\\\/\"},\"wordCount\":654,\"publisher\":{\"@id\":\"https:\\\/\\\/www.evropskakuca.me\\\/me\\\/#organization\"},\"image\":{\"@id\":\"https:\\\/\\\/www.evropskakuca.me\\\/me\\\/radionice-o-zenskom-aktivizmu-u-srednjim-skolama\\\/#primaryimage\"},\"thumbnailUrl\":\"https:\\\/\\\/www.evropskakuca.me\\\/wp-content\\\/uploads\\\/2020\\\/03\\\/aktivizam-10-1-scaled.jpg\",\"articleSection\":[\"Kampanje i eventi\",\"Novosti\"],\"inLanguage\":\"me-ME\"},{\"@type\":\"WebPage\",\"@id\":\"https:\\\/\\\/www.evropskakuca.me\\\/me\\\/radionice-o-zenskom-aktivizmu-u-srednjim-skolama\\\/\",\"url\":\"https:\\\/\\\/www.evropskakuca.me\\\/me\\\/radionice-o-zenskom-aktivizmu-u-srednjim-skolama\\\/\",\"name\":\"Radionice o \u017eenskom aktivizmu u srednjim \u0161kolama - Europe House\",\"isPartOf\":{\"@id\":\"https:\\\/\\\/www.evropskakuca.me\\\/me\\\/#website\"},\"primaryImageOfPage\":{\"@id\":\"https:\\\/\\\/www.evropskakuca.me\\\/me\\\/radionice-o-zenskom-aktivizmu-u-srednjim-skolama\\\/#primaryimage\"},\"image\":{\"@id\":\"https:\\\/\\\/www.evropskakuca.me\\\/me\\\/radionice-o-zenskom-aktivizmu-u-srednjim-skolama\\\/#primaryimage\"},\"thumbnailUrl\":\"https:\\\/\\\/www.evropskakuca.me\\\/wp-content\\\/uploads\\\/2020\\\/03\\\/aktivizam-10-1-scaled.jpg\",\"datePublished\":\"2020-03-05T13:28:07+00:00\",\"dateModified\":\"2025-01-21T12:24:25+00:00\",\"breadcrumb\":{\"@id\":\"https:\\\/\\\/www.evropskakuca.me\\\/me\\\/radionice-o-zenskom-aktivizmu-u-srednjim-skolama\\\/#breadcrumb\"},\"inLanguage\":\"me-ME\",\"potentialAction\":[{\"@type\":\"ReadAction\",\"target\":[\"https:\\\/\\\/www.evropskakuca.me\\\/me\\\/radionice-o-zenskom-aktivizmu-u-srednjim-skolama\\\/\"]}]},{\"@type\":\"ImageObject\",\"inLanguage\":\"me-ME\",\"@id\":\"https:\\\/\\\/www.evropskakuca.me\\\/me\\\/radionice-o-zenskom-aktivizmu-u-srednjim-skolama\\\/#primaryimage\",\"url\":\"https:\\\/\\\/www.evropskakuca.me\\\/wp-content\\\/uploads\\\/2020\\\/03\\\/aktivizam-10-1-scaled.jpg\",\"contentUrl\":\"https:\\\/\\\/www.evropskakuca.me\\\/wp-content\\\/uploads\\\/2020\\\/03\\\/aktivizam-10-1-scaled.jpg\",\"width\":2560,\"height\":1707},{\"@type\":\"BreadcrumbList\",\"@id\":\"https:\\\/\\\/www.evropskakuca.me\\\/me\\\/radionice-o-zenskom-aktivizmu-u-srednjim-skolama\\\/#breadcrumb\",\"itemListElement\":[{\"@type\":\"ListItem\",\"position\":1,\"name\":\"Home\",\"item\":\"https:\\\/\\\/www.evropskakuca.me\\\/me\\\/\"},{\"@type\":\"ListItem\",\"position\":2,\"name\":\"Radionice o \u017eenskom aktivizmu u srednjim \u0161kolama\"}]},{\"@type\":\"WebSite\",\"@id\":\"https:\\\/\\\/www.evropskakuca.me\\\/me\\\/#website\",\"url\":\"https:\\\/\\\/www.evropskakuca.me\\\/me\\\/\",\"name\":\"Evropean house\",\"description\":\"\",\"publisher\":{\"@id\":\"https:\\\/\\\/www.evropskakuca.me\\\/me\\\/#organization\"},\"potentialAction\":[{\"@type\":\"SearchAction\",\"target\":{\"@type\":\"EntryPoint\",\"urlTemplate\":\"https:\\\/\\\/www.evropskakuca.me\\\/me\\\/?s={search_term_string}\"},\"query-input\":{\"@type\":\"PropertyValueSpecification\",\"valueRequired\":true,\"valueName\":\"search_term_string\"}}],\"inLanguage\":\"me-ME\"},{\"@type\":\"Organization\",\"@id\":\"https:\\\/\\\/www.evropskakuca.me\\\/me\\\/#organization\",\"name\":\"Evropean house\",\"url\":\"https:\\\/\\\/www.evropskakuca.me\\\/me\\\/\",\"logo\":{\"@type\":\"ImageObject\",\"inLanguage\":\"me-ME\",\"@id\":\"https:\\\/\\\/www.evropskakuca.me\\\/me\\\/#\\\/schema\\\/logo\\\/image\\\/\",\"url\":\"https:\\\/\\\/www.evropskakuca.me\\\/wp-content\\\/uploads\\\/2025\\\/01\\\/evropska-kuca-logo-1.png\",\"contentUrl\":\"https:\\\/\\\/www.evropskakuca.me\\\/wp-content\\\/uploads\\\/2025\\\/01\\\/evropska-kuca-logo-1.png\",\"width\":425,\"height\":312,\"caption\":\"Evropean house\"},\"image\":{\"@id\":\"https:\\\/\\\/www.evropskakuca.me\\\/me\\\/#\\\/schema\\\/logo\\\/image\\\/\"},\"sameAs\":[\"https:\\\/\\\/www.facebook.com\\\/evropska.kuca\",\"https:\\\/\\\/x.com\\\/evropska_kuca\",\"https:\\\/\\\/www.instagram.com\\\/evropska_kuca\"]},{\"@type\":\"Person\",\"@id\":\"https:\\\/\\\/www.evropskakuca.me\\\/me\\\/#\\\/schema\\\/person\\\/a1d0dcdaefe4a1cd1d60d200ea137ba4\",\"name\":\"mkajic\",\"image\":{\"@type\":\"ImageObject\",\"inLanguage\":\"me-ME\",\"@id\":\"https:\\\/\\\/secure.gravatar.com\\\/avatar\\\/731fa035cefab7316e6bafd1f25a93fb731a07de14e2d9923f8db4422628eabc?s=96&d=mm&r=g\",\"url\":\"https:\\\/\\\/secure.gravatar.com\\\/avatar\\\/731fa035cefab7316e6bafd1f25a93fb731a07de14e2d9923f8db4422628eabc?s=96&d=mm&r=g\",\"contentUrl\":\"https:\\\/\\\/secure.gravatar.com\\\/avatar\\\/731fa035cefab7316e6bafd1f25a93fb731a07de14e2d9923f8db4422628eabc?s=96&d=mm&r=g\",\"caption\":\"mkajic\"},\"sameAs\":[\"https:\\\/\\\/evropskakuca.me\"],\"url\":\"https:\\\/\\\/www.evropskakuca.me\\\/me\\\/author\\\/mkajic\\\/\"}]}<\/script>\n<!-- \/ Yoast SEO plugin. -->","yoast_head_json":{"title":"Radionice o \u017eenskom aktivizmu u srednjim \u0161kolama - Europe House","robots":{"index":"index","follow":"follow","max-snippet":"max-snippet:-1","max-image-preview":"max-image-preview:large","max-video-preview":"max-video-preview:-1"},"canonical":"https:\/\/www.evropskakuca.me\/me\/radionice-o-zenskom-aktivizmu-u-srednjim-skolama\/","og_locale":"en_US","og_type":"article","og_title":"Radionice o \u017eenskom aktivizmu u srednjim \u0161kolama - Europe House","og_description":"Radionice organuzuju Evropska unija u Crnoj Gori i Centar za \u017eenska prava povodom Dana \u017eena","og_url":"https:\/\/www.evropskakuca.me\/me\/radionice-o-zenskom-aktivizmu-u-srednjim-skolama\/","og_site_name":"Europe House","article_publisher":"https:\/\/www.facebook.com\/evropska.kuca","article_published_time":"2020-03-05T13:28:07+00:00","article_modified_time":"2025-01-21T12:24:25+00:00","og_image":[{"width":2560,"height":1707,"url":"https:\/\/www.evropskakuca.me\/wp-content\/uploads\/2020\/03\/aktivizam-10-1-scaled.jpg","type":"image\/jpeg"}],"author":"mkajic","twitter_card":"summary_large_image","twitter_creator":"@evropska_kuca","twitter_site":"@evropska_kuca","twitter_misc":{"Written by":"mkajic","Est. reading time":"4 minutes"},"schema":{"@context":"https:\/\/schema.org","@graph":[{"@type":"Article","@id":"https:\/\/www.evropskakuca.me\/me\/radionice-o-zenskom-aktivizmu-u-srednjim-skolama\/#article","isPartOf":{"@id":"https:\/\/www.evropskakuca.me\/me\/radionice-o-zenskom-aktivizmu-u-srednjim-skolama\/"},"author":{"name":"mkajic","@id":"https:\/\/www.evropskakuca.me\/me\/#\/schema\/person\/a1d0dcdaefe4a1cd1d60d200ea137ba4"},"headline":"Radionice o \u017eenskom aktivizmu u srednjim \u0161kolama","datePublished":"2020-03-05T13:28:07+00:00","dateModified":"2025-01-21T12:24:25+00:00","mainEntityOfPage":{"@id":"https:\/\/www.evropskakuca.me\/me\/radionice-o-zenskom-aktivizmu-u-srednjim-skolama\/"},"wordCount":654,"publisher":{"@id":"https:\/\/www.evropskakuca.me\/me\/#organization"},"image":{"@id":"https:\/\/www.evropskakuca.me\/me\/radionice-o-zenskom-aktivizmu-u-srednjim-skolama\/#primaryimage"},"thumbnailUrl":"https:\/\/www.evropskakuca.me\/wp-content\/uploads\/2020\/03\/aktivizam-10-1-scaled.jpg","articleSection":["Kampanje i eventi","Novosti"],"inLanguage":"me-ME"},{"@type":"WebPage","@id":"https:\/\/www.evropskakuca.me\/me\/radionice-o-zenskom-aktivizmu-u-srednjim-skolama\/","url":"https:\/\/www.evropskakuca.me\/me\/radionice-o-zenskom-aktivizmu-u-srednjim-skolama\/","name":"Radionice o \u017eenskom aktivizmu u srednjim \u0161kolama - Europe House","isPartOf":{"@id":"https:\/\/www.evropskakuca.me\/me\/#website"},"primaryImageOfPage":{"@id":"https:\/\/www.evropskakuca.me\/me\/radionice-o-zenskom-aktivizmu-u-srednjim-skolama\/#primaryimage"},"image":{"@id":"https:\/\/www.evropskakuca.me\/me\/radionice-o-zenskom-aktivizmu-u-srednjim-skolama\/#primaryimage"},"thumbnailUrl":"https:\/\/www.evropskakuca.me\/wp-content\/uploads\/2020\/03\/aktivizam-10-1-scaled.jpg","datePublished":"2020-03-05T13:28:07+00:00","dateModified":"2025-01-21T12:24:25+00:00","breadcrumb":{"@id":"https:\/\/www.evropskakuca.me\/me\/radionice-o-zenskom-aktivizmu-u-srednjim-skolama\/#breadcrumb"},"inLanguage":"me-ME","potentialAction":[{"@type":"ReadAction","target":["https:\/\/www.evropskakuca.me\/me\/radionice-o-zenskom-aktivizmu-u-srednjim-skolama\/"]}]},{"@type":"ImageObject","inLanguage":"me-ME","@id":"https:\/\/www.evropskakuca.me\/me\/radionice-o-zenskom-aktivizmu-u-srednjim-skolama\/#primaryimage","url":"https:\/\/www.evropskakuca.me\/wp-content\/uploads\/2020\/03\/aktivizam-10-1-scaled.jpg","contentUrl":"https:\/\/www.evropskakuca.me\/wp-content\/uploads\/2020\/03\/aktivizam-10-1-scaled.jpg","width":2560,"height":1707},{"@type":"BreadcrumbList","@id":"https:\/\/www.evropskakuca.me\/me\/radionice-o-zenskom-aktivizmu-u-srednjim-skolama\/#breadcrumb","itemListElement":[{"@type":"ListItem","position":1,"name":"Home","item":"https:\/\/www.evropskakuca.me\/me\/"},{"@type":"ListItem","position":2,"name":"Radionice o \u017eenskom aktivizmu u srednjim \u0161kolama"}]},{"@type":"WebSite","@id":"https:\/\/www.evropskakuca.me\/me\/#website","url":"https:\/\/www.evropskakuca.me\/me\/","name":"Evropean house","description":"","publisher":{"@id":"https:\/\/www.evropskakuca.me\/me\/#organization"},"potentialAction":[{"@type":"SearchAction","target":{"@type":"EntryPoint","urlTemplate":"https:\/\/www.evropskakuca.me\/me\/?s={search_term_string}"},"query-input":{"@type":"PropertyValueSpecification","valueRequired":true,"valueName":"search_term_string"}}],"inLanguage":"me-ME"},{"@type":"Organization","@id":"https:\/\/www.evropskakuca.me\/me\/#organization","name":"Evropean house","url":"https:\/\/www.evropskakuca.me\/me\/","logo":{"@type":"ImageObject","inLanguage":"me-ME","@id":"https:\/\/www.evropskakuca.me\/me\/#\/schema\/logo\/image\/","url":"https:\/\/www.evropskakuca.me\/wp-content\/uploads\/2025\/01\/evropska-kuca-logo-1.png","contentUrl":"https:\/\/www.evropskakuca.me\/wp-content\/uploads\/2025\/01\/evropska-kuca-logo-1.png","width":425,"height":312,"caption":"Evropean house"},"image":{"@id":"https:\/\/www.evropskakuca.me\/me\/#\/schema\/logo\/image\/"},"sameAs":["https:\/\/www.facebook.com\/evropska.kuca","https:\/\/x.com\/evropska_kuca","https:\/\/www.instagram.com\/evropska_kuca"]},{"@type":"Person","@id":"https:\/\/www.evropskakuca.me\/me\/#\/schema\/person\/a1d0dcdaefe4a1cd1d60d200ea137ba4","name":"mkajic","image":{"@type":"ImageObject","inLanguage":"me-ME","@id":"https:\/\/secure.gravatar.com\/avatar\/731fa035cefab7316e6bafd1f25a93fb731a07de14e2d9923f8db4422628eabc?s=96&d=mm&r=g","url":"https:\/\/secure.gravatar.com\/avatar\/731fa035cefab7316e6bafd1f25a93fb731a07de14e2d9923f8db4422628eabc?s=96&d=mm&r=g","contentUrl":"https:\/\/secure.gravatar.com\/avatar\/731fa035cefab7316e6bafd1f25a93fb731a07de14e2d9923f8db4422628eabc?s=96&d=mm&r=g","caption":"mkajic"},"sameAs":["https:\/\/evropskakuca.me"],"url":"https:\/\/www.evropskakuca.me\/me\/author\/mkajic\/"}]}},"_links":{"self":[{"href":"https:\/\/www.evropskakuca.me\/me\/wp-json\/wp\/v2\/posts\/7880","targetHints":{"allow":["GET"]}}],"collection":[{"href":"https:\/\/www.evropskakuca.me\/me\/wp-json\/wp\/v2\/posts"}],"about":[{"href":"https:\/\/www.evropskakuca.me\/me\/wp-json\/wp\/v2\/types\/post"}],"author":[{"embeddable":true,"href":"https:\/\/www.evropskakuca.me\/me\/wp-json\/wp\/v2\/users\/1"}],"replies":[{"embeddable":true,"href":"https:\/\/www.evropskakuca.me\/me\/wp-json\/wp\/v2\/comments?post=7880"}],"version-history":[{"count":1,"href":"https:\/\/www.evropskakuca.me\/me\/wp-json\/wp\/v2\/posts\/7880\/revisions"}],"predecessor-version":[{"id":42501,"href":"https:\/\/www.evropskakuca.me\/me\/wp-json\/wp\/v2\/posts\/7880\/revisions\/42501"}],"wp:featuredmedia":[{"embeddable":true,"href":"https:\/\/www.evropskakuca.me\/me\/wp-json\/wp\/v2\/media\/42503"}],"wp:attachment":[{"href":"https:\/\/www.evropskakuca.me\/me\/wp-json\/wp\/v2\/media?parent=7880"}],"wp:term":[{"taxonomy":"category","embeddable":true,"href":"https:\/\/www.evropskakuca.me\/me\/wp-json\/wp\/v2\/categories?post=7880"},{"taxonomy":"post_tag","embeddable":true,"href":"https:\/\/www.evropskakuca.me\/me\/wp-json\/wp\/v2\/tags?post=7880"}],"curies":[{"name":"wp","href":"https:\/\/api.w.org\/{rel}","templated":true}]}}