{"id":7861,"date":"2020-03-04T12:40:07","date_gmt":"2020-03-04T12:40:07","guid":{"rendered":"http:\/\/www.evropskakuca.me\/?p=7861"},"modified":"2020-03-04T12:40:07","modified_gmt":"2020-03-04T12:40:07","slug":"tatrom-oko-svijeta-br-2-stigla-u-podgoricu","status":"publish","type":"post","link":"https:\/\/www.evropskakuca.me\/me\/tatrom-oko-svijeta-br-2-stigla-u-podgoricu\/","title":{"rendered":"\u201eTatrom oko svijeta br. 2\u201c stigla u Podgoricu"},"content":{"rendered":"<p>U subotu 22. februara zanimljiva ekipa pet avanturista iz \u010ce\u0161ke krenula je na put oko svijeta. Marek Havli\u010dek, Petr Hole\u010dek, Katarina Bo\u017ekova, Lucija Vonaskova i Jiri Dvorski sjeli su u jedinstveni \u010de\u0161ki kamion marke Tatra i krenuli u obilazak 69 zemalja svijeta, koji \u0107e trajati pune tri godine.<\/p>\n<p><img fetchpriority=\"high\" decoding=\"async\" class=\"alignnone size-large wp-image-7864\" src=\"http:\/\/www.evropskakuca.me\/wp-content\/uploads\/2020\/03\/Tatrom-oko-svijeta-0203-2020-Ivana-Bozovic-001-4-002-1024x762.jpg\" alt=\"\" width=\"1024\" height=\"762\" \/><\/p>\n<p>\u201eTatru smo izabrali iz prostog razloga, jer je to po nama najbolje prevozno sredstvo, zahvaljuju\u0107i kojem \u0107emo mo\u0107i da stignemo i u najzaba\u010denije krajeve svijeta, te zahvaljuju\u0107i njoj, ne\u0107emo biti osu\u0111eni na kori\u0161tenje isklju\u010divo ravnih asfaltnih puteva\u201d obja\u0161njava Petr.<\/p>\n<p>Nakon deset dana puta, peto\u010dlana ekipa stigla je u Podgoricu. Neobi\u010dno vozilo predstavili su zainteresovanim gra\u0111anima na Trgu Nezavisnosti, dok se petorka potom okupila u EU info centru, kako bi prenijela svoja iskustva i planove.<\/p>\n<p>Tu su nam objasnili i kako su do\u0161li na ovu neobi\u010dnu ideju. Ekspedicija se zove \u201eTatrom oko svijeta br.2\u201c, a broj u imenu nije slu\u010dajan. U pitanju je svojevrsni nastavak legendarnog putovanja oko svijeta, koje je iz tada\u0161nje \u010cehoslova\u010dke krenulo 1987. godine, trajalo tri godine, tokom kojih je ekipa obi\u0161la 67 zemalja i pre\u0161la 140 hiljada kilometara.<\/p>\n<p><img decoding=\"async\" class=\"alignnone size-large wp-image-7866\" src=\"http:\/\/www.evropskakuca.me\/wp-content\/uploads\/2020\/03\/Tatrom-oko-svijeta-0203-2020-Ivana-Bozovic-001-7-002-1024x686.jpg\" alt=\"\" width=\"1024\" height=\"686\" \/><\/p>\n<p>\u201eKako bi sve bilo autenti\u010dnije, kamion Tatra smo kupili od sina tada\u0161njeg voza\u010da ekspedicije Dalibora Petra, a nastavak projekta je nastao uz podr\u0161ku i \u201cblagoslov\u201d jedinog \u017eivog \u010dlana tada\u0161nje ekspedicije, Stanislava Sinka\u201c, obja\u0161njavaju njihovi nasljednici.<\/p>\n<p>Ideja se rodila 2009. godine, kada se se u Angoli sreli Marel Havli\u010dek, koji je u to vrijeme bio na svojem godinu i po dugom proputovanju po Africi i Petar Hole\u010dek, preduzetnik, koji je u Angoli radio sa kamionima Tatra. Prije dvije godine se sa rije\u010di pre\u0161lo na djela, i od tog momenta pa do danas je sve kao na brdskoj stazi \u2013 po\u010dela se ra\u0111ati najve\u0107a putopisna ekspedicija na na\u0161im prostorima u posljednjih 30 godina. Ekspedicija \u0107e prezentovati \u010ce\u0161ku po svijetu, ali \u0107e u istu i prenositi informacije iz najudaljenijih krajeva svijeta.<\/p>\n<p>\u201eDa, \u017eivimo u vremenu interneta i informacijama nema kraja, ali samo \u0161aka ljudi zna kako se \u017eivi u najudaljenijim krajevima Sibira ili pak na najve\u0107im vrhovima Pamira,\u201d obja\u0161njava Petr.<\/p>\n<p>Kamion je prera\u0111en i pobolj\u0161an novim tehnologijama. Ugra\u0111eni su specijalni senzori, koji bilje\u017ee ne samo tehni\u010dke podatke, ve\u0107 i na\u010din vo\u017enje. Na krovu se nalaze \u0161atori, sa specijalnim ekspedicionim du\u0161ecima, koji se prilago\u017eavaju klimatskim promjenama. Ekspediciono vozilo je\u00a0 opremljeno i malom unutra\u0161njom kuhinjom, dva hemijska toaleta, dvije tu\u0161 kabine sa toplom i hladnom vodom. U zadnjem dijelu se nalaze prostorije sa izvla\u010de\u0107im krevetima, stolom i garniturom za sjedenje od koje je mogu\u0107e napraviti jo\u0161 jedno mjesto za spavanje.<\/p>\n<p><img decoding=\"async\" class=\"alignnone size-large wp-image-7868\" src=\"http:\/\/www.evropskakuca.me\/wp-content\/uploads\/2020\/03\/Tatrom-oko-svijeta-0203-2020-Ivana-Bozovic-001-12-002-1024x683.jpg\" alt=\"\" width=\"1024\" height=\"683\" \/><\/p>\n<p>Na palubu Tatre mogu se pridru\u017eiti i ostali zaintereovani, te tako do\u017eivjeti pravu ekspediciju na sopstvenoj ko\u017ei.<\/p>\n<p>\u201eSvaki \u010dlan posade, pa i \u201ccivil\u201d koji se ekspediciji pridru\u017ei \u0107e imati neku svoju funkciju i zadu\u017eenja, te \u0107e na taj na\u010din bio sastavni dio ekipe, bez kojeg cijeli mehanizam ne bi mogao funkcionisati. A kako za ve\u0107inu ljudi nije relno da uzmu npr. dvogodi\u0161nji odmor, cijelo putovanje bi\u0107e podijeljeno na etape, koje \u0107e se smjenjivati svakih 14 dana\u201c, obja\u0161njava Katerina Bo\u017ekova, organizatorka ekspedicije i dodaje: \u201dProjekat je iz velikog dijela finansiran iz na\u0161eg sopstvenog d\u017eepa, zatim slijede na\u0161i partneri a poslednji ali ne i manje zna\u010dajni su ljudi koji su odlu\u010dili da nas podr\u017ee svojim u\u010de\u0161\u0107em u cijeloj ovoj ekspediciji.\u201d.<\/p>\n<p>\u201cTatra oko svijeta 2\u201d krenula je prema istoku. Polovinom oktobra 2020. godine okon\u010da\u0107e svoj prvi dio puta, a tokom tih skoro 9 mjeseci pro\u0107i \u0107e kroz 22 zemlje. Iz Vladivostoka (Rusija) \u0107e vozilo poslati preko okeana, do San Antonija u \u010cileu, odakle \u0107e 2021. godine krenuti u obilazak Ameri\u010dkog kontinenta od juga ka sjeveru. Tre\u0107a i ujedno zavr\u0161na faza 2022. godine bi\u0107e Afrika, poseban \u0161lag na torti za sve \u010dlanove ekspedicije.<\/p>\n<p>Photo: Daily Pobjeda<\/p>\n<p><em><u>\u00a0<\/u><\/em><\/p>\n","protected":false},"excerpt":{"rendered":"<p>Neobi\u010dna ekspedicija \u010de\u0161kih avanturista planira da za tri godine obi\u0111e 69 zemalja <\/p>\n","protected":false},"author":1,"featured_media":35102,"comment_status":"open","ping_status":"open","sticky":false,"template":"","format":"standard","meta":{"_acf_changed":false,"footnotes":""},"categories":[1],"tags":[],"class_list":["post-7861","post","type-post","status-publish","format-standard","has-post-thumbnail","hentry","category-uncategorized"],"acf":[],"yoast_head":"<!-- This site is optimized with the Yoast SEO plugin v27.3 - https:\/\/yoast.com\/product\/yoast-seo-wordpress\/ -->\n<title>\u201eTatrom oko svijeta br. 2\u201c stigla u Podgoricu - Europe House<\/title>\n<meta name=\"robots\" content=\"index, follow, max-snippet:-1, max-image-preview:large, max-video-preview:-1\" \/>\n<link rel=\"canonical\" href=\"https:\/\/www.evropskakuca.me\/me\/tatrom-oko-svijeta-br-2-stigla-u-podgoricu\/\" \/>\n<meta property=\"og:locale\" content=\"en_US\" \/>\n<meta property=\"og:type\" content=\"article\" \/>\n<meta property=\"og:title\" content=\"\u201eTatrom oko svijeta br. 2\u201c stigla u Podgoricu - Europe House\" \/>\n<meta property=\"og:description\" content=\"Neobi\u010dna ekspedicija \u010de\u0161kih avanturista planira da za tri godine obi\u0111e 69 zemalja\" \/>\n<meta property=\"og:url\" content=\"https:\/\/www.evropskakuca.me\/me\/tatrom-oko-svijeta-br-2-stigla-u-podgoricu\/\" \/>\n<meta property=\"og:site_name\" content=\"Europe House\" \/>\n<meta property=\"article:publisher\" content=\"https:\/\/www.facebook.com\/evropska.kuca\" \/>\n<meta property=\"article:published_time\" content=\"2020-03-04T12:40:07+00:00\" \/>\n<meta property=\"og:image\" content=\"https:\/\/www.evropskakuca.me\/wp-content\/uploads\/2020\/03\/Tatrom-oko-svijeta-0203-2020-Ivana-Bozovic-001-1-002-scaled.jpg\" \/>\n\t<meta property=\"og:image:width\" content=\"2560\" \/>\n\t<meta property=\"og:image:height\" content=\"1707\" \/>\n\t<meta property=\"og:image:type\" content=\"image\/jpeg\" \/>\n<meta name=\"author\" content=\"mkajic\" \/>\n<meta name=\"twitter:card\" content=\"summary_large_image\" \/>\n<meta name=\"twitter:creator\" content=\"@evropska_kuca\" \/>\n<meta name=\"twitter:site\" content=\"@evropska_kuca\" \/>\n<meta name=\"twitter:label1\" content=\"Written by\" \/>\n\t<meta name=\"twitter:data1\" content=\"mkajic\" \/>\n\t<meta name=\"twitter:label2\" content=\"Est. reading time\" \/>\n\t<meta name=\"twitter:data2\" content=\"3 minutes\" \/>\n<script type=\"application\/ld+json\" class=\"yoast-schema-graph\">{\"@context\":\"https:\\\/\\\/schema.org\",\"@graph\":[{\"@type\":\"Article\",\"@id\":\"https:\\\/\\\/www.evropskakuca.me\\\/me\\\/tatrom-oko-svijeta-br-2-stigla-u-podgoricu\\\/#article\",\"isPartOf\":{\"@id\":\"https:\\\/\\\/www.evropskakuca.me\\\/me\\\/tatrom-oko-svijeta-br-2-stigla-u-podgoricu\\\/\"},\"author\":{\"name\":\"mkajic\",\"@id\":\"https:\\\/\\\/www.evropskakuca.me\\\/me\\\/#\\\/schema\\\/person\\\/a1d0dcdaefe4a1cd1d60d200ea137ba4\"},\"headline\":\"\u201eTatrom oko svijeta br. 2\u201c stigla u Podgoricu\",\"datePublished\":\"2020-03-04T12:40:07+00:00\",\"mainEntityOfPage\":{\"@id\":\"https:\\\/\\\/www.evropskakuca.me\\\/me\\\/tatrom-oko-svijeta-br-2-stigla-u-podgoricu\\\/\"},\"wordCount\":678,\"commentCount\":0,\"publisher\":{\"@id\":\"https:\\\/\\\/www.evropskakuca.me\\\/me\\\/#organization\"},\"image\":{\"@id\":\"https:\\\/\\\/www.evropskakuca.me\\\/me\\\/tatrom-oko-svijeta-br-2-stigla-u-podgoricu\\\/#primaryimage\"},\"thumbnailUrl\":\"https:\\\/\\\/www.evropskakuca.me\\\/wp-content\\\/uploads\\\/2020\\\/03\\\/Tatrom-oko-svijeta-0203-2020-Ivana-Bozovic-001-1-002-scaled.jpg\",\"inLanguage\":\"me-ME\",\"potentialAction\":[{\"@type\":\"CommentAction\",\"name\":\"Comment\",\"target\":[\"https:\\\/\\\/www.evropskakuca.me\\\/me\\\/tatrom-oko-svijeta-br-2-stigla-u-podgoricu\\\/#respond\"]}]},{\"@type\":\"WebPage\",\"@id\":\"https:\\\/\\\/www.evropskakuca.me\\\/me\\\/tatrom-oko-svijeta-br-2-stigla-u-podgoricu\\\/\",\"url\":\"https:\\\/\\\/www.evropskakuca.me\\\/me\\\/tatrom-oko-svijeta-br-2-stigla-u-podgoricu\\\/\",\"name\":\"\u201eTatrom oko svijeta br. 2\u201c stigla u Podgoricu - Europe House\",\"isPartOf\":{\"@id\":\"https:\\\/\\\/www.evropskakuca.me\\\/me\\\/#website\"},\"primaryImageOfPage\":{\"@id\":\"https:\\\/\\\/www.evropskakuca.me\\\/me\\\/tatrom-oko-svijeta-br-2-stigla-u-podgoricu\\\/#primaryimage\"},\"image\":{\"@id\":\"https:\\\/\\\/www.evropskakuca.me\\\/me\\\/tatrom-oko-svijeta-br-2-stigla-u-podgoricu\\\/#primaryimage\"},\"thumbnailUrl\":\"https:\\\/\\\/www.evropskakuca.me\\\/wp-content\\\/uploads\\\/2020\\\/03\\\/Tatrom-oko-svijeta-0203-2020-Ivana-Bozovic-001-1-002-scaled.jpg\",\"datePublished\":\"2020-03-04T12:40:07+00:00\",\"breadcrumb\":{\"@id\":\"https:\\\/\\\/www.evropskakuca.me\\\/me\\\/tatrom-oko-svijeta-br-2-stigla-u-podgoricu\\\/#breadcrumb\"},\"inLanguage\":\"me-ME\",\"potentialAction\":[{\"@type\":\"ReadAction\",\"target\":[\"https:\\\/\\\/www.evropskakuca.me\\\/me\\\/tatrom-oko-svijeta-br-2-stigla-u-podgoricu\\\/\"]}]},{\"@type\":\"ImageObject\",\"inLanguage\":\"me-ME\",\"@id\":\"https:\\\/\\\/www.evropskakuca.me\\\/me\\\/tatrom-oko-svijeta-br-2-stigla-u-podgoricu\\\/#primaryimage\",\"url\":\"https:\\\/\\\/www.evropskakuca.me\\\/wp-content\\\/uploads\\\/2020\\\/03\\\/Tatrom-oko-svijeta-0203-2020-Ivana-Bozovic-001-1-002-scaled.jpg\",\"contentUrl\":\"https:\\\/\\\/www.evropskakuca.me\\\/wp-content\\\/uploads\\\/2020\\\/03\\\/Tatrom-oko-svijeta-0203-2020-Ivana-Bozovic-001-1-002-scaled.jpg\",\"width\":2560,\"height\":1707},{\"@type\":\"BreadcrumbList\",\"@id\":\"https:\\\/\\\/www.evropskakuca.me\\\/me\\\/tatrom-oko-svijeta-br-2-stigla-u-podgoricu\\\/#breadcrumb\",\"itemListElement\":[{\"@type\":\"ListItem\",\"position\":1,\"name\":\"Home\",\"item\":\"https:\\\/\\\/www.evropskakuca.me\\\/me\\\/\"},{\"@type\":\"ListItem\",\"position\":2,\"name\":\"\u201eTatrom oko svijeta br. 2\u201c stigla u Podgoricu\"}]},{\"@type\":\"WebSite\",\"@id\":\"https:\\\/\\\/www.evropskakuca.me\\\/me\\\/#website\",\"url\":\"https:\\\/\\\/www.evropskakuca.me\\\/me\\\/\",\"name\":\"Evropean house\",\"description\":\"\",\"publisher\":{\"@id\":\"https:\\\/\\\/www.evropskakuca.me\\\/me\\\/#organization\"},\"potentialAction\":[{\"@type\":\"SearchAction\",\"target\":{\"@type\":\"EntryPoint\",\"urlTemplate\":\"https:\\\/\\\/www.evropskakuca.me\\\/me\\\/?s={search_term_string}\"},\"query-input\":{\"@type\":\"PropertyValueSpecification\",\"valueRequired\":true,\"valueName\":\"search_term_string\"}}],\"inLanguage\":\"me-ME\"},{\"@type\":\"Organization\",\"@id\":\"https:\\\/\\\/www.evropskakuca.me\\\/me\\\/#organization\",\"name\":\"Evropean house\",\"url\":\"https:\\\/\\\/www.evropskakuca.me\\\/me\\\/\",\"logo\":{\"@type\":\"ImageObject\",\"inLanguage\":\"me-ME\",\"@id\":\"https:\\\/\\\/www.evropskakuca.me\\\/me\\\/#\\\/schema\\\/logo\\\/image\\\/\",\"url\":\"https:\\\/\\\/www.evropskakuca.me\\\/wp-content\\\/uploads\\\/2025\\\/01\\\/evropska-kuca-logo-1.png\",\"contentUrl\":\"https:\\\/\\\/www.evropskakuca.me\\\/wp-content\\\/uploads\\\/2025\\\/01\\\/evropska-kuca-logo-1.png\",\"width\":425,\"height\":312,\"caption\":\"Evropean house\"},\"image\":{\"@id\":\"https:\\\/\\\/www.evropskakuca.me\\\/me\\\/#\\\/schema\\\/logo\\\/image\\\/\"},\"sameAs\":[\"https:\\\/\\\/www.facebook.com\\\/evropska.kuca\",\"https:\\\/\\\/x.com\\\/evropska_kuca\",\"https:\\\/\\\/www.instagram.com\\\/evropska_kuca\"]},{\"@type\":\"Person\",\"@id\":\"https:\\\/\\\/www.evropskakuca.me\\\/me\\\/#\\\/schema\\\/person\\\/a1d0dcdaefe4a1cd1d60d200ea137ba4\",\"name\":\"mkajic\",\"image\":{\"@type\":\"ImageObject\",\"inLanguage\":\"me-ME\",\"@id\":\"https:\\\/\\\/secure.gravatar.com\\\/avatar\\\/731fa035cefab7316e6bafd1f25a93fb731a07de14e2d9923f8db4422628eabc?s=96&d=mm&r=g\",\"url\":\"https:\\\/\\\/secure.gravatar.com\\\/avatar\\\/731fa035cefab7316e6bafd1f25a93fb731a07de14e2d9923f8db4422628eabc?s=96&d=mm&r=g\",\"contentUrl\":\"https:\\\/\\\/secure.gravatar.com\\\/avatar\\\/731fa035cefab7316e6bafd1f25a93fb731a07de14e2d9923f8db4422628eabc?s=96&d=mm&r=g\",\"caption\":\"mkajic\"},\"sameAs\":[\"https:\\\/\\\/evropskakuca.me\"],\"url\":\"https:\\\/\\\/www.evropskakuca.me\\\/me\\\/author\\\/mkajic\\\/\"}]}<\/script>\n<!-- \/ Yoast SEO plugin. -->","yoast_head_json":{"title":"\u201eTatrom oko svijeta br. 2\u201c stigla u Podgoricu - Europe House","robots":{"index":"index","follow":"follow","max-snippet":"max-snippet:-1","max-image-preview":"max-image-preview:large","max-video-preview":"max-video-preview:-1"},"canonical":"https:\/\/www.evropskakuca.me\/me\/tatrom-oko-svijeta-br-2-stigla-u-podgoricu\/","og_locale":"en_US","og_type":"article","og_title":"\u201eTatrom oko svijeta br. 2\u201c stigla u Podgoricu - Europe House","og_description":"Neobi\u010dna ekspedicija \u010de\u0161kih avanturista planira da za tri godine obi\u0111e 69 zemalja","og_url":"https:\/\/www.evropskakuca.me\/me\/tatrom-oko-svijeta-br-2-stigla-u-podgoricu\/","og_site_name":"Europe House","article_publisher":"https:\/\/www.facebook.com\/evropska.kuca","article_published_time":"2020-03-04T12:40:07+00:00","og_image":[{"width":2560,"height":1707,"url":"https:\/\/www.evropskakuca.me\/wp-content\/uploads\/2020\/03\/Tatrom-oko-svijeta-0203-2020-Ivana-Bozovic-001-1-002-scaled.jpg","type":"image\/jpeg"}],"author":"mkajic","twitter_card":"summary_large_image","twitter_creator":"@evropska_kuca","twitter_site":"@evropska_kuca","twitter_misc":{"Written by":"mkajic","Est. reading time":"3 minutes"},"schema":{"@context":"https:\/\/schema.org","@graph":[{"@type":"Article","@id":"https:\/\/www.evropskakuca.me\/me\/tatrom-oko-svijeta-br-2-stigla-u-podgoricu\/#article","isPartOf":{"@id":"https:\/\/www.evropskakuca.me\/me\/tatrom-oko-svijeta-br-2-stigla-u-podgoricu\/"},"author":{"name":"mkajic","@id":"https:\/\/www.evropskakuca.me\/me\/#\/schema\/person\/a1d0dcdaefe4a1cd1d60d200ea137ba4"},"headline":"\u201eTatrom oko svijeta br. 2\u201c stigla u Podgoricu","datePublished":"2020-03-04T12:40:07+00:00","mainEntityOfPage":{"@id":"https:\/\/www.evropskakuca.me\/me\/tatrom-oko-svijeta-br-2-stigla-u-podgoricu\/"},"wordCount":678,"commentCount":0,"publisher":{"@id":"https:\/\/www.evropskakuca.me\/me\/#organization"},"image":{"@id":"https:\/\/www.evropskakuca.me\/me\/tatrom-oko-svijeta-br-2-stigla-u-podgoricu\/#primaryimage"},"thumbnailUrl":"https:\/\/www.evropskakuca.me\/wp-content\/uploads\/2020\/03\/Tatrom-oko-svijeta-0203-2020-Ivana-Bozovic-001-1-002-scaled.jpg","inLanguage":"me-ME","potentialAction":[{"@type":"CommentAction","name":"Comment","target":["https:\/\/www.evropskakuca.me\/me\/tatrom-oko-svijeta-br-2-stigla-u-podgoricu\/#respond"]}]},{"@type":"WebPage","@id":"https:\/\/www.evropskakuca.me\/me\/tatrom-oko-svijeta-br-2-stigla-u-podgoricu\/","url":"https:\/\/www.evropskakuca.me\/me\/tatrom-oko-svijeta-br-2-stigla-u-podgoricu\/","name":"\u201eTatrom oko svijeta br. 2\u201c stigla u Podgoricu - Europe House","isPartOf":{"@id":"https:\/\/www.evropskakuca.me\/me\/#website"},"primaryImageOfPage":{"@id":"https:\/\/www.evropskakuca.me\/me\/tatrom-oko-svijeta-br-2-stigla-u-podgoricu\/#primaryimage"},"image":{"@id":"https:\/\/www.evropskakuca.me\/me\/tatrom-oko-svijeta-br-2-stigla-u-podgoricu\/#primaryimage"},"thumbnailUrl":"https:\/\/www.evropskakuca.me\/wp-content\/uploads\/2020\/03\/Tatrom-oko-svijeta-0203-2020-Ivana-Bozovic-001-1-002-scaled.jpg","datePublished":"2020-03-04T12:40:07+00:00","breadcrumb":{"@id":"https:\/\/www.evropskakuca.me\/me\/tatrom-oko-svijeta-br-2-stigla-u-podgoricu\/#breadcrumb"},"inLanguage":"me-ME","potentialAction":[{"@type":"ReadAction","target":["https:\/\/www.evropskakuca.me\/me\/tatrom-oko-svijeta-br-2-stigla-u-podgoricu\/"]}]},{"@type":"ImageObject","inLanguage":"me-ME","@id":"https:\/\/www.evropskakuca.me\/me\/tatrom-oko-svijeta-br-2-stigla-u-podgoricu\/#primaryimage","url":"https:\/\/www.evropskakuca.me\/wp-content\/uploads\/2020\/03\/Tatrom-oko-svijeta-0203-2020-Ivana-Bozovic-001-1-002-scaled.jpg","contentUrl":"https:\/\/www.evropskakuca.me\/wp-content\/uploads\/2020\/03\/Tatrom-oko-svijeta-0203-2020-Ivana-Bozovic-001-1-002-scaled.jpg","width":2560,"height":1707},{"@type":"BreadcrumbList","@id":"https:\/\/www.evropskakuca.me\/me\/tatrom-oko-svijeta-br-2-stigla-u-podgoricu\/#breadcrumb","itemListElement":[{"@type":"ListItem","position":1,"name":"Home","item":"https:\/\/www.evropskakuca.me\/me\/"},{"@type":"ListItem","position":2,"name":"\u201eTatrom oko svijeta br. 2\u201c stigla u Podgoricu"}]},{"@type":"WebSite","@id":"https:\/\/www.evropskakuca.me\/me\/#website","url":"https:\/\/www.evropskakuca.me\/me\/","name":"Evropean house","description":"","publisher":{"@id":"https:\/\/www.evropskakuca.me\/me\/#organization"},"potentialAction":[{"@type":"SearchAction","target":{"@type":"EntryPoint","urlTemplate":"https:\/\/www.evropskakuca.me\/me\/?s={search_term_string}"},"query-input":{"@type":"PropertyValueSpecification","valueRequired":true,"valueName":"search_term_string"}}],"inLanguage":"me-ME"},{"@type":"Organization","@id":"https:\/\/www.evropskakuca.me\/me\/#organization","name":"Evropean house","url":"https:\/\/www.evropskakuca.me\/me\/","logo":{"@type":"ImageObject","inLanguage":"me-ME","@id":"https:\/\/www.evropskakuca.me\/me\/#\/schema\/logo\/image\/","url":"https:\/\/www.evropskakuca.me\/wp-content\/uploads\/2025\/01\/evropska-kuca-logo-1.png","contentUrl":"https:\/\/www.evropskakuca.me\/wp-content\/uploads\/2025\/01\/evropska-kuca-logo-1.png","width":425,"height":312,"caption":"Evropean house"},"image":{"@id":"https:\/\/www.evropskakuca.me\/me\/#\/schema\/logo\/image\/"},"sameAs":["https:\/\/www.facebook.com\/evropska.kuca","https:\/\/x.com\/evropska_kuca","https:\/\/www.instagram.com\/evropska_kuca"]},{"@type":"Person","@id":"https:\/\/www.evropskakuca.me\/me\/#\/schema\/person\/a1d0dcdaefe4a1cd1d60d200ea137ba4","name":"mkajic","image":{"@type":"ImageObject","inLanguage":"me-ME","@id":"https:\/\/secure.gravatar.com\/avatar\/731fa035cefab7316e6bafd1f25a93fb731a07de14e2d9923f8db4422628eabc?s=96&d=mm&r=g","url":"https:\/\/secure.gravatar.com\/avatar\/731fa035cefab7316e6bafd1f25a93fb731a07de14e2d9923f8db4422628eabc?s=96&d=mm&r=g","contentUrl":"https:\/\/secure.gravatar.com\/avatar\/731fa035cefab7316e6bafd1f25a93fb731a07de14e2d9923f8db4422628eabc?s=96&d=mm&r=g","caption":"mkajic"},"sameAs":["https:\/\/evropskakuca.me"],"url":"https:\/\/www.evropskakuca.me\/me\/author\/mkajic\/"}]}},"_links":{"self":[{"href":"https:\/\/www.evropskakuca.me\/me\/wp-json\/wp\/v2\/posts\/7861","targetHints":{"allow":["GET"]}}],"collection":[{"href":"https:\/\/www.evropskakuca.me\/me\/wp-json\/wp\/v2\/posts"}],"about":[{"href":"https:\/\/www.evropskakuca.me\/me\/wp-json\/wp\/v2\/types\/post"}],"author":[{"embeddable":true,"href":"https:\/\/www.evropskakuca.me\/me\/wp-json\/wp\/v2\/users\/1"}],"replies":[{"embeddable":true,"href":"https:\/\/www.evropskakuca.me\/me\/wp-json\/wp\/v2\/comments?post=7861"}],"version-history":[{"count":0,"href":"https:\/\/www.evropskakuca.me\/me\/wp-json\/wp\/v2\/posts\/7861\/revisions"}],"wp:featuredmedia":[{"embeddable":true,"href":"https:\/\/www.evropskakuca.me\/me\/wp-json\/wp\/v2\/media\/35102"}],"wp:attachment":[{"href":"https:\/\/www.evropskakuca.me\/me\/wp-json\/wp\/v2\/media?parent=7861"}],"wp:term":[{"taxonomy":"category","embeddable":true,"href":"https:\/\/www.evropskakuca.me\/me\/wp-json\/wp\/v2\/categories?post=7861"},{"taxonomy":"post_tag","embeddable":true,"href":"https:\/\/www.evropskakuca.me\/me\/wp-json\/wp\/v2\/tags?post=7861"}],"curies":[{"name":"wp","href":"https:\/\/api.w.org\/{rel}","templated":true}]}}