{"id":7839,"date":"2020-03-03T09:09:41","date_gmt":"2020-03-03T09:09:41","guid":{"rendered":"http:\/\/www.evropskakuca.me\/?p=7839"},"modified":"2020-03-03T09:09:41","modified_gmt":"2020-03-03T09:09:41","slug":"zahvaljujuci-podrsi-eu-svoj-posao-pokrenula-94-nezaposlena-lica","status":"publish","type":"post","link":"https:\/\/www.evropskakuca.me\/me\/zahvaljujuci-podrsi-eu-svoj-posao-pokrenula-94-nezaposlena-lica\/","title":{"rendered":"Zahvaljuju\u0107i podr\u0161ci EU, svoj posao pokrenula 94 nezaposlena lica"},"content":{"rendered":"<p>Bojana Perovi\u0107 iz Nik\u0161i\u0107a godinama se iz hobija bavi proizvodnjom suvenira i nakita. Njen san je bio da pokrene sopstveni biznis, ali joj je, obja\u0161njava ona, uvijek nedostajalo novca. Zato je odlu\u010dila da se prijavi za projekat \u201eProgram grantova za samozapo\u0161ljavanje\u201c, u okviru kojeg je dobila bespovratna sredstva iz EU fondova.<\/p>\n<p><img fetchpriority=\"high\" decoding=\"async\" class=\"alignnone size-large wp-image-7842\" src=\"http:\/\/www.evropskakuca.me\/wp-content\/uploads\/2020\/03\/bojana-002-1024x683.jpeg\" alt=\"\" width=\"1024\" height=\"683\" \/><\/p>\n<p>\u201eDobila sam maksimalni iznos od sedam i po hiljada eura, koje \u0107u iskoristiti za otvaranje svoje firme za automatizaciju proizvodnje suvenira. U po\u010detkku \u0107u zaposliti \u010dlanove familije, a nadam se da \u0107e mi u budu\u0107nosti biti potrebna i dodatna pomo\u0107 u vidu radne snage\u201c, obja\u0161njava Bojana i dodaje: \u201eOvo je stvarno prilika koju nisam htjela i nisam smjela da propustim. To je bio moj san i podr\u0161ka je do\u0161la u pravi \u010das. Prema biznis planu, obavezno je da firma traje makar godinu, ali ja se nadam da \u0107e ovo biti dugoro\u010dna pri\u010da.\u201c<\/p>\n<p>Bojana je jedna od 94 nezaposlene osobe, koje su dobile bespovratna sredstva od tri do 7 i po hiljada eura iz fondova Evropske unije, kako bi pokrenule sopstveni posao. \u201eProgram grantova za samozapo\u0161ljavanje\u201c ukupno je vrijedan tri i po miliona eura. Dobitnici grantova su u EU info centru potpisali ugovore, a sve\u010danosti je prisustvovao \u0161ef Sektora za saradnju u delegaciji EU u Crnoj Gori, Herman \u0160pic.<strong> \u00a0<\/strong><\/p>\n<p><img decoding=\"async\" class=\"alignnone size-large wp-image-7844\" src=\"http:\/\/www.evropskakuca.me\/wp-content\/uploads\/2020\/03\/Herman-002-1024x709.jpeg\" alt=\"\" width=\"1024\" height=\"709\" \/><\/p>\n<p>\u201eOva bespovratna sredstva posebno \u0107e podr\u017eati ranjive grupe, stvoriti nove biznise i otvoriti nova radna mjesta za \u017eene, mlade i dugoro\u010dno nezaposlene. Gotovo polovinu korisnika grantova \u010dine \u017eene, \u0161to je veliki uspjeh. Tako\u0111e je veoma ohrabruju\u0107e \u0161to je prili\u010dan broj ovih grantova dodijeljen novim preduzetnicima na sjeveru Crne Gore. Ovo je bitno jer \u0107e uticati na zna\u010dajne razlike u stopama aktivnosti me\u0111u regijama. Me\u0111utim, u budu\u0107im pozivima za dostavljanje predloga projekata moramo nastojati da anga\u017eujemo vi\u0161e mladih\u201c, poru\u010dio je \u0160pic.<\/p>\n<p>Korisnicima \u0107e, u roku od 30 dana, biti direktno upla\u0107en iznos do 80 odsto sredstava. Preostali dio bi\u0107e im upla\u0107en nakon dostavljanja dokaznih dokumenata o prihvatljivim tro\u0161kovim, nastalim tokom izvo\u0111enja projekta, koji \u0107e potvrditi da dobitnici namjenski tro\u0161e dobijena sredstva, objasnio je direktor Zavoda za zapo\u0161ljavanje Suljo Mustafi\u0107.<\/p>\n<p><img decoding=\"async\" class=\"alignnone size-large wp-image-7846\" src=\"http:\/\/www.evropskakuca.me\/wp-content\/uploads\/2020\/03\/suljo-002-1024x696.jpeg\" alt=\"\" width=\"1024\" height=\"696\" \/><\/p>\n<p>\u201eKorisnicima granta \u017eelim mnogo uspjeha pri realizaciji biznis ideje. U ovu pri\u010du ste u\u0161li kao nezaposlene osobe sa evidencije Zavoda. Danas ste, zahvaljuju\u0107i podr\u0161ci evropskih fondova, budu\u0107i preduzetnici,\u201c poru\u010dio je Mustafi\u0107 i dodao \u201ePosebnu zahvalnost \u017eelim iskazati Evropskoj uniji koja poma\u017ee budu\u0107e preduzetnike u na\u0161oj dr\u017eavi. Posrijedi je nastavak uspje\u0161ne saradnje izme\u0111u Evropske komisije i Vlade Crne Gore, u ovoj oblasti. Na ovaj na\u010din EU doprinosi pove\u0107anju zaposlenosti, podsticanju preduzetni\u0161tva odnosno stvaranju preduslova za otvaranje novih radnih mjesta.\u201c<\/p>\n<p>Ovaj projekat dio je ve\u0107eg, 18 miliona eura vrijednog Programa EU-CG za zapo\u0161ljavanje, obrazovanje i socijalnu za\u0161titu. Program finansira EU, a koordinira Ministarstvo rada i socijalnog staranja, dok je ugovara\u010dka institucija Ministarstvo finansija odnosno Direktorat za ugovaranje i finansiranje EU pomo\u0107i.<\/p>\n<p><img loading=\"lazy\" decoding=\"async\" class=\"alignnone size-large wp-image-7848\" src=\"http:\/\/www.evropskakuca.me\/wp-content\/uploads\/2020\/03\/TpOpDEe-002-1024x683.jpeg\" alt=\"\" width=\"1024\" height=\"683\" \/><\/p>\n<p>\u201eUskoro c\u0301e biti pokrenuta druga \u0161ema grantova u ovoj oblasti i bic\u0301e dostupno vi\u0161e novca. Dozvolite mi da iskoristim ovu priliku da podsjetim na transparentnost i jednak tretman. Podr\u0161ka EU Crnoj Gori kontinuirani je proces i ne prestaje u izbornoj godini, jer su izbori dio demokratske rutine. Me\u0111utim, iako se sredstva EU usmjeravaju kroz vladina tijela, EU ne mo\u017ee, ne smije i ne \u017eeli favorizirati nijedan odre\u0111eni politi\u010dki pravac. Zato moram da insistiram na tome da c\u0301e i drugi poziv biti sproveden u skladu sa najvi\u0161im standardima transparentnosti i jednakog tretiranja kandidata. Sredstva EU mogu se dodijeliti samo najbolje ocenjenim prijavama koje se ocenjuju prema skupu jasno definisanih kriterijuma. Mi tra\u017eimo od na\u0161ih partnera koji sprovode da po\u0161tuju pravila EU na isti na\u010din kao i mi\u201d, kazao je \u0160pic.<\/p>\n<p>Drugi javni poziv, za Program grantova za samozapo\u0161ljavanje, bi\u0107e objavljen 30. marta. Pravo da se prijavi ima\u0107e svako nezaposleno lica koje je evidenciji ZZZ, najmanje \u010detiri mjeseca, na dan objave poziva.<\/p>\n<p>&nbsp;<\/p>\n","protected":false},"excerpt":{"rendered":"<p>Uskoro novi poziv u okviru \u201eProgram grantova za samozapo\u0161ljavanje\u201c, koji je ukupno vrijedan 3 i po miliona eura<\/p>\n","protected":false},"author":1,"featured_media":0,"comment_status":"open","ping_status":"open","sticky":false,"template":"","format":"standard","meta":{"_acf_changed":false,"footnotes":""},"categories":[1],"tags":[],"class_list":["post-7839","post","type-post","status-publish","format-standard","hentry","category-uncategorized"],"acf":[],"yoast_head":"<!-- This site is optimized with the Yoast SEO plugin v27.3 - https:\/\/yoast.com\/product\/yoast-seo-wordpress\/ -->\n<title>Zahvaljuju\u0107i podr\u0161ci EU, svoj posao pokrenula 94 nezaposlena lica - Europe House<\/title>\n<meta name=\"robots\" content=\"index, follow, max-snippet:-1, max-image-preview:large, max-video-preview:-1\" \/>\n<link rel=\"canonical\" href=\"https:\/\/www.evropskakuca.me\/me\/zahvaljujuci-podrsi-eu-svoj-posao-pokrenula-94-nezaposlena-lica\/\" \/>\n<meta property=\"og:locale\" content=\"en_US\" \/>\n<meta property=\"og:type\" content=\"article\" \/>\n<meta property=\"og:title\" content=\"Zahvaljuju\u0107i podr\u0161ci EU, svoj posao pokrenula 94 nezaposlena lica - Europe House\" \/>\n<meta property=\"og:description\" content=\"Uskoro novi poziv u okviru \u201eProgram grantova za samozapo\u0161ljavanje\u201c, koji je ukupno vrijedan 3 i po miliona eura\" \/>\n<meta property=\"og:url\" content=\"https:\/\/www.evropskakuca.me\/me\/zahvaljujuci-podrsi-eu-svoj-posao-pokrenula-94-nezaposlena-lica\/\" \/>\n<meta property=\"og:site_name\" content=\"Europe House\" \/>\n<meta property=\"article:publisher\" content=\"https:\/\/www.facebook.com\/evropska.kuca\" \/>\n<meta property=\"article:published_time\" content=\"2020-03-03T09:09:41+00:00\" \/>\n<meta property=\"og:image\" content=\"http:\/\/www.evropskakuca.me\/wp-content\/uploads\/2020\/03\/bojana-002-1024x683.jpeg\" \/>\n<meta name=\"author\" content=\"mkajic\" \/>\n<meta name=\"twitter:card\" content=\"summary_large_image\" \/>\n<meta name=\"twitter:creator\" content=\"@evropska_kuca\" \/>\n<meta name=\"twitter:site\" content=\"@evropska_kuca\" \/>\n<meta name=\"twitter:label1\" content=\"Written by\" \/>\n\t<meta name=\"twitter:data1\" content=\"mkajic\" \/>\n\t<meta name=\"twitter:label2\" content=\"Est. reading time\" \/>\n\t<meta name=\"twitter:data2\" content=\"3 minutes\" \/>\n<script type=\"application\/ld+json\" class=\"yoast-schema-graph\">{\"@context\":\"https:\\\/\\\/schema.org\",\"@graph\":[{\"@type\":\"Article\",\"@id\":\"https:\\\/\\\/www.evropskakuca.me\\\/me\\\/zahvaljujuci-podrsi-eu-svoj-posao-pokrenula-94-nezaposlena-lica\\\/#article\",\"isPartOf\":{\"@id\":\"https:\\\/\\\/www.evropskakuca.me\\\/me\\\/zahvaljujuci-podrsi-eu-svoj-posao-pokrenula-94-nezaposlena-lica\\\/\"},\"author\":{\"name\":\"mkajic\",\"@id\":\"https:\\\/\\\/www.evropskakuca.me\\\/me\\\/#\\\/schema\\\/person\\\/a1d0dcdaefe4a1cd1d60d200ea137ba4\"},\"headline\":\"Zahvaljuju\u0107i podr\u0161ci EU, svoj posao pokrenula 94 nezaposlena lica\",\"datePublished\":\"2020-03-03T09:09:41+00:00\",\"mainEntityOfPage\":{\"@id\":\"https:\\\/\\\/www.evropskakuca.me\\\/me\\\/zahvaljujuci-podrsi-eu-svoj-posao-pokrenula-94-nezaposlena-lica\\\/\"},\"wordCount\":691,\"commentCount\":0,\"publisher\":{\"@id\":\"https:\\\/\\\/www.evropskakuca.me\\\/me\\\/#organization\"},\"image\":{\"@id\":\"https:\\\/\\\/www.evropskakuca.me\\\/me\\\/zahvaljujuci-podrsi-eu-svoj-posao-pokrenula-94-nezaposlena-lica\\\/#primaryimage\"},\"thumbnailUrl\":\"http:\\\/\\\/www.evropskakuca.me\\\/wp-content\\\/uploads\\\/2020\\\/03\\\/bojana-002-1024x683.jpeg\",\"inLanguage\":\"me-ME\",\"potentialAction\":[{\"@type\":\"CommentAction\",\"name\":\"Comment\",\"target\":[\"https:\\\/\\\/www.evropskakuca.me\\\/me\\\/zahvaljujuci-podrsi-eu-svoj-posao-pokrenula-94-nezaposlena-lica\\\/#respond\"]}]},{\"@type\":\"WebPage\",\"@id\":\"https:\\\/\\\/www.evropskakuca.me\\\/me\\\/zahvaljujuci-podrsi-eu-svoj-posao-pokrenula-94-nezaposlena-lica\\\/\",\"url\":\"https:\\\/\\\/www.evropskakuca.me\\\/me\\\/zahvaljujuci-podrsi-eu-svoj-posao-pokrenula-94-nezaposlena-lica\\\/\",\"name\":\"Zahvaljuju\u0107i podr\u0161ci EU, svoj posao pokrenula 94 nezaposlena lica - Europe House\",\"isPartOf\":{\"@id\":\"https:\\\/\\\/www.evropskakuca.me\\\/me\\\/#website\"},\"primaryImageOfPage\":{\"@id\":\"https:\\\/\\\/www.evropskakuca.me\\\/me\\\/zahvaljujuci-podrsi-eu-svoj-posao-pokrenula-94-nezaposlena-lica\\\/#primaryimage\"},\"image\":{\"@id\":\"https:\\\/\\\/www.evropskakuca.me\\\/me\\\/zahvaljujuci-podrsi-eu-svoj-posao-pokrenula-94-nezaposlena-lica\\\/#primaryimage\"},\"thumbnailUrl\":\"http:\\\/\\\/www.evropskakuca.me\\\/wp-content\\\/uploads\\\/2020\\\/03\\\/bojana-002-1024x683.jpeg\",\"datePublished\":\"2020-03-03T09:09:41+00:00\",\"breadcrumb\":{\"@id\":\"https:\\\/\\\/www.evropskakuca.me\\\/me\\\/zahvaljujuci-podrsi-eu-svoj-posao-pokrenula-94-nezaposlena-lica\\\/#breadcrumb\"},\"inLanguage\":\"me-ME\",\"potentialAction\":[{\"@type\":\"ReadAction\",\"target\":[\"https:\\\/\\\/www.evropskakuca.me\\\/me\\\/zahvaljujuci-podrsi-eu-svoj-posao-pokrenula-94-nezaposlena-lica\\\/\"]}]},{\"@type\":\"ImageObject\",\"inLanguage\":\"me-ME\",\"@id\":\"https:\\\/\\\/www.evropskakuca.me\\\/me\\\/zahvaljujuci-podrsi-eu-svoj-posao-pokrenula-94-nezaposlena-lica\\\/#primaryimage\",\"url\":\"http:\\\/\\\/www.evropskakuca.me\\\/wp-content\\\/uploads\\\/2020\\\/03\\\/bojana-002-1024x683.jpeg\",\"contentUrl\":\"http:\\\/\\\/www.evropskakuca.me\\\/wp-content\\\/uploads\\\/2020\\\/03\\\/bojana-002-1024x683.jpeg\"},{\"@type\":\"BreadcrumbList\",\"@id\":\"https:\\\/\\\/www.evropskakuca.me\\\/me\\\/zahvaljujuci-podrsi-eu-svoj-posao-pokrenula-94-nezaposlena-lica\\\/#breadcrumb\",\"itemListElement\":[{\"@type\":\"ListItem\",\"position\":1,\"name\":\"Home\",\"item\":\"https:\\\/\\\/www.evropskakuca.me\\\/me\\\/\"},{\"@type\":\"ListItem\",\"position\":2,\"name\":\"Zahvaljuju\u0107i podr\u0161ci EU, svoj posao pokrenula 94 nezaposlena lica\"}]},{\"@type\":\"WebSite\",\"@id\":\"https:\\\/\\\/www.evropskakuca.me\\\/me\\\/#website\",\"url\":\"https:\\\/\\\/www.evropskakuca.me\\\/me\\\/\",\"name\":\"Evropean house\",\"description\":\"\",\"publisher\":{\"@id\":\"https:\\\/\\\/www.evropskakuca.me\\\/me\\\/#organization\"},\"potentialAction\":[{\"@type\":\"SearchAction\",\"target\":{\"@type\":\"EntryPoint\",\"urlTemplate\":\"https:\\\/\\\/www.evropskakuca.me\\\/me\\\/?s={search_term_string}\"},\"query-input\":{\"@type\":\"PropertyValueSpecification\",\"valueRequired\":true,\"valueName\":\"search_term_string\"}}],\"inLanguage\":\"me-ME\"},{\"@type\":\"Organization\",\"@id\":\"https:\\\/\\\/www.evropskakuca.me\\\/me\\\/#organization\",\"name\":\"Evropean house\",\"url\":\"https:\\\/\\\/www.evropskakuca.me\\\/me\\\/\",\"logo\":{\"@type\":\"ImageObject\",\"inLanguage\":\"me-ME\",\"@id\":\"https:\\\/\\\/www.evropskakuca.me\\\/me\\\/#\\\/schema\\\/logo\\\/image\\\/\",\"url\":\"https:\\\/\\\/www.evropskakuca.me\\\/wp-content\\\/uploads\\\/2025\\\/01\\\/evropska-kuca-logo-1.png\",\"contentUrl\":\"https:\\\/\\\/www.evropskakuca.me\\\/wp-content\\\/uploads\\\/2025\\\/01\\\/evropska-kuca-logo-1.png\",\"width\":425,\"height\":312,\"caption\":\"Evropean house\"},\"image\":{\"@id\":\"https:\\\/\\\/www.evropskakuca.me\\\/me\\\/#\\\/schema\\\/logo\\\/image\\\/\"},\"sameAs\":[\"https:\\\/\\\/www.facebook.com\\\/evropska.kuca\",\"https:\\\/\\\/x.com\\\/evropska_kuca\",\"https:\\\/\\\/www.instagram.com\\\/evropska_kuca\"]},{\"@type\":\"Person\",\"@id\":\"https:\\\/\\\/www.evropskakuca.me\\\/me\\\/#\\\/schema\\\/person\\\/a1d0dcdaefe4a1cd1d60d200ea137ba4\",\"name\":\"mkajic\",\"image\":{\"@type\":\"ImageObject\",\"inLanguage\":\"me-ME\",\"@id\":\"https:\\\/\\\/secure.gravatar.com\\\/avatar\\\/731fa035cefab7316e6bafd1f25a93fb731a07de14e2d9923f8db4422628eabc?s=96&d=mm&r=g\",\"url\":\"https:\\\/\\\/secure.gravatar.com\\\/avatar\\\/731fa035cefab7316e6bafd1f25a93fb731a07de14e2d9923f8db4422628eabc?s=96&d=mm&r=g\",\"contentUrl\":\"https:\\\/\\\/secure.gravatar.com\\\/avatar\\\/731fa035cefab7316e6bafd1f25a93fb731a07de14e2d9923f8db4422628eabc?s=96&d=mm&r=g\",\"caption\":\"mkajic\"},\"sameAs\":[\"https:\\\/\\\/evropskakuca.me\"],\"url\":\"https:\\\/\\\/www.evropskakuca.me\\\/me\\\/author\\\/mkajic\\\/\"}]}<\/script>\n<!-- \/ Yoast SEO plugin. -->","yoast_head_json":{"title":"Zahvaljuju\u0107i podr\u0161ci EU, svoj posao pokrenula 94 nezaposlena lica - Europe House","robots":{"index":"index","follow":"follow","max-snippet":"max-snippet:-1","max-image-preview":"max-image-preview:large","max-video-preview":"max-video-preview:-1"},"canonical":"https:\/\/www.evropskakuca.me\/me\/zahvaljujuci-podrsi-eu-svoj-posao-pokrenula-94-nezaposlena-lica\/","og_locale":"en_US","og_type":"article","og_title":"Zahvaljuju\u0107i podr\u0161ci EU, svoj posao pokrenula 94 nezaposlena lica - Europe House","og_description":"Uskoro novi poziv u okviru \u201eProgram grantova za samozapo\u0161ljavanje\u201c, koji je ukupno vrijedan 3 i po miliona eura","og_url":"https:\/\/www.evropskakuca.me\/me\/zahvaljujuci-podrsi-eu-svoj-posao-pokrenula-94-nezaposlena-lica\/","og_site_name":"Europe House","article_publisher":"https:\/\/www.facebook.com\/evropska.kuca","article_published_time":"2020-03-03T09:09:41+00:00","og_image":[{"url":"http:\/\/www.evropskakuca.me\/wp-content\/uploads\/2020\/03\/bojana-002-1024x683.jpeg","type":"","width":"","height":""}],"author":"mkajic","twitter_card":"summary_large_image","twitter_creator":"@evropska_kuca","twitter_site":"@evropska_kuca","twitter_misc":{"Written by":"mkajic","Est. reading time":"3 minutes"},"schema":{"@context":"https:\/\/schema.org","@graph":[{"@type":"Article","@id":"https:\/\/www.evropskakuca.me\/me\/zahvaljujuci-podrsi-eu-svoj-posao-pokrenula-94-nezaposlena-lica\/#article","isPartOf":{"@id":"https:\/\/www.evropskakuca.me\/me\/zahvaljujuci-podrsi-eu-svoj-posao-pokrenula-94-nezaposlena-lica\/"},"author":{"name":"mkajic","@id":"https:\/\/www.evropskakuca.me\/me\/#\/schema\/person\/a1d0dcdaefe4a1cd1d60d200ea137ba4"},"headline":"Zahvaljuju\u0107i podr\u0161ci EU, svoj posao pokrenula 94 nezaposlena lica","datePublished":"2020-03-03T09:09:41+00:00","mainEntityOfPage":{"@id":"https:\/\/www.evropskakuca.me\/me\/zahvaljujuci-podrsi-eu-svoj-posao-pokrenula-94-nezaposlena-lica\/"},"wordCount":691,"commentCount":0,"publisher":{"@id":"https:\/\/www.evropskakuca.me\/me\/#organization"},"image":{"@id":"https:\/\/www.evropskakuca.me\/me\/zahvaljujuci-podrsi-eu-svoj-posao-pokrenula-94-nezaposlena-lica\/#primaryimage"},"thumbnailUrl":"http:\/\/www.evropskakuca.me\/wp-content\/uploads\/2020\/03\/bojana-002-1024x683.jpeg","inLanguage":"me-ME","potentialAction":[{"@type":"CommentAction","name":"Comment","target":["https:\/\/www.evropskakuca.me\/me\/zahvaljujuci-podrsi-eu-svoj-posao-pokrenula-94-nezaposlena-lica\/#respond"]}]},{"@type":"WebPage","@id":"https:\/\/www.evropskakuca.me\/me\/zahvaljujuci-podrsi-eu-svoj-posao-pokrenula-94-nezaposlena-lica\/","url":"https:\/\/www.evropskakuca.me\/me\/zahvaljujuci-podrsi-eu-svoj-posao-pokrenula-94-nezaposlena-lica\/","name":"Zahvaljuju\u0107i podr\u0161ci EU, svoj posao pokrenula 94 nezaposlena lica - Europe House","isPartOf":{"@id":"https:\/\/www.evropskakuca.me\/me\/#website"},"primaryImageOfPage":{"@id":"https:\/\/www.evropskakuca.me\/me\/zahvaljujuci-podrsi-eu-svoj-posao-pokrenula-94-nezaposlena-lica\/#primaryimage"},"image":{"@id":"https:\/\/www.evropskakuca.me\/me\/zahvaljujuci-podrsi-eu-svoj-posao-pokrenula-94-nezaposlena-lica\/#primaryimage"},"thumbnailUrl":"http:\/\/www.evropskakuca.me\/wp-content\/uploads\/2020\/03\/bojana-002-1024x683.jpeg","datePublished":"2020-03-03T09:09:41+00:00","breadcrumb":{"@id":"https:\/\/www.evropskakuca.me\/me\/zahvaljujuci-podrsi-eu-svoj-posao-pokrenula-94-nezaposlena-lica\/#breadcrumb"},"inLanguage":"me-ME","potentialAction":[{"@type":"ReadAction","target":["https:\/\/www.evropskakuca.me\/me\/zahvaljujuci-podrsi-eu-svoj-posao-pokrenula-94-nezaposlena-lica\/"]}]},{"@type":"ImageObject","inLanguage":"me-ME","@id":"https:\/\/www.evropskakuca.me\/me\/zahvaljujuci-podrsi-eu-svoj-posao-pokrenula-94-nezaposlena-lica\/#primaryimage","url":"http:\/\/www.evropskakuca.me\/wp-content\/uploads\/2020\/03\/bojana-002-1024x683.jpeg","contentUrl":"http:\/\/www.evropskakuca.me\/wp-content\/uploads\/2020\/03\/bojana-002-1024x683.jpeg"},{"@type":"BreadcrumbList","@id":"https:\/\/www.evropskakuca.me\/me\/zahvaljujuci-podrsi-eu-svoj-posao-pokrenula-94-nezaposlena-lica\/#breadcrumb","itemListElement":[{"@type":"ListItem","position":1,"name":"Home","item":"https:\/\/www.evropskakuca.me\/me\/"},{"@type":"ListItem","position":2,"name":"Zahvaljuju\u0107i podr\u0161ci EU, svoj posao pokrenula 94 nezaposlena lica"}]},{"@type":"WebSite","@id":"https:\/\/www.evropskakuca.me\/me\/#website","url":"https:\/\/www.evropskakuca.me\/me\/","name":"Evropean house","description":"","publisher":{"@id":"https:\/\/www.evropskakuca.me\/me\/#organization"},"potentialAction":[{"@type":"SearchAction","target":{"@type":"EntryPoint","urlTemplate":"https:\/\/www.evropskakuca.me\/me\/?s={search_term_string}"},"query-input":{"@type":"PropertyValueSpecification","valueRequired":true,"valueName":"search_term_string"}}],"inLanguage":"me-ME"},{"@type":"Organization","@id":"https:\/\/www.evropskakuca.me\/me\/#organization","name":"Evropean house","url":"https:\/\/www.evropskakuca.me\/me\/","logo":{"@type":"ImageObject","inLanguage":"me-ME","@id":"https:\/\/www.evropskakuca.me\/me\/#\/schema\/logo\/image\/","url":"https:\/\/www.evropskakuca.me\/wp-content\/uploads\/2025\/01\/evropska-kuca-logo-1.png","contentUrl":"https:\/\/www.evropskakuca.me\/wp-content\/uploads\/2025\/01\/evropska-kuca-logo-1.png","width":425,"height":312,"caption":"Evropean house"},"image":{"@id":"https:\/\/www.evropskakuca.me\/me\/#\/schema\/logo\/image\/"},"sameAs":["https:\/\/www.facebook.com\/evropska.kuca","https:\/\/x.com\/evropska_kuca","https:\/\/www.instagram.com\/evropska_kuca"]},{"@type":"Person","@id":"https:\/\/www.evropskakuca.me\/me\/#\/schema\/person\/a1d0dcdaefe4a1cd1d60d200ea137ba4","name":"mkajic","image":{"@type":"ImageObject","inLanguage":"me-ME","@id":"https:\/\/secure.gravatar.com\/avatar\/731fa035cefab7316e6bafd1f25a93fb731a07de14e2d9923f8db4422628eabc?s=96&d=mm&r=g","url":"https:\/\/secure.gravatar.com\/avatar\/731fa035cefab7316e6bafd1f25a93fb731a07de14e2d9923f8db4422628eabc?s=96&d=mm&r=g","contentUrl":"https:\/\/secure.gravatar.com\/avatar\/731fa035cefab7316e6bafd1f25a93fb731a07de14e2d9923f8db4422628eabc?s=96&d=mm&r=g","caption":"mkajic"},"sameAs":["https:\/\/evropskakuca.me"],"url":"https:\/\/www.evropskakuca.me\/me\/author\/mkajic\/"}]}},"_links":{"self":[{"href":"https:\/\/www.evropskakuca.me\/me\/wp-json\/wp\/v2\/posts\/7839","targetHints":{"allow":["GET"]}}],"collection":[{"href":"https:\/\/www.evropskakuca.me\/me\/wp-json\/wp\/v2\/posts"}],"about":[{"href":"https:\/\/www.evropskakuca.me\/me\/wp-json\/wp\/v2\/types\/post"}],"author":[{"embeddable":true,"href":"https:\/\/www.evropskakuca.me\/me\/wp-json\/wp\/v2\/users\/1"}],"replies":[{"embeddable":true,"href":"https:\/\/www.evropskakuca.me\/me\/wp-json\/wp\/v2\/comments?post=7839"}],"version-history":[{"count":0,"href":"https:\/\/www.evropskakuca.me\/me\/wp-json\/wp\/v2\/posts\/7839\/revisions"}],"wp:attachment":[{"href":"https:\/\/www.evropskakuca.me\/me\/wp-json\/wp\/v2\/media?parent=7839"}],"wp:term":[{"taxonomy":"category","embeddable":true,"href":"https:\/\/www.evropskakuca.me\/me\/wp-json\/wp\/v2\/categories?post=7839"},{"taxonomy":"post_tag","embeddable":true,"href":"https:\/\/www.evropskakuca.me\/me\/wp-json\/wp\/v2\/tags?post=7839"}],"curies":[{"name":"wp","href":"https:\/\/api.w.org\/{rel}","templated":true}]}}