{"id":7812,"date":"2020-02-07T16:40:28","date_gmt":"2020-02-07T16:40:28","guid":{"rendered":"http:\/\/www.evropskakuca.me\/?p=7812"},"modified":"2020-02-07T16:40:28","modified_gmt":"2020-02-07T16:40:28","slug":"predstavljen-konkurs-za-osnazivanje-kulturnog-i-kreativnog-sektora-u-regionu","status":"publish","type":"post","link":"https:\/\/www.evropskakuca.me\/me\/predstavljen-konkurs-za-osnazivanje-kulturnog-i-kreativnog-sektora-u-regionu\/","title":{"rendered":"Predstavljen konkurs za osna\u017eivanje kulturnog i kreativnog sektora u regionu"},"content":{"rendered":"<p>U okviru programa Kreativna Evropa, koji finansira Evropska unija, raspisan je konkurs za izgradnju kapaciteta i ja\u010danje saradnje u kulturnom i kreativnom sektoru u zemljama Zapadnog Balkana, vrijedan pet miliona eura. Kreativna Evropa je EU program kojim se podr\u017eava sektor kulture, umjetnosti i audiovizuelne djelatnosti, a u kojem Crna Gora u\u010destvuje od 2014. godine.<\/p>\n<p>Ministarstvo kulture Crne Gore i Desk za Kreativnu Evropu su povodom raspisivanja poziva organizovali Info dan, kako bi zainteresovane upoznali sa uslovima i na\u010dinima na koje se crnogorske institucije i organizacije, koje se bave kulturnom i kreativnom djelatno\u0161\u0107u, mogu prijaviti. Poziv je namijenjen institucijama i organizacijama koje su kao pravna lica aktivne u kulturnom i kreativnom sektoru, dok fizi\u010dka lica nemaju pravo u\u010de\u0161\u0107a. Predlo\u017eeni projekti moraju biti u skladu sa osnovnim prioritetima konkursa:<\/p>\n<p>&#8211; pospje\u0161ivanje kulturne prekograni\u010dne saradnje izme\u0111u zemalja Zapadnog Balkana i \u010dlanica Evropske unije;<\/p>\n<p>&#8211; ja\u010danje konkurencije u kulturnom i kreativnom sektoru u regionu.<\/p>\n<p><img fetchpriority=\"high\" decoding=\"async\" class=\"alignnone size-large wp-image-7815\" src=\"http:\/\/www.evropskakuca.me\/wp-content\/uploads\/2020\/02\/Info-dan-EU-Info-centar-002-002-1024x768.jpg\" alt=\"\" width=\"1024\" height=\"768\" \/><\/p>\n<p>Govore\u0107i o zna\u010daju ovog poziva, koordinatorka crnogorskog Deska za Kreativnu Evropu je navela da je ovo jedinstvena prilika za na\u0161e organizacije i institucije iz oblasti kulture da u\u010destvuju u programu za koji je Evropska komisija predvidjela sufinansiranje u iznosu od 85% ukupnog bud\u017eeta. Dodatno, nagla\u0161eno je da je jo\u0161 jedna prednost ovog poziva usmjerenost na regionalnu saradnju, zbog \u010dega je i pronala\u017eenje potencijalnih partnera olak\u0161ano.<\/p>\n<p>Ukupna sredstva namijenjena za realizaciju ovog konkursa su pet miliona eura, dok je predvi\u0111eni bud\u017eet pojedina\u010dnih projekata od 100.000 do 500.000 eura. Rok za dostavljanje prijedloga je 17. mart 2020. godine u 17h, a svi zainteresovani vi\u0161e informacija mogu prona\u0107i na sajtu Deska za Kreativnu Evropu <a href=\"http:\/\/www.kreativnaevropa.me\/me\/\">OVDJE<\/a>.<\/p>\n<p>&nbsp;<\/p>\n","protected":false},"excerpt":{"rendered":"<p>U okviru programa Kreativna Evropa, koji finansira Evropska unija, raspisan je konkurs za izgradnju kapaciteta i ja\u010danje saradnje u kulturnom i kreativnom sektoru u zemljama Zapadnog Balkana, vrijedan pet miliona eura. Kreativna Evropa je EU program kojim se podr\u017eava sektor kulture, umjetnosti i audiovizuelne djelatnosti, a u kojem Crna Gora u\u010destvuje od 2014. godine. Ministarstvo [&hellip;]<\/p>\n","protected":false},"author":1,"featured_media":35066,"comment_status":"open","ping_status":"open","sticky":false,"template":"","format":"standard","meta":{"_acf_changed":false,"footnotes":""},"categories":[1],"tags":[],"class_list":["post-7812","post","type-post","status-publish","format-standard","has-post-thumbnail","hentry","category-uncategorized"],"acf":[],"yoast_head":"<!-- This site is optimized with the Yoast SEO plugin v27.3 - https:\/\/yoast.com\/product\/yoast-seo-wordpress\/ -->\n<title>Predstavljen konkurs za osna\u017eivanje kulturnog i kreativnog sektora u regionu - Europe House<\/title>\n<meta name=\"robots\" content=\"index, follow, max-snippet:-1, max-image-preview:large, max-video-preview:-1\" \/>\n<link rel=\"canonical\" href=\"https:\/\/www.evropskakuca.me\/me\/predstavljen-konkurs-za-osnazivanje-kulturnog-i-kreativnog-sektora-u-regionu\/\" \/>\n<meta property=\"og:locale\" content=\"en_US\" \/>\n<meta property=\"og:type\" content=\"article\" \/>\n<meta property=\"og:title\" content=\"Predstavljen konkurs za osna\u017eivanje kulturnog i kreativnog sektora u regionu - Europe House\" \/>\n<meta property=\"og:description\" content=\"U okviru programa Kreativna Evropa, koji finansira Evropska unija, raspisan je konkurs za izgradnju kapaciteta i ja\u010danje saradnje u kulturnom i kreativnom sektoru u zemljama Zapadnog Balkana, vrijedan pet miliona eura. Kreativna Evropa je EU program kojim se podr\u017eava sektor kulture, umjetnosti i audiovizuelne djelatnosti, a u kojem Crna Gora u\u010destvuje od 2014. godine. Ministarstvo [&hellip;]\" \/>\n<meta property=\"og:url\" content=\"https:\/\/www.evropskakuca.me\/me\/predstavljen-konkurs-za-osnazivanje-kulturnog-i-kreativnog-sektora-u-regionu\/\" \/>\n<meta property=\"og:site_name\" content=\"Europe House\" \/>\n<meta property=\"article:publisher\" content=\"https:\/\/www.facebook.com\/evropska.kuca\" \/>\n<meta property=\"article:published_time\" content=\"2020-02-07T16:40:28+00:00\" \/>\n<meta property=\"og:image\" content=\"https:\/\/www.evropskakuca.me\/wp-content\/uploads\/2020\/02\/Info-dan-EU-Info-centar-2-002-002.jpg\" \/>\n\t<meta property=\"og:image:width\" content=\"1600\" \/>\n\t<meta property=\"og:image:height\" content=\"1200\" \/>\n\t<meta property=\"og:image:type\" content=\"image\/jpeg\" \/>\n<meta name=\"author\" content=\"mkajic\" \/>\n<meta name=\"twitter:card\" content=\"summary_large_image\" \/>\n<meta name=\"twitter:creator\" content=\"@evropska_kuca\" \/>\n<meta name=\"twitter:site\" content=\"@evropska_kuca\" \/>\n<meta name=\"twitter:label1\" content=\"Written by\" \/>\n\t<meta name=\"twitter:data1\" content=\"mkajic\" \/>\n\t<meta name=\"twitter:label2\" content=\"Est. reading time\" \/>\n\t<meta name=\"twitter:data2\" content=\"1 minute\" \/>\n<script type=\"application\/ld+json\" class=\"yoast-schema-graph\">{\"@context\":\"https:\\\/\\\/schema.org\",\"@graph\":[{\"@type\":\"Article\",\"@id\":\"https:\\\/\\\/www.evropskakuca.me\\\/me\\\/predstavljen-konkurs-za-osnazivanje-kulturnog-i-kreativnog-sektora-u-regionu\\\/#article\",\"isPartOf\":{\"@id\":\"https:\\\/\\\/www.evropskakuca.me\\\/me\\\/predstavljen-konkurs-za-osnazivanje-kulturnog-i-kreativnog-sektora-u-regionu\\\/\"},\"author\":{\"name\":\"mkajic\",\"@id\":\"https:\\\/\\\/www.evropskakuca.me\\\/me\\\/#\\\/schema\\\/person\\\/a1d0dcdaefe4a1cd1d60d200ea137ba4\"},\"headline\":\"Predstavljen konkurs za osna\u017eivanje kulturnog i kreativnog sektora u regionu\",\"datePublished\":\"2020-02-07T16:40:28+00:00\",\"mainEntityOfPage\":{\"@id\":\"https:\\\/\\\/www.evropskakuca.me\\\/me\\\/predstavljen-konkurs-za-osnazivanje-kulturnog-i-kreativnog-sektora-u-regionu\\\/\"},\"wordCount\":294,\"commentCount\":0,\"publisher\":{\"@id\":\"https:\\\/\\\/www.evropskakuca.me\\\/me\\\/#organization\"},\"image\":{\"@id\":\"https:\\\/\\\/www.evropskakuca.me\\\/me\\\/predstavljen-konkurs-za-osnazivanje-kulturnog-i-kreativnog-sektora-u-regionu\\\/#primaryimage\"},\"thumbnailUrl\":\"https:\\\/\\\/www.evropskakuca.me\\\/wp-content\\\/uploads\\\/2020\\\/02\\\/Info-dan-EU-Info-centar-2-002-002.jpg\",\"inLanguage\":\"me-ME\",\"potentialAction\":[{\"@type\":\"CommentAction\",\"name\":\"Comment\",\"target\":[\"https:\\\/\\\/www.evropskakuca.me\\\/me\\\/predstavljen-konkurs-za-osnazivanje-kulturnog-i-kreativnog-sektora-u-regionu\\\/#respond\"]}]},{\"@type\":\"WebPage\",\"@id\":\"https:\\\/\\\/www.evropskakuca.me\\\/me\\\/predstavljen-konkurs-za-osnazivanje-kulturnog-i-kreativnog-sektora-u-regionu\\\/\",\"url\":\"https:\\\/\\\/www.evropskakuca.me\\\/me\\\/predstavljen-konkurs-za-osnazivanje-kulturnog-i-kreativnog-sektora-u-regionu\\\/\",\"name\":\"Predstavljen konkurs za osna\u017eivanje kulturnog i kreativnog sektora u regionu - Europe House\",\"isPartOf\":{\"@id\":\"https:\\\/\\\/www.evropskakuca.me\\\/me\\\/#website\"},\"primaryImageOfPage\":{\"@id\":\"https:\\\/\\\/www.evropskakuca.me\\\/me\\\/predstavljen-konkurs-za-osnazivanje-kulturnog-i-kreativnog-sektora-u-regionu\\\/#primaryimage\"},\"image\":{\"@id\":\"https:\\\/\\\/www.evropskakuca.me\\\/me\\\/predstavljen-konkurs-za-osnazivanje-kulturnog-i-kreativnog-sektora-u-regionu\\\/#primaryimage\"},\"thumbnailUrl\":\"https:\\\/\\\/www.evropskakuca.me\\\/wp-content\\\/uploads\\\/2020\\\/02\\\/Info-dan-EU-Info-centar-2-002-002.jpg\",\"datePublished\":\"2020-02-07T16:40:28+00:00\",\"breadcrumb\":{\"@id\":\"https:\\\/\\\/www.evropskakuca.me\\\/me\\\/predstavljen-konkurs-za-osnazivanje-kulturnog-i-kreativnog-sektora-u-regionu\\\/#breadcrumb\"},\"inLanguage\":\"me-ME\",\"potentialAction\":[{\"@type\":\"ReadAction\",\"target\":[\"https:\\\/\\\/www.evropskakuca.me\\\/me\\\/predstavljen-konkurs-za-osnazivanje-kulturnog-i-kreativnog-sektora-u-regionu\\\/\"]}]},{\"@type\":\"ImageObject\",\"inLanguage\":\"me-ME\",\"@id\":\"https:\\\/\\\/www.evropskakuca.me\\\/me\\\/predstavljen-konkurs-za-osnazivanje-kulturnog-i-kreativnog-sektora-u-regionu\\\/#primaryimage\",\"url\":\"https:\\\/\\\/www.evropskakuca.me\\\/wp-content\\\/uploads\\\/2020\\\/02\\\/Info-dan-EU-Info-centar-2-002-002.jpg\",\"contentUrl\":\"https:\\\/\\\/www.evropskakuca.me\\\/wp-content\\\/uploads\\\/2020\\\/02\\\/Info-dan-EU-Info-centar-2-002-002.jpg\",\"width\":1600,\"height\":1200},{\"@type\":\"BreadcrumbList\",\"@id\":\"https:\\\/\\\/www.evropskakuca.me\\\/me\\\/predstavljen-konkurs-za-osnazivanje-kulturnog-i-kreativnog-sektora-u-regionu\\\/#breadcrumb\",\"itemListElement\":[{\"@type\":\"ListItem\",\"position\":1,\"name\":\"Home\",\"item\":\"https:\\\/\\\/www.evropskakuca.me\\\/me\\\/\"},{\"@type\":\"ListItem\",\"position\":2,\"name\":\"Predstavljen konkurs za osna\u017eivanje kulturnog i kreativnog sektora u regionu\"}]},{\"@type\":\"WebSite\",\"@id\":\"https:\\\/\\\/www.evropskakuca.me\\\/me\\\/#website\",\"url\":\"https:\\\/\\\/www.evropskakuca.me\\\/me\\\/\",\"name\":\"Evropean house\",\"description\":\"\",\"publisher\":{\"@id\":\"https:\\\/\\\/www.evropskakuca.me\\\/me\\\/#organization\"},\"potentialAction\":[{\"@type\":\"SearchAction\",\"target\":{\"@type\":\"EntryPoint\",\"urlTemplate\":\"https:\\\/\\\/www.evropskakuca.me\\\/me\\\/?s={search_term_string}\"},\"query-input\":{\"@type\":\"PropertyValueSpecification\",\"valueRequired\":true,\"valueName\":\"search_term_string\"}}],\"inLanguage\":\"me-ME\"},{\"@type\":\"Organization\",\"@id\":\"https:\\\/\\\/www.evropskakuca.me\\\/me\\\/#organization\",\"name\":\"Evropean house\",\"url\":\"https:\\\/\\\/www.evropskakuca.me\\\/me\\\/\",\"logo\":{\"@type\":\"ImageObject\",\"inLanguage\":\"me-ME\",\"@id\":\"https:\\\/\\\/www.evropskakuca.me\\\/me\\\/#\\\/schema\\\/logo\\\/image\\\/\",\"url\":\"https:\\\/\\\/www.evropskakuca.me\\\/wp-content\\\/uploads\\\/2025\\\/01\\\/evropska-kuca-logo-1.png\",\"contentUrl\":\"https:\\\/\\\/www.evropskakuca.me\\\/wp-content\\\/uploads\\\/2025\\\/01\\\/evropska-kuca-logo-1.png\",\"width\":425,\"height\":312,\"caption\":\"Evropean house\"},\"image\":{\"@id\":\"https:\\\/\\\/www.evropskakuca.me\\\/me\\\/#\\\/schema\\\/logo\\\/image\\\/\"},\"sameAs\":[\"https:\\\/\\\/www.facebook.com\\\/evropska.kuca\",\"https:\\\/\\\/x.com\\\/evropska_kuca\",\"https:\\\/\\\/www.instagram.com\\\/evropska_kuca\"]},{\"@type\":\"Person\",\"@id\":\"https:\\\/\\\/www.evropskakuca.me\\\/me\\\/#\\\/schema\\\/person\\\/a1d0dcdaefe4a1cd1d60d200ea137ba4\",\"name\":\"mkajic\",\"image\":{\"@type\":\"ImageObject\",\"inLanguage\":\"me-ME\",\"@id\":\"https:\\\/\\\/secure.gravatar.com\\\/avatar\\\/731fa035cefab7316e6bafd1f25a93fb731a07de14e2d9923f8db4422628eabc?s=96&d=mm&r=g\",\"url\":\"https:\\\/\\\/secure.gravatar.com\\\/avatar\\\/731fa035cefab7316e6bafd1f25a93fb731a07de14e2d9923f8db4422628eabc?s=96&d=mm&r=g\",\"contentUrl\":\"https:\\\/\\\/secure.gravatar.com\\\/avatar\\\/731fa035cefab7316e6bafd1f25a93fb731a07de14e2d9923f8db4422628eabc?s=96&d=mm&r=g\",\"caption\":\"mkajic\"},\"sameAs\":[\"https:\\\/\\\/evropskakuca.me\"],\"url\":\"https:\\\/\\\/www.evropskakuca.me\\\/me\\\/author\\\/mkajic\\\/\"}]}<\/script>\n<!-- \/ Yoast SEO plugin. -->","yoast_head_json":{"title":"Predstavljen konkurs za osna\u017eivanje kulturnog i kreativnog sektora u regionu - Europe House","robots":{"index":"index","follow":"follow","max-snippet":"max-snippet:-1","max-image-preview":"max-image-preview:large","max-video-preview":"max-video-preview:-1"},"canonical":"https:\/\/www.evropskakuca.me\/me\/predstavljen-konkurs-za-osnazivanje-kulturnog-i-kreativnog-sektora-u-regionu\/","og_locale":"en_US","og_type":"article","og_title":"Predstavljen konkurs za osna\u017eivanje kulturnog i kreativnog sektora u regionu - Europe House","og_description":"U okviru programa Kreativna Evropa, koji finansira Evropska unija, raspisan je konkurs za izgradnju kapaciteta i ja\u010danje saradnje u kulturnom i kreativnom sektoru u zemljama Zapadnog Balkana, vrijedan pet miliona eura. Kreativna Evropa je EU program kojim se podr\u017eava sektor kulture, umjetnosti i audiovizuelne djelatnosti, a u kojem Crna Gora u\u010destvuje od 2014. godine. Ministarstvo [&hellip;]","og_url":"https:\/\/www.evropskakuca.me\/me\/predstavljen-konkurs-za-osnazivanje-kulturnog-i-kreativnog-sektora-u-regionu\/","og_site_name":"Europe House","article_publisher":"https:\/\/www.facebook.com\/evropska.kuca","article_published_time":"2020-02-07T16:40:28+00:00","og_image":[{"width":1600,"height":1200,"url":"https:\/\/www.evropskakuca.me\/wp-content\/uploads\/2020\/02\/Info-dan-EU-Info-centar-2-002-002.jpg","type":"image\/jpeg"}],"author":"mkajic","twitter_card":"summary_large_image","twitter_creator":"@evropska_kuca","twitter_site":"@evropska_kuca","twitter_misc":{"Written by":"mkajic","Est. reading time":"1 minute"},"schema":{"@context":"https:\/\/schema.org","@graph":[{"@type":"Article","@id":"https:\/\/www.evropskakuca.me\/me\/predstavljen-konkurs-za-osnazivanje-kulturnog-i-kreativnog-sektora-u-regionu\/#article","isPartOf":{"@id":"https:\/\/www.evropskakuca.me\/me\/predstavljen-konkurs-za-osnazivanje-kulturnog-i-kreativnog-sektora-u-regionu\/"},"author":{"name":"mkajic","@id":"https:\/\/www.evropskakuca.me\/me\/#\/schema\/person\/a1d0dcdaefe4a1cd1d60d200ea137ba4"},"headline":"Predstavljen konkurs za osna\u017eivanje kulturnog i kreativnog sektora u regionu","datePublished":"2020-02-07T16:40:28+00:00","mainEntityOfPage":{"@id":"https:\/\/www.evropskakuca.me\/me\/predstavljen-konkurs-za-osnazivanje-kulturnog-i-kreativnog-sektora-u-regionu\/"},"wordCount":294,"commentCount":0,"publisher":{"@id":"https:\/\/www.evropskakuca.me\/me\/#organization"},"image":{"@id":"https:\/\/www.evropskakuca.me\/me\/predstavljen-konkurs-za-osnazivanje-kulturnog-i-kreativnog-sektora-u-regionu\/#primaryimage"},"thumbnailUrl":"https:\/\/www.evropskakuca.me\/wp-content\/uploads\/2020\/02\/Info-dan-EU-Info-centar-2-002-002.jpg","inLanguage":"me-ME","potentialAction":[{"@type":"CommentAction","name":"Comment","target":["https:\/\/www.evropskakuca.me\/me\/predstavljen-konkurs-za-osnazivanje-kulturnog-i-kreativnog-sektora-u-regionu\/#respond"]}]},{"@type":"WebPage","@id":"https:\/\/www.evropskakuca.me\/me\/predstavljen-konkurs-za-osnazivanje-kulturnog-i-kreativnog-sektora-u-regionu\/","url":"https:\/\/www.evropskakuca.me\/me\/predstavljen-konkurs-za-osnazivanje-kulturnog-i-kreativnog-sektora-u-regionu\/","name":"Predstavljen konkurs za osna\u017eivanje kulturnog i kreativnog sektora u regionu - Europe House","isPartOf":{"@id":"https:\/\/www.evropskakuca.me\/me\/#website"},"primaryImageOfPage":{"@id":"https:\/\/www.evropskakuca.me\/me\/predstavljen-konkurs-za-osnazivanje-kulturnog-i-kreativnog-sektora-u-regionu\/#primaryimage"},"image":{"@id":"https:\/\/www.evropskakuca.me\/me\/predstavljen-konkurs-za-osnazivanje-kulturnog-i-kreativnog-sektora-u-regionu\/#primaryimage"},"thumbnailUrl":"https:\/\/www.evropskakuca.me\/wp-content\/uploads\/2020\/02\/Info-dan-EU-Info-centar-2-002-002.jpg","datePublished":"2020-02-07T16:40:28+00:00","breadcrumb":{"@id":"https:\/\/www.evropskakuca.me\/me\/predstavljen-konkurs-za-osnazivanje-kulturnog-i-kreativnog-sektora-u-regionu\/#breadcrumb"},"inLanguage":"me-ME","potentialAction":[{"@type":"ReadAction","target":["https:\/\/www.evropskakuca.me\/me\/predstavljen-konkurs-za-osnazivanje-kulturnog-i-kreativnog-sektora-u-regionu\/"]}]},{"@type":"ImageObject","inLanguage":"me-ME","@id":"https:\/\/www.evropskakuca.me\/me\/predstavljen-konkurs-za-osnazivanje-kulturnog-i-kreativnog-sektora-u-regionu\/#primaryimage","url":"https:\/\/www.evropskakuca.me\/wp-content\/uploads\/2020\/02\/Info-dan-EU-Info-centar-2-002-002.jpg","contentUrl":"https:\/\/www.evropskakuca.me\/wp-content\/uploads\/2020\/02\/Info-dan-EU-Info-centar-2-002-002.jpg","width":1600,"height":1200},{"@type":"BreadcrumbList","@id":"https:\/\/www.evropskakuca.me\/me\/predstavljen-konkurs-za-osnazivanje-kulturnog-i-kreativnog-sektora-u-regionu\/#breadcrumb","itemListElement":[{"@type":"ListItem","position":1,"name":"Home","item":"https:\/\/www.evropskakuca.me\/me\/"},{"@type":"ListItem","position":2,"name":"Predstavljen konkurs za osna\u017eivanje kulturnog i kreativnog sektora u regionu"}]},{"@type":"WebSite","@id":"https:\/\/www.evropskakuca.me\/me\/#website","url":"https:\/\/www.evropskakuca.me\/me\/","name":"Evropean house","description":"","publisher":{"@id":"https:\/\/www.evropskakuca.me\/me\/#organization"},"potentialAction":[{"@type":"SearchAction","target":{"@type":"EntryPoint","urlTemplate":"https:\/\/www.evropskakuca.me\/me\/?s={search_term_string}"},"query-input":{"@type":"PropertyValueSpecification","valueRequired":true,"valueName":"search_term_string"}}],"inLanguage":"me-ME"},{"@type":"Organization","@id":"https:\/\/www.evropskakuca.me\/me\/#organization","name":"Evropean house","url":"https:\/\/www.evropskakuca.me\/me\/","logo":{"@type":"ImageObject","inLanguage":"me-ME","@id":"https:\/\/www.evropskakuca.me\/me\/#\/schema\/logo\/image\/","url":"https:\/\/www.evropskakuca.me\/wp-content\/uploads\/2025\/01\/evropska-kuca-logo-1.png","contentUrl":"https:\/\/www.evropskakuca.me\/wp-content\/uploads\/2025\/01\/evropska-kuca-logo-1.png","width":425,"height":312,"caption":"Evropean house"},"image":{"@id":"https:\/\/www.evropskakuca.me\/me\/#\/schema\/logo\/image\/"},"sameAs":["https:\/\/www.facebook.com\/evropska.kuca","https:\/\/x.com\/evropska_kuca","https:\/\/www.instagram.com\/evropska_kuca"]},{"@type":"Person","@id":"https:\/\/www.evropskakuca.me\/me\/#\/schema\/person\/a1d0dcdaefe4a1cd1d60d200ea137ba4","name":"mkajic","image":{"@type":"ImageObject","inLanguage":"me-ME","@id":"https:\/\/secure.gravatar.com\/avatar\/731fa035cefab7316e6bafd1f25a93fb731a07de14e2d9923f8db4422628eabc?s=96&d=mm&r=g","url":"https:\/\/secure.gravatar.com\/avatar\/731fa035cefab7316e6bafd1f25a93fb731a07de14e2d9923f8db4422628eabc?s=96&d=mm&r=g","contentUrl":"https:\/\/secure.gravatar.com\/avatar\/731fa035cefab7316e6bafd1f25a93fb731a07de14e2d9923f8db4422628eabc?s=96&d=mm&r=g","caption":"mkajic"},"sameAs":["https:\/\/evropskakuca.me"],"url":"https:\/\/www.evropskakuca.me\/me\/author\/mkajic\/"}]}},"_links":{"self":[{"href":"https:\/\/www.evropskakuca.me\/me\/wp-json\/wp\/v2\/posts\/7812","targetHints":{"allow":["GET"]}}],"collection":[{"href":"https:\/\/www.evropskakuca.me\/me\/wp-json\/wp\/v2\/posts"}],"about":[{"href":"https:\/\/www.evropskakuca.me\/me\/wp-json\/wp\/v2\/types\/post"}],"author":[{"embeddable":true,"href":"https:\/\/www.evropskakuca.me\/me\/wp-json\/wp\/v2\/users\/1"}],"replies":[{"embeddable":true,"href":"https:\/\/www.evropskakuca.me\/me\/wp-json\/wp\/v2\/comments?post=7812"}],"version-history":[{"count":0,"href":"https:\/\/www.evropskakuca.me\/me\/wp-json\/wp\/v2\/posts\/7812\/revisions"}],"wp:featuredmedia":[{"embeddable":true,"href":"https:\/\/www.evropskakuca.me\/me\/wp-json\/wp\/v2\/media\/35066"}],"wp:attachment":[{"href":"https:\/\/www.evropskakuca.me\/me\/wp-json\/wp\/v2\/media?parent=7812"}],"wp:term":[{"taxonomy":"category","embeddable":true,"href":"https:\/\/www.evropskakuca.me\/me\/wp-json\/wp\/v2\/categories?post=7812"},{"taxonomy":"post_tag","embeddable":true,"href":"https:\/\/www.evropskakuca.me\/me\/wp-json\/wp\/v2\/tags?post=7812"}],"curies":[{"name":"wp","href":"https:\/\/api.w.org\/{rel}","templated":true}]}}