{"id":7789,"date":"2020-02-05T13:43:14","date_gmt":"2020-02-05T13:43:14","guid":{"rendered":"http:\/\/www.evropskakuca.me\/?p=7789"},"modified":"2020-02-05T13:43:14","modified_gmt":"2020-02-05T13:43:14","slug":"dvije-trecine-gradana-podrzava-ulazak-crne-gore-u-evropsku-uniju","status":"publish","type":"post","link":"https:\/\/www.evropskakuca.me\/me\/dvije-trecine-gradana-podrzava-ulazak-crne-gore-u-evropsku-uniju\/","title":{"rendered":"Dvije tre\u0107ine gra\u0111ana podr\u017eava ulazak Crne Gore u Evropsku uniju"},"content":{"rendered":"<p>Dvije tre\u0107ine gra\u0111ana (66,4%) podr\u017eava pristupanje Crne Gore Evropskoj uniji, pokazalo je istra\u017eivanje javnog mnjenja, koje je za potrebe Delegacije Evropske unije u Crnoj Gori uradila agencija \u201eDe Facto Consultancy\u201c. Istra\u017eivanje je sprovedeno u decembru pro\u0161le godine na reprezentativnom uzorku od 1 014 ispitanika, sa potencijalnom statisti\u010dkom gre\u0161kom od plus ili minus 3,1% za pojave izmjerene na 50%.<\/p>\n<p>Rezultati su pokazali da je podr\u0161ka gra\u0111ana Crne Gore Evropskoj uniji stabilna, odnosno, da se nije zna\u010dajno promijenila u odnosu na 2018. godinu, kada je iznosila 65,9%. Prema novom istra\u017eivanju, 26,7% ispitanika ne podr\u017eava pristupanje, dok 7% nema stav.<\/p>\n<p><img fetchpriority=\"high\" decoding=\"async\" class=\"alignnone size-large wp-image-7796\" src=\"http:\/\/www.evropskakuca.me\/wp-content\/uploads\/2020\/02\/istrazivanje-4-1024x683.jpg\" alt=\"\" width=\"1024\" height=\"683\" \/><\/p>\n<p>\u201eRazlozi zbog kojih ljudi podr\u017eavaju ulazak u EU su bolji kvalitet \u017eivota, stabilnost, bolja budu\u0107nost, zapo\u0161ljavanje. Oni koji su protiv uglavnom te razloge vide u nekim internim faktorima: zato \u0161to nama ne\u0107e biti bolje ili zato \u0161to to nije na\u0161 interes, ve\u0107 interes politi\u010dara. To su faktori koji nisu vezani za EU. A kada su u pitanju faktori vezani za EU, 14% se boji da \u0107emo izgubiti nezavisnost, 6% imaju problem sa krizom u Uniji, dok 4% se protivi ulasku zbog problema sa izbjegli\u010dkom krizom\u201c, kazala je Olivera Komar iz agencije \u201eDe Facto Consultancy\u201c na predstavljanju rezultata istra\u017eivanja u EU info centru.<\/p>\n<p>Ukoliko bi se odr\u017eao referendum o ulasku Crne Gore u Evropsku uniju, \u010dak 82,5% gra\u0111ana bi iza\u0161lo na glasanje. Od njih, tri \u010detvrtine (76,2%) bi glasalo za, dok bi tek petina (20%) bila protiv.<\/p>\n<p><img decoding=\"async\" class=\"alignnone size-large wp-image-7790\" src=\"http:\/\/www.evropskakuca.me\/wp-content\/uploads\/2020\/02\/istrazivanje-11-1024x683.jpg\" alt=\"\" width=\"1024\" height=\"683\" \/><\/p>\n<p>Ambasador EU u Crnoj Gori Aivo Orav ocijenio je da su u pitanju velike brojke, koje ukazuju kako gra\u0111ani kontinuirano vjeruju da \u0107e \u010dlanstvo u Evropskoj uniji pobolj\u0161ati uslove \u017eivota i obezbijediti stabilnost.<\/p>\n<p>\u201eTo zna\u010di da velika ve\u0107ina glasa\u010da podr\u017eava ulazak Crne Gore u EU. To je sna\u017ena poruka crnogorskim liderima. Mi u EU rje\u0161avamo na\u0161e probleme i razlike dijalogom. A politi\u010dki dijalog je veoma potreban Crnoj Gori danas. Prije svega zbog\u00a0 nje same, ali i zbog procesa evropskih integracija\u201c, poru\u010dio je Orav.<\/p>\n<p>Glavni pregovara\u010d Crne Gore sa Evropskom unijom Aleksandar Drljevi\u0107 ocijenio je da je ovaj podatak sna\u017ean motivacioni faktor za dalji rad, jer pokazuje da su sve aktivnosti usmjerene na informisanje javnosti o ovom procesu imale dobar odjek u javnosti.<\/p>\n<p><img decoding=\"async\" class=\"alignnone size-large wp-image-7798\" src=\"http:\/\/www.evropskakuca.me\/wp-content\/uploads\/2020\/02\/istrazivanje-10-1-1024x683.jpg\" alt=\"\" width=\"1024\" height=\"683\" \/><\/p>\n<p>\u201cIstra\u017eivanje je pokazalo da na\u0161i gra\u0111ani zaista imaju jasnu perspektivu i podr\u017eavaju ono \u0161to radimo, ali i da razumiju da dr\u017eava napreduje prema EU u skladu sa okolnostima koje \u010desto ne zavisi od nas samih, o \u010demu svjedo\u010di i na\u0161e i\u0161\u010dekivanje otvaranja posljednjeg pregovara\u010dkog poglavlja\u201d, kazao je Drljevi\u0107.<\/p>\n<p>Da se Crna Gora kre\u0107e prema EU onom brzinom kojom okolnosti to dopu\u0161taju, smatra 27% gra\u0111ana. Ne\u0161to manje \u2013 19,1% vjeruje da se na tom putu kre\u0107e veoma brzo. Optimisti\u010dna o\u010dekivanja javnosti potvr\u0111uje podatak da vi\u0161e od polovine (53,3%) o\u010dekuje da \u0107e Crna Gora postati \u010dlanica do 2025. godine.<\/p>\n<p>\u201eOve godine im nismo dali ponu\u0111ene odgovore, kada smo ih pitali kada \u0107e Crna Gora u\u0107i u EU. Htjeli smo da vidimo \u0161ta \u0107e ljudi sami re\u0107i i dobili smo vrlo zanimljiv odgovor &#8211; svaki drugi gra\u0111anin misli da \u0107e to da se desiti u roku od 5 godina\u201c, kazala je Komar.<\/p>\n<p>Najva\u017eniji uticaj na budu\u0107i napredak Crne Gore ka EU, prema mi\u0161ljenju javnosti, imaju vladavina prava, borba protiv korupcije i organizovanog kriminala, bezbjednost i rje\u0161avanje bilateralnih pitanja sa susjednim dr\u017eavama, pokazalo je istra\u017eivanje. U skladu sa tim, najve\u0107i broj \u2013 tre\u0107ina ispitanika, kao glavne prepreke na putu Crne Gore ka Evropskoj uniji vidi upravo kriminal i korupciju.<\/p>\n<p>Istra\u017eivanje je potvrdilo da crnogorski gra\u0111ani vide Evropsku uniju kao najva\u017enijeg partnera u ekonomiji, spoljnoj politici i budu\u0107nosti. Tako smatra od 44-50% ispitanika. Rezultati su pokazali da su gra\u0111ani relativno dobro informisani kada je rije\u010d o ulaganjima Evropske unije u Crnu Goru. Vi\u0161e od tre\u0107ine zna da je Evropska unija najve\u0107i donator u na\u0161oj dr\u017eavi.<\/p>\n<p>&nbsp;<\/p>\n<p>&nbsp;<\/p>\n","protected":false},"excerpt":{"rendered":"<p>Istra\u017eivanje javnog mnjenja o evropskim integracijama sprovedeno u decembru pro\u0161le godine <\/p>\n","protected":false},"author":1,"featured_media":35076,"comment_status":"open","ping_status":"open","sticky":false,"template":"","format":"standard","meta":{"_acf_changed":false,"footnotes":""},"categories":[1],"tags":[],"class_list":["post-7789","post","type-post","status-publish","format-standard","has-post-thumbnail","hentry","category-uncategorized"],"acf":[],"yoast_head":"<!-- This site is optimized with the Yoast SEO plugin v27.3 - https:\/\/yoast.com\/product\/yoast-seo-wordpress\/ -->\n<title>Dvije tre\u0107ine gra\u0111ana podr\u017eava ulazak Crne Gore u Evropsku uniju - Europe House<\/title>\n<meta name=\"robots\" content=\"index, follow, max-snippet:-1, max-image-preview:large, max-video-preview:-1\" \/>\n<link rel=\"canonical\" href=\"https:\/\/www.evropskakuca.me\/me\/dvije-trecine-gradana-podrzava-ulazak-crne-gore-u-evropsku-uniju\/\" \/>\n<meta property=\"og:locale\" content=\"en_US\" \/>\n<meta property=\"og:type\" content=\"article\" \/>\n<meta property=\"og:title\" content=\"Dvije tre\u0107ine gra\u0111ana podr\u017eava ulazak Crne Gore u Evropsku uniju - Europe House\" \/>\n<meta property=\"og:description\" content=\"Istra\u017eivanje javnog mnjenja o evropskim integracijama sprovedeno u decembru pro\u0161le godine\" \/>\n<meta property=\"og:url\" content=\"https:\/\/www.evropskakuca.me\/me\/dvije-trecine-gradana-podrzava-ulazak-crne-gore-u-evropsku-uniju\/\" \/>\n<meta property=\"og:site_name\" content=\"Europe House\" \/>\n<meta property=\"article:publisher\" content=\"https:\/\/www.facebook.com\/evropska.kuca\" \/>\n<meta property=\"article:published_time\" content=\"2020-02-05T13:43:14+00:00\" \/>\n<meta property=\"og:image\" content=\"https:\/\/www.evropskakuca.me\/wp-content\/uploads\/2020\/02\/istrazivanje-scaled.jpg\" \/>\n\t<meta property=\"og:image:width\" content=\"2560\" \/>\n\t<meta property=\"og:image:height\" content=\"1707\" \/>\n\t<meta property=\"og:image:type\" content=\"image\/jpeg\" \/>\n<meta name=\"author\" content=\"mkajic\" \/>\n<meta name=\"twitter:card\" content=\"summary_large_image\" \/>\n<meta name=\"twitter:creator\" content=\"@evropska_kuca\" \/>\n<meta name=\"twitter:site\" content=\"@evropska_kuca\" \/>\n<meta name=\"twitter:label1\" content=\"Written by\" \/>\n\t<meta name=\"twitter:data1\" content=\"mkajic\" \/>\n\t<meta name=\"twitter:label2\" content=\"Est. reading time\" \/>\n\t<meta name=\"twitter:data2\" content=\"3 minutes\" \/>\n<script type=\"application\/ld+json\" class=\"yoast-schema-graph\">{\"@context\":\"https:\\\/\\\/schema.org\",\"@graph\":[{\"@type\":\"Article\",\"@id\":\"https:\\\/\\\/www.evropskakuca.me\\\/me\\\/dvije-trecine-gradana-podrzava-ulazak-crne-gore-u-evropsku-uniju\\\/#article\",\"isPartOf\":{\"@id\":\"https:\\\/\\\/www.evropskakuca.me\\\/me\\\/dvije-trecine-gradana-podrzava-ulazak-crne-gore-u-evropsku-uniju\\\/\"},\"author\":{\"name\":\"mkajic\",\"@id\":\"https:\\\/\\\/www.evropskakuca.me\\\/me\\\/#\\\/schema\\\/person\\\/a1d0dcdaefe4a1cd1d60d200ea137ba4\"},\"headline\":\"Dvije tre\u0107ine gra\u0111ana podr\u017eava ulazak Crne Gore u Evropsku uniju\",\"datePublished\":\"2020-02-05T13:43:14+00:00\",\"mainEntityOfPage\":{\"@id\":\"https:\\\/\\\/www.evropskakuca.me\\\/me\\\/dvije-trecine-gradana-podrzava-ulazak-crne-gore-u-evropsku-uniju\\\/\"},\"wordCount\":684,\"commentCount\":0,\"publisher\":{\"@id\":\"https:\\\/\\\/www.evropskakuca.me\\\/me\\\/#organization\"},\"image\":{\"@id\":\"https:\\\/\\\/www.evropskakuca.me\\\/me\\\/dvije-trecine-gradana-podrzava-ulazak-crne-gore-u-evropsku-uniju\\\/#primaryimage\"},\"thumbnailUrl\":\"https:\\\/\\\/www.evropskakuca.me\\\/wp-content\\\/uploads\\\/2020\\\/02\\\/istrazivanje-scaled.jpg\",\"inLanguage\":\"me-ME\",\"potentialAction\":[{\"@type\":\"CommentAction\",\"name\":\"Comment\",\"target\":[\"https:\\\/\\\/www.evropskakuca.me\\\/me\\\/dvije-trecine-gradana-podrzava-ulazak-crne-gore-u-evropsku-uniju\\\/#respond\"]}]},{\"@type\":\"WebPage\",\"@id\":\"https:\\\/\\\/www.evropskakuca.me\\\/me\\\/dvije-trecine-gradana-podrzava-ulazak-crne-gore-u-evropsku-uniju\\\/\",\"url\":\"https:\\\/\\\/www.evropskakuca.me\\\/me\\\/dvije-trecine-gradana-podrzava-ulazak-crne-gore-u-evropsku-uniju\\\/\",\"name\":\"Dvije tre\u0107ine gra\u0111ana podr\u017eava ulazak Crne Gore u Evropsku uniju - Europe House\",\"isPartOf\":{\"@id\":\"https:\\\/\\\/www.evropskakuca.me\\\/me\\\/#website\"},\"primaryImageOfPage\":{\"@id\":\"https:\\\/\\\/www.evropskakuca.me\\\/me\\\/dvije-trecine-gradana-podrzava-ulazak-crne-gore-u-evropsku-uniju\\\/#primaryimage\"},\"image\":{\"@id\":\"https:\\\/\\\/www.evropskakuca.me\\\/me\\\/dvije-trecine-gradana-podrzava-ulazak-crne-gore-u-evropsku-uniju\\\/#primaryimage\"},\"thumbnailUrl\":\"https:\\\/\\\/www.evropskakuca.me\\\/wp-content\\\/uploads\\\/2020\\\/02\\\/istrazivanje-scaled.jpg\",\"datePublished\":\"2020-02-05T13:43:14+00:00\",\"breadcrumb\":{\"@id\":\"https:\\\/\\\/www.evropskakuca.me\\\/me\\\/dvije-trecine-gradana-podrzava-ulazak-crne-gore-u-evropsku-uniju\\\/#breadcrumb\"},\"inLanguage\":\"me-ME\",\"potentialAction\":[{\"@type\":\"ReadAction\",\"target\":[\"https:\\\/\\\/www.evropskakuca.me\\\/me\\\/dvije-trecine-gradana-podrzava-ulazak-crne-gore-u-evropsku-uniju\\\/\"]}]},{\"@type\":\"ImageObject\",\"inLanguage\":\"me-ME\",\"@id\":\"https:\\\/\\\/www.evropskakuca.me\\\/me\\\/dvije-trecine-gradana-podrzava-ulazak-crne-gore-u-evropsku-uniju\\\/#primaryimage\",\"url\":\"https:\\\/\\\/www.evropskakuca.me\\\/wp-content\\\/uploads\\\/2020\\\/02\\\/istrazivanje-scaled.jpg\",\"contentUrl\":\"https:\\\/\\\/www.evropskakuca.me\\\/wp-content\\\/uploads\\\/2020\\\/02\\\/istrazivanje-scaled.jpg\",\"width\":2560,\"height\":1707},{\"@type\":\"BreadcrumbList\",\"@id\":\"https:\\\/\\\/www.evropskakuca.me\\\/me\\\/dvije-trecine-gradana-podrzava-ulazak-crne-gore-u-evropsku-uniju\\\/#breadcrumb\",\"itemListElement\":[{\"@type\":\"ListItem\",\"position\":1,\"name\":\"Home\",\"item\":\"https:\\\/\\\/www.evropskakuca.me\\\/me\\\/\"},{\"@type\":\"ListItem\",\"position\":2,\"name\":\"Dvije tre\u0107ine gra\u0111ana podr\u017eava ulazak Crne Gore u Evropsku uniju\"}]},{\"@type\":\"WebSite\",\"@id\":\"https:\\\/\\\/www.evropskakuca.me\\\/me\\\/#website\",\"url\":\"https:\\\/\\\/www.evropskakuca.me\\\/me\\\/\",\"name\":\"Evropean house\",\"description\":\"\",\"publisher\":{\"@id\":\"https:\\\/\\\/www.evropskakuca.me\\\/me\\\/#organization\"},\"potentialAction\":[{\"@type\":\"SearchAction\",\"target\":{\"@type\":\"EntryPoint\",\"urlTemplate\":\"https:\\\/\\\/www.evropskakuca.me\\\/me\\\/?s={search_term_string}\"},\"query-input\":{\"@type\":\"PropertyValueSpecification\",\"valueRequired\":true,\"valueName\":\"search_term_string\"}}],\"inLanguage\":\"me-ME\"},{\"@type\":\"Organization\",\"@id\":\"https:\\\/\\\/www.evropskakuca.me\\\/me\\\/#organization\",\"name\":\"Evropean house\",\"url\":\"https:\\\/\\\/www.evropskakuca.me\\\/me\\\/\",\"logo\":{\"@type\":\"ImageObject\",\"inLanguage\":\"me-ME\",\"@id\":\"https:\\\/\\\/www.evropskakuca.me\\\/me\\\/#\\\/schema\\\/logo\\\/image\\\/\",\"url\":\"https:\\\/\\\/www.evropskakuca.me\\\/wp-content\\\/uploads\\\/2025\\\/01\\\/evropska-kuca-logo-1.png\",\"contentUrl\":\"https:\\\/\\\/www.evropskakuca.me\\\/wp-content\\\/uploads\\\/2025\\\/01\\\/evropska-kuca-logo-1.png\",\"width\":425,\"height\":312,\"caption\":\"Evropean house\"},\"image\":{\"@id\":\"https:\\\/\\\/www.evropskakuca.me\\\/me\\\/#\\\/schema\\\/logo\\\/image\\\/\"},\"sameAs\":[\"https:\\\/\\\/www.facebook.com\\\/evropska.kuca\",\"https:\\\/\\\/x.com\\\/evropska_kuca\",\"https:\\\/\\\/www.instagram.com\\\/evropska_kuca\"]},{\"@type\":\"Person\",\"@id\":\"https:\\\/\\\/www.evropskakuca.me\\\/me\\\/#\\\/schema\\\/person\\\/a1d0dcdaefe4a1cd1d60d200ea137ba4\",\"name\":\"mkajic\",\"image\":{\"@type\":\"ImageObject\",\"inLanguage\":\"me-ME\",\"@id\":\"https:\\\/\\\/secure.gravatar.com\\\/avatar\\\/731fa035cefab7316e6bafd1f25a93fb731a07de14e2d9923f8db4422628eabc?s=96&d=mm&r=g\",\"url\":\"https:\\\/\\\/secure.gravatar.com\\\/avatar\\\/731fa035cefab7316e6bafd1f25a93fb731a07de14e2d9923f8db4422628eabc?s=96&d=mm&r=g\",\"contentUrl\":\"https:\\\/\\\/secure.gravatar.com\\\/avatar\\\/731fa035cefab7316e6bafd1f25a93fb731a07de14e2d9923f8db4422628eabc?s=96&d=mm&r=g\",\"caption\":\"mkajic\"},\"sameAs\":[\"https:\\\/\\\/evropskakuca.me\"],\"url\":\"https:\\\/\\\/www.evropskakuca.me\\\/me\\\/author\\\/mkajic\\\/\"}]}<\/script>\n<!-- \/ Yoast SEO plugin. -->","yoast_head_json":{"title":"Dvije tre\u0107ine gra\u0111ana podr\u017eava ulazak Crne Gore u Evropsku uniju - Europe House","robots":{"index":"index","follow":"follow","max-snippet":"max-snippet:-1","max-image-preview":"max-image-preview:large","max-video-preview":"max-video-preview:-1"},"canonical":"https:\/\/www.evropskakuca.me\/me\/dvije-trecine-gradana-podrzava-ulazak-crne-gore-u-evropsku-uniju\/","og_locale":"en_US","og_type":"article","og_title":"Dvije tre\u0107ine gra\u0111ana podr\u017eava ulazak Crne Gore u Evropsku uniju - Europe House","og_description":"Istra\u017eivanje javnog mnjenja o evropskim integracijama sprovedeno u decembru pro\u0161le godine","og_url":"https:\/\/www.evropskakuca.me\/me\/dvije-trecine-gradana-podrzava-ulazak-crne-gore-u-evropsku-uniju\/","og_site_name":"Europe House","article_publisher":"https:\/\/www.facebook.com\/evropska.kuca","article_published_time":"2020-02-05T13:43:14+00:00","og_image":[{"width":2560,"height":1707,"url":"https:\/\/www.evropskakuca.me\/wp-content\/uploads\/2020\/02\/istrazivanje-scaled.jpg","type":"image\/jpeg"}],"author":"mkajic","twitter_card":"summary_large_image","twitter_creator":"@evropska_kuca","twitter_site":"@evropska_kuca","twitter_misc":{"Written by":"mkajic","Est. reading time":"3 minutes"},"schema":{"@context":"https:\/\/schema.org","@graph":[{"@type":"Article","@id":"https:\/\/www.evropskakuca.me\/me\/dvije-trecine-gradana-podrzava-ulazak-crne-gore-u-evropsku-uniju\/#article","isPartOf":{"@id":"https:\/\/www.evropskakuca.me\/me\/dvije-trecine-gradana-podrzava-ulazak-crne-gore-u-evropsku-uniju\/"},"author":{"name":"mkajic","@id":"https:\/\/www.evropskakuca.me\/me\/#\/schema\/person\/a1d0dcdaefe4a1cd1d60d200ea137ba4"},"headline":"Dvije tre\u0107ine gra\u0111ana podr\u017eava ulazak Crne Gore u Evropsku uniju","datePublished":"2020-02-05T13:43:14+00:00","mainEntityOfPage":{"@id":"https:\/\/www.evropskakuca.me\/me\/dvije-trecine-gradana-podrzava-ulazak-crne-gore-u-evropsku-uniju\/"},"wordCount":684,"commentCount":0,"publisher":{"@id":"https:\/\/www.evropskakuca.me\/me\/#organization"},"image":{"@id":"https:\/\/www.evropskakuca.me\/me\/dvije-trecine-gradana-podrzava-ulazak-crne-gore-u-evropsku-uniju\/#primaryimage"},"thumbnailUrl":"https:\/\/www.evropskakuca.me\/wp-content\/uploads\/2020\/02\/istrazivanje-scaled.jpg","inLanguage":"me-ME","potentialAction":[{"@type":"CommentAction","name":"Comment","target":["https:\/\/www.evropskakuca.me\/me\/dvije-trecine-gradana-podrzava-ulazak-crne-gore-u-evropsku-uniju\/#respond"]}]},{"@type":"WebPage","@id":"https:\/\/www.evropskakuca.me\/me\/dvije-trecine-gradana-podrzava-ulazak-crne-gore-u-evropsku-uniju\/","url":"https:\/\/www.evropskakuca.me\/me\/dvije-trecine-gradana-podrzava-ulazak-crne-gore-u-evropsku-uniju\/","name":"Dvije tre\u0107ine gra\u0111ana podr\u017eava ulazak Crne Gore u Evropsku uniju - Europe House","isPartOf":{"@id":"https:\/\/www.evropskakuca.me\/me\/#website"},"primaryImageOfPage":{"@id":"https:\/\/www.evropskakuca.me\/me\/dvije-trecine-gradana-podrzava-ulazak-crne-gore-u-evropsku-uniju\/#primaryimage"},"image":{"@id":"https:\/\/www.evropskakuca.me\/me\/dvije-trecine-gradana-podrzava-ulazak-crne-gore-u-evropsku-uniju\/#primaryimage"},"thumbnailUrl":"https:\/\/www.evropskakuca.me\/wp-content\/uploads\/2020\/02\/istrazivanje-scaled.jpg","datePublished":"2020-02-05T13:43:14+00:00","breadcrumb":{"@id":"https:\/\/www.evropskakuca.me\/me\/dvije-trecine-gradana-podrzava-ulazak-crne-gore-u-evropsku-uniju\/#breadcrumb"},"inLanguage":"me-ME","potentialAction":[{"@type":"ReadAction","target":["https:\/\/www.evropskakuca.me\/me\/dvije-trecine-gradana-podrzava-ulazak-crne-gore-u-evropsku-uniju\/"]}]},{"@type":"ImageObject","inLanguage":"me-ME","@id":"https:\/\/www.evropskakuca.me\/me\/dvije-trecine-gradana-podrzava-ulazak-crne-gore-u-evropsku-uniju\/#primaryimage","url":"https:\/\/www.evropskakuca.me\/wp-content\/uploads\/2020\/02\/istrazivanje-scaled.jpg","contentUrl":"https:\/\/www.evropskakuca.me\/wp-content\/uploads\/2020\/02\/istrazivanje-scaled.jpg","width":2560,"height":1707},{"@type":"BreadcrumbList","@id":"https:\/\/www.evropskakuca.me\/me\/dvije-trecine-gradana-podrzava-ulazak-crne-gore-u-evropsku-uniju\/#breadcrumb","itemListElement":[{"@type":"ListItem","position":1,"name":"Home","item":"https:\/\/www.evropskakuca.me\/me\/"},{"@type":"ListItem","position":2,"name":"Dvije tre\u0107ine gra\u0111ana podr\u017eava ulazak Crne Gore u Evropsku uniju"}]},{"@type":"WebSite","@id":"https:\/\/www.evropskakuca.me\/me\/#website","url":"https:\/\/www.evropskakuca.me\/me\/","name":"Evropean house","description":"","publisher":{"@id":"https:\/\/www.evropskakuca.me\/me\/#organization"},"potentialAction":[{"@type":"SearchAction","target":{"@type":"EntryPoint","urlTemplate":"https:\/\/www.evropskakuca.me\/me\/?s={search_term_string}"},"query-input":{"@type":"PropertyValueSpecification","valueRequired":true,"valueName":"search_term_string"}}],"inLanguage":"me-ME"},{"@type":"Organization","@id":"https:\/\/www.evropskakuca.me\/me\/#organization","name":"Evropean house","url":"https:\/\/www.evropskakuca.me\/me\/","logo":{"@type":"ImageObject","inLanguage":"me-ME","@id":"https:\/\/www.evropskakuca.me\/me\/#\/schema\/logo\/image\/","url":"https:\/\/www.evropskakuca.me\/wp-content\/uploads\/2025\/01\/evropska-kuca-logo-1.png","contentUrl":"https:\/\/www.evropskakuca.me\/wp-content\/uploads\/2025\/01\/evropska-kuca-logo-1.png","width":425,"height":312,"caption":"Evropean house"},"image":{"@id":"https:\/\/www.evropskakuca.me\/me\/#\/schema\/logo\/image\/"},"sameAs":["https:\/\/www.facebook.com\/evropska.kuca","https:\/\/x.com\/evropska_kuca","https:\/\/www.instagram.com\/evropska_kuca"]},{"@type":"Person","@id":"https:\/\/www.evropskakuca.me\/me\/#\/schema\/person\/a1d0dcdaefe4a1cd1d60d200ea137ba4","name":"mkajic","image":{"@type":"ImageObject","inLanguage":"me-ME","@id":"https:\/\/secure.gravatar.com\/avatar\/731fa035cefab7316e6bafd1f25a93fb731a07de14e2d9923f8db4422628eabc?s=96&d=mm&r=g","url":"https:\/\/secure.gravatar.com\/avatar\/731fa035cefab7316e6bafd1f25a93fb731a07de14e2d9923f8db4422628eabc?s=96&d=mm&r=g","contentUrl":"https:\/\/secure.gravatar.com\/avatar\/731fa035cefab7316e6bafd1f25a93fb731a07de14e2d9923f8db4422628eabc?s=96&d=mm&r=g","caption":"mkajic"},"sameAs":["https:\/\/evropskakuca.me"],"url":"https:\/\/www.evropskakuca.me\/me\/author\/mkajic\/"}]}},"_links":{"self":[{"href":"https:\/\/www.evropskakuca.me\/me\/wp-json\/wp\/v2\/posts\/7789","targetHints":{"allow":["GET"]}}],"collection":[{"href":"https:\/\/www.evropskakuca.me\/me\/wp-json\/wp\/v2\/posts"}],"about":[{"href":"https:\/\/www.evropskakuca.me\/me\/wp-json\/wp\/v2\/types\/post"}],"author":[{"embeddable":true,"href":"https:\/\/www.evropskakuca.me\/me\/wp-json\/wp\/v2\/users\/1"}],"replies":[{"embeddable":true,"href":"https:\/\/www.evropskakuca.me\/me\/wp-json\/wp\/v2\/comments?post=7789"}],"version-history":[{"count":0,"href":"https:\/\/www.evropskakuca.me\/me\/wp-json\/wp\/v2\/posts\/7789\/revisions"}],"wp:featuredmedia":[{"embeddable":true,"href":"https:\/\/www.evropskakuca.me\/me\/wp-json\/wp\/v2\/media\/35076"}],"wp:attachment":[{"href":"https:\/\/www.evropskakuca.me\/me\/wp-json\/wp\/v2\/media?parent=7789"}],"wp:term":[{"taxonomy":"category","embeddable":true,"href":"https:\/\/www.evropskakuca.me\/me\/wp-json\/wp\/v2\/categories?post=7789"},{"taxonomy":"post_tag","embeddable":true,"href":"https:\/\/www.evropskakuca.me\/me\/wp-json\/wp\/v2\/tags?post=7789"}],"curies":[{"name":"wp","href":"https:\/\/api.w.org\/{rel}","templated":true}]}}