{"id":7779,"date":"2020-01-31T12:27:09","date_gmt":"2020-01-31T12:27:09","guid":{"rendered":"http:\/\/www.evropskakuca.me\/me\/?p=7779"},"modified":"2020-01-31T12:27:09","modified_gmt":"2020-01-31T12:27:09","slug":"povecana-bezbjednost-hrane-i-konkurentnost-domacih-proizvodaca","status":"publish","type":"post","link":"https:\/\/www.evropskakuca.me\/me\/povecana-bezbjednost-hrane-i-konkurentnost-domacih-proizvodaca\/","title":{"rendered":"Pove\u0107ana bezbjednost hrane i konkurentnost doma\u0107ih proizvo\u0111a\u010da"},"content":{"rendered":"<p>Projekat \u201ePodr\u0161ka veterinarskom sektoru Crne Gore\u201c, koji je Evropska unija finansirala sa 700 000\u00a0 eura, uspio je da za godinu i po zna\u010dajno unaprijedi ovaj sektor u Crnoj Gori. Najjednostavnije re\u010deno, bolja za\u0161tita zdravlja \u017eivotinja pove\u0107ala je za\u0161titu zdravlja ljudi, a sve kroz unapre\u0111enje sektora bezbjednosti hrane \u2013 zaklju\u010dak je zavr\u0161ne konferencije organizovane u EU info centru, povodom kraja projekta koji je po\u010deo u julu 2018. godine.<\/p>\n<p>Ciljevi projekta definisani su kroz pet komponenti: uskla\u0111ivanje nacionalnog zakonodavstva sa zakonodavstvom EU, ja\u010danje kapaciteta veterinarskih slu\u017ebi, kontrola i monitoring bolesti \u017eivotinja, unaprje\u0111enje sistema kontrole zdravlja vimena i kvaliteta sirovog mlijeka i ja\u010danje kapaciteta uprave za kontrolu pasa lutalica.<\/p>\n<p><img fetchpriority=\"high\" decoding=\"async\" class=\"alignnone size-large wp-image-7782\" src=\"http:\/\/www.evropskakuca.me\/wp-content\/uploads\/2020\/01\/eu-41-1024x683.jpg\" alt=\"\" width=\"1024\" height=\"683\" \/><\/p>\n<p>\u201eSve aktivnosti dizajnirane su sa krajnjim ciljem za\u0161tite zdravlja potro\u0161a\u010da. Potro\u0161a\u010di imaju pravo da o\u010dekuju da je hrana koju kupuju bezbjedna, a mi smo tu da uspostavimo sistem koji \u0107e garantovati ovo pravo kroz primjenu odgovaraju\u0107ih standarda sistema kvaliteta i pra\u0107enja proizvoda \u201eod njive do trpeze\u201c, kazala je Vesna Dakovi\u0107, direktorica Uprave za\u00a0 bezbjednost hrane, veterinu i fitosanitarne poslove, koja je sprovodila projekat.<\/p>\n<p>Pored Uprave, direktni korisnici projekta bili su Ministarstvo poljoprivrede i ruralnog razvoja, laboratorije, lokalne samouprave, autorizovani veterinari, te lica koja su odgovorna u lancu proizvodnje hrane i za\u0161tite zdravlja \u017eivotinja. U Ministarstvu poljoprivrede i ruralnog razvoja posebno nagla\u0161avaju zna\u010daj projekta kada je rije\u010d o napretku pregovora u poglavlju 12 &#8211; bezbjednost hrane, veterina i fitosanitarni poslovi, ali i njegov doprinos doma\u0107im proizvo\u0111a\u010dima.<\/p>\n<p><img decoding=\"async\" class=\"alignnone size-large wp-image-7784\" src=\"http:\/\/www.evropskakuca.me\/wp-content\/uploads\/2020\/01\/eu-9-1024x683.jpg\" alt=\"\" width=\"1024\" height=\"683\" \/><\/p>\n<p>\u201eHtjela bih da naglasim va\u017enost ovog projekta za crnogorske poljoprivredne proizvo\u0111a\u010de i njihovu konkurentnost. Izgradnja sistema pra\u0107enja i kontrole zdravlja \u017eivotinja i bezbjednosti hrane \u017eivotinjsog porijekla je jedan od osnovnih uslova za uspostavljanje visokih standarda u sto\u010darkoj proizvodnji, ali i uslov za nesmetanu unutra\u0161nju i me\u0111unarodnu trgovinu \u017eivotinjama i proizvodima \u017eivotinjsog porijekla\u201c, navela je Radana Damjanovi\u0107, generalna direktorica Direktorata za poljoprivredu.<\/p>\n<p>Ovaj projekat vrijedan vi\u0161e od 700 000 eura podr\u017eao je Crnu Goru u unapre\u0111enju za\u0161tite zdravlja ljudi i \u017eivotinja i pobolj\u0161anju standarda bezbjednosti hrane, podsjetio je Herman Spitz, \u0161ef Odjeljenja za saradnju u Delegaciji EU u Crnoj Gori. On je pojasnio da je projekat dio ve\u0107e podr\u0161ke EU veterinarskom sektoru Crne Gore, \u010dija je ukupna vrijednost bila 2,3 miliona eura.<\/p>\n<p>\u201cSa zadovoljstvom mo\u017eemo da ka\u017eemo da je projekat doprinjeo daljem uskla\u0111ivanju nacionalnog zakonodavstva kroz poglavlje 12. Oja\u010dao je zvani\u010dnu kontrolu, pobolj\u0161ao kapacitete za efikasnu kontrolu i iskorjenjivanje bolesti \u017eivotinja i pobolj\u0161ao process planiranja u vanrednim situacijama. Kroz ovaj projekat EU se pridru\u017eila naporima Ministarstva poljoprivrede i ruralnog razvoja da pobolj\u0161a zdravlja vimena i kvaliteta sirovog mleka. Sve to ura\u0111eno je sa jednim ciljem &#8211; tako da gra\u0111ani Crne Gore mogu imati najkvalitetnije proizvode, istovremeno osiguravajuc\u0301i da su sigurne i \u017eivotinje i potro\u0161a\u010di\u201d, rekao je Spitz.<\/p>\n<p>Tokom 18 mjeseci, koliko je projekat trajao, blizu 400 ljudi je u\u010destvovalo u obukama (me\u0111u njima su zaposleni u dr\u017eavnim organima, farmeri, predstavnici nevladinog sektora, veterinari&#8230;). Isporu\u010deno je oko 900 dokumenata, me\u0111u kojima su najva\u017enija \u010detiri nacrta zakona iz ove oblasti.<\/p>\n<p>&nbsp;<\/p>\n","protected":false},"excerpt":{"rendered":"<p>Zavr\u0161en projekat \u201ePodr\u0161ka veterinarskom sektoru Crne Gore\u201c, koji je Evropska unija finansirala sa 700 000  eura<\/p>\n","protected":false},"author":1,"featured_media":35038,"comment_status":"open","ping_status":"open","sticky":false,"template":"","format":"standard","meta":{"_acf_changed":false,"footnotes":""},"categories":[283],"tags":[],"class_list":["post-7779","post","type-post","status-publish","format-standard","has-post-thumbnail","hentry","category-novosti-me"],"acf":[],"yoast_head":"<!-- This site is optimized with the Yoast SEO plugin v27.3 - https:\/\/yoast.com\/product\/yoast-seo-wordpress\/ -->\n<title>Pove\u0107ana bezbjednost hrane i konkurentnost doma\u0107ih proizvo\u0111a\u010da - Europe House<\/title>\n<meta name=\"robots\" content=\"index, follow, max-snippet:-1, max-image-preview:large, max-video-preview:-1\" \/>\n<link rel=\"canonical\" href=\"https:\/\/www.evropskakuca.me\/me\/povecana-bezbjednost-hrane-i-konkurentnost-domacih-proizvodaca\/\" \/>\n<meta property=\"og:locale\" content=\"en_US\" \/>\n<meta property=\"og:type\" content=\"article\" \/>\n<meta property=\"og:title\" content=\"Pove\u0107ana bezbjednost hrane i konkurentnost doma\u0107ih proizvo\u0111a\u010da - Europe House\" \/>\n<meta property=\"og:description\" content=\"Zavr\u0161en projekat \u201ePodr\u0161ka veterinarskom sektoru Crne Gore\u201c, koji je Evropska unija finansirala sa 700 000 eura\" \/>\n<meta property=\"og:url\" content=\"https:\/\/www.evropskakuca.me\/me\/povecana-bezbjednost-hrane-i-konkurentnost-domacih-proizvodaca\/\" \/>\n<meta property=\"og:site_name\" content=\"Europe House\" \/>\n<meta property=\"article:publisher\" content=\"https:\/\/www.facebook.com\/evropska.kuca\" \/>\n<meta property=\"article:published_time\" content=\"2020-01-31T12:27:09+00:00\" \/>\n<meta property=\"og:image\" content=\"https:\/\/www.evropskakuca.me\/wp-content\/uploads\/2020\/01\/eu-6-scaled.jpg\" \/>\n\t<meta property=\"og:image:width\" content=\"2560\" \/>\n\t<meta property=\"og:image:height\" content=\"1706\" \/>\n\t<meta property=\"og:image:type\" content=\"image\/jpeg\" \/>\n<meta name=\"author\" content=\"mkajic\" \/>\n<meta name=\"twitter:card\" content=\"summary_large_image\" \/>\n<meta name=\"twitter:creator\" content=\"@evropska_kuca\" \/>\n<meta name=\"twitter:site\" content=\"@evropska_kuca\" \/>\n<meta name=\"twitter:label1\" content=\"Written by\" \/>\n\t<meta name=\"twitter:data1\" content=\"mkajic\" \/>\n\t<meta name=\"twitter:label2\" content=\"Est. reading time\" \/>\n\t<meta name=\"twitter:data2\" content=\"3 minutes\" \/>\n<script type=\"application\/ld+json\" class=\"yoast-schema-graph\">{\"@context\":\"https:\\\/\\\/schema.org\",\"@graph\":[{\"@type\":\"Article\",\"@id\":\"https:\\\/\\\/www.evropskakuca.me\\\/me\\\/povecana-bezbjednost-hrane-i-konkurentnost-domacih-proizvodaca\\\/#article\",\"isPartOf\":{\"@id\":\"https:\\\/\\\/www.evropskakuca.me\\\/me\\\/povecana-bezbjednost-hrane-i-konkurentnost-domacih-proizvodaca\\\/\"},\"author\":{\"name\":\"mkajic\",\"@id\":\"https:\\\/\\\/www.evropskakuca.me\\\/me\\\/#\\\/schema\\\/person\\\/a1d0dcdaefe4a1cd1d60d200ea137ba4\"},\"headline\":\"Pove\u0107ana bezbjednost hrane i konkurentnost doma\u0107ih proizvo\u0111a\u010da\",\"datePublished\":\"2020-01-31T12:27:09+00:00\",\"mainEntityOfPage\":{\"@id\":\"https:\\\/\\\/www.evropskakuca.me\\\/me\\\/povecana-bezbjednost-hrane-i-konkurentnost-domacih-proizvodaca\\\/\"},\"wordCount\":541,\"commentCount\":0,\"publisher\":{\"@id\":\"https:\\\/\\\/www.evropskakuca.me\\\/me\\\/#organization\"},\"image\":{\"@id\":\"https:\\\/\\\/www.evropskakuca.me\\\/me\\\/povecana-bezbjednost-hrane-i-konkurentnost-domacih-proizvodaca\\\/#primaryimage\"},\"thumbnailUrl\":\"https:\\\/\\\/www.evropskakuca.me\\\/wp-content\\\/uploads\\\/2020\\\/01\\\/eu-6-scaled.jpg\",\"articleSection\":[\"Novosti\"],\"inLanguage\":\"me-ME\",\"potentialAction\":[{\"@type\":\"CommentAction\",\"name\":\"Comment\",\"target\":[\"https:\\\/\\\/www.evropskakuca.me\\\/me\\\/povecana-bezbjednost-hrane-i-konkurentnost-domacih-proizvodaca\\\/#respond\"]}]},{\"@type\":\"WebPage\",\"@id\":\"https:\\\/\\\/www.evropskakuca.me\\\/me\\\/povecana-bezbjednost-hrane-i-konkurentnost-domacih-proizvodaca\\\/\",\"url\":\"https:\\\/\\\/www.evropskakuca.me\\\/me\\\/povecana-bezbjednost-hrane-i-konkurentnost-domacih-proizvodaca\\\/\",\"name\":\"Pove\u0107ana bezbjednost hrane i konkurentnost doma\u0107ih proizvo\u0111a\u010da - Europe House\",\"isPartOf\":{\"@id\":\"https:\\\/\\\/www.evropskakuca.me\\\/me\\\/#website\"},\"primaryImageOfPage\":{\"@id\":\"https:\\\/\\\/www.evropskakuca.me\\\/me\\\/povecana-bezbjednost-hrane-i-konkurentnost-domacih-proizvodaca\\\/#primaryimage\"},\"image\":{\"@id\":\"https:\\\/\\\/www.evropskakuca.me\\\/me\\\/povecana-bezbjednost-hrane-i-konkurentnost-domacih-proizvodaca\\\/#primaryimage\"},\"thumbnailUrl\":\"https:\\\/\\\/www.evropskakuca.me\\\/wp-content\\\/uploads\\\/2020\\\/01\\\/eu-6-scaled.jpg\",\"datePublished\":\"2020-01-31T12:27:09+00:00\",\"breadcrumb\":{\"@id\":\"https:\\\/\\\/www.evropskakuca.me\\\/me\\\/povecana-bezbjednost-hrane-i-konkurentnost-domacih-proizvodaca\\\/#breadcrumb\"},\"inLanguage\":\"me-ME\",\"potentialAction\":[{\"@type\":\"ReadAction\",\"target\":[\"https:\\\/\\\/www.evropskakuca.me\\\/me\\\/povecana-bezbjednost-hrane-i-konkurentnost-domacih-proizvodaca\\\/\"]}]},{\"@type\":\"ImageObject\",\"inLanguage\":\"me-ME\",\"@id\":\"https:\\\/\\\/www.evropskakuca.me\\\/me\\\/povecana-bezbjednost-hrane-i-konkurentnost-domacih-proizvodaca\\\/#primaryimage\",\"url\":\"https:\\\/\\\/www.evropskakuca.me\\\/wp-content\\\/uploads\\\/2020\\\/01\\\/eu-6-scaled.jpg\",\"contentUrl\":\"https:\\\/\\\/www.evropskakuca.me\\\/wp-content\\\/uploads\\\/2020\\\/01\\\/eu-6-scaled.jpg\",\"width\":2560,\"height\":1706},{\"@type\":\"BreadcrumbList\",\"@id\":\"https:\\\/\\\/www.evropskakuca.me\\\/me\\\/povecana-bezbjednost-hrane-i-konkurentnost-domacih-proizvodaca\\\/#breadcrumb\",\"itemListElement\":[{\"@type\":\"ListItem\",\"position\":1,\"name\":\"Home\",\"item\":\"https:\\\/\\\/www.evropskakuca.me\\\/me\\\/\"},{\"@type\":\"ListItem\",\"position\":2,\"name\":\"Pove\u0107ana bezbjednost hrane i konkurentnost doma\u0107ih proizvo\u0111a\u010da\"}]},{\"@type\":\"WebSite\",\"@id\":\"https:\\\/\\\/www.evropskakuca.me\\\/me\\\/#website\",\"url\":\"https:\\\/\\\/www.evropskakuca.me\\\/me\\\/\",\"name\":\"Evropean house\",\"description\":\"\",\"publisher\":{\"@id\":\"https:\\\/\\\/www.evropskakuca.me\\\/me\\\/#organization\"},\"potentialAction\":[{\"@type\":\"SearchAction\",\"target\":{\"@type\":\"EntryPoint\",\"urlTemplate\":\"https:\\\/\\\/www.evropskakuca.me\\\/me\\\/?s={search_term_string}\"},\"query-input\":{\"@type\":\"PropertyValueSpecification\",\"valueRequired\":true,\"valueName\":\"search_term_string\"}}],\"inLanguage\":\"me-ME\"},{\"@type\":\"Organization\",\"@id\":\"https:\\\/\\\/www.evropskakuca.me\\\/me\\\/#organization\",\"name\":\"Evropean house\",\"url\":\"https:\\\/\\\/www.evropskakuca.me\\\/me\\\/\",\"logo\":{\"@type\":\"ImageObject\",\"inLanguage\":\"me-ME\",\"@id\":\"https:\\\/\\\/www.evropskakuca.me\\\/me\\\/#\\\/schema\\\/logo\\\/image\\\/\",\"url\":\"https:\\\/\\\/www.evropskakuca.me\\\/wp-content\\\/uploads\\\/2025\\\/01\\\/evropska-kuca-logo-1.png\",\"contentUrl\":\"https:\\\/\\\/www.evropskakuca.me\\\/wp-content\\\/uploads\\\/2025\\\/01\\\/evropska-kuca-logo-1.png\",\"width\":425,\"height\":312,\"caption\":\"Evropean house\"},\"image\":{\"@id\":\"https:\\\/\\\/www.evropskakuca.me\\\/me\\\/#\\\/schema\\\/logo\\\/image\\\/\"},\"sameAs\":[\"https:\\\/\\\/www.facebook.com\\\/evropska.kuca\",\"https:\\\/\\\/x.com\\\/evropska_kuca\",\"https:\\\/\\\/www.instagram.com\\\/evropska_kuca\"]},{\"@type\":\"Person\",\"@id\":\"https:\\\/\\\/www.evropskakuca.me\\\/me\\\/#\\\/schema\\\/person\\\/a1d0dcdaefe4a1cd1d60d200ea137ba4\",\"name\":\"mkajic\",\"image\":{\"@type\":\"ImageObject\",\"inLanguage\":\"me-ME\",\"@id\":\"https:\\\/\\\/secure.gravatar.com\\\/avatar\\\/731fa035cefab7316e6bafd1f25a93fb731a07de14e2d9923f8db4422628eabc?s=96&d=mm&r=g\",\"url\":\"https:\\\/\\\/secure.gravatar.com\\\/avatar\\\/731fa035cefab7316e6bafd1f25a93fb731a07de14e2d9923f8db4422628eabc?s=96&d=mm&r=g\",\"contentUrl\":\"https:\\\/\\\/secure.gravatar.com\\\/avatar\\\/731fa035cefab7316e6bafd1f25a93fb731a07de14e2d9923f8db4422628eabc?s=96&d=mm&r=g\",\"caption\":\"mkajic\"},\"sameAs\":[\"https:\\\/\\\/evropskakuca.me\"],\"url\":\"https:\\\/\\\/www.evropskakuca.me\\\/me\\\/author\\\/mkajic\\\/\"}]}<\/script>\n<!-- \/ Yoast SEO plugin. -->","yoast_head_json":{"title":"Pove\u0107ana bezbjednost hrane i konkurentnost doma\u0107ih proizvo\u0111a\u010da - Europe House","robots":{"index":"index","follow":"follow","max-snippet":"max-snippet:-1","max-image-preview":"max-image-preview:large","max-video-preview":"max-video-preview:-1"},"canonical":"https:\/\/www.evropskakuca.me\/me\/povecana-bezbjednost-hrane-i-konkurentnost-domacih-proizvodaca\/","og_locale":"en_US","og_type":"article","og_title":"Pove\u0107ana bezbjednost hrane i konkurentnost doma\u0107ih proizvo\u0111a\u010da - Europe House","og_description":"Zavr\u0161en projekat \u201ePodr\u0161ka veterinarskom sektoru Crne Gore\u201c, koji je Evropska unija finansirala sa 700 000 eura","og_url":"https:\/\/www.evropskakuca.me\/me\/povecana-bezbjednost-hrane-i-konkurentnost-domacih-proizvodaca\/","og_site_name":"Europe House","article_publisher":"https:\/\/www.facebook.com\/evropska.kuca","article_published_time":"2020-01-31T12:27:09+00:00","og_image":[{"width":2560,"height":1706,"url":"https:\/\/www.evropskakuca.me\/wp-content\/uploads\/2020\/01\/eu-6-scaled.jpg","type":"image\/jpeg"}],"author":"mkajic","twitter_card":"summary_large_image","twitter_creator":"@evropska_kuca","twitter_site":"@evropska_kuca","twitter_misc":{"Written by":"mkajic","Est. reading time":"3 minutes"},"schema":{"@context":"https:\/\/schema.org","@graph":[{"@type":"Article","@id":"https:\/\/www.evropskakuca.me\/me\/povecana-bezbjednost-hrane-i-konkurentnost-domacih-proizvodaca\/#article","isPartOf":{"@id":"https:\/\/www.evropskakuca.me\/me\/povecana-bezbjednost-hrane-i-konkurentnost-domacih-proizvodaca\/"},"author":{"name":"mkajic","@id":"https:\/\/www.evropskakuca.me\/me\/#\/schema\/person\/a1d0dcdaefe4a1cd1d60d200ea137ba4"},"headline":"Pove\u0107ana bezbjednost hrane i konkurentnost doma\u0107ih proizvo\u0111a\u010da","datePublished":"2020-01-31T12:27:09+00:00","mainEntityOfPage":{"@id":"https:\/\/www.evropskakuca.me\/me\/povecana-bezbjednost-hrane-i-konkurentnost-domacih-proizvodaca\/"},"wordCount":541,"commentCount":0,"publisher":{"@id":"https:\/\/www.evropskakuca.me\/me\/#organization"},"image":{"@id":"https:\/\/www.evropskakuca.me\/me\/povecana-bezbjednost-hrane-i-konkurentnost-domacih-proizvodaca\/#primaryimage"},"thumbnailUrl":"https:\/\/www.evropskakuca.me\/wp-content\/uploads\/2020\/01\/eu-6-scaled.jpg","articleSection":["Novosti"],"inLanguage":"me-ME","potentialAction":[{"@type":"CommentAction","name":"Comment","target":["https:\/\/www.evropskakuca.me\/me\/povecana-bezbjednost-hrane-i-konkurentnost-domacih-proizvodaca\/#respond"]}]},{"@type":"WebPage","@id":"https:\/\/www.evropskakuca.me\/me\/povecana-bezbjednost-hrane-i-konkurentnost-domacih-proizvodaca\/","url":"https:\/\/www.evropskakuca.me\/me\/povecana-bezbjednost-hrane-i-konkurentnost-domacih-proizvodaca\/","name":"Pove\u0107ana bezbjednost hrane i konkurentnost doma\u0107ih proizvo\u0111a\u010da - Europe House","isPartOf":{"@id":"https:\/\/www.evropskakuca.me\/me\/#website"},"primaryImageOfPage":{"@id":"https:\/\/www.evropskakuca.me\/me\/povecana-bezbjednost-hrane-i-konkurentnost-domacih-proizvodaca\/#primaryimage"},"image":{"@id":"https:\/\/www.evropskakuca.me\/me\/povecana-bezbjednost-hrane-i-konkurentnost-domacih-proizvodaca\/#primaryimage"},"thumbnailUrl":"https:\/\/www.evropskakuca.me\/wp-content\/uploads\/2020\/01\/eu-6-scaled.jpg","datePublished":"2020-01-31T12:27:09+00:00","breadcrumb":{"@id":"https:\/\/www.evropskakuca.me\/me\/povecana-bezbjednost-hrane-i-konkurentnost-domacih-proizvodaca\/#breadcrumb"},"inLanguage":"me-ME","potentialAction":[{"@type":"ReadAction","target":["https:\/\/www.evropskakuca.me\/me\/povecana-bezbjednost-hrane-i-konkurentnost-domacih-proizvodaca\/"]}]},{"@type":"ImageObject","inLanguage":"me-ME","@id":"https:\/\/www.evropskakuca.me\/me\/povecana-bezbjednost-hrane-i-konkurentnost-domacih-proizvodaca\/#primaryimage","url":"https:\/\/www.evropskakuca.me\/wp-content\/uploads\/2020\/01\/eu-6-scaled.jpg","contentUrl":"https:\/\/www.evropskakuca.me\/wp-content\/uploads\/2020\/01\/eu-6-scaled.jpg","width":2560,"height":1706},{"@type":"BreadcrumbList","@id":"https:\/\/www.evropskakuca.me\/me\/povecana-bezbjednost-hrane-i-konkurentnost-domacih-proizvodaca\/#breadcrumb","itemListElement":[{"@type":"ListItem","position":1,"name":"Home","item":"https:\/\/www.evropskakuca.me\/me\/"},{"@type":"ListItem","position":2,"name":"Pove\u0107ana bezbjednost hrane i konkurentnost doma\u0107ih proizvo\u0111a\u010da"}]},{"@type":"WebSite","@id":"https:\/\/www.evropskakuca.me\/me\/#website","url":"https:\/\/www.evropskakuca.me\/me\/","name":"Evropean house","description":"","publisher":{"@id":"https:\/\/www.evropskakuca.me\/me\/#organization"},"potentialAction":[{"@type":"SearchAction","target":{"@type":"EntryPoint","urlTemplate":"https:\/\/www.evropskakuca.me\/me\/?s={search_term_string}"},"query-input":{"@type":"PropertyValueSpecification","valueRequired":true,"valueName":"search_term_string"}}],"inLanguage":"me-ME"},{"@type":"Organization","@id":"https:\/\/www.evropskakuca.me\/me\/#organization","name":"Evropean house","url":"https:\/\/www.evropskakuca.me\/me\/","logo":{"@type":"ImageObject","inLanguage":"me-ME","@id":"https:\/\/www.evropskakuca.me\/me\/#\/schema\/logo\/image\/","url":"https:\/\/www.evropskakuca.me\/wp-content\/uploads\/2025\/01\/evropska-kuca-logo-1.png","contentUrl":"https:\/\/www.evropskakuca.me\/wp-content\/uploads\/2025\/01\/evropska-kuca-logo-1.png","width":425,"height":312,"caption":"Evropean house"},"image":{"@id":"https:\/\/www.evropskakuca.me\/me\/#\/schema\/logo\/image\/"},"sameAs":["https:\/\/www.facebook.com\/evropska.kuca","https:\/\/x.com\/evropska_kuca","https:\/\/www.instagram.com\/evropska_kuca"]},{"@type":"Person","@id":"https:\/\/www.evropskakuca.me\/me\/#\/schema\/person\/a1d0dcdaefe4a1cd1d60d200ea137ba4","name":"mkajic","image":{"@type":"ImageObject","inLanguage":"me-ME","@id":"https:\/\/secure.gravatar.com\/avatar\/731fa035cefab7316e6bafd1f25a93fb731a07de14e2d9923f8db4422628eabc?s=96&d=mm&r=g","url":"https:\/\/secure.gravatar.com\/avatar\/731fa035cefab7316e6bafd1f25a93fb731a07de14e2d9923f8db4422628eabc?s=96&d=mm&r=g","contentUrl":"https:\/\/secure.gravatar.com\/avatar\/731fa035cefab7316e6bafd1f25a93fb731a07de14e2d9923f8db4422628eabc?s=96&d=mm&r=g","caption":"mkajic"},"sameAs":["https:\/\/evropskakuca.me"],"url":"https:\/\/www.evropskakuca.me\/me\/author\/mkajic\/"}]}},"_links":{"self":[{"href":"https:\/\/www.evropskakuca.me\/me\/wp-json\/wp\/v2\/posts\/7779","targetHints":{"allow":["GET"]}}],"collection":[{"href":"https:\/\/www.evropskakuca.me\/me\/wp-json\/wp\/v2\/posts"}],"about":[{"href":"https:\/\/www.evropskakuca.me\/me\/wp-json\/wp\/v2\/types\/post"}],"author":[{"embeddable":true,"href":"https:\/\/www.evropskakuca.me\/me\/wp-json\/wp\/v2\/users\/1"}],"replies":[{"embeddable":true,"href":"https:\/\/www.evropskakuca.me\/me\/wp-json\/wp\/v2\/comments?post=7779"}],"version-history":[{"count":0,"href":"https:\/\/www.evropskakuca.me\/me\/wp-json\/wp\/v2\/posts\/7779\/revisions"}],"wp:featuredmedia":[{"embeddable":true,"href":"https:\/\/www.evropskakuca.me\/me\/wp-json\/wp\/v2\/media\/35038"}],"wp:attachment":[{"href":"https:\/\/www.evropskakuca.me\/me\/wp-json\/wp\/v2\/media?parent=7779"}],"wp:term":[{"taxonomy":"category","embeddable":true,"href":"https:\/\/www.evropskakuca.me\/me\/wp-json\/wp\/v2\/categories?post=7779"},{"taxonomy":"post_tag","embeddable":true,"href":"https:\/\/www.evropskakuca.me\/me\/wp-json\/wp\/v2\/tags?post=7779"}],"curies":[{"name":"wp","href":"https:\/\/api.w.org\/{rel}","templated":true}]}}