{"id":7770,"date":"2020-01-30T14:25:54","date_gmt":"2020-01-30T14:25:54","guid":{"rendered":"http:\/\/www.evropskakuca.me\/?p=7770"},"modified":"2020-01-30T14:25:54","modified_gmt":"2020-01-30T14:25:54","slug":"pocela-kampanja-mediji-za-gradane-gradani-za-medije","status":"publish","type":"post","link":"https:\/\/www.evropskakuca.me\/me\/pocela-kampanja-mediji-za-gradane-gradani-za-medije\/","title":{"rendered":"Po\u010dela kampanja &#8221; Mediji za gra\u0111ane, gra\u0111ani za medije&#8221;"},"content":{"rendered":"<p>Institut za medije Crne Gore pokrenuo je kampanju \u201eMediji za gra\u0111ane, gra\u0111ani za medije\u201c, koja ima za cilj ja\u010danje medijske pismenosti i ja\u010danje profesionalnog novinarstva, koje treba da bude u slu\u017ebi javnog interesa. Kampanja je dio regionalnog projekta, koji se istovremeno realizuje u Srbiji, Bosni i Hercegovini, Sjevernoj Makedoniji, Albaniji i Crnoj Gori. Projekat je finansiran od strane Evropske Unije, dok je u Crnoj Gori kofinansiran od strane Ministarstva javne uprave.<\/p>\n<p>\u201eKako se novinarstvo i mediji suo\u010davaju sa kontinuiranim izazovima, kampanjom se\u00a0 \u017eeli posti\u0107i bolje razumijevanje novinarstva i medija od strane ostalih dru\u0161tvenih \u010dinioca. Tako\u0111e, kampanjom se \u017eeli posti\u0107i i bolje me\u0111usobno razumijevanje, kroz obja\u0161njenje osnovnih pojmova i principa novinarstva i medija,\u00a0 kroz podizanje svijesti gra\u0111ana o ulozi i uticaju novinarstva i kroz pove\u0107anje odgovornosti novinara i medija i prema sopstvenom statusu\u00a0 i prema kvalitetu komunikacije sa gra\u0111anima\u201c, navode ju Institutu.<\/p>\n<p><img fetchpriority=\"high\" decoding=\"async\" class=\"alignnone size-large wp-image-7771\" src=\"http:\/\/www.evropskakuca.me\/wp-content\/uploads\/2020\/01\/pexels-photo-518543-002-1024x682.jpeg\" alt=\"\" width=\"1024\" height=\"682\" \/><\/p>\n<p>U kampanji u\u010destvuju li\u010dnosti iz javnog, dru\u0161tvenog i medijskog \u017eivota Crne Gore, prepoznate po svom aktivnom djelovanju i \u017eelji da pobolj\u0161aju sisteme u okviru kojih rade . U\u010desnici kampanje obja\u0161njavaju koja je uloga novinara u dru\u0161tvu, \u010demu slu\u017ei novinarstvo, kome da se \u017eale na lo\u0161e novinarstvo, \u0161ta je dobar intervju, a \u0161ta istra\u017eiva\u010dko novinarstvo, \u010demu slu\u017ee javni emiteri i za\u0161to je va\u017eno da znate ko je vlasnik nekog medija, ko postavlja pitanja u ime gra\u0111ana&#8230;<\/p>\n<p>\u201eVjerujemo da \u0107e kampanja skrenuti pa\u017enju javnosti na zna\u010daj medijske pismenosti , na va\u017enost kriti\u010dkog promi\u0161ljanja, kao i na zahtijevniji odnos gra\u0111ana i medija za kvalitetnijim dru\u0161tvenim ambijentom. Tako\u0111e, vjerujemo da \u0107e kampanja doprinijeti procesu profesionalizacije medija\u201c, poru\u010dili su u saop\u0161tenju.<\/p>\n<p>Video sadr\u017eaji napravljeni u okviru kampanje dostupni su na <a href=\"https:\/\/www.youtube.com\/channel\/UCKFS0SW75GWKBsF_lAGAh8w\">YouTtube<\/a> i <a href=\"https:\/\/www.facebook.com\/Institut-za-medije-Crne-Gore-435773349913626\/\">Facebook<\/a> Instituta.<\/p>\n<p>&nbsp;<\/p>\n","protected":false},"excerpt":{"rendered":"<p>Cilj je ja\u010danje medijske pismenosti i ja\u010danje profesionalnog novinarstva, koje treba da bude u slu\u017ebi javnog interesa<\/p>\n","protected":false},"author":1,"featured_media":35026,"comment_status":"open","ping_status":"open","sticky":false,"template":"","format":"standard","meta":{"_acf_changed":false,"footnotes":""},"categories":[1],"tags":[],"class_list":["post-7770","post","type-post","status-publish","format-standard","has-post-thumbnail","hentry","category-uncategorized"],"acf":[],"yoast_head":"<!-- This site is optimized with the Yoast SEO plugin v27.3 - https:\/\/yoast.com\/product\/yoast-seo-wordpress\/ -->\n<title>Po\u010dela kampanja &#039;&#039; Mediji za gra\u0111ane, gra\u0111ani za medije&#039;&#039; - Europe House<\/title>\n<meta name=\"robots\" content=\"index, follow, max-snippet:-1, max-image-preview:large, max-video-preview:-1\" \/>\n<link rel=\"canonical\" href=\"https:\/\/www.evropskakuca.me\/me\/pocela-kampanja-mediji-za-gradane-gradani-za-medije\/\" \/>\n<meta property=\"og:locale\" content=\"en_US\" \/>\n<meta property=\"og:type\" content=\"article\" \/>\n<meta property=\"og:title\" content=\"Po\u010dela kampanja &#039;&#039; Mediji za gra\u0111ane, gra\u0111ani za medije&#039;&#039; - Europe House\" \/>\n<meta property=\"og:description\" content=\"Cilj je ja\u010danje medijske pismenosti i ja\u010danje profesionalnog novinarstva, koje treba da bude u slu\u017ebi javnog interesa\" \/>\n<meta property=\"og:url\" content=\"https:\/\/www.evropskakuca.me\/me\/pocela-kampanja-mediji-za-gradane-gradani-za-medije\/\" \/>\n<meta property=\"og:site_name\" content=\"Europe House\" \/>\n<meta property=\"article:publisher\" content=\"https:\/\/www.facebook.com\/evropska.kuca\" \/>\n<meta property=\"article:published_time\" content=\"2020-01-30T14:25:54+00:00\" \/>\n<meta property=\"og:image\" content=\"https:\/\/www.evropskakuca.me\/wp-content\/uploads\/2020\/01\/83467513_1497663773724573_747107598339145728_o-002.png\" \/>\n\t<meta property=\"og:image:width\" content=\"720\" \/>\n\t<meta property=\"og:image:height\" content=\"720\" \/>\n\t<meta property=\"og:image:type\" content=\"image\/png\" \/>\n<meta name=\"author\" content=\"mkajic\" \/>\n<meta name=\"twitter:card\" content=\"summary_large_image\" \/>\n<meta name=\"twitter:creator\" content=\"@evropska_kuca\" \/>\n<meta name=\"twitter:site\" content=\"@evropska_kuca\" \/>\n<meta name=\"twitter:label1\" content=\"Written by\" \/>\n\t<meta name=\"twitter:data1\" content=\"mkajic\" \/>\n\t<meta name=\"twitter:label2\" content=\"Est. reading time\" \/>\n\t<meta name=\"twitter:data2\" content=\"2 minutes\" \/>\n<script type=\"application\/ld+json\" class=\"yoast-schema-graph\">{\"@context\":\"https:\\\/\\\/schema.org\",\"@graph\":[{\"@type\":\"Article\",\"@id\":\"https:\\\/\\\/www.evropskakuca.me\\\/me\\\/pocela-kampanja-mediji-za-gradane-gradani-za-medije\\\/#article\",\"isPartOf\":{\"@id\":\"https:\\\/\\\/www.evropskakuca.me\\\/me\\\/pocela-kampanja-mediji-za-gradane-gradani-za-medije\\\/\"},\"author\":{\"name\":\"mkajic\",\"@id\":\"https:\\\/\\\/www.evropskakuca.me\\\/me\\\/#\\\/schema\\\/person\\\/a1d0dcdaefe4a1cd1d60d200ea137ba4\"},\"headline\":\"Po\u010dela kampanja &#8221; Mediji za gra\u0111ane, gra\u0111ani za medije&#8221;\",\"datePublished\":\"2020-01-30T14:25:54+00:00\",\"mainEntityOfPage\":{\"@id\":\"https:\\\/\\\/www.evropskakuca.me\\\/me\\\/pocela-kampanja-mediji-za-gradane-gradani-za-medije\\\/\"},\"wordCount\":321,\"commentCount\":0,\"publisher\":{\"@id\":\"https:\\\/\\\/www.evropskakuca.me\\\/me\\\/#organization\"},\"image\":{\"@id\":\"https:\\\/\\\/www.evropskakuca.me\\\/me\\\/pocela-kampanja-mediji-za-gradane-gradani-za-medije\\\/#primaryimage\"},\"thumbnailUrl\":\"https:\\\/\\\/www.evropskakuca.me\\\/wp-content\\\/uploads\\\/2020\\\/01\\\/83467513_1497663773724573_747107598339145728_o-002.png\",\"inLanguage\":\"me-ME\",\"potentialAction\":[{\"@type\":\"CommentAction\",\"name\":\"Comment\",\"target\":[\"https:\\\/\\\/www.evropskakuca.me\\\/me\\\/pocela-kampanja-mediji-za-gradane-gradani-za-medije\\\/#respond\"]}]},{\"@type\":\"WebPage\",\"@id\":\"https:\\\/\\\/www.evropskakuca.me\\\/me\\\/pocela-kampanja-mediji-za-gradane-gradani-za-medije\\\/\",\"url\":\"https:\\\/\\\/www.evropskakuca.me\\\/me\\\/pocela-kampanja-mediji-za-gradane-gradani-za-medije\\\/\",\"name\":\"Po\u010dela kampanja '' Mediji za gra\u0111ane, gra\u0111ani za medije'' - Europe House\",\"isPartOf\":{\"@id\":\"https:\\\/\\\/www.evropskakuca.me\\\/me\\\/#website\"},\"primaryImageOfPage\":{\"@id\":\"https:\\\/\\\/www.evropskakuca.me\\\/me\\\/pocela-kampanja-mediji-za-gradane-gradani-za-medije\\\/#primaryimage\"},\"image\":{\"@id\":\"https:\\\/\\\/www.evropskakuca.me\\\/me\\\/pocela-kampanja-mediji-za-gradane-gradani-za-medije\\\/#primaryimage\"},\"thumbnailUrl\":\"https:\\\/\\\/www.evropskakuca.me\\\/wp-content\\\/uploads\\\/2020\\\/01\\\/83467513_1497663773724573_747107598339145728_o-002.png\",\"datePublished\":\"2020-01-30T14:25:54+00:00\",\"breadcrumb\":{\"@id\":\"https:\\\/\\\/www.evropskakuca.me\\\/me\\\/pocela-kampanja-mediji-za-gradane-gradani-za-medije\\\/#breadcrumb\"},\"inLanguage\":\"me-ME\",\"potentialAction\":[{\"@type\":\"ReadAction\",\"target\":[\"https:\\\/\\\/www.evropskakuca.me\\\/me\\\/pocela-kampanja-mediji-za-gradane-gradani-za-medije\\\/\"]}]},{\"@type\":\"ImageObject\",\"inLanguage\":\"me-ME\",\"@id\":\"https:\\\/\\\/www.evropskakuca.me\\\/me\\\/pocela-kampanja-mediji-za-gradane-gradani-za-medije\\\/#primaryimage\",\"url\":\"https:\\\/\\\/www.evropskakuca.me\\\/wp-content\\\/uploads\\\/2020\\\/01\\\/83467513_1497663773724573_747107598339145728_o-002.png\",\"contentUrl\":\"https:\\\/\\\/www.evropskakuca.me\\\/wp-content\\\/uploads\\\/2020\\\/01\\\/83467513_1497663773724573_747107598339145728_o-002.png\",\"width\":720,\"height\":720},{\"@type\":\"BreadcrumbList\",\"@id\":\"https:\\\/\\\/www.evropskakuca.me\\\/me\\\/pocela-kampanja-mediji-za-gradane-gradani-za-medije\\\/#breadcrumb\",\"itemListElement\":[{\"@type\":\"ListItem\",\"position\":1,\"name\":\"Home\",\"item\":\"https:\\\/\\\/www.evropskakuca.me\\\/me\\\/\"},{\"@type\":\"ListItem\",\"position\":2,\"name\":\"Po\u010dela kampanja &#8221; Mediji za gra\u0111ane, gra\u0111ani za medije&#8221;\"}]},{\"@type\":\"WebSite\",\"@id\":\"https:\\\/\\\/www.evropskakuca.me\\\/me\\\/#website\",\"url\":\"https:\\\/\\\/www.evropskakuca.me\\\/me\\\/\",\"name\":\"Evropean house\",\"description\":\"\",\"publisher\":{\"@id\":\"https:\\\/\\\/www.evropskakuca.me\\\/me\\\/#organization\"},\"potentialAction\":[{\"@type\":\"SearchAction\",\"target\":{\"@type\":\"EntryPoint\",\"urlTemplate\":\"https:\\\/\\\/www.evropskakuca.me\\\/me\\\/?s={search_term_string}\"},\"query-input\":{\"@type\":\"PropertyValueSpecification\",\"valueRequired\":true,\"valueName\":\"search_term_string\"}}],\"inLanguage\":\"me-ME\"},{\"@type\":\"Organization\",\"@id\":\"https:\\\/\\\/www.evropskakuca.me\\\/me\\\/#organization\",\"name\":\"Evropean house\",\"url\":\"https:\\\/\\\/www.evropskakuca.me\\\/me\\\/\",\"logo\":{\"@type\":\"ImageObject\",\"inLanguage\":\"me-ME\",\"@id\":\"https:\\\/\\\/www.evropskakuca.me\\\/me\\\/#\\\/schema\\\/logo\\\/image\\\/\",\"url\":\"https:\\\/\\\/www.evropskakuca.me\\\/wp-content\\\/uploads\\\/2025\\\/01\\\/evropska-kuca-logo-1.png\",\"contentUrl\":\"https:\\\/\\\/www.evropskakuca.me\\\/wp-content\\\/uploads\\\/2025\\\/01\\\/evropska-kuca-logo-1.png\",\"width\":425,\"height\":312,\"caption\":\"Evropean house\"},\"image\":{\"@id\":\"https:\\\/\\\/www.evropskakuca.me\\\/me\\\/#\\\/schema\\\/logo\\\/image\\\/\"},\"sameAs\":[\"https:\\\/\\\/www.facebook.com\\\/evropska.kuca\",\"https:\\\/\\\/x.com\\\/evropska_kuca\",\"https:\\\/\\\/www.instagram.com\\\/evropska_kuca\"]},{\"@type\":\"Person\",\"@id\":\"https:\\\/\\\/www.evropskakuca.me\\\/me\\\/#\\\/schema\\\/person\\\/a1d0dcdaefe4a1cd1d60d200ea137ba4\",\"name\":\"mkajic\",\"image\":{\"@type\":\"ImageObject\",\"inLanguage\":\"me-ME\",\"@id\":\"https:\\\/\\\/secure.gravatar.com\\\/avatar\\\/731fa035cefab7316e6bafd1f25a93fb731a07de14e2d9923f8db4422628eabc?s=96&d=mm&r=g\",\"url\":\"https:\\\/\\\/secure.gravatar.com\\\/avatar\\\/731fa035cefab7316e6bafd1f25a93fb731a07de14e2d9923f8db4422628eabc?s=96&d=mm&r=g\",\"contentUrl\":\"https:\\\/\\\/secure.gravatar.com\\\/avatar\\\/731fa035cefab7316e6bafd1f25a93fb731a07de14e2d9923f8db4422628eabc?s=96&d=mm&r=g\",\"caption\":\"mkajic\"},\"sameAs\":[\"https:\\\/\\\/evropskakuca.me\"],\"url\":\"https:\\\/\\\/www.evropskakuca.me\\\/me\\\/author\\\/mkajic\\\/\"}]}<\/script>\n<!-- \/ Yoast SEO plugin. -->","yoast_head_json":{"title":"Po\u010dela kampanja '' Mediji za gra\u0111ane, gra\u0111ani za medije'' - Europe House","robots":{"index":"index","follow":"follow","max-snippet":"max-snippet:-1","max-image-preview":"max-image-preview:large","max-video-preview":"max-video-preview:-1"},"canonical":"https:\/\/www.evropskakuca.me\/me\/pocela-kampanja-mediji-za-gradane-gradani-za-medije\/","og_locale":"en_US","og_type":"article","og_title":"Po\u010dela kampanja '' Mediji za gra\u0111ane, gra\u0111ani za medije'' - Europe House","og_description":"Cilj je ja\u010danje medijske pismenosti i ja\u010danje profesionalnog novinarstva, koje treba da bude u slu\u017ebi javnog interesa","og_url":"https:\/\/www.evropskakuca.me\/me\/pocela-kampanja-mediji-za-gradane-gradani-za-medije\/","og_site_name":"Europe House","article_publisher":"https:\/\/www.facebook.com\/evropska.kuca","article_published_time":"2020-01-30T14:25:54+00:00","og_image":[{"width":720,"height":720,"url":"https:\/\/www.evropskakuca.me\/wp-content\/uploads\/2020\/01\/83467513_1497663773724573_747107598339145728_o-002.png","type":"image\/png"}],"author":"mkajic","twitter_card":"summary_large_image","twitter_creator":"@evropska_kuca","twitter_site":"@evropska_kuca","twitter_misc":{"Written by":"mkajic","Est. reading time":"2 minutes"},"schema":{"@context":"https:\/\/schema.org","@graph":[{"@type":"Article","@id":"https:\/\/www.evropskakuca.me\/me\/pocela-kampanja-mediji-za-gradane-gradani-za-medije\/#article","isPartOf":{"@id":"https:\/\/www.evropskakuca.me\/me\/pocela-kampanja-mediji-za-gradane-gradani-za-medije\/"},"author":{"name":"mkajic","@id":"https:\/\/www.evropskakuca.me\/me\/#\/schema\/person\/a1d0dcdaefe4a1cd1d60d200ea137ba4"},"headline":"Po\u010dela kampanja &#8221; Mediji za gra\u0111ane, gra\u0111ani za medije&#8221;","datePublished":"2020-01-30T14:25:54+00:00","mainEntityOfPage":{"@id":"https:\/\/www.evropskakuca.me\/me\/pocela-kampanja-mediji-za-gradane-gradani-za-medije\/"},"wordCount":321,"commentCount":0,"publisher":{"@id":"https:\/\/www.evropskakuca.me\/me\/#organization"},"image":{"@id":"https:\/\/www.evropskakuca.me\/me\/pocela-kampanja-mediji-za-gradane-gradani-za-medije\/#primaryimage"},"thumbnailUrl":"https:\/\/www.evropskakuca.me\/wp-content\/uploads\/2020\/01\/83467513_1497663773724573_747107598339145728_o-002.png","inLanguage":"me-ME","potentialAction":[{"@type":"CommentAction","name":"Comment","target":["https:\/\/www.evropskakuca.me\/me\/pocela-kampanja-mediji-za-gradane-gradani-za-medije\/#respond"]}]},{"@type":"WebPage","@id":"https:\/\/www.evropskakuca.me\/me\/pocela-kampanja-mediji-za-gradane-gradani-za-medije\/","url":"https:\/\/www.evropskakuca.me\/me\/pocela-kampanja-mediji-za-gradane-gradani-za-medije\/","name":"Po\u010dela kampanja '' Mediji za gra\u0111ane, gra\u0111ani za medije'' - Europe House","isPartOf":{"@id":"https:\/\/www.evropskakuca.me\/me\/#website"},"primaryImageOfPage":{"@id":"https:\/\/www.evropskakuca.me\/me\/pocela-kampanja-mediji-za-gradane-gradani-za-medije\/#primaryimage"},"image":{"@id":"https:\/\/www.evropskakuca.me\/me\/pocela-kampanja-mediji-za-gradane-gradani-za-medije\/#primaryimage"},"thumbnailUrl":"https:\/\/www.evropskakuca.me\/wp-content\/uploads\/2020\/01\/83467513_1497663773724573_747107598339145728_o-002.png","datePublished":"2020-01-30T14:25:54+00:00","breadcrumb":{"@id":"https:\/\/www.evropskakuca.me\/me\/pocela-kampanja-mediji-za-gradane-gradani-za-medije\/#breadcrumb"},"inLanguage":"me-ME","potentialAction":[{"@type":"ReadAction","target":["https:\/\/www.evropskakuca.me\/me\/pocela-kampanja-mediji-za-gradane-gradani-za-medije\/"]}]},{"@type":"ImageObject","inLanguage":"me-ME","@id":"https:\/\/www.evropskakuca.me\/me\/pocela-kampanja-mediji-za-gradane-gradani-za-medije\/#primaryimage","url":"https:\/\/www.evropskakuca.me\/wp-content\/uploads\/2020\/01\/83467513_1497663773724573_747107598339145728_o-002.png","contentUrl":"https:\/\/www.evropskakuca.me\/wp-content\/uploads\/2020\/01\/83467513_1497663773724573_747107598339145728_o-002.png","width":720,"height":720},{"@type":"BreadcrumbList","@id":"https:\/\/www.evropskakuca.me\/me\/pocela-kampanja-mediji-za-gradane-gradani-za-medije\/#breadcrumb","itemListElement":[{"@type":"ListItem","position":1,"name":"Home","item":"https:\/\/www.evropskakuca.me\/me\/"},{"@type":"ListItem","position":2,"name":"Po\u010dela kampanja &#8221; Mediji za gra\u0111ane, gra\u0111ani za medije&#8221;"}]},{"@type":"WebSite","@id":"https:\/\/www.evropskakuca.me\/me\/#website","url":"https:\/\/www.evropskakuca.me\/me\/","name":"Evropean house","description":"","publisher":{"@id":"https:\/\/www.evropskakuca.me\/me\/#organization"},"potentialAction":[{"@type":"SearchAction","target":{"@type":"EntryPoint","urlTemplate":"https:\/\/www.evropskakuca.me\/me\/?s={search_term_string}"},"query-input":{"@type":"PropertyValueSpecification","valueRequired":true,"valueName":"search_term_string"}}],"inLanguage":"me-ME"},{"@type":"Organization","@id":"https:\/\/www.evropskakuca.me\/me\/#organization","name":"Evropean house","url":"https:\/\/www.evropskakuca.me\/me\/","logo":{"@type":"ImageObject","inLanguage":"me-ME","@id":"https:\/\/www.evropskakuca.me\/me\/#\/schema\/logo\/image\/","url":"https:\/\/www.evropskakuca.me\/wp-content\/uploads\/2025\/01\/evropska-kuca-logo-1.png","contentUrl":"https:\/\/www.evropskakuca.me\/wp-content\/uploads\/2025\/01\/evropska-kuca-logo-1.png","width":425,"height":312,"caption":"Evropean house"},"image":{"@id":"https:\/\/www.evropskakuca.me\/me\/#\/schema\/logo\/image\/"},"sameAs":["https:\/\/www.facebook.com\/evropska.kuca","https:\/\/x.com\/evropska_kuca","https:\/\/www.instagram.com\/evropska_kuca"]},{"@type":"Person","@id":"https:\/\/www.evropskakuca.me\/me\/#\/schema\/person\/a1d0dcdaefe4a1cd1d60d200ea137ba4","name":"mkajic","image":{"@type":"ImageObject","inLanguage":"me-ME","@id":"https:\/\/secure.gravatar.com\/avatar\/731fa035cefab7316e6bafd1f25a93fb731a07de14e2d9923f8db4422628eabc?s=96&d=mm&r=g","url":"https:\/\/secure.gravatar.com\/avatar\/731fa035cefab7316e6bafd1f25a93fb731a07de14e2d9923f8db4422628eabc?s=96&d=mm&r=g","contentUrl":"https:\/\/secure.gravatar.com\/avatar\/731fa035cefab7316e6bafd1f25a93fb731a07de14e2d9923f8db4422628eabc?s=96&d=mm&r=g","caption":"mkajic"},"sameAs":["https:\/\/evropskakuca.me"],"url":"https:\/\/www.evropskakuca.me\/me\/author\/mkajic\/"}]}},"_links":{"self":[{"href":"https:\/\/www.evropskakuca.me\/me\/wp-json\/wp\/v2\/posts\/7770","targetHints":{"allow":["GET"]}}],"collection":[{"href":"https:\/\/www.evropskakuca.me\/me\/wp-json\/wp\/v2\/posts"}],"about":[{"href":"https:\/\/www.evropskakuca.me\/me\/wp-json\/wp\/v2\/types\/post"}],"author":[{"embeddable":true,"href":"https:\/\/www.evropskakuca.me\/me\/wp-json\/wp\/v2\/users\/1"}],"replies":[{"embeddable":true,"href":"https:\/\/www.evropskakuca.me\/me\/wp-json\/wp\/v2\/comments?post=7770"}],"version-history":[{"count":0,"href":"https:\/\/www.evropskakuca.me\/me\/wp-json\/wp\/v2\/posts\/7770\/revisions"}],"wp:featuredmedia":[{"embeddable":true,"href":"https:\/\/www.evropskakuca.me\/me\/wp-json\/wp\/v2\/media\/35026"}],"wp:attachment":[{"href":"https:\/\/www.evropskakuca.me\/me\/wp-json\/wp\/v2\/media?parent=7770"}],"wp:term":[{"taxonomy":"category","embeddable":true,"href":"https:\/\/www.evropskakuca.me\/me\/wp-json\/wp\/v2\/categories?post=7770"},{"taxonomy":"post_tag","embeddable":true,"href":"https:\/\/www.evropskakuca.me\/me\/wp-json\/wp\/v2\/tags?post=7770"}],"curies":[{"name":"wp","href":"https:\/\/api.w.org\/{rel}","templated":true}]}}