{"id":7763,"date":"2020-01-28T16:02:20","date_gmt":"2020-01-28T16:02:20","guid":{"rendered":"http:\/\/www.evropskakuca.me\/me\/?p=7763"},"modified":"2020-01-28T16:02:20","modified_gmt":"2020-01-28T16:02:20","slug":"erasmus-i-programi-koji-su-mu-prethodili-iskustvo-koje-je-promijenilo-zivot-10-miliona-mladih-evropljana","status":"publish","type":"post","link":"https:\/\/www.evropskakuca.me\/me\/erasmus-i-programi-koji-su-mu-prethodili-iskustvo-koje-je-promijenilo-zivot-10-miliona-mladih-evropljana\/","title":{"rendered":"Erasmus+ i programi koji su mu prethodili: iskustvo koje je promijenilo \u017eivot 10 miliona mladih Evropljana"},"content":{"rendered":"<p>Godi\u0161nji izve\u0161taj o programu Erasmus+ za 2018. godinu pokazao je da je tokom posljednje tri decenije vi\u0161e od 10 miliona ljudi u\u010destvovalo u onome \u0161to se ispostavilo kao iskustvo koje mijenja \u017eivot.<\/p>\n<p>Potpredsjednica za promociju evropskog na\u010dina \u017eivota Margaritis Schinas je rekla: \u201eLjudi \u0161irom Evrope se anga\u017euju, postaju mobilniji i u\u010de, kada u\u010destvuju u obrazovanju i prekograni\u010dnim omladinskim i sportskim aktivnostima. Erasmus+ je fantasti\u010dan zajedni\u010dki uspjeh i trebalo bi te\u017eimo ka jo\u0161 ve\u0107em. Vi\u0161e u\u010desnika, vi\u0161e mobilnosti, vi\u0161e razli\u010ditosti, vi\u0161e moguc\u0301nosti\u201c, kazala je Schinas.<\/p>\n<p>Otvarajuc\u0301i doga\u0111aj posve\u0107en novom programu Erasmus+ u Briselu, komesarka za inovacije, istra\u017eivanje, kulturu, obrazovanje i mlade Mariia Gabriel je navela: \u201eErasmus+ je za na\u0161e mla\u0111e generacije postao ulaz u Evropu i svijet. To je jedno od najopipljivijih dostignuc\u0301a Evropske unije: objedinjavanje ljudi \u0161irom kontinenta, stvaranje osjec\u0301aja pripadnosti i solidarnosti, pove\u0107anje kvalifikacija i pobolj\u0161anje perspektive.\u201c<\/p>\n<p>Sa bud\u017eetom od 2,8 milijardi eura, koji je bio 10% ve\u0107i u odnosu na godinu ranije, 2018. je bila jo\u0161 jedna rekordna godina. Erasmus+ je finansirao vi\u0161e od 23.500 projekata i sveukupno je podr\u017eao mobilnost preko 850.000 studenata, nau\u010dnika, nastavnika i omladinskih radnika. Gotovo 10% od 470.000 studenata, pripravnika i osoblja u visokom obrazovanju koji su dobili grant tokom 2017.\/2018., putovalo je u i iz partnerskih zemalja \u0161irom svijeta.<\/p>\n<p>Erasmus+ i programi koji su mu prethodili spadaju u najuspje\u0161nije programe Evropske unije. Od 1987. godine, mladima nude moguc\u0301nosti sticanja novih iskustava odlaskom u inostranstvo. Trenutni program Erasmus+, koji traje od 2014. do 2020., ima bud\u017eet od 14,7 milijardi eura i pru\u017eic\u0301e moguc\u0301nosti za 3,7% mladih u EU da studiraju, obu\u010davaju, steknu radno iskustvo i volontiraju u inostranstvu. Geografski obim programa se pro\u0161irio sa 11 zemalja 1987. godine na 34 dr\u017eave 2020. godine. Program je tako\u0111e otvoren za partnerske zemlje \u0161irom svijeta.<\/p>\n<p>U maju 2018. godine, Evropska komisija je predstavila predlog ambicioznog novog programa Erasmus+ \u017eelec\u0301i da udvostru\u010di bud\u017eet na 30 milijardi eura u sljedec\u0301em dugoro\u010dnom bud\u017eetu EU za period 2021-2027. Cilj je da program u\u010dini jo\u0161 inkluzivnijim, internacionalnijim i pristupa\u010dnijim ljudima iz razli\u010ditih sredina.<\/p>\n<p>&nbsp;<\/p>\n","protected":false},"excerpt":{"rendered":"<p>Godi\u0161nji izve\u0161taj o programu Erasmus+ za 2018. godinu pokazao je da je tokom posljednje tri decenije vi\u0161e od 10 miliona ljudi u\u010destvovalo u onome \u0161to se ispostavilo kao iskustvo koje mijenja \u017eivot. Potpredsjednica za promociju evropskog na\u010dina \u017eivota Margaritis Schinas je rekla: \u201eLjudi \u0161irom Evrope se anga\u017euju, postaju mobilniji i u\u010de, kada u\u010destvuju u obrazovanju [&hellip;]<\/p>\n","protected":false},"author":1,"featured_media":35034,"comment_status":"open","ping_status":"open","sticky":false,"template":"","format":"standard","meta":{"_acf_changed":false,"footnotes":""},"categories":[283],"tags":[],"class_list":["post-7763","post","type-post","status-publish","format-standard","has-post-thumbnail","hentry","category-novosti-me"],"acf":[],"yoast_head":"<!-- This site is optimized with the Yoast SEO plugin v27.3 - https:\/\/yoast.com\/product\/yoast-seo-wordpress\/ -->\n<title>Erasmus+ i programi koji su mu prethodili: iskustvo koje je promijenilo \u017eivot 10 miliona mladih Evropljana - Europe House<\/title>\n<meta name=\"robots\" content=\"index, follow, max-snippet:-1, max-image-preview:large, max-video-preview:-1\" \/>\n<link rel=\"canonical\" href=\"https:\/\/www.evropskakuca.me\/me\/erasmus-i-programi-koji-su-mu-prethodili-iskustvo-koje-je-promijenilo-zivot-10-miliona-mladih-evropljana\/\" \/>\n<meta property=\"og:locale\" content=\"en_US\" \/>\n<meta property=\"og:type\" content=\"article\" \/>\n<meta property=\"og:title\" content=\"Erasmus+ i programi koji su mu prethodili: iskustvo koje je promijenilo \u017eivot 10 miliona mladih Evropljana - Europe House\" \/>\n<meta property=\"og:description\" content=\"Godi\u0161nji izve\u0161taj o programu Erasmus+ za 2018. godinu pokazao je da je tokom posljednje tri decenije vi\u0161e od 10 miliona ljudi u\u010destvovalo u onome \u0161to se ispostavilo kao iskustvo koje mijenja \u017eivot. Potpredsjednica za promociju evropskog na\u010dina \u017eivota Margaritis Schinas je rekla: \u201eLjudi \u0161irom Evrope se anga\u017euju, postaju mobilniji i u\u010de, kada u\u010destvuju u obrazovanju [&hellip;]\" \/>\n<meta property=\"og:url\" content=\"https:\/\/www.evropskakuca.me\/me\/erasmus-i-programi-koji-su-mu-prethodili-iskustvo-koje-je-promijenilo-zivot-10-miliona-mladih-evropljana\/\" \/>\n<meta property=\"og:site_name\" content=\"Europe House\" \/>\n<meta property=\"article:publisher\" content=\"https:\/\/www.facebook.com\/evropska.kuca\" \/>\n<meta property=\"article:published_time\" content=\"2020-01-28T16:02:20+00:00\" \/>\n<meta property=\"og:image\" content=\"https:\/\/www.evropskakuca.me\/wp-content\/uploads\/2020\/01\/erasmus-002.jpg\" \/>\n\t<meta property=\"og:image:width\" content=\"640\" \/>\n\t<meta property=\"og:image:height\" content=\"426\" \/>\n\t<meta property=\"og:image:type\" content=\"image\/jpeg\" \/>\n<meta name=\"author\" content=\"mkajic\" \/>\n<meta name=\"twitter:card\" content=\"summary_large_image\" \/>\n<meta name=\"twitter:creator\" content=\"@evropska_kuca\" \/>\n<meta name=\"twitter:site\" content=\"@evropska_kuca\" \/>\n<meta name=\"twitter:label1\" content=\"Written by\" \/>\n\t<meta name=\"twitter:data1\" content=\"mkajic\" \/>\n\t<meta name=\"twitter:label2\" content=\"Est. reading time\" \/>\n\t<meta name=\"twitter:data2\" content=\"2 minutes\" \/>\n<script type=\"application\/ld+json\" class=\"yoast-schema-graph\">{\"@context\":\"https:\\\/\\\/schema.org\",\"@graph\":[{\"@type\":\"Article\",\"@id\":\"https:\\\/\\\/www.evropskakuca.me\\\/me\\\/erasmus-i-programi-koji-su-mu-prethodili-iskustvo-koje-je-promijenilo-zivot-10-miliona-mladih-evropljana\\\/#article\",\"isPartOf\":{\"@id\":\"https:\\\/\\\/www.evropskakuca.me\\\/me\\\/erasmus-i-programi-koji-su-mu-prethodili-iskustvo-koje-je-promijenilo-zivot-10-miliona-mladih-evropljana\\\/\"},\"author\":{\"name\":\"mkajic\",\"@id\":\"https:\\\/\\\/www.evropskakuca.me\\\/me\\\/#\\\/schema\\\/person\\\/a1d0dcdaefe4a1cd1d60d200ea137ba4\"},\"headline\":\"Erasmus+ i programi koji su mu prethodili: iskustvo koje je promijenilo \u017eivot 10 miliona mladih Evropljana\",\"datePublished\":\"2020-01-28T16:02:20+00:00\",\"mainEntityOfPage\":{\"@id\":\"https:\\\/\\\/www.evropskakuca.me\\\/me\\\/erasmus-i-programi-koji-su-mu-prethodili-iskustvo-koje-je-promijenilo-zivot-10-miliona-mladih-evropljana\\\/\"},\"wordCount\":381,\"commentCount\":0,\"publisher\":{\"@id\":\"https:\\\/\\\/www.evropskakuca.me\\\/me\\\/#organization\"},\"image\":{\"@id\":\"https:\\\/\\\/www.evropskakuca.me\\\/me\\\/erasmus-i-programi-koji-su-mu-prethodili-iskustvo-koje-je-promijenilo-zivot-10-miliona-mladih-evropljana\\\/#primaryimage\"},\"thumbnailUrl\":\"https:\\\/\\\/www.evropskakuca.me\\\/wp-content\\\/uploads\\\/2020\\\/01\\\/erasmus-002.jpg\",\"articleSection\":[\"Novosti\"],\"inLanguage\":\"me-ME\",\"potentialAction\":[{\"@type\":\"CommentAction\",\"name\":\"Comment\",\"target\":[\"https:\\\/\\\/www.evropskakuca.me\\\/me\\\/erasmus-i-programi-koji-su-mu-prethodili-iskustvo-koje-je-promijenilo-zivot-10-miliona-mladih-evropljana\\\/#respond\"]}]},{\"@type\":\"WebPage\",\"@id\":\"https:\\\/\\\/www.evropskakuca.me\\\/me\\\/erasmus-i-programi-koji-su-mu-prethodili-iskustvo-koje-je-promijenilo-zivot-10-miliona-mladih-evropljana\\\/\",\"url\":\"https:\\\/\\\/www.evropskakuca.me\\\/me\\\/erasmus-i-programi-koji-su-mu-prethodili-iskustvo-koje-je-promijenilo-zivot-10-miliona-mladih-evropljana\\\/\",\"name\":\"Erasmus+ i programi koji su mu prethodili: iskustvo koje je promijenilo \u017eivot 10 miliona mladih Evropljana - Europe House\",\"isPartOf\":{\"@id\":\"https:\\\/\\\/www.evropskakuca.me\\\/me\\\/#website\"},\"primaryImageOfPage\":{\"@id\":\"https:\\\/\\\/www.evropskakuca.me\\\/me\\\/erasmus-i-programi-koji-su-mu-prethodili-iskustvo-koje-je-promijenilo-zivot-10-miliona-mladih-evropljana\\\/#primaryimage\"},\"image\":{\"@id\":\"https:\\\/\\\/www.evropskakuca.me\\\/me\\\/erasmus-i-programi-koji-su-mu-prethodili-iskustvo-koje-je-promijenilo-zivot-10-miliona-mladih-evropljana\\\/#primaryimage\"},\"thumbnailUrl\":\"https:\\\/\\\/www.evropskakuca.me\\\/wp-content\\\/uploads\\\/2020\\\/01\\\/erasmus-002.jpg\",\"datePublished\":\"2020-01-28T16:02:20+00:00\",\"breadcrumb\":{\"@id\":\"https:\\\/\\\/www.evropskakuca.me\\\/me\\\/erasmus-i-programi-koji-su-mu-prethodili-iskustvo-koje-je-promijenilo-zivot-10-miliona-mladih-evropljana\\\/#breadcrumb\"},\"inLanguage\":\"me-ME\",\"potentialAction\":[{\"@type\":\"ReadAction\",\"target\":[\"https:\\\/\\\/www.evropskakuca.me\\\/me\\\/erasmus-i-programi-koji-su-mu-prethodili-iskustvo-koje-je-promijenilo-zivot-10-miliona-mladih-evropljana\\\/\"]}]},{\"@type\":\"ImageObject\",\"inLanguage\":\"me-ME\",\"@id\":\"https:\\\/\\\/www.evropskakuca.me\\\/me\\\/erasmus-i-programi-koji-su-mu-prethodili-iskustvo-koje-je-promijenilo-zivot-10-miliona-mladih-evropljana\\\/#primaryimage\",\"url\":\"https:\\\/\\\/www.evropskakuca.me\\\/wp-content\\\/uploads\\\/2020\\\/01\\\/erasmus-002.jpg\",\"contentUrl\":\"https:\\\/\\\/www.evropskakuca.me\\\/wp-content\\\/uploads\\\/2020\\\/01\\\/erasmus-002.jpg\",\"width\":640,\"height\":426},{\"@type\":\"BreadcrumbList\",\"@id\":\"https:\\\/\\\/www.evropskakuca.me\\\/me\\\/erasmus-i-programi-koji-su-mu-prethodili-iskustvo-koje-je-promijenilo-zivot-10-miliona-mladih-evropljana\\\/#breadcrumb\",\"itemListElement\":[{\"@type\":\"ListItem\",\"position\":1,\"name\":\"Home\",\"item\":\"https:\\\/\\\/www.evropskakuca.me\\\/me\\\/\"},{\"@type\":\"ListItem\",\"position\":2,\"name\":\"Erasmus+ i programi koji su mu prethodili: iskustvo koje je promijenilo \u017eivot 10 miliona mladih Evropljana\"}]},{\"@type\":\"WebSite\",\"@id\":\"https:\\\/\\\/www.evropskakuca.me\\\/me\\\/#website\",\"url\":\"https:\\\/\\\/www.evropskakuca.me\\\/me\\\/\",\"name\":\"Evropean house\",\"description\":\"\",\"publisher\":{\"@id\":\"https:\\\/\\\/www.evropskakuca.me\\\/me\\\/#organization\"},\"potentialAction\":[{\"@type\":\"SearchAction\",\"target\":{\"@type\":\"EntryPoint\",\"urlTemplate\":\"https:\\\/\\\/www.evropskakuca.me\\\/me\\\/?s={search_term_string}\"},\"query-input\":{\"@type\":\"PropertyValueSpecification\",\"valueRequired\":true,\"valueName\":\"search_term_string\"}}],\"inLanguage\":\"me-ME\"},{\"@type\":\"Organization\",\"@id\":\"https:\\\/\\\/www.evropskakuca.me\\\/me\\\/#organization\",\"name\":\"Evropean house\",\"url\":\"https:\\\/\\\/www.evropskakuca.me\\\/me\\\/\",\"logo\":{\"@type\":\"ImageObject\",\"inLanguage\":\"me-ME\",\"@id\":\"https:\\\/\\\/www.evropskakuca.me\\\/me\\\/#\\\/schema\\\/logo\\\/image\\\/\",\"url\":\"https:\\\/\\\/www.evropskakuca.me\\\/wp-content\\\/uploads\\\/2025\\\/01\\\/evropska-kuca-logo-1.png\",\"contentUrl\":\"https:\\\/\\\/www.evropskakuca.me\\\/wp-content\\\/uploads\\\/2025\\\/01\\\/evropska-kuca-logo-1.png\",\"width\":425,\"height\":312,\"caption\":\"Evropean house\"},\"image\":{\"@id\":\"https:\\\/\\\/www.evropskakuca.me\\\/me\\\/#\\\/schema\\\/logo\\\/image\\\/\"},\"sameAs\":[\"https:\\\/\\\/www.facebook.com\\\/evropska.kuca\",\"https:\\\/\\\/x.com\\\/evropska_kuca\",\"https:\\\/\\\/www.instagram.com\\\/evropska_kuca\"]},{\"@type\":\"Person\",\"@id\":\"https:\\\/\\\/www.evropskakuca.me\\\/me\\\/#\\\/schema\\\/person\\\/a1d0dcdaefe4a1cd1d60d200ea137ba4\",\"name\":\"mkajic\",\"image\":{\"@type\":\"ImageObject\",\"inLanguage\":\"me-ME\",\"@id\":\"https:\\\/\\\/secure.gravatar.com\\\/avatar\\\/731fa035cefab7316e6bafd1f25a93fb731a07de14e2d9923f8db4422628eabc?s=96&d=mm&r=g\",\"url\":\"https:\\\/\\\/secure.gravatar.com\\\/avatar\\\/731fa035cefab7316e6bafd1f25a93fb731a07de14e2d9923f8db4422628eabc?s=96&d=mm&r=g\",\"contentUrl\":\"https:\\\/\\\/secure.gravatar.com\\\/avatar\\\/731fa035cefab7316e6bafd1f25a93fb731a07de14e2d9923f8db4422628eabc?s=96&d=mm&r=g\",\"caption\":\"mkajic\"},\"sameAs\":[\"https:\\\/\\\/evropskakuca.me\"],\"url\":\"https:\\\/\\\/www.evropskakuca.me\\\/me\\\/author\\\/mkajic\\\/\"}]}<\/script>\n<!-- \/ Yoast SEO plugin. -->","yoast_head_json":{"title":"Erasmus+ i programi koji su mu prethodili: iskustvo koje je promijenilo \u017eivot 10 miliona mladih Evropljana - Europe House","robots":{"index":"index","follow":"follow","max-snippet":"max-snippet:-1","max-image-preview":"max-image-preview:large","max-video-preview":"max-video-preview:-1"},"canonical":"https:\/\/www.evropskakuca.me\/me\/erasmus-i-programi-koji-su-mu-prethodili-iskustvo-koje-je-promijenilo-zivot-10-miliona-mladih-evropljana\/","og_locale":"en_US","og_type":"article","og_title":"Erasmus+ i programi koji su mu prethodili: iskustvo koje je promijenilo \u017eivot 10 miliona mladih Evropljana - Europe House","og_description":"Godi\u0161nji izve\u0161taj o programu Erasmus+ za 2018. godinu pokazao je da je tokom posljednje tri decenije vi\u0161e od 10 miliona ljudi u\u010destvovalo u onome \u0161to se ispostavilo kao iskustvo koje mijenja \u017eivot. Potpredsjednica za promociju evropskog na\u010dina \u017eivota Margaritis Schinas je rekla: \u201eLjudi \u0161irom Evrope se anga\u017euju, postaju mobilniji i u\u010de, kada u\u010destvuju u obrazovanju [&hellip;]","og_url":"https:\/\/www.evropskakuca.me\/me\/erasmus-i-programi-koji-su-mu-prethodili-iskustvo-koje-je-promijenilo-zivot-10-miliona-mladih-evropljana\/","og_site_name":"Europe House","article_publisher":"https:\/\/www.facebook.com\/evropska.kuca","article_published_time":"2020-01-28T16:02:20+00:00","og_image":[{"width":640,"height":426,"url":"https:\/\/www.evropskakuca.me\/wp-content\/uploads\/2020\/01\/erasmus-002.jpg","type":"image\/jpeg"}],"author":"mkajic","twitter_card":"summary_large_image","twitter_creator":"@evropska_kuca","twitter_site":"@evropska_kuca","twitter_misc":{"Written by":"mkajic","Est. reading time":"2 minutes"},"schema":{"@context":"https:\/\/schema.org","@graph":[{"@type":"Article","@id":"https:\/\/www.evropskakuca.me\/me\/erasmus-i-programi-koji-su-mu-prethodili-iskustvo-koje-je-promijenilo-zivot-10-miliona-mladih-evropljana\/#article","isPartOf":{"@id":"https:\/\/www.evropskakuca.me\/me\/erasmus-i-programi-koji-su-mu-prethodili-iskustvo-koje-je-promijenilo-zivot-10-miliona-mladih-evropljana\/"},"author":{"name":"mkajic","@id":"https:\/\/www.evropskakuca.me\/me\/#\/schema\/person\/a1d0dcdaefe4a1cd1d60d200ea137ba4"},"headline":"Erasmus+ i programi koji su mu prethodili: iskustvo koje je promijenilo \u017eivot 10 miliona mladih Evropljana","datePublished":"2020-01-28T16:02:20+00:00","mainEntityOfPage":{"@id":"https:\/\/www.evropskakuca.me\/me\/erasmus-i-programi-koji-su-mu-prethodili-iskustvo-koje-je-promijenilo-zivot-10-miliona-mladih-evropljana\/"},"wordCount":381,"commentCount":0,"publisher":{"@id":"https:\/\/www.evropskakuca.me\/me\/#organization"},"image":{"@id":"https:\/\/www.evropskakuca.me\/me\/erasmus-i-programi-koji-su-mu-prethodili-iskustvo-koje-je-promijenilo-zivot-10-miliona-mladih-evropljana\/#primaryimage"},"thumbnailUrl":"https:\/\/www.evropskakuca.me\/wp-content\/uploads\/2020\/01\/erasmus-002.jpg","articleSection":["Novosti"],"inLanguage":"me-ME","potentialAction":[{"@type":"CommentAction","name":"Comment","target":["https:\/\/www.evropskakuca.me\/me\/erasmus-i-programi-koji-su-mu-prethodili-iskustvo-koje-je-promijenilo-zivot-10-miliona-mladih-evropljana\/#respond"]}]},{"@type":"WebPage","@id":"https:\/\/www.evropskakuca.me\/me\/erasmus-i-programi-koji-su-mu-prethodili-iskustvo-koje-je-promijenilo-zivot-10-miliona-mladih-evropljana\/","url":"https:\/\/www.evropskakuca.me\/me\/erasmus-i-programi-koji-su-mu-prethodili-iskustvo-koje-je-promijenilo-zivot-10-miliona-mladih-evropljana\/","name":"Erasmus+ i programi koji su mu prethodili: iskustvo koje je promijenilo \u017eivot 10 miliona mladih Evropljana - Europe House","isPartOf":{"@id":"https:\/\/www.evropskakuca.me\/me\/#website"},"primaryImageOfPage":{"@id":"https:\/\/www.evropskakuca.me\/me\/erasmus-i-programi-koji-su-mu-prethodili-iskustvo-koje-je-promijenilo-zivot-10-miliona-mladih-evropljana\/#primaryimage"},"image":{"@id":"https:\/\/www.evropskakuca.me\/me\/erasmus-i-programi-koji-su-mu-prethodili-iskustvo-koje-je-promijenilo-zivot-10-miliona-mladih-evropljana\/#primaryimage"},"thumbnailUrl":"https:\/\/www.evropskakuca.me\/wp-content\/uploads\/2020\/01\/erasmus-002.jpg","datePublished":"2020-01-28T16:02:20+00:00","breadcrumb":{"@id":"https:\/\/www.evropskakuca.me\/me\/erasmus-i-programi-koji-su-mu-prethodili-iskustvo-koje-je-promijenilo-zivot-10-miliona-mladih-evropljana\/#breadcrumb"},"inLanguage":"me-ME","potentialAction":[{"@type":"ReadAction","target":["https:\/\/www.evropskakuca.me\/me\/erasmus-i-programi-koji-su-mu-prethodili-iskustvo-koje-je-promijenilo-zivot-10-miliona-mladih-evropljana\/"]}]},{"@type":"ImageObject","inLanguage":"me-ME","@id":"https:\/\/www.evropskakuca.me\/me\/erasmus-i-programi-koji-su-mu-prethodili-iskustvo-koje-je-promijenilo-zivot-10-miliona-mladih-evropljana\/#primaryimage","url":"https:\/\/www.evropskakuca.me\/wp-content\/uploads\/2020\/01\/erasmus-002.jpg","contentUrl":"https:\/\/www.evropskakuca.me\/wp-content\/uploads\/2020\/01\/erasmus-002.jpg","width":640,"height":426},{"@type":"BreadcrumbList","@id":"https:\/\/www.evropskakuca.me\/me\/erasmus-i-programi-koji-su-mu-prethodili-iskustvo-koje-je-promijenilo-zivot-10-miliona-mladih-evropljana\/#breadcrumb","itemListElement":[{"@type":"ListItem","position":1,"name":"Home","item":"https:\/\/www.evropskakuca.me\/me\/"},{"@type":"ListItem","position":2,"name":"Erasmus+ i programi koji su mu prethodili: iskustvo koje je promijenilo \u017eivot 10 miliona mladih Evropljana"}]},{"@type":"WebSite","@id":"https:\/\/www.evropskakuca.me\/me\/#website","url":"https:\/\/www.evropskakuca.me\/me\/","name":"Evropean house","description":"","publisher":{"@id":"https:\/\/www.evropskakuca.me\/me\/#organization"},"potentialAction":[{"@type":"SearchAction","target":{"@type":"EntryPoint","urlTemplate":"https:\/\/www.evropskakuca.me\/me\/?s={search_term_string}"},"query-input":{"@type":"PropertyValueSpecification","valueRequired":true,"valueName":"search_term_string"}}],"inLanguage":"me-ME"},{"@type":"Organization","@id":"https:\/\/www.evropskakuca.me\/me\/#organization","name":"Evropean house","url":"https:\/\/www.evropskakuca.me\/me\/","logo":{"@type":"ImageObject","inLanguage":"me-ME","@id":"https:\/\/www.evropskakuca.me\/me\/#\/schema\/logo\/image\/","url":"https:\/\/www.evropskakuca.me\/wp-content\/uploads\/2025\/01\/evropska-kuca-logo-1.png","contentUrl":"https:\/\/www.evropskakuca.me\/wp-content\/uploads\/2025\/01\/evropska-kuca-logo-1.png","width":425,"height":312,"caption":"Evropean house"},"image":{"@id":"https:\/\/www.evropskakuca.me\/me\/#\/schema\/logo\/image\/"},"sameAs":["https:\/\/www.facebook.com\/evropska.kuca","https:\/\/x.com\/evropska_kuca","https:\/\/www.instagram.com\/evropska_kuca"]},{"@type":"Person","@id":"https:\/\/www.evropskakuca.me\/me\/#\/schema\/person\/a1d0dcdaefe4a1cd1d60d200ea137ba4","name":"mkajic","image":{"@type":"ImageObject","inLanguage":"me-ME","@id":"https:\/\/secure.gravatar.com\/avatar\/731fa035cefab7316e6bafd1f25a93fb731a07de14e2d9923f8db4422628eabc?s=96&d=mm&r=g","url":"https:\/\/secure.gravatar.com\/avatar\/731fa035cefab7316e6bafd1f25a93fb731a07de14e2d9923f8db4422628eabc?s=96&d=mm&r=g","contentUrl":"https:\/\/secure.gravatar.com\/avatar\/731fa035cefab7316e6bafd1f25a93fb731a07de14e2d9923f8db4422628eabc?s=96&d=mm&r=g","caption":"mkajic"},"sameAs":["https:\/\/evropskakuca.me"],"url":"https:\/\/www.evropskakuca.me\/me\/author\/mkajic\/"}]}},"_links":{"self":[{"href":"https:\/\/www.evropskakuca.me\/me\/wp-json\/wp\/v2\/posts\/7763","targetHints":{"allow":["GET"]}}],"collection":[{"href":"https:\/\/www.evropskakuca.me\/me\/wp-json\/wp\/v2\/posts"}],"about":[{"href":"https:\/\/www.evropskakuca.me\/me\/wp-json\/wp\/v2\/types\/post"}],"author":[{"embeddable":true,"href":"https:\/\/www.evropskakuca.me\/me\/wp-json\/wp\/v2\/users\/1"}],"replies":[{"embeddable":true,"href":"https:\/\/www.evropskakuca.me\/me\/wp-json\/wp\/v2\/comments?post=7763"}],"version-history":[{"count":0,"href":"https:\/\/www.evropskakuca.me\/me\/wp-json\/wp\/v2\/posts\/7763\/revisions"}],"wp:featuredmedia":[{"embeddable":true,"href":"https:\/\/www.evropskakuca.me\/me\/wp-json\/wp\/v2\/media\/35034"}],"wp:attachment":[{"href":"https:\/\/www.evropskakuca.me\/me\/wp-json\/wp\/v2\/media?parent=7763"}],"wp:term":[{"taxonomy":"category","embeddable":true,"href":"https:\/\/www.evropskakuca.me\/me\/wp-json\/wp\/v2\/categories?post=7763"},{"taxonomy":"post_tag","embeddable":true,"href":"https:\/\/www.evropskakuca.me\/me\/wp-json\/wp\/v2\/tags?post=7763"}],"curies":[{"name":"wp","href":"https:\/\/api.w.org\/{rel}","templated":true}]}}