{"id":7747,"date":"2020-01-21T14:27:15","date_gmt":"2020-01-21T14:27:15","guid":{"rendered":"http:\/\/www.evropskakuca.me\/?p=7747"},"modified":"2020-01-21T14:27:15","modified_gmt":"2020-01-21T14:27:15","slug":"u-pet-crnogorskih-opstina-postavljeni-bilbordi-sa-porukama-protiv-seksualnog-nasilja","status":"publish","type":"post","link":"https:\/\/www.evropskakuca.me\/me\/u-pet-crnogorskih-opstina-postavljeni-bilbordi-sa-porukama-protiv-seksualnog-nasilja\/","title":{"rendered":"U pet gradova postavljeni bilbordi sa porukama protiv seksualnog nasilja"},"content":{"rendered":"<p>\u201eNe provociram, no se tako nosim\u201c jedna je od pet sna\u017enih poruka, koje su nedavno osvanule na bilbordima u Podgorici, Nik\u0161i\u0107u, \u017dabljaku, Budvi i Bijelom Polju, kako bi se skrenula pa\u017enja na problem seksualnog nasilja u Crnoj Gori.<\/p>\n<p><img fetchpriority=\"high\" decoding=\"async\" class=\"alignnone size-full wp-image-7750\" src=\"http:\/\/www.evropskakuca.me\/wp-content\/uploads\/2020\/01\/kad-necu-necu1-002.jpg\" alt=\"\" width=\"1000\" height=\"750\" \/><\/p>\n<p>Rije\u010d je o porukama nastalim u okviru projekta\u00a0 \u201eOsvijetlimo mrak seksualnog nasilja\u201c, koju sprovode SOS telefon Nik\u0161i\u0107, Sigurna \u017eenska ku\u0107a Podgorica i NVO Prima Podgorica, a finansira Evropska unija. Cilj je pove\u0107ati informisanost javnosti o seksualnom nasilju nad \u017eenama, kao i naj\u010de\u0161\u0107im predrasudama koje se povezuju sa seksualnim nasiljem i motivima za seksualno nasilje nad \u017eenama.<\/p>\n<p><img decoding=\"async\" class=\"alignnone size-full wp-image-7752\" src=\"http:\/\/www.evropskakuca.me\/wp-content\/uploads\/2020\/01\/cenzura1-002.jpg\" alt=\"\" width=\"1000\" height=\"750\" \/><\/p>\n<p>Na bilbordima se nalaze fotografije\/stikeri sa porukama, kojima se skre\u0107e pa\u017enja na postojanje seksualnog nasilja u Crnoj Gori i na \u010dinjenicu da se seksualno nasilje mo\u017ee dogoditi svima i na svakom mjestu.<\/p>\n<p>\u201eTako\u0111e, jo\u0161 jednom \u017eelimo da uka\u017eemo na to koliko je bitno prijaviti seksualno nasilje, i da su na\u0161e tri organizacije tu za sve \u017eene, djevojke i djecu sa iskustvom seksualnog nasilja kojima je potrebna pomo\u0107 i podr\u0161ka\u201c, naveli su organizatori.<\/p>\n<p><img decoding=\"async\" class=\"alignnone size-full wp-image-7748\" src=\"http:\/\/www.evropskakuca.me\/wp-content\/uploads\/2020\/01\/nije-do-vesa1-002.jpg\" alt=\"\" width=\"1000\" height=\"750\" \/><\/p>\n<p>Oni podsje\u0107aju i na rezultate istra\u017eivanja koje je pokazalo da je u 91 odsto slu\u010dajeva \u017eena silovana od njoj poznate i bliske osobe, kao i da na jedan prijavljeni slu\u010daj silovanja ide 20 neprijavljenih. Seksualno nasilje se naj\u010de\u0161\u0107e ne prijavljuje zbog osje\u0107aja stida, osuda okoline i nepovjerenja u institucije.<\/p>\n<p>U okviru projekta \u201eOsvijetlimo mrak seksualnog nasilja\u201c, koji je po\u010deo u maju 2018. godine, realizovane su i druge aktivnosti: javne akcije, dani otvorenih vrata i edukativne radionice u vrti\u0107ima i omladinskim centrima na temu seksualnog nasilja.<\/p>\n<p>&nbsp;<\/p>\n","protected":false},"excerpt":{"rendered":"<p>\u201eNe provociram, no se tako nosim\u201c jedna je od pet sna\u017enih poruka, koje su nedavno osvanule na bilbordima u Podgorici, Nik\u0161i\u0107u, \u017dabljaku, Budvi i Bijelom Polju, kako bi se skrenula pa\u017enja na problem seksualnog nasilja u Crnoj Gori. Rije\u010d je o porukama nastalim u okviru projekta\u00a0 \u201eOsvijetlimo mrak seksualnog nasilja\u201c, koju sprovode SOS telefon Nik\u0161i\u0107, [&hellip;]<\/p>\n","protected":false},"author":1,"featured_media":35044,"comment_status":"open","ping_status":"open","sticky":false,"template":"","format":"standard","meta":{"_acf_changed":false,"footnotes":""},"categories":[1],"tags":[],"class_list":["post-7747","post","type-post","status-publish","format-standard","has-post-thumbnail","hentry","category-uncategorized"],"acf":[],"yoast_head":"<!-- This site is optimized with the Yoast SEO plugin v27.3 - https:\/\/yoast.com\/product\/yoast-seo-wordpress\/ -->\n<title>U pet gradova postavljeni bilbordi sa porukama protiv seksualnog nasilja - Europe House<\/title>\n<meta name=\"robots\" content=\"index, follow, max-snippet:-1, max-image-preview:large, max-video-preview:-1\" \/>\n<link rel=\"canonical\" href=\"https:\/\/www.evropskakuca.me\/me\/u-pet-crnogorskih-opstina-postavljeni-bilbordi-sa-porukama-protiv-seksualnog-nasilja\/\" \/>\n<meta property=\"og:locale\" content=\"en_US\" \/>\n<meta property=\"og:type\" content=\"article\" \/>\n<meta property=\"og:title\" content=\"U pet gradova postavljeni bilbordi sa porukama protiv seksualnog nasilja - Europe House\" \/>\n<meta property=\"og:description\" content=\"\u201eNe provociram, no se tako nosim\u201c jedna je od pet sna\u017enih poruka, koje su nedavno osvanule na bilbordima u Podgorici, Nik\u0161i\u0107u, \u017dabljaku, Budvi i Bijelom Polju, kako bi se skrenula pa\u017enja na problem seksualnog nasilja u Crnoj Gori. Rije\u010d je o porukama nastalim u okviru projekta\u00a0 \u201eOsvijetlimo mrak seksualnog nasilja\u201c, koju sprovode SOS telefon Nik\u0161i\u0107, [&hellip;]\" \/>\n<meta property=\"og:url\" content=\"https:\/\/www.evropskakuca.me\/me\/u-pet-crnogorskih-opstina-postavljeni-bilbordi-sa-porukama-protiv-seksualnog-nasilja\/\" \/>\n<meta property=\"og:site_name\" content=\"Europe House\" \/>\n<meta property=\"article:publisher\" content=\"https:\/\/www.facebook.com\/evropska.kuca\" \/>\n<meta property=\"article:published_time\" content=\"2020-01-21T14:27:15+00:00\" \/>\n<meta property=\"og:image\" content=\"https:\/\/www.evropskakuca.me\/wp-content\/uploads\/2020\/01\/ne-provociram-no-se-tako-nosim1-002.jpg\" \/>\n\t<meta property=\"og:image:width\" content=\"1000\" \/>\n\t<meta property=\"og:image:height\" content=\"750\" \/>\n\t<meta property=\"og:image:type\" content=\"image\/jpeg\" \/>\n<meta name=\"author\" content=\"mkajic\" \/>\n<meta name=\"twitter:card\" content=\"summary_large_image\" \/>\n<meta name=\"twitter:creator\" content=\"@evropska_kuca\" \/>\n<meta name=\"twitter:site\" content=\"@evropska_kuca\" \/>\n<meta name=\"twitter:label1\" content=\"Written by\" \/>\n\t<meta name=\"twitter:data1\" content=\"mkajic\" \/>\n\t<meta name=\"twitter:label2\" content=\"Est. reading time\" \/>\n\t<meta name=\"twitter:data2\" content=\"1 minute\" \/>\n<script type=\"application\/ld+json\" class=\"yoast-schema-graph\">{\"@context\":\"https:\\\/\\\/schema.org\",\"@graph\":[{\"@type\":\"Article\",\"@id\":\"https:\\\/\\\/www.evropskakuca.me\\\/me\\\/u-pet-crnogorskih-opstina-postavljeni-bilbordi-sa-porukama-protiv-seksualnog-nasilja\\\/#article\",\"isPartOf\":{\"@id\":\"https:\\\/\\\/www.evropskakuca.me\\\/me\\\/u-pet-crnogorskih-opstina-postavljeni-bilbordi-sa-porukama-protiv-seksualnog-nasilja\\\/\"},\"author\":{\"name\":\"mkajic\",\"@id\":\"https:\\\/\\\/www.evropskakuca.me\\\/me\\\/#\\\/schema\\\/person\\\/a1d0dcdaefe4a1cd1d60d200ea137ba4\"},\"headline\":\"U pet gradova postavljeni bilbordi sa porukama protiv seksualnog nasilja\",\"datePublished\":\"2020-01-21T14:27:15+00:00\",\"mainEntityOfPage\":{\"@id\":\"https:\\\/\\\/www.evropskakuca.me\\\/me\\\/u-pet-crnogorskih-opstina-postavljeni-bilbordi-sa-porukama-protiv-seksualnog-nasilja\\\/\"},\"wordCount\":285,\"commentCount\":0,\"publisher\":{\"@id\":\"https:\\\/\\\/www.evropskakuca.me\\\/me\\\/#organization\"},\"image\":{\"@id\":\"https:\\\/\\\/www.evropskakuca.me\\\/me\\\/u-pet-crnogorskih-opstina-postavljeni-bilbordi-sa-porukama-protiv-seksualnog-nasilja\\\/#primaryimage\"},\"thumbnailUrl\":\"https:\\\/\\\/www.evropskakuca.me\\\/wp-content\\\/uploads\\\/2020\\\/01\\\/ne-provociram-no-se-tako-nosim1-002.jpg\",\"inLanguage\":\"me-ME\",\"potentialAction\":[{\"@type\":\"CommentAction\",\"name\":\"Comment\",\"target\":[\"https:\\\/\\\/www.evropskakuca.me\\\/me\\\/u-pet-crnogorskih-opstina-postavljeni-bilbordi-sa-porukama-protiv-seksualnog-nasilja\\\/#respond\"]}]},{\"@type\":\"WebPage\",\"@id\":\"https:\\\/\\\/www.evropskakuca.me\\\/me\\\/u-pet-crnogorskih-opstina-postavljeni-bilbordi-sa-porukama-protiv-seksualnog-nasilja\\\/\",\"url\":\"https:\\\/\\\/www.evropskakuca.me\\\/me\\\/u-pet-crnogorskih-opstina-postavljeni-bilbordi-sa-porukama-protiv-seksualnog-nasilja\\\/\",\"name\":\"U pet gradova postavljeni bilbordi sa porukama protiv seksualnog nasilja - Europe House\",\"isPartOf\":{\"@id\":\"https:\\\/\\\/www.evropskakuca.me\\\/me\\\/#website\"},\"primaryImageOfPage\":{\"@id\":\"https:\\\/\\\/www.evropskakuca.me\\\/me\\\/u-pet-crnogorskih-opstina-postavljeni-bilbordi-sa-porukama-protiv-seksualnog-nasilja\\\/#primaryimage\"},\"image\":{\"@id\":\"https:\\\/\\\/www.evropskakuca.me\\\/me\\\/u-pet-crnogorskih-opstina-postavljeni-bilbordi-sa-porukama-protiv-seksualnog-nasilja\\\/#primaryimage\"},\"thumbnailUrl\":\"https:\\\/\\\/www.evropskakuca.me\\\/wp-content\\\/uploads\\\/2020\\\/01\\\/ne-provociram-no-se-tako-nosim1-002.jpg\",\"datePublished\":\"2020-01-21T14:27:15+00:00\",\"breadcrumb\":{\"@id\":\"https:\\\/\\\/www.evropskakuca.me\\\/me\\\/u-pet-crnogorskih-opstina-postavljeni-bilbordi-sa-porukama-protiv-seksualnog-nasilja\\\/#breadcrumb\"},\"inLanguage\":\"me-ME\",\"potentialAction\":[{\"@type\":\"ReadAction\",\"target\":[\"https:\\\/\\\/www.evropskakuca.me\\\/me\\\/u-pet-crnogorskih-opstina-postavljeni-bilbordi-sa-porukama-protiv-seksualnog-nasilja\\\/\"]}]},{\"@type\":\"ImageObject\",\"inLanguage\":\"me-ME\",\"@id\":\"https:\\\/\\\/www.evropskakuca.me\\\/me\\\/u-pet-crnogorskih-opstina-postavljeni-bilbordi-sa-porukama-protiv-seksualnog-nasilja\\\/#primaryimage\",\"url\":\"https:\\\/\\\/www.evropskakuca.me\\\/wp-content\\\/uploads\\\/2020\\\/01\\\/ne-provociram-no-se-tako-nosim1-002.jpg\",\"contentUrl\":\"https:\\\/\\\/www.evropskakuca.me\\\/wp-content\\\/uploads\\\/2020\\\/01\\\/ne-provociram-no-se-tako-nosim1-002.jpg\",\"width\":1000,\"height\":750},{\"@type\":\"BreadcrumbList\",\"@id\":\"https:\\\/\\\/www.evropskakuca.me\\\/me\\\/u-pet-crnogorskih-opstina-postavljeni-bilbordi-sa-porukama-protiv-seksualnog-nasilja\\\/#breadcrumb\",\"itemListElement\":[{\"@type\":\"ListItem\",\"position\":1,\"name\":\"Home\",\"item\":\"https:\\\/\\\/www.evropskakuca.me\\\/me\\\/\"},{\"@type\":\"ListItem\",\"position\":2,\"name\":\"U pet gradova postavljeni bilbordi sa porukama protiv seksualnog nasilja\"}]},{\"@type\":\"WebSite\",\"@id\":\"https:\\\/\\\/www.evropskakuca.me\\\/me\\\/#website\",\"url\":\"https:\\\/\\\/www.evropskakuca.me\\\/me\\\/\",\"name\":\"Evropean house\",\"description\":\"\",\"publisher\":{\"@id\":\"https:\\\/\\\/www.evropskakuca.me\\\/me\\\/#organization\"},\"potentialAction\":[{\"@type\":\"SearchAction\",\"target\":{\"@type\":\"EntryPoint\",\"urlTemplate\":\"https:\\\/\\\/www.evropskakuca.me\\\/me\\\/?s={search_term_string}\"},\"query-input\":{\"@type\":\"PropertyValueSpecification\",\"valueRequired\":true,\"valueName\":\"search_term_string\"}}],\"inLanguage\":\"me-ME\"},{\"@type\":\"Organization\",\"@id\":\"https:\\\/\\\/www.evropskakuca.me\\\/me\\\/#organization\",\"name\":\"Evropean house\",\"url\":\"https:\\\/\\\/www.evropskakuca.me\\\/me\\\/\",\"logo\":{\"@type\":\"ImageObject\",\"inLanguage\":\"me-ME\",\"@id\":\"https:\\\/\\\/www.evropskakuca.me\\\/me\\\/#\\\/schema\\\/logo\\\/image\\\/\",\"url\":\"https:\\\/\\\/www.evropskakuca.me\\\/wp-content\\\/uploads\\\/2025\\\/01\\\/evropska-kuca-logo-1.png\",\"contentUrl\":\"https:\\\/\\\/www.evropskakuca.me\\\/wp-content\\\/uploads\\\/2025\\\/01\\\/evropska-kuca-logo-1.png\",\"width\":425,\"height\":312,\"caption\":\"Evropean house\"},\"image\":{\"@id\":\"https:\\\/\\\/www.evropskakuca.me\\\/me\\\/#\\\/schema\\\/logo\\\/image\\\/\"},\"sameAs\":[\"https:\\\/\\\/www.facebook.com\\\/evropska.kuca\",\"https:\\\/\\\/x.com\\\/evropska_kuca\",\"https:\\\/\\\/www.instagram.com\\\/evropska_kuca\"]},{\"@type\":\"Person\",\"@id\":\"https:\\\/\\\/www.evropskakuca.me\\\/me\\\/#\\\/schema\\\/person\\\/a1d0dcdaefe4a1cd1d60d200ea137ba4\",\"name\":\"mkajic\",\"image\":{\"@type\":\"ImageObject\",\"inLanguage\":\"me-ME\",\"@id\":\"https:\\\/\\\/secure.gravatar.com\\\/avatar\\\/731fa035cefab7316e6bafd1f25a93fb731a07de14e2d9923f8db4422628eabc?s=96&d=mm&r=g\",\"url\":\"https:\\\/\\\/secure.gravatar.com\\\/avatar\\\/731fa035cefab7316e6bafd1f25a93fb731a07de14e2d9923f8db4422628eabc?s=96&d=mm&r=g\",\"contentUrl\":\"https:\\\/\\\/secure.gravatar.com\\\/avatar\\\/731fa035cefab7316e6bafd1f25a93fb731a07de14e2d9923f8db4422628eabc?s=96&d=mm&r=g\",\"caption\":\"mkajic\"},\"sameAs\":[\"https:\\\/\\\/evropskakuca.me\"],\"url\":\"https:\\\/\\\/www.evropskakuca.me\\\/me\\\/author\\\/mkajic\\\/\"}]}<\/script>\n<!-- \/ Yoast SEO plugin. -->","yoast_head_json":{"title":"U pet gradova postavljeni bilbordi sa porukama protiv seksualnog nasilja - Europe House","robots":{"index":"index","follow":"follow","max-snippet":"max-snippet:-1","max-image-preview":"max-image-preview:large","max-video-preview":"max-video-preview:-1"},"canonical":"https:\/\/www.evropskakuca.me\/me\/u-pet-crnogorskih-opstina-postavljeni-bilbordi-sa-porukama-protiv-seksualnog-nasilja\/","og_locale":"en_US","og_type":"article","og_title":"U pet gradova postavljeni bilbordi sa porukama protiv seksualnog nasilja - Europe House","og_description":"\u201eNe provociram, no se tako nosim\u201c jedna je od pet sna\u017enih poruka, koje su nedavno osvanule na bilbordima u Podgorici, Nik\u0161i\u0107u, \u017dabljaku, Budvi i Bijelom Polju, kako bi se skrenula pa\u017enja na problem seksualnog nasilja u Crnoj Gori. Rije\u010d je o porukama nastalim u okviru projekta\u00a0 \u201eOsvijetlimo mrak seksualnog nasilja\u201c, koju sprovode SOS telefon Nik\u0161i\u0107, [&hellip;]","og_url":"https:\/\/www.evropskakuca.me\/me\/u-pet-crnogorskih-opstina-postavljeni-bilbordi-sa-porukama-protiv-seksualnog-nasilja\/","og_site_name":"Europe House","article_publisher":"https:\/\/www.facebook.com\/evropska.kuca","article_published_time":"2020-01-21T14:27:15+00:00","og_image":[{"width":1000,"height":750,"url":"https:\/\/www.evropskakuca.me\/wp-content\/uploads\/2020\/01\/ne-provociram-no-se-tako-nosim1-002.jpg","type":"image\/jpeg"}],"author":"mkajic","twitter_card":"summary_large_image","twitter_creator":"@evropska_kuca","twitter_site":"@evropska_kuca","twitter_misc":{"Written by":"mkajic","Est. reading time":"1 minute"},"schema":{"@context":"https:\/\/schema.org","@graph":[{"@type":"Article","@id":"https:\/\/www.evropskakuca.me\/me\/u-pet-crnogorskih-opstina-postavljeni-bilbordi-sa-porukama-protiv-seksualnog-nasilja\/#article","isPartOf":{"@id":"https:\/\/www.evropskakuca.me\/me\/u-pet-crnogorskih-opstina-postavljeni-bilbordi-sa-porukama-protiv-seksualnog-nasilja\/"},"author":{"name":"mkajic","@id":"https:\/\/www.evropskakuca.me\/me\/#\/schema\/person\/a1d0dcdaefe4a1cd1d60d200ea137ba4"},"headline":"U pet gradova postavljeni bilbordi sa porukama protiv seksualnog nasilja","datePublished":"2020-01-21T14:27:15+00:00","mainEntityOfPage":{"@id":"https:\/\/www.evropskakuca.me\/me\/u-pet-crnogorskih-opstina-postavljeni-bilbordi-sa-porukama-protiv-seksualnog-nasilja\/"},"wordCount":285,"commentCount":0,"publisher":{"@id":"https:\/\/www.evropskakuca.me\/me\/#organization"},"image":{"@id":"https:\/\/www.evropskakuca.me\/me\/u-pet-crnogorskih-opstina-postavljeni-bilbordi-sa-porukama-protiv-seksualnog-nasilja\/#primaryimage"},"thumbnailUrl":"https:\/\/www.evropskakuca.me\/wp-content\/uploads\/2020\/01\/ne-provociram-no-se-tako-nosim1-002.jpg","inLanguage":"me-ME","potentialAction":[{"@type":"CommentAction","name":"Comment","target":["https:\/\/www.evropskakuca.me\/me\/u-pet-crnogorskih-opstina-postavljeni-bilbordi-sa-porukama-protiv-seksualnog-nasilja\/#respond"]}]},{"@type":"WebPage","@id":"https:\/\/www.evropskakuca.me\/me\/u-pet-crnogorskih-opstina-postavljeni-bilbordi-sa-porukama-protiv-seksualnog-nasilja\/","url":"https:\/\/www.evropskakuca.me\/me\/u-pet-crnogorskih-opstina-postavljeni-bilbordi-sa-porukama-protiv-seksualnog-nasilja\/","name":"U pet gradova postavljeni bilbordi sa porukama protiv seksualnog nasilja - Europe House","isPartOf":{"@id":"https:\/\/www.evropskakuca.me\/me\/#website"},"primaryImageOfPage":{"@id":"https:\/\/www.evropskakuca.me\/me\/u-pet-crnogorskih-opstina-postavljeni-bilbordi-sa-porukama-protiv-seksualnog-nasilja\/#primaryimage"},"image":{"@id":"https:\/\/www.evropskakuca.me\/me\/u-pet-crnogorskih-opstina-postavljeni-bilbordi-sa-porukama-protiv-seksualnog-nasilja\/#primaryimage"},"thumbnailUrl":"https:\/\/www.evropskakuca.me\/wp-content\/uploads\/2020\/01\/ne-provociram-no-se-tako-nosim1-002.jpg","datePublished":"2020-01-21T14:27:15+00:00","breadcrumb":{"@id":"https:\/\/www.evropskakuca.me\/me\/u-pet-crnogorskih-opstina-postavljeni-bilbordi-sa-porukama-protiv-seksualnog-nasilja\/#breadcrumb"},"inLanguage":"me-ME","potentialAction":[{"@type":"ReadAction","target":["https:\/\/www.evropskakuca.me\/me\/u-pet-crnogorskih-opstina-postavljeni-bilbordi-sa-porukama-protiv-seksualnog-nasilja\/"]}]},{"@type":"ImageObject","inLanguage":"me-ME","@id":"https:\/\/www.evropskakuca.me\/me\/u-pet-crnogorskih-opstina-postavljeni-bilbordi-sa-porukama-protiv-seksualnog-nasilja\/#primaryimage","url":"https:\/\/www.evropskakuca.me\/wp-content\/uploads\/2020\/01\/ne-provociram-no-se-tako-nosim1-002.jpg","contentUrl":"https:\/\/www.evropskakuca.me\/wp-content\/uploads\/2020\/01\/ne-provociram-no-se-tako-nosim1-002.jpg","width":1000,"height":750},{"@type":"BreadcrumbList","@id":"https:\/\/www.evropskakuca.me\/me\/u-pet-crnogorskih-opstina-postavljeni-bilbordi-sa-porukama-protiv-seksualnog-nasilja\/#breadcrumb","itemListElement":[{"@type":"ListItem","position":1,"name":"Home","item":"https:\/\/www.evropskakuca.me\/me\/"},{"@type":"ListItem","position":2,"name":"U pet gradova postavljeni bilbordi sa porukama protiv seksualnog nasilja"}]},{"@type":"WebSite","@id":"https:\/\/www.evropskakuca.me\/me\/#website","url":"https:\/\/www.evropskakuca.me\/me\/","name":"Evropean house","description":"","publisher":{"@id":"https:\/\/www.evropskakuca.me\/me\/#organization"},"potentialAction":[{"@type":"SearchAction","target":{"@type":"EntryPoint","urlTemplate":"https:\/\/www.evropskakuca.me\/me\/?s={search_term_string}"},"query-input":{"@type":"PropertyValueSpecification","valueRequired":true,"valueName":"search_term_string"}}],"inLanguage":"me-ME"},{"@type":"Organization","@id":"https:\/\/www.evropskakuca.me\/me\/#organization","name":"Evropean house","url":"https:\/\/www.evropskakuca.me\/me\/","logo":{"@type":"ImageObject","inLanguage":"me-ME","@id":"https:\/\/www.evropskakuca.me\/me\/#\/schema\/logo\/image\/","url":"https:\/\/www.evropskakuca.me\/wp-content\/uploads\/2025\/01\/evropska-kuca-logo-1.png","contentUrl":"https:\/\/www.evropskakuca.me\/wp-content\/uploads\/2025\/01\/evropska-kuca-logo-1.png","width":425,"height":312,"caption":"Evropean house"},"image":{"@id":"https:\/\/www.evropskakuca.me\/me\/#\/schema\/logo\/image\/"},"sameAs":["https:\/\/www.facebook.com\/evropska.kuca","https:\/\/x.com\/evropska_kuca","https:\/\/www.instagram.com\/evropska_kuca"]},{"@type":"Person","@id":"https:\/\/www.evropskakuca.me\/me\/#\/schema\/person\/a1d0dcdaefe4a1cd1d60d200ea137ba4","name":"mkajic","image":{"@type":"ImageObject","inLanguage":"me-ME","@id":"https:\/\/secure.gravatar.com\/avatar\/731fa035cefab7316e6bafd1f25a93fb731a07de14e2d9923f8db4422628eabc?s=96&d=mm&r=g","url":"https:\/\/secure.gravatar.com\/avatar\/731fa035cefab7316e6bafd1f25a93fb731a07de14e2d9923f8db4422628eabc?s=96&d=mm&r=g","contentUrl":"https:\/\/secure.gravatar.com\/avatar\/731fa035cefab7316e6bafd1f25a93fb731a07de14e2d9923f8db4422628eabc?s=96&d=mm&r=g","caption":"mkajic"},"sameAs":["https:\/\/evropskakuca.me"],"url":"https:\/\/www.evropskakuca.me\/me\/author\/mkajic\/"}]}},"_links":{"self":[{"href":"https:\/\/www.evropskakuca.me\/me\/wp-json\/wp\/v2\/posts\/7747","targetHints":{"allow":["GET"]}}],"collection":[{"href":"https:\/\/www.evropskakuca.me\/me\/wp-json\/wp\/v2\/posts"}],"about":[{"href":"https:\/\/www.evropskakuca.me\/me\/wp-json\/wp\/v2\/types\/post"}],"author":[{"embeddable":true,"href":"https:\/\/www.evropskakuca.me\/me\/wp-json\/wp\/v2\/users\/1"}],"replies":[{"embeddable":true,"href":"https:\/\/www.evropskakuca.me\/me\/wp-json\/wp\/v2\/comments?post=7747"}],"version-history":[{"count":0,"href":"https:\/\/www.evropskakuca.me\/me\/wp-json\/wp\/v2\/posts\/7747\/revisions"}],"wp:featuredmedia":[{"embeddable":true,"href":"https:\/\/www.evropskakuca.me\/me\/wp-json\/wp\/v2\/media\/35044"}],"wp:attachment":[{"href":"https:\/\/www.evropskakuca.me\/me\/wp-json\/wp\/v2\/media?parent=7747"}],"wp:term":[{"taxonomy":"category","embeddable":true,"href":"https:\/\/www.evropskakuca.me\/me\/wp-json\/wp\/v2\/categories?post=7747"},{"taxonomy":"post_tag","embeddable":true,"href":"https:\/\/www.evropskakuca.me\/me\/wp-json\/wp\/v2\/tags?post=7747"}],"curies":[{"name":"wp","href":"https:\/\/api.w.org\/{rel}","templated":true}]}}