{"id":7723,"date":"2020-01-13T13:50:52","date_gmt":"2020-01-13T13:50:52","guid":{"rendered":"http:\/\/www.evropskakuca.me\/?p=7723"},"modified":"2020-01-13T13:50:52","modified_gmt":"2020-01-13T13:50:52","slug":"sadnja-borova-u-ulcinju","status":"publish","type":"post","link":"https:\/\/www.evropskakuca.me\/me\/sadnja-borova-u-ulcinju\/","title":{"rendered":"Sadnja borova u Ulcinju"},"content":{"rendered":"<p>Prvi dani nove godine u Ulcinju po\u010deli su po\u0161umljavanjem park \u0161ume na vrhu Meteriza. EU Info Centar u partnerstvu sa op\u0161tinom Ulcinj i nevladinim organizacijama Eco Logic i Dr Martin Schneider Jakoby organizovao je sadnju mladica alepskog i crnog bora. Prvu sadnicu posadio je doma\u0107in, predsjednik op\u0161tine Ulcinj Ljoro Nreki\u0107.<\/p>\n<p><img fetchpriority=\"high\" decoding=\"async\" class=\"alignnone size-large wp-image-7726\" src=\"http:\/\/www.evropskakuca.me\/wp-content\/uploads\/2020\/01\/nurkovic-1024x683.jpg\" alt=\"\" width=\"1024\" height=\"683\" \/><\/p>\n<p>\u201cOve vrste akcija su jako bitne i zahvalan sam Delegaciji Evropske unije i EU info centru na podr\u0161ci koja nam mnogo zna\u010di. Mi \u0107emo nastaviti sa po\u0161umljavanjem u Ulcinju i ve\u0107 planiramo sli\u010dne akcije na lokalitetima Bijela gora i Pinje\u0161.\u201c kazao je Nreki\u0107.<\/p>\n<p>Delegacija Evropske unije i EU info centar su tokom jesenjih mjeseci protekle godine sprovodili kampanju \u201cBudi primjer. Uklju\u010di se!\u201c, posve\u0107enu zelenim i odr\u017eivim \u017eivotnim stilovima. Sadnja drve\u0107a bila je zna\u010dajan segment te kampanje. Iako se kampanja zavr\u0161ila potreba za po\u0161umljavanjem nije prestala pa se tako i u novoj godini akcije nastavljaju. EU info centar u saradnji sa NVO Eco Logic i Dr Martin Schneider Jakoby obogatio je ulcinjsko brdo Meterizi za nekoliko desetina novih sadnica.<\/p>\n<p><img decoding=\"async\" class=\"alignnone size-large wp-image-7728\" src=\"http:\/\/www.evropskakuca.me\/wp-content\/uploads\/2020\/01\/ul-27-1024x683.jpg\" alt=\"\" width=\"1024\" height=\"683\" \/><\/p>\n<p>\u201cJavne povr\u0161ine se svakim danom smanjuju i dobijaju neku drugu namjenu. Zato je ova akcija jos va\u017enija, kao motivacija za sve gra\u0111ane da se uklju\u010de i vrate javni prostor u svrhu i na upotrebu svima nama. Po\u0161umljavanje je postalo va\u017eno kao nikad do sada, zbog svih evidentnih uzroka a jedan od najva\u017enijih su klimatske promjene. Ova akcija je pozitivan primjer kako mozemo da radimo za dobrobit svih nas.\u201c kazala je Zenepa Lika iz organizacije Dr Martin Schneider Jakoby.<\/p>\n<p>Saradnja na akcijama po\u0161umljavanja izme\u0111u EUIC i NVO Eco Logic otpo\u010dela je pro\u0161le jeseni, i ovime je otpo\u010det njen ciklus u 2020. godini, kazala je An\u0111ela \u0110ura\u0161kovi\u0107 iz NVO Eco Logic.<\/p>\n<p><img decoding=\"async\" class=\"alignnone size-large wp-image-7730\" src=\"http:\/\/www.evropskakuca.me\/wp-content\/uploads\/2020\/01\/ul-26-1024x683.jpg\" alt=\"\" width=\"1024\" height=\"683\" \/><\/p>\n<p>\u201cSvaki prostor koji je jo\u0161 uvijek javan, bez obzira na njegovu veli\u010dinu, mora ponovo postati mjesto na kojem se ljudi okupljaju i provode vrijeme, a ne samo parkiraju svoje automobile. Na\u0161 je cilj da energija novih po\u010detaka, koja dominira u ovom periodu godine, zahvati i odnos mje\u0161tana prema svom okru\u017eenju, i da ljudi svih uzrasta, koji su danas sa nama po\u0161umljavali, nastave da brinu o ovim sadnicama i rade na tome da jednog dana mogu u\u017eivati u njihovom hladu i braniti njihovo pravo da postoje.\u201c kazala je \u0110ura\u0161kovi\u0107.<\/p>\n<p>Sadnja borova u Ulcinju dobar je primjer kako lokalna zajednica mo\u017ee uz malo truda da oplemeni prostor u kojem obitava. I \u0161to je najva\u017enije, u sadnji su u\u010destvovali i najmla\u0111i, ba\u0161 oni koji \u0107e u\u017eivati u hladu ovih borova i ba\u0161 oni zbog kojih se oni i sade.<\/p>\n<p>&nbsp;<\/p>\n<p>&nbsp;<\/p>\n","protected":false},"excerpt":{"rendered":"<p>U organizaciju EU Info Centra i partnera<\/p>\n","protected":false},"author":1,"featured_media":0,"comment_status":"open","ping_status":"open","sticky":false,"template":"","format":"standard","meta":{"_acf_changed":false,"footnotes":""},"categories":[1],"tags":[],"class_list":["post-7723","post","type-post","status-publish","format-standard","hentry","category-uncategorized"],"acf":[],"yoast_head":"<!-- This site is optimized with the Yoast SEO plugin v27.3 - https:\/\/yoast.com\/product\/yoast-seo-wordpress\/ -->\n<title>Sadnja borova u Ulcinju - Europe House<\/title>\n<meta name=\"robots\" content=\"index, follow, max-snippet:-1, max-image-preview:large, max-video-preview:-1\" \/>\n<link rel=\"canonical\" href=\"https:\/\/www.evropskakuca.me\/me\/sadnja-borova-u-ulcinju\/\" \/>\n<meta property=\"og:locale\" content=\"en_US\" \/>\n<meta property=\"og:type\" content=\"article\" \/>\n<meta property=\"og:title\" content=\"Sadnja borova u Ulcinju - Europe House\" \/>\n<meta property=\"og:description\" content=\"U organizaciju EU Info Centra i partnera\" \/>\n<meta property=\"og:url\" content=\"https:\/\/www.evropskakuca.me\/me\/sadnja-borova-u-ulcinju\/\" \/>\n<meta property=\"og:site_name\" content=\"Europe House\" \/>\n<meta property=\"article:publisher\" content=\"https:\/\/www.facebook.com\/evropska.kuca\" \/>\n<meta property=\"article:published_time\" content=\"2020-01-13T13:50:52+00:00\" \/>\n<meta property=\"og:image\" content=\"http:\/\/www.evropskakuca.me\/wp-content\/uploads\/2020\/01\/nurkovic-1024x683.jpg\" \/>\n<meta name=\"author\" content=\"mkajic\" \/>\n<meta name=\"twitter:card\" content=\"summary_large_image\" \/>\n<meta name=\"twitter:creator\" content=\"@evropska_kuca\" \/>\n<meta name=\"twitter:site\" content=\"@evropska_kuca\" \/>\n<meta name=\"twitter:label1\" content=\"Written by\" \/>\n\t<meta name=\"twitter:data1\" content=\"mkajic\" \/>\n\t<meta name=\"twitter:label2\" content=\"Est. reading time\" \/>\n\t<meta name=\"twitter:data2\" content=\"2 minutes\" \/>\n<script type=\"application\/ld+json\" class=\"yoast-schema-graph\">{\"@context\":\"https:\\\/\\\/schema.org\",\"@graph\":[{\"@type\":\"Article\",\"@id\":\"https:\\\/\\\/www.evropskakuca.me\\\/me\\\/sadnja-borova-u-ulcinju\\\/#article\",\"isPartOf\":{\"@id\":\"https:\\\/\\\/www.evropskakuca.me\\\/me\\\/sadnja-borova-u-ulcinju\\\/\"},\"author\":{\"name\":\"mkajic\",\"@id\":\"https:\\\/\\\/www.evropskakuca.me\\\/me\\\/#\\\/schema\\\/person\\\/a1d0dcdaefe4a1cd1d60d200ea137ba4\"},\"headline\":\"Sadnja borova u Ulcinju\",\"datePublished\":\"2020-01-13T13:50:52+00:00\",\"mainEntityOfPage\":{\"@id\":\"https:\\\/\\\/www.evropskakuca.me\\\/me\\\/sadnja-borova-u-ulcinju\\\/\"},\"wordCount\":460,\"commentCount\":0,\"publisher\":{\"@id\":\"https:\\\/\\\/www.evropskakuca.me\\\/me\\\/#organization\"},\"image\":{\"@id\":\"https:\\\/\\\/www.evropskakuca.me\\\/me\\\/sadnja-borova-u-ulcinju\\\/#primaryimage\"},\"thumbnailUrl\":\"http:\\\/\\\/www.evropskakuca.me\\\/wp-content\\\/uploads\\\/2020\\\/01\\\/nurkovic-1024x683.jpg\",\"inLanguage\":\"me-ME\",\"potentialAction\":[{\"@type\":\"CommentAction\",\"name\":\"Comment\",\"target\":[\"https:\\\/\\\/www.evropskakuca.me\\\/me\\\/sadnja-borova-u-ulcinju\\\/#respond\"]}]},{\"@type\":\"WebPage\",\"@id\":\"https:\\\/\\\/www.evropskakuca.me\\\/me\\\/sadnja-borova-u-ulcinju\\\/\",\"url\":\"https:\\\/\\\/www.evropskakuca.me\\\/me\\\/sadnja-borova-u-ulcinju\\\/\",\"name\":\"Sadnja borova u Ulcinju - Europe House\",\"isPartOf\":{\"@id\":\"https:\\\/\\\/www.evropskakuca.me\\\/me\\\/#website\"},\"primaryImageOfPage\":{\"@id\":\"https:\\\/\\\/www.evropskakuca.me\\\/me\\\/sadnja-borova-u-ulcinju\\\/#primaryimage\"},\"image\":{\"@id\":\"https:\\\/\\\/www.evropskakuca.me\\\/me\\\/sadnja-borova-u-ulcinju\\\/#primaryimage\"},\"thumbnailUrl\":\"http:\\\/\\\/www.evropskakuca.me\\\/wp-content\\\/uploads\\\/2020\\\/01\\\/nurkovic-1024x683.jpg\",\"datePublished\":\"2020-01-13T13:50:52+00:00\",\"breadcrumb\":{\"@id\":\"https:\\\/\\\/www.evropskakuca.me\\\/me\\\/sadnja-borova-u-ulcinju\\\/#breadcrumb\"},\"inLanguage\":\"me-ME\",\"potentialAction\":[{\"@type\":\"ReadAction\",\"target\":[\"https:\\\/\\\/www.evropskakuca.me\\\/me\\\/sadnja-borova-u-ulcinju\\\/\"]}]},{\"@type\":\"ImageObject\",\"inLanguage\":\"me-ME\",\"@id\":\"https:\\\/\\\/www.evropskakuca.me\\\/me\\\/sadnja-borova-u-ulcinju\\\/#primaryimage\",\"url\":\"http:\\\/\\\/www.evropskakuca.me\\\/wp-content\\\/uploads\\\/2020\\\/01\\\/nurkovic-1024x683.jpg\",\"contentUrl\":\"http:\\\/\\\/www.evropskakuca.me\\\/wp-content\\\/uploads\\\/2020\\\/01\\\/nurkovic-1024x683.jpg\"},{\"@type\":\"BreadcrumbList\",\"@id\":\"https:\\\/\\\/www.evropskakuca.me\\\/me\\\/sadnja-borova-u-ulcinju\\\/#breadcrumb\",\"itemListElement\":[{\"@type\":\"ListItem\",\"position\":1,\"name\":\"Home\",\"item\":\"https:\\\/\\\/www.evropskakuca.me\\\/me\\\/\"},{\"@type\":\"ListItem\",\"position\":2,\"name\":\"Sadnja borova u Ulcinju\"}]},{\"@type\":\"WebSite\",\"@id\":\"https:\\\/\\\/www.evropskakuca.me\\\/me\\\/#website\",\"url\":\"https:\\\/\\\/www.evropskakuca.me\\\/me\\\/\",\"name\":\"Evropean house\",\"description\":\"\",\"publisher\":{\"@id\":\"https:\\\/\\\/www.evropskakuca.me\\\/me\\\/#organization\"},\"potentialAction\":[{\"@type\":\"SearchAction\",\"target\":{\"@type\":\"EntryPoint\",\"urlTemplate\":\"https:\\\/\\\/www.evropskakuca.me\\\/me\\\/?s={search_term_string}\"},\"query-input\":{\"@type\":\"PropertyValueSpecification\",\"valueRequired\":true,\"valueName\":\"search_term_string\"}}],\"inLanguage\":\"me-ME\"},{\"@type\":\"Organization\",\"@id\":\"https:\\\/\\\/www.evropskakuca.me\\\/me\\\/#organization\",\"name\":\"Evropean house\",\"url\":\"https:\\\/\\\/www.evropskakuca.me\\\/me\\\/\",\"logo\":{\"@type\":\"ImageObject\",\"inLanguage\":\"me-ME\",\"@id\":\"https:\\\/\\\/www.evropskakuca.me\\\/me\\\/#\\\/schema\\\/logo\\\/image\\\/\",\"url\":\"https:\\\/\\\/www.evropskakuca.me\\\/wp-content\\\/uploads\\\/2025\\\/01\\\/evropska-kuca-logo-1.png\",\"contentUrl\":\"https:\\\/\\\/www.evropskakuca.me\\\/wp-content\\\/uploads\\\/2025\\\/01\\\/evropska-kuca-logo-1.png\",\"width\":425,\"height\":312,\"caption\":\"Evropean house\"},\"image\":{\"@id\":\"https:\\\/\\\/www.evropskakuca.me\\\/me\\\/#\\\/schema\\\/logo\\\/image\\\/\"},\"sameAs\":[\"https:\\\/\\\/www.facebook.com\\\/evropska.kuca\",\"https:\\\/\\\/x.com\\\/evropska_kuca\",\"https:\\\/\\\/www.instagram.com\\\/evropska_kuca\"]},{\"@type\":\"Person\",\"@id\":\"https:\\\/\\\/www.evropskakuca.me\\\/me\\\/#\\\/schema\\\/person\\\/a1d0dcdaefe4a1cd1d60d200ea137ba4\",\"name\":\"mkajic\",\"image\":{\"@type\":\"ImageObject\",\"inLanguage\":\"me-ME\",\"@id\":\"https:\\\/\\\/secure.gravatar.com\\\/avatar\\\/731fa035cefab7316e6bafd1f25a93fb731a07de14e2d9923f8db4422628eabc?s=96&d=mm&r=g\",\"url\":\"https:\\\/\\\/secure.gravatar.com\\\/avatar\\\/731fa035cefab7316e6bafd1f25a93fb731a07de14e2d9923f8db4422628eabc?s=96&d=mm&r=g\",\"contentUrl\":\"https:\\\/\\\/secure.gravatar.com\\\/avatar\\\/731fa035cefab7316e6bafd1f25a93fb731a07de14e2d9923f8db4422628eabc?s=96&d=mm&r=g\",\"caption\":\"mkajic\"},\"sameAs\":[\"https:\\\/\\\/evropskakuca.me\"],\"url\":\"https:\\\/\\\/www.evropskakuca.me\\\/me\\\/author\\\/mkajic\\\/\"}]}<\/script>\n<!-- \/ Yoast SEO plugin. -->","yoast_head_json":{"title":"Sadnja borova u Ulcinju - Europe House","robots":{"index":"index","follow":"follow","max-snippet":"max-snippet:-1","max-image-preview":"max-image-preview:large","max-video-preview":"max-video-preview:-1"},"canonical":"https:\/\/www.evropskakuca.me\/me\/sadnja-borova-u-ulcinju\/","og_locale":"en_US","og_type":"article","og_title":"Sadnja borova u Ulcinju - Europe House","og_description":"U organizaciju EU Info Centra i partnera","og_url":"https:\/\/www.evropskakuca.me\/me\/sadnja-borova-u-ulcinju\/","og_site_name":"Europe House","article_publisher":"https:\/\/www.facebook.com\/evropska.kuca","article_published_time":"2020-01-13T13:50:52+00:00","og_image":[{"url":"http:\/\/www.evropskakuca.me\/wp-content\/uploads\/2020\/01\/nurkovic-1024x683.jpg","type":"","width":"","height":""}],"author":"mkajic","twitter_card":"summary_large_image","twitter_creator":"@evropska_kuca","twitter_site":"@evropska_kuca","twitter_misc":{"Written by":"mkajic","Est. reading time":"2 minutes"},"schema":{"@context":"https:\/\/schema.org","@graph":[{"@type":"Article","@id":"https:\/\/www.evropskakuca.me\/me\/sadnja-borova-u-ulcinju\/#article","isPartOf":{"@id":"https:\/\/www.evropskakuca.me\/me\/sadnja-borova-u-ulcinju\/"},"author":{"name":"mkajic","@id":"https:\/\/www.evropskakuca.me\/me\/#\/schema\/person\/a1d0dcdaefe4a1cd1d60d200ea137ba4"},"headline":"Sadnja borova u Ulcinju","datePublished":"2020-01-13T13:50:52+00:00","mainEntityOfPage":{"@id":"https:\/\/www.evropskakuca.me\/me\/sadnja-borova-u-ulcinju\/"},"wordCount":460,"commentCount":0,"publisher":{"@id":"https:\/\/www.evropskakuca.me\/me\/#organization"},"image":{"@id":"https:\/\/www.evropskakuca.me\/me\/sadnja-borova-u-ulcinju\/#primaryimage"},"thumbnailUrl":"http:\/\/www.evropskakuca.me\/wp-content\/uploads\/2020\/01\/nurkovic-1024x683.jpg","inLanguage":"me-ME","potentialAction":[{"@type":"CommentAction","name":"Comment","target":["https:\/\/www.evropskakuca.me\/me\/sadnja-borova-u-ulcinju\/#respond"]}]},{"@type":"WebPage","@id":"https:\/\/www.evropskakuca.me\/me\/sadnja-borova-u-ulcinju\/","url":"https:\/\/www.evropskakuca.me\/me\/sadnja-borova-u-ulcinju\/","name":"Sadnja borova u Ulcinju - Europe House","isPartOf":{"@id":"https:\/\/www.evropskakuca.me\/me\/#website"},"primaryImageOfPage":{"@id":"https:\/\/www.evropskakuca.me\/me\/sadnja-borova-u-ulcinju\/#primaryimage"},"image":{"@id":"https:\/\/www.evropskakuca.me\/me\/sadnja-borova-u-ulcinju\/#primaryimage"},"thumbnailUrl":"http:\/\/www.evropskakuca.me\/wp-content\/uploads\/2020\/01\/nurkovic-1024x683.jpg","datePublished":"2020-01-13T13:50:52+00:00","breadcrumb":{"@id":"https:\/\/www.evropskakuca.me\/me\/sadnja-borova-u-ulcinju\/#breadcrumb"},"inLanguage":"me-ME","potentialAction":[{"@type":"ReadAction","target":["https:\/\/www.evropskakuca.me\/me\/sadnja-borova-u-ulcinju\/"]}]},{"@type":"ImageObject","inLanguage":"me-ME","@id":"https:\/\/www.evropskakuca.me\/me\/sadnja-borova-u-ulcinju\/#primaryimage","url":"http:\/\/www.evropskakuca.me\/wp-content\/uploads\/2020\/01\/nurkovic-1024x683.jpg","contentUrl":"http:\/\/www.evropskakuca.me\/wp-content\/uploads\/2020\/01\/nurkovic-1024x683.jpg"},{"@type":"BreadcrumbList","@id":"https:\/\/www.evropskakuca.me\/me\/sadnja-borova-u-ulcinju\/#breadcrumb","itemListElement":[{"@type":"ListItem","position":1,"name":"Home","item":"https:\/\/www.evropskakuca.me\/me\/"},{"@type":"ListItem","position":2,"name":"Sadnja borova u Ulcinju"}]},{"@type":"WebSite","@id":"https:\/\/www.evropskakuca.me\/me\/#website","url":"https:\/\/www.evropskakuca.me\/me\/","name":"Evropean house","description":"","publisher":{"@id":"https:\/\/www.evropskakuca.me\/me\/#organization"},"potentialAction":[{"@type":"SearchAction","target":{"@type":"EntryPoint","urlTemplate":"https:\/\/www.evropskakuca.me\/me\/?s={search_term_string}"},"query-input":{"@type":"PropertyValueSpecification","valueRequired":true,"valueName":"search_term_string"}}],"inLanguage":"me-ME"},{"@type":"Organization","@id":"https:\/\/www.evropskakuca.me\/me\/#organization","name":"Evropean house","url":"https:\/\/www.evropskakuca.me\/me\/","logo":{"@type":"ImageObject","inLanguage":"me-ME","@id":"https:\/\/www.evropskakuca.me\/me\/#\/schema\/logo\/image\/","url":"https:\/\/www.evropskakuca.me\/wp-content\/uploads\/2025\/01\/evropska-kuca-logo-1.png","contentUrl":"https:\/\/www.evropskakuca.me\/wp-content\/uploads\/2025\/01\/evropska-kuca-logo-1.png","width":425,"height":312,"caption":"Evropean house"},"image":{"@id":"https:\/\/www.evropskakuca.me\/me\/#\/schema\/logo\/image\/"},"sameAs":["https:\/\/www.facebook.com\/evropska.kuca","https:\/\/x.com\/evropska_kuca","https:\/\/www.instagram.com\/evropska_kuca"]},{"@type":"Person","@id":"https:\/\/www.evropskakuca.me\/me\/#\/schema\/person\/a1d0dcdaefe4a1cd1d60d200ea137ba4","name":"mkajic","image":{"@type":"ImageObject","inLanguage":"me-ME","@id":"https:\/\/secure.gravatar.com\/avatar\/731fa035cefab7316e6bafd1f25a93fb731a07de14e2d9923f8db4422628eabc?s=96&d=mm&r=g","url":"https:\/\/secure.gravatar.com\/avatar\/731fa035cefab7316e6bafd1f25a93fb731a07de14e2d9923f8db4422628eabc?s=96&d=mm&r=g","contentUrl":"https:\/\/secure.gravatar.com\/avatar\/731fa035cefab7316e6bafd1f25a93fb731a07de14e2d9923f8db4422628eabc?s=96&d=mm&r=g","caption":"mkajic"},"sameAs":["https:\/\/evropskakuca.me"],"url":"https:\/\/www.evropskakuca.me\/me\/author\/mkajic\/"}]}},"_links":{"self":[{"href":"https:\/\/www.evropskakuca.me\/me\/wp-json\/wp\/v2\/posts\/7723","targetHints":{"allow":["GET"]}}],"collection":[{"href":"https:\/\/www.evropskakuca.me\/me\/wp-json\/wp\/v2\/posts"}],"about":[{"href":"https:\/\/www.evropskakuca.me\/me\/wp-json\/wp\/v2\/types\/post"}],"author":[{"embeddable":true,"href":"https:\/\/www.evropskakuca.me\/me\/wp-json\/wp\/v2\/users\/1"}],"replies":[{"embeddable":true,"href":"https:\/\/www.evropskakuca.me\/me\/wp-json\/wp\/v2\/comments?post=7723"}],"version-history":[{"count":0,"href":"https:\/\/www.evropskakuca.me\/me\/wp-json\/wp\/v2\/posts\/7723\/revisions"}],"wp:attachment":[{"href":"https:\/\/www.evropskakuca.me\/me\/wp-json\/wp\/v2\/media?parent=7723"}],"wp:term":[{"taxonomy":"category","embeddable":true,"href":"https:\/\/www.evropskakuca.me\/me\/wp-json\/wp\/v2\/categories?post=7723"},{"taxonomy":"post_tag","embeddable":true,"href":"https:\/\/www.evropskakuca.me\/me\/wp-json\/wp\/v2\/tags?post=7723"}],"curies":[{"name":"wp","href":"https:\/\/api.w.org\/{rel}","templated":true}]}}