{"id":7702,"date":"2019-12-18T16:25:40","date_gmt":"2019-12-18T16:25:40","guid":{"rendered":"http:\/\/www.evropskakuca.me\/me\/?p=7702"},"modified":"2019-12-18T16:25:40","modified_gmt":"2019-12-18T16:25:40","slug":"dodjeljene-nagrade-u-okviru-eko-kampanje-budi-primjer-ukljuci-se","status":"publish","type":"post","link":"https:\/\/www.evropskakuca.me\/me\/dodjeljene-nagrade-u-okviru-eko-kampanje-budi-primjer-ukljuci-se\/","title":{"rendered":"Dodjeljene nagrade u okviru eko kampanje &#8221;Budi primjer. Uklju\u010di se!&#8221;"},"content":{"rendered":"<p>Vjola Avdiu iz Ulcinja, Krsto Stevovi\u0107 iz Budve i porodica Remikovi\u0107 iz Podgorice pobjednici su takmi\u010denja, koje su Delegacija Evropske unije u Crnoj Gori i EU info centar organizovali na dru\u0161tvenim mre\u017eama, a u okviru ekolo\u0161ke kampanje \u201eBudi primjer. Uklju\u010di se!\u201c. Cilj kampanje je bila promocija za\u0161tite \u017eivotne sredine i motivisanje gra\u0111ana da prihvate \u201ezelene\u201c stilove \u017eivota.<\/p>\n<p><img fetchpriority=\"high\" decoding=\"async\" class=\"alignnone size-large wp-image-7713\" src=\"http:\/\/www.evropskakuca.me\/wp-content\/uploads\/2019\/12\/euic-46-of-65-1024x683.jpg\" alt=\"\" width=\"1024\" height=\"683\" \/><\/p>\n<p>Korisnici dru\u0161tvenih mre\u017eama imali su zadatak da objave fotografiju eko navike koju praktikuju ili koju su po\u010deli da primjenjuju inspirisani kampanjom. Troje nagra\u0111enih bili su najkreativniji me\u0111u vi\u0161e od 100 takmi\u010dara, koji su tokom mjesec dana trajanja kampanje, objavljivali zanimljive postove, koriste\u0107i he\u0161teg #budiprimjer. U skladu sa ciljevima kampanje, kao nagradu su dobili bicikla, koja im je uru\u010dio ambasador Evropske unije u Crnoj Gori Aivo Orav.<\/p>\n<p>On je tom prilikom istakao da su u\u010desnici svojom predano\u0161\u0107u dali primjer svima u Crnoj Gori, pokazujuc\u0301i da svi mo\u017eemo da napravimo male korake da promijenimo svoju svakodnevnu rutinu &#8211; male korake koji mnogo zna\u010de na\u0161oj planeti.<\/p>\n<p><img decoding=\"async\" class=\"alignnone size-large wp-image-7705\" src=\"http:\/\/www.evropskakuca.me\/wp-content\/uploads\/2019\/12\/Dodjela-nagrada-u-EUIC-2-002-1024x682.jpg\" alt=\"\" width=\"1024\" height=\"682\" \/><\/p>\n<p>\u201cOvo je trec\u0301a godina zaredom da EU u Crnoj Gori sprovodi kampanju sa fokusom na za\u0161titu \u017eivotne sredine. To radimo zato \u0161to dijelimo va\u0161u ljubav prema ovoj zemlji i posebno njenoj neverovatnoj prirodi koja je ugro\u017eena na mnogo na\u010dina. Dok sara\u0111ujemo sa crnogorskim vlastima na ispunjenju svih kriterijuma vezanih za za\u0161titu \u017eivotne sredine, smatramo da je podjednako va\u017eno podic\u0301i svijest gra\u0111ana o tome kako se mogu uklju\u010diti\u201c, kazao je Orav prilikom uru\u010denja nagrada.<\/p>\n<p>Pobjednici su istakli da \u0107e ih nagrada inspirisati da nastave da primjenjuju eko navike, pa \u0107e im bicikla poslu\u017eiti kao alternativni na\u010din prevoza.<\/p>\n<p><img decoding=\"async\" class=\"alignnone size-large wp-image-7707\" src=\"http:\/\/www.evropskakuca.me\/wp-content\/uploads\/2019\/12\/euic-51-of-65-1024x683.jpg\" alt=\"\" width=\"1024\" height=\"683\" \/><\/p>\n<p>\u201eSlu\u010dajno smo preko Instagrama saznali za ovu eko kampanju i po\u0161to mi snimamo prvu godinu \u017eivota na\u0161eg sina Isaka, shvatili smo da tu ima dosta materijala koji mo\u017ee da poslu\u017ei kao eko primjer. Trudimo se da ga od malih nogu u\u010dimo pravim navikama, kao \u0161to je skupljanje sme\u0107a, \u0161to mo\u017eete da vidite na na\u0161em videu, \u010desto koristimo biciklo kao prevozno sredstvo, iako to zna da bude dosta te\u0161ko u na\u0161em gradu. Svjesni smo da svi moramo da promijenimo navike kako bi za\u0161titili na\u0161u \u017eivotnu sredinu,\u201c kazala je Milena Remikovi\u0107 u ime pobjedni\u010dke trojke.<\/p>\n<p><img loading=\"lazy\" decoding=\"async\" class=\"alignnone size-large wp-image-7709\" src=\"http:\/\/www.evropskakuca.me\/wp-content\/uploads\/2019\/12\/euic-54-of-65-1024x683.jpg\" alt=\"\" width=\"1024\" height=\"683\" \/><\/p>\n<p>Biciklo je kao specijalnu nagradu dobila i djevoj\u010dica Nikolina Gazivoda, koja je u svom postu na Facebook-u povezala zna\u010daj za\u0161tite \u017eivotne sredine i obrazovanja. Nikolina \u017eivi 10 kilometara daleko od \u0161kole i novo biciklo \u0107e joj osigurati stalan prevoz, koji do sada nije imala redovno.<\/p>\n<p><strong>\u201eUkoliko ideja zaista vrijedi, narod\u00a0 \u0107e je prepoznati, usvojiti i \u0161iriti dalje\u201c<\/strong><\/p>\n<p>Za promociju kampanje na dru\u0161tvenim mre\u017eama bili su zadu\u017eeni influenseri Zoran Markovi\u0107 \u2013 Zonjo, An\u0111ela \u0110ura\u0161kovi\u0107, Sandra Mitrovi\u0107, Ignjat Kotlaja, Milivoje Krivokapi\u0107, Tjasa Deu i Sr\u0111an Ivanovi\u0107.<\/p>\n<p><img loading=\"lazy\" decoding=\"async\" class=\"alignnone size-large wp-image-7711\" src=\"http:\/\/www.evropskakuca.me\/wp-content\/uploads\/2019\/12\/euic-49-of-65-1024x683.jpg\" alt=\"\" width=\"1024\" height=\"683\" \/><\/p>\n<p>Shvatio sam da mi mo\u017eda na neki na\u010din nerviramo ljude koji ne vode ra\u010duna o svojoj okolini i mislim da treba da budemo senzibilniji prema osobama koje nemaju taj \u017eivotni stav. Zato, mo\u017eda na\u0161 budu\u0107i rad ne treba da bude samo o\u010duvanju prirode i \u010di\u0161\u0107enju sme\u0107a, ve\u0107 i pribli\u017eavanje tim ljudima i njihova edukacija\u201c, rekao je Zonjo na sve\u010danosti povodom uru\u010divanja nagrada u EU info centru.<\/p>\n<p>Promoteri kampanje bila su i njena \u201elica\u201c &#8211; pojedinci koji svojim primjerom pokazuju da je za\u0161tita \u017eivotne sredine pitanje izbora i da svako mo\u017ee da bude primjer i uklju\u010di se. To su Aleksandar Novovi\u0107 i Kristina \u017dugi\u0107 iz NVO \u201cEco Logic\u201d, rukometa\u0161ica Milena Rai\u010devi\u0107 i Milica Boca, koja je poru\u010dila da \u201ene\u0107e stati, dok ne o\u010disti cijelu Crnu Goru\u201c.<\/p>\n<p>\u201eOno \u0161to sam nau\u010dila tokom kampanja to je da su dobre ideje kao domine. Potrebna je samo jedna osoba da se ideja pokrene i ukoliko ideja zaista vrijedi, narod\u00a0 \u0107e je prepoznati, usvojiti i \u0161iriti dalje. Upravo u tome le\u017ei vrijednost kampanje \u201eBudi primjer. Uklju\u010di se!\u201c, kazala je Milica Boca.<\/p>\n<p>Pored takmi\u010denja, tokom kampanje su organizovane i brojne aktivnosti sa fokusom na odgovorno odlaganje otpada, recikla\u017eu, sadnju zelenila i upotrebu alternativnih na\u010dina prevoza.<\/p>\n","protected":false},"excerpt":{"rendered":"<p>Delegacija Evropske unije u Crnoj Gori i EU info centar pobjednicima poklonili bicikla<\/p>\n","protected":false},"author":1,"featured_media":34549,"comment_status":"open","ping_status":"open","sticky":false,"template":"","format":"standard","meta":{"_acf_changed":false,"footnotes":""},"categories":[283],"tags":[],"class_list":["post-7702","post","type-post","status-publish","format-standard","has-post-thumbnail","hentry","category-novosti-me"],"acf":[],"yoast_head":"<!-- This site is optimized with the Yoast SEO plugin v27.3 - https:\/\/yoast.com\/product\/yoast-seo-wordpress\/ -->\n<title>Dodjeljene nagrade u okviru eko kampanje &#039;&#039;Budi primjer. Uklju\u010di se!&#039;&#039; - Europe House<\/title>\n<meta name=\"robots\" content=\"index, follow, max-snippet:-1, max-image-preview:large, max-video-preview:-1\" \/>\n<link rel=\"canonical\" href=\"https:\/\/www.evropskakuca.me\/me\/dodjeljene-nagrade-u-okviru-eko-kampanje-budi-primjer-ukljuci-se\/\" \/>\n<meta property=\"og:locale\" content=\"en_US\" \/>\n<meta property=\"og:type\" content=\"article\" \/>\n<meta property=\"og:title\" content=\"Dodjeljene nagrade u okviru eko kampanje &#039;&#039;Budi primjer. Uklju\u010di se!&#039;&#039; - Europe House\" \/>\n<meta property=\"og:description\" content=\"Delegacija Evropske unije u Crnoj Gori i EU info centar pobjednicima poklonili bicikla\" \/>\n<meta property=\"og:url\" content=\"https:\/\/www.evropskakuca.me\/me\/dodjeljene-nagrade-u-okviru-eko-kampanje-budi-primjer-ukljuci-se\/\" \/>\n<meta property=\"og:site_name\" content=\"Europe House\" \/>\n<meta property=\"article:publisher\" content=\"https:\/\/www.facebook.com\/evropska.kuca\" \/>\n<meta property=\"article:published_time\" content=\"2019-12-18T16:25:40+00:00\" \/>\n<meta property=\"og:image\" content=\"https:\/\/www.evropskakuca.me\/wp-content\/uploads\/2019\/09\/budi-primjer-dodjela-7.jpg\" \/>\n\t<meta property=\"og:image:width\" content=\"2560\" \/>\n\t<meta property=\"og:image:height\" content=\"1707\" \/>\n\t<meta property=\"og:image:type\" content=\"image\/jpeg\" \/>\n<meta name=\"author\" content=\"mkajic\" \/>\n<meta name=\"twitter:card\" content=\"summary_large_image\" \/>\n<meta name=\"twitter:creator\" content=\"@evropska_kuca\" \/>\n<meta name=\"twitter:site\" content=\"@evropska_kuca\" \/>\n<meta name=\"twitter:label1\" content=\"Written by\" \/>\n\t<meta name=\"twitter:data1\" content=\"mkajic\" \/>\n\t<meta name=\"twitter:label2\" content=\"Est. reading time\" \/>\n\t<meta name=\"twitter:data2\" content=\"4 minutes\" \/>\n<script type=\"application\/ld+json\" class=\"yoast-schema-graph\">{\"@context\":\"https:\\\/\\\/schema.org\",\"@graph\":[{\"@type\":\"Article\",\"@id\":\"https:\\\/\\\/www.evropskakuca.me\\\/me\\\/dodjeljene-nagrade-u-okviru-eko-kampanje-budi-primjer-ukljuci-se\\\/#article\",\"isPartOf\":{\"@id\":\"https:\\\/\\\/www.evropskakuca.me\\\/me\\\/dodjeljene-nagrade-u-okviru-eko-kampanje-budi-primjer-ukljuci-se\\\/\"},\"author\":{\"name\":\"mkajic\",\"@id\":\"https:\\\/\\\/www.evropskakuca.me\\\/me\\\/#\\\/schema\\\/person\\\/a1d0dcdaefe4a1cd1d60d200ea137ba4\"},\"headline\":\"Dodjeljene nagrade u okviru eko kampanje &#8221;Budi primjer. Uklju\u010di se!&#8221;\",\"datePublished\":\"2019-12-18T16:25:40+00:00\",\"mainEntityOfPage\":{\"@id\":\"https:\\\/\\\/www.evropskakuca.me\\\/me\\\/dodjeljene-nagrade-u-okviru-eko-kampanje-budi-primjer-ukljuci-se\\\/\"},\"wordCount\":724,\"commentCount\":0,\"publisher\":{\"@id\":\"https:\\\/\\\/www.evropskakuca.me\\\/me\\\/#organization\"},\"image\":{\"@id\":\"https:\\\/\\\/www.evropskakuca.me\\\/me\\\/dodjeljene-nagrade-u-okviru-eko-kampanje-budi-primjer-ukljuci-se\\\/#primaryimage\"},\"thumbnailUrl\":\"https:\\\/\\\/www.evropskakuca.me\\\/wp-content\\\/uploads\\\/2019\\\/09\\\/budi-primjer-dodjela-7.jpg\",\"articleSection\":[\"Novosti\"],\"inLanguage\":\"me-ME\",\"potentialAction\":[{\"@type\":\"CommentAction\",\"name\":\"Comment\",\"target\":[\"https:\\\/\\\/www.evropskakuca.me\\\/me\\\/dodjeljene-nagrade-u-okviru-eko-kampanje-budi-primjer-ukljuci-se\\\/#respond\"]}]},{\"@type\":\"WebPage\",\"@id\":\"https:\\\/\\\/www.evropskakuca.me\\\/me\\\/dodjeljene-nagrade-u-okviru-eko-kampanje-budi-primjer-ukljuci-se\\\/\",\"url\":\"https:\\\/\\\/www.evropskakuca.me\\\/me\\\/dodjeljene-nagrade-u-okviru-eko-kampanje-budi-primjer-ukljuci-se\\\/\",\"name\":\"Dodjeljene nagrade u okviru eko kampanje ''Budi primjer. Uklju\u010di se!'' - Europe House\",\"isPartOf\":{\"@id\":\"https:\\\/\\\/www.evropskakuca.me\\\/me\\\/#website\"},\"primaryImageOfPage\":{\"@id\":\"https:\\\/\\\/www.evropskakuca.me\\\/me\\\/dodjeljene-nagrade-u-okviru-eko-kampanje-budi-primjer-ukljuci-se\\\/#primaryimage\"},\"image\":{\"@id\":\"https:\\\/\\\/www.evropskakuca.me\\\/me\\\/dodjeljene-nagrade-u-okviru-eko-kampanje-budi-primjer-ukljuci-se\\\/#primaryimage\"},\"thumbnailUrl\":\"https:\\\/\\\/www.evropskakuca.me\\\/wp-content\\\/uploads\\\/2019\\\/09\\\/budi-primjer-dodjela-7.jpg\",\"datePublished\":\"2019-12-18T16:25:40+00:00\",\"breadcrumb\":{\"@id\":\"https:\\\/\\\/www.evropskakuca.me\\\/me\\\/dodjeljene-nagrade-u-okviru-eko-kampanje-budi-primjer-ukljuci-se\\\/#breadcrumb\"},\"inLanguage\":\"me-ME\",\"potentialAction\":[{\"@type\":\"ReadAction\",\"target\":[\"https:\\\/\\\/www.evropskakuca.me\\\/me\\\/dodjeljene-nagrade-u-okviru-eko-kampanje-budi-primjer-ukljuci-se\\\/\"]}]},{\"@type\":\"ImageObject\",\"inLanguage\":\"me-ME\",\"@id\":\"https:\\\/\\\/www.evropskakuca.me\\\/me\\\/dodjeljene-nagrade-u-okviru-eko-kampanje-budi-primjer-ukljuci-se\\\/#primaryimage\",\"url\":\"https:\\\/\\\/www.evropskakuca.me\\\/wp-content\\\/uploads\\\/2019\\\/09\\\/budi-primjer-dodjela-7.jpg\",\"contentUrl\":\"https:\\\/\\\/www.evropskakuca.me\\\/wp-content\\\/uploads\\\/2019\\\/09\\\/budi-primjer-dodjela-7.jpg\",\"width\":2560,\"height\":1707},{\"@type\":\"BreadcrumbList\",\"@id\":\"https:\\\/\\\/www.evropskakuca.me\\\/me\\\/dodjeljene-nagrade-u-okviru-eko-kampanje-budi-primjer-ukljuci-se\\\/#breadcrumb\",\"itemListElement\":[{\"@type\":\"ListItem\",\"position\":1,\"name\":\"Home\",\"item\":\"https:\\\/\\\/www.evropskakuca.me\\\/me\\\/\"},{\"@type\":\"ListItem\",\"position\":2,\"name\":\"Dodjeljene nagrade u okviru eko kampanje &#8221;Budi primjer. Uklju\u010di se!&#8221;\"}]},{\"@type\":\"WebSite\",\"@id\":\"https:\\\/\\\/www.evropskakuca.me\\\/me\\\/#website\",\"url\":\"https:\\\/\\\/www.evropskakuca.me\\\/me\\\/\",\"name\":\"Evropean house\",\"description\":\"\",\"publisher\":{\"@id\":\"https:\\\/\\\/www.evropskakuca.me\\\/me\\\/#organization\"},\"potentialAction\":[{\"@type\":\"SearchAction\",\"target\":{\"@type\":\"EntryPoint\",\"urlTemplate\":\"https:\\\/\\\/www.evropskakuca.me\\\/me\\\/?s={search_term_string}\"},\"query-input\":{\"@type\":\"PropertyValueSpecification\",\"valueRequired\":true,\"valueName\":\"search_term_string\"}}],\"inLanguage\":\"me-ME\"},{\"@type\":\"Organization\",\"@id\":\"https:\\\/\\\/www.evropskakuca.me\\\/me\\\/#organization\",\"name\":\"Evropean house\",\"url\":\"https:\\\/\\\/www.evropskakuca.me\\\/me\\\/\",\"logo\":{\"@type\":\"ImageObject\",\"inLanguage\":\"me-ME\",\"@id\":\"https:\\\/\\\/www.evropskakuca.me\\\/me\\\/#\\\/schema\\\/logo\\\/image\\\/\",\"url\":\"https:\\\/\\\/www.evropskakuca.me\\\/wp-content\\\/uploads\\\/2025\\\/01\\\/evropska-kuca-logo-1.png\",\"contentUrl\":\"https:\\\/\\\/www.evropskakuca.me\\\/wp-content\\\/uploads\\\/2025\\\/01\\\/evropska-kuca-logo-1.png\",\"width\":425,\"height\":312,\"caption\":\"Evropean house\"},\"image\":{\"@id\":\"https:\\\/\\\/www.evropskakuca.me\\\/me\\\/#\\\/schema\\\/logo\\\/image\\\/\"},\"sameAs\":[\"https:\\\/\\\/www.facebook.com\\\/evropska.kuca\",\"https:\\\/\\\/x.com\\\/evropska_kuca\",\"https:\\\/\\\/www.instagram.com\\\/evropska_kuca\"]},{\"@type\":\"Person\",\"@id\":\"https:\\\/\\\/www.evropskakuca.me\\\/me\\\/#\\\/schema\\\/person\\\/a1d0dcdaefe4a1cd1d60d200ea137ba4\",\"name\":\"mkajic\",\"image\":{\"@type\":\"ImageObject\",\"inLanguage\":\"me-ME\",\"@id\":\"https:\\\/\\\/secure.gravatar.com\\\/avatar\\\/731fa035cefab7316e6bafd1f25a93fb731a07de14e2d9923f8db4422628eabc?s=96&d=mm&r=g\",\"url\":\"https:\\\/\\\/secure.gravatar.com\\\/avatar\\\/731fa035cefab7316e6bafd1f25a93fb731a07de14e2d9923f8db4422628eabc?s=96&d=mm&r=g\",\"contentUrl\":\"https:\\\/\\\/secure.gravatar.com\\\/avatar\\\/731fa035cefab7316e6bafd1f25a93fb731a07de14e2d9923f8db4422628eabc?s=96&d=mm&r=g\",\"caption\":\"mkajic\"},\"sameAs\":[\"https:\\\/\\\/evropskakuca.me\"],\"url\":\"https:\\\/\\\/www.evropskakuca.me\\\/me\\\/author\\\/mkajic\\\/\"}]}<\/script>\n<!-- \/ Yoast SEO plugin. -->","yoast_head_json":{"title":"Dodjeljene nagrade u okviru eko kampanje ''Budi primjer. Uklju\u010di se!'' - Europe House","robots":{"index":"index","follow":"follow","max-snippet":"max-snippet:-1","max-image-preview":"max-image-preview:large","max-video-preview":"max-video-preview:-1"},"canonical":"https:\/\/www.evropskakuca.me\/me\/dodjeljene-nagrade-u-okviru-eko-kampanje-budi-primjer-ukljuci-se\/","og_locale":"en_US","og_type":"article","og_title":"Dodjeljene nagrade u okviru eko kampanje ''Budi primjer. Uklju\u010di se!'' - Europe House","og_description":"Delegacija Evropske unije u Crnoj Gori i EU info centar pobjednicima poklonili bicikla","og_url":"https:\/\/www.evropskakuca.me\/me\/dodjeljene-nagrade-u-okviru-eko-kampanje-budi-primjer-ukljuci-se\/","og_site_name":"Europe House","article_publisher":"https:\/\/www.facebook.com\/evropska.kuca","article_published_time":"2019-12-18T16:25:40+00:00","og_image":[{"width":2560,"height":1707,"url":"https:\/\/www.evropskakuca.me\/wp-content\/uploads\/2019\/09\/budi-primjer-dodjela-7.jpg","type":"image\/jpeg"}],"author":"mkajic","twitter_card":"summary_large_image","twitter_creator":"@evropska_kuca","twitter_site":"@evropska_kuca","twitter_misc":{"Written by":"mkajic","Est. reading time":"4 minutes"},"schema":{"@context":"https:\/\/schema.org","@graph":[{"@type":"Article","@id":"https:\/\/www.evropskakuca.me\/me\/dodjeljene-nagrade-u-okviru-eko-kampanje-budi-primjer-ukljuci-se\/#article","isPartOf":{"@id":"https:\/\/www.evropskakuca.me\/me\/dodjeljene-nagrade-u-okviru-eko-kampanje-budi-primjer-ukljuci-se\/"},"author":{"name":"mkajic","@id":"https:\/\/www.evropskakuca.me\/me\/#\/schema\/person\/a1d0dcdaefe4a1cd1d60d200ea137ba4"},"headline":"Dodjeljene nagrade u okviru eko kampanje &#8221;Budi primjer. Uklju\u010di se!&#8221;","datePublished":"2019-12-18T16:25:40+00:00","mainEntityOfPage":{"@id":"https:\/\/www.evropskakuca.me\/me\/dodjeljene-nagrade-u-okviru-eko-kampanje-budi-primjer-ukljuci-se\/"},"wordCount":724,"commentCount":0,"publisher":{"@id":"https:\/\/www.evropskakuca.me\/me\/#organization"},"image":{"@id":"https:\/\/www.evropskakuca.me\/me\/dodjeljene-nagrade-u-okviru-eko-kampanje-budi-primjer-ukljuci-se\/#primaryimage"},"thumbnailUrl":"https:\/\/www.evropskakuca.me\/wp-content\/uploads\/2019\/09\/budi-primjer-dodjela-7.jpg","articleSection":["Novosti"],"inLanguage":"me-ME","potentialAction":[{"@type":"CommentAction","name":"Comment","target":["https:\/\/www.evropskakuca.me\/me\/dodjeljene-nagrade-u-okviru-eko-kampanje-budi-primjer-ukljuci-se\/#respond"]}]},{"@type":"WebPage","@id":"https:\/\/www.evropskakuca.me\/me\/dodjeljene-nagrade-u-okviru-eko-kampanje-budi-primjer-ukljuci-se\/","url":"https:\/\/www.evropskakuca.me\/me\/dodjeljene-nagrade-u-okviru-eko-kampanje-budi-primjer-ukljuci-se\/","name":"Dodjeljene nagrade u okviru eko kampanje ''Budi primjer. Uklju\u010di se!'' - Europe House","isPartOf":{"@id":"https:\/\/www.evropskakuca.me\/me\/#website"},"primaryImageOfPage":{"@id":"https:\/\/www.evropskakuca.me\/me\/dodjeljene-nagrade-u-okviru-eko-kampanje-budi-primjer-ukljuci-se\/#primaryimage"},"image":{"@id":"https:\/\/www.evropskakuca.me\/me\/dodjeljene-nagrade-u-okviru-eko-kampanje-budi-primjer-ukljuci-se\/#primaryimage"},"thumbnailUrl":"https:\/\/www.evropskakuca.me\/wp-content\/uploads\/2019\/09\/budi-primjer-dodjela-7.jpg","datePublished":"2019-12-18T16:25:40+00:00","breadcrumb":{"@id":"https:\/\/www.evropskakuca.me\/me\/dodjeljene-nagrade-u-okviru-eko-kampanje-budi-primjer-ukljuci-se\/#breadcrumb"},"inLanguage":"me-ME","potentialAction":[{"@type":"ReadAction","target":["https:\/\/www.evropskakuca.me\/me\/dodjeljene-nagrade-u-okviru-eko-kampanje-budi-primjer-ukljuci-se\/"]}]},{"@type":"ImageObject","inLanguage":"me-ME","@id":"https:\/\/www.evropskakuca.me\/me\/dodjeljene-nagrade-u-okviru-eko-kampanje-budi-primjer-ukljuci-se\/#primaryimage","url":"https:\/\/www.evropskakuca.me\/wp-content\/uploads\/2019\/09\/budi-primjer-dodjela-7.jpg","contentUrl":"https:\/\/www.evropskakuca.me\/wp-content\/uploads\/2019\/09\/budi-primjer-dodjela-7.jpg","width":2560,"height":1707},{"@type":"BreadcrumbList","@id":"https:\/\/www.evropskakuca.me\/me\/dodjeljene-nagrade-u-okviru-eko-kampanje-budi-primjer-ukljuci-se\/#breadcrumb","itemListElement":[{"@type":"ListItem","position":1,"name":"Home","item":"https:\/\/www.evropskakuca.me\/me\/"},{"@type":"ListItem","position":2,"name":"Dodjeljene nagrade u okviru eko kampanje &#8221;Budi primjer. Uklju\u010di se!&#8221;"}]},{"@type":"WebSite","@id":"https:\/\/www.evropskakuca.me\/me\/#website","url":"https:\/\/www.evropskakuca.me\/me\/","name":"Evropean house","description":"","publisher":{"@id":"https:\/\/www.evropskakuca.me\/me\/#organization"},"potentialAction":[{"@type":"SearchAction","target":{"@type":"EntryPoint","urlTemplate":"https:\/\/www.evropskakuca.me\/me\/?s={search_term_string}"},"query-input":{"@type":"PropertyValueSpecification","valueRequired":true,"valueName":"search_term_string"}}],"inLanguage":"me-ME"},{"@type":"Organization","@id":"https:\/\/www.evropskakuca.me\/me\/#organization","name":"Evropean house","url":"https:\/\/www.evropskakuca.me\/me\/","logo":{"@type":"ImageObject","inLanguage":"me-ME","@id":"https:\/\/www.evropskakuca.me\/me\/#\/schema\/logo\/image\/","url":"https:\/\/www.evropskakuca.me\/wp-content\/uploads\/2025\/01\/evropska-kuca-logo-1.png","contentUrl":"https:\/\/www.evropskakuca.me\/wp-content\/uploads\/2025\/01\/evropska-kuca-logo-1.png","width":425,"height":312,"caption":"Evropean house"},"image":{"@id":"https:\/\/www.evropskakuca.me\/me\/#\/schema\/logo\/image\/"},"sameAs":["https:\/\/www.facebook.com\/evropska.kuca","https:\/\/x.com\/evropska_kuca","https:\/\/www.instagram.com\/evropska_kuca"]},{"@type":"Person","@id":"https:\/\/www.evropskakuca.me\/me\/#\/schema\/person\/a1d0dcdaefe4a1cd1d60d200ea137ba4","name":"mkajic","image":{"@type":"ImageObject","inLanguage":"me-ME","@id":"https:\/\/secure.gravatar.com\/avatar\/731fa035cefab7316e6bafd1f25a93fb731a07de14e2d9923f8db4422628eabc?s=96&d=mm&r=g","url":"https:\/\/secure.gravatar.com\/avatar\/731fa035cefab7316e6bafd1f25a93fb731a07de14e2d9923f8db4422628eabc?s=96&d=mm&r=g","contentUrl":"https:\/\/secure.gravatar.com\/avatar\/731fa035cefab7316e6bafd1f25a93fb731a07de14e2d9923f8db4422628eabc?s=96&d=mm&r=g","caption":"mkajic"},"sameAs":["https:\/\/evropskakuca.me"],"url":"https:\/\/www.evropskakuca.me\/me\/author\/mkajic\/"}]}},"_links":{"self":[{"href":"https:\/\/www.evropskakuca.me\/me\/wp-json\/wp\/v2\/posts\/7702","targetHints":{"allow":["GET"]}}],"collection":[{"href":"https:\/\/www.evropskakuca.me\/me\/wp-json\/wp\/v2\/posts"}],"about":[{"href":"https:\/\/www.evropskakuca.me\/me\/wp-json\/wp\/v2\/types\/post"}],"author":[{"embeddable":true,"href":"https:\/\/www.evropskakuca.me\/me\/wp-json\/wp\/v2\/users\/1"}],"replies":[{"embeddable":true,"href":"https:\/\/www.evropskakuca.me\/me\/wp-json\/wp\/v2\/comments?post=7702"}],"version-history":[{"count":0,"href":"https:\/\/www.evropskakuca.me\/me\/wp-json\/wp\/v2\/posts\/7702\/revisions"}],"wp:featuredmedia":[{"embeddable":true,"href":"https:\/\/www.evropskakuca.me\/me\/wp-json\/wp\/v2\/media\/34549"}],"wp:attachment":[{"href":"https:\/\/www.evropskakuca.me\/me\/wp-json\/wp\/v2\/media?parent=7702"}],"wp:term":[{"taxonomy":"category","embeddable":true,"href":"https:\/\/www.evropskakuca.me\/me\/wp-json\/wp\/v2\/categories?post=7702"},{"taxonomy":"post_tag","embeddable":true,"href":"https:\/\/www.evropskakuca.me\/me\/wp-json\/wp\/v2\/tags?post=7702"}],"curies":[{"name":"wp","href":"https:\/\/api.w.org\/{rel}","templated":true}]}}