{"id":7674,"date":"2019-12-17T13:56:50","date_gmt":"2019-12-17T13:56:50","guid":{"rendered":"http:\/\/www.evropskakuca.me\/?p=7674"},"modified":"2025-01-21T12:25:38","modified_gmt":"2025-01-21T12:25:38","slug":"srednje-skole-iz-podgorice-herceg-novog-i-niksica-najbolje-u-potrazi-za-ljudskim-pravima","status":"publish","type":"post","link":"https:\/\/www.evropskakuca.me\/me\/srednje-skole-iz-podgorice-herceg-novog-i-niksica-najbolje-u-potrazi-za-ljudskim-pravima\/","title":{"rendered":"Srednje \u0161kole iz Podgorice, Herceg Novog i Nik\u0161i\u0107a najbolje u potrazi za ljudskim pravima"},"content":{"rendered":"<p>Tri srednje \u0161kole iz Podgorice, Herceg Novog i Nik\u0161i\u0107a pobijedile su na takmi\u010denju \u201ePotraga za ljudskim pravima\u201c, koje su povodom Me\u0111unarodnog dana ljudskih prava organizovali Gra\u0111anska alijansa, Delegacija Evropske unije u Crnoj Gori i EU info centar, u saradnji sa Institucijom Za\u0161titnika ljudskih prava i sloboda, Ministarstvom za ljudska i manjinska prava i Savjetom Evrope.<\/p>\n<p><img fetchpriority=\"high\" decoding=\"async\" class=\"alignnone size-large wp-image-7677\" src=\"http:\/\/www.evropskakuca.me\/wp-content\/uploads\/2019\/12\/ljudska-prava-11-of-118-1024x683.jpg\" alt=\"\" width=\"1024\" height=\"683\" \/><\/p>\n<p>U \u201epotrazi\u201c su u\u010destvovala 23 srednjo\u0161kolska tima iz 13 crnogorskih gradova, odnosno, 69 u\u010denika u pratnji 23 nastavnika. Oni su imali zadatak da obi\u0111u 10 kontrolnih ta\u010daka \u2013 institucija i organizacija koje se bave ljudskim pravima i saznaju vi\u0161e o njihovom radu. U tome se ocjenjivala njihova brzina, aktivnost i saradnja. Najbr\u017ei je bio tim Srednje mje\u0161ovite \u0161kole \u201eIvan Goran Kova\u010di\u0107\u201c iz Herceg Novog,\u00a0najaktivnija je bila ekipa iz Srednje ekonomsko-ugostiteljske \u0161kole iz Nik\u0161i\u0107a, dok je\u00a0 nagrada za najbolju saradnju, timski rad i ukupno najve\u0107i broj poena pripala timu podgori\u010dke Gimnazije \u201eSlobodan \u0160kerovi\u0107\u201c.<\/p>\n<p>Kao nagradu, dobili su zajedni\u010dko putovanje u Be\u010d, gdje \u0107e se njihovo u\u010denje o ljudskim pravima nastaviti. Nagradu je obezbijedila Delegacija Evropske unije u Crnoj Gori.<\/p>\n<p><img decoding=\"async\" class=\"alignnone size-large wp-image-7683\" src=\"http:\/\/www.evropskakuca.me\/wp-content\/uploads\/2019\/12\/ljudska-prava-5-of-118-1024x683.jpg\" alt=\"\" width=\"1024\" height=\"683\" \/><\/p>\n<p>\u201eLjudska prava su veoma va\u017ena u Evropskoj uniji. A kako je Crna Gora zemlja kandidat koja \u0107e se, nadamo se, uskoro pridru\u017eiti Evropskoj uniji, ljudska prava treba i ovdje da budu veoma va\u017ena. Kao \u0161to znate, ove godine slavimo 30. godina od usvajanja Konvencije Ujedinjenih nacija o pravima djeteta i ona je va\u017ena za sve vas, jer \u0161titi va\u0161a prava. Prava djece su zna\u010dajna i mi u EU smo sna\u017eno posve\u0107eni djeci, a pogotovo moramo uciniti vise za djecu koja su pogo\u0111ena ratom, siroma\u0161tvom, klimatskim promjenama i drugim katastrofama. Tokom va\u0161eg takmi\u010denja upozna\u0107ete ve\u0107inu organizacija u Crnoj Gori, koje se bave i bore za ljudska prava i nadam se da \u0107ete nau\u010diti mnogo i da \u0107e vas inspirisati da se borite za po\u0161tovanje ljudskih prava\u201c, rekao je <strong>ambasador Evropske unije u Crnoj Gori Aivo Orav<\/strong> na po\u010detku potrage.<\/p>\n<p>Iz Gra\u0111anske alijanse su podsjetili da \u201ePotragu za ljudskim pravima\u201c organizuju tre\u0107u godinu za redom.<\/p>\n<p><img decoding=\"async\" class=\"alignnone size-large wp-image-7679\" src=\"http:\/\/www.evropskakuca.me\/wp-content\/uploads\/2019\/12\/ljudska-prava-70-of-118-1024x683.jpg\" alt=\"\" width=\"1024\" height=\"683\" \/><\/p>\n<p>\u201eIz vizure nekog ko se bavi ljudskim pravima, a i kroz aktivnosti kojima ih konstantno promovi\u0161emo, jako sam zadovoljan brojem prijava i interesovanja srednjo\u0161kolaca za ovu tematiku. Potraga za ljudskim pravima je na\u010din da na jedan interaktivan na\u010din i kroz takmi\u010denje promovi\u0161emo ljudska prava, \u0161to nam je, ako ni\u0161ta drugo, obaveza prema mla\u0111im generacijama. Potraga je pokrenuta kao jednokratna aktivnost, ali po zavr\u0161etku prve smo odmah odlu\u010dili da se ovaj na\u010din rada sa srednjo\u0161kolcima, pa i samim tim promocija ljudskih prava, mora nastaviti. \u017delim svima sre\u0107an rad i dalji uspjeh u obrazovanju\u201c, rekao je <strong>Milan Radovi\u0107, programski direktor u Gra\u0111anskoj alijansi.\u00a0 <\/strong><\/p>\n<p>Koliko su za srednjo\u0161kolce va\u017ena takmi\u010denja ovog tipa, ukazala je <strong>Dragana Radunovi\u0107, zamjenica direktorice podgori\u010dke gimnazije \u201eSlobodan \u0160kerovi\u0107\u201c.<\/strong><\/p>\n<p><img loading=\"lazy\" decoding=\"async\" class=\"alignnone size-large wp-image-7681\" src=\"http:\/\/www.evropskakuca.me\/wp-content\/uploads\/2019\/12\/ljudska-prava-75-of-118-1024x683.jpg\" alt=\"\" width=\"1024\" height=\"683\" \/><\/p>\n<p>\u201eNa\u0161a omladina ovakvim aktivnostima dobija mogu\u0107nost da razvija gra\u0111ansku svijest, upoznaje institucije i sistem vladavine prava, te spoznaje demokrati\u010dnost, empatiju, toleranciju i uop\u0161te va\u017enost poznavanja ljudskih prava i sloboda iz institucionalne perspektive\u201c, kazala je Radunovi\u0107.<\/p>\n<p><strong>Potraga za ljudskim pravima zabavna i edukativna <\/strong><\/p>\n<p>Potraga za ljudskim pravima trajala je du\u017ee od pet sati. Za to vrijeme, srednjo\u0161kolci su imali priliku da od razli\u010ditih institucija i organizacija u\u010de o pravima Roma, osoba sa invaliditetom, ekolo\u0161kim pravima, pravima potro\u0161a\u010da, funkcionisanju Evropske unije, pravima djece i mladih, i sli\u010dno. Pored toga, uspjeli su i da se zabave.<\/p>\n<p><img loading=\"lazy\" decoding=\"async\" class=\"alignnone size-large wp-image-7685\" src=\"http:\/\/www.evropskakuca.me\/wp-content\/uploads\/2019\/12\/ljudska-prava-118-of-118-1024x683.jpg\" alt=\"\" width=\"1024\" height=\"683\" \/><\/p>\n<p>\u201eOvo je za nas bilo lijepo iskustvo, utro\u0161ili smo puno napora, ali smo i puno toga nau\u010dili i zauvijek \u0107emo pamtiti ovaj doga\u0111aj. Iskreno se radujemo putu u Be\u010d\u201c, ka\u017ee <strong>Marija Ba\u0161i\u0107, \u010dlanica pobjedni\u010dkog tima iz Herceg Novog. <\/strong><\/p>\n<p>Generalna skup\u0161tina Ujedinjenih nacija proglasila je\u00a0 10. decembar\u00a0 za Dan ljudskih prava\u00a0 1950. godine, kako bi skrenula pa\u017enju na dvije godine ranije potpisanu Univerzalnu deklaraciju o ljudskim pravima &#8211; prvi i najzna\u010dajniji me\u0111unarodni dokument za za\u0161titu ljudskih prava, koji defini\u0161e standarde relevantne za svaku osobu i grupaciju, a koje treba da po\u0161tuje svaka dr\u017eava na svijetu.<\/p>\n<p>&nbsp;<\/p>\n<p>&nbsp;<\/p>\n","protected":false},"excerpt":{"rendered":"<p>Povodom Me\u0111unarodnog dana ljudskih prava, Gra\u0111anska alijansa i Delegacija Evropske unije u Crnoj Gori organizovale takmi\u010denje za srednjo\u0161kolce<\/p>\n","protected":false},"author":1,"featured_media":34887,"comment_status":"closed","ping_status":"closed","sticky":false,"template":"","format":"standard","meta":{"_acf_changed":false,"footnotes":""},"categories":[285,283],"tags":[],"class_list":["post-7674","post","type-post","status-publish","format-standard","has-post-thumbnail","hentry","category-kampanje-i-eventi","category-novosti-me"],"acf":[],"yoast_head":"<!-- This site is optimized with the Yoast SEO plugin v27.3 - https:\/\/yoast.com\/product\/yoast-seo-wordpress\/ -->\n<title>Srednje \u0161kole iz Podgorice, Herceg Novog i Nik\u0161i\u0107a najbolje u potrazi za ljudskim pravima - Europe House<\/title>\n<meta name=\"robots\" content=\"index, follow, max-snippet:-1, max-image-preview:large, max-video-preview:-1\" \/>\n<link rel=\"canonical\" href=\"https:\/\/www.evropskakuca.me\/me\/srednje-skole-iz-podgorice-herceg-novog-i-niksica-najbolje-u-potrazi-za-ljudskim-pravima\/\" \/>\n<meta property=\"og:locale\" content=\"en_US\" \/>\n<meta property=\"og:type\" content=\"article\" \/>\n<meta property=\"og:title\" content=\"Srednje \u0161kole iz Podgorice, Herceg Novog i Nik\u0161i\u0107a najbolje u potrazi za ljudskim pravima - Europe House\" \/>\n<meta property=\"og:description\" content=\"Povodom Me\u0111unarodnog dana ljudskih prava, Gra\u0111anska alijansa i Delegacija Evropske unije u Crnoj Gori organizovale takmi\u010denje za srednjo\u0161kolce\" \/>\n<meta property=\"og:url\" content=\"https:\/\/www.evropskakuca.me\/me\/srednje-skole-iz-podgorice-herceg-novog-i-niksica-najbolje-u-potrazi-za-ljudskim-pravima\/\" \/>\n<meta property=\"og:site_name\" content=\"Europe House\" \/>\n<meta property=\"article:publisher\" content=\"https:\/\/www.facebook.com\/evropska.kuca\" \/>\n<meta property=\"article:published_time\" content=\"2019-12-17T13:56:50+00:00\" \/>\n<meta property=\"article:modified_time\" content=\"2025-01-21T12:25:38+00:00\" \/>\n<meta property=\"og:image\" content=\"https:\/\/www.evropskakuca.me\/wp-content\/uploads\/2019\/12\/ljudska-prava-40-of-118.jpg\" \/>\n\t<meta property=\"og:image:width\" content=\"2500\" \/>\n\t<meta property=\"og:image:height\" content=\"1667\" \/>\n\t<meta property=\"og:image:type\" content=\"image\/jpeg\" \/>\n<meta name=\"author\" content=\"mkajic\" \/>\n<meta name=\"twitter:card\" content=\"summary_large_image\" \/>\n<meta name=\"twitter:creator\" content=\"@evropska_kuca\" \/>\n<meta name=\"twitter:site\" content=\"@evropska_kuca\" \/>\n<meta name=\"twitter:label1\" content=\"Written by\" \/>\n\t<meta name=\"twitter:data1\" content=\"mkajic\" \/>\n\t<meta name=\"twitter:label2\" content=\"Est. reading time\" \/>\n\t<meta name=\"twitter:data2\" content=\"4 minutes\" \/>\n<script type=\"application\/ld+json\" class=\"yoast-schema-graph\">{\"@context\":\"https:\\\/\\\/schema.org\",\"@graph\":[{\"@type\":\"Article\",\"@id\":\"https:\\\/\\\/www.evropskakuca.me\\\/me\\\/srednje-skole-iz-podgorice-herceg-novog-i-niksica-najbolje-u-potrazi-za-ljudskim-pravima\\\/#article\",\"isPartOf\":{\"@id\":\"https:\\\/\\\/www.evropskakuca.me\\\/me\\\/srednje-skole-iz-podgorice-herceg-novog-i-niksica-najbolje-u-potrazi-za-ljudskim-pravima\\\/\"},\"author\":{\"name\":\"mkajic\",\"@id\":\"https:\\\/\\\/www.evropskakuca.me\\\/me\\\/#\\\/schema\\\/person\\\/a1d0dcdaefe4a1cd1d60d200ea137ba4\"},\"headline\":\"Srednje \u0161kole iz Podgorice, Herceg Novog i Nik\u0161i\u0107a najbolje u potrazi za ljudskim pravima\",\"datePublished\":\"2019-12-17T13:56:50+00:00\",\"dateModified\":\"2025-01-21T12:25:38+00:00\",\"mainEntityOfPage\":{\"@id\":\"https:\\\/\\\/www.evropskakuca.me\\\/me\\\/srednje-skole-iz-podgorice-herceg-novog-i-niksica-najbolje-u-potrazi-za-ljudskim-pravima\\\/\"},\"wordCount\":728,\"publisher\":{\"@id\":\"https:\\\/\\\/www.evropskakuca.me\\\/me\\\/#organization\"},\"image\":{\"@id\":\"https:\\\/\\\/www.evropskakuca.me\\\/me\\\/srednje-skole-iz-podgorice-herceg-novog-i-niksica-najbolje-u-potrazi-za-ljudskim-pravima\\\/#primaryimage\"},\"thumbnailUrl\":\"https:\\\/\\\/www.evropskakuca.me\\\/wp-content\\\/uploads\\\/2019\\\/12\\\/ljudska-prava-40-of-118.jpg\",\"articleSection\":[\"Kampanje i eventi\",\"Novosti\"],\"inLanguage\":\"me-ME\"},{\"@type\":\"WebPage\",\"@id\":\"https:\\\/\\\/www.evropskakuca.me\\\/me\\\/srednje-skole-iz-podgorice-herceg-novog-i-niksica-najbolje-u-potrazi-za-ljudskim-pravima\\\/\",\"url\":\"https:\\\/\\\/www.evropskakuca.me\\\/me\\\/srednje-skole-iz-podgorice-herceg-novog-i-niksica-najbolje-u-potrazi-za-ljudskim-pravima\\\/\",\"name\":\"Srednje \u0161kole iz Podgorice, Herceg Novog i Nik\u0161i\u0107a najbolje u potrazi za ljudskim pravima - Europe House\",\"isPartOf\":{\"@id\":\"https:\\\/\\\/www.evropskakuca.me\\\/me\\\/#website\"},\"primaryImageOfPage\":{\"@id\":\"https:\\\/\\\/www.evropskakuca.me\\\/me\\\/srednje-skole-iz-podgorice-herceg-novog-i-niksica-najbolje-u-potrazi-za-ljudskim-pravima\\\/#primaryimage\"},\"image\":{\"@id\":\"https:\\\/\\\/www.evropskakuca.me\\\/me\\\/srednje-skole-iz-podgorice-herceg-novog-i-niksica-najbolje-u-potrazi-za-ljudskim-pravima\\\/#primaryimage\"},\"thumbnailUrl\":\"https:\\\/\\\/www.evropskakuca.me\\\/wp-content\\\/uploads\\\/2019\\\/12\\\/ljudska-prava-40-of-118.jpg\",\"datePublished\":\"2019-12-17T13:56:50+00:00\",\"dateModified\":\"2025-01-21T12:25:38+00:00\",\"breadcrumb\":{\"@id\":\"https:\\\/\\\/www.evropskakuca.me\\\/me\\\/srednje-skole-iz-podgorice-herceg-novog-i-niksica-najbolje-u-potrazi-za-ljudskim-pravima\\\/#breadcrumb\"},\"inLanguage\":\"me-ME\",\"potentialAction\":[{\"@type\":\"ReadAction\",\"target\":[\"https:\\\/\\\/www.evropskakuca.me\\\/me\\\/srednje-skole-iz-podgorice-herceg-novog-i-niksica-najbolje-u-potrazi-za-ljudskim-pravima\\\/\"]}]},{\"@type\":\"ImageObject\",\"inLanguage\":\"me-ME\",\"@id\":\"https:\\\/\\\/www.evropskakuca.me\\\/me\\\/srednje-skole-iz-podgorice-herceg-novog-i-niksica-najbolje-u-potrazi-za-ljudskim-pravima\\\/#primaryimage\",\"url\":\"https:\\\/\\\/www.evropskakuca.me\\\/wp-content\\\/uploads\\\/2019\\\/12\\\/ljudska-prava-40-of-118.jpg\",\"contentUrl\":\"https:\\\/\\\/www.evropskakuca.me\\\/wp-content\\\/uploads\\\/2019\\\/12\\\/ljudska-prava-40-of-118.jpg\",\"width\":2500,\"height\":1667},{\"@type\":\"BreadcrumbList\",\"@id\":\"https:\\\/\\\/www.evropskakuca.me\\\/me\\\/srednje-skole-iz-podgorice-herceg-novog-i-niksica-najbolje-u-potrazi-za-ljudskim-pravima\\\/#breadcrumb\",\"itemListElement\":[{\"@type\":\"ListItem\",\"position\":1,\"name\":\"Home\",\"item\":\"https:\\\/\\\/www.evropskakuca.me\\\/me\\\/\"},{\"@type\":\"ListItem\",\"position\":2,\"name\":\"Srednje \u0161kole iz Podgorice, Herceg Novog i Nik\u0161i\u0107a najbolje u potrazi za ljudskim pravima\"}]},{\"@type\":\"WebSite\",\"@id\":\"https:\\\/\\\/www.evropskakuca.me\\\/me\\\/#website\",\"url\":\"https:\\\/\\\/www.evropskakuca.me\\\/me\\\/\",\"name\":\"Evropean house\",\"description\":\"\",\"publisher\":{\"@id\":\"https:\\\/\\\/www.evropskakuca.me\\\/me\\\/#organization\"},\"potentialAction\":[{\"@type\":\"SearchAction\",\"target\":{\"@type\":\"EntryPoint\",\"urlTemplate\":\"https:\\\/\\\/www.evropskakuca.me\\\/me\\\/?s={search_term_string}\"},\"query-input\":{\"@type\":\"PropertyValueSpecification\",\"valueRequired\":true,\"valueName\":\"search_term_string\"}}],\"inLanguage\":\"me-ME\"},{\"@type\":\"Organization\",\"@id\":\"https:\\\/\\\/www.evropskakuca.me\\\/me\\\/#organization\",\"name\":\"Evropean house\",\"url\":\"https:\\\/\\\/www.evropskakuca.me\\\/me\\\/\",\"logo\":{\"@type\":\"ImageObject\",\"inLanguage\":\"me-ME\",\"@id\":\"https:\\\/\\\/www.evropskakuca.me\\\/me\\\/#\\\/schema\\\/logo\\\/image\\\/\",\"url\":\"https:\\\/\\\/www.evropskakuca.me\\\/wp-content\\\/uploads\\\/2025\\\/01\\\/evropska-kuca-logo-1.png\",\"contentUrl\":\"https:\\\/\\\/www.evropskakuca.me\\\/wp-content\\\/uploads\\\/2025\\\/01\\\/evropska-kuca-logo-1.png\",\"width\":425,\"height\":312,\"caption\":\"Evropean house\"},\"image\":{\"@id\":\"https:\\\/\\\/www.evropskakuca.me\\\/me\\\/#\\\/schema\\\/logo\\\/image\\\/\"},\"sameAs\":[\"https:\\\/\\\/www.facebook.com\\\/evropska.kuca\",\"https:\\\/\\\/x.com\\\/evropska_kuca\",\"https:\\\/\\\/www.instagram.com\\\/evropska_kuca\"]},{\"@type\":\"Person\",\"@id\":\"https:\\\/\\\/www.evropskakuca.me\\\/me\\\/#\\\/schema\\\/person\\\/a1d0dcdaefe4a1cd1d60d200ea137ba4\",\"name\":\"mkajic\",\"image\":{\"@type\":\"ImageObject\",\"inLanguage\":\"me-ME\",\"@id\":\"https:\\\/\\\/secure.gravatar.com\\\/avatar\\\/731fa035cefab7316e6bafd1f25a93fb731a07de14e2d9923f8db4422628eabc?s=96&d=mm&r=g\",\"url\":\"https:\\\/\\\/secure.gravatar.com\\\/avatar\\\/731fa035cefab7316e6bafd1f25a93fb731a07de14e2d9923f8db4422628eabc?s=96&d=mm&r=g\",\"contentUrl\":\"https:\\\/\\\/secure.gravatar.com\\\/avatar\\\/731fa035cefab7316e6bafd1f25a93fb731a07de14e2d9923f8db4422628eabc?s=96&d=mm&r=g\",\"caption\":\"mkajic\"},\"sameAs\":[\"https:\\\/\\\/evropskakuca.me\"],\"url\":\"https:\\\/\\\/www.evropskakuca.me\\\/me\\\/author\\\/mkajic\\\/\"}]}<\/script>\n<!-- \/ Yoast SEO plugin. -->","yoast_head_json":{"title":"Srednje \u0161kole iz Podgorice, Herceg Novog i Nik\u0161i\u0107a najbolje u potrazi za ljudskim pravima - Europe House","robots":{"index":"index","follow":"follow","max-snippet":"max-snippet:-1","max-image-preview":"max-image-preview:large","max-video-preview":"max-video-preview:-1"},"canonical":"https:\/\/www.evropskakuca.me\/me\/srednje-skole-iz-podgorice-herceg-novog-i-niksica-najbolje-u-potrazi-za-ljudskim-pravima\/","og_locale":"en_US","og_type":"article","og_title":"Srednje \u0161kole iz Podgorice, Herceg Novog i Nik\u0161i\u0107a najbolje u potrazi za ljudskim pravima - Europe House","og_description":"Povodom Me\u0111unarodnog dana ljudskih prava, Gra\u0111anska alijansa i Delegacija Evropske unije u Crnoj Gori organizovale takmi\u010denje za srednjo\u0161kolce","og_url":"https:\/\/www.evropskakuca.me\/me\/srednje-skole-iz-podgorice-herceg-novog-i-niksica-najbolje-u-potrazi-za-ljudskim-pravima\/","og_site_name":"Europe House","article_publisher":"https:\/\/www.facebook.com\/evropska.kuca","article_published_time":"2019-12-17T13:56:50+00:00","article_modified_time":"2025-01-21T12:25:38+00:00","og_image":[{"width":2500,"height":1667,"url":"https:\/\/www.evropskakuca.me\/wp-content\/uploads\/2019\/12\/ljudska-prava-40-of-118.jpg","type":"image\/jpeg"}],"author":"mkajic","twitter_card":"summary_large_image","twitter_creator":"@evropska_kuca","twitter_site":"@evropska_kuca","twitter_misc":{"Written by":"mkajic","Est. reading time":"4 minutes"},"schema":{"@context":"https:\/\/schema.org","@graph":[{"@type":"Article","@id":"https:\/\/www.evropskakuca.me\/me\/srednje-skole-iz-podgorice-herceg-novog-i-niksica-najbolje-u-potrazi-za-ljudskim-pravima\/#article","isPartOf":{"@id":"https:\/\/www.evropskakuca.me\/me\/srednje-skole-iz-podgorice-herceg-novog-i-niksica-najbolje-u-potrazi-za-ljudskim-pravima\/"},"author":{"name":"mkajic","@id":"https:\/\/www.evropskakuca.me\/me\/#\/schema\/person\/a1d0dcdaefe4a1cd1d60d200ea137ba4"},"headline":"Srednje \u0161kole iz Podgorice, Herceg Novog i Nik\u0161i\u0107a najbolje u potrazi za ljudskim pravima","datePublished":"2019-12-17T13:56:50+00:00","dateModified":"2025-01-21T12:25:38+00:00","mainEntityOfPage":{"@id":"https:\/\/www.evropskakuca.me\/me\/srednje-skole-iz-podgorice-herceg-novog-i-niksica-najbolje-u-potrazi-za-ljudskim-pravima\/"},"wordCount":728,"publisher":{"@id":"https:\/\/www.evropskakuca.me\/me\/#organization"},"image":{"@id":"https:\/\/www.evropskakuca.me\/me\/srednje-skole-iz-podgorice-herceg-novog-i-niksica-najbolje-u-potrazi-za-ljudskim-pravima\/#primaryimage"},"thumbnailUrl":"https:\/\/www.evropskakuca.me\/wp-content\/uploads\/2019\/12\/ljudska-prava-40-of-118.jpg","articleSection":["Kampanje i eventi","Novosti"],"inLanguage":"me-ME"},{"@type":"WebPage","@id":"https:\/\/www.evropskakuca.me\/me\/srednje-skole-iz-podgorice-herceg-novog-i-niksica-najbolje-u-potrazi-za-ljudskim-pravima\/","url":"https:\/\/www.evropskakuca.me\/me\/srednje-skole-iz-podgorice-herceg-novog-i-niksica-najbolje-u-potrazi-za-ljudskim-pravima\/","name":"Srednje \u0161kole iz Podgorice, Herceg Novog i Nik\u0161i\u0107a najbolje u potrazi za ljudskim pravima - Europe House","isPartOf":{"@id":"https:\/\/www.evropskakuca.me\/me\/#website"},"primaryImageOfPage":{"@id":"https:\/\/www.evropskakuca.me\/me\/srednje-skole-iz-podgorice-herceg-novog-i-niksica-najbolje-u-potrazi-za-ljudskim-pravima\/#primaryimage"},"image":{"@id":"https:\/\/www.evropskakuca.me\/me\/srednje-skole-iz-podgorice-herceg-novog-i-niksica-najbolje-u-potrazi-za-ljudskim-pravima\/#primaryimage"},"thumbnailUrl":"https:\/\/www.evropskakuca.me\/wp-content\/uploads\/2019\/12\/ljudska-prava-40-of-118.jpg","datePublished":"2019-12-17T13:56:50+00:00","dateModified":"2025-01-21T12:25:38+00:00","breadcrumb":{"@id":"https:\/\/www.evropskakuca.me\/me\/srednje-skole-iz-podgorice-herceg-novog-i-niksica-najbolje-u-potrazi-za-ljudskim-pravima\/#breadcrumb"},"inLanguage":"me-ME","potentialAction":[{"@type":"ReadAction","target":["https:\/\/www.evropskakuca.me\/me\/srednje-skole-iz-podgorice-herceg-novog-i-niksica-najbolje-u-potrazi-za-ljudskim-pravima\/"]}]},{"@type":"ImageObject","inLanguage":"me-ME","@id":"https:\/\/www.evropskakuca.me\/me\/srednje-skole-iz-podgorice-herceg-novog-i-niksica-najbolje-u-potrazi-za-ljudskim-pravima\/#primaryimage","url":"https:\/\/www.evropskakuca.me\/wp-content\/uploads\/2019\/12\/ljudska-prava-40-of-118.jpg","contentUrl":"https:\/\/www.evropskakuca.me\/wp-content\/uploads\/2019\/12\/ljudska-prava-40-of-118.jpg","width":2500,"height":1667},{"@type":"BreadcrumbList","@id":"https:\/\/www.evropskakuca.me\/me\/srednje-skole-iz-podgorice-herceg-novog-i-niksica-najbolje-u-potrazi-za-ljudskim-pravima\/#breadcrumb","itemListElement":[{"@type":"ListItem","position":1,"name":"Home","item":"https:\/\/www.evropskakuca.me\/me\/"},{"@type":"ListItem","position":2,"name":"Srednje \u0161kole iz Podgorice, Herceg Novog i Nik\u0161i\u0107a najbolje u potrazi za ljudskim pravima"}]},{"@type":"WebSite","@id":"https:\/\/www.evropskakuca.me\/me\/#website","url":"https:\/\/www.evropskakuca.me\/me\/","name":"Evropean house","description":"","publisher":{"@id":"https:\/\/www.evropskakuca.me\/me\/#organization"},"potentialAction":[{"@type":"SearchAction","target":{"@type":"EntryPoint","urlTemplate":"https:\/\/www.evropskakuca.me\/me\/?s={search_term_string}"},"query-input":{"@type":"PropertyValueSpecification","valueRequired":true,"valueName":"search_term_string"}}],"inLanguage":"me-ME"},{"@type":"Organization","@id":"https:\/\/www.evropskakuca.me\/me\/#organization","name":"Evropean house","url":"https:\/\/www.evropskakuca.me\/me\/","logo":{"@type":"ImageObject","inLanguage":"me-ME","@id":"https:\/\/www.evropskakuca.me\/me\/#\/schema\/logo\/image\/","url":"https:\/\/www.evropskakuca.me\/wp-content\/uploads\/2025\/01\/evropska-kuca-logo-1.png","contentUrl":"https:\/\/www.evropskakuca.me\/wp-content\/uploads\/2025\/01\/evropska-kuca-logo-1.png","width":425,"height":312,"caption":"Evropean house"},"image":{"@id":"https:\/\/www.evropskakuca.me\/me\/#\/schema\/logo\/image\/"},"sameAs":["https:\/\/www.facebook.com\/evropska.kuca","https:\/\/x.com\/evropska_kuca","https:\/\/www.instagram.com\/evropska_kuca"]},{"@type":"Person","@id":"https:\/\/www.evropskakuca.me\/me\/#\/schema\/person\/a1d0dcdaefe4a1cd1d60d200ea137ba4","name":"mkajic","image":{"@type":"ImageObject","inLanguage":"me-ME","@id":"https:\/\/secure.gravatar.com\/avatar\/731fa035cefab7316e6bafd1f25a93fb731a07de14e2d9923f8db4422628eabc?s=96&d=mm&r=g","url":"https:\/\/secure.gravatar.com\/avatar\/731fa035cefab7316e6bafd1f25a93fb731a07de14e2d9923f8db4422628eabc?s=96&d=mm&r=g","contentUrl":"https:\/\/secure.gravatar.com\/avatar\/731fa035cefab7316e6bafd1f25a93fb731a07de14e2d9923f8db4422628eabc?s=96&d=mm&r=g","caption":"mkajic"},"sameAs":["https:\/\/evropskakuca.me"],"url":"https:\/\/www.evropskakuca.me\/me\/author\/mkajic\/"}]}},"_links":{"self":[{"href":"https:\/\/www.evropskakuca.me\/me\/wp-json\/wp\/v2\/posts\/7674","targetHints":{"allow":["GET"]}}],"collection":[{"href":"https:\/\/www.evropskakuca.me\/me\/wp-json\/wp\/v2\/posts"}],"about":[{"href":"https:\/\/www.evropskakuca.me\/me\/wp-json\/wp\/v2\/types\/post"}],"author":[{"embeddable":true,"href":"https:\/\/www.evropskakuca.me\/me\/wp-json\/wp\/v2\/users\/1"}],"replies":[{"embeddable":true,"href":"https:\/\/www.evropskakuca.me\/me\/wp-json\/wp\/v2\/comments?post=7674"}],"version-history":[{"count":1,"href":"https:\/\/www.evropskakuca.me\/me\/wp-json\/wp\/v2\/posts\/7674\/revisions"}],"predecessor-version":[{"id":42505,"href":"https:\/\/www.evropskakuca.me\/me\/wp-json\/wp\/v2\/posts\/7674\/revisions\/42505"}],"wp:featuredmedia":[{"embeddable":true,"href":"https:\/\/www.evropskakuca.me\/me\/wp-json\/wp\/v2\/media\/34887"}],"wp:attachment":[{"href":"https:\/\/www.evropskakuca.me\/me\/wp-json\/wp\/v2\/media?parent=7674"}],"wp:term":[{"taxonomy":"category","embeddable":true,"href":"https:\/\/www.evropskakuca.me\/me\/wp-json\/wp\/v2\/categories?post=7674"},{"taxonomy":"post_tag","embeddable":true,"href":"https:\/\/www.evropskakuca.me\/me\/wp-json\/wp\/v2\/tags?post=7674"}],"curies":[{"name":"wp","href":"https:\/\/api.w.org\/{rel}","templated":true}]}}