{"id":7661,"date":"2019-12-16T12:48:14","date_gmt":"2019-12-16T12:48:14","guid":{"rendered":"http:\/\/www.evropskakuca.me\/?p=7661"},"modified":"2019-12-16T12:48:14","modified_gmt":"2019-12-16T12:48:14","slug":"novinarke-na-kljucnim-mestima-u-medijima-ali-losije-placene","status":"publish","type":"post","link":"https:\/\/www.evropskakuca.me\/me\/novinarke-na-kljucnim-mestima-u-medijima-ali-losije-placene\/","title":{"rendered":"Novinarke na klju\u010dnim mestima u medijima, ali lo\u0161ije pla\u0107ene"},"content":{"rendered":"<p>Novinarstvo je \u017eenska profesija, \u017eene su u ve\u0107ini na rukovode\u0107im mjestima, glavne i odgovorne urednice i direktorice programa ali i urednica redakcija. Polovina ih je na poziciji generalnih ili izvr\u0161nih direktorica, pokazalo je istra\u017eivanje o \u201cPolo\u017eaj novinarki u crnogorskim medijima\u201d Dru\u0161tva profesionalnih novinara Crne Gore. Istra\u017eivanje je na panelu u Podgorici predstavila autorka Du\u0161ka Pejovi\u0107.<\/p>\n<p>\u201cNovinarke dijele sudbinu svih \u017eena u crnogorskom dru\u0161tvu, diskriminisane su koliko i \u017eene u drugim oblastima, istovremeno imaju ograni\u010denja da kao mu\u0161karci doprinose razvoju dru\u0161tva, i samim tim daju doprinos novinarskoj profesiji\u201d, kazala je Pejovi\u0107.<\/p>\n<p>Ona je kazala da samo oko 13 odsto novinarki prepoznaje neravnopravan polo\u017eaj sa mu\u0161kim kolegama. Istra\u017eivanja koje je sprovelo DPNCG u okviru projekta \u201cLjudska prava i rodna ravnopravnost u medijima\u201d, ura\u0111eno je na osnovu ankete u 14 medija gdje je zaposleno 56,6 odsto novinarki.<\/p>\n<p><img fetchpriority=\"high\" decoding=\"async\" class=\"alignnone size-large wp-image-7664\" src=\"http:\/\/www.evropskakuca.me\/wp-content\/uploads\/2019\/12\/zene-u-medijima-002-1024x768.jpg\" alt=\"\" width=\"1024\" height=\"768\" \/><\/p>\n<p>\u201c\u010cinjenica da smo slabo interesantne za medije u kojima radimo, dovoljno govori o va\u017enosti teme zbog koje smo se okupili, i \u010dinjenici da su ljudska prava i rodna ravnopravnost i dalje na ovim prostorima tema kojoj se nedovoljno posve\u0107ujemo\u201d, ocijenila je generalna sekretarka Dru\u0161tva profesionalnih novinara Crne Gore Mila Radulovi\u0107.<\/p>\n<p>Obe\u0107ala je da \u0107e DPNCG\u00a0 nastaviti da radi\u00a0 u pravcu unapre\u0111enja profesionalnih standarda i za\u0161tite\u00a0 novinara i novinarki, kao i promovisnju rodne ravnopravnosti i ljudskih prava.<\/p>\n<p>\u201cNa\u0161 posao je da to shvatimo i probamo da promijenimo. Projekat o statusu novinarki u medijima nastao je pre svega zahvaljuju\u0107i koleginici Du\u0161ki Pejovi\u0107\u00a0 koja se dugo bavi tematikom, koja nas je savjetovala, ispravljala i stalno podsje\u0107ala \u0161ta je za nas va\u017eno. Inspiracija su nam bile, makar meni, politi\u010darke okupljene u mre\u017eu kakvu \u0107emo nadam se imati i mi\u201d, kazala je Radulovi\u0107.<\/p>\n<p><img decoding=\"async\" class=\"alignnone size-large wp-image-7666\" src=\"http:\/\/www.evropskakuca.me\/wp-content\/uploads\/2019\/12\/zene-u-medijima-1-002-1024x768.jpg\" alt=\"\" width=\"1024\" height=\"768\" \/><\/p>\n<p>Na\u010delnica Odjeljenja za za rodnu ravnopravnost u Ministarstvu za ljudska i manjinska prava Biljana Pejovi\u0107 kazala je da je politika rodne ravnopravnosti u proporciji sa stanjem na nivou dr\u017eave, gdje po Monstatu, \u017eene \u010dine 50,6 odsto stanovni\u0161tva.<\/p>\n<p>Panelistkinja, profesorica knji\u017eevnosti Bo\u017eena Jelu\u0161i\u0107 je ocijenila da je istra\u017eivanje pokazalo \u201cozbiljno bipolarno oboljenje dru\u0161tva\u201d, napominju\u0107i da joj je \u017eao \u0161to koristi metaforu bolesti.<\/p>\n<p>\u201cKontradiktorne stavove i ovakav na\u010din razumijevanja, odnosno nerazumijevanja, pokazuje do koje je mjere ovo dru\u0161tvo bolesno\u201c, rekla je Jelu\u0161i\u0107 i dodala da \u201estatus novinarki u medijima i na\u010din njihovog razumijevanja rodne ravnopravnosti, ima jasan odraz u medijima i njihovoj konstrukciji \u017eenskosti.\u201c kazala je Jelu\u0161i\u0107.<\/p>\n<p>Istra\u017eivanje i panel o polo\u017eaju novinarki, dio je projekta koji se realizuje u okviru Programa za podr\u0161ku antidiskriminacionim i politikama rodne ravnopravnosti, koji sprovodi UNDP u partnerstvu sa Ministarstvom za ljudska i manjinska prava, a finansira ga Delegacija Evropske unije u Crnoj Gori.<\/p>\n","protected":false},"excerpt":{"rendered":"<p>\u017dene u medijima<\/p>\n","protected":false},"author":1,"featured_media":0,"comment_status":"open","ping_status":"open","sticky":false,"template":"","format":"standard","meta":{"_acf_changed":false,"footnotes":""},"categories":[1],"tags":[],"class_list":["post-7661","post","type-post","status-publish","format-standard","hentry","category-uncategorized"],"acf":[],"yoast_head":"<!-- This site is optimized with the Yoast SEO plugin v27.3 - https:\/\/yoast.com\/product\/yoast-seo-wordpress\/ -->\n<title>Novinarke na klju\u010dnim mestima u medijima, ali lo\u0161ije pla\u0107ene - Europe House<\/title>\n<meta name=\"robots\" content=\"index, follow, max-snippet:-1, max-image-preview:large, max-video-preview:-1\" \/>\n<link rel=\"canonical\" href=\"https:\/\/www.evropskakuca.me\/me\/novinarke-na-kljucnim-mestima-u-medijima-ali-losije-placene\/\" \/>\n<meta property=\"og:locale\" content=\"en_US\" \/>\n<meta property=\"og:type\" content=\"article\" \/>\n<meta property=\"og:title\" content=\"Novinarke na klju\u010dnim mestima u medijima, ali lo\u0161ije pla\u0107ene - Europe House\" \/>\n<meta property=\"og:description\" content=\"\u017dene u medijima\" \/>\n<meta property=\"og:url\" content=\"https:\/\/www.evropskakuca.me\/me\/novinarke-na-kljucnim-mestima-u-medijima-ali-losije-placene\/\" \/>\n<meta property=\"og:site_name\" content=\"Europe House\" \/>\n<meta property=\"article:publisher\" content=\"https:\/\/www.facebook.com\/evropska.kuca\" \/>\n<meta property=\"article:published_time\" content=\"2019-12-16T12:48:14+00:00\" \/>\n<meta property=\"og:image\" content=\"http:\/\/www.evropskakuca.me\/wp-content\/uploads\/2019\/12\/zene-u-medijima-002-1024x768.jpg\" \/>\n<meta name=\"author\" content=\"mkajic\" \/>\n<meta name=\"twitter:card\" content=\"summary_large_image\" \/>\n<meta name=\"twitter:creator\" content=\"@evropska_kuca\" \/>\n<meta name=\"twitter:site\" content=\"@evropska_kuca\" \/>\n<meta name=\"twitter:label1\" content=\"Written by\" \/>\n\t<meta name=\"twitter:data1\" content=\"mkajic\" \/>\n\t<meta name=\"twitter:label2\" content=\"Est. reading time\" \/>\n\t<meta name=\"twitter:data2\" content=\"2 minutes\" \/>\n<script type=\"application\/ld+json\" class=\"yoast-schema-graph\">{\"@context\":\"https:\\\/\\\/schema.org\",\"@graph\":[{\"@type\":\"Article\",\"@id\":\"https:\\\/\\\/www.evropskakuca.me\\\/me\\\/novinarke-na-kljucnim-mestima-u-medijima-ali-losije-placene\\\/#article\",\"isPartOf\":{\"@id\":\"https:\\\/\\\/www.evropskakuca.me\\\/me\\\/novinarke-na-kljucnim-mestima-u-medijima-ali-losije-placene\\\/\"},\"author\":{\"name\":\"mkajic\",\"@id\":\"https:\\\/\\\/www.evropskakuca.me\\\/me\\\/#\\\/schema\\\/person\\\/a1d0dcdaefe4a1cd1d60d200ea137ba4\"},\"headline\":\"Novinarke na klju\u010dnim mestima u medijima, ali lo\u0161ije pla\u0107ene\",\"datePublished\":\"2019-12-16T12:48:14+00:00\",\"mainEntityOfPage\":{\"@id\":\"https:\\\/\\\/www.evropskakuca.me\\\/me\\\/novinarke-na-kljucnim-mestima-u-medijima-ali-losije-placene\\\/\"},\"wordCount\":473,\"commentCount\":0,\"publisher\":{\"@id\":\"https:\\\/\\\/www.evropskakuca.me\\\/me\\\/#organization\"},\"image\":{\"@id\":\"https:\\\/\\\/www.evropskakuca.me\\\/me\\\/novinarke-na-kljucnim-mestima-u-medijima-ali-losije-placene\\\/#primaryimage\"},\"thumbnailUrl\":\"http:\\\/\\\/www.evropskakuca.me\\\/wp-content\\\/uploads\\\/2019\\\/12\\\/zene-u-medijima-002-1024x768.jpg\",\"inLanguage\":\"me-ME\",\"potentialAction\":[{\"@type\":\"CommentAction\",\"name\":\"Comment\",\"target\":[\"https:\\\/\\\/www.evropskakuca.me\\\/me\\\/novinarke-na-kljucnim-mestima-u-medijima-ali-losije-placene\\\/#respond\"]}]},{\"@type\":\"WebPage\",\"@id\":\"https:\\\/\\\/www.evropskakuca.me\\\/me\\\/novinarke-na-kljucnim-mestima-u-medijima-ali-losije-placene\\\/\",\"url\":\"https:\\\/\\\/www.evropskakuca.me\\\/me\\\/novinarke-na-kljucnim-mestima-u-medijima-ali-losije-placene\\\/\",\"name\":\"Novinarke na klju\u010dnim mestima u medijima, ali lo\u0161ije pla\u0107ene - Europe House\",\"isPartOf\":{\"@id\":\"https:\\\/\\\/www.evropskakuca.me\\\/me\\\/#website\"},\"primaryImageOfPage\":{\"@id\":\"https:\\\/\\\/www.evropskakuca.me\\\/me\\\/novinarke-na-kljucnim-mestima-u-medijima-ali-losije-placene\\\/#primaryimage\"},\"image\":{\"@id\":\"https:\\\/\\\/www.evropskakuca.me\\\/me\\\/novinarke-na-kljucnim-mestima-u-medijima-ali-losije-placene\\\/#primaryimage\"},\"thumbnailUrl\":\"http:\\\/\\\/www.evropskakuca.me\\\/wp-content\\\/uploads\\\/2019\\\/12\\\/zene-u-medijima-002-1024x768.jpg\",\"datePublished\":\"2019-12-16T12:48:14+00:00\",\"breadcrumb\":{\"@id\":\"https:\\\/\\\/www.evropskakuca.me\\\/me\\\/novinarke-na-kljucnim-mestima-u-medijima-ali-losije-placene\\\/#breadcrumb\"},\"inLanguage\":\"me-ME\",\"potentialAction\":[{\"@type\":\"ReadAction\",\"target\":[\"https:\\\/\\\/www.evropskakuca.me\\\/me\\\/novinarke-na-kljucnim-mestima-u-medijima-ali-losije-placene\\\/\"]}]},{\"@type\":\"ImageObject\",\"inLanguage\":\"me-ME\",\"@id\":\"https:\\\/\\\/www.evropskakuca.me\\\/me\\\/novinarke-na-kljucnim-mestima-u-medijima-ali-losije-placene\\\/#primaryimage\",\"url\":\"http:\\\/\\\/www.evropskakuca.me\\\/wp-content\\\/uploads\\\/2019\\\/12\\\/zene-u-medijima-002-1024x768.jpg\",\"contentUrl\":\"http:\\\/\\\/www.evropskakuca.me\\\/wp-content\\\/uploads\\\/2019\\\/12\\\/zene-u-medijima-002-1024x768.jpg\"},{\"@type\":\"BreadcrumbList\",\"@id\":\"https:\\\/\\\/www.evropskakuca.me\\\/me\\\/novinarke-na-kljucnim-mestima-u-medijima-ali-losije-placene\\\/#breadcrumb\",\"itemListElement\":[{\"@type\":\"ListItem\",\"position\":1,\"name\":\"Home\",\"item\":\"https:\\\/\\\/www.evropskakuca.me\\\/me\\\/\"},{\"@type\":\"ListItem\",\"position\":2,\"name\":\"Novinarke na klju\u010dnim mestima u medijima, ali lo\u0161ije pla\u0107ene\"}]},{\"@type\":\"WebSite\",\"@id\":\"https:\\\/\\\/www.evropskakuca.me\\\/me\\\/#website\",\"url\":\"https:\\\/\\\/www.evropskakuca.me\\\/me\\\/\",\"name\":\"Evropean house\",\"description\":\"\",\"publisher\":{\"@id\":\"https:\\\/\\\/www.evropskakuca.me\\\/me\\\/#organization\"},\"potentialAction\":[{\"@type\":\"SearchAction\",\"target\":{\"@type\":\"EntryPoint\",\"urlTemplate\":\"https:\\\/\\\/www.evropskakuca.me\\\/me\\\/?s={search_term_string}\"},\"query-input\":{\"@type\":\"PropertyValueSpecification\",\"valueRequired\":true,\"valueName\":\"search_term_string\"}}],\"inLanguage\":\"me-ME\"},{\"@type\":\"Organization\",\"@id\":\"https:\\\/\\\/www.evropskakuca.me\\\/me\\\/#organization\",\"name\":\"Evropean house\",\"url\":\"https:\\\/\\\/www.evropskakuca.me\\\/me\\\/\",\"logo\":{\"@type\":\"ImageObject\",\"inLanguage\":\"me-ME\",\"@id\":\"https:\\\/\\\/www.evropskakuca.me\\\/me\\\/#\\\/schema\\\/logo\\\/image\\\/\",\"url\":\"https:\\\/\\\/www.evropskakuca.me\\\/wp-content\\\/uploads\\\/2025\\\/01\\\/evropska-kuca-logo-1.png\",\"contentUrl\":\"https:\\\/\\\/www.evropskakuca.me\\\/wp-content\\\/uploads\\\/2025\\\/01\\\/evropska-kuca-logo-1.png\",\"width\":425,\"height\":312,\"caption\":\"Evropean house\"},\"image\":{\"@id\":\"https:\\\/\\\/www.evropskakuca.me\\\/me\\\/#\\\/schema\\\/logo\\\/image\\\/\"},\"sameAs\":[\"https:\\\/\\\/www.facebook.com\\\/evropska.kuca\",\"https:\\\/\\\/x.com\\\/evropska_kuca\",\"https:\\\/\\\/www.instagram.com\\\/evropska_kuca\"]},{\"@type\":\"Person\",\"@id\":\"https:\\\/\\\/www.evropskakuca.me\\\/me\\\/#\\\/schema\\\/person\\\/a1d0dcdaefe4a1cd1d60d200ea137ba4\",\"name\":\"mkajic\",\"image\":{\"@type\":\"ImageObject\",\"inLanguage\":\"me-ME\",\"@id\":\"https:\\\/\\\/secure.gravatar.com\\\/avatar\\\/731fa035cefab7316e6bafd1f25a93fb731a07de14e2d9923f8db4422628eabc?s=96&d=mm&r=g\",\"url\":\"https:\\\/\\\/secure.gravatar.com\\\/avatar\\\/731fa035cefab7316e6bafd1f25a93fb731a07de14e2d9923f8db4422628eabc?s=96&d=mm&r=g\",\"contentUrl\":\"https:\\\/\\\/secure.gravatar.com\\\/avatar\\\/731fa035cefab7316e6bafd1f25a93fb731a07de14e2d9923f8db4422628eabc?s=96&d=mm&r=g\",\"caption\":\"mkajic\"},\"sameAs\":[\"https:\\\/\\\/evropskakuca.me\"],\"url\":\"https:\\\/\\\/www.evropskakuca.me\\\/me\\\/author\\\/mkajic\\\/\"}]}<\/script>\n<!-- \/ Yoast SEO plugin. -->","yoast_head_json":{"title":"Novinarke na klju\u010dnim mestima u medijima, ali lo\u0161ije pla\u0107ene - Europe House","robots":{"index":"index","follow":"follow","max-snippet":"max-snippet:-1","max-image-preview":"max-image-preview:large","max-video-preview":"max-video-preview:-1"},"canonical":"https:\/\/www.evropskakuca.me\/me\/novinarke-na-kljucnim-mestima-u-medijima-ali-losije-placene\/","og_locale":"en_US","og_type":"article","og_title":"Novinarke na klju\u010dnim mestima u medijima, ali lo\u0161ije pla\u0107ene - Europe House","og_description":"\u017dene u medijima","og_url":"https:\/\/www.evropskakuca.me\/me\/novinarke-na-kljucnim-mestima-u-medijima-ali-losije-placene\/","og_site_name":"Europe House","article_publisher":"https:\/\/www.facebook.com\/evropska.kuca","article_published_time":"2019-12-16T12:48:14+00:00","og_image":[{"url":"http:\/\/www.evropskakuca.me\/wp-content\/uploads\/2019\/12\/zene-u-medijima-002-1024x768.jpg","type":"","width":"","height":""}],"author":"mkajic","twitter_card":"summary_large_image","twitter_creator":"@evropska_kuca","twitter_site":"@evropska_kuca","twitter_misc":{"Written by":"mkajic","Est. reading time":"2 minutes"},"schema":{"@context":"https:\/\/schema.org","@graph":[{"@type":"Article","@id":"https:\/\/www.evropskakuca.me\/me\/novinarke-na-kljucnim-mestima-u-medijima-ali-losije-placene\/#article","isPartOf":{"@id":"https:\/\/www.evropskakuca.me\/me\/novinarke-na-kljucnim-mestima-u-medijima-ali-losije-placene\/"},"author":{"name":"mkajic","@id":"https:\/\/www.evropskakuca.me\/me\/#\/schema\/person\/a1d0dcdaefe4a1cd1d60d200ea137ba4"},"headline":"Novinarke na klju\u010dnim mestima u medijima, ali lo\u0161ije pla\u0107ene","datePublished":"2019-12-16T12:48:14+00:00","mainEntityOfPage":{"@id":"https:\/\/www.evropskakuca.me\/me\/novinarke-na-kljucnim-mestima-u-medijima-ali-losije-placene\/"},"wordCount":473,"commentCount":0,"publisher":{"@id":"https:\/\/www.evropskakuca.me\/me\/#organization"},"image":{"@id":"https:\/\/www.evropskakuca.me\/me\/novinarke-na-kljucnim-mestima-u-medijima-ali-losije-placene\/#primaryimage"},"thumbnailUrl":"http:\/\/www.evropskakuca.me\/wp-content\/uploads\/2019\/12\/zene-u-medijima-002-1024x768.jpg","inLanguage":"me-ME","potentialAction":[{"@type":"CommentAction","name":"Comment","target":["https:\/\/www.evropskakuca.me\/me\/novinarke-na-kljucnim-mestima-u-medijima-ali-losije-placene\/#respond"]}]},{"@type":"WebPage","@id":"https:\/\/www.evropskakuca.me\/me\/novinarke-na-kljucnim-mestima-u-medijima-ali-losije-placene\/","url":"https:\/\/www.evropskakuca.me\/me\/novinarke-na-kljucnim-mestima-u-medijima-ali-losije-placene\/","name":"Novinarke na klju\u010dnim mestima u medijima, ali lo\u0161ije pla\u0107ene - Europe House","isPartOf":{"@id":"https:\/\/www.evropskakuca.me\/me\/#website"},"primaryImageOfPage":{"@id":"https:\/\/www.evropskakuca.me\/me\/novinarke-na-kljucnim-mestima-u-medijima-ali-losije-placene\/#primaryimage"},"image":{"@id":"https:\/\/www.evropskakuca.me\/me\/novinarke-na-kljucnim-mestima-u-medijima-ali-losije-placene\/#primaryimage"},"thumbnailUrl":"http:\/\/www.evropskakuca.me\/wp-content\/uploads\/2019\/12\/zene-u-medijima-002-1024x768.jpg","datePublished":"2019-12-16T12:48:14+00:00","breadcrumb":{"@id":"https:\/\/www.evropskakuca.me\/me\/novinarke-na-kljucnim-mestima-u-medijima-ali-losije-placene\/#breadcrumb"},"inLanguage":"me-ME","potentialAction":[{"@type":"ReadAction","target":["https:\/\/www.evropskakuca.me\/me\/novinarke-na-kljucnim-mestima-u-medijima-ali-losije-placene\/"]}]},{"@type":"ImageObject","inLanguage":"me-ME","@id":"https:\/\/www.evropskakuca.me\/me\/novinarke-na-kljucnim-mestima-u-medijima-ali-losije-placene\/#primaryimage","url":"http:\/\/www.evropskakuca.me\/wp-content\/uploads\/2019\/12\/zene-u-medijima-002-1024x768.jpg","contentUrl":"http:\/\/www.evropskakuca.me\/wp-content\/uploads\/2019\/12\/zene-u-medijima-002-1024x768.jpg"},{"@type":"BreadcrumbList","@id":"https:\/\/www.evropskakuca.me\/me\/novinarke-na-kljucnim-mestima-u-medijima-ali-losije-placene\/#breadcrumb","itemListElement":[{"@type":"ListItem","position":1,"name":"Home","item":"https:\/\/www.evropskakuca.me\/me\/"},{"@type":"ListItem","position":2,"name":"Novinarke na klju\u010dnim mestima u medijima, ali lo\u0161ije pla\u0107ene"}]},{"@type":"WebSite","@id":"https:\/\/www.evropskakuca.me\/me\/#website","url":"https:\/\/www.evropskakuca.me\/me\/","name":"Evropean house","description":"","publisher":{"@id":"https:\/\/www.evropskakuca.me\/me\/#organization"},"potentialAction":[{"@type":"SearchAction","target":{"@type":"EntryPoint","urlTemplate":"https:\/\/www.evropskakuca.me\/me\/?s={search_term_string}"},"query-input":{"@type":"PropertyValueSpecification","valueRequired":true,"valueName":"search_term_string"}}],"inLanguage":"me-ME"},{"@type":"Organization","@id":"https:\/\/www.evropskakuca.me\/me\/#organization","name":"Evropean house","url":"https:\/\/www.evropskakuca.me\/me\/","logo":{"@type":"ImageObject","inLanguage":"me-ME","@id":"https:\/\/www.evropskakuca.me\/me\/#\/schema\/logo\/image\/","url":"https:\/\/www.evropskakuca.me\/wp-content\/uploads\/2025\/01\/evropska-kuca-logo-1.png","contentUrl":"https:\/\/www.evropskakuca.me\/wp-content\/uploads\/2025\/01\/evropska-kuca-logo-1.png","width":425,"height":312,"caption":"Evropean house"},"image":{"@id":"https:\/\/www.evropskakuca.me\/me\/#\/schema\/logo\/image\/"},"sameAs":["https:\/\/www.facebook.com\/evropska.kuca","https:\/\/x.com\/evropska_kuca","https:\/\/www.instagram.com\/evropska_kuca"]},{"@type":"Person","@id":"https:\/\/www.evropskakuca.me\/me\/#\/schema\/person\/a1d0dcdaefe4a1cd1d60d200ea137ba4","name":"mkajic","image":{"@type":"ImageObject","inLanguage":"me-ME","@id":"https:\/\/secure.gravatar.com\/avatar\/731fa035cefab7316e6bafd1f25a93fb731a07de14e2d9923f8db4422628eabc?s=96&d=mm&r=g","url":"https:\/\/secure.gravatar.com\/avatar\/731fa035cefab7316e6bafd1f25a93fb731a07de14e2d9923f8db4422628eabc?s=96&d=mm&r=g","contentUrl":"https:\/\/secure.gravatar.com\/avatar\/731fa035cefab7316e6bafd1f25a93fb731a07de14e2d9923f8db4422628eabc?s=96&d=mm&r=g","caption":"mkajic"},"sameAs":["https:\/\/evropskakuca.me"],"url":"https:\/\/www.evropskakuca.me\/me\/author\/mkajic\/"}]}},"_links":{"self":[{"href":"https:\/\/www.evropskakuca.me\/me\/wp-json\/wp\/v2\/posts\/7661","targetHints":{"allow":["GET"]}}],"collection":[{"href":"https:\/\/www.evropskakuca.me\/me\/wp-json\/wp\/v2\/posts"}],"about":[{"href":"https:\/\/www.evropskakuca.me\/me\/wp-json\/wp\/v2\/types\/post"}],"author":[{"embeddable":true,"href":"https:\/\/www.evropskakuca.me\/me\/wp-json\/wp\/v2\/users\/1"}],"replies":[{"embeddable":true,"href":"https:\/\/www.evropskakuca.me\/me\/wp-json\/wp\/v2\/comments?post=7661"}],"version-history":[{"count":0,"href":"https:\/\/www.evropskakuca.me\/me\/wp-json\/wp\/v2\/posts\/7661\/revisions"}],"wp:attachment":[{"href":"https:\/\/www.evropskakuca.me\/me\/wp-json\/wp\/v2\/media?parent=7661"}],"wp:term":[{"taxonomy":"category","embeddable":true,"href":"https:\/\/www.evropskakuca.me\/me\/wp-json\/wp\/v2\/categories?post=7661"},{"taxonomy":"post_tag","embeddable":true,"href":"https:\/\/www.evropskakuca.me\/me\/wp-json\/wp\/v2\/tags?post=7661"}],"curies":[{"name":"wp","href":"https:\/\/api.w.org\/{rel}","templated":true}]}}