{"id":7631,"date":"2019-12-12T14:22:15","date_gmt":"2019-12-12T14:22:15","guid":{"rendered":"http:\/\/www.evropskakuca.me\/?p=7631"},"modified":"2019-12-12T14:22:15","modified_gmt":"2019-12-12T14:22:15","slug":"mladi-evropski-ambasadori-preuzeli-unicef","status":"publish","type":"post","link":"https:\/\/www.evropskakuca.me\/me\/mladi-evropski-ambasadori-preuzeli-unicef\/","title":{"rendered":"Mladi evropski ambasadori preuzeli UNICEF"},"content":{"rendered":"<p>Mladi su sada\u0161njost i budu\u0107nost Crne Gore i zato je va\u017eno da imaju priliku da ka\u017eu svoje mi\u0161ljenje, a ne samo da im odrasli name\u0107u stavove. To je poruka mladih evropskih ambasadora, koji su povodom obilje\u017eavanja 30. ro\u0111endana Konvencije Ujedinjenih nacija o pravima djeteta preuzeli UNICEF na jedan dan. Oni su tom prilikom razgovarali sa <strong>\u0161efom predstavni\u0161tva UNICEF-a u Crnoj Gori Osamom Kogalijem.<\/strong><\/p>\n<p><img fetchpriority=\"high\" decoding=\"async\" class=\"alignnone size-large wp-image-7634\" src=\"http:\/\/www.evropskakuca.me\/wp-content\/uploads\/2019\/12\/eu-39-1024x683.jpg\" alt=\"\" width=\"1024\" height=\"683\" \/><\/p>\n<p>\u201eVeoma je va\u017eno da se \u010duje glas mladih, a ovakvi doga\u0111aji su najbolja prilika za to\u201c, rekao je<strong> Nikola Mili\u010di\u0107,<\/strong> <strong>srednjo\u0161kolac iz Nik\u0161i\u0107a<\/strong>.<\/p>\n<p>Kogali je pohvalio anga\u017eovanost mladih evropskih ambasadora i pozvao ih da i druge mlade ljude ohrabre da budu aktivni kao oni.<\/p>\n<p>\u201eNajbolji eksperti za djetinjstvo danas su sama djeca i mladi. Ako \u017eelimo da unaprijedimo tu fazu \u017eivota, treba sa vama da o njoj razgovaramo. Upravo iz tog razloga smo ove godine podr\u017eali mlade da preuzmu Delegaciju EU u Crnoj Gori, rezidenciju Predsjednika Crne Gore, Skup\u0161tinu, Ministarstvo kulture i medije. Jedno od obe\u0107anja koje smo \u010duli od ministra kulture je da \u0107e se nove politike i strategije u oblasti kulture praviti u konsultacijama sa mladima i radujemo se tome\u201c, rekao je <strong>Kogali<\/strong>.<\/p>\n<p><img decoding=\"async\" class=\"alignnone size-large wp-image-7636\" src=\"http:\/\/www.evropskakuca.me\/wp-content\/uploads\/2019\/12\/eu-18-1024x683.jpg\" alt=\"\" width=\"1024\" height=\"683\" \/><\/p>\n<p>Klub mladih evropskih ambasadora, koji je osnovala Evropska unija u Crnoj Gori, okuplja srednjo\u0161kolce i studente koji su zainteresovani da se upoznaju sa evropskim vrijednostima i mogu\u0107nostima koje evropske integracije nude. Oni su, tokom razgovara sa \u0161efom predstavni\u0161tva UNICEF-a u Crnoj Gori, skrenuli pa\u017enju na najve\u0107e probleme sa kojima se suo\u010davaju djeca i mladi u na\u0161oj zemlji.<\/p>\n<p>\u201eKao jedan od njih izdvojila bih vr\u0161nja\u010dko nasilje, koje se pojavljuje u velikom procentu u na\u0161oj zemlji. Potrebno je mladima da imaju neku osobu ili vi\u0161e starijih osoba kojima mogu da se obrate, da imaju povjerenje u njih i da budu sigurni da \u0107e taj njihov problem koji iznesu biti rije\u0161en\u201c, kazala je <strong>mlada evropska ambasadorka<\/strong> <strong>Tamara Stojanovska <\/strong>prilikom \u201epreuzimanja\u201c UNICEF-a.<\/p>\n<p><img decoding=\"async\" class=\"alignnone size-large wp-image-7638\" src=\"http:\/\/www.evropskakuca.me\/wp-content\/uploads\/2019\/12\/eu-37-1024x683.jpg\" alt=\"\" width=\"1024\" height=\"683\" \/><\/p>\n<p>Kogali je podsjetio da u Crnoj Gori postoji nekoliko klju\u010dnih problema u vezi sa po\u0161tovanjem prava djeteta, ali najvi\u0161e zabrinjavaju nasilje i siroma\u0161tvo: dvije tre\u0107ine djece do\u017eivjelo je neki vid nasilja, dok je svako tre\u0107e dijete u riziku od siroma\u0161tva.<\/p>\n<p>\u201eNe tako davno cijela zemlja je bila \u0161okirana medijskim izvje\u0161tajima o bebi koja je na smrt pretu\u010dena kod ku\u0107e. Ne smijemo dozvoliti da se to ponovo desi bilo kom djetetu u Crnoj Gori. Zato moramo prijavljivati nasilje\u201c, jasan je bio <strong>Kogali<\/strong>.<\/p>\n<p>Pozvao je djecu i mlade da redovno prijavljuju i razgovaraju o vr\u0161nja\u010dkom i svim drugim oblicima nasilja.<\/p>\n<p><img loading=\"lazy\" decoding=\"async\" class=\"alignnone size-large wp-image-7640\" src=\"http:\/\/www.evropskakuca.me\/wp-content\/uploads\/2019\/12\/eu-16-1024x683.jpg\" alt=\"\" width=\"1024\" height=\"683\" \/><\/p>\n<p>\u201ePotrebna nam je va\u0161a pomo\u0107 da osiguramo da se kao dru\u0161tvo ne zadr\u017eavamo samo na razgovoru o nasilju tokom tih par dana kada je ono udarna vijest u medijima, poslije \u010dega zaboravimo na to. Pozivam vas da taj problem redovno iznosite nastavnicima, direktorima \u0161kola, roditeljima, medijima i drugima\u201c, poru\u010dio je <strong>Kogali<\/strong>.<\/p>\n<p>Mlade ambasadore zanimalo je Kogalijevo mi\u0161ljenje o kvalitetu inkluzivnog obrazovanja u Crnoj Gori. On je podsjetio da je 2010. godine tek manjina gra\u0111ana Crne Gore podr\u017eavala inkluzivno obrazovanje, a ve\u0107ina se pla\u0161ila te nove ideje. \u00a0Nakon tri godine kampanje Govorimo o mogu\u0107nostima, koju je UNICEF sprovodio u partnerstvu sa Vladom Crne Gore i EU, ve\u0107ina gra\u0111ana je promijenila stav i po\u010dela da podr\u017eava inkluzivno obrazovanje.<\/p>\n<p><img loading=\"lazy\" decoding=\"async\" class=\"alignnone size-large wp-image-7642\" src=\"http:\/\/www.evropskakuca.me\/wp-content\/uploads\/2019\/12\/eu-59-1024x683.jpg\" alt=\"\" width=\"1024\" height=\"683\" \/><\/p>\n<p>\u201eDakle, sada imamo javnu podr\u0161ku inkluzivnom obrazovanju, ali treba vi\u0161e da radimo na unapre\u0111enju njegovog kvaliteta. Sa zadovoljstvom pratim javnu debatu koja se posljednjih dana vodi u vezi sa rezultatima PISA testiranja i potrebom da se unaprijedi kvalitet obrazovanja i pobolj\u0161a status prosvjetnih radnika u Crnoj Gori. Ne mo\u017ee se obezbijediti bolji kvalitet obrazovanja bez pru\u017eanja ve\u0107e podr\u0161ke nastavnicima\u201c, poru\u010dio je <strong>Kogali<\/strong>.<\/p>\n<p>Mlade evropske ambasadore je interesovalo kako dru\u0161tvo i me\u0111unarodna zajednica mogu da pomognu da se smanji broj romske djece koja napu\u0161taju \u0161kolu.<\/p>\n<p><img loading=\"lazy\" decoding=\"async\" class=\"alignnone size-large wp-image-7644\" src=\"http:\/\/www.evropskakuca.me\/wp-content\/uploads\/2019\/12\/eu-43-1024x683.jpg\" alt=\"\" width=\"1024\" height=\"683\" \/><\/p>\n<p>\u201eNedavno sam obi\u0161ao vrti\u0107 u Nik\u0161i\u0107u koji poha\u0111aju i romska djeca. Razgovarao sam sa njihovim roditeljima i, na moje zadovoljstvo, vidio sam da su svjesni zna\u010daja obrazovanja za prekidanje vi\u0161egeneracijskog siroma\u0161tva. Manje od jedne petine romske djece u Crnoj Gori uzrasta 3-4 godine ide u vrti\u0107. Treba da podr\u017eimo pred\u0161kolske ustanove i romske zajednice da vi\u0161e sara\u0111uju kako bi se taj broj hitno pove\u0107ao\u201c, istakao je <strong>Kogali<\/strong>. Odgovaraju\u0107i na ovo pitanje, imao je i poruku za sve mlade ljude.<\/p>\n<p>\u201ePozovite romsku djecu da vam se pridru\u017ee u \u0161etnji. Razgovarajte s njima. Budite im prijatelji. Organizujte ro\u0111endanske zabave tako da ne isklju\u010dite siroma\u0161nu djecu, jer nemaju novca da vam kupe poklon, pa se zbog toga lo\u0161e osje\u0107aju. Sigurno \u0107ete mnogo toga nau\u010diti od njih i u njima na\u0107i iskrene prijatelje za \u010ditav \u017eivot\u201c, poru\u010dio je<strong> Kogali<\/strong> svojim mladim sagovornicima.<\/p>\n<p><img loading=\"lazy\" decoding=\"async\" class=\"alignnone size-large wp-image-7646\" src=\"http:\/\/www.evropskakuca.me\/wp-content\/uploads\/2019\/12\/eu-56-1024x683.jpg\" alt=\"\" width=\"1024\" height=\"683\" \/><\/p>\n<p>Inovacije su zanimljive djeci i mladima, posebno u digitalnom dobu. Zato je mlade evropske ambasadore zanimalo kako UNICEF koristi inovacije.<\/p>\n<p>\u201ePredstavni\u0161tvo UNICEF-a u Crnoj Gori je poznato po inovativnim inicijativama, kao \u0161to je uvo\u0111enje Daisy ud\u017ebenika za inkluzivno obrazovanje djece sa o\u0161te\u0107enjima vida; kroz UPSHIFT radionice i Laboratoriju za inovacije mladih pru\u017eamo podr\u0161ku mladima da mijenjaju lokalne zajednice; podr\u017eavamo i obuku nastavnika u oblasti digitalne pedagogije; razvili smo aplikaciju i sajt netprijatelji.me kroz koje djeca u\u010de da koriste internet bezbjedno; na\u0161a kampanja medijske pismenosti je nedavno dobila globalnu nagradu\u201c, podsjetio je <strong>Kogali<\/strong>.<\/p>\n<p><img loading=\"lazy\" decoding=\"async\" class=\"alignnone size-large wp-image-7648\" src=\"http:\/\/www.evropskakuca.me\/wp-content\/uploads\/2019\/12\/eu-55-1024x683.jpg\" alt=\"\" width=\"1024\" height=\"683\" \/><\/p>\n<p>Me\u0111unarodna zajednica va\u017ean je faktor kada je rije\u010d o unapre\u0111enju po\u0161tovanja ljudskih prava. Jedno od pitanja mladih ambasadora se odnosilo i na to na koji na\u010din UNICEF i Evropska unija sara\u0111uju na tom polju.<\/p>\n<p>\u201eTokom protekle decenije, UNICEF i EU su sara\u0111ivali su na raznim inicijativama u Crnoj Gori, kao \u0161to su kampanje Govorimo o mogu\u0107nostima, Svako dijete treba porodicu, Zaustavimo nasilje, a organizovali smo i zajedni\u010dke aktivnosti posve\u0107ene reformisanju institucija i sistema brige o djeci sa smetnjama u razvoju i onoj koja rastu odvojeno od roditelja. UNICEF i EU redovno sara\u0111uju i to \u0107e se nastaviti i ubudu\u0107e, jer dijelimo iste vrijednosti i cilj \u2013 svako pravo za svako dijete\u201c, zaklju\u010dio je \u0161ef predstavni\u0161tva UNICEF-a u Crnoj Gori <strong>Osama Kogali<\/strong>.<\/p>\n<p><img loading=\"lazy\" decoding=\"async\" class=\"alignnone size-large wp-image-7650\" src=\"http:\/\/www.evropskakuca.me\/wp-content\/uploads\/2019\/12\/eu-2-1024x683.jpg\" alt=\"\" width=\"1024\" height=\"683\" \/><\/p>\n<p>Sa Kogalijem su razgovarali mladi evropski ambasadori iz Podgorice, Nik\u0161i\u0107a, Berana, Kola\u0161ina i Ro\u017eaja, me\u0111u kojima su i pobjednici\u00a0 takmi\u010denja \u201cPotraga za ljudskim pravima\u201d i TV kviza \u201eEUmetrija\u201c. U razgovoru su u\u010destvovali: <strong>Tamara Stojanovska, Nikola Mili\u010di\u0107, Neda Mileti\u0107, Marica Lutovac, Jana Rako\u010devi\u0107, Bal\u0161a Bubanja, Emra Kurga\u0161, Gojko Bo\u0161kovi\u0107, Neda Mijovi\u0107, Mara Vujo\u0161evi\u0107, Almasa Husovi\u0107, Semina Kala\u010d i Elda Kala\u010d.<\/strong><\/p>\n<p>Razgovoru mladih evropskih ambasadora sa Kogalijem prisustvovao je i \u0161ef Delegacije EU u Crnoj Gori <strong>Aivo Orav<\/strong>. On je pro\u0161log mjeseca, tako\u0111e povodom 30. ro\u0111endana Konvencije UN-a, odgovarao na pitanja <a href=\"https:\/\/www.unicef.org\/montenegro\/mladi-reporteri\">Unicefovih volontera \u2013 mladih reportera,<\/a>\u00a0 koji su na dan preuzeli Delegaciju Evropske unije u Crnoj Gori i razgovarali o procesu pristupanja Evropskoj uniji iz perspektive mladih koji odrastaju u digitalnom dobu.<\/p>\n<p><strong>\u00a0<\/strong><\/p>\n","protected":false},"excerpt":{"rendered":"<p>Povodom 30. ro\u0111endana Konvencije UN-a o pravima djeteta, mladi evropski ambasadori razgovarali sa \u0161efom predstavni\u0161tva UNICEF-a Osamom Kogalijem o stanju prava djeteta u Crnoj Gori<\/p>\n","protected":false},"author":1,"featured_media":34849,"comment_status":"open","ping_status":"open","sticky":false,"template":"","format":"standard","meta":{"_acf_changed":false,"footnotes":""},"categories":[1],"tags":[],"class_list":["post-7631","post","type-post","status-publish","format-standard","has-post-thumbnail","hentry","category-uncategorized"],"acf":[],"yoast_head":"<!-- This site is optimized with the Yoast SEO plugin v27.3 - https:\/\/yoast.com\/product\/yoast-seo-wordpress\/ -->\n<title>Mladi evropski ambasadori preuzeli UNICEF - Europe House<\/title>\n<meta name=\"robots\" content=\"index, follow, max-snippet:-1, max-image-preview:large, max-video-preview:-1\" \/>\n<link rel=\"canonical\" href=\"https:\/\/www.evropskakuca.me\/me\/mladi-evropski-ambasadori-preuzeli-unicef\/\" \/>\n<meta property=\"og:locale\" content=\"en_US\" \/>\n<meta property=\"og:type\" content=\"article\" \/>\n<meta property=\"og:title\" content=\"Mladi evropski ambasadori preuzeli UNICEF - Europe House\" \/>\n<meta property=\"og:description\" content=\"Povodom 30. ro\u0111endana Konvencije UN-a o pravima djeteta, mladi evropski ambasadori razgovarali sa \u0161efom predstavni\u0161tva UNICEF-a Osamom Kogalijem o stanju prava djeteta u Crnoj Gori\" \/>\n<meta property=\"og:url\" content=\"https:\/\/www.evropskakuca.me\/me\/mladi-evropski-ambasadori-preuzeli-unicef\/\" \/>\n<meta property=\"og:site_name\" content=\"Europe House\" \/>\n<meta property=\"article:publisher\" content=\"https:\/\/www.facebook.com\/evropska.kuca\" \/>\n<meta property=\"article:published_time\" content=\"2019-12-12T14:22:15+00:00\" \/>\n<meta property=\"og:image\" content=\"https:\/\/www.evropskakuca.me\/wp-content\/uploads\/2019\/12\/eu-48-scaled.jpg\" \/>\n\t<meta property=\"og:image:width\" content=\"2560\" \/>\n\t<meta property=\"og:image:height\" content=\"1707\" \/>\n\t<meta property=\"og:image:type\" content=\"image\/jpeg\" \/>\n<meta name=\"author\" content=\"mkajic\" \/>\n<meta name=\"twitter:card\" content=\"summary_large_image\" \/>\n<meta name=\"twitter:creator\" content=\"@evropska_kuca\" \/>\n<meta name=\"twitter:site\" content=\"@evropska_kuca\" \/>\n<meta name=\"twitter:label1\" content=\"Written by\" \/>\n\t<meta name=\"twitter:data1\" content=\"mkajic\" \/>\n\t<meta name=\"twitter:label2\" content=\"Est. reading time\" \/>\n\t<meta name=\"twitter:data2\" content=\"6 minutes\" \/>\n<script type=\"application\/ld+json\" class=\"yoast-schema-graph\">{\"@context\":\"https:\\\/\\\/schema.org\",\"@graph\":[{\"@type\":\"Article\",\"@id\":\"https:\\\/\\\/www.evropskakuca.me\\\/me\\\/mladi-evropski-ambasadori-preuzeli-unicef\\\/#article\",\"isPartOf\":{\"@id\":\"https:\\\/\\\/www.evropskakuca.me\\\/me\\\/mladi-evropski-ambasadori-preuzeli-unicef\\\/\"},\"author\":{\"name\":\"mkajic\",\"@id\":\"https:\\\/\\\/www.evropskakuca.me\\\/me\\\/#\\\/schema\\\/person\\\/a1d0dcdaefe4a1cd1d60d200ea137ba4\"},\"headline\":\"Mladi evropski ambasadori preuzeli UNICEF\",\"datePublished\":\"2019-12-12T14:22:15+00:00\",\"mainEntityOfPage\":{\"@id\":\"https:\\\/\\\/www.evropskakuca.me\\\/me\\\/mladi-evropski-ambasadori-preuzeli-unicef\\\/\"},\"wordCount\":1207,\"commentCount\":0,\"publisher\":{\"@id\":\"https:\\\/\\\/www.evropskakuca.me\\\/me\\\/#organization\"},\"image\":{\"@id\":\"https:\\\/\\\/www.evropskakuca.me\\\/me\\\/mladi-evropski-ambasadori-preuzeli-unicef\\\/#primaryimage\"},\"thumbnailUrl\":\"https:\\\/\\\/www.evropskakuca.me\\\/wp-content\\\/uploads\\\/2019\\\/12\\\/eu-48-scaled.jpg\",\"inLanguage\":\"me-ME\",\"potentialAction\":[{\"@type\":\"CommentAction\",\"name\":\"Comment\",\"target\":[\"https:\\\/\\\/www.evropskakuca.me\\\/me\\\/mladi-evropski-ambasadori-preuzeli-unicef\\\/#respond\"]}]},{\"@type\":\"WebPage\",\"@id\":\"https:\\\/\\\/www.evropskakuca.me\\\/me\\\/mladi-evropski-ambasadori-preuzeli-unicef\\\/\",\"url\":\"https:\\\/\\\/www.evropskakuca.me\\\/me\\\/mladi-evropski-ambasadori-preuzeli-unicef\\\/\",\"name\":\"Mladi evropski ambasadori preuzeli UNICEF - Europe House\",\"isPartOf\":{\"@id\":\"https:\\\/\\\/www.evropskakuca.me\\\/me\\\/#website\"},\"primaryImageOfPage\":{\"@id\":\"https:\\\/\\\/www.evropskakuca.me\\\/me\\\/mladi-evropski-ambasadori-preuzeli-unicef\\\/#primaryimage\"},\"image\":{\"@id\":\"https:\\\/\\\/www.evropskakuca.me\\\/me\\\/mladi-evropski-ambasadori-preuzeli-unicef\\\/#primaryimage\"},\"thumbnailUrl\":\"https:\\\/\\\/www.evropskakuca.me\\\/wp-content\\\/uploads\\\/2019\\\/12\\\/eu-48-scaled.jpg\",\"datePublished\":\"2019-12-12T14:22:15+00:00\",\"breadcrumb\":{\"@id\":\"https:\\\/\\\/www.evropskakuca.me\\\/me\\\/mladi-evropski-ambasadori-preuzeli-unicef\\\/#breadcrumb\"},\"inLanguage\":\"me-ME\",\"potentialAction\":[{\"@type\":\"ReadAction\",\"target\":[\"https:\\\/\\\/www.evropskakuca.me\\\/me\\\/mladi-evropski-ambasadori-preuzeli-unicef\\\/\"]}]},{\"@type\":\"ImageObject\",\"inLanguage\":\"me-ME\",\"@id\":\"https:\\\/\\\/www.evropskakuca.me\\\/me\\\/mladi-evropski-ambasadori-preuzeli-unicef\\\/#primaryimage\",\"url\":\"https:\\\/\\\/www.evropskakuca.me\\\/wp-content\\\/uploads\\\/2019\\\/12\\\/eu-48-scaled.jpg\",\"contentUrl\":\"https:\\\/\\\/www.evropskakuca.me\\\/wp-content\\\/uploads\\\/2019\\\/12\\\/eu-48-scaled.jpg\",\"width\":2560,\"height\":1707},{\"@type\":\"BreadcrumbList\",\"@id\":\"https:\\\/\\\/www.evropskakuca.me\\\/me\\\/mladi-evropski-ambasadori-preuzeli-unicef\\\/#breadcrumb\",\"itemListElement\":[{\"@type\":\"ListItem\",\"position\":1,\"name\":\"Home\",\"item\":\"https:\\\/\\\/www.evropskakuca.me\\\/me\\\/\"},{\"@type\":\"ListItem\",\"position\":2,\"name\":\"Mladi evropski ambasadori preuzeli UNICEF\"}]},{\"@type\":\"WebSite\",\"@id\":\"https:\\\/\\\/www.evropskakuca.me\\\/me\\\/#website\",\"url\":\"https:\\\/\\\/www.evropskakuca.me\\\/me\\\/\",\"name\":\"Evropean house\",\"description\":\"\",\"publisher\":{\"@id\":\"https:\\\/\\\/www.evropskakuca.me\\\/me\\\/#organization\"},\"potentialAction\":[{\"@type\":\"SearchAction\",\"target\":{\"@type\":\"EntryPoint\",\"urlTemplate\":\"https:\\\/\\\/www.evropskakuca.me\\\/me\\\/?s={search_term_string}\"},\"query-input\":{\"@type\":\"PropertyValueSpecification\",\"valueRequired\":true,\"valueName\":\"search_term_string\"}}],\"inLanguage\":\"me-ME\"},{\"@type\":\"Organization\",\"@id\":\"https:\\\/\\\/www.evropskakuca.me\\\/me\\\/#organization\",\"name\":\"Evropean house\",\"url\":\"https:\\\/\\\/www.evropskakuca.me\\\/me\\\/\",\"logo\":{\"@type\":\"ImageObject\",\"inLanguage\":\"me-ME\",\"@id\":\"https:\\\/\\\/www.evropskakuca.me\\\/me\\\/#\\\/schema\\\/logo\\\/image\\\/\",\"url\":\"https:\\\/\\\/www.evropskakuca.me\\\/wp-content\\\/uploads\\\/2025\\\/01\\\/evropska-kuca-logo-1.png\",\"contentUrl\":\"https:\\\/\\\/www.evropskakuca.me\\\/wp-content\\\/uploads\\\/2025\\\/01\\\/evropska-kuca-logo-1.png\",\"width\":425,\"height\":312,\"caption\":\"Evropean house\"},\"image\":{\"@id\":\"https:\\\/\\\/www.evropskakuca.me\\\/me\\\/#\\\/schema\\\/logo\\\/image\\\/\"},\"sameAs\":[\"https:\\\/\\\/www.facebook.com\\\/evropska.kuca\",\"https:\\\/\\\/x.com\\\/evropska_kuca\",\"https:\\\/\\\/www.instagram.com\\\/evropska_kuca\"]},{\"@type\":\"Person\",\"@id\":\"https:\\\/\\\/www.evropskakuca.me\\\/me\\\/#\\\/schema\\\/person\\\/a1d0dcdaefe4a1cd1d60d200ea137ba4\",\"name\":\"mkajic\",\"image\":{\"@type\":\"ImageObject\",\"inLanguage\":\"me-ME\",\"@id\":\"https:\\\/\\\/secure.gravatar.com\\\/avatar\\\/731fa035cefab7316e6bafd1f25a93fb731a07de14e2d9923f8db4422628eabc?s=96&d=mm&r=g\",\"url\":\"https:\\\/\\\/secure.gravatar.com\\\/avatar\\\/731fa035cefab7316e6bafd1f25a93fb731a07de14e2d9923f8db4422628eabc?s=96&d=mm&r=g\",\"contentUrl\":\"https:\\\/\\\/secure.gravatar.com\\\/avatar\\\/731fa035cefab7316e6bafd1f25a93fb731a07de14e2d9923f8db4422628eabc?s=96&d=mm&r=g\",\"caption\":\"mkajic\"},\"sameAs\":[\"https:\\\/\\\/evropskakuca.me\"],\"url\":\"https:\\\/\\\/www.evropskakuca.me\\\/me\\\/author\\\/mkajic\\\/\"}]}<\/script>\n<!-- \/ Yoast SEO plugin. -->","yoast_head_json":{"title":"Mladi evropski ambasadori preuzeli UNICEF - Europe House","robots":{"index":"index","follow":"follow","max-snippet":"max-snippet:-1","max-image-preview":"max-image-preview:large","max-video-preview":"max-video-preview:-1"},"canonical":"https:\/\/www.evropskakuca.me\/me\/mladi-evropski-ambasadori-preuzeli-unicef\/","og_locale":"en_US","og_type":"article","og_title":"Mladi evropski ambasadori preuzeli UNICEF - Europe House","og_description":"Povodom 30. ro\u0111endana Konvencije UN-a o pravima djeteta, mladi evropski ambasadori razgovarali sa \u0161efom predstavni\u0161tva UNICEF-a Osamom Kogalijem o stanju prava djeteta u Crnoj Gori","og_url":"https:\/\/www.evropskakuca.me\/me\/mladi-evropski-ambasadori-preuzeli-unicef\/","og_site_name":"Europe House","article_publisher":"https:\/\/www.facebook.com\/evropska.kuca","article_published_time":"2019-12-12T14:22:15+00:00","og_image":[{"width":2560,"height":1707,"url":"https:\/\/www.evropskakuca.me\/wp-content\/uploads\/2019\/12\/eu-48-scaled.jpg","type":"image\/jpeg"}],"author":"mkajic","twitter_card":"summary_large_image","twitter_creator":"@evropska_kuca","twitter_site":"@evropska_kuca","twitter_misc":{"Written by":"mkajic","Est. reading time":"6 minutes"},"schema":{"@context":"https:\/\/schema.org","@graph":[{"@type":"Article","@id":"https:\/\/www.evropskakuca.me\/me\/mladi-evropski-ambasadori-preuzeli-unicef\/#article","isPartOf":{"@id":"https:\/\/www.evropskakuca.me\/me\/mladi-evropski-ambasadori-preuzeli-unicef\/"},"author":{"name":"mkajic","@id":"https:\/\/www.evropskakuca.me\/me\/#\/schema\/person\/a1d0dcdaefe4a1cd1d60d200ea137ba4"},"headline":"Mladi evropski ambasadori preuzeli UNICEF","datePublished":"2019-12-12T14:22:15+00:00","mainEntityOfPage":{"@id":"https:\/\/www.evropskakuca.me\/me\/mladi-evropski-ambasadori-preuzeli-unicef\/"},"wordCount":1207,"commentCount":0,"publisher":{"@id":"https:\/\/www.evropskakuca.me\/me\/#organization"},"image":{"@id":"https:\/\/www.evropskakuca.me\/me\/mladi-evropski-ambasadori-preuzeli-unicef\/#primaryimage"},"thumbnailUrl":"https:\/\/www.evropskakuca.me\/wp-content\/uploads\/2019\/12\/eu-48-scaled.jpg","inLanguage":"me-ME","potentialAction":[{"@type":"CommentAction","name":"Comment","target":["https:\/\/www.evropskakuca.me\/me\/mladi-evropski-ambasadori-preuzeli-unicef\/#respond"]}]},{"@type":"WebPage","@id":"https:\/\/www.evropskakuca.me\/me\/mladi-evropski-ambasadori-preuzeli-unicef\/","url":"https:\/\/www.evropskakuca.me\/me\/mladi-evropski-ambasadori-preuzeli-unicef\/","name":"Mladi evropski ambasadori preuzeli UNICEF - Europe House","isPartOf":{"@id":"https:\/\/www.evropskakuca.me\/me\/#website"},"primaryImageOfPage":{"@id":"https:\/\/www.evropskakuca.me\/me\/mladi-evropski-ambasadori-preuzeli-unicef\/#primaryimage"},"image":{"@id":"https:\/\/www.evropskakuca.me\/me\/mladi-evropski-ambasadori-preuzeli-unicef\/#primaryimage"},"thumbnailUrl":"https:\/\/www.evropskakuca.me\/wp-content\/uploads\/2019\/12\/eu-48-scaled.jpg","datePublished":"2019-12-12T14:22:15+00:00","breadcrumb":{"@id":"https:\/\/www.evropskakuca.me\/me\/mladi-evropski-ambasadori-preuzeli-unicef\/#breadcrumb"},"inLanguage":"me-ME","potentialAction":[{"@type":"ReadAction","target":["https:\/\/www.evropskakuca.me\/me\/mladi-evropski-ambasadori-preuzeli-unicef\/"]}]},{"@type":"ImageObject","inLanguage":"me-ME","@id":"https:\/\/www.evropskakuca.me\/me\/mladi-evropski-ambasadori-preuzeli-unicef\/#primaryimage","url":"https:\/\/www.evropskakuca.me\/wp-content\/uploads\/2019\/12\/eu-48-scaled.jpg","contentUrl":"https:\/\/www.evropskakuca.me\/wp-content\/uploads\/2019\/12\/eu-48-scaled.jpg","width":2560,"height":1707},{"@type":"BreadcrumbList","@id":"https:\/\/www.evropskakuca.me\/me\/mladi-evropski-ambasadori-preuzeli-unicef\/#breadcrumb","itemListElement":[{"@type":"ListItem","position":1,"name":"Home","item":"https:\/\/www.evropskakuca.me\/me\/"},{"@type":"ListItem","position":2,"name":"Mladi evropski ambasadori preuzeli UNICEF"}]},{"@type":"WebSite","@id":"https:\/\/www.evropskakuca.me\/me\/#website","url":"https:\/\/www.evropskakuca.me\/me\/","name":"Evropean house","description":"","publisher":{"@id":"https:\/\/www.evropskakuca.me\/me\/#organization"},"potentialAction":[{"@type":"SearchAction","target":{"@type":"EntryPoint","urlTemplate":"https:\/\/www.evropskakuca.me\/me\/?s={search_term_string}"},"query-input":{"@type":"PropertyValueSpecification","valueRequired":true,"valueName":"search_term_string"}}],"inLanguage":"me-ME"},{"@type":"Organization","@id":"https:\/\/www.evropskakuca.me\/me\/#organization","name":"Evropean house","url":"https:\/\/www.evropskakuca.me\/me\/","logo":{"@type":"ImageObject","inLanguage":"me-ME","@id":"https:\/\/www.evropskakuca.me\/me\/#\/schema\/logo\/image\/","url":"https:\/\/www.evropskakuca.me\/wp-content\/uploads\/2025\/01\/evropska-kuca-logo-1.png","contentUrl":"https:\/\/www.evropskakuca.me\/wp-content\/uploads\/2025\/01\/evropska-kuca-logo-1.png","width":425,"height":312,"caption":"Evropean house"},"image":{"@id":"https:\/\/www.evropskakuca.me\/me\/#\/schema\/logo\/image\/"},"sameAs":["https:\/\/www.facebook.com\/evropska.kuca","https:\/\/x.com\/evropska_kuca","https:\/\/www.instagram.com\/evropska_kuca"]},{"@type":"Person","@id":"https:\/\/www.evropskakuca.me\/me\/#\/schema\/person\/a1d0dcdaefe4a1cd1d60d200ea137ba4","name":"mkajic","image":{"@type":"ImageObject","inLanguage":"me-ME","@id":"https:\/\/secure.gravatar.com\/avatar\/731fa035cefab7316e6bafd1f25a93fb731a07de14e2d9923f8db4422628eabc?s=96&d=mm&r=g","url":"https:\/\/secure.gravatar.com\/avatar\/731fa035cefab7316e6bafd1f25a93fb731a07de14e2d9923f8db4422628eabc?s=96&d=mm&r=g","contentUrl":"https:\/\/secure.gravatar.com\/avatar\/731fa035cefab7316e6bafd1f25a93fb731a07de14e2d9923f8db4422628eabc?s=96&d=mm&r=g","caption":"mkajic"},"sameAs":["https:\/\/evropskakuca.me"],"url":"https:\/\/www.evropskakuca.me\/me\/author\/mkajic\/"}]}},"_links":{"self":[{"href":"https:\/\/www.evropskakuca.me\/me\/wp-json\/wp\/v2\/posts\/7631","targetHints":{"allow":["GET"]}}],"collection":[{"href":"https:\/\/www.evropskakuca.me\/me\/wp-json\/wp\/v2\/posts"}],"about":[{"href":"https:\/\/www.evropskakuca.me\/me\/wp-json\/wp\/v2\/types\/post"}],"author":[{"embeddable":true,"href":"https:\/\/www.evropskakuca.me\/me\/wp-json\/wp\/v2\/users\/1"}],"replies":[{"embeddable":true,"href":"https:\/\/www.evropskakuca.me\/me\/wp-json\/wp\/v2\/comments?post=7631"}],"version-history":[{"count":0,"href":"https:\/\/www.evropskakuca.me\/me\/wp-json\/wp\/v2\/posts\/7631\/revisions"}],"wp:featuredmedia":[{"embeddable":true,"href":"https:\/\/www.evropskakuca.me\/me\/wp-json\/wp\/v2\/media\/34849"}],"wp:attachment":[{"href":"https:\/\/www.evropskakuca.me\/me\/wp-json\/wp\/v2\/media?parent=7631"}],"wp:term":[{"taxonomy":"category","embeddable":true,"href":"https:\/\/www.evropskakuca.me\/me\/wp-json\/wp\/v2\/categories?post=7631"},{"taxonomy":"post_tag","embeddable":true,"href":"https:\/\/www.evropskakuca.me\/me\/wp-json\/wp\/v2\/tags?post=7631"}],"curies":[{"name":"wp","href":"https:\/\/api.w.org\/{rel}","templated":true}]}}