{"id":7577,"date":"2019-12-04T12:47:01","date_gmt":"2019-12-04T12:47:01","guid":{"rendered":"http:\/\/www.evropskakuca.me\/?p=7577"},"modified":"2019-12-04T12:47:01","modified_gmt":"2019-12-04T12:47:01","slug":"fantasticni-utisci-posjete-briselu","status":"publish","type":"post","link":"https:\/\/www.evropskakuca.me\/me\/fantasticni-utisci-posjete-briselu\/","title":{"rendered":"Fantasti\u010dni utisci posjete Briselu"},"content":{"rendered":"<p>Marko Savi\u0107, saradnik u nastavi na Fakultetu politi\u010dkih nauka na korpusu predmeta iz me\u0111unarodnih odnosa, u Briselu je boravio ka polaznik Visitors programa Evropske unije. Na put u Brisel krenuo tako \u0161to je na sajtu Delegacije prona\u0161ao poziv za konkurs..<\/p>\n<p>\u201cPrijavio sam se jer mi je bilo zanimljivo da neko nudi platformu na kojoj mo\u017ee\u0161 da predstavi\u0161 sebe i svoj rad na adresama koje su jako va\u017ene. Ja sam saznao da postoji Vizitors program kroz prethodne u\u010desnike i moram re\u0107i da sam se samoinicijativno prijavio.\u201cpri\u010da Marko Savi\u0107<\/p>\n<p>Po dobijenom pozitivnom odgovoru Marko je zamoljen da napravi pribli\u017ean plan svoje posjete. Kako se paralelno bavi i akademskom karijerom i karijerom u javnim politikama njegov plan je bio vrlo detaljan.<\/p>\n<p>\u201cPotenciranje ovog paralelnog puta je bio klju\u010d da onima koji odlu\u010duju u Briselu moja motivacija bude odlu\u010duju\u0107a za pristup programu. To sam na kraju \u010duo i od sagovornika koji su dobili i moj CV i moje motivaciono pismo.\u201c pri\u010da Marko.<\/p>\n<p>Ka\u017ee da je veliku ulogu u njegovom putu za Brisel odigrala dobra komunikacija sa Delegacijom EU u Crnoj Gori i sekretarijatom Vizitors programa u Briselu. Olak\u0161anje su mu bile i pripremljene satnice, cjelokupan program i svi savjeti koje je dobio kako da funkcioni\u0161e tokom posjete Briselu.<\/p>\n<p>\u201cUtisci su takvi da se nalazite pred jednim ogromnim aparatom koji funkcioni\u0161e iz na\u0161e vizure kao \u0161vajcarski sat. Negdje je to bilo podvu\u010deno kroz program, da mnogo pola\u017eu na ta\u010dnost. Druga stvar je neposrednost gotovo\u00a0 svakog sagovornika sa kojim sam imao priliku da se sretnem, bez obzira da li su oni na visokim funkcijama u kabinetima najvi\u0161ih funkcionera Unije ili da se radi o analiti\u010darima iz tink tenkova.Ta neposrednost je u po\u010detku bila iznena\u0111uju\u0107a.\u201c pri\u010da Marko Savi\u0107.<\/p>\n<p>Marko ka\u017ee da mu se dopalo to \u0161to su stvari unaprijed ta\u010dno odre\u0111ene i konkretne. Ka\u017ee da to doprinosi relaksaciji i funkcionisanju jednog velikog tima i smatra to navikom koju bi i Crnogorci trebali usvojiti. Tokom pet radnih dana koje je proveo u Briselu Marko je imao obiman program. Dnevno je imao po pet sastanaka i svi koje je Sekratarijat Vizitors programa kontaktirao sastali su se sa Markom. Tu on izdvaja predstavnike u\u017eeg kabineta komesara Hana, zatim\u00a0 Visoke predstavnice Federike Mogerini. Apostrofira i sastanak sa portparolkom Komisije Majom Kocijancic.<\/p>\n<p>Njegova akademska interesovanja, interesi drugih sila na Zapadnom Balkanu, tako\u0111e su zadovoljena. Imao je priliku da razgovara sa ljudima koji se u Evropskoj Komisiji bave odnosima sa Rusijom i Kinom u razli\u010ditim odjeljenjima i razli\u010ditim institucijama u Briselu. Sa druge strane, ka\u017ee Marko, jako je va\u017eno da institucije koje nijesu lice Brisela, kao komisija, parlament, savjet&#8230; budu\u00a0 uklju\u010dene u budu\u0107nosti u program jer se tako \u0161iri korpus stvari se mogu saznati. Vi\u0161e je nego zadovoljan sastanakom u Komiteru regiona i Ekonomsko Socijalnom Savjetu gdje rade ljudi koji se u odre\u0111enom dijelu svog posla bave Zapadnim Balkanom i Crnom Gorom.<\/p>\n<p>\u201cSvoju briselsku\u00a0 slagalicu upotpunio sam stavovima i mi\u0161ljenjima ljudi koji nijesu oficijelno zaposleni u EU institucijama pa sam tako u svom programu posjete predlo\u017eio sastanke sa predstavnicima najuticajnijih think tankova. Susreo sam se sa Friends of Europe, Europe Policy Centre i pri\u010dao sa ljudima koji rade sli\u010dan posao kao sve NVO ili think tank organizacije u Crnoj Gori ili regionu i koje iz neke druge vizure posmatraju i proces pro\u0161irenja i Zapadni Balkan.<\/p>\n<p>Markovi utisci posjete Briselu su, ka\u017ee, fantasti\u010dni a organizacija programa odli\u010dna. \u0160irok je spaktar ljudi kojima bi predlo\u017eio da se prijave a smatra da bi Vizitors program trebao biti bolje promovisan u Crnoj Gori.<\/p>\n<p>&nbsp;<\/p>\n<p>&nbsp;<\/p>\n","protected":false},"excerpt":{"rendered":"<p>Marko Savi\u0107 o iskustvima ste\u010denim kroz Vizitors program<\/p>\n","protected":false},"author":1,"featured_media":0,"comment_status":"open","ping_status":"open","sticky":false,"template":"","format":"standard","meta":{"_acf_changed":false,"footnotes":""},"categories":[],"tags":[],"class_list":["post-7577","post","type-post","status-publish","format-standard","hentry"],"acf":[],"yoast_head":"<!-- This site is optimized with the Yoast SEO plugin v27.3 - https:\/\/yoast.com\/product\/yoast-seo-wordpress\/ -->\n<title>Fantasti\u010dni utisci posjete Briselu - Europe House<\/title>\n<meta name=\"robots\" content=\"index, follow, max-snippet:-1, max-image-preview:large, max-video-preview:-1\" \/>\n<link rel=\"canonical\" href=\"https:\/\/www.evropskakuca.me\/me\/fantasticni-utisci-posjete-briselu\/\" \/>\n<meta property=\"og:locale\" content=\"en_US\" \/>\n<meta property=\"og:type\" content=\"article\" \/>\n<meta property=\"og:title\" content=\"Fantasti\u010dni utisci posjete Briselu - Europe House\" \/>\n<meta property=\"og:description\" content=\"Marko Savi\u0107 o iskustvima ste\u010denim kroz Vizitors program\" \/>\n<meta property=\"og:url\" content=\"https:\/\/www.evropskakuca.me\/me\/fantasticni-utisci-posjete-briselu\/\" \/>\n<meta property=\"og:site_name\" content=\"Europe House\" \/>\n<meta property=\"article:publisher\" content=\"https:\/\/www.facebook.com\/evropska.kuca\" \/>\n<meta property=\"article:published_time\" content=\"2019-12-04T12:47:01+00:00\" \/>\n<meta name=\"author\" content=\"mkajic\" \/>\n<meta name=\"twitter:card\" content=\"summary_large_image\" \/>\n<meta name=\"twitter:creator\" content=\"@evropska_kuca\" \/>\n<meta name=\"twitter:site\" content=\"@evropska_kuca\" \/>\n<meta name=\"twitter:label1\" content=\"Written by\" \/>\n\t<meta name=\"twitter:data1\" content=\"mkajic\" \/>\n\t<meta name=\"twitter:label2\" content=\"Est. reading time\" \/>\n\t<meta name=\"twitter:data2\" content=\"3 minutes\" \/>\n<script type=\"application\/ld+json\" class=\"yoast-schema-graph\">{\"@context\":\"https:\\\/\\\/schema.org\",\"@graph\":[{\"@type\":\"Article\",\"@id\":\"https:\\\/\\\/www.evropskakuca.me\\\/me\\\/fantasticni-utisci-posjete-briselu\\\/#article\",\"isPartOf\":{\"@id\":\"https:\\\/\\\/www.evropskakuca.me\\\/me\\\/fantasticni-utisci-posjete-briselu\\\/\"},\"author\":{\"name\":\"mkajic\",\"@id\":\"https:\\\/\\\/www.evropskakuca.me\\\/me\\\/#\\\/schema\\\/person\\\/a1d0dcdaefe4a1cd1d60d200ea137ba4\"},\"headline\":\"Fantasti\u010dni utisci posjete Briselu\",\"datePublished\":\"2019-12-04T12:47:01+00:00\",\"mainEntityOfPage\":{\"@id\":\"https:\\\/\\\/www.evropskakuca.me\\\/me\\\/fantasticni-utisci-posjete-briselu\\\/\"},\"wordCount\":635,\"commentCount\":0,\"publisher\":{\"@id\":\"https:\\\/\\\/www.evropskakuca.me\\\/me\\\/#organization\"},\"inLanguage\":\"me-ME\",\"potentialAction\":[{\"@type\":\"CommentAction\",\"name\":\"Comment\",\"target\":[\"https:\\\/\\\/www.evropskakuca.me\\\/me\\\/fantasticni-utisci-posjete-briselu\\\/#respond\"]}]},{\"@type\":\"WebPage\",\"@id\":\"https:\\\/\\\/www.evropskakuca.me\\\/me\\\/fantasticni-utisci-posjete-briselu\\\/\",\"url\":\"https:\\\/\\\/www.evropskakuca.me\\\/me\\\/fantasticni-utisci-posjete-briselu\\\/\",\"name\":\"Fantasti\u010dni utisci posjete Briselu - Europe House\",\"isPartOf\":{\"@id\":\"https:\\\/\\\/www.evropskakuca.me\\\/me\\\/#website\"},\"datePublished\":\"2019-12-04T12:47:01+00:00\",\"breadcrumb\":{\"@id\":\"https:\\\/\\\/www.evropskakuca.me\\\/me\\\/fantasticni-utisci-posjete-briselu\\\/#breadcrumb\"},\"inLanguage\":\"me-ME\",\"potentialAction\":[{\"@type\":\"ReadAction\",\"target\":[\"https:\\\/\\\/www.evropskakuca.me\\\/me\\\/fantasticni-utisci-posjete-briselu\\\/\"]}]},{\"@type\":\"BreadcrumbList\",\"@id\":\"https:\\\/\\\/www.evropskakuca.me\\\/me\\\/fantasticni-utisci-posjete-briselu\\\/#breadcrumb\",\"itemListElement\":[{\"@type\":\"ListItem\",\"position\":1,\"name\":\"Home\",\"item\":\"https:\\\/\\\/www.evropskakuca.me\\\/me\\\/\"},{\"@type\":\"ListItem\",\"position\":2,\"name\":\"Fantasti\u010dni utisci posjete Briselu\"}]},{\"@type\":\"WebSite\",\"@id\":\"https:\\\/\\\/www.evropskakuca.me\\\/me\\\/#website\",\"url\":\"https:\\\/\\\/www.evropskakuca.me\\\/me\\\/\",\"name\":\"Evropean house\",\"description\":\"\",\"publisher\":{\"@id\":\"https:\\\/\\\/www.evropskakuca.me\\\/me\\\/#organization\"},\"potentialAction\":[{\"@type\":\"SearchAction\",\"target\":{\"@type\":\"EntryPoint\",\"urlTemplate\":\"https:\\\/\\\/www.evropskakuca.me\\\/me\\\/?s={search_term_string}\"},\"query-input\":{\"@type\":\"PropertyValueSpecification\",\"valueRequired\":true,\"valueName\":\"search_term_string\"}}],\"inLanguage\":\"me-ME\"},{\"@type\":\"Organization\",\"@id\":\"https:\\\/\\\/www.evropskakuca.me\\\/me\\\/#organization\",\"name\":\"Evropean house\",\"url\":\"https:\\\/\\\/www.evropskakuca.me\\\/me\\\/\",\"logo\":{\"@type\":\"ImageObject\",\"inLanguage\":\"me-ME\",\"@id\":\"https:\\\/\\\/www.evropskakuca.me\\\/me\\\/#\\\/schema\\\/logo\\\/image\\\/\",\"url\":\"https:\\\/\\\/www.evropskakuca.me\\\/wp-content\\\/uploads\\\/2025\\\/01\\\/evropska-kuca-logo-1.png\",\"contentUrl\":\"https:\\\/\\\/www.evropskakuca.me\\\/wp-content\\\/uploads\\\/2025\\\/01\\\/evropska-kuca-logo-1.png\",\"width\":425,\"height\":312,\"caption\":\"Evropean house\"},\"image\":{\"@id\":\"https:\\\/\\\/www.evropskakuca.me\\\/me\\\/#\\\/schema\\\/logo\\\/image\\\/\"},\"sameAs\":[\"https:\\\/\\\/www.facebook.com\\\/evropska.kuca\",\"https:\\\/\\\/x.com\\\/evropska_kuca\",\"https:\\\/\\\/www.instagram.com\\\/evropska_kuca\"]},{\"@type\":\"Person\",\"@id\":\"https:\\\/\\\/www.evropskakuca.me\\\/me\\\/#\\\/schema\\\/person\\\/a1d0dcdaefe4a1cd1d60d200ea137ba4\",\"name\":\"mkajic\",\"image\":{\"@type\":\"ImageObject\",\"inLanguage\":\"me-ME\",\"@id\":\"https:\\\/\\\/secure.gravatar.com\\\/avatar\\\/731fa035cefab7316e6bafd1f25a93fb731a07de14e2d9923f8db4422628eabc?s=96&d=mm&r=g\",\"url\":\"https:\\\/\\\/secure.gravatar.com\\\/avatar\\\/731fa035cefab7316e6bafd1f25a93fb731a07de14e2d9923f8db4422628eabc?s=96&d=mm&r=g\",\"contentUrl\":\"https:\\\/\\\/secure.gravatar.com\\\/avatar\\\/731fa035cefab7316e6bafd1f25a93fb731a07de14e2d9923f8db4422628eabc?s=96&d=mm&r=g\",\"caption\":\"mkajic\"},\"sameAs\":[\"https:\\\/\\\/evropskakuca.me\"],\"url\":\"https:\\\/\\\/www.evropskakuca.me\\\/me\\\/author\\\/mkajic\\\/\"}]}<\/script>\n<!-- \/ Yoast SEO plugin. -->","yoast_head_json":{"title":"Fantasti\u010dni utisci posjete Briselu - Europe House","robots":{"index":"index","follow":"follow","max-snippet":"max-snippet:-1","max-image-preview":"max-image-preview:large","max-video-preview":"max-video-preview:-1"},"canonical":"https:\/\/www.evropskakuca.me\/me\/fantasticni-utisci-posjete-briselu\/","og_locale":"en_US","og_type":"article","og_title":"Fantasti\u010dni utisci posjete Briselu - Europe House","og_description":"Marko Savi\u0107 o iskustvima ste\u010denim kroz Vizitors program","og_url":"https:\/\/www.evropskakuca.me\/me\/fantasticni-utisci-posjete-briselu\/","og_site_name":"Europe House","article_publisher":"https:\/\/www.facebook.com\/evropska.kuca","article_published_time":"2019-12-04T12:47:01+00:00","author":"mkajic","twitter_card":"summary_large_image","twitter_creator":"@evropska_kuca","twitter_site":"@evropska_kuca","twitter_misc":{"Written by":"mkajic","Est. reading time":"3 minutes"},"schema":{"@context":"https:\/\/schema.org","@graph":[{"@type":"Article","@id":"https:\/\/www.evropskakuca.me\/me\/fantasticni-utisci-posjete-briselu\/#article","isPartOf":{"@id":"https:\/\/www.evropskakuca.me\/me\/fantasticni-utisci-posjete-briselu\/"},"author":{"name":"mkajic","@id":"https:\/\/www.evropskakuca.me\/me\/#\/schema\/person\/a1d0dcdaefe4a1cd1d60d200ea137ba4"},"headline":"Fantasti\u010dni utisci posjete Briselu","datePublished":"2019-12-04T12:47:01+00:00","mainEntityOfPage":{"@id":"https:\/\/www.evropskakuca.me\/me\/fantasticni-utisci-posjete-briselu\/"},"wordCount":635,"commentCount":0,"publisher":{"@id":"https:\/\/www.evropskakuca.me\/me\/#organization"},"inLanguage":"me-ME","potentialAction":[{"@type":"CommentAction","name":"Comment","target":["https:\/\/www.evropskakuca.me\/me\/fantasticni-utisci-posjete-briselu\/#respond"]}]},{"@type":"WebPage","@id":"https:\/\/www.evropskakuca.me\/me\/fantasticni-utisci-posjete-briselu\/","url":"https:\/\/www.evropskakuca.me\/me\/fantasticni-utisci-posjete-briselu\/","name":"Fantasti\u010dni utisci posjete Briselu - Europe House","isPartOf":{"@id":"https:\/\/www.evropskakuca.me\/me\/#website"},"datePublished":"2019-12-04T12:47:01+00:00","breadcrumb":{"@id":"https:\/\/www.evropskakuca.me\/me\/fantasticni-utisci-posjete-briselu\/#breadcrumb"},"inLanguage":"me-ME","potentialAction":[{"@type":"ReadAction","target":["https:\/\/www.evropskakuca.me\/me\/fantasticni-utisci-posjete-briselu\/"]}]},{"@type":"BreadcrumbList","@id":"https:\/\/www.evropskakuca.me\/me\/fantasticni-utisci-posjete-briselu\/#breadcrumb","itemListElement":[{"@type":"ListItem","position":1,"name":"Home","item":"https:\/\/www.evropskakuca.me\/me\/"},{"@type":"ListItem","position":2,"name":"Fantasti\u010dni utisci posjete Briselu"}]},{"@type":"WebSite","@id":"https:\/\/www.evropskakuca.me\/me\/#website","url":"https:\/\/www.evropskakuca.me\/me\/","name":"Evropean house","description":"","publisher":{"@id":"https:\/\/www.evropskakuca.me\/me\/#organization"},"potentialAction":[{"@type":"SearchAction","target":{"@type":"EntryPoint","urlTemplate":"https:\/\/www.evropskakuca.me\/me\/?s={search_term_string}"},"query-input":{"@type":"PropertyValueSpecification","valueRequired":true,"valueName":"search_term_string"}}],"inLanguage":"me-ME"},{"@type":"Organization","@id":"https:\/\/www.evropskakuca.me\/me\/#organization","name":"Evropean house","url":"https:\/\/www.evropskakuca.me\/me\/","logo":{"@type":"ImageObject","inLanguage":"me-ME","@id":"https:\/\/www.evropskakuca.me\/me\/#\/schema\/logo\/image\/","url":"https:\/\/www.evropskakuca.me\/wp-content\/uploads\/2025\/01\/evropska-kuca-logo-1.png","contentUrl":"https:\/\/www.evropskakuca.me\/wp-content\/uploads\/2025\/01\/evropska-kuca-logo-1.png","width":425,"height":312,"caption":"Evropean house"},"image":{"@id":"https:\/\/www.evropskakuca.me\/me\/#\/schema\/logo\/image\/"},"sameAs":["https:\/\/www.facebook.com\/evropska.kuca","https:\/\/x.com\/evropska_kuca","https:\/\/www.instagram.com\/evropska_kuca"]},{"@type":"Person","@id":"https:\/\/www.evropskakuca.me\/me\/#\/schema\/person\/a1d0dcdaefe4a1cd1d60d200ea137ba4","name":"mkajic","image":{"@type":"ImageObject","inLanguage":"me-ME","@id":"https:\/\/secure.gravatar.com\/avatar\/731fa035cefab7316e6bafd1f25a93fb731a07de14e2d9923f8db4422628eabc?s=96&d=mm&r=g","url":"https:\/\/secure.gravatar.com\/avatar\/731fa035cefab7316e6bafd1f25a93fb731a07de14e2d9923f8db4422628eabc?s=96&d=mm&r=g","contentUrl":"https:\/\/secure.gravatar.com\/avatar\/731fa035cefab7316e6bafd1f25a93fb731a07de14e2d9923f8db4422628eabc?s=96&d=mm&r=g","caption":"mkajic"},"sameAs":["https:\/\/evropskakuca.me"],"url":"https:\/\/www.evropskakuca.me\/me\/author\/mkajic\/"}]}},"_links":{"self":[{"href":"https:\/\/www.evropskakuca.me\/me\/wp-json\/wp\/v2\/posts\/7577","targetHints":{"allow":["GET"]}}],"collection":[{"href":"https:\/\/www.evropskakuca.me\/me\/wp-json\/wp\/v2\/posts"}],"about":[{"href":"https:\/\/www.evropskakuca.me\/me\/wp-json\/wp\/v2\/types\/post"}],"author":[{"embeddable":true,"href":"https:\/\/www.evropskakuca.me\/me\/wp-json\/wp\/v2\/users\/1"}],"replies":[{"embeddable":true,"href":"https:\/\/www.evropskakuca.me\/me\/wp-json\/wp\/v2\/comments?post=7577"}],"version-history":[{"count":0,"href":"https:\/\/www.evropskakuca.me\/me\/wp-json\/wp\/v2\/posts\/7577\/revisions"}],"wp:attachment":[{"href":"https:\/\/www.evropskakuca.me\/me\/wp-json\/wp\/v2\/media?parent=7577"}],"wp:term":[{"taxonomy":"category","embeddable":true,"href":"https:\/\/www.evropskakuca.me\/me\/wp-json\/wp\/v2\/categories?post=7577"},{"taxonomy":"post_tag","embeddable":true,"href":"https:\/\/www.evropskakuca.me\/me\/wp-json\/wp\/v2\/tags?post=7577"}],"curies":[{"name":"wp","href":"https:\/\/api.w.org\/{rel}","templated":true}]}}