{"id":7565,"date":"2019-12-04T12:30:38","date_gmt":"2019-12-04T12:30:38","guid":{"rendered":"http:\/\/www.evropskakuca.me\/?p=7565"},"modified":"2019-12-04T12:30:38","modified_gmt":"2019-12-04T12:30:38","slug":"suocavanje-sa-prosloscu-se-nikad-ne-zavrsava","status":"publish","type":"post","link":"https:\/\/www.evropskakuca.me\/me\/suocavanje-sa-prosloscu-se-nikad-ne-zavrsava\/","title":{"rendered":"Suo\u010davanje sa pro\u0161lo\u0161\u0107u se nikad ne zavr\u0161ava"},"content":{"rendered":"<p>Da nije bilo predaka ne bi bilo ni potomaka. Ali \u0161ta kad porodi\u010dno naslije\u0111e predaka predstavlja zlo\u010din nezamisliv potomcima? Odgovor na to pitanje Rajner Hes, unuk Rudolfa Hesa, zloglasnog komandanta koncentracionog logora Au\u0161vic i dalje tra\u017ei. Na tribini \u201cRazvoj kulture sje\u0107anja\u201d, odr\u017eanoj u EU Info Centru,\u00a0 Hes unuk govorio je o zlodjelima djeda Hesa.<\/p>\n<p>\u201cTe\u0161ko je objasniti kakav je osje\u0107aj biti unuk nekoga takvog, sa druge strane dobar je osje\u0107aj boriti se protiv fa\u0161izma koji trenutno raste \u0161irom Evrope\u201c, kazao je Hes, koji putuje \u0161irom svijeta i govori o zlodjelima koje je njegov djed po\u010dinio, a naro\u010dito to radi u \u0161kolama u rodnoj Njema\u010dkoj.<\/p>\n<p>Upravo tokom tih predavanja je shvatio da je razlog zbog kojeg je fa\u0161izam posljednjih godina ponovo oja\u010dao, nedovoljno edukacije. Rje\u0161enje je, ka\u017ee, u otvorenom razgovoru i me\u0111usobnom razumijevanju.<\/p>\n<p><img fetchpriority=\"high\" decoding=\"async\" class=\"alignnone size-large wp-image-7568\" src=\"http:\/\/www.evropskakuca.me\/wp-content\/uploads\/2019\/12\/euic-13-of-65-1024x683.jpg\" alt=\"\" width=\"1024\" height=\"683\" \/><\/p>\n<p>\u201cProblem u mojoj porodici je bio \u0161to fa\u0161izam nije skrivan ve\u0107 glorifikovan. Moji roditelji su glorifikovali ono \u0161to je moj djed uradio, govorili su da je bio dobar vojnik, dobar otac&#8230; To na kraju ne funkcioni\u0161e. To nije funkcionisalo kod mene\u201c, isti\u010de Hes, koji je sa 15 godina napustio porodicu i od tada nema kontakt sa njima.<\/p>\n<p>Ka\u017ee da je njegova tetka izvr\u0161ila samoubistvo 1989. godine i sve do svoje smrti je vjerovala da su Jevreji zaslu\u017eili pogrom. Ironijom sudbine sahranjena je na jevrejskom groblju u Va\u0161ingtonu.<\/p>\n<p>\u201cTo je zaista grozno. Poku\u0161avao sam tri godine da je sklonim odatle, ali Jevreji ka\u017eu da svako mo\u017ee biti sahranjen na njihovom groblju. Idem tamo, posje\u0107ujem je i nekada radim glupe stvari. Posljednji put sam ozna\u010dio njen grob kako bi znali da tu le\u017ei nacista\u201c, otkrio je Hes.<\/p>\n<p>U okviru tribine govorili su i Aleksandar Relji\u0107, reditelj i autor filma \u201cUnuk\u201d, iz Srbije, Daliborka Uljarevi\u0107 izvr\u0161na direktorica Centra za Gra\u0111ansko Obrazovanje, ali i Simone Boersma, \u010dlanica Upravnog odbora fondacije \u201eFootsteps\u201c iz Holandije.<\/p>\n<p><img decoding=\"async\" class=\"alignnone size-large wp-image-7570\" src=\"http:\/\/www.evropskakuca.me\/wp-content\/uploads\/2019\/12\/euic-4-of-65-1024x683.jpg\" alt=\"\" width=\"1024\" height=\"683\" \/><\/p>\n<p>\u201cNetolerancija raste, ne samo kada su religije u pitanju ve\u0107 i seksualna orijentacija i mislim da su to, za nas kao fondaciju, bitne ta\u010dke na kojima treba raditi\u201c, kazala je Boersma, koja sa Hesom promovi\u0161e njegovu knjigu \u201cNaslije\u0111e komandanta\u201d.<\/p>\n<p>Saradnju sa Hesom ostvario je i Relji\u0107 koji je snimio dokumentarni film o ovom Njemcu, pod nazivom \u201cUnuk\u201d iako insistira da se koristi originalna rije\u010d \u201cEnkel\u201d.<\/p>\n<p>\u201cTa rije\u010d najbolje govori o onome \u0161ta je Rajner, jer \u0161ta god on u \u017eivotu radio i \u010dime se god bavio, on \u0107e uvijek biti biti isklju\u010divo unuk. Film je zapravo o Rajneru i njegovom odnosu sa sada ve\u0107 preminulom, Evom Mozes koja je pre\u017eivjela Au\u0161vic a koja je njega simboli\u010dno usvojila kao svog unuka. Oni su imali zajedni\u010dki cilj, a to je bila borba protiv nacizma, antisemitizma&#8230;\u201c, pojasnio je re\u017eiser.<\/p>\n<p><img decoding=\"async\" class=\"alignnone size-large wp-image-7572\" src=\"http:\/\/www.evropskakuca.me\/wp-content\/uploads\/2019\/12\/euic-8-of-65-1024x683.jpg\" alt=\"\" width=\"1024\" height=\"683\" \/><\/p>\n<p>Izvr\u0161na direktorka Centra za Gra\u0111ansko Obrazovanje Daliborka Uljarevi\u0107 iskoristila je priliku da uka\u017ee na probleme sa negiranjem zlo\u010dina u Crnoj Gori i regionu.<\/p>\n<p>\u201cNama su puna usta antifa\u0161izma. Pro\u0161la godina je bila godina kada se najvi\u0161e o tome pri\u010dalo&#8230; Bilo bi divno da je to zaista tako, ako imamo antifa\u0161izam i istovremeno mjesta stradanja antifa\u0161ista koja se pretvaraju u kazino i luksuzne hotele\u201c, istakla je ona aludiraju\u0107i na pretvaranje logora Mamula u ekskluzivni rezort.<\/p>\n<p>Zbog svega re\u010denog, suo\u010davanje sa pro\u0161lo\u0161\u0107u se nikad ne zavr\u0161ava, zajedni\u010dki je zaklju\u010dak okupljenih na tribini koja je izazvala \u017eivu diskusiju u\u010desnika i gostiju tribine.<\/p>\n<p>&nbsp;<\/p>\n","protected":false},"excerpt":{"rendered":"<p>Razvoj kulture sje\u0107anja<\/p>\n","protected":false},"author":1,"featured_media":0,"comment_status":"open","ping_status":"open","sticky":false,"template":"","format":"standard","meta":{"_acf_changed":false,"footnotes":""},"categories":[1],"tags":[],"class_list":["post-7565","post","type-post","status-publish","format-standard","hentry","category-uncategorized"],"acf":[],"yoast_head":"<!-- This site is optimized with the Yoast SEO plugin v27.3 - https:\/\/yoast.com\/product\/yoast-seo-wordpress\/ -->\n<title>Suo\u010davanje sa pro\u0161lo\u0161\u0107u se nikad ne zavr\u0161ava - Europe House<\/title>\n<meta name=\"robots\" content=\"index, follow, max-snippet:-1, max-image-preview:large, max-video-preview:-1\" \/>\n<link rel=\"canonical\" href=\"https:\/\/www.evropskakuca.me\/me\/suocavanje-sa-prosloscu-se-nikad-ne-zavrsava\/\" \/>\n<meta property=\"og:locale\" content=\"en_US\" \/>\n<meta property=\"og:type\" content=\"article\" \/>\n<meta property=\"og:title\" content=\"Suo\u010davanje sa pro\u0161lo\u0161\u0107u se nikad ne zavr\u0161ava - Europe House\" \/>\n<meta property=\"og:description\" content=\"Razvoj kulture sje\u0107anja\" \/>\n<meta property=\"og:url\" content=\"https:\/\/www.evropskakuca.me\/me\/suocavanje-sa-prosloscu-se-nikad-ne-zavrsava\/\" \/>\n<meta property=\"og:site_name\" content=\"Europe House\" \/>\n<meta property=\"article:publisher\" content=\"https:\/\/www.facebook.com\/evropska.kuca\" \/>\n<meta property=\"article:published_time\" content=\"2019-12-04T12:30:38+00:00\" \/>\n<meta property=\"og:image\" content=\"http:\/\/www.evropskakuca.me\/wp-content\/uploads\/2019\/12\/euic-13-of-65-1024x683.jpg\" \/>\n<meta name=\"author\" content=\"mkajic\" \/>\n<meta name=\"twitter:card\" content=\"summary_large_image\" \/>\n<meta name=\"twitter:creator\" content=\"@evropska_kuca\" \/>\n<meta name=\"twitter:site\" content=\"@evropska_kuca\" \/>\n<meta name=\"twitter:label1\" content=\"Written by\" \/>\n\t<meta name=\"twitter:data1\" content=\"mkajic\" \/>\n\t<meta name=\"twitter:label2\" content=\"Est. reading time\" \/>\n\t<meta name=\"twitter:data2\" content=\"3 minutes\" \/>\n<script type=\"application\/ld+json\" class=\"yoast-schema-graph\">{\"@context\":\"https:\\\/\\\/schema.org\",\"@graph\":[{\"@type\":\"Article\",\"@id\":\"https:\\\/\\\/www.evropskakuca.me\\\/me\\\/suocavanje-sa-prosloscu-se-nikad-ne-zavrsava\\\/#article\",\"isPartOf\":{\"@id\":\"https:\\\/\\\/www.evropskakuca.me\\\/me\\\/suocavanje-sa-prosloscu-se-nikad-ne-zavrsava\\\/\"},\"author\":{\"name\":\"mkajic\",\"@id\":\"https:\\\/\\\/www.evropskakuca.me\\\/me\\\/#\\\/schema\\\/person\\\/a1d0dcdaefe4a1cd1d60d200ea137ba4\"},\"headline\":\"Suo\u010davanje sa pro\u0161lo\u0161\u0107u se nikad ne zavr\u0161ava\",\"datePublished\":\"2019-12-04T12:30:38+00:00\",\"mainEntityOfPage\":{\"@id\":\"https:\\\/\\\/www.evropskakuca.me\\\/me\\\/suocavanje-sa-prosloscu-se-nikad-ne-zavrsava\\\/\"},\"wordCount\":608,\"commentCount\":0,\"publisher\":{\"@id\":\"https:\\\/\\\/www.evropskakuca.me\\\/me\\\/#organization\"},\"image\":{\"@id\":\"https:\\\/\\\/www.evropskakuca.me\\\/me\\\/suocavanje-sa-prosloscu-se-nikad-ne-zavrsava\\\/#primaryimage\"},\"thumbnailUrl\":\"http:\\\/\\\/www.evropskakuca.me\\\/wp-content\\\/uploads\\\/2019\\\/12\\\/euic-13-of-65-1024x683.jpg\",\"inLanguage\":\"me-ME\",\"potentialAction\":[{\"@type\":\"CommentAction\",\"name\":\"Comment\",\"target\":[\"https:\\\/\\\/www.evropskakuca.me\\\/me\\\/suocavanje-sa-prosloscu-se-nikad-ne-zavrsava\\\/#respond\"]}]},{\"@type\":\"WebPage\",\"@id\":\"https:\\\/\\\/www.evropskakuca.me\\\/me\\\/suocavanje-sa-prosloscu-se-nikad-ne-zavrsava\\\/\",\"url\":\"https:\\\/\\\/www.evropskakuca.me\\\/me\\\/suocavanje-sa-prosloscu-se-nikad-ne-zavrsava\\\/\",\"name\":\"Suo\u010davanje sa pro\u0161lo\u0161\u0107u se nikad ne zavr\u0161ava - Europe House\",\"isPartOf\":{\"@id\":\"https:\\\/\\\/www.evropskakuca.me\\\/me\\\/#website\"},\"primaryImageOfPage\":{\"@id\":\"https:\\\/\\\/www.evropskakuca.me\\\/me\\\/suocavanje-sa-prosloscu-se-nikad-ne-zavrsava\\\/#primaryimage\"},\"image\":{\"@id\":\"https:\\\/\\\/www.evropskakuca.me\\\/me\\\/suocavanje-sa-prosloscu-se-nikad-ne-zavrsava\\\/#primaryimage\"},\"thumbnailUrl\":\"http:\\\/\\\/www.evropskakuca.me\\\/wp-content\\\/uploads\\\/2019\\\/12\\\/euic-13-of-65-1024x683.jpg\",\"datePublished\":\"2019-12-04T12:30:38+00:00\",\"breadcrumb\":{\"@id\":\"https:\\\/\\\/www.evropskakuca.me\\\/me\\\/suocavanje-sa-prosloscu-se-nikad-ne-zavrsava\\\/#breadcrumb\"},\"inLanguage\":\"me-ME\",\"potentialAction\":[{\"@type\":\"ReadAction\",\"target\":[\"https:\\\/\\\/www.evropskakuca.me\\\/me\\\/suocavanje-sa-prosloscu-se-nikad-ne-zavrsava\\\/\"]}]},{\"@type\":\"ImageObject\",\"inLanguage\":\"me-ME\",\"@id\":\"https:\\\/\\\/www.evropskakuca.me\\\/me\\\/suocavanje-sa-prosloscu-se-nikad-ne-zavrsava\\\/#primaryimage\",\"url\":\"http:\\\/\\\/www.evropskakuca.me\\\/wp-content\\\/uploads\\\/2019\\\/12\\\/euic-13-of-65-1024x683.jpg\",\"contentUrl\":\"http:\\\/\\\/www.evropskakuca.me\\\/wp-content\\\/uploads\\\/2019\\\/12\\\/euic-13-of-65-1024x683.jpg\"},{\"@type\":\"BreadcrumbList\",\"@id\":\"https:\\\/\\\/www.evropskakuca.me\\\/me\\\/suocavanje-sa-prosloscu-se-nikad-ne-zavrsava\\\/#breadcrumb\",\"itemListElement\":[{\"@type\":\"ListItem\",\"position\":1,\"name\":\"Home\",\"item\":\"https:\\\/\\\/www.evropskakuca.me\\\/me\\\/\"},{\"@type\":\"ListItem\",\"position\":2,\"name\":\"Suo\u010davanje sa pro\u0161lo\u0161\u0107u se nikad ne zavr\u0161ava\"}]},{\"@type\":\"WebSite\",\"@id\":\"https:\\\/\\\/www.evropskakuca.me\\\/me\\\/#website\",\"url\":\"https:\\\/\\\/www.evropskakuca.me\\\/me\\\/\",\"name\":\"Evropean house\",\"description\":\"\",\"publisher\":{\"@id\":\"https:\\\/\\\/www.evropskakuca.me\\\/me\\\/#organization\"},\"potentialAction\":[{\"@type\":\"SearchAction\",\"target\":{\"@type\":\"EntryPoint\",\"urlTemplate\":\"https:\\\/\\\/www.evropskakuca.me\\\/me\\\/?s={search_term_string}\"},\"query-input\":{\"@type\":\"PropertyValueSpecification\",\"valueRequired\":true,\"valueName\":\"search_term_string\"}}],\"inLanguage\":\"me-ME\"},{\"@type\":\"Organization\",\"@id\":\"https:\\\/\\\/www.evropskakuca.me\\\/me\\\/#organization\",\"name\":\"Evropean house\",\"url\":\"https:\\\/\\\/www.evropskakuca.me\\\/me\\\/\",\"logo\":{\"@type\":\"ImageObject\",\"inLanguage\":\"me-ME\",\"@id\":\"https:\\\/\\\/www.evropskakuca.me\\\/me\\\/#\\\/schema\\\/logo\\\/image\\\/\",\"url\":\"https:\\\/\\\/www.evropskakuca.me\\\/wp-content\\\/uploads\\\/2025\\\/01\\\/evropska-kuca-logo-1.png\",\"contentUrl\":\"https:\\\/\\\/www.evropskakuca.me\\\/wp-content\\\/uploads\\\/2025\\\/01\\\/evropska-kuca-logo-1.png\",\"width\":425,\"height\":312,\"caption\":\"Evropean house\"},\"image\":{\"@id\":\"https:\\\/\\\/www.evropskakuca.me\\\/me\\\/#\\\/schema\\\/logo\\\/image\\\/\"},\"sameAs\":[\"https:\\\/\\\/www.facebook.com\\\/evropska.kuca\",\"https:\\\/\\\/x.com\\\/evropska_kuca\",\"https:\\\/\\\/www.instagram.com\\\/evropska_kuca\"]},{\"@type\":\"Person\",\"@id\":\"https:\\\/\\\/www.evropskakuca.me\\\/me\\\/#\\\/schema\\\/person\\\/a1d0dcdaefe4a1cd1d60d200ea137ba4\",\"name\":\"mkajic\",\"image\":{\"@type\":\"ImageObject\",\"inLanguage\":\"me-ME\",\"@id\":\"https:\\\/\\\/secure.gravatar.com\\\/avatar\\\/731fa035cefab7316e6bafd1f25a93fb731a07de14e2d9923f8db4422628eabc?s=96&d=mm&r=g\",\"url\":\"https:\\\/\\\/secure.gravatar.com\\\/avatar\\\/731fa035cefab7316e6bafd1f25a93fb731a07de14e2d9923f8db4422628eabc?s=96&d=mm&r=g\",\"contentUrl\":\"https:\\\/\\\/secure.gravatar.com\\\/avatar\\\/731fa035cefab7316e6bafd1f25a93fb731a07de14e2d9923f8db4422628eabc?s=96&d=mm&r=g\",\"caption\":\"mkajic\"},\"sameAs\":[\"https:\\\/\\\/evropskakuca.me\"],\"url\":\"https:\\\/\\\/www.evropskakuca.me\\\/me\\\/author\\\/mkajic\\\/\"}]}<\/script>\n<!-- \/ Yoast SEO plugin. -->","yoast_head_json":{"title":"Suo\u010davanje sa pro\u0161lo\u0161\u0107u se nikad ne zavr\u0161ava - Europe House","robots":{"index":"index","follow":"follow","max-snippet":"max-snippet:-1","max-image-preview":"max-image-preview:large","max-video-preview":"max-video-preview:-1"},"canonical":"https:\/\/www.evropskakuca.me\/me\/suocavanje-sa-prosloscu-se-nikad-ne-zavrsava\/","og_locale":"en_US","og_type":"article","og_title":"Suo\u010davanje sa pro\u0161lo\u0161\u0107u se nikad ne zavr\u0161ava - Europe House","og_description":"Razvoj kulture sje\u0107anja","og_url":"https:\/\/www.evropskakuca.me\/me\/suocavanje-sa-prosloscu-se-nikad-ne-zavrsava\/","og_site_name":"Europe House","article_publisher":"https:\/\/www.facebook.com\/evropska.kuca","article_published_time":"2019-12-04T12:30:38+00:00","og_image":[{"url":"http:\/\/www.evropskakuca.me\/wp-content\/uploads\/2019\/12\/euic-13-of-65-1024x683.jpg","type":"","width":"","height":""}],"author":"mkajic","twitter_card":"summary_large_image","twitter_creator":"@evropska_kuca","twitter_site":"@evropska_kuca","twitter_misc":{"Written by":"mkajic","Est. reading time":"3 minutes"},"schema":{"@context":"https:\/\/schema.org","@graph":[{"@type":"Article","@id":"https:\/\/www.evropskakuca.me\/me\/suocavanje-sa-prosloscu-se-nikad-ne-zavrsava\/#article","isPartOf":{"@id":"https:\/\/www.evropskakuca.me\/me\/suocavanje-sa-prosloscu-se-nikad-ne-zavrsava\/"},"author":{"name":"mkajic","@id":"https:\/\/www.evropskakuca.me\/me\/#\/schema\/person\/a1d0dcdaefe4a1cd1d60d200ea137ba4"},"headline":"Suo\u010davanje sa pro\u0161lo\u0161\u0107u se nikad ne zavr\u0161ava","datePublished":"2019-12-04T12:30:38+00:00","mainEntityOfPage":{"@id":"https:\/\/www.evropskakuca.me\/me\/suocavanje-sa-prosloscu-se-nikad-ne-zavrsava\/"},"wordCount":608,"commentCount":0,"publisher":{"@id":"https:\/\/www.evropskakuca.me\/me\/#organization"},"image":{"@id":"https:\/\/www.evropskakuca.me\/me\/suocavanje-sa-prosloscu-se-nikad-ne-zavrsava\/#primaryimage"},"thumbnailUrl":"http:\/\/www.evropskakuca.me\/wp-content\/uploads\/2019\/12\/euic-13-of-65-1024x683.jpg","inLanguage":"me-ME","potentialAction":[{"@type":"CommentAction","name":"Comment","target":["https:\/\/www.evropskakuca.me\/me\/suocavanje-sa-prosloscu-se-nikad-ne-zavrsava\/#respond"]}]},{"@type":"WebPage","@id":"https:\/\/www.evropskakuca.me\/me\/suocavanje-sa-prosloscu-se-nikad-ne-zavrsava\/","url":"https:\/\/www.evropskakuca.me\/me\/suocavanje-sa-prosloscu-se-nikad-ne-zavrsava\/","name":"Suo\u010davanje sa pro\u0161lo\u0161\u0107u se nikad ne zavr\u0161ava - Europe House","isPartOf":{"@id":"https:\/\/www.evropskakuca.me\/me\/#website"},"primaryImageOfPage":{"@id":"https:\/\/www.evropskakuca.me\/me\/suocavanje-sa-prosloscu-se-nikad-ne-zavrsava\/#primaryimage"},"image":{"@id":"https:\/\/www.evropskakuca.me\/me\/suocavanje-sa-prosloscu-se-nikad-ne-zavrsava\/#primaryimage"},"thumbnailUrl":"http:\/\/www.evropskakuca.me\/wp-content\/uploads\/2019\/12\/euic-13-of-65-1024x683.jpg","datePublished":"2019-12-04T12:30:38+00:00","breadcrumb":{"@id":"https:\/\/www.evropskakuca.me\/me\/suocavanje-sa-prosloscu-se-nikad-ne-zavrsava\/#breadcrumb"},"inLanguage":"me-ME","potentialAction":[{"@type":"ReadAction","target":["https:\/\/www.evropskakuca.me\/me\/suocavanje-sa-prosloscu-se-nikad-ne-zavrsava\/"]}]},{"@type":"ImageObject","inLanguage":"me-ME","@id":"https:\/\/www.evropskakuca.me\/me\/suocavanje-sa-prosloscu-se-nikad-ne-zavrsava\/#primaryimage","url":"http:\/\/www.evropskakuca.me\/wp-content\/uploads\/2019\/12\/euic-13-of-65-1024x683.jpg","contentUrl":"http:\/\/www.evropskakuca.me\/wp-content\/uploads\/2019\/12\/euic-13-of-65-1024x683.jpg"},{"@type":"BreadcrumbList","@id":"https:\/\/www.evropskakuca.me\/me\/suocavanje-sa-prosloscu-se-nikad-ne-zavrsava\/#breadcrumb","itemListElement":[{"@type":"ListItem","position":1,"name":"Home","item":"https:\/\/www.evropskakuca.me\/me\/"},{"@type":"ListItem","position":2,"name":"Suo\u010davanje sa pro\u0161lo\u0161\u0107u se nikad ne zavr\u0161ava"}]},{"@type":"WebSite","@id":"https:\/\/www.evropskakuca.me\/me\/#website","url":"https:\/\/www.evropskakuca.me\/me\/","name":"Evropean house","description":"","publisher":{"@id":"https:\/\/www.evropskakuca.me\/me\/#organization"},"potentialAction":[{"@type":"SearchAction","target":{"@type":"EntryPoint","urlTemplate":"https:\/\/www.evropskakuca.me\/me\/?s={search_term_string}"},"query-input":{"@type":"PropertyValueSpecification","valueRequired":true,"valueName":"search_term_string"}}],"inLanguage":"me-ME"},{"@type":"Organization","@id":"https:\/\/www.evropskakuca.me\/me\/#organization","name":"Evropean house","url":"https:\/\/www.evropskakuca.me\/me\/","logo":{"@type":"ImageObject","inLanguage":"me-ME","@id":"https:\/\/www.evropskakuca.me\/me\/#\/schema\/logo\/image\/","url":"https:\/\/www.evropskakuca.me\/wp-content\/uploads\/2025\/01\/evropska-kuca-logo-1.png","contentUrl":"https:\/\/www.evropskakuca.me\/wp-content\/uploads\/2025\/01\/evropska-kuca-logo-1.png","width":425,"height":312,"caption":"Evropean house"},"image":{"@id":"https:\/\/www.evropskakuca.me\/me\/#\/schema\/logo\/image\/"},"sameAs":["https:\/\/www.facebook.com\/evropska.kuca","https:\/\/x.com\/evropska_kuca","https:\/\/www.instagram.com\/evropska_kuca"]},{"@type":"Person","@id":"https:\/\/www.evropskakuca.me\/me\/#\/schema\/person\/a1d0dcdaefe4a1cd1d60d200ea137ba4","name":"mkajic","image":{"@type":"ImageObject","inLanguage":"me-ME","@id":"https:\/\/secure.gravatar.com\/avatar\/731fa035cefab7316e6bafd1f25a93fb731a07de14e2d9923f8db4422628eabc?s=96&d=mm&r=g","url":"https:\/\/secure.gravatar.com\/avatar\/731fa035cefab7316e6bafd1f25a93fb731a07de14e2d9923f8db4422628eabc?s=96&d=mm&r=g","contentUrl":"https:\/\/secure.gravatar.com\/avatar\/731fa035cefab7316e6bafd1f25a93fb731a07de14e2d9923f8db4422628eabc?s=96&d=mm&r=g","caption":"mkajic"},"sameAs":["https:\/\/evropskakuca.me"],"url":"https:\/\/www.evropskakuca.me\/me\/author\/mkajic\/"}]}},"_links":{"self":[{"href":"https:\/\/www.evropskakuca.me\/me\/wp-json\/wp\/v2\/posts\/7565","targetHints":{"allow":["GET"]}}],"collection":[{"href":"https:\/\/www.evropskakuca.me\/me\/wp-json\/wp\/v2\/posts"}],"about":[{"href":"https:\/\/www.evropskakuca.me\/me\/wp-json\/wp\/v2\/types\/post"}],"author":[{"embeddable":true,"href":"https:\/\/www.evropskakuca.me\/me\/wp-json\/wp\/v2\/users\/1"}],"replies":[{"embeddable":true,"href":"https:\/\/www.evropskakuca.me\/me\/wp-json\/wp\/v2\/comments?post=7565"}],"version-history":[{"count":0,"href":"https:\/\/www.evropskakuca.me\/me\/wp-json\/wp\/v2\/posts\/7565\/revisions"}],"wp:attachment":[{"href":"https:\/\/www.evropskakuca.me\/me\/wp-json\/wp\/v2\/media?parent=7565"}],"wp:term":[{"taxonomy":"category","embeddable":true,"href":"https:\/\/www.evropskakuca.me\/me\/wp-json\/wp\/v2\/categories?post=7565"},{"taxonomy":"post_tag","embeddable":true,"href":"https:\/\/www.evropskakuca.me\/me\/wp-json\/wp\/v2\/tags?post=7565"}],"curies":[{"name":"wp","href":"https:\/\/api.w.org\/{rel}","templated":true}]}}