{"id":7550,"date":"2019-11-25T16:22:48","date_gmt":"2019-11-25T16:22:48","guid":{"rendered":"http:\/\/www.evropskakuca.me\/?p=7550"},"modified":"2019-11-25T16:22:48","modified_gmt":"2019-11-25T16:22:48","slug":"ociscena-plaza-u-igalu","status":"publish","type":"post","link":"https:\/\/www.evropskakuca.me\/me\/ociscena-plaza-u-igalu\/","title":{"rendered":"O\u010di\u0161\u0107ena pla\u017ea u Igalu"},"content":{"rendered":"<p>Topao novembarski dan bio je idealna prilika da se Milica Boca i volonteri iz organizacije \u201cNe bacajte boce\u201c okupe na pla\u017ei u Igalu. Iako sun\u010dan, dan nije bio pogodan za kupanje ali za \u010di\u0161\u0107enje pla\u017ee itekako jeste. Jesenje bure donijele su na igalsku pla\u017eu svakojako sme\u0107e, a Milica Boca i ekipa potrudili su se da sve sakupe.<\/p>\n<p>Uz u\u010de\u0161\u0107e radnika preduze\u0107a \u201c\u010cisto\u0107a\u201c i u\u010denika Srednje \u0161kole \u201cIvan Goran Kova\u010di\u0107\u201c, kao i osnovnih \u0161kola \u201cDa\u0161o Pavi\u010di\u0107\u201c i \u201cMilan Vukovi\u0107\u201c, Milica i dru\u0161tvo su subotnje popodne posvetili \u010di\u0161\u0107enju uz smijeh i zabavu.<\/p>\n<p>\u201cDan je savr\u0161en za provod u dru\u017eenju, i pri tom u\u010dini ne\u0161to korisno. \u010cekali smo da pro\u0111u ki\u0161ni dani, i sa prvim suncem odlu\u010dili da se okupimo. Navikli smo da na\u0161a dru\u017eenja prolaze ovako, uz rukavice i kese. \u0160to vi\u0161e kesa napunimo sme\u0107em manje ga ostane na pla\u017ei\u201c, ka\u017ee Milica Boca.<\/p>\n<p><img fetchpriority=\"high\" decoding=\"async\" class=\"alignnone size-large wp-image-7553\" src=\"http:\/\/www.evropskakuca.me\/wp-content\/uploads\/2019\/11\/igalo-31-1024x683.jpg\" alt=\"\" width=\"1024\" height=\"683\" \/><\/p>\n<p>Milica je jedno od lica kampanje \u201cBudi primjer. Uklju\u010di se!\u201c koju ovih jesenjih dana sprovode Delegacija Evropske unije u Crnoj Gori i EU info centar. Populari\u0161u se aktivnosti za ljep\u0161e i zdravije sjutra. Zdravi stilovi \u017eivota, odr\u017eivi razvoj, sa\u0111enje zelenila, recikla\u017ea, sakupljanje otpada&#8230; sve \u0161to mo\u017ee donijeti zajedni\u010dko dobro, \u0161to mo\u017ee poslu\u017eiti kao primjer koji treba slijediti.<\/p>\n<p>\u201cKampanja &#8216;Budi primjer. Uklju\u010di se!&#8217; je pokazala da su ljudi u Crnoj Gori itekako zainteresovani za \u017eivotnu sredinu, da su zainteresovani da budu prijatelji prirode i da imaju volje da mijenjaju sebe i svoje navike. Ova kampanja je tako\u0111e pokazala da su najmla\u0111i najbolji u ovome\u201c, poru\u010dili su iz EU Info Centra.<\/p>\n<p>Za Mili\u010dinim nesebi\u010dnom primjerom, sada ve\u0107 dugogodi\u0161njem, poveli su se i \u0111aci iz Herceg Novog. Njih tridesetak odlu\u010dilo se da se pridru\u017ee i dio svog vremena odvoje za zajedni\u010dko dobro. O\u010di\u0161\u0107ena pla\u017ea u Igalu bila je prava slika onoga \u0161to udru\u017eeni mo\u017eemo posti\u0107i.<\/p>\n<p><img decoding=\"async\" class=\"alignnone size-large wp-image-7555\" src=\"http:\/\/www.evropskakuca.me\/wp-content\/uploads\/2019\/11\/igalo-20-1024x683.jpg\" alt=\"\" width=\"1024\" height=\"683\" \/><\/p>\n<p>Milica je u cio poduhvat krenula sasvim sama. Kada je jednom odlu\u010dite da krenula, vi\u0161e ni\u0161ta nije moglo da je zaustavi. Ona je prvo o\u010distila sme\u0107e u svojoj ulici, u svom kvartu, na svojoj pla\u017ei. Pou\u010deni njenim primjerom, u pomo\u0107 je po\u010delo da joj priti\u010de sve vi\u0161e vr\u0161njaka i starijih entuzijasta. Mili\u010din san je da o\u010disti cijelu Crnu Goru, ali joj je na javi za to potrebna na\u0161a pomo\u0107.<\/p>\n<p>Profesor engleskog jezika iz jedne od hercegnovskih \u0161kola Ivan Mitrovski jedan je od onih koji sa svojim \u0111acima razgovara i mimo predmeta koji predaje, o temema vezanim za\u00a0 kampanju \u201cBudi primjer. Uklju\u010di se!\u201c. \u0110aci okupljeni na \u010di\u0161\u0107enju igalske pla\u017ee su i njegovi \u0111aci.<\/p>\n<p><img decoding=\"async\" class=\"alignnone size-large wp-image-7557\" src=\"http:\/\/www.evropskakuca.me\/wp-content\/uploads\/2019\/11\/igalo-38-1024x683.jpg\" alt=\"\" width=\"1024\" height=\"683\" \/><\/p>\n<p>\u201cLijepo je kada Vam posao predava\u010da mo\u017ee biti izgovor da sa mladim ljudima razgovarate i o \u017eivotnim temama. A ovo su \u017eivotne teme koje njih interesuju i o kojima razmi\u0161ljaju na pravi na\u010din. I to \u0161to su sa nama ovdje dovoljno pokazuje da postoji nada da se Mili\u010din san ostvari\u201c, ka\u017ee Mitrovski.<\/p>\n<p>Milica je ovoga puta sa ekipom o\u010distila igalsku pla\u017eu. Mo\u017eda \u0107e slede\u0107i put njena ekipa do\u0107i da \u010disti blizu Vas. Tada ne\u0107ete imati prostora za izgovor. Sve dok Milica ne ispuni svoj san &#8211; da o\u010distimo cijelu Crnu Goru.<\/p>\n","protected":false},"excerpt":{"rendered":"<p>U sklopu kampanje \u201cBudi primjer. Uklju\u010di se!\u201c<\/p>\n","protected":false},"author":1,"featured_media":34787,"comment_status":"open","ping_status":"open","sticky":false,"template":"","format":"standard","meta":{"_acf_changed":false,"footnotes":""},"categories":[1],"tags":[],"class_list":["post-7550","post","type-post","status-publish","format-standard","has-post-thumbnail","hentry","category-uncategorized"],"acf":[],"yoast_head":"<!-- This site is optimized with the Yoast SEO plugin v27.3 - https:\/\/yoast.com\/product\/yoast-seo-wordpress\/ -->\n<title>O\u010di\u0161\u0107ena pla\u017ea u Igalu - Europe House<\/title>\n<meta name=\"robots\" content=\"index, follow, max-snippet:-1, max-image-preview:large, max-video-preview:-1\" \/>\n<link rel=\"canonical\" href=\"https:\/\/www.evropskakuca.me\/me\/ociscena-plaza-u-igalu\/\" \/>\n<meta property=\"og:locale\" content=\"en_US\" \/>\n<meta property=\"og:type\" content=\"article\" \/>\n<meta property=\"og:title\" content=\"O\u010di\u0161\u0107ena pla\u017ea u Igalu - Europe House\" \/>\n<meta property=\"og:description\" content=\"U sklopu kampanje \u201cBudi primjer. Uklju\u010di se!\u201c\" \/>\n<meta property=\"og:url\" content=\"https:\/\/www.evropskakuca.me\/me\/ociscena-plaza-u-igalu\/\" \/>\n<meta property=\"og:site_name\" content=\"Europe House\" \/>\n<meta property=\"article:publisher\" content=\"https:\/\/www.facebook.com\/evropska.kuca\" \/>\n<meta property=\"article:published_time\" content=\"2019-11-25T16:22:48+00:00\" \/>\n<meta property=\"og:image\" content=\"https:\/\/www.evropskakuca.me\/wp-content\/uploads\/2019\/11\/igalo-11-scaled.jpg\" \/>\n\t<meta property=\"og:image:width\" content=\"2560\" \/>\n\t<meta property=\"og:image:height\" content=\"1707\" \/>\n\t<meta property=\"og:image:type\" content=\"image\/jpeg\" \/>\n<meta name=\"author\" content=\"mkajic\" \/>\n<meta name=\"twitter:card\" content=\"summary_large_image\" \/>\n<meta name=\"twitter:creator\" content=\"@evropska_kuca\" \/>\n<meta name=\"twitter:site\" content=\"@evropska_kuca\" \/>\n<meta name=\"twitter:label1\" content=\"Written by\" \/>\n\t<meta name=\"twitter:data1\" content=\"mkajic\" \/>\n\t<meta name=\"twitter:label2\" content=\"Est. reading time\" \/>\n\t<meta name=\"twitter:data2\" content=\"3 minutes\" \/>\n<script type=\"application\/ld+json\" class=\"yoast-schema-graph\">{\"@context\":\"https:\\\/\\\/schema.org\",\"@graph\":[{\"@type\":\"Article\",\"@id\":\"https:\\\/\\\/www.evropskakuca.me\\\/me\\\/ociscena-plaza-u-igalu\\\/#article\",\"isPartOf\":{\"@id\":\"https:\\\/\\\/www.evropskakuca.me\\\/me\\\/ociscena-plaza-u-igalu\\\/\"},\"author\":{\"name\":\"mkajic\",\"@id\":\"https:\\\/\\\/www.evropskakuca.me\\\/me\\\/#\\\/schema\\\/person\\\/a1d0dcdaefe4a1cd1d60d200ea137ba4\"},\"headline\":\"O\u010di\u0161\u0107ena pla\u017ea u Igalu\",\"datePublished\":\"2019-11-25T16:22:48+00:00\",\"mainEntityOfPage\":{\"@id\":\"https:\\\/\\\/www.evropskakuca.me\\\/me\\\/ociscena-plaza-u-igalu\\\/\"},\"wordCount\":588,\"commentCount\":0,\"publisher\":{\"@id\":\"https:\\\/\\\/www.evropskakuca.me\\\/me\\\/#organization\"},\"image\":{\"@id\":\"https:\\\/\\\/www.evropskakuca.me\\\/me\\\/ociscena-plaza-u-igalu\\\/#primaryimage\"},\"thumbnailUrl\":\"https:\\\/\\\/www.evropskakuca.me\\\/wp-content\\\/uploads\\\/2019\\\/11\\\/igalo-11-scaled.jpg\",\"inLanguage\":\"me-ME\",\"potentialAction\":[{\"@type\":\"CommentAction\",\"name\":\"Comment\",\"target\":[\"https:\\\/\\\/www.evropskakuca.me\\\/me\\\/ociscena-plaza-u-igalu\\\/#respond\"]}]},{\"@type\":\"WebPage\",\"@id\":\"https:\\\/\\\/www.evropskakuca.me\\\/me\\\/ociscena-plaza-u-igalu\\\/\",\"url\":\"https:\\\/\\\/www.evropskakuca.me\\\/me\\\/ociscena-plaza-u-igalu\\\/\",\"name\":\"O\u010di\u0161\u0107ena pla\u017ea u Igalu - Europe House\",\"isPartOf\":{\"@id\":\"https:\\\/\\\/www.evropskakuca.me\\\/me\\\/#website\"},\"primaryImageOfPage\":{\"@id\":\"https:\\\/\\\/www.evropskakuca.me\\\/me\\\/ociscena-plaza-u-igalu\\\/#primaryimage\"},\"image\":{\"@id\":\"https:\\\/\\\/www.evropskakuca.me\\\/me\\\/ociscena-plaza-u-igalu\\\/#primaryimage\"},\"thumbnailUrl\":\"https:\\\/\\\/www.evropskakuca.me\\\/wp-content\\\/uploads\\\/2019\\\/11\\\/igalo-11-scaled.jpg\",\"datePublished\":\"2019-11-25T16:22:48+00:00\",\"breadcrumb\":{\"@id\":\"https:\\\/\\\/www.evropskakuca.me\\\/me\\\/ociscena-plaza-u-igalu\\\/#breadcrumb\"},\"inLanguage\":\"me-ME\",\"potentialAction\":[{\"@type\":\"ReadAction\",\"target\":[\"https:\\\/\\\/www.evropskakuca.me\\\/me\\\/ociscena-plaza-u-igalu\\\/\"]}]},{\"@type\":\"ImageObject\",\"inLanguage\":\"me-ME\",\"@id\":\"https:\\\/\\\/www.evropskakuca.me\\\/me\\\/ociscena-plaza-u-igalu\\\/#primaryimage\",\"url\":\"https:\\\/\\\/www.evropskakuca.me\\\/wp-content\\\/uploads\\\/2019\\\/11\\\/igalo-11-scaled.jpg\",\"contentUrl\":\"https:\\\/\\\/www.evropskakuca.me\\\/wp-content\\\/uploads\\\/2019\\\/11\\\/igalo-11-scaled.jpg\",\"width\":2560,\"height\":1707},{\"@type\":\"BreadcrumbList\",\"@id\":\"https:\\\/\\\/www.evropskakuca.me\\\/me\\\/ociscena-plaza-u-igalu\\\/#breadcrumb\",\"itemListElement\":[{\"@type\":\"ListItem\",\"position\":1,\"name\":\"Home\",\"item\":\"https:\\\/\\\/www.evropskakuca.me\\\/me\\\/\"},{\"@type\":\"ListItem\",\"position\":2,\"name\":\"O\u010di\u0161\u0107ena pla\u017ea u Igalu\"}]},{\"@type\":\"WebSite\",\"@id\":\"https:\\\/\\\/www.evropskakuca.me\\\/me\\\/#website\",\"url\":\"https:\\\/\\\/www.evropskakuca.me\\\/me\\\/\",\"name\":\"Evropean house\",\"description\":\"\",\"publisher\":{\"@id\":\"https:\\\/\\\/www.evropskakuca.me\\\/me\\\/#organization\"},\"potentialAction\":[{\"@type\":\"SearchAction\",\"target\":{\"@type\":\"EntryPoint\",\"urlTemplate\":\"https:\\\/\\\/www.evropskakuca.me\\\/me\\\/?s={search_term_string}\"},\"query-input\":{\"@type\":\"PropertyValueSpecification\",\"valueRequired\":true,\"valueName\":\"search_term_string\"}}],\"inLanguage\":\"me-ME\"},{\"@type\":\"Organization\",\"@id\":\"https:\\\/\\\/www.evropskakuca.me\\\/me\\\/#organization\",\"name\":\"Evropean house\",\"url\":\"https:\\\/\\\/www.evropskakuca.me\\\/me\\\/\",\"logo\":{\"@type\":\"ImageObject\",\"inLanguage\":\"me-ME\",\"@id\":\"https:\\\/\\\/www.evropskakuca.me\\\/me\\\/#\\\/schema\\\/logo\\\/image\\\/\",\"url\":\"https:\\\/\\\/www.evropskakuca.me\\\/wp-content\\\/uploads\\\/2025\\\/01\\\/evropska-kuca-logo-1.png\",\"contentUrl\":\"https:\\\/\\\/www.evropskakuca.me\\\/wp-content\\\/uploads\\\/2025\\\/01\\\/evropska-kuca-logo-1.png\",\"width\":425,\"height\":312,\"caption\":\"Evropean house\"},\"image\":{\"@id\":\"https:\\\/\\\/www.evropskakuca.me\\\/me\\\/#\\\/schema\\\/logo\\\/image\\\/\"},\"sameAs\":[\"https:\\\/\\\/www.facebook.com\\\/evropska.kuca\",\"https:\\\/\\\/x.com\\\/evropska_kuca\",\"https:\\\/\\\/www.instagram.com\\\/evropska_kuca\"]},{\"@type\":\"Person\",\"@id\":\"https:\\\/\\\/www.evropskakuca.me\\\/me\\\/#\\\/schema\\\/person\\\/a1d0dcdaefe4a1cd1d60d200ea137ba4\",\"name\":\"mkajic\",\"image\":{\"@type\":\"ImageObject\",\"inLanguage\":\"me-ME\",\"@id\":\"https:\\\/\\\/secure.gravatar.com\\\/avatar\\\/731fa035cefab7316e6bafd1f25a93fb731a07de14e2d9923f8db4422628eabc?s=96&d=mm&r=g\",\"url\":\"https:\\\/\\\/secure.gravatar.com\\\/avatar\\\/731fa035cefab7316e6bafd1f25a93fb731a07de14e2d9923f8db4422628eabc?s=96&d=mm&r=g\",\"contentUrl\":\"https:\\\/\\\/secure.gravatar.com\\\/avatar\\\/731fa035cefab7316e6bafd1f25a93fb731a07de14e2d9923f8db4422628eabc?s=96&d=mm&r=g\",\"caption\":\"mkajic\"},\"sameAs\":[\"https:\\\/\\\/evropskakuca.me\"],\"url\":\"https:\\\/\\\/www.evropskakuca.me\\\/me\\\/author\\\/mkajic\\\/\"}]}<\/script>\n<!-- \/ Yoast SEO plugin. -->","yoast_head_json":{"title":"O\u010di\u0161\u0107ena pla\u017ea u Igalu - Europe House","robots":{"index":"index","follow":"follow","max-snippet":"max-snippet:-1","max-image-preview":"max-image-preview:large","max-video-preview":"max-video-preview:-1"},"canonical":"https:\/\/www.evropskakuca.me\/me\/ociscena-plaza-u-igalu\/","og_locale":"en_US","og_type":"article","og_title":"O\u010di\u0161\u0107ena pla\u017ea u Igalu - Europe House","og_description":"U sklopu kampanje \u201cBudi primjer. Uklju\u010di se!\u201c","og_url":"https:\/\/www.evropskakuca.me\/me\/ociscena-plaza-u-igalu\/","og_site_name":"Europe House","article_publisher":"https:\/\/www.facebook.com\/evropska.kuca","article_published_time":"2019-11-25T16:22:48+00:00","og_image":[{"width":2560,"height":1707,"url":"https:\/\/www.evropskakuca.me\/wp-content\/uploads\/2019\/11\/igalo-11-scaled.jpg","type":"image\/jpeg"}],"author":"mkajic","twitter_card":"summary_large_image","twitter_creator":"@evropska_kuca","twitter_site":"@evropska_kuca","twitter_misc":{"Written by":"mkajic","Est. reading time":"3 minutes"},"schema":{"@context":"https:\/\/schema.org","@graph":[{"@type":"Article","@id":"https:\/\/www.evropskakuca.me\/me\/ociscena-plaza-u-igalu\/#article","isPartOf":{"@id":"https:\/\/www.evropskakuca.me\/me\/ociscena-plaza-u-igalu\/"},"author":{"name":"mkajic","@id":"https:\/\/www.evropskakuca.me\/me\/#\/schema\/person\/a1d0dcdaefe4a1cd1d60d200ea137ba4"},"headline":"O\u010di\u0161\u0107ena pla\u017ea u Igalu","datePublished":"2019-11-25T16:22:48+00:00","mainEntityOfPage":{"@id":"https:\/\/www.evropskakuca.me\/me\/ociscena-plaza-u-igalu\/"},"wordCount":588,"commentCount":0,"publisher":{"@id":"https:\/\/www.evropskakuca.me\/me\/#organization"},"image":{"@id":"https:\/\/www.evropskakuca.me\/me\/ociscena-plaza-u-igalu\/#primaryimage"},"thumbnailUrl":"https:\/\/www.evropskakuca.me\/wp-content\/uploads\/2019\/11\/igalo-11-scaled.jpg","inLanguage":"me-ME","potentialAction":[{"@type":"CommentAction","name":"Comment","target":["https:\/\/www.evropskakuca.me\/me\/ociscena-plaza-u-igalu\/#respond"]}]},{"@type":"WebPage","@id":"https:\/\/www.evropskakuca.me\/me\/ociscena-plaza-u-igalu\/","url":"https:\/\/www.evropskakuca.me\/me\/ociscena-plaza-u-igalu\/","name":"O\u010di\u0161\u0107ena pla\u017ea u Igalu - Europe House","isPartOf":{"@id":"https:\/\/www.evropskakuca.me\/me\/#website"},"primaryImageOfPage":{"@id":"https:\/\/www.evropskakuca.me\/me\/ociscena-plaza-u-igalu\/#primaryimage"},"image":{"@id":"https:\/\/www.evropskakuca.me\/me\/ociscena-plaza-u-igalu\/#primaryimage"},"thumbnailUrl":"https:\/\/www.evropskakuca.me\/wp-content\/uploads\/2019\/11\/igalo-11-scaled.jpg","datePublished":"2019-11-25T16:22:48+00:00","breadcrumb":{"@id":"https:\/\/www.evropskakuca.me\/me\/ociscena-plaza-u-igalu\/#breadcrumb"},"inLanguage":"me-ME","potentialAction":[{"@type":"ReadAction","target":["https:\/\/www.evropskakuca.me\/me\/ociscena-plaza-u-igalu\/"]}]},{"@type":"ImageObject","inLanguage":"me-ME","@id":"https:\/\/www.evropskakuca.me\/me\/ociscena-plaza-u-igalu\/#primaryimage","url":"https:\/\/www.evropskakuca.me\/wp-content\/uploads\/2019\/11\/igalo-11-scaled.jpg","contentUrl":"https:\/\/www.evropskakuca.me\/wp-content\/uploads\/2019\/11\/igalo-11-scaled.jpg","width":2560,"height":1707},{"@type":"BreadcrumbList","@id":"https:\/\/www.evropskakuca.me\/me\/ociscena-plaza-u-igalu\/#breadcrumb","itemListElement":[{"@type":"ListItem","position":1,"name":"Home","item":"https:\/\/www.evropskakuca.me\/me\/"},{"@type":"ListItem","position":2,"name":"O\u010di\u0161\u0107ena pla\u017ea u Igalu"}]},{"@type":"WebSite","@id":"https:\/\/www.evropskakuca.me\/me\/#website","url":"https:\/\/www.evropskakuca.me\/me\/","name":"Evropean house","description":"","publisher":{"@id":"https:\/\/www.evropskakuca.me\/me\/#organization"},"potentialAction":[{"@type":"SearchAction","target":{"@type":"EntryPoint","urlTemplate":"https:\/\/www.evropskakuca.me\/me\/?s={search_term_string}"},"query-input":{"@type":"PropertyValueSpecification","valueRequired":true,"valueName":"search_term_string"}}],"inLanguage":"me-ME"},{"@type":"Organization","@id":"https:\/\/www.evropskakuca.me\/me\/#organization","name":"Evropean house","url":"https:\/\/www.evropskakuca.me\/me\/","logo":{"@type":"ImageObject","inLanguage":"me-ME","@id":"https:\/\/www.evropskakuca.me\/me\/#\/schema\/logo\/image\/","url":"https:\/\/www.evropskakuca.me\/wp-content\/uploads\/2025\/01\/evropska-kuca-logo-1.png","contentUrl":"https:\/\/www.evropskakuca.me\/wp-content\/uploads\/2025\/01\/evropska-kuca-logo-1.png","width":425,"height":312,"caption":"Evropean house"},"image":{"@id":"https:\/\/www.evropskakuca.me\/me\/#\/schema\/logo\/image\/"},"sameAs":["https:\/\/www.facebook.com\/evropska.kuca","https:\/\/x.com\/evropska_kuca","https:\/\/www.instagram.com\/evropska_kuca"]},{"@type":"Person","@id":"https:\/\/www.evropskakuca.me\/me\/#\/schema\/person\/a1d0dcdaefe4a1cd1d60d200ea137ba4","name":"mkajic","image":{"@type":"ImageObject","inLanguage":"me-ME","@id":"https:\/\/secure.gravatar.com\/avatar\/731fa035cefab7316e6bafd1f25a93fb731a07de14e2d9923f8db4422628eabc?s=96&d=mm&r=g","url":"https:\/\/secure.gravatar.com\/avatar\/731fa035cefab7316e6bafd1f25a93fb731a07de14e2d9923f8db4422628eabc?s=96&d=mm&r=g","contentUrl":"https:\/\/secure.gravatar.com\/avatar\/731fa035cefab7316e6bafd1f25a93fb731a07de14e2d9923f8db4422628eabc?s=96&d=mm&r=g","caption":"mkajic"},"sameAs":["https:\/\/evropskakuca.me"],"url":"https:\/\/www.evropskakuca.me\/me\/author\/mkajic\/"}]}},"_links":{"self":[{"href":"https:\/\/www.evropskakuca.me\/me\/wp-json\/wp\/v2\/posts\/7550","targetHints":{"allow":["GET"]}}],"collection":[{"href":"https:\/\/www.evropskakuca.me\/me\/wp-json\/wp\/v2\/posts"}],"about":[{"href":"https:\/\/www.evropskakuca.me\/me\/wp-json\/wp\/v2\/types\/post"}],"author":[{"embeddable":true,"href":"https:\/\/www.evropskakuca.me\/me\/wp-json\/wp\/v2\/users\/1"}],"replies":[{"embeddable":true,"href":"https:\/\/www.evropskakuca.me\/me\/wp-json\/wp\/v2\/comments?post=7550"}],"version-history":[{"count":0,"href":"https:\/\/www.evropskakuca.me\/me\/wp-json\/wp\/v2\/posts\/7550\/revisions"}],"wp:featuredmedia":[{"embeddable":true,"href":"https:\/\/www.evropskakuca.me\/me\/wp-json\/wp\/v2\/media\/34787"}],"wp:attachment":[{"href":"https:\/\/www.evropskakuca.me\/me\/wp-json\/wp\/v2\/media?parent=7550"}],"wp:term":[{"taxonomy":"category","embeddable":true,"href":"https:\/\/www.evropskakuca.me\/me\/wp-json\/wp\/v2\/categories?post=7550"},{"taxonomy":"post_tag","embeddable":true,"href":"https:\/\/www.evropskakuca.me\/me\/wp-json\/wp\/v2\/tags?post=7550"}],"curies":[{"name":"wp","href":"https:\/\/api.w.org\/{rel}","templated":true}]}}