{"id":7516,"date":"2019-11-12T14:07:39","date_gmt":"2019-11-12T14:07:39","guid":{"rendered":"http:\/\/www.evropskakuca.me\/?p=7516"},"modified":"2019-11-12T14:07:39","modified_gmt":"2019-11-12T14:07:39","slug":"zavrsen-jubilarni-peti-evropski-filmski-festival","status":"publish","type":"post","link":"https:\/\/www.evropskakuca.me\/me\/zavrsen-jubilarni-peti-evropski-filmski-festival\/","title":{"rendered":"Zavr\u0161en jubilarni peti Evropski filmski festival"},"content":{"rendered":"<p>Peti, jubilarni Evropski filmski festival koji su Delegacija Evropske unije i EU info centar ove godine organizovali u osam crnogorskih gradova, zavr\u0161en je 25. oktobra. Tokom gotovo dva mjeseca, festival je u Podgorici, Ulcinju, Kotoru, Petrovcu, Bijelom Polju, Nik\u0161i\u0107u, Petnjici i Mojkovcu posjetilo oko 1 700 ljudi. U svakom gradu je tokom pet dana prikazano po deset evropskih filmova, a posebne ve\u010deri su bile posve\u0107ene crnogorskom filmu..<\/p>\n<p><img fetchpriority=\"high\" decoding=\"async\" class=\"alignnone size-large wp-image-7519\" src=\"http:\/\/www.evropskakuca.me\/wp-content\/uploads\/2019\/11\/cg-film-52-1024x683.jpg\" alt=\"\" width=\"1024\" height=\"683\" \/><\/p>\n<p>Uz filmove, prire\u0111eno je i nekoliko tematskih doga\u0111aja: panel diskusija sa filmskim stvaraocima i kriti\u010darima na temu \u201eCrnogorski film nekad i sad\u201c u Podgorici, kao i informativno predstavljanje Evropske unije na otvaranju festivala u Nik\u0161i\u0107u i na \u017dabljaku. U ovom popularnom turisti\u010dkom mjestu na sjeveru Crne Gore je Evropski filmski festival prvi put imao svoje ljetnje izdanje, , u saradnji sa \u017eablja\u010dkom Turisti\u010dkom organizacijom.<\/p>\n<p><img decoding=\"async\" class=\"alignnone size-large wp-image-7071\" src=\"http:\/\/www.evropskakuca.me\/wp-content\/uploads\/2019\/07\/zabljak-slagalica-1024x683.jpg\" alt=\"\" width=\"1024\" height=\"683\" \/><\/p>\n<p>\u201eTokom dva jesenja mjeseca, petu godinu zaredom, Evropski filmski festival je obi\u0161ao osam crnogorskih gradova i nai\u0161ao je na veliku znati\u017eelju na\u0161ih gra\u0111ana. Mi kao organizatori trudimo sa da crnogorskoj publici svake godine predstavimo filmove koji \u0107e ih zaintrigirati i pribli\u017eiti kulturnoj i jezi\u010dkoj razli\u010ditosti koju predstavlja Evropa, i nastavi\u0107emo s tim i narednih godina\u201c, saop\u0161teno je iz EU info centra povodom zavr\u0161etka festivala.<\/p>\n<p><img decoding=\"async\" class=\"alignnone size-large wp-image-7521\" src=\"http:\/\/www.evropskakuca.me\/wp-content\/uploads\/2019\/11\/eu_film-45-1024x683.jpg\" alt=\"\" width=\"1024\" height=\"683\" \/><\/p>\n<p>U selekciji za ovogodi\u0161nje izdanje festivala na\u0161li su se filmovi savremene evropske kinematografije nagra\u0111ivani na brojnim filmskim smotrama, ve\u0107inom snimani u koprodukciji evropskih zemalja, uz zna\u010dajnu finansijsku podr\u0161ku Evropske unije.<\/p>\n<p>Posjetioci su imali priliku da gledaju belgijsko-holandsku komediju\/dramu \u201eBelgijski kralj\u201c, francusku dramu \u201eKrvavo mlijeko\u201c, portugalsko-francusko-brazilsku koprodukciju \u201eDijamantino\u201c, \u010de\u0161ko ostvarenje \u201eZimske mu\u0161ice\u201c, ma\u0111arski film \u201eOut\u201c, kao i tri dokumentarna filma \u201eTi\u0161ina drugih\u201c, \u201eStranac u raju\u201c i \u201eDaleki lave\u017e pasa\u201c. Crnogorska ostvarenja na repertoaru su bila \u201eIgla ispod praga\u201d mladog reditelja Ivana Marinovi\u0107a i film \u201eMu\u0161karci\u201c, koji je 1963. godine re\u017eirao crnogorski reditelj Milorad Milo \u0110ukanovi\u0107. Zbog velikog interesovanja u\u010denika udaljene Osnovne \u0161kole \u201eTucanje\u201c, u Petnjici je za \u201eIglu ispod praga\u201c organizovana posebna jutarnja projekcija.<\/p>\n<p><img loading=\"lazy\" decoding=\"async\" class=\"alignnone size-large wp-image-7525\" src=\"http:\/\/www.evropskakuca.me\/wp-content\/uploads\/2019\/11\/cg-film-81-1024x683.jpg\" alt=\"\" width=\"1024\" height=\"683\" \/><\/p>\n<p>\u201e&#8217;Evropski filmski festival donosi ne\u0161to novo i posebno, jer predstavlja rijetku priliku da se pogledaju filmovi iz razli\u010ditih krajeva Evrope, sa specifi\u010dnim kulturnim obilje\u017ejima i temama&#8217;, bio je jedan od komentara posjetilaca ove zna\u010dajne kulturne manifestacije koja gra\u0111anima \u0161irom Crne Gore omogu\u0107ava da gledaju vrhunske filmove evropske kinematografije\u201c, navela je Ferida Mandi\u0107, PR &amp; event menad\u017eerka EU info centra.<\/p>\n<p><img loading=\"lazy\" decoding=\"async\" class=\"alignnone size-large wp-image-7529\" src=\"http:\/\/www.evropskakuca.me\/wp-content\/uploads\/2019\/11\/eu-film-nk-94-002-1024x683.jpg\" alt=\"\" width=\"1024\" height=\"683\" \/><\/p>\n<p>Festival je organizovan u saradnji sa brojnim partnerima, kao \u0161to su Glavni grad Podgorica, Turisti\u010dka organizacija Kotor i Kino Boka, JU \u201eMuzeji i galerije Budve\u201c, Spomen dom \u201eCrvena komuna\u201c Petrovac, bjelopoljski Centar za kulturu \u201eVojislav Bulatovi\u0107 Strunjo\u201c, Nik\u0161i\u0107ko pozori\u0161te, centri za kulturu u Petnjici i \u201eNenand Rako\u010devi\u0107\u201c u Mojkovcu, kao i SEANEMA film festival u Ulcinju.<\/p>\n<p>Peti Evropski filmski festival u Petrovcu, uz Fe\u0161tu od smokava, u\u0161ao je u program evropske manifestacije Dani evropske ba\u0161tine, koju je pod sloganom \u201eKultura i zabava\u201c organizovala JU Muzeji i galerije Budve u okviru Septembarskih dana kulture.<\/p>\n","protected":false},"excerpt":{"rendered":"<p>Smotru evropske kinematografije u osam crnogorskih gradova posjetilo oko 1 700 ljudi<\/p>\n","protected":false},"author":1,"featured_media":34785,"comment_status":"open","ping_status":"open","sticky":false,"template":"","format":"standard","meta":{"_acf_changed":false,"footnotes":""},"categories":[1],"tags":[],"class_list":["post-7516","post","type-post","status-publish","format-standard","has-post-thumbnail","hentry","category-uncategorized"],"acf":[],"yoast_head":"<!-- This site is optimized with the Yoast SEO plugin v27.3 - https:\/\/yoast.com\/product\/yoast-seo-wordpress\/ -->\n<title>Zavr\u0161en jubilarni peti Evropski filmski festival - Europe House<\/title>\n<meta name=\"robots\" content=\"index, follow, max-snippet:-1, max-image-preview:large, max-video-preview:-1\" \/>\n<link rel=\"canonical\" href=\"https:\/\/www.evropskakuca.me\/me\/zavrsen-jubilarni-peti-evropski-filmski-festival\/\" \/>\n<meta property=\"og:locale\" content=\"en_US\" \/>\n<meta property=\"og:type\" content=\"article\" \/>\n<meta property=\"og:title\" content=\"Zavr\u0161en jubilarni peti Evropski filmski festival - Europe House\" \/>\n<meta property=\"og:description\" content=\"Smotru evropske kinematografije u osam crnogorskih gradova posjetilo oko 1 700 ljudi\" \/>\n<meta property=\"og:url\" content=\"https:\/\/www.evropskakuca.me\/me\/zavrsen-jubilarni-peti-evropski-filmski-festival\/\" \/>\n<meta property=\"og:site_name\" content=\"Europe House\" \/>\n<meta property=\"article:publisher\" content=\"https:\/\/www.facebook.com\/evropska.kuca\" \/>\n<meta property=\"article:published_time\" content=\"2019-11-12T14:07:39+00:00\" \/>\n<meta property=\"og:image\" content=\"https:\/\/www.evropskakuca.me\/wp-content\/uploads\/2019\/11\/eu_film-51-scaled.jpg\" \/>\n\t<meta property=\"og:image:width\" content=\"2560\" \/>\n\t<meta property=\"og:image:height\" content=\"1707\" \/>\n\t<meta property=\"og:image:type\" content=\"image\/jpeg\" \/>\n<meta name=\"author\" content=\"mkajic\" \/>\n<meta name=\"twitter:card\" content=\"summary_large_image\" \/>\n<meta name=\"twitter:creator\" content=\"@evropska_kuca\" \/>\n<meta name=\"twitter:site\" content=\"@evropska_kuca\" \/>\n<meta name=\"twitter:label1\" content=\"Written by\" \/>\n\t<meta name=\"twitter:data1\" content=\"mkajic\" \/>\n\t<meta name=\"twitter:label2\" content=\"Est. reading time\" \/>\n\t<meta name=\"twitter:data2\" content=\"3 minutes\" \/>\n<script type=\"application\/ld+json\" class=\"yoast-schema-graph\">{\"@context\":\"https:\\\/\\\/schema.org\",\"@graph\":[{\"@type\":\"Article\",\"@id\":\"https:\\\/\\\/www.evropskakuca.me\\\/me\\\/zavrsen-jubilarni-peti-evropski-filmski-festival\\\/#article\",\"isPartOf\":{\"@id\":\"https:\\\/\\\/www.evropskakuca.me\\\/me\\\/zavrsen-jubilarni-peti-evropski-filmski-festival\\\/\"},\"author\":{\"name\":\"mkajic\",\"@id\":\"https:\\\/\\\/www.evropskakuca.me\\\/me\\\/#\\\/schema\\\/person\\\/a1d0dcdaefe4a1cd1d60d200ea137ba4\"},\"headline\":\"Zavr\u0161en jubilarni peti Evropski filmski festival\",\"datePublished\":\"2019-11-12T14:07:39+00:00\",\"mainEntityOfPage\":{\"@id\":\"https:\\\/\\\/www.evropskakuca.me\\\/me\\\/zavrsen-jubilarni-peti-evropski-filmski-festival\\\/\"},\"wordCount\":517,\"commentCount\":0,\"publisher\":{\"@id\":\"https:\\\/\\\/www.evropskakuca.me\\\/me\\\/#organization\"},\"image\":{\"@id\":\"https:\\\/\\\/www.evropskakuca.me\\\/me\\\/zavrsen-jubilarni-peti-evropski-filmski-festival\\\/#primaryimage\"},\"thumbnailUrl\":\"https:\\\/\\\/www.evropskakuca.me\\\/wp-content\\\/uploads\\\/2019\\\/11\\\/eu_film-51-scaled.jpg\",\"inLanguage\":\"me-ME\",\"potentialAction\":[{\"@type\":\"CommentAction\",\"name\":\"Comment\",\"target\":[\"https:\\\/\\\/www.evropskakuca.me\\\/me\\\/zavrsen-jubilarni-peti-evropski-filmski-festival\\\/#respond\"]}]},{\"@type\":\"WebPage\",\"@id\":\"https:\\\/\\\/www.evropskakuca.me\\\/me\\\/zavrsen-jubilarni-peti-evropski-filmski-festival\\\/\",\"url\":\"https:\\\/\\\/www.evropskakuca.me\\\/me\\\/zavrsen-jubilarni-peti-evropski-filmski-festival\\\/\",\"name\":\"Zavr\u0161en jubilarni peti Evropski filmski festival - Europe House\",\"isPartOf\":{\"@id\":\"https:\\\/\\\/www.evropskakuca.me\\\/me\\\/#website\"},\"primaryImageOfPage\":{\"@id\":\"https:\\\/\\\/www.evropskakuca.me\\\/me\\\/zavrsen-jubilarni-peti-evropski-filmski-festival\\\/#primaryimage\"},\"image\":{\"@id\":\"https:\\\/\\\/www.evropskakuca.me\\\/me\\\/zavrsen-jubilarni-peti-evropski-filmski-festival\\\/#primaryimage\"},\"thumbnailUrl\":\"https:\\\/\\\/www.evropskakuca.me\\\/wp-content\\\/uploads\\\/2019\\\/11\\\/eu_film-51-scaled.jpg\",\"datePublished\":\"2019-11-12T14:07:39+00:00\",\"breadcrumb\":{\"@id\":\"https:\\\/\\\/www.evropskakuca.me\\\/me\\\/zavrsen-jubilarni-peti-evropski-filmski-festival\\\/#breadcrumb\"},\"inLanguage\":\"me-ME\",\"potentialAction\":[{\"@type\":\"ReadAction\",\"target\":[\"https:\\\/\\\/www.evropskakuca.me\\\/me\\\/zavrsen-jubilarni-peti-evropski-filmski-festival\\\/\"]}]},{\"@type\":\"ImageObject\",\"inLanguage\":\"me-ME\",\"@id\":\"https:\\\/\\\/www.evropskakuca.me\\\/me\\\/zavrsen-jubilarni-peti-evropski-filmski-festival\\\/#primaryimage\",\"url\":\"https:\\\/\\\/www.evropskakuca.me\\\/wp-content\\\/uploads\\\/2019\\\/11\\\/eu_film-51-scaled.jpg\",\"contentUrl\":\"https:\\\/\\\/www.evropskakuca.me\\\/wp-content\\\/uploads\\\/2019\\\/11\\\/eu_film-51-scaled.jpg\",\"width\":2560,\"height\":1707},{\"@type\":\"BreadcrumbList\",\"@id\":\"https:\\\/\\\/www.evropskakuca.me\\\/me\\\/zavrsen-jubilarni-peti-evropski-filmski-festival\\\/#breadcrumb\",\"itemListElement\":[{\"@type\":\"ListItem\",\"position\":1,\"name\":\"Home\",\"item\":\"https:\\\/\\\/www.evropskakuca.me\\\/me\\\/\"},{\"@type\":\"ListItem\",\"position\":2,\"name\":\"Zavr\u0161en jubilarni peti Evropski filmski festival\"}]},{\"@type\":\"WebSite\",\"@id\":\"https:\\\/\\\/www.evropskakuca.me\\\/me\\\/#website\",\"url\":\"https:\\\/\\\/www.evropskakuca.me\\\/me\\\/\",\"name\":\"Evropean house\",\"description\":\"\",\"publisher\":{\"@id\":\"https:\\\/\\\/www.evropskakuca.me\\\/me\\\/#organization\"},\"potentialAction\":[{\"@type\":\"SearchAction\",\"target\":{\"@type\":\"EntryPoint\",\"urlTemplate\":\"https:\\\/\\\/www.evropskakuca.me\\\/me\\\/?s={search_term_string}\"},\"query-input\":{\"@type\":\"PropertyValueSpecification\",\"valueRequired\":true,\"valueName\":\"search_term_string\"}}],\"inLanguage\":\"me-ME\"},{\"@type\":\"Organization\",\"@id\":\"https:\\\/\\\/www.evropskakuca.me\\\/me\\\/#organization\",\"name\":\"Evropean house\",\"url\":\"https:\\\/\\\/www.evropskakuca.me\\\/me\\\/\",\"logo\":{\"@type\":\"ImageObject\",\"inLanguage\":\"me-ME\",\"@id\":\"https:\\\/\\\/www.evropskakuca.me\\\/me\\\/#\\\/schema\\\/logo\\\/image\\\/\",\"url\":\"https:\\\/\\\/www.evropskakuca.me\\\/wp-content\\\/uploads\\\/2025\\\/01\\\/evropska-kuca-logo-1.png\",\"contentUrl\":\"https:\\\/\\\/www.evropskakuca.me\\\/wp-content\\\/uploads\\\/2025\\\/01\\\/evropska-kuca-logo-1.png\",\"width\":425,\"height\":312,\"caption\":\"Evropean house\"},\"image\":{\"@id\":\"https:\\\/\\\/www.evropskakuca.me\\\/me\\\/#\\\/schema\\\/logo\\\/image\\\/\"},\"sameAs\":[\"https:\\\/\\\/www.facebook.com\\\/evropska.kuca\",\"https:\\\/\\\/x.com\\\/evropska_kuca\",\"https:\\\/\\\/www.instagram.com\\\/evropska_kuca\"]},{\"@type\":\"Person\",\"@id\":\"https:\\\/\\\/www.evropskakuca.me\\\/me\\\/#\\\/schema\\\/person\\\/a1d0dcdaefe4a1cd1d60d200ea137ba4\",\"name\":\"mkajic\",\"image\":{\"@type\":\"ImageObject\",\"inLanguage\":\"me-ME\",\"@id\":\"https:\\\/\\\/secure.gravatar.com\\\/avatar\\\/731fa035cefab7316e6bafd1f25a93fb731a07de14e2d9923f8db4422628eabc?s=96&d=mm&r=g\",\"url\":\"https:\\\/\\\/secure.gravatar.com\\\/avatar\\\/731fa035cefab7316e6bafd1f25a93fb731a07de14e2d9923f8db4422628eabc?s=96&d=mm&r=g\",\"contentUrl\":\"https:\\\/\\\/secure.gravatar.com\\\/avatar\\\/731fa035cefab7316e6bafd1f25a93fb731a07de14e2d9923f8db4422628eabc?s=96&d=mm&r=g\",\"caption\":\"mkajic\"},\"sameAs\":[\"https:\\\/\\\/evropskakuca.me\"],\"url\":\"https:\\\/\\\/www.evropskakuca.me\\\/me\\\/author\\\/mkajic\\\/\"}]}<\/script>\n<!-- \/ Yoast SEO plugin. -->","yoast_head_json":{"title":"Zavr\u0161en jubilarni peti Evropski filmski festival - Europe House","robots":{"index":"index","follow":"follow","max-snippet":"max-snippet:-1","max-image-preview":"max-image-preview:large","max-video-preview":"max-video-preview:-1"},"canonical":"https:\/\/www.evropskakuca.me\/me\/zavrsen-jubilarni-peti-evropski-filmski-festival\/","og_locale":"en_US","og_type":"article","og_title":"Zavr\u0161en jubilarni peti Evropski filmski festival - Europe House","og_description":"Smotru evropske kinematografije u osam crnogorskih gradova posjetilo oko 1 700 ljudi","og_url":"https:\/\/www.evropskakuca.me\/me\/zavrsen-jubilarni-peti-evropski-filmski-festival\/","og_site_name":"Europe House","article_publisher":"https:\/\/www.facebook.com\/evropska.kuca","article_published_time":"2019-11-12T14:07:39+00:00","og_image":[{"width":2560,"height":1707,"url":"https:\/\/www.evropskakuca.me\/wp-content\/uploads\/2019\/11\/eu_film-51-scaled.jpg","type":"image\/jpeg"}],"author":"mkajic","twitter_card":"summary_large_image","twitter_creator":"@evropska_kuca","twitter_site":"@evropska_kuca","twitter_misc":{"Written by":"mkajic","Est. reading time":"3 minutes"},"schema":{"@context":"https:\/\/schema.org","@graph":[{"@type":"Article","@id":"https:\/\/www.evropskakuca.me\/me\/zavrsen-jubilarni-peti-evropski-filmski-festival\/#article","isPartOf":{"@id":"https:\/\/www.evropskakuca.me\/me\/zavrsen-jubilarni-peti-evropski-filmski-festival\/"},"author":{"name":"mkajic","@id":"https:\/\/www.evropskakuca.me\/me\/#\/schema\/person\/a1d0dcdaefe4a1cd1d60d200ea137ba4"},"headline":"Zavr\u0161en jubilarni peti Evropski filmski festival","datePublished":"2019-11-12T14:07:39+00:00","mainEntityOfPage":{"@id":"https:\/\/www.evropskakuca.me\/me\/zavrsen-jubilarni-peti-evropski-filmski-festival\/"},"wordCount":517,"commentCount":0,"publisher":{"@id":"https:\/\/www.evropskakuca.me\/me\/#organization"},"image":{"@id":"https:\/\/www.evropskakuca.me\/me\/zavrsen-jubilarni-peti-evropski-filmski-festival\/#primaryimage"},"thumbnailUrl":"https:\/\/www.evropskakuca.me\/wp-content\/uploads\/2019\/11\/eu_film-51-scaled.jpg","inLanguage":"me-ME","potentialAction":[{"@type":"CommentAction","name":"Comment","target":["https:\/\/www.evropskakuca.me\/me\/zavrsen-jubilarni-peti-evropski-filmski-festival\/#respond"]}]},{"@type":"WebPage","@id":"https:\/\/www.evropskakuca.me\/me\/zavrsen-jubilarni-peti-evropski-filmski-festival\/","url":"https:\/\/www.evropskakuca.me\/me\/zavrsen-jubilarni-peti-evropski-filmski-festival\/","name":"Zavr\u0161en jubilarni peti Evropski filmski festival - Europe House","isPartOf":{"@id":"https:\/\/www.evropskakuca.me\/me\/#website"},"primaryImageOfPage":{"@id":"https:\/\/www.evropskakuca.me\/me\/zavrsen-jubilarni-peti-evropski-filmski-festival\/#primaryimage"},"image":{"@id":"https:\/\/www.evropskakuca.me\/me\/zavrsen-jubilarni-peti-evropski-filmski-festival\/#primaryimage"},"thumbnailUrl":"https:\/\/www.evropskakuca.me\/wp-content\/uploads\/2019\/11\/eu_film-51-scaled.jpg","datePublished":"2019-11-12T14:07:39+00:00","breadcrumb":{"@id":"https:\/\/www.evropskakuca.me\/me\/zavrsen-jubilarni-peti-evropski-filmski-festival\/#breadcrumb"},"inLanguage":"me-ME","potentialAction":[{"@type":"ReadAction","target":["https:\/\/www.evropskakuca.me\/me\/zavrsen-jubilarni-peti-evropski-filmski-festival\/"]}]},{"@type":"ImageObject","inLanguage":"me-ME","@id":"https:\/\/www.evropskakuca.me\/me\/zavrsen-jubilarni-peti-evropski-filmski-festival\/#primaryimage","url":"https:\/\/www.evropskakuca.me\/wp-content\/uploads\/2019\/11\/eu_film-51-scaled.jpg","contentUrl":"https:\/\/www.evropskakuca.me\/wp-content\/uploads\/2019\/11\/eu_film-51-scaled.jpg","width":2560,"height":1707},{"@type":"BreadcrumbList","@id":"https:\/\/www.evropskakuca.me\/me\/zavrsen-jubilarni-peti-evropski-filmski-festival\/#breadcrumb","itemListElement":[{"@type":"ListItem","position":1,"name":"Home","item":"https:\/\/www.evropskakuca.me\/me\/"},{"@type":"ListItem","position":2,"name":"Zavr\u0161en jubilarni peti Evropski filmski festival"}]},{"@type":"WebSite","@id":"https:\/\/www.evropskakuca.me\/me\/#website","url":"https:\/\/www.evropskakuca.me\/me\/","name":"Evropean house","description":"","publisher":{"@id":"https:\/\/www.evropskakuca.me\/me\/#organization"},"potentialAction":[{"@type":"SearchAction","target":{"@type":"EntryPoint","urlTemplate":"https:\/\/www.evropskakuca.me\/me\/?s={search_term_string}"},"query-input":{"@type":"PropertyValueSpecification","valueRequired":true,"valueName":"search_term_string"}}],"inLanguage":"me-ME"},{"@type":"Organization","@id":"https:\/\/www.evropskakuca.me\/me\/#organization","name":"Evropean house","url":"https:\/\/www.evropskakuca.me\/me\/","logo":{"@type":"ImageObject","inLanguage":"me-ME","@id":"https:\/\/www.evropskakuca.me\/me\/#\/schema\/logo\/image\/","url":"https:\/\/www.evropskakuca.me\/wp-content\/uploads\/2025\/01\/evropska-kuca-logo-1.png","contentUrl":"https:\/\/www.evropskakuca.me\/wp-content\/uploads\/2025\/01\/evropska-kuca-logo-1.png","width":425,"height":312,"caption":"Evropean house"},"image":{"@id":"https:\/\/www.evropskakuca.me\/me\/#\/schema\/logo\/image\/"},"sameAs":["https:\/\/www.facebook.com\/evropska.kuca","https:\/\/x.com\/evropska_kuca","https:\/\/www.instagram.com\/evropska_kuca"]},{"@type":"Person","@id":"https:\/\/www.evropskakuca.me\/me\/#\/schema\/person\/a1d0dcdaefe4a1cd1d60d200ea137ba4","name":"mkajic","image":{"@type":"ImageObject","inLanguage":"me-ME","@id":"https:\/\/secure.gravatar.com\/avatar\/731fa035cefab7316e6bafd1f25a93fb731a07de14e2d9923f8db4422628eabc?s=96&d=mm&r=g","url":"https:\/\/secure.gravatar.com\/avatar\/731fa035cefab7316e6bafd1f25a93fb731a07de14e2d9923f8db4422628eabc?s=96&d=mm&r=g","contentUrl":"https:\/\/secure.gravatar.com\/avatar\/731fa035cefab7316e6bafd1f25a93fb731a07de14e2d9923f8db4422628eabc?s=96&d=mm&r=g","caption":"mkajic"},"sameAs":["https:\/\/evropskakuca.me"],"url":"https:\/\/www.evropskakuca.me\/me\/author\/mkajic\/"}]}},"_links":{"self":[{"href":"https:\/\/www.evropskakuca.me\/me\/wp-json\/wp\/v2\/posts\/7516","targetHints":{"allow":["GET"]}}],"collection":[{"href":"https:\/\/www.evropskakuca.me\/me\/wp-json\/wp\/v2\/posts"}],"about":[{"href":"https:\/\/www.evropskakuca.me\/me\/wp-json\/wp\/v2\/types\/post"}],"author":[{"embeddable":true,"href":"https:\/\/www.evropskakuca.me\/me\/wp-json\/wp\/v2\/users\/1"}],"replies":[{"embeddable":true,"href":"https:\/\/www.evropskakuca.me\/me\/wp-json\/wp\/v2\/comments?post=7516"}],"version-history":[{"count":0,"href":"https:\/\/www.evropskakuca.me\/me\/wp-json\/wp\/v2\/posts\/7516\/revisions"}],"wp:featuredmedia":[{"embeddable":true,"href":"https:\/\/www.evropskakuca.me\/me\/wp-json\/wp\/v2\/media\/34785"}],"wp:attachment":[{"href":"https:\/\/www.evropskakuca.me\/me\/wp-json\/wp\/v2\/media?parent=7516"}],"wp:term":[{"taxonomy":"category","embeddable":true,"href":"https:\/\/www.evropskakuca.me\/me\/wp-json\/wp\/v2\/categories?post=7516"},{"taxonomy":"post_tag","embeddable":true,"href":"https:\/\/www.evropskakuca.me\/me\/wp-json\/wp\/v2\/tags?post=7516"}],"curies":[{"name":"wp","href":"https:\/\/api.w.org\/{rel}","templated":true}]}}