{"id":7490,"date":"2019-11-08T13:42:03","date_gmt":"2019-11-08T13:42:03","guid":{"rendered":"http:\/\/www.evropskakuca.me\/?p=7490"},"modified":"2019-11-08T13:42:03","modified_gmt":"2019-11-08T13:42:03","slug":"djeca-ucila-da-recikliraju-sa-rukometasicom-milenom-raicevic","status":"publish","type":"post","link":"https:\/\/www.evropskakuca.me\/me\/djeca-ucila-da-recikliraju-sa-rukometasicom-milenom-raicevic\/","title":{"rendered":"Djeca u\u010dila da recikliraju sa rukometa\u0161icom Milenom Rai\u010devi\u0107"},"content":{"rendered":"<p>\u0160ta je to recikla\u017ea, koje su koristi od nje, i kako svako, pa i djeca, mo\u017ee da za\u0161titi prirodu stavljaju\u0107i otpad na pravo mjesto, bile su teme radionice koju je organizovao EU info centar u saradnji sa preduze\u0107em \u201e\u010cisto\u0107a\u201c. Na ovoj radionici u okviru kampanje \u201eBudi primjer. Uklju\u010di se!\u201c, u\u010denici i u\u010denice podgori\u010dkih osnovnih \u0161kola \u201eSutjeska\u201c i \u201eDr Dragi\u0161a Ivanovi\u0107\u201c imali su priliku da od Maje, Dragane i Senade iz ovog preduze\u0107a nau\u010de kako se odvaja mokri i suvi otpad, gdje se odla\u017eu papir, plastika i staklo, kao i \u0161ta se poslije de\u0161ava sa tim otpadom.<\/p>\n<p><img fetchpriority=\"high\" decoding=\"async\" class=\"alignnone size-large wp-image-7493\" src=\"http:\/\/www.evropskakuca.me\/wp-content\/uploads\/2019\/11\/74610062_469212620359937_4392203246752497664_n-1-1024x683.jpg\" alt=\"\" width=\"1024\" height=\"683\" \/><\/p>\n<p>\u201cDanas sam nau\u010dila da kore od krompira i ostalog povr\u0107a spadaju u mokri otpad, za \u0161ta postoji poseban kontejner. Mo\u017eda znam desetak ljudi koji recikliraju, mla\u0111ih i starijih. Od danas \u0107u i ja po\u010deti da recikliram\u201c, rekla je Miljana, u\u010denica O\u0160 &#8220;Dr Dragi\u0161a Ivanovi\u0107&#8221; nakon radionice.<\/p>\n<p>Natalija iz O\u0160 \u201eSutjeska\u201c ka\u017ee da je i ranije u\u010dila o recikla\u017ei.<\/p>\n<p>\u201eU\u010dili smo u \u0161koli, ali danas sam dosta novog nau\u010dila, npr. da \u017euti kontejner slu\u017ei za plastiku\u201c.<\/p>\n<p>Gost iznena\u0111enja na radionici bila je rukometa\u0161ica Milena Rai\u010devi\u0107, lice kampanje Evropske unije u Crnoj Gori \u201eBudi primjer. Uklju\u010di se!\u201c. Ona je objasnila da je po\u010dela da reciklira dok je \u017eivjela u inostranstvu, a da je tu naviku zadr\u017eala i nakon \u0161to se vratila u Crnu Goru.<\/p>\n<p><img decoding=\"async\" class=\"alignnone size-large wp-image-7495\" src=\"http:\/\/www.evropskakuca.me\/wp-content\/uploads\/2019\/11\/73425135_454766685245257_1557382612140425216_n-1024x683.jpg\" alt=\"\" width=\"1024\" height=\"683\" \/><\/p>\n<p>\u201cNeko vrijeme sam provela u Njema\u010dkoj, Belgiji i Holandiji. Tamo smo morali da recikliramo, i tako sam dosta nau\u010dila o tome. Suprug i ja zajedno smo tu naviku prenijeli ovdje, i stvarno sam sre\u0107na \u0161to sam dio ove kampanje, \u0161to kao poznata li\u010dnost mogu da pomognem i uti\u010dem na promjenu svijesti kod ljudi\u201c, rekla je Milena.<\/p>\n<p>Djeca su pitala Milenu \u0161ta da rade sa otpadom ako u tom trenutku nemaju kantu za sme\u0107e u blizini, kao i koja je naj\u010distija zemlja na svijetu.<\/p>\n<p>\u201cZahvaljuju\u0107i poslu putovala sam u mnoge zemlje, ali ponosno mogu da ka\u017eem da je Crna Gora jedna od najljep\u0161ih. Bilo bi lijepo da tako i ostane. Zato treba da bacamo otpad na pravo mjesto i recikliramo, jer tako \u010duvamo prirodu, vazduh, zemlju, vodu, sve \u0161to je bitno za na\u0161 \u017eivot. Ako u nekom trenutku nema\u0161 gdje da baci\u0161 omot od \u010dokoladice ili kesu od smokija, mo\u017ee\u0161 ih staviti u d\u017eep i poslije baciti u kantu za sme\u0107e\u201d, odgovorila je Milena na dje\u010dja pitanja.<\/p>\n<p><img decoding=\"async\" class=\"alignnone size-large wp-image-7491\" src=\"http:\/\/www.evropskakuca.me\/wp-content\/uploads\/2019\/11\/75456941_778685689243522_8516402703193079808_n-1-1024x683.jpg\" alt=\"\" width=\"1024\" height=\"683\" \/><\/p>\n<p>Kampanja \u201eBudi primjer. Uklju\u010di se!\u201c ima za cilj da uka\u017ee na neophodnost za\u0161tite \u017eivotne sredine i zainteresuju gra\u0111ane za \u201ezelene\u201c stilove \u017eivota.<\/p>\n<p>\u201e\u017delimo da poka\u017eemo da svako od nas mo\u017ee da bude primjer i doprinese za\u0161titi \u017eivotne sredine, tako \u0161to \u0107e koristiti ceger umjesto plasti\u010dnih kesa, voziti bicikl ili i\u0107i pje\u0161ke na posao umjesto automobilom, ili slobodnu subotu provesti u \u010di\u0161\u0107enju svoje okoline\u201c, objasnio je tim EU info centra.<\/p>\n<p>Kampanja se organizuje u saradnji sa brojnim partnerima, a jedan od njih je i preduze\u0107e \u201e\u010cisto\u0107a\u201c. PR Senada Mule\u0161kovi\u0107 ka\u017ee da organizuju brojne aktivnosti kako bi razvili ekolo\u0161ku svijest gra\u0111ana, a prioritet su im najmla\u0111e generacije.<\/p>\n<p><img loading=\"lazy\" decoding=\"async\" class=\"alignnone size-large wp-image-7497\" src=\"http:\/\/www.evropskakuca.me\/wp-content\/uploads\/2019\/11\/75246674_689139744911035_3324725641143648256_n-1024x683.jpg\" alt=\"\" width=\"1024\" height=\"683\" \/><\/p>\n<p>\u201cOno \u0161to nas raduje je da najmla\u0111i vrlo brzo usvajaju novitete i pravila, puno znaju o recikla\u017ei, o pravilnom odlaganju otpada. To nas raduje jer pokazuje da se i u \u0161kolama radi puno kada je u pitanju ova tema, a nadamo se da problemi s kojima se susre\u0107emo danas u budu\u0107nosti ne\u0107e biti ovoliko aktuelni\u201c, zaklju\u010dila je Senada.<\/p>\n<p>&nbsp;<\/p>\n<p>&nbsp;<\/p>\n<p>&nbsp;<\/p>\n","protected":false},"excerpt":{"rendered":"<p>Saradnja EU info centra i podgori\u010dke \u201e\u010cisto\u0107e\u201c u okviru kampanje \u201eBudi primjer. Uklju\u010di se!\u201c<\/p>\n","protected":false},"author":1,"featured_media":34695,"comment_status":"open","ping_status":"open","sticky":false,"template":"","format":"standard","meta":{"_acf_changed":false,"footnotes":""},"categories":[1],"tags":[],"class_list":["post-7490","post","type-post","status-publish","format-standard","has-post-thumbnail","hentry","category-uncategorized"],"acf":[],"yoast_head":"<!-- This site is optimized with the Yoast SEO plugin v27.3 - https:\/\/yoast.com\/product\/yoast-seo-wordpress\/ -->\n<title>Djeca u\u010dila da recikliraju sa rukometa\u0161icom Milenom Rai\u010devi\u0107 - Europe House<\/title>\n<meta name=\"robots\" content=\"index, follow, max-snippet:-1, max-image-preview:large, max-video-preview:-1\" \/>\n<link rel=\"canonical\" href=\"https:\/\/www.evropskakuca.me\/me\/djeca-ucila-da-recikliraju-sa-rukometasicom-milenom-raicevic\/\" \/>\n<meta property=\"og:locale\" content=\"en_US\" \/>\n<meta property=\"og:type\" content=\"article\" \/>\n<meta property=\"og:title\" content=\"Djeca u\u010dila da recikliraju sa rukometa\u0161icom Milenom Rai\u010devi\u0107 - Europe House\" \/>\n<meta property=\"og:description\" content=\"Saradnja EU info centra i podgori\u010dke \u201e\u010cisto\u0107e\u201c u okviru kampanje \u201eBudi primjer. Uklju\u010di se!\u201c\" \/>\n<meta property=\"og:url\" content=\"https:\/\/www.evropskakuca.me\/me\/djeca-ucila-da-recikliraju-sa-rukometasicom-milenom-raicevic\/\" \/>\n<meta property=\"og:site_name\" content=\"Europe House\" \/>\n<meta property=\"article:publisher\" content=\"https:\/\/www.facebook.com\/evropska.kuca\" \/>\n<meta property=\"article:published_time\" content=\"2019-11-08T13:42:03+00:00\" \/>\n<meta property=\"og:image\" content=\"https:\/\/www.evropskakuca.me\/wp-content\/uploads\/2019\/11\/74422490_2687382901323409_8152102408915255296_n.jpg\" \/>\n\t<meta property=\"og:image:width\" content=\"1125\" \/>\n\t<meta property=\"og:image:height\" content=\"750\" \/>\n\t<meta property=\"og:image:type\" content=\"image\/jpeg\" \/>\n<meta name=\"author\" content=\"mkajic\" \/>\n<meta name=\"twitter:card\" content=\"summary_large_image\" \/>\n<meta name=\"twitter:creator\" content=\"@evropska_kuca\" \/>\n<meta name=\"twitter:site\" content=\"@evropska_kuca\" \/>\n<meta name=\"twitter:label1\" content=\"Written by\" \/>\n\t<meta name=\"twitter:data1\" content=\"mkajic\" \/>\n\t<meta name=\"twitter:label2\" content=\"Est. reading time\" \/>\n\t<meta name=\"twitter:data2\" content=\"3 minutes\" \/>\n<script type=\"application\/ld+json\" class=\"yoast-schema-graph\">{\"@context\":\"https:\\\/\\\/schema.org\",\"@graph\":[{\"@type\":\"Article\",\"@id\":\"https:\\\/\\\/www.evropskakuca.me\\\/me\\\/djeca-ucila-da-recikliraju-sa-rukometasicom-milenom-raicevic\\\/#article\",\"isPartOf\":{\"@id\":\"https:\\\/\\\/www.evropskakuca.me\\\/me\\\/djeca-ucila-da-recikliraju-sa-rukometasicom-milenom-raicevic\\\/\"},\"author\":{\"name\":\"mkajic\",\"@id\":\"https:\\\/\\\/www.evropskakuca.me\\\/me\\\/#\\\/schema\\\/person\\\/a1d0dcdaefe4a1cd1d60d200ea137ba4\"},\"headline\":\"Djeca u\u010dila da recikliraju sa rukometa\u0161icom Milenom Rai\u010devi\u0107\",\"datePublished\":\"2019-11-08T13:42:03+00:00\",\"mainEntityOfPage\":{\"@id\":\"https:\\\/\\\/www.evropskakuca.me\\\/me\\\/djeca-ucila-da-recikliraju-sa-rukometasicom-milenom-raicevic\\\/\"},\"wordCount\":633,\"commentCount\":0,\"publisher\":{\"@id\":\"https:\\\/\\\/www.evropskakuca.me\\\/me\\\/#organization\"},\"image\":{\"@id\":\"https:\\\/\\\/www.evropskakuca.me\\\/me\\\/djeca-ucila-da-recikliraju-sa-rukometasicom-milenom-raicevic\\\/#primaryimage\"},\"thumbnailUrl\":\"https:\\\/\\\/www.evropskakuca.me\\\/wp-content\\\/uploads\\\/2019\\\/11\\\/74422490_2687382901323409_8152102408915255296_n.jpg\",\"inLanguage\":\"me-ME\",\"potentialAction\":[{\"@type\":\"CommentAction\",\"name\":\"Comment\",\"target\":[\"https:\\\/\\\/www.evropskakuca.me\\\/me\\\/djeca-ucila-da-recikliraju-sa-rukometasicom-milenom-raicevic\\\/#respond\"]}]},{\"@type\":\"WebPage\",\"@id\":\"https:\\\/\\\/www.evropskakuca.me\\\/me\\\/djeca-ucila-da-recikliraju-sa-rukometasicom-milenom-raicevic\\\/\",\"url\":\"https:\\\/\\\/www.evropskakuca.me\\\/me\\\/djeca-ucila-da-recikliraju-sa-rukometasicom-milenom-raicevic\\\/\",\"name\":\"Djeca u\u010dila da recikliraju sa rukometa\u0161icom Milenom Rai\u010devi\u0107 - Europe House\",\"isPartOf\":{\"@id\":\"https:\\\/\\\/www.evropskakuca.me\\\/me\\\/#website\"},\"primaryImageOfPage\":{\"@id\":\"https:\\\/\\\/www.evropskakuca.me\\\/me\\\/djeca-ucila-da-recikliraju-sa-rukometasicom-milenom-raicevic\\\/#primaryimage\"},\"image\":{\"@id\":\"https:\\\/\\\/www.evropskakuca.me\\\/me\\\/djeca-ucila-da-recikliraju-sa-rukometasicom-milenom-raicevic\\\/#primaryimage\"},\"thumbnailUrl\":\"https:\\\/\\\/www.evropskakuca.me\\\/wp-content\\\/uploads\\\/2019\\\/11\\\/74422490_2687382901323409_8152102408915255296_n.jpg\",\"datePublished\":\"2019-11-08T13:42:03+00:00\",\"breadcrumb\":{\"@id\":\"https:\\\/\\\/www.evropskakuca.me\\\/me\\\/djeca-ucila-da-recikliraju-sa-rukometasicom-milenom-raicevic\\\/#breadcrumb\"},\"inLanguage\":\"me-ME\",\"potentialAction\":[{\"@type\":\"ReadAction\",\"target\":[\"https:\\\/\\\/www.evropskakuca.me\\\/me\\\/djeca-ucila-da-recikliraju-sa-rukometasicom-milenom-raicevic\\\/\"]}]},{\"@type\":\"ImageObject\",\"inLanguage\":\"me-ME\",\"@id\":\"https:\\\/\\\/www.evropskakuca.me\\\/me\\\/djeca-ucila-da-recikliraju-sa-rukometasicom-milenom-raicevic\\\/#primaryimage\",\"url\":\"https:\\\/\\\/www.evropskakuca.me\\\/wp-content\\\/uploads\\\/2019\\\/11\\\/74422490_2687382901323409_8152102408915255296_n.jpg\",\"contentUrl\":\"https:\\\/\\\/www.evropskakuca.me\\\/wp-content\\\/uploads\\\/2019\\\/11\\\/74422490_2687382901323409_8152102408915255296_n.jpg\",\"width\":1125,\"height\":750},{\"@type\":\"BreadcrumbList\",\"@id\":\"https:\\\/\\\/www.evropskakuca.me\\\/me\\\/djeca-ucila-da-recikliraju-sa-rukometasicom-milenom-raicevic\\\/#breadcrumb\",\"itemListElement\":[{\"@type\":\"ListItem\",\"position\":1,\"name\":\"Home\",\"item\":\"https:\\\/\\\/www.evropskakuca.me\\\/me\\\/\"},{\"@type\":\"ListItem\",\"position\":2,\"name\":\"Djeca u\u010dila da recikliraju sa rukometa\u0161icom Milenom Rai\u010devi\u0107\"}]},{\"@type\":\"WebSite\",\"@id\":\"https:\\\/\\\/www.evropskakuca.me\\\/me\\\/#website\",\"url\":\"https:\\\/\\\/www.evropskakuca.me\\\/me\\\/\",\"name\":\"Evropean house\",\"description\":\"\",\"publisher\":{\"@id\":\"https:\\\/\\\/www.evropskakuca.me\\\/me\\\/#organization\"},\"potentialAction\":[{\"@type\":\"SearchAction\",\"target\":{\"@type\":\"EntryPoint\",\"urlTemplate\":\"https:\\\/\\\/www.evropskakuca.me\\\/me\\\/?s={search_term_string}\"},\"query-input\":{\"@type\":\"PropertyValueSpecification\",\"valueRequired\":true,\"valueName\":\"search_term_string\"}}],\"inLanguage\":\"me-ME\"},{\"@type\":\"Organization\",\"@id\":\"https:\\\/\\\/www.evropskakuca.me\\\/me\\\/#organization\",\"name\":\"Evropean house\",\"url\":\"https:\\\/\\\/www.evropskakuca.me\\\/me\\\/\",\"logo\":{\"@type\":\"ImageObject\",\"inLanguage\":\"me-ME\",\"@id\":\"https:\\\/\\\/www.evropskakuca.me\\\/me\\\/#\\\/schema\\\/logo\\\/image\\\/\",\"url\":\"https:\\\/\\\/www.evropskakuca.me\\\/wp-content\\\/uploads\\\/2025\\\/01\\\/evropska-kuca-logo-1.png\",\"contentUrl\":\"https:\\\/\\\/www.evropskakuca.me\\\/wp-content\\\/uploads\\\/2025\\\/01\\\/evropska-kuca-logo-1.png\",\"width\":425,\"height\":312,\"caption\":\"Evropean house\"},\"image\":{\"@id\":\"https:\\\/\\\/www.evropskakuca.me\\\/me\\\/#\\\/schema\\\/logo\\\/image\\\/\"},\"sameAs\":[\"https:\\\/\\\/www.facebook.com\\\/evropska.kuca\",\"https:\\\/\\\/x.com\\\/evropska_kuca\",\"https:\\\/\\\/www.instagram.com\\\/evropska_kuca\"]},{\"@type\":\"Person\",\"@id\":\"https:\\\/\\\/www.evropskakuca.me\\\/me\\\/#\\\/schema\\\/person\\\/a1d0dcdaefe4a1cd1d60d200ea137ba4\",\"name\":\"mkajic\",\"image\":{\"@type\":\"ImageObject\",\"inLanguage\":\"me-ME\",\"@id\":\"https:\\\/\\\/secure.gravatar.com\\\/avatar\\\/731fa035cefab7316e6bafd1f25a93fb731a07de14e2d9923f8db4422628eabc?s=96&d=mm&r=g\",\"url\":\"https:\\\/\\\/secure.gravatar.com\\\/avatar\\\/731fa035cefab7316e6bafd1f25a93fb731a07de14e2d9923f8db4422628eabc?s=96&d=mm&r=g\",\"contentUrl\":\"https:\\\/\\\/secure.gravatar.com\\\/avatar\\\/731fa035cefab7316e6bafd1f25a93fb731a07de14e2d9923f8db4422628eabc?s=96&d=mm&r=g\",\"caption\":\"mkajic\"},\"sameAs\":[\"https:\\\/\\\/evropskakuca.me\"],\"url\":\"https:\\\/\\\/www.evropskakuca.me\\\/me\\\/author\\\/mkajic\\\/\"}]}<\/script>\n<!-- \/ Yoast SEO plugin. -->","yoast_head_json":{"title":"Djeca u\u010dila da recikliraju sa rukometa\u0161icom Milenom Rai\u010devi\u0107 - Europe House","robots":{"index":"index","follow":"follow","max-snippet":"max-snippet:-1","max-image-preview":"max-image-preview:large","max-video-preview":"max-video-preview:-1"},"canonical":"https:\/\/www.evropskakuca.me\/me\/djeca-ucila-da-recikliraju-sa-rukometasicom-milenom-raicevic\/","og_locale":"en_US","og_type":"article","og_title":"Djeca u\u010dila da recikliraju sa rukometa\u0161icom Milenom Rai\u010devi\u0107 - Europe House","og_description":"Saradnja EU info centra i podgori\u010dke \u201e\u010cisto\u0107e\u201c u okviru kampanje \u201eBudi primjer. Uklju\u010di se!\u201c","og_url":"https:\/\/www.evropskakuca.me\/me\/djeca-ucila-da-recikliraju-sa-rukometasicom-milenom-raicevic\/","og_site_name":"Europe House","article_publisher":"https:\/\/www.facebook.com\/evropska.kuca","article_published_time":"2019-11-08T13:42:03+00:00","og_image":[{"width":1125,"height":750,"url":"https:\/\/www.evropskakuca.me\/wp-content\/uploads\/2019\/11\/74422490_2687382901323409_8152102408915255296_n.jpg","type":"image\/jpeg"}],"author":"mkajic","twitter_card":"summary_large_image","twitter_creator":"@evropska_kuca","twitter_site":"@evropska_kuca","twitter_misc":{"Written by":"mkajic","Est. reading time":"3 minutes"},"schema":{"@context":"https:\/\/schema.org","@graph":[{"@type":"Article","@id":"https:\/\/www.evropskakuca.me\/me\/djeca-ucila-da-recikliraju-sa-rukometasicom-milenom-raicevic\/#article","isPartOf":{"@id":"https:\/\/www.evropskakuca.me\/me\/djeca-ucila-da-recikliraju-sa-rukometasicom-milenom-raicevic\/"},"author":{"name":"mkajic","@id":"https:\/\/www.evropskakuca.me\/me\/#\/schema\/person\/a1d0dcdaefe4a1cd1d60d200ea137ba4"},"headline":"Djeca u\u010dila da recikliraju sa rukometa\u0161icom Milenom Rai\u010devi\u0107","datePublished":"2019-11-08T13:42:03+00:00","mainEntityOfPage":{"@id":"https:\/\/www.evropskakuca.me\/me\/djeca-ucila-da-recikliraju-sa-rukometasicom-milenom-raicevic\/"},"wordCount":633,"commentCount":0,"publisher":{"@id":"https:\/\/www.evropskakuca.me\/me\/#organization"},"image":{"@id":"https:\/\/www.evropskakuca.me\/me\/djeca-ucila-da-recikliraju-sa-rukometasicom-milenom-raicevic\/#primaryimage"},"thumbnailUrl":"https:\/\/www.evropskakuca.me\/wp-content\/uploads\/2019\/11\/74422490_2687382901323409_8152102408915255296_n.jpg","inLanguage":"me-ME","potentialAction":[{"@type":"CommentAction","name":"Comment","target":["https:\/\/www.evropskakuca.me\/me\/djeca-ucila-da-recikliraju-sa-rukometasicom-milenom-raicevic\/#respond"]}]},{"@type":"WebPage","@id":"https:\/\/www.evropskakuca.me\/me\/djeca-ucila-da-recikliraju-sa-rukometasicom-milenom-raicevic\/","url":"https:\/\/www.evropskakuca.me\/me\/djeca-ucila-da-recikliraju-sa-rukometasicom-milenom-raicevic\/","name":"Djeca u\u010dila da recikliraju sa rukometa\u0161icom Milenom Rai\u010devi\u0107 - Europe House","isPartOf":{"@id":"https:\/\/www.evropskakuca.me\/me\/#website"},"primaryImageOfPage":{"@id":"https:\/\/www.evropskakuca.me\/me\/djeca-ucila-da-recikliraju-sa-rukometasicom-milenom-raicevic\/#primaryimage"},"image":{"@id":"https:\/\/www.evropskakuca.me\/me\/djeca-ucila-da-recikliraju-sa-rukometasicom-milenom-raicevic\/#primaryimage"},"thumbnailUrl":"https:\/\/www.evropskakuca.me\/wp-content\/uploads\/2019\/11\/74422490_2687382901323409_8152102408915255296_n.jpg","datePublished":"2019-11-08T13:42:03+00:00","breadcrumb":{"@id":"https:\/\/www.evropskakuca.me\/me\/djeca-ucila-da-recikliraju-sa-rukometasicom-milenom-raicevic\/#breadcrumb"},"inLanguage":"me-ME","potentialAction":[{"@type":"ReadAction","target":["https:\/\/www.evropskakuca.me\/me\/djeca-ucila-da-recikliraju-sa-rukometasicom-milenom-raicevic\/"]}]},{"@type":"ImageObject","inLanguage":"me-ME","@id":"https:\/\/www.evropskakuca.me\/me\/djeca-ucila-da-recikliraju-sa-rukometasicom-milenom-raicevic\/#primaryimage","url":"https:\/\/www.evropskakuca.me\/wp-content\/uploads\/2019\/11\/74422490_2687382901323409_8152102408915255296_n.jpg","contentUrl":"https:\/\/www.evropskakuca.me\/wp-content\/uploads\/2019\/11\/74422490_2687382901323409_8152102408915255296_n.jpg","width":1125,"height":750},{"@type":"BreadcrumbList","@id":"https:\/\/www.evropskakuca.me\/me\/djeca-ucila-da-recikliraju-sa-rukometasicom-milenom-raicevic\/#breadcrumb","itemListElement":[{"@type":"ListItem","position":1,"name":"Home","item":"https:\/\/www.evropskakuca.me\/me\/"},{"@type":"ListItem","position":2,"name":"Djeca u\u010dila da recikliraju sa rukometa\u0161icom Milenom Rai\u010devi\u0107"}]},{"@type":"WebSite","@id":"https:\/\/www.evropskakuca.me\/me\/#website","url":"https:\/\/www.evropskakuca.me\/me\/","name":"Evropean house","description":"","publisher":{"@id":"https:\/\/www.evropskakuca.me\/me\/#organization"},"potentialAction":[{"@type":"SearchAction","target":{"@type":"EntryPoint","urlTemplate":"https:\/\/www.evropskakuca.me\/me\/?s={search_term_string}"},"query-input":{"@type":"PropertyValueSpecification","valueRequired":true,"valueName":"search_term_string"}}],"inLanguage":"me-ME"},{"@type":"Organization","@id":"https:\/\/www.evropskakuca.me\/me\/#organization","name":"Evropean house","url":"https:\/\/www.evropskakuca.me\/me\/","logo":{"@type":"ImageObject","inLanguage":"me-ME","@id":"https:\/\/www.evropskakuca.me\/me\/#\/schema\/logo\/image\/","url":"https:\/\/www.evropskakuca.me\/wp-content\/uploads\/2025\/01\/evropska-kuca-logo-1.png","contentUrl":"https:\/\/www.evropskakuca.me\/wp-content\/uploads\/2025\/01\/evropska-kuca-logo-1.png","width":425,"height":312,"caption":"Evropean house"},"image":{"@id":"https:\/\/www.evropskakuca.me\/me\/#\/schema\/logo\/image\/"},"sameAs":["https:\/\/www.facebook.com\/evropska.kuca","https:\/\/x.com\/evropska_kuca","https:\/\/www.instagram.com\/evropska_kuca"]},{"@type":"Person","@id":"https:\/\/www.evropskakuca.me\/me\/#\/schema\/person\/a1d0dcdaefe4a1cd1d60d200ea137ba4","name":"mkajic","image":{"@type":"ImageObject","inLanguage":"me-ME","@id":"https:\/\/secure.gravatar.com\/avatar\/731fa035cefab7316e6bafd1f25a93fb731a07de14e2d9923f8db4422628eabc?s=96&d=mm&r=g","url":"https:\/\/secure.gravatar.com\/avatar\/731fa035cefab7316e6bafd1f25a93fb731a07de14e2d9923f8db4422628eabc?s=96&d=mm&r=g","contentUrl":"https:\/\/secure.gravatar.com\/avatar\/731fa035cefab7316e6bafd1f25a93fb731a07de14e2d9923f8db4422628eabc?s=96&d=mm&r=g","caption":"mkajic"},"sameAs":["https:\/\/evropskakuca.me"],"url":"https:\/\/www.evropskakuca.me\/me\/author\/mkajic\/"}]}},"_links":{"self":[{"href":"https:\/\/www.evropskakuca.me\/me\/wp-json\/wp\/v2\/posts\/7490","targetHints":{"allow":["GET"]}}],"collection":[{"href":"https:\/\/www.evropskakuca.me\/me\/wp-json\/wp\/v2\/posts"}],"about":[{"href":"https:\/\/www.evropskakuca.me\/me\/wp-json\/wp\/v2\/types\/post"}],"author":[{"embeddable":true,"href":"https:\/\/www.evropskakuca.me\/me\/wp-json\/wp\/v2\/users\/1"}],"replies":[{"embeddable":true,"href":"https:\/\/www.evropskakuca.me\/me\/wp-json\/wp\/v2\/comments?post=7490"}],"version-history":[{"count":0,"href":"https:\/\/www.evropskakuca.me\/me\/wp-json\/wp\/v2\/posts\/7490\/revisions"}],"wp:featuredmedia":[{"embeddable":true,"href":"https:\/\/www.evropskakuca.me\/me\/wp-json\/wp\/v2\/media\/34695"}],"wp:attachment":[{"href":"https:\/\/www.evropskakuca.me\/me\/wp-json\/wp\/v2\/media?parent=7490"}],"wp:term":[{"taxonomy":"category","embeddable":true,"href":"https:\/\/www.evropskakuca.me\/me\/wp-json\/wp\/v2\/categories?post=7490"},{"taxonomy":"post_tag","embeddable":true,"href":"https:\/\/www.evropskakuca.me\/me\/wp-json\/wp\/v2\/tags?post=7490"}],"curies":[{"name":"wp","href":"https:\/\/api.w.org\/{rel}","templated":true}]}}