{"id":7488,"date":"2019-11-07T11:58:28","date_gmt":"2019-11-07T11:58:28","guid":{"rendered":"http:\/\/www.evropskakuca.me\/me\/?p=7488"},"modified":"2019-11-07T11:58:28","modified_gmt":"2019-11-07T11:58:28","slug":"u-podgorici-otvorena-prva-izlozba-u-3d-formatu-namijenjena-osobama-sa-ostecenim-vidom","status":"publish","type":"post","link":"https:\/\/www.evropskakuca.me\/me\/u-podgorici-otvorena-prva-izlozba-u-3d-formatu-namijenjena-osobama-sa-ostecenim-vidom\/","title":{"rendered":"U Podgorici otvorena prva izlo\u017eba u 3D formatu namijenjena osobama sa o\u0161te\u0107enim vidom"},"content":{"rendered":"<p>Prva izlo\u017eba namijenjena osobama sa o\u0161te\u0107enim vidom, &#8220;Ljepote Crne Gore na dlanu&#8221;, otvorena je u EU info centru, gdje \u0107e biti izlo\u017eena do kraja sedmice. Na izlo\u017ebi su predstavljena 23 objekta od kulturnog, turisti\u010dkog i istorijskog zna\u010daja napravljena u 3D formatu, kako bi osobe o\u0161te\u0107enog vida dodirom mogle da do\u017eive njihov izgled i ljepotu. Pored toga, za svaki objekat izra\u0111en je audio vodi\u010d i tekst na Brajevom pismu.<\/p>\n<p>Izlo\u017ebu je prvog dana posjetio i dje\u010dak Gojko, koji je pohvalio projekat jer mu je, kako ka\u017ee, pribli\u017eio Crnu Goru.<\/p>\n<p><img fetchpriority=\"high\" decoding=\"async\" class=\"alignnone size-large wp-image-7479\" src=\"http:\/\/www.evropskakuca.me\/wp-content\/uploads\/2019\/11\/izlozba-82-1024x683.jpg\" alt=\"\" width=\"1024\" height=\"683\" \/><\/p>\n<p>\u201eNajvi\u0161e mi se dopao Mauzolej na Lov\u0107enu, za koji sam \u010duo, a sada sam imao priliku i da ga dotaknem. Dopali su mi se i most na Tari, Spomen dom u Kola\u0161inu, Sahat kula u Podgorici i mnoge druge znamenosti koje sada, na ovaj na\u010din, mo\u017eemo da vidimo.\u201c<\/p>\n<p>Izlo\u017eba je projekat Biblioteke za slijepe Crne Gore, vrijedan 10 000 eura, koji su realizovali pod pokroviteljstvom Savjeta Evrope i Evropske komisije. Direktor Biblioteke za slijepe Bo\u017eidar Denda je istakao da \u010desto nismo svjesni ljepote i zna\u010daja objekata pored kojih svakodnevno prolazimo, a koji ovaj prostor \u010dine jedinstvenim.<\/p>\n<p><img decoding=\"async\" class=\"alignnone size-large wp-image-7475\" src=\"http:\/\/www.evropskakuca.me\/wp-content\/uploads\/2019\/11\/izlozba-25-1024x683.jpg\" alt=\"\" width=\"1024\" height=\"683\" \/><\/p>\n<p>\u201eDa bismo jedni drugima pomogli da osvijestimo zna\u010daj na\u0161e kulturne ba\u0161tine, moramo neprekidno imati podsjetnik, i ova izlo\u017eba je zapravo jedan takav podsjetnik na ljepote koje imaju veliki kulturni, duhovni i istorijski zna\u010daj. Sada svako ima priliku da ih sagleda na svoj na\u010din\u201c, rekao je Denda.<\/p>\n<p>Izlo\u017ebu je otvorio ministar kulture Aleksandar Bogdanovi\u0107.<\/p>\n<p><img decoding=\"async\" class=\"alignnone size-large wp-image-7481\" src=\"http:\/\/www.evropskakuca.me\/wp-content\/uploads\/2019\/11\/izlozba-66-1024x683.jpg\" alt=\"\" width=\"1024\" height=\"683\" \/><\/p>\n<p>&#8220;Projekat &#8216;Ljepote Crne Gore na dlanu&#8217; je poseban, jer doprinosi pribli\u017eavanju segmenata kulturne ba\u0161tine osobama o\u0161te\u0107enog vida, koje zbog senzornih ograni\u010denja nisu imale priliku da se upoznaju sa \u0161irokim spektrom kulturnih dobara u Crnoj Gori. Projekat promovi\u0161e inovativan i funkcionalan pristup u prezentaciji i popularizaciji kulturne ba\u0161tine, a podrazumijeva uklju\u010divanje svih kategorija dru\u0161tva, uz te\u017enju da podstakne na dublje istra\u017eivanje znamenitosti lokalne i nacionalne kulture, \u0161to su prepoznali i na\u0161i evropski partneri&#8221;, rekao je Bogdanovi\u0107.<\/p>\n<p><img loading=\"lazy\" decoding=\"async\" class=\"alignnone size-large wp-image-7483\" src=\"http:\/\/www.evropskakuca.me\/wp-content\/uploads\/2019\/11\/izlozba-98-1024x683.jpg\" alt=\"\" width=\"1024\" height=\"683\" \/><\/p>\n<p>Na izlo\u017ebi su predstavljeni: Saborni hram Hristovog vaskrsenja, Mauzolej na Lov\u0107enu, Njego\u0161eva kapela, Ostrvo Sveti Stefan, ostrvo Mamula, Sat kula u Herceg Novom, ostrvo Gospa od \u0160krpjela, Manastir Sveta Trojica, most na Sastavcima, Carev most u Nik\u0161i\u0107u, brana Mratinje na Pivi, dvorac kralja Nikole u Nik\u0161i\u0107u, Manastir Ostrog, cetinjski Manastir, drevni rimski grad Duklja, Njego\u0161eva Biljarda, Spomen dom u Kola\u0161inu, most Milenijum i Sahat kula u Podgorici.<\/p>\n<p><img loading=\"lazy\" decoding=\"async\" class=\"alignnone size-large wp-image-7485\" src=\"http:\/\/www.evropskakuca.me\/wp-content\/uploads\/2019\/11\/izlozba-23-1024x683.jpg\" alt=\"\" width=\"1024\" height=\"683\" \/><\/p>\n<p>Za projekat \u201cLjepote Crne Gore na dlanu\u201d je Biblioteka za slijepe Crne Gore u oktobru dobila nagradu \u201cEuropean Heritage Stories\u201d u Strazburu, gdje je uvr\u0161tena u deset najzna\u010dajnijih pri\u010da o kulturnom naslje\u0111u u Evropi. Izlo\u017eba \u0107e nakon Podgorice biti predstavljena u jo\u0161 \u0161est gradova \u0161irom Crne Gore.<\/p>\n","protected":false},"excerpt":{"rendered":"<p>Na izlo\u017ebi \u201eLjepote Crne Gore na dlanu\u201c predstavljena 23 trodimenzionalna eksponata od kulturnog, turisti\u010dkog i istorijskog zna\u010daja<\/p>\n","protected":false},"author":1,"featured_media":34805,"comment_status":"open","ping_status":"open","sticky":false,"template":"","format":"standard","meta":{"_acf_changed":false,"footnotes":""},"categories":[],"tags":[],"class_list":["post-7488","post","type-post","status-publish","format-standard","has-post-thumbnail","hentry"],"acf":[],"yoast_head":"<!-- This site is optimized with the Yoast SEO plugin v27.3 - https:\/\/yoast.com\/product\/yoast-seo-wordpress\/ -->\n<title>U Podgorici otvorena prva izlo\u017eba u 3D formatu namijenjena osobama sa o\u0161te\u0107enim vidom - Europe House<\/title>\n<meta name=\"robots\" content=\"index, follow, max-snippet:-1, max-image-preview:large, max-video-preview:-1\" \/>\n<link rel=\"canonical\" href=\"https:\/\/www.evropskakuca.me\/me\/u-podgorici-otvorena-prva-izlozba-u-3d-formatu-namijenjena-osobama-sa-ostecenim-vidom\/\" \/>\n<meta property=\"og:locale\" content=\"en_US\" \/>\n<meta property=\"og:type\" content=\"article\" \/>\n<meta property=\"og:title\" content=\"U Podgorici otvorena prva izlo\u017eba u 3D formatu namijenjena osobama sa o\u0161te\u0107enim vidom - Europe House\" \/>\n<meta property=\"og:description\" content=\"Na izlo\u017ebi \u201eLjepote Crne Gore na dlanu\u201c predstavljena 23 trodimenzionalna eksponata od kulturnog, turisti\u010dkog i istorijskog zna\u010daja\" \/>\n<meta property=\"og:url\" content=\"https:\/\/www.evropskakuca.me\/me\/u-podgorici-otvorena-prva-izlozba-u-3d-formatu-namijenjena-osobama-sa-ostecenim-vidom\/\" \/>\n<meta property=\"og:site_name\" content=\"Europe House\" \/>\n<meta property=\"article:publisher\" content=\"https:\/\/www.facebook.com\/evropska.kuca\" \/>\n<meta property=\"article:published_time\" content=\"2019-11-07T11:58:28+00:00\" \/>\n<meta property=\"og:image\" content=\"https:\/\/www.evropskakuca.me\/wp-content\/uploads\/2019\/11\/izlozba-scaled.jpg\" \/>\n\t<meta property=\"og:image:width\" content=\"2560\" \/>\n\t<meta property=\"og:image:height\" content=\"1707\" \/>\n\t<meta property=\"og:image:type\" content=\"image\/jpeg\" \/>\n<meta name=\"author\" content=\"mkajic\" \/>\n<meta name=\"twitter:card\" content=\"summary_large_image\" \/>\n<meta name=\"twitter:creator\" content=\"@evropska_kuca\" \/>\n<meta name=\"twitter:site\" content=\"@evropska_kuca\" \/>\n<meta name=\"twitter:label1\" content=\"Written by\" \/>\n\t<meta name=\"twitter:data1\" content=\"mkajic\" \/>\n\t<meta name=\"twitter:label2\" content=\"Est. reading time\" \/>\n\t<meta name=\"twitter:data2\" content=\"2 minutes\" \/>\n<script type=\"application\/ld+json\" class=\"yoast-schema-graph\">{\"@context\":\"https:\\\/\\\/schema.org\",\"@graph\":[{\"@type\":\"Article\",\"@id\":\"https:\\\/\\\/www.evropskakuca.me\\\/me\\\/u-podgorici-otvorena-prva-izlozba-u-3d-formatu-namijenjena-osobama-sa-ostecenim-vidom\\\/#article\",\"isPartOf\":{\"@id\":\"https:\\\/\\\/www.evropskakuca.me\\\/me\\\/u-podgorici-otvorena-prva-izlozba-u-3d-formatu-namijenjena-osobama-sa-ostecenim-vidom\\\/\"},\"author\":{\"name\":\"mkajic\",\"@id\":\"https:\\\/\\\/www.evropskakuca.me\\\/me\\\/#\\\/schema\\\/person\\\/a1d0dcdaefe4a1cd1d60d200ea137ba4\"},\"headline\":\"U Podgorici otvorena prva izlo\u017eba u 3D formatu namijenjena osobama sa o\u0161te\u0107enim vidom\",\"datePublished\":\"2019-11-07T11:58:28+00:00\",\"mainEntityOfPage\":{\"@id\":\"https:\\\/\\\/www.evropskakuca.me\\\/me\\\/u-podgorici-otvorena-prva-izlozba-u-3d-formatu-namijenjena-osobama-sa-ostecenim-vidom\\\/\"},\"wordCount\":495,\"commentCount\":0,\"publisher\":{\"@id\":\"https:\\\/\\\/www.evropskakuca.me\\\/me\\\/#organization\"},\"image\":{\"@id\":\"https:\\\/\\\/www.evropskakuca.me\\\/me\\\/u-podgorici-otvorena-prva-izlozba-u-3d-formatu-namijenjena-osobama-sa-ostecenim-vidom\\\/#primaryimage\"},\"thumbnailUrl\":\"https:\\\/\\\/www.evropskakuca.me\\\/wp-content\\\/uploads\\\/2019\\\/11\\\/izlozba-scaled.jpg\",\"inLanguage\":\"me-ME\",\"potentialAction\":[{\"@type\":\"CommentAction\",\"name\":\"Comment\",\"target\":[\"https:\\\/\\\/www.evropskakuca.me\\\/me\\\/u-podgorici-otvorena-prva-izlozba-u-3d-formatu-namijenjena-osobama-sa-ostecenim-vidom\\\/#respond\"]}]},{\"@type\":\"WebPage\",\"@id\":\"https:\\\/\\\/www.evropskakuca.me\\\/me\\\/u-podgorici-otvorena-prva-izlozba-u-3d-formatu-namijenjena-osobama-sa-ostecenim-vidom\\\/\",\"url\":\"https:\\\/\\\/www.evropskakuca.me\\\/me\\\/u-podgorici-otvorena-prva-izlozba-u-3d-formatu-namijenjena-osobama-sa-ostecenim-vidom\\\/\",\"name\":\"U Podgorici otvorena prva izlo\u017eba u 3D formatu namijenjena osobama sa o\u0161te\u0107enim vidom - Europe House\",\"isPartOf\":{\"@id\":\"https:\\\/\\\/www.evropskakuca.me\\\/me\\\/#website\"},\"primaryImageOfPage\":{\"@id\":\"https:\\\/\\\/www.evropskakuca.me\\\/me\\\/u-podgorici-otvorena-prva-izlozba-u-3d-formatu-namijenjena-osobama-sa-ostecenim-vidom\\\/#primaryimage\"},\"image\":{\"@id\":\"https:\\\/\\\/www.evropskakuca.me\\\/me\\\/u-podgorici-otvorena-prva-izlozba-u-3d-formatu-namijenjena-osobama-sa-ostecenim-vidom\\\/#primaryimage\"},\"thumbnailUrl\":\"https:\\\/\\\/www.evropskakuca.me\\\/wp-content\\\/uploads\\\/2019\\\/11\\\/izlozba-scaled.jpg\",\"datePublished\":\"2019-11-07T11:58:28+00:00\",\"breadcrumb\":{\"@id\":\"https:\\\/\\\/www.evropskakuca.me\\\/me\\\/u-podgorici-otvorena-prva-izlozba-u-3d-formatu-namijenjena-osobama-sa-ostecenim-vidom\\\/#breadcrumb\"},\"inLanguage\":\"me-ME\",\"potentialAction\":[{\"@type\":\"ReadAction\",\"target\":[\"https:\\\/\\\/www.evropskakuca.me\\\/me\\\/u-podgorici-otvorena-prva-izlozba-u-3d-formatu-namijenjena-osobama-sa-ostecenim-vidom\\\/\"]}]},{\"@type\":\"ImageObject\",\"inLanguage\":\"me-ME\",\"@id\":\"https:\\\/\\\/www.evropskakuca.me\\\/me\\\/u-podgorici-otvorena-prva-izlozba-u-3d-formatu-namijenjena-osobama-sa-ostecenim-vidom\\\/#primaryimage\",\"url\":\"https:\\\/\\\/www.evropskakuca.me\\\/wp-content\\\/uploads\\\/2019\\\/11\\\/izlozba-scaled.jpg\",\"contentUrl\":\"https:\\\/\\\/www.evropskakuca.me\\\/wp-content\\\/uploads\\\/2019\\\/11\\\/izlozba-scaled.jpg\",\"width\":2560,\"height\":1707},{\"@type\":\"BreadcrumbList\",\"@id\":\"https:\\\/\\\/www.evropskakuca.me\\\/me\\\/u-podgorici-otvorena-prva-izlozba-u-3d-formatu-namijenjena-osobama-sa-ostecenim-vidom\\\/#breadcrumb\",\"itemListElement\":[{\"@type\":\"ListItem\",\"position\":1,\"name\":\"Home\",\"item\":\"https:\\\/\\\/www.evropskakuca.me\\\/me\\\/\"},{\"@type\":\"ListItem\",\"position\":2,\"name\":\"U Podgorici otvorena prva izlo\u017eba u 3D formatu namijenjena osobama sa o\u0161te\u0107enim vidom\"}]},{\"@type\":\"WebSite\",\"@id\":\"https:\\\/\\\/www.evropskakuca.me\\\/me\\\/#website\",\"url\":\"https:\\\/\\\/www.evropskakuca.me\\\/me\\\/\",\"name\":\"Evropean house\",\"description\":\"\",\"publisher\":{\"@id\":\"https:\\\/\\\/www.evropskakuca.me\\\/me\\\/#organization\"},\"potentialAction\":[{\"@type\":\"SearchAction\",\"target\":{\"@type\":\"EntryPoint\",\"urlTemplate\":\"https:\\\/\\\/www.evropskakuca.me\\\/me\\\/?s={search_term_string}\"},\"query-input\":{\"@type\":\"PropertyValueSpecification\",\"valueRequired\":true,\"valueName\":\"search_term_string\"}}],\"inLanguage\":\"me-ME\"},{\"@type\":\"Organization\",\"@id\":\"https:\\\/\\\/www.evropskakuca.me\\\/me\\\/#organization\",\"name\":\"Evropean house\",\"url\":\"https:\\\/\\\/www.evropskakuca.me\\\/me\\\/\",\"logo\":{\"@type\":\"ImageObject\",\"inLanguage\":\"me-ME\",\"@id\":\"https:\\\/\\\/www.evropskakuca.me\\\/me\\\/#\\\/schema\\\/logo\\\/image\\\/\",\"url\":\"https:\\\/\\\/www.evropskakuca.me\\\/wp-content\\\/uploads\\\/2025\\\/01\\\/evropska-kuca-logo-1.png\",\"contentUrl\":\"https:\\\/\\\/www.evropskakuca.me\\\/wp-content\\\/uploads\\\/2025\\\/01\\\/evropska-kuca-logo-1.png\",\"width\":425,\"height\":312,\"caption\":\"Evropean house\"},\"image\":{\"@id\":\"https:\\\/\\\/www.evropskakuca.me\\\/me\\\/#\\\/schema\\\/logo\\\/image\\\/\"},\"sameAs\":[\"https:\\\/\\\/www.facebook.com\\\/evropska.kuca\",\"https:\\\/\\\/x.com\\\/evropska_kuca\",\"https:\\\/\\\/www.instagram.com\\\/evropska_kuca\"]},{\"@type\":\"Person\",\"@id\":\"https:\\\/\\\/www.evropskakuca.me\\\/me\\\/#\\\/schema\\\/person\\\/a1d0dcdaefe4a1cd1d60d200ea137ba4\",\"name\":\"mkajic\",\"image\":{\"@type\":\"ImageObject\",\"inLanguage\":\"me-ME\",\"@id\":\"https:\\\/\\\/secure.gravatar.com\\\/avatar\\\/731fa035cefab7316e6bafd1f25a93fb731a07de14e2d9923f8db4422628eabc?s=96&d=mm&r=g\",\"url\":\"https:\\\/\\\/secure.gravatar.com\\\/avatar\\\/731fa035cefab7316e6bafd1f25a93fb731a07de14e2d9923f8db4422628eabc?s=96&d=mm&r=g\",\"contentUrl\":\"https:\\\/\\\/secure.gravatar.com\\\/avatar\\\/731fa035cefab7316e6bafd1f25a93fb731a07de14e2d9923f8db4422628eabc?s=96&d=mm&r=g\",\"caption\":\"mkajic\"},\"sameAs\":[\"https:\\\/\\\/evropskakuca.me\"],\"url\":\"https:\\\/\\\/www.evropskakuca.me\\\/me\\\/author\\\/mkajic\\\/\"}]}<\/script>\n<!-- \/ Yoast SEO plugin. -->","yoast_head_json":{"title":"U Podgorici otvorena prva izlo\u017eba u 3D formatu namijenjena osobama sa o\u0161te\u0107enim vidom - Europe House","robots":{"index":"index","follow":"follow","max-snippet":"max-snippet:-1","max-image-preview":"max-image-preview:large","max-video-preview":"max-video-preview:-1"},"canonical":"https:\/\/www.evropskakuca.me\/me\/u-podgorici-otvorena-prva-izlozba-u-3d-formatu-namijenjena-osobama-sa-ostecenim-vidom\/","og_locale":"en_US","og_type":"article","og_title":"U Podgorici otvorena prva izlo\u017eba u 3D formatu namijenjena osobama sa o\u0161te\u0107enim vidom - Europe House","og_description":"Na izlo\u017ebi \u201eLjepote Crne Gore na dlanu\u201c predstavljena 23 trodimenzionalna eksponata od kulturnog, turisti\u010dkog i istorijskog zna\u010daja","og_url":"https:\/\/www.evropskakuca.me\/me\/u-podgorici-otvorena-prva-izlozba-u-3d-formatu-namijenjena-osobama-sa-ostecenim-vidom\/","og_site_name":"Europe House","article_publisher":"https:\/\/www.facebook.com\/evropska.kuca","article_published_time":"2019-11-07T11:58:28+00:00","og_image":[{"width":2560,"height":1707,"url":"https:\/\/www.evropskakuca.me\/wp-content\/uploads\/2019\/11\/izlozba-scaled.jpg","type":"image\/jpeg"}],"author":"mkajic","twitter_card":"summary_large_image","twitter_creator":"@evropska_kuca","twitter_site":"@evropska_kuca","twitter_misc":{"Written by":"mkajic","Est. reading time":"2 minutes"},"schema":{"@context":"https:\/\/schema.org","@graph":[{"@type":"Article","@id":"https:\/\/www.evropskakuca.me\/me\/u-podgorici-otvorena-prva-izlozba-u-3d-formatu-namijenjena-osobama-sa-ostecenim-vidom\/#article","isPartOf":{"@id":"https:\/\/www.evropskakuca.me\/me\/u-podgorici-otvorena-prva-izlozba-u-3d-formatu-namijenjena-osobama-sa-ostecenim-vidom\/"},"author":{"name":"mkajic","@id":"https:\/\/www.evropskakuca.me\/me\/#\/schema\/person\/a1d0dcdaefe4a1cd1d60d200ea137ba4"},"headline":"U Podgorici otvorena prva izlo\u017eba u 3D formatu namijenjena osobama sa o\u0161te\u0107enim vidom","datePublished":"2019-11-07T11:58:28+00:00","mainEntityOfPage":{"@id":"https:\/\/www.evropskakuca.me\/me\/u-podgorici-otvorena-prva-izlozba-u-3d-formatu-namijenjena-osobama-sa-ostecenim-vidom\/"},"wordCount":495,"commentCount":0,"publisher":{"@id":"https:\/\/www.evropskakuca.me\/me\/#organization"},"image":{"@id":"https:\/\/www.evropskakuca.me\/me\/u-podgorici-otvorena-prva-izlozba-u-3d-formatu-namijenjena-osobama-sa-ostecenim-vidom\/#primaryimage"},"thumbnailUrl":"https:\/\/www.evropskakuca.me\/wp-content\/uploads\/2019\/11\/izlozba-scaled.jpg","inLanguage":"me-ME","potentialAction":[{"@type":"CommentAction","name":"Comment","target":["https:\/\/www.evropskakuca.me\/me\/u-podgorici-otvorena-prva-izlozba-u-3d-formatu-namijenjena-osobama-sa-ostecenim-vidom\/#respond"]}]},{"@type":"WebPage","@id":"https:\/\/www.evropskakuca.me\/me\/u-podgorici-otvorena-prva-izlozba-u-3d-formatu-namijenjena-osobama-sa-ostecenim-vidom\/","url":"https:\/\/www.evropskakuca.me\/me\/u-podgorici-otvorena-prva-izlozba-u-3d-formatu-namijenjena-osobama-sa-ostecenim-vidom\/","name":"U Podgorici otvorena prva izlo\u017eba u 3D formatu namijenjena osobama sa o\u0161te\u0107enim vidom - Europe House","isPartOf":{"@id":"https:\/\/www.evropskakuca.me\/me\/#website"},"primaryImageOfPage":{"@id":"https:\/\/www.evropskakuca.me\/me\/u-podgorici-otvorena-prva-izlozba-u-3d-formatu-namijenjena-osobama-sa-ostecenim-vidom\/#primaryimage"},"image":{"@id":"https:\/\/www.evropskakuca.me\/me\/u-podgorici-otvorena-prva-izlozba-u-3d-formatu-namijenjena-osobama-sa-ostecenim-vidom\/#primaryimage"},"thumbnailUrl":"https:\/\/www.evropskakuca.me\/wp-content\/uploads\/2019\/11\/izlozba-scaled.jpg","datePublished":"2019-11-07T11:58:28+00:00","breadcrumb":{"@id":"https:\/\/www.evropskakuca.me\/me\/u-podgorici-otvorena-prva-izlozba-u-3d-formatu-namijenjena-osobama-sa-ostecenim-vidom\/#breadcrumb"},"inLanguage":"me-ME","potentialAction":[{"@type":"ReadAction","target":["https:\/\/www.evropskakuca.me\/me\/u-podgorici-otvorena-prva-izlozba-u-3d-formatu-namijenjena-osobama-sa-ostecenim-vidom\/"]}]},{"@type":"ImageObject","inLanguage":"me-ME","@id":"https:\/\/www.evropskakuca.me\/me\/u-podgorici-otvorena-prva-izlozba-u-3d-formatu-namijenjena-osobama-sa-ostecenim-vidom\/#primaryimage","url":"https:\/\/www.evropskakuca.me\/wp-content\/uploads\/2019\/11\/izlozba-scaled.jpg","contentUrl":"https:\/\/www.evropskakuca.me\/wp-content\/uploads\/2019\/11\/izlozba-scaled.jpg","width":2560,"height":1707},{"@type":"BreadcrumbList","@id":"https:\/\/www.evropskakuca.me\/me\/u-podgorici-otvorena-prva-izlozba-u-3d-formatu-namijenjena-osobama-sa-ostecenim-vidom\/#breadcrumb","itemListElement":[{"@type":"ListItem","position":1,"name":"Home","item":"https:\/\/www.evropskakuca.me\/me\/"},{"@type":"ListItem","position":2,"name":"U Podgorici otvorena prva izlo\u017eba u 3D formatu namijenjena osobama sa o\u0161te\u0107enim vidom"}]},{"@type":"WebSite","@id":"https:\/\/www.evropskakuca.me\/me\/#website","url":"https:\/\/www.evropskakuca.me\/me\/","name":"Evropean house","description":"","publisher":{"@id":"https:\/\/www.evropskakuca.me\/me\/#organization"},"potentialAction":[{"@type":"SearchAction","target":{"@type":"EntryPoint","urlTemplate":"https:\/\/www.evropskakuca.me\/me\/?s={search_term_string}"},"query-input":{"@type":"PropertyValueSpecification","valueRequired":true,"valueName":"search_term_string"}}],"inLanguage":"me-ME"},{"@type":"Organization","@id":"https:\/\/www.evropskakuca.me\/me\/#organization","name":"Evropean house","url":"https:\/\/www.evropskakuca.me\/me\/","logo":{"@type":"ImageObject","inLanguage":"me-ME","@id":"https:\/\/www.evropskakuca.me\/me\/#\/schema\/logo\/image\/","url":"https:\/\/www.evropskakuca.me\/wp-content\/uploads\/2025\/01\/evropska-kuca-logo-1.png","contentUrl":"https:\/\/www.evropskakuca.me\/wp-content\/uploads\/2025\/01\/evropska-kuca-logo-1.png","width":425,"height":312,"caption":"Evropean house"},"image":{"@id":"https:\/\/www.evropskakuca.me\/me\/#\/schema\/logo\/image\/"},"sameAs":["https:\/\/www.facebook.com\/evropska.kuca","https:\/\/x.com\/evropska_kuca","https:\/\/www.instagram.com\/evropska_kuca"]},{"@type":"Person","@id":"https:\/\/www.evropskakuca.me\/me\/#\/schema\/person\/a1d0dcdaefe4a1cd1d60d200ea137ba4","name":"mkajic","image":{"@type":"ImageObject","inLanguage":"me-ME","@id":"https:\/\/secure.gravatar.com\/avatar\/731fa035cefab7316e6bafd1f25a93fb731a07de14e2d9923f8db4422628eabc?s=96&d=mm&r=g","url":"https:\/\/secure.gravatar.com\/avatar\/731fa035cefab7316e6bafd1f25a93fb731a07de14e2d9923f8db4422628eabc?s=96&d=mm&r=g","contentUrl":"https:\/\/secure.gravatar.com\/avatar\/731fa035cefab7316e6bafd1f25a93fb731a07de14e2d9923f8db4422628eabc?s=96&d=mm&r=g","caption":"mkajic"},"sameAs":["https:\/\/evropskakuca.me"],"url":"https:\/\/www.evropskakuca.me\/me\/author\/mkajic\/"}]}},"_links":{"self":[{"href":"https:\/\/www.evropskakuca.me\/me\/wp-json\/wp\/v2\/posts\/7488","targetHints":{"allow":["GET"]}}],"collection":[{"href":"https:\/\/www.evropskakuca.me\/me\/wp-json\/wp\/v2\/posts"}],"about":[{"href":"https:\/\/www.evropskakuca.me\/me\/wp-json\/wp\/v2\/types\/post"}],"author":[{"embeddable":true,"href":"https:\/\/www.evropskakuca.me\/me\/wp-json\/wp\/v2\/users\/1"}],"replies":[{"embeddable":true,"href":"https:\/\/www.evropskakuca.me\/me\/wp-json\/wp\/v2\/comments?post=7488"}],"version-history":[{"count":0,"href":"https:\/\/www.evropskakuca.me\/me\/wp-json\/wp\/v2\/posts\/7488\/revisions"}],"wp:featuredmedia":[{"embeddable":true,"href":"https:\/\/www.evropskakuca.me\/me\/wp-json\/wp\/v2\/media\/34805"}],"wp:attachment":[{"href":"https:\/\/www.evropskakuca.me\/me\/wp-json\/wp\/v2\/media?parent=7488"}],"wp:term":[{"taxonomy":"category","embeddable":true,"href":"https:\/\/www.evropskakuca.me\/me\/wp-json\/wp\/v2\/categories?post=7488"},{"taxonomy":"post_tag","embeddable":true,"href":"https:\/\/www.evropskakuca.me\/me\/wp-json\/wp\/v2\/tags?post=7488"}],"curies":[{"name":"wp","href":"https:\/\/api.w.org\/{rel}","templated":true}]}}