{"id":7466,"date":"2019-11-06T15:07:38","date_gmt":"2019-11-06T15:07:38","guid":{"rendered":"http:\/\/www.evropskakuca.me\/me\/?p=7466"},"modified":"2019-11-06T15:07:38","modified_gmt":"2019-11-06T15:07:38","slug":"devet-novih-projekata-nevladinih-organizacija-za-kvaliteniji-zivot-u-podgorici","status":"publish","type":"post","link":"https:\/\/www.evropskakuca.me\/me\/devet-novih-projekata-nevladinih-organizacija-za-kvaliteniji-zivot-u-podgorici\/","title":{"rendered":"Devet novih projekata nevladinih organizacija za kvaliteniji \u017eivot u Podgorici"},"content":{"rendered":"<p>U glavnom gradu Crne Gore bi\u0107e realizovano devet novih projekata nevladinih organizacija u oblasti ja\u010danja saradnje civilnog sektora i lokalnih vlasti, od kojih krajnju, i najva\u017eniju, korist treba da imaju gra\u0111ani. Ovi projekti, vrijedni blizu 100 000 eura, izabrani su na drugom javnom konkursu organizovanom u okviru <a href=\"https:\/\/www.me.undp.org\/content\/montenegro\/sr\/home\/projects\/ReLOaD.html\">Regionalnog programa lokalne demokratije na Zapadnom Balkanu (ReLOad)<\/a>, koji finansira Evropska unija, a sprovodi Program Ujedinjenih nacija za razvoj (UNDP)<\/p>\n<p>\u0160ef Sektora za saradnju u Delegaciji EU u Crnoj Gori Herman \u0160pic istakao je da odabrani projekti \u00a0afirmi\u0161uvrijednosti Evropske unije i konkretno doprinose dru\u0161tvenoj inkluziji, za\u0161titi \u017eivotne sredine i unapre\u0111enju kulturnih sadr\u017eaja.<\/p>\n<p>\u201eOvo blisko partnestvo izme\u0111u nevladinog sektora, gra\u0111ana i slu\u017ebenika zapravo zbli\u017eava javnu upravu i lokalnu zajednicu. Va\u0161i projekti svjedo\u010de o snazi ovog saveza, gdje se zajedni\u010dkim snagama djeluje u pravcu rje\u0161avanja pitanja od zna\u010daja za kvalitet \u017eivota ljudi\u201c, zaklju\u010dio je \u0160pic.<\/p>\n<p>Na va\u017enost programa ReLOaD ukazala je i stalna predstavnica UNDP u Crnoj Gori Daniela Ga\u0161parikova.<\/p>\n<p>\u201eRezultati programa ReLOaD najbolje se vide kroz brojke: u prethodne tri godine podr\u017eano je ukupno 48 lokalnih inicijativa koje su direktno uticale na \u017eivote oko 7.000 ljudi, mahom onih najranjivijih \u2013 mladih, osoba sa invaliditetom i \u017eena\u201c, naglasila je Ga\u0161parikova.<\/p>\n<p>Gradona\u010delnik Podgorice Ivan Vukovi\u0107 istakao je da lokalna uprava na razli\u010dite na\u010dine podr\u017eava civilni sektor. Doprinos lokalne uprave programu ReLOaD iznosi 10 000 eura.<\/p>\n<p><img fetchpriority=\"high\" decoding=\"async\" class=\"alignnone size-large wp-image-7469\" src=\"http:\/\/www.evropskakuca.me\/wp-content\/uploads\/2019\/11\/ReLoad-2-002-1024x740.jpg\" alt=\"\" width=\"1024\" height=\"740\" \/><\/p>\n<p>\u201eOrganizacije civilnog dru\u0161tva omogu\u0107avaju horizontalnu integraciju, odnosno povezivanje ljudi koji sli\u010dno razmi\u0161ljaju, koji imaju sli\u010dne probleme i \u017eele sli\u010dne stvari. Ta vrsta dru\u0161tvene mre\u017ee je zapravo najbolji temelj za razvoj pravne dr\u017eave, efikasnih institucija i demokratskog dru\u0161tva, a mi kao Glavni grad smo veoma ponosni na to \u0161to i na ovaj na\u010din\u00a0 dajemo konkretan doprinos&#8221;, rekao je Vukovi\u0107 na predstavljanju novih projekata.<\/p>\n<p>Devet najboljih projektnih predloga u okviru programa ReLoad koje je odabrala komisija za raspodjelu sredstava:<\/p>\n<ul>\n<li><strong>\u201eProgrami podr\u0161ke roditeljstvu u zajednici \u201d &#8211; NVO Roditelji<\/strong>, u iznosu od 10.961 eura. Cilj projekta je unapre\u0111enje uslova za zdrav rast i razvoj djece bez nasilja u porodici, kroz podr\u0161ku roditeljima u uspostavljanju alternativnih, nenasilnih modela vaspitanja djece;<\/li>\n<li><strong>\u201eZanatska akademija \u2013 Green craft \u201d &#8211; NVO Unija mladih preduzetnika Crne Gore <\/strong>u iznosu od 11.935 eura, usmjeren na smanjenje nazaposlenosti mladih u Glavnom gradu kroz ja\u010danje motivacije za pokretanje biznisa u oblasti zanatstva, posebno tradicionalnih zanata, i sticanja novih vje\u0161tina;<\/li>\n<li><strong>\u201ePodr\u0161ka porodici u riziku za nesmetan rast i razvoj djeteta \u201d \u2013 NVO Centar za prava djeteta Crne Gore<\/strong>, u iznosu od 11.199 eura, usmjeren na pru\u017eanje podr\u0161ke porodicama u riziku kako bi se osigurao nesmatan razvoj djece i unapre\u0111enje svijesti u sektoru zdravstva i socijalne za\u0161tite;<\/li>\n<li><strong>\u201eUpoznaj Rome i presudi \u2013 UROP\u201d &#8211; NVO Romska organizacija mladih \u201eKora\u010dajte sa nama \u2013 Phiren amenca\u201c\u00a0 <\/strong>u iznosu od 10.215 eura, \u010dije aktivnosti \u0107e doprinijeti edukaciji sredjo\u0161kolaca o kulturi Roma, ali i op\u0161toj informisanosti javnosti o romskoj zajednici;<\/li>\n<li><strong>\u201eRijeke bez otpada za ljep\u0161i Glavni grad\u201d \u2013 NVO Green Home<\/strong>, u iznosu od 10.540 eura, koji \u0107e djelovati na pobolj\u0161anje vodenih i obalnih ekosistema rijeka Glavnog grada putem otklanjanjanja postoje\u0107ih nelegalnih odlagali\u0161ta na obali Ribnice, sadnjom, postavljanjem mobilijara na obali Mora\u010de, itd.;<\/li>\n<li><strong>\u201e\u0106emovsko polje \u2013 osvajanje naklonosti lokalnog stanovni\u0161tva\u201c \u2013 NVO EnvPro- Program za za\u0161titu \u017eivotne sredine<\/strong>, u iznosu od 12.000 eura, \u010dija svrha je da doprinese za\u0161titi faune, posebno ugro\u017eenih vrsta ptica, kao i da pridobije podr\u0161ku lokalnog stanovni\u0161tva za kontinuiranu brigu o prirodnom stani\u0161tu.<\/li>\n<li><strong>\u201e#PodgoricaMovieTime\u201d \u2013 Centar za omladinsku edukaciju, <\/strong>u iznosu od 10.789 EUR, kojim \u0107e se popularisati filmska kultura u okviru omladinskih klubova, ja\u010dati filmska pismenost i podsticati kultura raznolikosti;<\/li>\n<li><strong>\u201eRazvoj digitalne inteligencije\u201c &#8211; Digitalizuj.Me<\/strong>, u iznosu od 10,381 EUR, koji \u0107e pomo\u0107i djeci da odgovorno i bezbjedno koriste digitalne tehnologije, sa ciljem podizanja nivoa digitalne inteligencije i suzbijanja nasilja na internetu;<\/li>\n<li><strong>\u201eOdr\u017eiva urbana mobilnost u srednjim \u0161kolama u Podgorici\u201c &#8211; Biciklo.me, <\/strong>u iznosu od 11.430 EUR, koji \u0107e istra\u017eiti uslove za razvoj e-mobilnosti u srednjim \u0161kolama i podsta\u0107i u\u010denike da praktikuju razli\u010dite aktivnosti, poput pje\u0161a\u010denja, biciklizma i javnog prevoza, istovremeno ja\u010daju\u0107i svijest o smanjenju zaga\u0111enja \u017eivotne sredine.<\/li>\n<\/ul>\n","protected":false},"excerpt":{"rendered":"<p>Progla\u0161eni projekti &#8211; pobjednici na drugom konkursu programa ReLOad koji finansira EU<\/p>\n","protected":false},"author":1,"featured_media":34719,"comment_status":"open","ping_status":"open","sticky":false,"template":"","format":"standard","meta":{"_acf_changed":false,"footnotes":""},"categories":[],"tags":[],"class_list":["post-7466","post","type-post","status-publish","format-standard","has-post-thumbnail","hentry"],"acf":[],"yoast_head":"<!-- This site is optimized with the Yoast SEO plugin v27.3 - https:\/\/yoast.com\/product\/yoast-seo-wordpress\/ -->\n<title>Devet novih projekata nevladinih organizacija za kvaliteniji \u017eivot u Podgorici - Europe House<\/title>\n<meta name=\"robots\" content=\"index, follow, max-snippet:-1, max-image-preview:large, max-video-preview:-1\" \/>\n<link rel=\"canonical\" href=\"https:\/\/www.evropskakuca.me\/me\/devet-novih-projekata-nevladinih-organizacija-za-kvaliteniji-zivot-u-podgorici\/\" \/>\n<meta property=\"og:locale\" content=\"en_US\" \/>\n<meta property=\"og:type\" content=\"article\" \/>\n<meta property=\"og:title\" content=\"Devet novih projekata nevladinih organizacija za kvaliteniji \u017eivot u Podgorici - Europe House\" \/>\n<meta property=\"og:description\" content=\"Progla\u0161eni projekti - pobjednici na drugom konkursu programa ReLOad koji finansira EU\" \/>\n<meta property=\"og:url\" content=\"https:\/\/www.evropskakuca.me\/me\/devet-novih-projekata-nevladinih-organizacija-za-kvaliteniji-zivot-u-podgorici\/\" \/>\n<meta property=\"og:site_name\" content=\"Europe House\" \/>\n<meta property=\"article:publisher\" content=\"https:\/\/www.facebook.com\/evropska.kuca\" \/>\n<meta property=\"article:published_time\" content=\"2019-11-06T15:07:38+00:00\" \/>\n<meta property=\"og:image\" content=\"https:\/\/www.evropskakuca.me\/wp-content\/uploads\/2019\/11\/ReLoad-002.jpg\" \/>\n\t<meta property=\"og:image:width\" content=\"1030\" \/>\n\t<meta property=\"og:image:height\" content=\"491\" \/>\n\t<meta property=\"og:image:type\" content=\"image\/jpeg\" \/>\n<meta name=\"author\" content=\"mkajic\" \/>\n<meta name=\"twitter:card\" content=\"summary_large_image\" \/>\n<meta name=\"twitter:creator\" content=\"@evropska_kuca\" \/>\n<meta name=\"twitter:site\" content=\"@evropska_kuca\" \/>\n<meta name=\"twitter:label1\" content=\"Written by\" \/>\n\t<meta name=\"twitter:data1\" content=\"mkajic\" \/>\n\t<meta name=\"twitter:label2\" content=\"Est. reading time\" \/>\n\t<meta name=\"twitter:data2\" content=\"4 minutes\" \/>\n<script type=\"application\/ld+json\" class=\"yoast-schema-graph\">{\"@context\":\"https:\\\/\\\/schema.org\",\"@graph\":[{\"@type\":\"Article\",\"@id\":\"https:\\\/\\\/www.evropskakuca.me\\\/me\\\/devet-novih-projekata-nevladinih-organizacija-za-kvaliteniji-zivot-u-podgorici\\\/#article\",\"isPartOf\":{\"@id\":\"https:\\\/\\\/www.evropskakuca.me\\\/me\\\/devet-novih-projekata-nevladinih-organizacija-za-kvaliteniji-zivot-u-podgorici\\\/\"},\"author\":{\"name\":\"mkajic\",\"@id\":\"https:\\\/\\\/www.evropskakuca.me\\\/me\\\/#\\\/schema\\\/person\\\/a1d0dcdaefe4a1cd1d60d200ea137ba4\"},\"headline\":\"Devet novih projekata nevladinih organizacija za kvaliteniji \u017eivot u Podgorici\",\"datePublished\":\"2019-11-06T15:07:38+00:00\",\"mainEntityOfPage\":{\"@id\":\"https:\\\/\\\/www.evropskakuca.me\\\/me\\\/devet-novih-projekata-nevladinih-organizacija-za-kvaliteniji-zivot-u-podgorici\\\/\"},\"wordCount\":716,\"commentCount\":0,\"publisher\":{\"@id\":\"https:\\\/\\\/www.evropskakuca.me\\\/me\\\/#organization\"},\"image\":{\"@id\":\"https:\\\/\\\/www.evropskakuca.me\\\/me\\\/devet-novih-projekata-nevladinih-organizacija-za-kvaliteniji-zivot-u-podgorici\\\/#primaryimage\"},\"thumbnailUrl\":\"https:\\\/\\\/www.evropskakuca.me\\\/wp-content\\\/uploads\\\/2019\\\/11\\\/ReLoad-002.jpg\",\"inLanguage\":\"me-ME\",\"potentialAction\":[{\"@type\":\"CommentAction\",\"name\":\"Comment\",\"target\":[\"https:\\\/\\\/www.evropskakuca.me\\\/me\\\/devet-novih-projekata-nevladinih-organizacija-za-kvaliteniji-zivot-u-podgorici\\\/#respond\"]}]},{\"@type\":\"WebPage\",\"@id\":\"https:\\\/\\\/www.evropskakuca.me\\\/me\\\/devet-novih-projekata-nevladinih-organizacija-za-kvaliteniji-zivot-u-podgorici\\\/\",\"url\":\"https:\\\/\\\/www.evropskakuca.me\\\/me\\\/devet-novih-projekata-nevladinih-organizacija-za-kvaliteniji-zivot-u-podgorici\\\/\",\"name\":\"Devet novih projekata nevladinih organizacija za kvaliteniji \u017eivot u Podgorici - Europe House\",\"isPartOf\":{\"@id\":\"https:\\\/\\\/www.evropskakuca.me\\\/me\\\/#website\"},\"primaryImageOfPage\":{\"@id\":\"https:\\\/\\\/www.evropskakuca.me\\\/me\\\/devet-novih-projekata-nevladinih-organizacija-za-kvaliteniji-zivot-u-podgorici\\\/#primaryimage\"},\"image\":{\"@id\":\"https:\\\/\\\/www.evropskakuca.me\\\/me\\\/devet-novih-projekata-nevladinih-organizacija-za-kvaliteniji-zivot-u-podgorici\\\/#primaryimage\"},\"thumbnailUrl\":\"https:\\\/\\\/www.evropskakuca.me\\\/wp-content\\\/uploads\\\/2019\\\/11\\\/ReLoad-002.jpg\",\"datePublished\":\"2019-11-06T15:07:38+00:00\",\"breadcrumb\":{\"@id\":\"https:\\\/\\\/www.evropskakuca.me\\\/me\\\/devet-novih-projekata-nevladinih-organizacija-za-kvaliteniji-zivot-u-podgorici\\\/#breadcrumb\"},\"inLanguage\":\"me-ME\",\"potentialAction\":[{\"@type\":\"ReadAction\",\"target\":[\"https:\\\/\\\/www.evropskakuca.me\\\/me\\\/devet-novih-projekata-nevladinih-organizacija-za-kvaliteniji-zivot-u-podgorici\\\/\"]}]},{\"@type\":\"ImageObject\",\"inLanguage\":\"me-ME\",\"@id\":\"https:\\\/\\\/www.evropskakuca.me\\\/me\\\/devet-novih-projekata-nevladinih-organizacija-za-kvaliteniji-zivot-u-podgorici\\\/#primaryimage\",\"url\":\"https:\\\/\\\/www.evropskakuca.me\\\/wp-content\\\/uploads\\\/2019\\\/11\\\/ReLoad-002.jpg\",\"contentUrl\":\"https:\\\/\\\/www.evropskakuca.me\\\/wp-content\\\/uploads\\\/2019\\\/11\\\/ReLoad-002.jpg\",\"width\":1030,\"height\":491},{\"@type\":\"BreadcrumbList\",\"@id\":\"https:\\\/\\\/www.evropskakuca.me\\\/me\\\/devet-novih-projekata-nevladinih-organizacija-za-kvaliteniji-zivot-u-podgorici\\\/#breadcrumb\",\"itemListElement\":[{\"@type\":\"ListItem\",\"position\":1,\"name\":\"Home\",\"item\":\"https:\\\/\\\/www.evropskakuca.me\\\/me\\\/\"},{\"@type\":\"ListItem\",\"position\":2,\"name\":\"Devet novih projekata nevladinih organizacija za kvaliteniji \u017eivot u Podgorici\"}]},{\"@type\":\"WebSite\",\"@id\":\"https:\\\/\\\/www.evropskakuca.me\\\/me\\\/#website\",\"url\":\"https:\\\/\\\/www.evropskakuca.me\\\/me\\\/\",\"name\":\"Evropean house\",\"description\":\"\",\"publisher\":{\"@id\":\"https:\\\/\\\/www.evropskakuca.me\\\/me\\\/#organization\"},\"potentialAction\":[{\"@type\":\"SearchAction\",\"target\":{\"@type\":\"EntryPoint\",\"urlTemplate\":\"https:\\\/\\\/www.evropskakuca.me\\\/me\\\/?s={search_term_string}\"},\"query-input\":{\"@type\":\"PropertyValueSpecification\",\"valueRequired\":true,\"valueName\":\"search_term_string\"}}],\"inLanguage\":\"me-ME\"},{\"@type\":\"Organization\",\"@id\":\"https:\\\/\\\/www.evropskakuca.me\\\/me\\\/#organization\",\"name\":\"Evropean house\",\"url\":\"https:\\\/\\\/www.evropskakuca.me\\\/me\\\/\",\"logo\":{\"@type\":\"ImageObject\",\"inLanguage\":\"me-ME\",\"@id\":\"https:\\\/\\\/www.evropskakuca.me\\\/me\\\/#\\\/schema\\\/logo\\\/image\\\/\",\"url\":\"https:\\\/\\\/www.evropskakuca.me\\\/wp-content\\\/uploads\\\/2025\\\/01\\\/evropska-kuca-logo-1.png\",\"contentUrl\":\"https:\\\/\\\/www.evropskakuca.me\\\/wp-content\\\/uploads\\\/2025\\\/01\\\/evropska-kuca-logo-1.png\",\"width\":425,\"height\":312,\"caption\":\"Evropean house\"},\"image\":{\"@id\":\"https:\\\/\\\/www.evropskakuca.me\\\/me\\\/#\\\/schema\\\/logo\\\/image\\\/\"},\"sameAs\":[\"https:\\\/\\\/www.facebook.com\\\/evropska.kuca\",\"https:\\\/\\\/x.com\\\/evropska_kuca\",\"https:\\\/\\\/www.instagram.com\\\/evropska_kuca\"]},{\"@type\":\"Person\",\"@id\":\"https:\\\/\\\/www.evropskakuca.me\\\/me\\\/#\\\/schema\\\/person\\\/a1d0dcdaefe4a1cd1d60d200ea137ba4\",\"name\":\"mkajic\",\"image\":{\"@type\":\"ImageObject\",\"inLanguage\":\"me-ME\",\"@id\":\"https:\\\/\\\/secure.gravatar.com\\\/avatar\\\/731fa035cefab7316e6bafd1f25a93fb731a07de14e2d9923f8db4422628eabc?s=96&d=mm&r=g\",\"url\":\"https:\\\/\\\/secure.gravatar.com\\\/avatar\\\/731fa035cefab7316e6bafd1f25a93fb731a07de14e2d9923f8db4422628eabc?s=96&d=mm&r=g\",\"contentUrl\":\"https:\\\/\\\/secure.gravatar.com\\\/avatar\\\/731fa035cefab7316e6bafd1f25a93fb731a07de14e2d9923f8db4422628eabc?s=96&d=mm&r=g\",\"caption\":\"mkajic\"},\"sameAs\":[\"https:\\\/\\\/evropskakuca.me\"],\"url\":\"https:\\\/\\\/www.evropskakuca.me\\\/me\\\/author\\\/mkajic\\\/\"}]}<\/script>\n<!-- \/ Yoast SEO plugin. -->","yoast_head_json":{"title":"Devet novih projekata nevladinih organizacija za kvaliteniji \u017eivot u Podgorici - Europe House","robots":{"index":"index","follow":"follow","max-snippet":"max-snippet:-1","max-image-preview":"max-image-preview:large","max-video-preview":"max-video-preview:-1"},"canonical":"https:\/\/www.evropskakuca.me\/me\/devet-novih-projekata-nevladinih-organizacija-za-kvaliteniji-zivot-u-podgorici\/","og_locale":"en_US","og_type":"article","og_title":"Devet novih projekata nevladinih organizacija za kvaliteniji \u017eivot u Podgorici - Europe House","og_description":"Progla\u0161eni projekti - pobjednici na drugom konkursu programa ReLOad koji finansira EU","og_url":"https:\/\/www.evropskakuca.me\/me\/devet-novih-projekata-nevladinih-organizacija-za-kvaliteniji-zivot-u-podgorici\/","og_site_name":"Europe House","article_publisher":"https:\/\/www.facebook.com\/evropska.kuca","article_published_time":"2019-11-06T15:07:38+00:00","og_image":[{"width":1030,"height":491,"url":"https:\/\/www.evropskakuca.me\/wp-content\/uploads\/2019\/11\/ReLoad-002.jpg","type":"image\/jpeg"}],"author":"mkajic","twitter_card":"summary_large_image","twitter_creator":"@evropska_kuca","twitter_site":"@evropska_kuca","twitter_misc":{"Written by":"mkajic","Est. reading time":"4 minutes"},"schema":{"@context":"https:\/\/schema.org","@graph":[{"@type":"Article","@id":"https:\/\/www.evropskakuca.me\/me\/devet-novih-projekata-nevladinih-organizacija-za-kvaliteniji-zivot-u-podgorici\/#article","isPartOf":{"@id":"https:\/\/www.evropskakuca.me\/me\/devet-novih-projekata-nevladinih-organizacija-za-kvaliteniji-zivot-u-podgorici\/"},"author":{"name":"mkajic","@id":"https:\/\/www.evropskakuca.me\/me\/#\/schema\/person\/a1d0dcdaefe4a1cd1d60d200ea137ba4"},"headline":"Devet novih projekata nevladinih organizacija za kvaliteniji \u017eivot u Podgorici","datePublished":"2019-11-06T15:07:38+00:00","mainEntityOfPage":{"@id":"https:\/\/www.evropskakuca.me\/me\/devet-novih-projekata-nevladinih-organizacija-za-kvaliteniji-zivot-u-podgorici\/"},"wordCount":716,"commentCount":0,"publisher":{"@id":"https:\/\/www.evropskakuca.me\/me\/#organization"},"image":{"@id":"https:\/\/www.evropskakuca.me\/me\/devet-novih-projekata-nevladinih-organizacija-za-kvaliteniji-zivot-u-podgorici\/#primaryimage"},"thumbnailUrl":"https:\/\/www.evropskakuca.me\/wp-content\/uploads\/2019\/11\/ReLoad-002.jpg","inLanguage":"me-ME","potentialAction":[{"@type":"CommentAction","name":"Comment","target":["https:\/\/www.evropskakuca.me\/me\/devet-novih-projekata-nevladinih-organizacija-za-kvaliteniji-zivot-u-podgorici\/#respond"]}]},{"@type":"WebPage","@id":"https:\/\/www.evropskakuca.me\/me\/devet-novih-projekata-nevladinih-organizacija-za-kvaliteniji-zivot-u-podgorici\/","url":"https:\/\/www.evropskakuca.me\/me\/devet-novih-projekata-nevladinih-organizacija-za-kvaliteniji-zivot-u-podgorici\/","name":"Devet novih projekata nevladinih organizacija za kvaliteniji \u017eivot u Podgorici - Europe House","isPartOf":{"@id":"https:\/\/www.evropskakuca.me\/me\/#website"},"primaryImageOfPage":{"@id":"https:\/\/www.evropskakuca.me\/me\/devet-novih-projekata-nevladinih-organizacija-za-kvaliteniji-zivot-u-podgorici\/#primaryimage"},"image":{"@id":"https:\/\/www.evropskakuca.me\/me\/devet-novih-projekata-nevladinih-organizacija-za-kvaliteniji-zivot-u-podgorici\/#primaryimage"},"thumbnailUrl":"https:\/\/www.evropskakuca.me\/wp-content\/uploads\/2019\/11\/ReLoad-002.jpg","datePublished":"2019-11-06T15:07:38+00:00","breadcrumb":{"@id":"https:\/\/www.evropskakuca.me\/me\/devet-novih-projekata-nevladinih-organizacija-za-kvaliteniji-zivot-u-podgorici\/#breadcrumb"},"inLanguage":"me-ME","potentialAction":[{"@type":"ReadAction","target":["https:\/\/www.evropskakuca.me\/me\/devet-novih-projekata-nevladinih-organizacija-za-kvaliteniji-zivot-u-podgorici\/"]}]},{"@type":"ImageObject","inLanguage":"me-ME","@id":"https:\/\/www.evropskakuca.me\/me\/devet-novih-projekata-nevladinih-organizacija-za-kvaliteniji-zivot-u-podgorici\/#primaryimage","url":"https:\/\/www.evropskakuca.me\/wp-content\/uploads\/2019\/11\/ReLoad-002.jpg","contentUrl":"https:\/\/www.evropskakuca.me\/wp-content\/uploads\/2019\/11\/ReLoad-002.jpg","width":1030,"height":491},{"@type":"BreadcrumbList","@id":"https:\/\/www.evropskakuca.me\/me\/devet-novih-projekata-nevladinih-organizacija-za-kvaliteniji-zivot-u-podgorici\/#breadcrumb","itemListElement":[{"@type":"ListItem","position":1,"name":"Home","item":"https:\/\/www.evropskakuca.me\/me\/"},{"@type":"ListItem","position":2,"name":"Devet novih projekata nevladinih organizacija za kvaliteniji \u017eivot u Podgorici"}]},{"@type":"WebSite","@id":"https:\/\/www.evropskakuca.me\/me\/#website","url":"https:\/\/www.evropskakuca.me\/me\/","name":"Evropean house","description":"","publisher":{"@id":"https:\/\/www.evropskakuca.me\/me\/#organization"},"potentialAction":[{"@type":"SearchAction","target":{"@type":"EntryPoint","urlTemplate":"https:\/\/www.evropskakuca.me\/me\/?s={search_term_string}"},"query-input":{"@type":"PropertyValueSpecification","valueRequired":true,"valueName":"search_term_string"}}],"inLanguage":"me-ME"},{"@type":"Organization","@id":"https:\/\/www.evropskakuca.me\/me\/#organization","name":"Evropean house","url":"https:\/\/www.evropskakuca.me\/me\/","logo":{"@type":"ImageObject","inLanguage":"me-ME","@id":"https:\/\/www.evropskakuca.me\/me\/#\/schema\/logo\/image\/","url":"https:\/\/www.evropskakuca.me\/wp-content\/uploads\/2025\/01\/evropska-kuca-logo-1.png","contentUrl":"https:\/\/www.evropskakuca.me\/wp-content\/uploads\/2025\/01\/evropska-kuca-logo-1.png","width":425,"height":312,"caption":"Evropean house"},"image":{"@id":"https:\/\/www.evropskakuca.me\/me\/#\/schema\/logo\/image\/"},"sameAs":["https:\/\/www.facebook.com\/evropska.kuca","https:\/\/x.com\/evropska_kuca","https:\/\/www.instagram.com\/evropska_kuca"]},{"@type":"Person","@id":"https:\/\/www.evropskakuca.me\/me\/#\/schema\/person\/a1d0dcdaefe4a1cd1d60d200ea137ba4","name":"mkajic","image":{"@type":"ImageObject","inLanguage":"me-ME","@id":"https:\/\/secure.gravatar.com\/avatar\/731fa035cefab7316e6bafd1f25a93fb731a07de14e2d9923f8db4422628eabc?s=96&d=mm&r=g","url":"https:\/\/secure.gravatar.com\/avatar\/731fa035cefab7316e6bafd1f25a93fb731a07de14e2d9923f8db4422628eabc?s=96&d=mm&r=g","contentUrl":"https:\/\/secure.gravatar.com\/avatar\/731fa035cefab7316e6bafd1f25a93fb731a07de14e2d9923f8db4422628eabc?s=96&d=mm&r=g","caption":"mkajic"},"sameAs":["https:\/\/evropskakuca.me"],"url":"https:\/\/www.evropskakuca.me\/me\/author\/mkajic\/"}]}},"_links":{"self":[{"href":"https:\/\/www.evropskakuca.me\/me\/wp-json\/wp\/v2\/posts\/7466","targetHints":{"allow":["GET"]}}],"collection":[{"href":"https:\/\/www.evropskakuca.me\/me\/wp-json\/wp\/v2\/posts"}],"about":[{"href":"https:\/\/www.evropskakuca.me\/me\/wp-json\/wp\/v2\/types\/post"}],"author":[{"embeddable":true,"href":"https:\/\/www.evropskakuca.me\/me\/wp-json\/wp\/v2\/users\/1"}],"replies":[{"embeddable":true,"href":"https:\/\/www.evropskakuca.me\/me\/wp-json\/wp\/v2\/comments?post=7466"}],"version-history":[{"count":0,"href":"https:\/\/www.evropskakuca.me\/me\/wp-json\/wp\/v2\/posts\/7466\/revisions"}],"wp:featuredmedia":[{"embeddable":true,"href":"https:\/\/www.evropskakuca.me\/me\/wp-json\/wp\/v2\/media\/34719"}],"wp:attachment":[{"href":"https:\/\/www.evropskakuca.me\/me\/wp-json\/wp\/v2\/media?parent=7466"}],"wp:term":[{"taxonomy":"category","embeddable":true,"href":"https:\/\/www.evropskakuca.me\/me\/wp-json\/wp\/v2\/categories?post=7466"},{"taxonomy":"post_tag","embeddable":true,"href":"https:\/\/www.evropskakuca.me\/me\/wp-json\/wp\/v2\/tags?post=7466"}],"curies":[{"name":"wp","href":"https:\/\/api.w.org\/{rel}","templated":true}]}}