{"id":7449,"date":"2019-11-05T12:14:59","date_gmt":"2019-11-05T12:14:59","guid":{"rendered":"http:\/\/www.evropskakuca.me\/?p=7449"},"modified":"2019-11-05T12:14:59","modified_gmt":"2019-11-05T12:14:59","slug":"program-kreativna-evropa-poziv-za-projekte-saradnje-otvoren-do-27-novembra","status":"publish","type":"post","link":"https:\/\/www.evropskakuca.me\/me\/program-kreativna-evropa-poziv-za-projekte-saradnje-otvoren-do-27-novembra\/","title":{"rendered":"Program Kreativna Evropa: Poziv za projekte saradnje otvoren do 27. novembra"},"content":{"rendered":"<p>Evropska agencija za kulturu, obrazovanje i audiovizuelnu djelatnost (EACEA) objavila je konkurs za projekte saradnje u okviru programa Kreativna Evropa, potprogram Kultura. Poziv je otvoren do 27. novembra i namijenjen je institucijama i organizacijama koje su aktivne u kulturnom i kreativnom sektoru, i osnovane su u nekoj od zemalja u\u010desnica u programu, me\u0111u kojima je i Crna Gora. Fizi\u010dka lica ne mogu u\u010destvovati na ovom konkursu.<\/p>\n<p>Uslovi konkursa predstavljeni su na Info danu koji su Ministarstvo kulture Crne Gore i Desk za Kreativnu Evropu organizovali u EU info centru. Kao primjeri uspje\u0161nog kori\u0161\u0107enja fonda Kreativna Evropa i partnerstva sa referentnim evropskim muzi\u010dkim institucijama, ovom prilikom su predstavljeni projekti Muzi\u010dkog centra Crne Gore \u201eMusic Up Close Network\u201c i \u201eEuro Strings\u201c,.<\/p>\n<p><img fetchpriority=\"high\" decoding=\"async\" class=\"alignnone size-large wp-image-7452\" src=\"http:\/\/www.evropskakuca.me\/wp-content\/uploads\/2019\/11\/Info-dan-glavna-002-002-1024x768.jpg\" alt=\"\" width=\"1024\" height=\"768\" \/><\/p>\n<p>Okupljenim predstavnicima institucija kulture, lokalnih samouprava i nevladinih organizacija obja\u0161njeno jo da predlo\u017eeni projekti moraju biti u skladu sa osnovnim prioritetima konkursa:<\/p>\n<p>&#8211; unapre\u0111enje transnacionalne mobilnosti umjetnika i profesionalaca u cilju omogu\u0107avanja saradnje na me\u0111unarodnom nivou;<\/p>\n<p>&#8211; podr\u0161ka razvoju publike kako bi se pove\u0107alo interesovanje i olak\u0161ao pristup evropskim kulturnim i umjetni\u010dkim djelima, kao i materijalnoj i nematerijalnoj kulturnoj ba\u0161tini, s posebnim akcentom na djecu, mlade ljude, osobe sa smetnjama u razvoju i manje zastupljene grupe;<\/p>\n<p>&#8211; izgradnja kapaciteta kroz inovativne pristupe stvarala\u0161tvu i razvoju novih modela upravljanja i marketinga u oblasti kulture;<\/p>\n<p>&#8211; pospje\u0161ivanje interkulturnog dijaloga, ja\u010danje zajedni\u010dkih EU vrijednosti, razumijevanja i po\u0161tovanja ostalih kultura, uz podr\u0161ku socijalnoj inkluziji migranata i izbjeglica;<\/p>\n<p>&#8211; dalje popularisanje vrijednosti Evropske godine kulturne ba\u0161tine kroz podizanje svijesti o zajedni\u010dkoj istoriji i pripadnosti evropskoj zajednici.<\/p>\n<p>Konkurs je otvoren za neprofitne projekte koji traju najvi\u0161e 48 mjeseci, a prijave su mogu\u0107e za jednu od dvije kategorije:<\/p>\n<p>&#8211; manji projekti saradnje (tra\u017eeni iznos granta nije ve\u0107i od 200.000 eura, \u0161to predstavlja 60% prihvatljivog bud\u017eeta; projekat podrazumijeva glavnog partnera i dva projektna partnera);<\/p>\n<p>&#8211; ve\u0107i projekti saradnje (tra\u017eeni iznos granta nije ve\u0107i od 2.000.000 eura, \u0161to je 50% ukupnog bud\u017eeta; projekat podrazumijeva glavnog partnera i pet projektnih partnera).<\/p>\n<p>Vi\u0161e informacija o konkursu mo\u017eete prona\u0107i u\u00a0<a href=\"https:\/\/www.kreativnaevropa.me\/images\/novosti\/Poziv-2020.pdf\">pozivu<\/a>\u00a0i\u00a0<a href=\"https:\/\/www.kreativnaevropa.me\/images\/novosti\/Vodic-2020.pdf\">vodi\u010du<\/a>\u00a0za evropske projekte saradnje.<\/p>\n","protected":false},"excerpt":{"rendered":"<p>Za institucije i organizacije aktivne u kulturnom i kreativnom sektoru<\/p>\n","protected":false},"author":1,"featured_media":34731,"comment_status":"open","ping_status":"open","sticky":false,"template":"","format":"standard","meta":{"_acf_changed":false,"footnotes":""},"categories":[1],"tags":[],"class_list":["post-7449","post","type-post","status-publish","format-standard","has-post-thumbnail","hentry","category-uncategorized"],"acf":[],"yoast_head":"<!-- This site is optimized with the Yoast SEO plugin v27.3 - https:\/\/yoast.com\/product\/yoast-seo-wordpress\/ -->\n<title>Program Kreativna Evropa: Poziv za projekte saradnje otvoren do 27. novembra - Europe House<\/title>\n<meta name=\"robots\" content=\"index, follow, max-snippet:-1, max-image-preview:large, max-video-preview:-1\" \/>\n<link rel=\"canonical\" href=\"https:\/\/www.evropskakuca.me\/me\/program-kreativna-evropa-poziv-za-projekte-saradnje-otvoren-do-27-novembra\/\" \/>\n<meta property=\"og:locale\" content=\"en_US\" \/>\n<meta property=\"og:type\" content=\"article\" \/>\n<meta property=\"og:title\" content=\"Program Kreativna Evropa: Poziv za projekte saradnje otvoren do 27. novembra - Europe House\" \/>\n<meta property=\"og:description\" content=\"Za institucije i organizacije aktivne u kulturnom i kreativnom sektoru\" \/>\n<meta property=\"og:url\" content=\"https:\/\/www.evropskakuca.me\/me\/program-kreativna-evropa-poziv-za-projekte-saradnje-otvoren-do-27-novembra\/\" \/>\n<meta property=\"og:site_name\" content=\"Europe House\" \/>\n<meta property=\"article:publisher\" content=\"https:\/\/www.facebook.com\/evropska.kuca\" \/>\n<meta property=\"article:published_time\" content=\"2019-11-05T12:14:59+00:00\" \/>\n<meta property=\"og:image\" content=\"https:\/\/www.evropskakuca.me\/wp-content\/uploads\/2019\/11\/creative-europe-00-002-002.png\" \/>\n\t<meta property=\"og:image:width\" content=\"1000\" \/>\n\t<meta property=\"og:image:height\" content=\"723\" \/>\n\t<meta property=\"og:image:type\" content=\"image\/png\" \/>\n<meta name=\"author\" content=\"mkajic\" \/>\n<meta name=\"twitter:card\" content=\"summary_large_image\" \/>\n<meta name=\"twitter:creator\" content=\"@evropska_kuca\" \/>\n<meta name=\"twitter:site\" content=\"@evropska_kuca\" \/>\n<meta name=\"twitter:label1\" content=\"Written by\" \/>\n\t<meta name=\"twitter:data1\" content=\"mkajic\" \/>\n\t<meta name=\"twitter:label2\" content=\"Est. reading time\" \/>\n\t<meta name=\"twitter:data2\" content=\"2 minutes\" \/>\n<script type=\"application\/ld+json\" class=\"yoast-schema-graph\">{\"@context\":\"https:\\\/\\\/schema.org\",\"@graph\":[{\"@type\":\"Article\",\"@id\":\"https:\\\/\\\/www.evropskakuca.me\\\/me\\\/program-kreativna-evropa-poziv-za-projekte-saradnje-otvoren-do-27-novembra\\\/#article\",\"isPartOf\":{\"@id\":\"https:\\\/\\\/www.evropskakuca.me\\\/me\\\/program-kreativna-evropa-poziv-za-projekte-saradnje-otvoren-do-27-novembra\\\/\"},\"author\":{\"name\":\"mkajic\",\"@id\":\"https:\\\/\\\/www.evropskakuca.me\\\/me\\\/#\\\/schema\\\/person\\\/a1d0dcdaefe4a1cd1d60d200ea137ba4\"},\"headline\":\"Program Kreativna Evropa: Poziv za projekte saradnje otvoren do 27. novembra\",\"datePublished\":\"2019-11-05T12:14:59+00:00\",\"mainEntityOfPage\":{\"@id\":\"https:\\\/\\\/www.evropskakuca.me\\\/me\\\/program-kreativna-evropa-poziv-za-projekte-saradnje-otvoren-do-27-novembra\\\/\"},\"wordCount\":377,\"commentCount\":0,\"publisher\":{\"@id\":\"https:\\\/\\\/www.evropskakuca.me\\\/me\\\/#organization\"},\"image\":{\"@id\":\"https:\\\/\\\/www.evropskakuca.me\\\/me\\\/program-kreativna-evropa-poziv-za-projekte-saradnje-otvoren-do-27-novembra\\\/#primaryimage\"},\"thumbnailUrl\":\"https:\\\/\\\/www.evropskakuca.me\\\/wp-content\\\/uploads\\\/2019\\\/11\\\/creative-europe-00-002-002.png\",\"inLanguage\":\"me-ME\",\"potentialAction\":[{\"@type\":\"CommentAction\",\"name\":\"Comment\",\"target\":[\"https:\\\/\\\/www.evropskakuca.me\\\/me\\\/program-kreativna-evropa-poziv-za-projekte-saradnje-otvoren-do-27-novembra\\\/#respond\"]}]},{\"@type\":\"WebPage\",\"@id\":\"https:\\\/\\\/www.evropskakuca.me\\\/me\\\/program-kreativna-evropa-poziv-za-projekte-saradnje-otvoren-do-27-novembra\\\/\",\"url\":\"https:\\\/\\\/www.evropskakuca.me\\\/me\\\/program-kreativna-evropa-poziv-za-projekte-saradnje-otvoren-do-27-novembra\\\/\",\"name\":\"Program Kreativna Evropa: Poziv za projekte saradnje otvoren do 27. novembra - Europe House\",\"isPartOf\":{\"@id\":\"https:\\\/\\\/www.evropskakuca.me\\\/me\\\/#website\"},\"primaryImageOfPage\":{\"@id\":\"https:\\\/\\\/www.evropskakuca.me\\\/me\\\/program-kreativna-evropa-poziv-za-projekte-saradnje-otvoren-do-27-novembra\\\/#primaryimage\"},\"image\":{\"@id\":\"https:\\\/\\\/www.evropskakuca.me\\\/me\\\/program-kreativna-evropa-poziv-za-projekte-saradnje-otvoren-do-27-novembra\\\/#primaryimage\"},\"thumbnailUrl\":\"https:\\\/\\\/www.evropskakuca.me\\\/wp-content\\\/uploads\\\/2019\\\/11\\\/creative-europe-00-002-002.png\",\"datePublished\":\"2019-11-05T12:14:59+00:00\",\"breadcrumb\":{\"@id\":\"https:\\\/\\\/www.evropskakuca.me\\\/me\\\/program-kreativna-evropa-poziv-za-projekte-saradnje-otvoren-do-27-novembra\\\/#breadcrumb\"},\"inLanguage\":\"me-ME\",\"potentialAction\":[{\"@type\":\"ReadAction\",\"target\":[\"https:\\\/\\\/www.evropskakuca.me\\\/me\\\/program-kreativna-evropa-poziv-za-projekte-saradnje-otvoren-do-27-novembra\\\/\"]}]},{\"@type\":\"ImageObject\",\"inLanguage\":\"me-ME\",\"@id\":\"https:\\\/\\\/www.evropskakuca.me\\\/me\\\/program-kreativna-evropa-poziv-za-projekte-saradnje-otvoren-do-27-novembra\\\/#primaryimage\",\"url\":\"https:\\\/\\\/www.evropskakuca.me\\\/wp-content\\\/uploads\\\/2019\\\/11\\\/creative-europe-00-002-002.png\",\"contentUrl\":\"https:\\\/\\\/www.evropskakuca.me\\\/wp-content\\\/uploads\\\/2019\\\/11\\\/creative-europe-00-002-002.png\",\"width\":1000,\"height\":723},{\"@type\":\"BreadcrumbList\",\"@id\":\"https:\\\/\\\/www.evropskakuca.me\\\/me\\\/program-kreativna-evropa-poziv-za-projekte-saradnje-otvoren-do-27-novembra\\\/#breadcrumb\",\"itemListElement\":[{\"@type\":\"ListItem\",\"position\":1,\"name\":\"Home\",\"item\":\"https:\\\/\\\/www.evropskakuca.me\\\/me\\\/\"},{\"@type\":\"ListItem\",\"position\":2,\"name\":\"Program Kreativna Evropa: Poziv za projekte saradnje otvoren do 27. novembra\"}]},{\"@type\":\"WebSite\",\"@id\":\"https:\\\/\\\/www.evropskakuca.me\\\/me\\\/#website\",\"url\":\"https:\\\/\\\/www.evropskakuca.me\\\/me\\\/\",\"name\":\"Evropean house\",\"description\":\"\",\"publisher\":{\"@id\":\"https:\\\/\\\/www.evropskakuca.me\\\/me\\\/#organization\"},\"potentialAction\":[{\"@type\":\"SearchAction\",\"target\":{\"@type\":\"EntryPoint\",\"urlTemplate\":\"https:\\\/\\\/www.evropskakuca.me\\\/me\\\/?s={search_term_string}\"},\"query-input\":{\"@type\":\"PropertyValueSpecification\",\"valueRequired\":true,\"valueName\":\"search_term_string\"}}],\"inLanguage\":\"me-ME\"},{\"@type\":\"Organization\",\"@id\":\"https:\\\/\\\/www.evropskakuca.me\\\/me\\\/#organization\",\"name\":\"Evropean house\",\"url\":\"https:\\\/\\\/www.evropskakuca.me\\\/me\\\/\",\"logo\":{\"@type\":\"ImageObject\",\"inLanguage\":\"me-ME\",\"@id\":\"https:\\\/\\\/www.evropskakuca.me\\\/me\\\/#\\\/schema\\\/logo\\\/image\\\/\",\"url\":\"https:\\\/\\\/www.evropskakuca.me\\\/wp-content\\\/uploads\\\/2025\\\/01\\\/evropska-kuca-logo-1.png\",\"contentUrl\":\"https:\\\/\\\/www.evropskakuca.me\\\/wp-content\\\/uploads\\\/2025\\\/01\\\/evropska-kuca-logo-1.png\",\"width\":425,\"height\":312,\"caption\":\"Evropean house\"},\"image\":{\"@id\":\"https:\\\/\\\/www.evropskakuca.me\\\/me\\\/#\\\/schema\\\/logo\\\/image\\\/\"},\"sameAs\":[\"https:\\\/\\\/www.facebook.com\\\/evropska.kuca\",\"https:\\\/\\\/x.com\\\/evropska_kuca\",\"https:\\\/\\\/www.instagram.com\\\/evropska_kuca\"]},{\"@type\":\"Person\",\"@id\":\"https:\\\/\\\/www.evropskakuca.me\\\/me\\\/#\\\/schema\\\/person\\\/a1d0dcdaefe4a1cd1d60d200ea137ba4\",\"name\":\"mkajic\",\"image\":{\"@type\":\"ImageObject\",\"inLanguage\":\"me-ME\",\"@id\":\"https:\\\/\\\/secure.gravatar.com\\\/avatar\\\/731fa035cefab7316e6bafd1f25a93fb731a07de14e2d9923f8db4422628eabc?s=96&d=mm&r=g\",\"url\":\"https:\\\/\\\/secure.gravatar.com\\\/avatar\\\/731fa035cefab7316e6bafd1f25a93fb731a07de14e2d9923f8db4422628eabc?s=96&d=mm&r=g\",\"contentUrl\":\"https:\\\/\\\/secure.gravatar.com\\\/avatar\\\/731fa035cefab7316e6bafd1f25a93fb731a07de14e2d9923f8db4422628eabc?s=96&d=mm&r=g\",\"caption\":\"mkajic\"},\"sameAs\":[\"https:\\\/\\\/evropskakuca.me\"],\"url\":\"https:\\\/\\\/www.evropskakuca.me\\\/me\\\/author\\\/mkajic\\\/\"}]}<\/script>\n<!-- \/ Yoast SEO plugin. -->","yoast_head_json":{"title":"Program Kreativna Evropa: Poziv za projekte saradnje otvoren do 27. novembra - Europe House","robots":{"index":"index","follow":"follow","max-snippet":"max-snippet:-1","max-image-preview":"max-image-preview:large","max-video-preview":"max-video-preview:-1"},"canonical":"https:\/\/www.evropskakuca.me\/me\/program-kreativna-evropa-poziv-za-projekte-saradnje-otvoren-do-27-novembra\/","og_locale":"en_US","og_type":"article","og_title":"Program Kreativna Evropa: Poziv za projekte saradnje otvoren do 27. novembra - Europe House","og_description":"Za institucije i organizacije aktivne u kulturnom i kreativnom sektoru","og_url":"https:\/\/www.evropskakuca.me\/me\/program-kreativna-evropa-poziv-za-projekte-saradnje-otvoren-do-27-novembra\/","og_site_name":"Europe House","article_publisher":"https:\/\/www.facebook.com\/evropska.kuca","article_published_time":"2019-11-05T12:14:59+00:00","og_image":[{"width":1000,"height":723,"url":"https:\/\/www.evropskakuca.me\/wp-content\/uploads\/2019\/11\/creative-europe-00-002-002.png","type":"image\/png"}],"author":"mkajic","twitter_card":"summary_large_image","twitter_creator":"@evropska_kuca","twitter_site":"@evropska_kuca","twitter_misc":{"Written by":"mkajic","Est. reading time":"2 minutes"},"schema":{"@context":"https:\/\/schema.org","@graph":[{"@type":"Article","@id":"https:\/\/www.evropskakuca.me\/me\/program-kreativna-evropa-poziv-za-projekte-saradnje-otvoren-do-27-novembra\/#article","isPartOf":{"@id":"https:\/\/www.evropskakuca.me\/me\/program-kreativna-evropa-poziv-za-projekte-saradnje-otvoren-do-27-novembra\/"},"author":{"name":"mkajic","@id":"https:\/\/www.evropskakuca.me\/me\/#\/schema\/person\/a1d0dcdaefe4a1cd1d60d200ea137ba4"},"headline":"Program Kreativna Evropa: Poziv za projekte saradnje otvoren do 27. novembra","datePublished":"2019-11-05T12:14:59+00:00","mainEntityOfPage":{"@id":"https:\/\/www.evropskakuca.me\/me\/program-kreativna-evropa-poziv-za-projekte-saradnje-otvoren-do-27-novembra\/"},"wordCount":377,"commentCount":0,"publisher":{"@id":"https:\/\/www.evropskakuca.me\/me\/#organization"},"image":{"@id":"https:\/\/www.evropskakuca.me\/me\/program-kreativna-evropa-poziv-za-projekte-saradnje-otvoren-do-27-novembra\/#primaryimage"},"thumbnailUrl":"https:\/\/www.evropskakuca.me\/wp-content\/uploads\/2019\/11\/creative-europe-00-002-002.png","inLanguage":"me-ME","potentialAction":[{"@type":"CommentAction","name":"Comment","target":["https:\/\/www.evropskakuca.me\/me\/program-kreativna-evropa-poziv-za-projekte-saradnje-otvoren-do-27-novembra\/#respond"]}]},{"@type":"WebPage","@id":"https:\/\/www.evropskakuca.me\/me\/program-kreativna-evropa-poziv-za-projekte-saradnje-otvoren-do-27-novembra\/","url":"https:\/\/www.evropskakuca.me\/me\/program-kreativna-evropa-poziv-za-projekte-saradnje-otvoren-do-27-novembra\/","name":"Program Kreativna Evropa: Poziv za projekte saradnje otvoren do 27. novembra - Europe House","isPartOf":{"@id":"https:\/\/www.evropskakuca.me\/me\/#website"},"primaryImageOfPage":{"@id":"https:\/\/www.evropskakuca.me\/me\/program-kreativna-evropa-poziv-za-projekte-saradnje-otvoren-do-27-novembra\/#primaryimage"},"image":{"@id":"https:\/\/www.evropskakuca.me\/me\/program-kreativna-evropa-poziv-za-projekte-saradnje-otvoren-do-27-novembra\/#primaryimage"},"thumbnailUrl":"https:\/\/www.evropskakuca.me\/wp-content\/uploads\/2019\/11\/creative-europe-00-002-002.png","datePublished":"2019-11-05T12:14:59+00:00","breadcrumb":{"@id":"https:\/\/www.evropskakuca.me\/me\/program-kreativna-evropa-poziv-za-projekte-saradnje-otvoren-do-27-novembra\/#breadcrumb"},"inLanguage":"me-ME","potentialAction":[{"@type":"ReadAction","target":["https:\/\/www.evropskakuca.me\/me\/program-kreativna-evropa-poziv-za-projekte-saradnje-otvoren-do-27-novembra\/"]}]},{"@type":"ImageObject","inLanguage":"me-ME","@id":"https:\/\/www.evropskakuca.me\/me\/program-kreativna-evropa-poziv-za-projekte-saradnje-otvoren-do-27-novembra\/#primaryimage","url":"https:\/\/www.evropskakuca.me\/wp-content\/uploads\/2019\/11\/creative-europe-00-002-002.png","contentUrl":"https:\/\/www.evropskakuca.me\/wp-content\/uploads\/2019\/11\/creative-europe-00-002-002.png","width":1000,"height":723},{"@type":"BreadcrumbList","@id":"https:\/\/www.evropskakuca.me\/me\/program-kreativna-evropa-poziv-za-projekte-saradnje-otvoren-do-27-novembra\/#breadcrumb","itemListElement":[{"@type":"ListItem","position":1,"name":"Home","item":"https:\/\/www.evropskakuca.me\/me\/"},{"@type":"ListItem","position":2,"name":"Program Kreativna Evropa: Poziv za projekte saradnje otvoren do 27. novembra"}]},{"@type":"WebSite","@id":"https:\/\/www.evropskakuca.me\/me\/#website","url":"https:\/\/www.evropskakuca.me\/me\/","name":"Evropean house","description":"","publisher":{"@id":"https:\/\/www.evropskakuca.me\/me\/#organization"},"potentialAction":[{"@type":"SearchAction","target":{"@type":"EntryPoint","urlTemplate":"https:\/\/www.evropskakuca.me\/me\/?s={search_term_string}"},"query-input":{"@type":"PropertyValueSpecification","valueRequired":true,"valueName":"search_term_string"}}],"inLanguage":"me-ME"},{"@type":"Organization","@id":"https:\/\/www.evropskakuca.me\/me\/#organization","name":"Evropean house","url":"https:\/\/www.evropskakuca.me\/me\/","logo":{"@type":"ImageObject","inLanguage":"me-ME","@id":"https:\/\/www.evropskakuca.me\/me\/#\/schema\/logo\/image\/","url":"https:\/\/www.evropskakuca.me\/wp-content\/uploads\/2025\/01\/evropska-kuca-logo-1.png","contentUrl":"https:\/\/www.evropskakuca.me\/wp-content\/uploads\/2025\/01\/evropska-kuca-logo-1.png","width":425,"height":312,"caption":"Evropean house"},"image":{"@id":"https:\/\/www.evropskakuca.me\/me\/#\/schema\/logo\/image\/"},"sameAs":["https:\/\/www.facebook.com\/evropska.kuca","https:\/\/x.com\/evropska_kuca","https:\/\/www.instagram.com\/evropska_kuca"]},{"@type":"Person","@id":"https:\/\/www.evropskakuca.me\/me\/#\/schema\/person\/a1d0dcdaefe4a1cd1d60d200ea137ba4","name":"mkajic","image":{"@type":"ImageObject","inLanguage":"me-ME","@id":"https:\/\/secure.gravatar.com\/avatar\/731fa035cefab7316e6bafd1f25a93fb731a07de14e2d9923f8db4422628eabc?s=96&d=mm&r=g","url":"https:\/\/secure.gravatar.com\/avatar\/731fa035cefab7316e6bafd1f25a93fb731a07de14e2d9923f8db4422628eabc?s=96&d=mm&r=g","contentUrl":"https:\/\/secure.gravatar.com\/avatar\/731fa035cefab7316e6bafd1f25a93fb731a07de14e2d9923f8db4422628eabc?s=96&d=mm&r=g","caption":"mkajic"},"sameAs":["https:\/\/evropskakuca.me"],"url":"https:\/\/www.evropskakuca.me\/me\/author\/mkajic\/"}]}},"_links":{"self":[{"href":"https:\/\/www.evropskakuca.me\/me\/wp-json\/wp\/v2\/posts\/7449","targetHints":{"allow":["GET"]}}],"collection":[{"href":"https:\/\/www.evropskakuca.me\/me\/wp-json\/wp\/v2\/posts"}],"about":[{"href":"https:\/\/www.evropskakuca.me\/me\/wp-json\/wp\/v2\/types\/post"}],"author":[{"embeddable":true,"href":"https:\/\/www.evropskakuca.me\/me\/wp-json\/wp\/v2\/users\/1"}],"replies":[{"embeddable":true,"href":"https:\/\/www.evropskakuca.me\/me\/wp-json\/wp\/v2\/comments?post=7449"}],"version-history":[{"count":0,"href":"https:\/\/www.evropskakuca.me\/me\/wp-json\/wp\/v2\/posts\/7449\/revisions"}],"wp:featuredmedia":[{"embeddable":true,"href":"https:\/\/www.evropskakuca.me\/me\/wp-json\/wp\/v2\/media\/34731"}],"wp:attachment":[{"href":"https:\/\/www.evropskakuca.me\/me\/wp-json\/wp\/v2\/media?parent=7449"}],"wp:term":[{"taxonomy":"category","embeddable":true,"href":"https:\/\/www.evropskakuca.me\/me\/wp-json\/wp\/v2\/categories?post=7449"},{"taxonomy":"post_tag","embeddable":true,"href":"https:\/\/www.evropskakuca.me\/me\/wp-json\/wp\/v2\/tags?post=7449"}],"curies":[{"name":"wp","href":"https:\/\/api.w.org\/{rel}","templated":true}]}}