{"id":7447,"date":"2019-11-04T13:36:05","date_gmt":"2019-11-04T13:36:05","guid":{"rendered":"http:\/\/www.evropskakuca.me\/me\/?p=7447"},"modified":"2019-11-04T13:36:05","modified_gmt":"2019-11-04T13:36:05","slug":"zabrinjavajuce-rezultate-pokazao-izvjestaj-sindikata-medija-crne-gore-novi-mediji-a-stari-problemi","status":"publish","type":"post","link":"https:\/\/www.evropskakuca.me\/me\/zabrinjavajuce-rezultate-pokazao-izvjestaj-sindikata-medija-crne-gore-novi-mediji-a-stari-problemi\/","title":{"rendered":"Zabrinjavaju\u0107e rezultate pokazao izvje\u0161taj Sindikata medija Crne Gore \u201cNovi mediji, a stari problemi\u201d"},"content":{"rendered":"<p>Svaki drugi zaposleni u crnogorskim online medijima ne prima nadoknadu za prekovremeni rad, saop\u0161teno je na predstavljanju Izvje\u0161taja Sindikata medija Crne Gore (SMCG)\u00a0\u201eNovi mediji &#8211; stari problemi 2019\u201c u EU info centru. Istra\u017eivanje o stanju u digitalnim medijima je pokazalo da 63% anketiranih radi prekovremeno, a samo ne\u0161to vi\u0161e od 13% ima taj luksuz da posao zavr\u0161i u toku regularnog radnog vremena.<\/p>\n<p>\u201cSvaki drugi zaposleni nikada ne dobije nadoknadu za taj prekovremeni rad. Tako\u0111e, iako su gotovo svi zaposleni, ponekad ili uvijek, zadu\u017eeni za neki dodatni posao, njih 73,3% nije dodatno pla\u0107eno za taj posao\u201d, kazala je autorka istra\u017eivaja Bojana Lakovi\u0107-Konatar.<\/p>\n<p>Najve\u0107i broj anketiranih je kazao da je njihova plata od 500-600 eura, te da je primaju redovno (73%) i preko ra\u010duna u banci (83%).<\/p>\n<p>\u201cAli ima i onih koji dio zarade primaju \u2018na ruke\u2019, odnosno nezakonito, \u0161to je praksa koja se mora prekinuti\u201d, upozorila je Lakovi\u0107-Konatar.<\/p>\n<p>Predsjednica Sindikata medija Crne Gore Marijana Camovi\u0107 je naglasila da bi online mediji trebalo da po\u0161tuju zakone, posebno one koje reguli\u0161u radno vrijeme i rad u toku praznika, i na taj na\u010din zaposlenima omogu\u0107e dostojanstvene uslove rada i odgovaraju\u0107e radno vrijeme.<\/p>\n<p>\u201eZaposleni u digitalnim medijima bi, kao jedan od na\u010dina unapre\u0111enja svog polo\u017eaja, trebalo da razmotre mogu\u0107nost sindikalnog organizovanja i udru\u017eivanja u sindikate u zna\u010dajnijoj mjeri nego \u0161to je to sada slu\u010daj\u201d, kazala je Camovi\u0107.<\/p>\n<p>Trenutno je na sajtu Agencije za elektronske medije registrovana 61 elektronska publikacija, od tog broja je 45 informativnih medija. Me\u0111utim, brojni informativni mediji jo\u0161 nijesu pristupili registraciji, a problemati\u010dno je i to \u0161to se na isti na\u010din registruju i mediji i web sajtovi pojedinih nevladinih organizacija, \u0161to ote\u017eava evidenciju. Izvje\u0161taj sumira nalaze dvogodi\u0161njeg istra\u017eivanja i monitoringa stanja u online medijima. Dokument je dio projekta \u201eUnion to Union \u2013 Digital media organizing campaign 2019\u201c, koji Sindikat medija Crne Gore sprovodi tradicionalno uz podr\u0161ku Me\u0111unarodne federacije novinara (IFJ) i Sindikata novinara \u0160vedske.<\/p>\n<p>&nbsp;<\/p>\n<p>&nbsp;<\/p>\n","protected":false},"excerpt":{"rendered":"<p>Vi\u0161e od polovine novinara u online medijima radi prekovremeno <\/p>\n","protected":false},"author":1,"featured_media":34813,"comment_status":"open","ping_status":"open","sticky":false,"template":"","format":"standard","meta":{"_acf_changed":false,"footnotes":""},"categories":[],"tags":[],"class_list":["post-7447","post","type-post","status-publish","format-standard","has-post-thumbnail","hentry"],"acf":[],"yoast_head":"<!-- This site is optimized with the Yoast SEO plugin v27.3 - https:\/\/yoast.com\/product\/yoast-seo-wordpress\/ -->\n<title>Zabrinjavaju\u0107e rezultate pokazao izvje\u0161taj Sindikata medija Crne Gore \u201cNovi mediji, a stari problemi\u201d - Europe House<\/title>\n<meta name=\"robots\" content=\"index, follow, max-snippet:-1, max-image-preview:large, max-video-preview:-1\" \/>\n<link rel=\"canonical\" href=\"https:\/\/www.evropskakuca.me\/me\/zabrinjavajuce-rezultate-pokazao-izvjestaj-sindikata-medija-crne-gore-novi-mediji-a-stari-problemi\/\" \/>\n<meta property=\"og:locale\" content=\"en_US\" \/>\n<meta property=\"og:type\" content=\"article\" \/>\n<meta property=\"og:title\" content=\"Zabrinjavaju\u0107e rezultate pokazao izvje\u0161taj Sindikata medija Crne Gore \u201cNovi mediji, a stari problemi\u201d - Europe House\" \/>\n<meta property=\"og:description\" content=\"Vi\u0161e od polovine novinara u online medijima radi prekovremeno\" \/>\n<meta property=\"og:url\" content=\"https:\/\/www.evropskakuca.me\/me\/zabrinjavajuce-rezultate-pokazao-izvjestaj-sindikata-medija-crne-gore-novi-mediji-a-stari-problemi\/\" \/>\n<meta property=\"og:site_name\" content=\"Europe House\" \/>\n<meta property=\"article:publisher\" content=\"https:\/\/www.facebook.com\/evropska.kuca\" \/>\n<meta property=\"article:published_time\" content=\"2019-11-04T13:36:05+00:00\" \/>\n<meta property=\"og:image\" content=\"https:\/\/www.evropskakuca.me\/wp-content\/uploads\/2019\/11\/office-1209640_1280-002-1.jpg\" \/>\n\t<meta property=\"og:image:width\" content=\"1280\" \/>\n\t<meta property=\"og:image:height\" content=\"854\" \/>\n\t<meta property=\"og:image:type\" content=\"image\/jpeg\" \/>\n<meta name=\"author\" content=\"mkajic\" \/>\n<meta name=\"twitter:card\" content=\"summary_large_image\" \/>\n<meta name=\"twitter:creator\" content=\"@evropska_kuca\" \/>\n<meta name=\"twitter:site\" content=\"@evropska_kuca\" \/>\n<meta name=\"twitter:label1\" content=\"Written by\" \/>\n\t<meta name=\"twitter:data1\" content=\"mkajic\" \/>\n\t<meta name=\"twitter:label2\" content=\"Est. reading time\" \/>\n\t<meta name=\"twitter:data2\" content=\"2 minutes\" \/>\n<script type=\"application\/ld+json\" class=\"yoast-schema-graph\">{\"@context\":\"https:\\\/\\\/schema.org\",\"@graph\":[{\"@type\":\"Article\",\"@id\":\"https:\\\/\\\/www.evropskakuca.me\\\/me\\\/zabrinjavajuce-rezultate-pokazao-izvjestaj-sindikata-medija-crne-gore-novi-mediji-a-stari-problemi\\\/#article\",\"isPartOf\":{\"@id\":\"https:\\\/\\\/www.evropskakuca.me\\\/me\\\/zabrinjavajuce-rezultate-pokazao-izvjestaj-sindikata-medija-crne-gore-novi-mediji-a-stari-problemi\\\/\"},\"author\":{\"name\":\"mkajic\",\"@id\":\"https:\\\/\\\/www.evropskakuca.me\\\/me\\\/#\\\/schema\\\/person\\\/a1d0dcdaefe4a1cd1d60d200ea137ba4\"},\"headline\":\"Zabrinjavaju\u0107e rezultate pokazao izvje\u0161taj Sindikata medija Crne Gore \u201cNovi mediji, a stari problemi\u201d\",\"datePublished\":\"2019-11-04T13:36:05+00:00\",\"mainEntityOfPage\":{\"@id\":\"https:\\\/\\\/www.evropskakuca.me\\\/me\\\/zabrinjavajuce-rezultate-pokazao-izvjestaj-sindikata-medija-crne-gore-novi-mediji-a-stari-problemi\\\/\"},\"wordCount\":355,\"commentCount\":0,\"publisher\":{\"@id\":\"https:\\\/\\\/www.evropskakuca.me\\\/me\\\/#organization\"},\"image\":{\"@id\":\"https:\\\/\\\/www.evropskakuca.me\\\/me\\\/zabrinjavajuce-rezultate-pokazao-izvjestaj-sindikata-medija-crne-gore-novi-mediji-a-stari-problemi\\\/#primaryimage\"},\"thumbnailUrl\":\"https:\\\/\\\/www.evropskakuca.me\\\/wp-content\\\/uploads\\\/2019\\\/11\\\/office-1209640_1280-002-1.jpg\",\"inLanguage\":\"me-ME\",\"potentialAction\":[{\"@type\":\"CommentAction\",\"name\":\"Comment\",\"target\":[\"https:\\\/\\\/www.evropskakuca.me\\\/me\\\/zabrinjavajuce-rezultate-pokazao-izvjestaj-sindikata-medija-crne-gore-novi-mediji-a-stari-problemi\\\/#respond\"]}]},{\"@type\":\"WebPage\",\"@id\":\"https:\\\/\\\/www.evropskakuca.me\\\/me\\\/zabrinjavajuce-rezultate-pokazao-izvjestaj-sindikata-medija-crne-gore-novi-mediji-a-stari-problemi\\\/\",\"url\":\"https:\\\/\\\/www.evropskakuca.me\\\/me\\\/zabrinjavajuce-rezultate-pokazao-izvjestaj-sindikata-medija-crne-gore-novi-mediji-a-stari-problemi\\\/\",\"name\":\"Zabrinjavaju\u0107e rezultate pokazao izvje\u0161taj Sindikata medija Crne Gore \u201cNovi mediji, a stari problemi\u201d - Europe House\",\"isPartOf\":{\"@id\":\"https:\\\/\\\/www.evropskakuca.me\\\/me\\\/#website\"},\"primaryImageOfPage\":{\"@id\":\"https:\\\/\\\/www.evropskakuca.me\\\/me\\\/zabrinjavajuce-rezultate-pokazao-izvjestaj-sindikata-medija-crne-gore-novi-mediji-a-stari-problemi\\\/#primaryimage\"},\"image\":{\"@id\":\"https:\\\/\\\/www.evropskakuca.me\\\/me\\\/zabrinjavajuce-rezultate-pokazao-izvjestaj-sindikata-medija-crne-gore-novi-mediji-a-stari-problemi\\\/#primaryimage\"},\"thumbnailUrl\":\"https:\\\/\\\/www.evropskakuca.me\\\/wp-content\\\/uploads\\\/2019\\\/11\\\/office-1209640_1280-002-1.jpg\",\"datePublished\":\"2019-11-04T13:36:05+00:00\",\"breadcrumb\":{\"@id\":\"https:\\\/\\\/www.evropskakuca.me\\\/me\\\/zabrinjavajuce-rezultate-pokazao-izvjestaj-sindikata-medija-crne-gore-novi-mediji-a-stari-problemi\\\/#breadcrumb\"},\"inLanguage\":\"me-ME\",\"potentialAction\":[{\"@type\":\"ReadAction\",\"target\":[\"https:\\\/\\\/www.evropskakuca.me\\\/me\\\/zabrinjavajuce-rezultate-pokazao-izvjestaj-sindikata-medija-crne-gore-novi-mediji-a-stari-problemi\\\/\"]}]},{\"@type\":\"ImageObject\",\"inLanguage\":\"me-ME\",\"@id\":\"https:\\\/\\\/www.evropskakuca.me\\\/me\\\/zabrinjavajuce-rezultate-pokazao-izvjestaj-sindikata-medija-crne-gore-novi-mediji-a-stari-problemi\\\/#primaryimage\",\"url\":\"https:\\\/\\\/www.evropskakuca.me\\\/wp-content\\\/uploads\\\/2019\\\/11\\\/office-1209640_1280-002-1.jpg\",\"contentUrl\":\"https:\\\/\\\/www.evropskakuca.me\\\/wp-content\\\/uploads\\\/2019\\\/11\\\/office-1209640_1280-002-1.jpg\",\"width\":1280,\"height\":854},{\"@type\":\"BreadcrumbList\",\"@id\":\"https:\\\/\\\/www.evropskakuca.me\\\/me\\\/zabrinjavajuce-rezultate-pokazao-izvjestaj-sindikata-medija-crne-gore-novi-mediji-a-stari-problemi\\\/#breadcrumb\",\"itemListElement\":[{\"@type\":\"ListItem\",\"position\":1,\"name\":\"Home\",\"item\":\"https:\\\/\\\/www.evropskakuca.me\\\/me\\\/\"},{\"@type\":\"ListItem\",\"position\":2,\"name\":\"Zabrinjavaju\u0107e rezultate pokazao izvje\u0161taj Sindikata medija Crne Gore \u201cNovi mediji, a stari problemi\u201d\"}]},{\"@type\":\"WebSite\",\"@id\":\"https:\\\/\\\/www.evropskakuca.me\\\/me\\\/#website\",\"url\":\"https:\\\/\\\/www.evropskakuca.me\\\/me\\\/\",\"name\":\"Evropean house\",\"description\":\"\",\"publisher\":{\"@id\":\"https:\\\/\\\/www.evropskakuca.me\\\/me\\\/#organization\"},\"potentialAction\":[{\"@type\":\"SearchAction\",\"target\":{\"@type\":\"EntryPoint\",\"urlTemplate\":\"https:\\\/\\\/www.evropskakuca.me\\\/me\\\/?s={search_term_string}\"},\"query-input\":{\"@type\":\"PropertyValueSpecification\",\"valueRequired\":true,\"valueName\":\"search_term_string\"}}],\"inLanguage\":\"me-ME\"},{\"@type\":\"Organization\",\"@id\":\"https:\\\/\\\/www.evropskakuca.me\\\/me\\\/#organization\",\"name\":\"Evropean house\",\"url\":\"https:\\\/\\\/www.evropskakuca.me\\\/me\\\/\",\"logo\":{\"@type\":\"ImageObject\",\"inLanguage\":\"me-ME\",\"@id\":\"https:\\\/\\\/www.evropskakuca.me\\\/me\\\/#\\\/schema\\\/logo\\\/image\\\/\",\"url\":\"https:\\\/\\\/www.evropskakuca.me\\\/wp-content\\\/uploads\\\/2025\\\/01\\\/evropska-kuca-logo-1.png\",\"contentUrl\":\"https:\\\/\\\/www.evropskakuca.me\\\/wp-content\\\/uploads\\\/2025\\\/01\\\/evropska-kuca-logo-1.png\",\"width\":425,\"height\":312,\"caption\":\"Evropean house\"},\"image\":{\"@id\":\"https:\\\/\\\/www.evropskakuca.me\\\/me\\\/#\\\/schema\\\/logo\\\/image\\\/\"},\"sameAs\":[\"https:\\\/\\\/www.facebook.com\\\/evropska.kuca\",\"https:\\\/\\\/x.com\\\/evropska_kuca\",\"https:\\\/\\\/www.instagram.com\\\/evropska_kuca\"]},{\"@type\":\"Person\",\"@id\":\"https:\\\/\\\/www.evropskakuca.me\\\/me\\\/#\\\/schema\\\/person\\\/a1d0dcdaefe4a1cd1d60d200ea137ba4\",\"name\":\"mkajic\",\"image\":{\"@type\":\"ImageObject\",\"inLanguage\":\"me-ME\",\"@id\":\"https:\\\/\\\/secure.gravatar.com\\\/avatar\\\/731fa035cefab7316e6bafd1f25a93fb731a07de14e2d9923f8db4422628eabc?s=96&d=mm&r=g\",\"url\":\"https:\\\/\\\/secure.gravatar.com\\\/avatar\\\/731fa035cefab7316e6bafd1f25a93fb731a07de14e2d9923f8db4422628eabc?s=96&d=mm&r=g\",\"contentUrl\":\"https:\\\/\\\/secure.gravatar.com\\\/avatar\\\/731fa035cefab7316e6bafd1f25a93fb731a07de14e2d9923f8db4422628eabc?s=96&d=mm&r=g\",\"caption\":\"mkajic\"},\"sameAs\":[\"https:\\\/\\\/evropskakuca.me\"],\"url\":\"https:\\\/\\\/www.evropskakuca.me\\\/me\\\/author\\\/mkajic\\\/\"}]}<\/script>\n<!-- \/ Yoast SEO plugin. -->","yoast_head_json":{"title":"Zabrinjavaju\u0107e rezultate pokazao izvje\u0161taj Sindikata medija Crne Gore \u201cNovi mediji, a stari problemi\u201d - Europe House","robots":{"index":"index","follow":"follow","max-snippet":"max-snippet:-1","max-image-preview":"max-image-preview:large","max-video-preview":"max-video-preview:-1"},"canonical":"https:\/\/www.evropskakuca.me\/me\/zabrinjavajuce-rezultate-pokazao-izvjestaj-sindikata-medija-crne-gore-novi-mediji-a-stari-problemi\/","og_locale":"en_US","og_type":"article","og_title":"Zabrinjavaju\u0107e rezultate pokazao izvje\u0161taj Sindikata medija Crne Gore \u201cNovi mediji, a stari problemi\u201d - Europe House","og_description":"Vi\u0161e od polovine novinara u online medijima radi prekovremeno","og_url":"https:\/\/www.evropskakuca.me\/me\/zabrinjavajuce-rezultate-pokazao-izvjestaj-sindikata-medija-crne-gore-novi-mediji-a-stari-problemi\/","og_site_name":"Europe House","article_publisher":"https:\/\/www.facebook.com\/evropska.kuca","article_published_time":"2019-11-04T13:36:05+00:00","og_image":[{"width":1280,"height":854,"url":"https:\/\/www.evropskakuca.me\/wp-content\/uploads\/2019\/11\/office-1209640_1280-002-1.jpg","type":"image\/jpeg"}],"author":"mkajic","twitter_card":"summary_large_image","twitter_creator":"@evropska_kuca","twitter_site":"@evropska_kuca","twitter_misc":{"Written by":"mkajic","Est. reading time":"2 minutes"},"schema":{"@context":"https:\/\/schema.org","@graph":[{"@type":"Article","@id":"https:\/\/www.evropskakuca.me\/me\/zabrinjavajuce-rezultate-pokazao-izvjestaj-sindikata-medija-crne-gore-novi-mediji-a-stari-problemi\/#article","isPartOf":{"@id":"https:\/\/www.evropskakuca.me\/me\/zabrinjavajuce-rezultate-pokazao-izvjestaj-sindikata-medija-crne-gore-novi-mediji-a-stari-problemi\/"},"author":{"name":"mkajic","@id":"https:\/\/www.evropskakuca.me\/me\/#\/schema\/person\/a1d0dcdaefe4a1cd1d60d200ea137ba4"},"headline":"Zabrinjavaju\u0107e rezultate pokazao izvje\u0161taj Sindikata medija Crne Gore \u201cNovi mediji, a stari problemi\u201d","datePublished":"2019-11-04T13:36:05+00:00","mainEntityOfPage":{"@id":"https:\/\/www.evropskakuca.me\/me\/zabrinjavajuce-rezultate-pokazao-izvjestaj-sindikata-medija-crne-gore-novi-mediji-a-stari-problemi\/"},"wordCount":355,"commentCount":0,"publisher":{"@id":"https:\/\/www.evropskakuca.me\/me\/#organization"},"image":{"@id":"https:\/\/www.evropskakuca.me\/me\/zabrinjavajuce-rezultate-pokazao-izvjestaj-sindikata-medija-crne-gore-novi-mediji-a-stari-problemi\/#primaryimage"},"thumbnailUrl":"https:\/\/www.evropskakuca.me\/wp-content\/uploads\/2019\/11\/office-1209640_1280-002-1.jpg","inLanguage":"me-ME","potentialAction":[{"@type":"CommentAction","name":"Comment","target":["https:\/\/www.evropskakuca.me\/me\/zabrinjavajuce-rezultate-pokazao-izvjestaj-sindikata-medija-crne-gore-novi-mediji-a-stari-problemi\/#respond"]}]},{"@type":"WebPage","@id":"https:\/\/www.evropskakuca.me\/me\/zabrinjavajuce-rezultate-pokazao-izvjestaj-sindikata-medija-crne-gore-novi-mediji-a-stari-problemi\/","url":"https:\/\/www.evropskakuca.me\/me\/zabrinjavajuce-rezultate-pokazao-izvjestaj-sindikata-medija-crne-gore-novi-mediji-a-stari-problemi\/","name":"Zabrinjavaju\u0107e rezultate pokazao izvje\u0161taj Sindikata medija Crne Gore \u201cNovi mediji, a stari problemi\u201d - Europe House","isPartOf":{"@id":"https:\/\/www.evropskakuca.me\/me\/#website"},"primaryImageOfPage":{"@id":"https:\/\/www.evropskakuca.me\/me\/zabrinjavajuce-rezultate-pokazao-izvjestaj-sindikata-medija-crne-gore-novi-mediji-a-stari-problemi\/#primaryimage"},"image":{"@id":"https:\/\/www.evropskakuca.me\/me\/zabrinjavajuce-rezultate-pokazao-izvjestaj-sindikata-medija-crne-gore-novi-mediji-a-stari-problemi\/#primaryimage"},"thumbnailUrl":"https:\/\/www.evropskakuca.me\/wp-content\/uploads\/2019\/11\/office-1209640_1280-002-1.jpg","datePublished":"2019-11-04T13:36:05+00:00","breadcrumb":{"@id":"https:\/\/www.evropskakuca.me\/me\/zabrinjavajuce-rezultate-pokazao-izvjestaj-sindikata-medija-crne-gore-novi-mediji-a-stari-problemi\/#breadcrumb"},"inLanguage":"me-ME","potentialAction":[{"@type":"ReadAction","target":["https:\/\/www.evropskakuca.me\/me\/zabrinjavajuce-rezultate-pokazao-izvjestaj-sindikata-medija-crne-gore-novi-mediji-a-stari-problemi\/"]}]},{"@type":"ImageObject","inLanguage":"me-ME","@id":"https:\/\/www.evropskakuca.me\/me\/zabrinjavajuce-rezultate-pokazao-izvjestaj-sindikata-medija-crne-gore-novi-mediji-a-stari-problemi\/#primaryimage","url":"https:\/\/www.evropskakuca.me\/wp-content\/uploads\/2019\/11\/office-1209640_1280-002-1.jpg","contentUrl":"https:\/\/www.evropskakuca.me\/wp-content\/uploads\/2019\/11\/office-1209640_1280-002-1.jpg","width":1280,"height":854},{"@type":"BreadcrumbList","@id":"https:\/\/www.evropskakuca.me\/me\/zabrinjavajuce-rezultate-pokazao-izvjestaj-sindikata-medija-crne-gore-novi-mediji-a-stari-problemi\/#breadcrumb","itemListElement":[{"@type":"ListItem","position":1,"name":"Home","item":"https:\/\/www.evropskakuca.me\/me\/"},{"@type":"ListItem","position":2,"name":"Zabrinjavaju\u0107e rezultate pokazao izvje\u0161taj Sindikata medija Crne Gore \u201cNovi mediji, a stari problemi\u201d"}]},{"@type":"WebSite","@id":"https:\/\/www.evropskakuca.me\/me\/#website","url":"https:\/\/www.evropskakuca.me\/me\/","name":"Evropean house","description":"","publisher":{"@id":"https:\/\/www.evropskakuca.me\/me\/#organization"},"potentialAction":[{"@type":"SearchAction","target":{"@type":"EntryPoint","urlTemplate":"https:\/\/www.evropskakuca.me\/me\/?s={search_term_string}"},"query-input":{"@type":"PropertyValueSpecification","valueRequired":true,"valueName":"search_term_string"}}],"inLanguage":"me-ME"},{"@type":"Organization","@id":"https:\/\/www.evropskakuca.me\/me\/#organization","name":"Evropean house","url":"https:\/\/www.evropskakuca.me\/me\/","logo":{"@type":"ImageObject","inLanguage":"me-ME","@id":"https:\/\/www.evropskakuca.me\/me\/#\/schema\/logo\/image\/","url":"https:\/\/www.evropskakuca.me\/wp-content\/uploads\/2025\/01\/evropska-kuca-logo-1.png","contentUrl":"https:\/\/www.evropskakuca.me\/wp-content\/uploads\/2025\/01\/evropska-kuca-logo-1.png","width":425,"height":312,"caption":"Evropean house"},"image":{"@id":"https:\/\/www.evropskakuca.me\/me\/#\/schema\/logo\/image\/"},"sameAs":["https:\/\/www.facebook.com\/evropska.kuca","https:\/\/x.com\/evropska_kuca","https:\/\/www.instagram.com\/evropska_kuca"]},{"@type":"Person","@id":"https:\/\/www.evropskakuca.me\/me\/#\/schema\/person\/a1d0dcdaefe4a1cd1d60d200ea137ba4","name":"mkajic","image":{"@type":"ImageObject","inLanguage":"me-ME","@id":"https:\/\/secure.gravatar.com\/avatar\/731fa035cefab7316e6bafd1f25a93fb731a07de14e2d9923f8db4422628eabc?s=96&d=mm&r=g","url":"https:\/\/secure.gravatar.com\/avatar\/731fa035cefab7316e6bafd1f25a93fb731a07de14e2d9923f8db4422628eabc?s=96&d=mm&r=g","contentUrl":"https:\/\/secure.gravatar.com\/avatar\/731fa035cefab7316e6bafd1f25a93fb731a07de14e2d9923f8db4422628eabc?s=96&d=mm&r=g","caption":"mkajic"},"sameAs":["https:\/\/evropskakuca.me"],"url":"https:\/\/www.evropskakuca.me\/me\/author\/mkajic\/"}]}},"_links":{"self":[{"href":"https:\/\/www.evropskakuca.me\/me\/wp-json\/wp\/v2\/posts\/7447","targetHints":{"allow":["GET"]}}],"collection":[{"href":"https:\/\/www.evropskakuca.me\/me\/wp-json\/wp\/v2\/posts"}],"about":[{"href":"https:\/\/www.evropskakuca.me\/me\/wp-json\/wp\/v2\/types\/post"}],"author":[{"embeddable":true,"href":"https:\/\/www.evropskakuca.me\/me\/wp-json\/wp\/v2\/users\/1"}],"replies":[{"embeddable":true,"href":"https:\/\/www.evropskakuca.me\/me\/wp-json\/wp\/v2\/comments?post=7447"}],"version-history":[{"count":0,"href":"https:\/\/www.evropskakuca.me\/me\/wp-json\/wp\/v2\/posts\/7447\/revisions"}],"wp:featuredmedia":[{"embeddable":true,"href":"https:\/\/www.evropskakuca.me\/me\/wp-json\/wp\/v2\/media\/34813"}],"wp:attachment":[{"href":"https:\/\/www.evropskakuca.me\/me\/wp-json\/wp\/v2\/media?parent=7447"}],"wp:term":[{"taxonomy":"category","embeddable":true,"href":"https:\/\/www.evropskakuca.me\/me\/wp-json\/wp\/v2\/categories?post=7447"},{"taxonomy":"post_tag","embeddable":true,"href":"https:\/\/www.evropskakuca.me\/me\/wp-json\/wp\/v2\/tags?post=7447"}],"curies":[{"name":"wp","href":"https:\/\/api.w.org\/{rel}","templated":true}]}}