{"id":7411,"date":"2019-11-01T12:53:59","date_gmt":"2019-11-01T12:53:59","guid":{"rendered":"http:\/\/www.evropskakuca.me\/me\/?p=7411"},"modified":"2019-11-01T12:53:59","modified_gmt":"2019-11-01T12:53:59","slug":"eu-nastavlja-finansijsku-podrsku-crnogorskim-poljoprivrednicima","status":"publish","type":"post","link":"https:\/\/www.evropskakuca.me\/me\/eu-nastavlja-finansijsku-podrsku-crnogorskim-poljoprivrednicima\/","title":{"rendered":"EU nastavlja finansijsku podr\u0161ku crnogorskim poljoprivrednicima"},"content":{"rendered":"<p>Vinarija Velimirovi\u0107 nalazi se u selu Malenza u Zagara\u010du, na 17 kilometara od Podgorice. Na \u010detiri hektara zasa\u0111ena je loza, koja godi\u0161nje ra\u0111a oko 30 tona gro\u017e\u0111a. Uz plodno tlo, puno sunca i dovoljno ki\u0161e, kvalitet vina je zagarantovan.<\/p>\n<p><img fetchpriority=\"high\" decoding=\"async\" class=\"alignnone size-large wp-image-7363\" src=\"http:\/\/www.evropskakuca.me\/wp-content\/uploads\/2019\/10\/velimirovic-11-za-sajt-1024x683.jpg\" alt=\"\" width=\"1024\" height=\"683\" \/><\/p>\n<p>Ipak, da bi ovo, nekada porodi\u010dno, imanje vremenom preraslo u uspje\u0161an posao, bila je potrebna podr\u0161ka sa strane. Velimirovi\u0107i su odlu\u010dili da je potra\u017ee u okviru IPARD like grant &#8211; Instrumenta pretpristupne pomo\u0107i za ruralni razvoj, kroz koji Evropska unija i Vlada Crne Gore podr\u017eavaju crnogorske poljoprivrednike.<\/p>\n<p>\u201eMi u ovu pri\u010du ne bismo ulazili da nije bilo IPARD-a. Kada znate da \u0107e vam skoro polovina novca biti vra\u0107ena, to je veliko olak\u0161anje i podsticaj da krenete u nove poslovne poduhvate\u201c, obja\u0161njava izvr\u0161ni direktor vinarije Du\u0161an Velimirovi\u0107 u razgovoru sa timom EU info centra.<\/p>\n<p>Do sada je 680 korisnika iskoristilo IPARD like grantove i podr\u0161ku u okviru IPARD programa u Crnoj Gori. Vi\u0161e od 9 miliona eura crnogroski poljoprivrednici su dobili kroz IPARD like grantove, a mnogo ve\u0107a podr\u0161ka dolazi kroz IPARD program &#8211;\u00a0 87 miliona eura, od \u010dega EU obezbje\u0111uje skoro pola &#8211; 39 miliona eura, Crna Gora 12 miliona, a ostatak korisnici IPARD-a.<\/p>\n<p><img decoding=\"async\" class=\"alignnone size-large wp-image-7383\" src=\"http:\/\/www.evropskakuca.me\/wp-content\/uploads\/2019\/10\/monte-bianco-1024x683.jpg\" alt=\"\" width=\"1024\" height=\"683\" \/><\/p>\n<p>\u201eIPARD program predstavlja posebno dizajniranu podr\u0161ku EU ruralnom razvoju Crne Gore i drugih zemljama kandidatima u pretpristupnom periodu. Jednostavno re\u010deno &#8211; EU podr\u017eava Crnu Goru u proizvodnji kvalitetne i bezbjedne hrane na modernim farmama, o\u017eivljavajuc\u0301i ruralna podru\u010dja\u201c, obja\u0161njava ambasador Evropske unije u Crnoj Gori Aivo Orav.<\/p>\n<p>Potpredsjednik Vlade i ministar poljoprivrede i ruralnog razvoja Milutin Simovi\u0107 isti\u010de da projekti koji se realizuju u okviru IPARD programa predstavljaju razvojni impuls crnogorskoj poljoprivredi.<\/p>\n<p><img decoding=\"async\" class=\"alignnone size-large wp-image-7385\" src=\"http:\/\/www.evropskakuca.me\/wp-content\/uploads\/2019\/10\/monte-bianco-2-1024x683.jpg\" alt=\"\" width=\"1024\" height=\"683\" \/><\/p>\n<p>\u201cU novembru \u0107e biti dvije godine otkada smo stvorili uslove za realizaciju IPARD programa ukupne vrijednosti 87 miliona eura. Iz fondova EU je obezbije\u0111eno 39 miliona eura, iz crnogorskog bud\u017eeta vi\u0161e od 12 miliona, a ostatak obezbje\u0111uju korisnici ovog vrijednog programa\u201d, rekao je Simovi\u0107.<\/p>\n<p>U toku je Drugi IPARD poziv za takozvanu Mjeru 3, putem koje \u0107e poljoprivrednicima biti obezbije\u0111eno 15 miliona eura bespovratne pomo\u0107i. Poziv je otvoren do 20. decembra.<\/p>\n<p><img loading=\"lazy\" decoding=\"async\" class=\"alignnone size-large wp-image-7365\" src=\"http:\/\/www.evropskakuca.me\/wp-content\/uploads\/2019\/10\/velimirovic-14-za-sajt-1024x683.jpg\" alt=\"\" width=\"1024\" height=\"683\" \/><\/p>\n<p>\u201eSna\u017eno bih ohrabrila poljoprivrednike koji se bave proizvodnjom da se prijave za IPARD grantove. Ako imate ideju kako da razvijete farmu, pove\u0107ate proizvodnju, osna\u017eite preradu ili upotrijebite nove tehnologije, iskoristite ovu priliku i ostvarite svoju ideju, ostvarite svoj san\u201c, poru\u010duje Nadia\u00a0 Kju\u010dukova iz Delegacije Evropske unije u Crnoj Gori.<\/p>\n<p>Vinarija Velimirovi\u0107 je dva puta iskoristila IPARD like grantove. Novac su iskoristili da naprave objekat i nabave opremu.<\/p>\n<p>\u201ePlaniramo da se prijavimo i za Drugi poziv za Mjeru 3, kako bismo pro\u0161irili kapacitete\u201c, najavljuje Du\u0161an i dodaje: \u201eApsolutno preporu\u010dujem svima da se prijave, IPARD je odli\u010dna pri\u010da\u201c!<\/p>\n","protected":false},"excerpt":{"rendered":"<p>U toku je Drugi IPARD poziv za Mjeru 3, vrijedan 15 miliona eura<\/p>\n","protected":false},"author":1,"featured_media":0,"comment_status":"open","ping_status":"open","sticky":false,"template":"","format":"standard","meta":{"_acf_changed":false,"footnotes":""},"categories":[],"tags":[],"class_list":["post-7411","post","type-post","status-publish","format-standard","hentry"],"acf":[],"yoast_head":"<!-- This site is optimized with the Yoast SEO plugin v27.3 - https:\/\/yoast.com\/product\/yoast-seo-wordpress\/ -->\n<title>EU nastavlja finansijsku podr\u0161ku crnogorskim poljoprivrednicima - Europe House<\/title>\n<meta name=\"robots\" content=\"index, follow, max-snippet:-1, max-image-preview:large, max-video-preview:-1\" \/>\n<link rel=\"canonical\" href=\"https:\/\/www.evropskakuca.me\/me\/eu-nastavlja-finansijsku-podrsku-crnogorskim-poljoprivrednicima\/\" \/>\n<meta property=\"og:locale\" content=\"en_US\" \/>\n<meta property=\"og:type\" content=\"article\" \/>\n<meta property=\"og:title\" content=\"EU nastavlja finansijsku podr\u0161ku crnogorskim poljoprivrednicima - Europe House\" \/>\n<meta property=\"og:description\" content=\"U toku je Drugi IPARD poziv za Mjeru 3, vrijedan 15 miliona eura\" \/>\n<meta property=\"og:url\" content=\"https:\/\/www.evropskakuca.me\/me\/eu-nastavlja-finansijsku-podrsku-crnogorskim-poljoprivrednicima\/\" \/>\n<meta property=\"og:site_name\" content=\"Europe House\" \/>\n<meta property=\"article:publisher\" content=\"https:\/\/www.facebook.com\/evropska.kuca\" \/>\n<meta property=\"article:published_time\" content=\"2019-11-01T12:53:59+00:00\" \/>\n<meta property=\"og:image\" content=\"http:\/\/www.evropskakuca.me\/wp-content\/uploads\/2019\/10\/velimirovic-11-za-sajt-1024x683.jpg\" \/>\n<meta name=\"author\" content=\"mkajic\" \/>\n<meta name=\"twitter:card\" content=\"summary_large_image\" \/>\n<meta name=\"twitter:creator\" content=\"@evropska_kuca\" \/>\n<meta name=\"twitter:site\" content=\"@evropska_kuca\" \/>\n<meta name=\"twitter:label1\" content=\"Written by\" \/>\n\t<meta name=\"twitter:data1\" content=\"mkajic\" \/>\n\t<meta name=\"twitter:label2\" content=\"Est. reading time\" \/>\n\t<meta name=\"twitter:data2\" content=\"2 minutes\" \/>\n<script type=\"application\/ld+json\" class=\"yoast-schema-graph\">{\"@context\":\"https:\\\/\\\/schema.org\",\"@graph\":[{\"@type\":\"Article\",\"@id\":\"https:\\\/\\\/www.evropskakuca.me\\\/me\\\/eu-nastavlja-finansijsku-podrsku-crnogorskim-poljoprivrednicima\\\/#article\",\"isPartOf\":{\"@id\":\"https:\\\/\\\/www.evropskakuca.me\\\/me\\\/eu-nastavlja-finansijsku-podrsku-crnogorskim-poljoprivrednicima\\\/\"},\"author\":{\"name\":\"mkajic\",\"@id\":\"https:\\\/\\\/www.evropskakuca.me\\\/me\\\/#\\\/schema\\\/person\\\/a1d0dcdaefe4a1cd1d60d200ea137ba4\"},\"headline\":\"EU nastavlja finansijsku podr\u0161ku crnogorskim poljoprivrednicima\",\"datePublished\":\"2019-11-01T12:53:59+00:00\",\"mainEntityOfPage\":{\"@id\":\"https:\\\/\\\/www.evropskakuca.me\\\/me\\\/eu-nastavlja-finansijsku-podrsku-crnogorskim-poljoprivrednicima\\\/\"},\"wordCount\":473,\"commentCount\":0,\"publisher\":{\"@id\":\"https:\\\/\\\/www.evropskakuca.me\\\/me\\\/#organization\"},\"image\":{\"@id\":\"https:\\\/\\\/www.evropskakuca.me\\\/me\\\/eu-nastavlja-finansijsku-podrsku-crnogorskim-poljoprivrednicima\\\/#primaryimage\"},\"thumbnailUrl\":\"http:\\\/\\\/www.evropskakuca.me\\\/wp-content\\\/uploads\\\/2019\\\/10\\\/velimirovic-11-za-sajt-1024x683.jpg\",\"inLanguage\":\"me-ME\",\"potentialAction\":[{\"@type\":\"CommentAction\",\"name\":\"Comment\",\"target\":[\"https:\\\/\\\/www.evropskakuca.me\\\/me\\\/eu-nastavlja-finansijsku-podrsku-crnogorskim-poljoprivrednicima\\\/#respond\"]}]},{\"@type\":\"WebPage\",\"@id\":\"https:\\\/\\\/www.evropskakuca.me\\\/me\\\/eu-nastavlja-finansijsku-podrsku-crnogorskim-poljoprivrednicima\\\/\",\"url\":\"https:\\\/\\\/www.evropskakuca.me\\\/me\\\/eu-nastavlja-finansijsku-podrsku-crnogorskim-poljoprivrednicima\\\/\",\"name\":\"EU nastavlja finansijsku podr\u0161ku crnogorskim poljoprivrednicima - Europe House\",\"isPartOf\":{\"@id\":\"https:\\\/\\\/www.evropskakuca.me\\\/me\\\/#website\"},\"primaryImageOfPage\":{\"@id\":\"https:\\\/\\\/www.evropskakuca.me\\\/me\\\/eu-nastavlja-finansijsku-podrsku-crnogorskim-poljoprivrednicima\\\/#primaryimage\"},\"image\":{\"@id\":\"https:\\\/\\\/www.evropskakuca.me\\\/me\\\/eu-nastavlja-finansijsku-podrsku-crnogorskim-poljoprivrednicima\\\/#primaryimage\"},\"thumbnailUrl\":\"http:\\\/\\\/www.evropskakuca.me\\\/wp-content\\\/uploads\\\/2019\\\/10\\\/velimirovic-11-za-sajt-1024x683.jpg\",\"datePublished\":\"2019-11-01T12:53:59+00:00\",\"breadcrumb\":{\"@id\":\"https:\\\/\\\/www.evropskakuca.me\\\/me\\\/eu-nastavlja-finansijsku-podrsku-crnogorskim-poljoprivrednicima\\\/#breadcrumb\"},\"inLanguage\":\"me-ME\",\"potentialAction\":[{\"@type\":\"ReadAction\",\"target\":[\"https:\\\/\\\/www.evropskakuca.me\\\/me\\\/eu-nastavlja-finansijsku-podrsku-crnogorskim-poljoprivrednicima\\\/\"]}]},{\"@type\":\"ImageObject\",\"inLanguage\":\"me-ME\",\"@id\":\"https:\\\/\\\/www.evropskakuca.me\\\/me\\\/eu-nastavlja-finansijsku-podrsku-crnogorskim-poljoprivrednicima\\\/#primaryimage\",\"url\":\"http:\\\/\\\/www.evropskakuca.me\\\/wp-content\\\/uploads\\\/2019\\\/10\\\/velimirovic-11-za-sajt-1024x683.jpg\",\"contentUrl\":\"http:\\\/\\\/www.evropskakuca.me\\\/wp-content\\\/uploads\\\/2019\\\/10\\\/velimirovic-11-za-sajt-1024x683.jpg\"},{\"@type\":\"BreadcrumbList\",\"@id\":\"https:\\\/\\\/www.evropskakuca.me\\\/me\\\/eu-nastavlja-finansijsku-podrsku-crnogorskim-poljoprivrednicima\\\/#breadcrumb\",\"itemListElement\":[{\"@type\":\"ListItem\",\"position\":1,\"name\":\"Home\",\"item\":\"https:\\\/\\\/www.evropskakuca.me\\\/me\\\/\"},{\"@type\":\"ListItem\",\"position\":2,\"name\":\"EU nastavlja finansijsku podr\u0161ku crnogorskim poljoprivrednicima\"}]},{\"@type\":\"WebSite\",\"@id\":\"https:\\\/\\\/www.evropskakuca.me\\\/me\\\/#website\",\"url\":\"https:\\\/\\\/www.evropskakuca.me\\\/me\\\/\",\"name\":\"Evropean house\",\"description\":\"\",\"publisher\":{\"@id\":\"https:\\\/\\\/www.evropskakuca.me\\\/me\\\/#organization\"},\"potentialAction\":[{\"@type\":\"SearchAction\",\"target\":{\"@type\":\"EntryPoint\",\"urlTemplate\":\"https:\\\/\\\/www.evropskakuca.me\\\/me\\\/?s={search_term_string}\"},\"query-input\":{\"@type\":\"PropertyValueSpecification\",\"valueRequired\":true,\"valueName\":\"search_term_string\"}}],\"inLanguage\":\"me-ME\"},{\"@type\":\"Organization\",\"@id\":\"https:\\\/\\\/www.evropskakuca.me\\\/me\\\/#organization\",\"name\":\"Evropean house\",\"url\":\"https:\\\/\\\/www.evropskakuca.me\\\/me\\\/\",\"logo\":{\"@type\":\"ImageObject\",\"inLanguage\":\"me-ME\",\"@id\":\"https:\\\/\\\/www.evropskakuca.me\\\/me\\\/#\\\/schema\\\/logo\\\/image\\\/\",\"url\":\"https:\\\/\\\/www.evropskakuca.me\\\/wp-content\\\/uploads\\\/2025\\\/01\\\/evropska-kuca-logo-1.png\",\"contentUrl\":\"https:\\\/\\\/www.evropskakuca.me\\\/wp-content\\\/uploads\\\/2025\\\/01\\\/evropska-kuca-logo-1.png\",\"width\":425,\"height\":312,\"caption\":\"Evropean house\"},\"image\":{\"@id\":\"https:\\\/\\\/www.evropskakuca.me\\\/me\\\/#\\\/schema\\\/logo\\\/image\\\/\"},\"sameAs\":[\"https:\\\/\\\/www.facebook.com\\\/evropska.kuca\",\"https:\\\/\\\/x.com\\\/evropska_kuca\",\"https:\\\/\\\/www.instagram.com\\\/evropska_kuca\"]},{\"@type\":\"Person\",\"@id\":\"https:\\\/\\\/www.evropskakuca.me\\\/me\\\/#\\\/schema\\\/person\\\/a1d0dcdaefe4a1cd1d60d200ea137ba4\",\"name\":\"mkajic\",\"image\":{\"@type\":\"ImageObject\",\"inLanguage\":\"me-ME\",\"@id\":\"https:\\\/\\\/secure.gravatar.com\\\/avatar\\\/731fa035cefab7316e6bafd1f25a93fb731a07de14e2d9923f8db4422628eabc?s=96&d=mm&r=g\",\"url\":\"https:\\\/\\\/secure.gravatar.com\\\/avatar\\\/731fa035cefab7316e6bafd1f25a93fb731a07de14e2d9923f8db4422628eabc?s=96&d=mm&r=g\",\"contentUrl\":\"https:\\\/\\\/secure.gravatar.com\\\/avatar\\\/731fa035cefab7316e6bafd1f25a93fb731a07de14e2d9923f8db4422628eabc?s=96&d=mm&r=g\",\"caption\":\"mkajic\"},\"sameAs\":[\"https:\\\/\\\/evropskakuca.me\"],\"url\":\"https:\\\/\\\/www.evropskakuca.me\\\/me\\\/author\\\/mkajic\\\/\"}]}<\/script>\n<!-- \/ Yoast SEO plugin. -->","yoast_head_json":{"title":"EU nastavlja finansijsku podr\u0161ku crnogorskim poljoprivrednicima - Europe House","robots":{"index":"index","follow":"follow","max-snippet":"max-snippet:-1","max-image-preview":"max-image-preview:large","max-video-preview":"max-video-preview:-1"},"canonical":"https:\/\/www.evropskakuca.me\/me\/eu-nastavlja-finansijsku-podrsku-crnogorskim-poljoprivrednicima\/","og_locale":"en_US","og_type":"article","og_title":"EU nastavlja finansijsku podr\u0161ku crnogorskim poljoprivrednicima - Europe House","og_description":"U toku je Drugi IPARD poziv za Mjeru 3, vrijedan 15 miliona eura","og_url":"https:\/\/www.evropskakuca.me\/me\/eu-nastavlja-finansijsku-podrsku-crnogorskim-poljoprivrednicima\/","og_site_name":"Europe House","article_publisher":"https:\/\/www.facebook.com\/evropska.kuca","article_published_time":"2019-11-01T12:53:59+00:00","og_image":[{"url":"http:\/\/www.evropskakuca.me\/wp-content\/uploads\/2019\/10\/velimirovic-11-za-sajt-1024x683.jpg","type":"","width":"","height":""}],"author":"mkajic","twitter_card":"summary_large_image","twitter_creator":"@evropska_kuca","twitter_site":"@evropska_kuca","twitter_misc":{"Written by":"mkajic","Est. reading time":"2 minutes"},"schema":{"@context":"https:\/\/schema.org","@graph":[{"@type":"Article","@id":"https:\/\/www.evropskakuca.me\/me\/eu-nastavlja-finansijsku-podrsku-crnogorskim-poljoprivrednicima\/#article","isPartOf":{"@id":"https:\/\/www.evropskakuca.me\/me\/eu-nastavlja-finansijsku-podrsku-crnogorskim-poljoprivrednicima\/"},"author":{"name":"mkajic","@id":"https:\/\/www.evropskakuca.me\/me\/#\/schema\/person\/a1d0dcdaefe4a1cd1d60d200ea137ba4"},"headline":"EU nastavlja finansijsku podr\u0161ku crnogorskim poljoprivrednicima","datePublished":"2019-11-01T12:53:59+00:00","mainEntityOfPage":{"@id":"https:\/\/www.evropskakuca.me\/me\/eu-nastavlja-finansijsku-podrsku-crnogorskim-poljoprivrednicima\/"},"wordCount":473,"commentCount":0,"publisher":{"@id":"https:\/\/www.evropskakuca.me\/me\/#organization"},"image":{"@id":"https:\/\/www.evropskakuca.me\/me\/eu-nastavlja-finansijsku-podrsku-crnogorskim-poljoprivrednicima\/#primaryimage"},"thumbnailUrl":"http:\/\/www.evropskakuca.me\/wp-content\/uploads\/2019\/10\/velimirovic-11-za-sajt-1024x683.jpg","inLanguage":"me-ME","potentialAction":[{"@type":"CommentAction","name":"Comment","target":["https:\/\/www.evropskakuca.me\/me\/eu-nastavlja-finansijsku-podrsku-crnogorskim-poljoprivrednicima\/#respond"]}]},{"@type":"WebPage","@id":"https:\/\/www.evropskakuca.me\/me\/eu-nastavlja-finansijsku-podrsku-crnogorskim-poljoprivrednicima\/","url":"https:\/\/www.evropskakuca.me\/me\/eu-nastavlja-finansijsku-podrsku-crnogorskim-poljoprivrednicima\/","name":"EU nastavlja finansijsku podr\u0161ku crnogorskim poljoprivrednicima - Europe House","isPartOf":{"@id":"https:\/\/www.evropskakuca.me\/me\/#website"},"primaryImageOfPage":{"@id":"https:\/\/www.evropskakuca.me\/me\/eu-nastavlja-finansijsku-podrsku-crnogorskim-poljoprivrednicima\/#primaryimage"},"image":{"@id":"https:\/\/www.evropskakuca.me\/me\/eu-nastavlja-finansijsku-podrsku-crnogorskim-poljoprivrednicima\/#primaryimage"},"thumbnailUrl":"http:\/\/www.evropskakuca.me\/wp-content\/uploads\/2019\/10\/velimirovic-11-za-sajt-1024x683.jpg","datePublished":"2019-11-01T12:53:59+00:00","breadcrumb":{"@id":"https:\/\/www.evropskakuca.me\/me\/eu-nastavlja-finansijsku-podrsku-crnogorskim-poljoprivrednicima\/#breadcrumb"},"inLanguage":"me-ME","potentialAction":[{"@type":"ReadAction","target":["https:\/\/www.evropskakuca.me\/me\/eu-nastavlja-finansijsku-podrsku-crnogorskim-poljoprivrednicima\/"]}]},{"@type":"ImageObject","inLanguage":"me-ME","@id":"https:\/\/www.evropskakuca.me\/me\/eu-nastavlja-finansijsku-podrsku-crnogorskim-poljoprivrednicima\/#primaryimage","url":"http:\/\/www.evropskakuca.me\/wp-content\/uploads\/2019\/10\/velimirovic-11-za-sajt-1024x683.jpg","contentUrl":"http:\/\/www.evropskakuca.me\/wp-content\/uploads\/2019\/10\/velimirovic-11-za-sajt-1024x683.jpg"},{"@type":"BreadcrumbList","@id":"https:\/\/www.evropskakuca.me\/me\/eu-nastavlja-finansijsku-podrsku-crnogorskim-poljoprivrednicima\/#breadcrumb","itemListElement":[{"@type":"ListItem","position":1,"name":"Home","item":"https:\/\/www.evropskakuca.me\/me\/"},{"@type":"ListItem","position":2,"name":"EU nastavlja finansijsku podr\u0161ku crnogorskim poljoprivrednicima"}]},{"@type":"WebSite","@id":"https:\/\/www.evropskakuca.me\/me\/#website","url":"https:\/\/www.evropskakuca.me\/me\/","name":"Evropean house","description":"","publisher":{"@id":"https:\/\/www.evropskakuca.me\/me\/#organization"},"potentialAction":[{"@type":"SearchAction","target":{"@type":"EntryPoint","urlTemplate":"https:\/\/www.evropskakuca.me\/me\/?s={search_term_string}"},"query-input":{"@type":"PropertyValueSpecification","valueRequired":true,"valueName":"search_term_string"}}],"inLanguage":"me-ME"},{"@type":"Organization","@id":"https:\/\/www.evropskakuca.me\/me\/#organization","name":"Evropean house","url":"https:\/\/www.evropskakuca.me\/me\/","logo":{"@type":"ImageObject","inLanguage":"me-ME","@id":"https:\/\/www.evropskakuca.me\/me\/#\/schema\/logo\/image\/","url":"https:\/\/www.evropskakuca.me\/wp-content\/uploads\/2025\/01\/evropska-kuca-logo-1.png","contentUrl":"https:\/\/www.evropskakuca.me\/wp-content\/uploads\/2025\/01\/evropska-kuca-logo-1.png","width":425,"height":312,"caption":"Evropean house"},"image":{"@id":"https:\/\/www.evropskakuca.me\/me\/#\/schema\/logo\/image\/"},"sameAs":["https:\/\/www.facebook.com\/evropska.kuca","https:\/\/x.com\/evropska_kuca","https:\/\/www.instagram.com\/evropska_kuca"]},{"@type":"Person","@id":"https:\/\/www.evropskakuca.me\/me\/#\/schema\/person\/a1d0dcdaefe4a1cd1d60d200ea137ba4","name":"mkajic","image":{"@type":"ImageObject","inLanguage":"me-ME","@id":"https:\/\/secure.gravatar.com\/avatar\/731fa035cefab7316e6bafd1f25a93fb731a07de14e2d9923f8db4422628eabc?s=96&d=mm&r=g","url":"https:\/\/secure.gravatar.com\/avatar\/731fa035cefab7316e6bafd1f25a93fb731a07de14e2d9923f8db4422628eabc?s=96&d=mm&r=g","contentUrl":"https:\/\/secure.gravatar.com\/avatar\/731fa035cefab7316e6bafd1f25a93fb731a07de14e2d9923f8db4422628eabc?s=96&d=mm&r=g","caption":"mkajic"},"sameAs":["https:\/\/evropskakuca.me"],"url":"https:\/\/www.evropskakuca.me\/me\/author\/mkajic\/"}]}},"_links":{"self":[{"href":"https:\/\/www.evropskakuca.me\/me\/wp-json\/wp\/v2\/posts\/7411","targetHints":{"allow":["GET"]}}],"collection":[{"href":"https:\/\/www.evropskakuca.me\/me\/wp-json\/wp\/v2\/posts"}],"about":[{"href":"https:\/\/www.evropskakuca.me\/me\/wp-json\/wp\/v2\/types\/post"}],"author":[{"embeddable":true,"href":"https:\/\/www.evropskakuca.me\/me\/wp-json\/wp\/v2\/users\/1"}],"replies":[{"embeddable":true,"href":"https:\/\/www.evropskakuca.me\/me\/wp-json\/wp\/v2\/comments?post=7411"}],"version-history":[{"count":0,"href":"https:\/\/www.evropskakuca.me\/me\/wp-json\/wp\/v2\/posts\/7411\/revisions"}],"wp:attachment":[{"href":"https:\/\/www.evropskakuca.me\/me\/wp-json\/wp\/v2\/media?parent=7411"}],"wp:term":[{"taxonomy":"category","embeddable":true,"href":"https:\/\/www.evropskakuca.me\/me\/wp-json\/wp\/v2\/categories?post=7411"},{"taxonomy":"post_tag","embeddable":true,"href":"https:\/\/www.evropskakuca.me\/me\/wp-json\/wp\/v2\/tags?post=7411"}],"curies":[{"name":"wp","href":"https:\/\/api.w.org\/{rel}","templated":true}]}}