{"id":7395,"date":"2019-10-29T16:01:06","date_gmt":"2019-10-29T16:01:06","guid":{"rendered":"http:\/\/www.evropskakuca.me\/me\/?p=7395"},"modified":"2019-10-29T16:01:06","modified_gmt":"2019-10-29T16:01:06","slug":"sve-vise-roma-zavrsava-srednju-skolu-uz-podrsku-evropske-unije","status":"publish","type":"post","link":"https:\/\/www.evropskakuca.me\/me\/sve-vise-roma-zavrsava-srednju-skolu-uz-podrsku-evropske-unije\/","title":{"rendered":"Sve vi\u0161e Roma zavr\u0161ava srednju \u0161kolu uz podr\u0161ku Evropske unije"},"content":{"rendered":"<p>Od ukupno 108 srednjo\u0161kolaca romske nacionalnosti u Crnoj Gori, pro\u0161le \u0161kolske godine je sto dvoje zavr\u0161ilo razred. Dvadesetoro njih je zavr\u0161ilo srednju \u0161kolu, od kojih se jedanaestoro zaposlilo, a dvoje \u010deka upis na fakultet po afirmativnoj akciji. To je rezultat projekta \u201ePove\u0107anje pristupa i u\u010de\u0161\u0107a romskih u\u010denika u srednjem obrazovanju i prelasku na tr\u017ei\u0161te rada\u201c, koji sprovodi NVO \u201eMladi Romi\u201c, a finansira Evropska unija. Do sada je u projekat ulo\u017eeno blizu 26 000 eura, dok je za naredni period obezbije\u0111eno dodatnih oko 38 000 eura.<\/p>\n<p><img fetchpriority=\"high\" decoding=\"async\" class=\"alignnone size-large wp-image-7398\" src=\"http:\/\/www.evropskakuca.me\/wp-content\/uploads\/2019\/10\/podgorica-667-1024x683.jpg\" alt=\"\" width=\"1024\" height=\"683\" \/><\/p>\n<p>Pobolj\u0161anje \u0161kolskog uspjeha i zapo\u0161ljivosti romskih srednjo\u0161kolaca, kroz saradnju sa profesorima-mentorima, osnovni je cilj ovog projekta zapo\u010detog pro\u0161le godine. U toku prethodne \u0161kolske godine programom su obuhva\u0107ene 22 \u0161kole u Crnoj Gori, u kojima je anga\u017eovano ukupno 37 profesora-mentora koji su pratili uspjeh u\u010denika. Ove \u0161kolske godine bi\u0107e anga\u017eovana 44 profesora-mentora, odabranih putem javnog poziva.<\/p>\n<p>\u201eNa\u0161e procjene su da \u0107e ove \u0161kolske godine preko 40 u\u010denika zavr\u0161iti srednju \u0161kolu, \u0161to je porast za 50%\u201c, rekao je Samir Jaha, direktor NVO \u201eMladi Romi\u201c na konferenciji za medije u EU info centru.<\/p>\n<p><img decoding=\"async\" class=\"alignnone size-large wp-image-7397\" src=\"http:\/\/www.evropskakuca.me\/wp-content\/uploads\/2019\/10\/podgorica-596-1024x683.jpg\" alt=\"\" width=\"1024\" height=\"683\" \/><\/p>\n<p>Program obezbje\u0111uje i pla\u0107enu praksu za u\u010denike zavr\u0161nih razreda. Ostale aktivnosti u okviru ovog projekta odnose se na organizovanje info-sesija o mogu\u0107nostima za obavljanje prakse, organizovanje treninga i radionica na kojima u\u010denici usvajaju vje\u0161tine neophodne za tra\u017eenje posla, kao i organizovanje posjeta potencijalnim poslodavcima radi povezivanja sa svr\u0161enim srednjo\u0161kolcima.<\/p>\n<p>\u201ePla\u0107enu praksu pro\u0161le godine dobio je 31 u\u010denik\/ca, a 27 njih je uspje\u0161no zavr\u0161ilo. Njihova mjese\u010dna naknada iznosila je 165 eura neto\u201c, objasnio je Jaha.<\/p>\n<p><img decoding=\"async\" class=\"alignnone size-large wp-image-7402\" src=\"http:\/\/www.evropskakuca.me\/wp-content\/uploads\/2019\/10\/niksic-803-1024x683.jpg\" alt=\"\" width=\"1024\" height=\"683\" \/><\/p>\n<p>Projekat koji sprovodi NVO \u201eMladi Romi\u201c dio je regionalnog projekta \u201cPove\u0107ane mogu\u0107nosti obrazovanja za romske u\u010denike i mlade Rome na Zapadnom Balkanu i u Turskoj\u201c, koji finansira Evropska unija, a sprovodi Romski obrazovni fond (REF). NVO \u201cMladi Romi\u201d je nacionalna partnerska organizacija za Crnu Goru.<\/p>\n","protected":false},"excerpt":{"rendered":"<p>Projekat koji sprovodi NVO \u201eMladi Romi\u201c omogu\u0107ava rad profesora-mentora sa u\u010denicima i pla\u0107enu praksu za starije srednjo\u0161kolce<\/p>\n","protected":false},"author":1,"featured_media":34653,"comment_status":"open","ping_status":"open","sticky":false,"template":"","format":"standard","meta":{"_acf_changed":false,"footnotes":""},"categories":[],"tags":[],"class_list":["post-7395","post","type-post","status-publish","format-standard","has-post-thumbnail","hentry"],"acf":[],"yoast_head":"<!-- This site is optimized with the Yoast SEO plugin v27.3 - https:\/\/yoast.com\/product\/yoast-seo-wordpress\/ -->\n<title>Sve vi\u0161e Roma zavr\u0161ava srednju \u0161kolu uz podr\u0161ku Evropske unije - Europe House<\/title>\n<meta name=\"robots\" content=\"index, follow, max-snippet:-1, max-image-preview:large, max-video-preview:-1\" \/>\n<link rel=\"canonical\" href=\"https:\/\/www.evropskakuca.me\/me\/sve-vise-roma-zavrsava-srednju-skolu-uz-podrsku-evropske-unije\/\" \/>\n<meta property=\"og:locale\" content=\"en_US\" \/>\n<meta property=\"og:type\" content=\"article\" \/>\n<meta property=\"og:title\" content=\"Sve vi\u0161e Roma zavr\u0161ava srednju \u0161kolu uz podr\u0161ku Evropske unije - Europe House\" \/>\n<meta property=\"og:description\" content=\"Projekat koji sprovodi NVO \u201eMladi Romi\u201c omogu\u0107ava rad profesora-mentora sa u\u010denicima i pla\u0107enu praksu za starije srednjo\u0161kolce\" \/>\n<meta property=\"og:url\" content=\"https:\/\/www.evropskakuca.me\/me\/sve-vise-roma-zavrsava-srednju-skolu-uz-podrsku-evropske-unije\/\" \/>\n<meta property=\"og:site_name\" content=\"Europe House\" \/>\n<meta property=\"article:publisher\" content=\"https:\/\/www.facebook.com\/evropska.kuca\" \/>\n<meta property=\"article:published_time\" content=\"2019-10-29T16:01:06+00:00\" \/>\n<meta property=\"og:image\" content=\"https:\/\/www.evropskakuca.me\/wp-content\/uploads\/2019\/10\/herceg_novi-751-scaled.jpg\" \/>\n\t<meta property=\"og:image:width\" content=\"2560\" \/>\n\t<meta property=\"og:image:height\" content=\"1707\" \/>\n\t<meta property=\"og:image:type\" content=\"image\/jpeg\" \/>\n<meta name=\"author\" content=\"mkajic\" \/>\n<meta name=\"twitter:card\" content=\"summary_large_image\" \/>\n<meta name=\"twitter:creator\" content=\"@evropska_kuca\" \/>\n<meta name=\"twitter:site\" content=\"@evropska_kuca\" \/>\n<meta name=\"twitter:label1\" content=\"Written by\" \/>\n\t<meta name=\"twitter:data1\" content=\"mkajic\" \/>\n\t<meta name=\"twitter:label2\" content=\"Est. reading time\" \/>\n\t<meta name=\"twitter:data2\" content=\"2 minutes\" \/>\n<script type=\"application\/ld+json\" class=\"yoast-schema-graph\">{\"@context\":\"https:\\\/\\\/schema.org\",\"@graph\":[{\"@type\":\"Article\",\"@id\":\"https:\\\/\\\/www.evropskakuca.me\\\/me\\\/sve-vise-roma-zavrsava-srednju-skolu-uz-podrsku-evropske-unije\\\/#article\",\"isPartOf\":{\"@id\":\"https:\\\/\\\/www.evropskakuca.me\\\/me\\\/sve-vise-roma-zavrsava-srednju-skolu-uz-podrsku-evropske-unije\\\/\"},\"author\":{\"name\":\"mkajic\",\"@id\":\"https:\\\/\\\/www.evropskakuca.me\\\/me\\\/#\\\/schema\\\/person\\\/a1d0dcdaefe4a1cd1d60d200ea137ba4\"},\"headline\":\"Sve vi\u0161e Roma zavr\u0161ava srednju \u0161kolu uz podr\u0161ku Evropske unije\",\"datePublished\":\"2019-10-29T16:01:06+00:00\",\"mainEntityOfPage\":{\"@id\":\"https:\\\/\\\/www.evropskakuca.me\\\/me\\\/sve-vise-roma-zavrsava-srednju-skolu-uz-podrsku-evropske-unije\\\/\"},\"wordCount\":339,\"commentCount\":0,\"publisher\":{\"@id\":\"https:\\\/\\\/www.evropskakuca.me\\\/me\\\/#organization\"},\"image\":{\"@id\":\"https:\\\/\\\/www.evropskakuca.me\\\/me\\\/sve-vise-roma-zavrsava-srednju-skolu-uz-podrsku-evropske-unije\\\/#primaryimage\"},\"thumbnailUrl\":\"https:\\\/\\\/www.evropskakuca.me\\\/wp-content\\\/uploads\\\/2019\\\/10\\\/herceg_novi-751-scaled.jpg\",\"inLanguage\":\"me-ME\",\"potentialAction\":[{\"@type\":\"CommentAction\",\"name\":\"Comment\",\"target\":[\"https:\\\/\\\/www.evropskakuca.me\\\/me\\\/sve-vise-roma-zavrsava-srednju-skolu-uz-podrsku-evropske-unije\\\/#respond\"]}]},{\"@type\":\"WebPage\",\"@id\":\"https:\\\/\\\/www.evropskakuca.me\\\/me\\\/sve-vise-roma-zavrsava-srednju-skolu-uz-podrsku-evropske-unije\\\/\",\"url\":\"https:\\\/\\\/www.evropskakuca.me\\\/me\\\/sve-vise-roma-zavrsava-srednju-skolu-uz-podrsku-evropske-unije\\\/\",\"name\":\"Sve vi\u0161e Roma zavr\u0161ava srednju \u0161kolu uz podr\u0161ku Evropske unije - Europe House\",\"isPartOf\":{\"@id\":\"https:\\\/\\\/www.evropskakuca.me\\\/me\\\/#website\"},\"primaryImageOfPage\":{\"@id\":\"https:\\\/\\\/www.evropskakuca.me\\\/me\\\/sve-vise-roma-zavrsava-srednju-skolu-uz-podrsku-evropske-unije\\\/#primaryimage\"},\"image\":{\"@id\":\"https:\\\/\\\/www.evropskakuca.me\\\/me\\\/sve-vise-roma-zavrsava-srednju-skolu-uz-podrsku-evropske-unije\\\/#primaryimage\"},\"thumbnailUrl\":\"https:\\\/\\\/www.evropskakuca.me\\\/wp-content\\\/uploads\\\/2019\\\/10\\\/herceg_novi-751-scaled.jpg\",\"datePublished\":\"2019-10-29T16:01:06+00:00\",\"breadcrumb\":{\"@id\":\"https:\\\/\\\/www.evropskakuca.me\\\/me\\\/sve-vise-roma-zavrsava-srednju-skolu-uz-podrsku-evropske-unije\\\/#breadcrumb\"},\"inLanguage\":\"me-ME\",\"potentialAction\":[{\"@type\":\"ReadAction\",\"target\":[\"https:\\\/\\\/www.evropskakuca.me\\\/me\\\/sve-vise-roma-zavrsava-srednju-skolu-uz-podrsku-evropske-unije\\\/\"]}]},{\"@type\":\"ImageObject\",\"inLanguage\":\"me-ME\",\"@id\":\"https:\\\/\\\/www.evropskakuca.me\\\/me\\\/sve-vise-roma-zavrsava-srednju-skolu-uz-podrsku-evropske-unije\\\/#primaryimage\",\"url\":\"https:\\\/\\\/www.evropskakuca.me\\\/wp-content\\\/uploads\\\/2019\\\/10\\\/herceg_novi-751-scaled.jpg\",\"contentUrl\":\"https:\\\/\\\/www.evropskakuca.me\\\/wp-content\\\/uploads\\\/2019\\\/10\\\/herceg_novi-751-scaled.jpg\",\"width\":2560,\"height\":1707},{\"@type\":\"BreadcrumbList\",\"@id\":\"https:\\\/\\\/www.evropskakuca.me\\\/me\\\/sve-vise-roma-zavrsava-srednju-skolu-uz-podrsku-evropske-unije\\\/#breadcrumb\",\"itemListElement\":[{\"@type\":\"ListItem\",\"position\":1,\"name\":\"Home\",\"item\":\"https:\\\/\\\/www.evropskakuca.me\\\/me\\\/\"},{\"@type\":\"ListItem\",\"position\":2,\"name\":\"Sve vi\u0161e Roma zavr\u0161ava srednju \u0161kolu uz podr\u0161ku Evropske unije\"}]},{\"@type\":\"WebSite\",\"@id\":\"https:\\\/\\\/www.evropskakuca.me\\\/me\\\/#website\",\"url\":\"https:\\\/\\\/www.evropskakuca.me\\\/me\\\/\",\"name\":\"Evropean house\",\"description\":\"\",\"publisher\":{\"@id\":\"https:\\\/\\\/www.evropskakuca.me\\\/me\\\/#organization\"},\"potentialAction\":[{\"@type\":\"SearchAction\",\"target\":{\"@type\":\"EntryPoint\",\"urlTemplate\":\"https:\\\/\\\/www.evropskakuca.me\\\/me\\\/?s={search_term_string}\"},\"query-input\":{\"@type\":\"PropertyValueSpecification\",\"valueRequired\":true,\"valueName\":\"search_term_string\"}}],\"inLanguage\":\"me-ME\"},{\"@type\":\"Organization\",\"@id\":\"https:\\\/\\\/www.evropskakuca.me\\\/me\\\/#organization\",\"name\":\"Evropean house\",\"url\":\"https:\\\/\\\/www.evropskakuca.me\\\/me\\\/\",\"logo\":{\"@type\":\"ImageObject\",\"inLanguage\":\"me-ME\",\"@id\":\"https:\\\/\\\/www.evropskakuca.me\\\/me\\\/#\\\/schema\\\/logo\\\/image\\\/\",\"url\":\"https:\\\/\\\/www.evropskakuca.me\\\/wp-content\\\/uploads\\\/2025\\\/01\\\/evropska-kuca-logo-1.png\",\"contentUrl\":\"https:\\\/\\\/www.evropskakuca.me\\\/wp-content\\\/uploads\\\/2025\\\/01\\\/evropska-kuca-logo-1.png\",\"width\":425,\"height\":312,\"caption\":\"Evropean house\"},\"image\":{\"@id\":\"https:\\\/\\\/www.evropskakuca.me\\\/me\\\/#\\\/schema\\\/logo\\\/image\\\/\"},\"sameAs\":[\"https:\\\/\\\/www.facebook.com\\\/evropska.kuca\",\"https:\\\/\\\/x.com\\\/evropska_kuca\",\"https:\\\/\\\/www.instagram.com\\\/evropska_kuca\"]},{\"@type\":\"Person\",\"@id\":\"https:\\\/\\\/www.evropskakuca.me\\\/me\\\/#\\\/schema\\\/person\\\/a1d0dcdaefe4a1cd1d60d200ea137ba4\",\"name\":\"mkajic\",\"image\":{\"@type\":\"ImageObject\",\"inLanguage\":\"me-ME\",\"@id\":\"https:\\\/\\\/secure.gravatar.com\\\/avatar\\\/731fa035cefab7316e6bafd1f25a93fb731a07de14e2d9923f8db4422628eabc?s=96&d=mm&r=g\",\"url\":\"https:\\\/\\\/secure.gravatar.com\\\/avatar\\\/731fa035cefab7316e6bafd1f25a93fb731a07de14e2d9923f8db4422628eabc?s=96&d=mm&r=g\",\"contentUrl\":\"https:\\\/\\\/secure.gravatar.com\\\/avatar\\\/731fa035cefab7316e6bafd1f25a93fb731a07de14e2d9923f8db4422628eabc?s=96&d=mm&r=g\",\"caption\":\"mkajic\"},\"sameAs\":[\"https:\\\/\\\/evropskakuca.me\"],\"url\":\"https:\\\/\\\/www.evropskakuca.me\\\/me\\\/author\\\/mkajic\\\/\"}]}<\/script>\n<!-- \/ Yoast SEO plugin. -->","yoast_head_json":{"title":"Sve vi\u0161e Roma zavr\u0161ava srednju \u0161kolu uz podr\u0161ku Evropske unije - Europe House","robots":{"index":"index","follow":"follow","max-snippet":"max-snippet:-1","max-image-preview":"max-image-preview:large","max-video-preview":"max-video-preview:-1"},"canonical":"https:\/\/www.evropskakuca.me\/me\/sve-vise-roma-zavrsava-srednju-skolu-uz-podrsku-evropske-unije\/","og_locale":"en_US","og_type":"article","og_title":"Sve vi\u0161e Roma zavr\u0161ava srednju \u0161kolu uz podr\u0161ku Evropske unije - Europe House","og_description":"Projekat koji sprovodi NVO \u201eMladi Romi\u201c omogu\u0107ava rad profesora-mentora sa u\u010denicima i pla\u0107enu praksu za starije srednjo\u0161kolce","og_url":"https:\/\/www.evropskakuca.me\/me\/sve-vise-roma-zavrsava-srednju-skolu-uz-podrsku-evropske-unije\/","og_site_name":"Europe House","article_publisher":"https:\/\/www.facebook.com\/evropska.kuca","article_published_time":"2019-10-29T16:01:06+00:00","og_image":[{"width":2560,"height":1707,"url":"https:\/\/www.evropskakuca.me\/wp-content\/uploads\/2019\/10\/herceg_novi-751-scaled.jpg","type":"image\/jpeg"}],"author":"mkajic","twitter_card":"summary_large_image","twitter_creator":"@evropska_kuca","twitter_site":"@evropska_kuca","twitter_misc":{"Written by":"mkajic","Est. reading time":"2 minutes"},"schema":{"@context":"https:\/\/schema.org","@graph":[{"@type":"Article","@id":"https:\/\/www.evropskakuca.me\/me\/sve-vise-roma-zavrsava-srednju-skolu-uz-podrsku-evropske-unije\/#article","isPartOf":{"@id":"https:\/\/www.evropskakuca.me\/me\/sve-vise-roma-zavrsava-srednju-skolu-uz-podrsku-evropske-unije\/"},"author":{"name":"mkajic","@id":"https:\/\/www.evropskakuca.me\/me\/#\/schema\/person\/a1d0dcdaefe4a1cd1d60d200ea137ba4"},"headline":"Sve vi\u0161e Roma zavr\u0161ava srednju \u0161kolu uz podr\u0161ku Evropske unije","datePublished":"2019-10-29T16:01:06+00:00","mainEntityOfPage":{"@id":"https:\/\/www.evropskakuca.me\/me\/sve-vise-roma-zavrsava-srednju-skolu-uz-podrsku-evropske-unije\/"},"wordCount":339,"commentCount":0,"publisher":{"@id":"https:\/\/www.evropskakuca.me\/me\/#organization"},"image":{"@id":"https:\/\/www.evropskakuca.me\/me\/sve-vise-roma-zavrsava-srednju-skolu-uz-podrsku-evropske-unije\/#primaryimage"},"thumbnailUrl":"https:\/\/www.evropskakuca.me\/wp-content\/uploads\/2019\/10\/herceg_novi-751-scaled.jpg","inLanguage":"me-ME","potentialAction":[{"@type":"CommentAction","name":"Comment","target":["https:\/\/www.evropskakuca.me\/me\/sve-vise-roma-zavrsava-srednju-skolu-uz-podrsku-evropske-unije\/#respond"]}]},{"@type":"WebPage","@id":"https:\/\/www.evropskakuca.me\/me\/sve-vise-roma-zavrsava-srednju-skolu-uz-podrsku-evropske-unije\/","url":"https:\/\/www.evropskakuca.me\/me\/sve-vise-roma-zavrsava-srednju-skolu-uz-podrsku-evropske-unije\/","name":"Sve vi\u0161e Roma zavr\u0161ava srednju \u0161kolu uz podr\u0161ku Evropske unije - Europe House","isPartOf":{"@id":"https:\/\/www.evropskakuca.me\/me\/#website"},"primaryImageOfPage":{"@id":"https:\/\/www.evropskakuca.me\/me\/sve-vise-roma-zavrsava-srednju-skolu-uz-podrsku-evropske-unije\/#primaryimage"},"image":{"@id":"https:\/\/www.evropskakuca.me\/me\/sve-vise-roma-zavrsava-srednju-skolu-uz-podrsku-evropske-unije\/#primaryimage"},"thumbnailUrl":"https:\/\/www.evropskakuca.me\/wp-content\/uploads\/2019\/10\/herceg_novi-751-scaled.jpg","datePublished":"2019-10-29T16:01:06+00:00","breadcrumb":{"@id":"https:\/\/www.evropskakuca.me\/me\/sve-vise-roma-zavrsava-srednju-skolu-uz-podrsku-evropske-unije\/#breadcrumb"},"inLanguage":"me-ME","potentialAction":[{"@type":"ReadAction","target":["https:\/\/www.evropskakuca.me\/me\/sve-vise-roma-zavrsava-srednju-skolu-uz-podrsku-evropske-unije\/"]}]},{"@type":"ImageObject","inLanguage":"me-ME","@id":"https:\/\/www.evropskakuca.me\/me\/sve-vise-roma-zavrsava-srednju-skolu-uz-podrsku-evropske-unije\/#primaryimage","url":"https:\/\/www.evropskakuca.me\/wp-content\/uploads\/2019\/10\/herceg_novi-751-scaled.jpg","contentUrl":"https:\/\/www.evropskakuca.me\/wp-content\/uploads\/2019\/10\/herceg_novi-751-scaled.jpg","width":2560,"height":1707},{"@type":"BreadcrumbList","@id":"https:\/\/www.evropskakuca.me\/me\/sve-vise-roma-zavrsava-srednju-skolu-uz-podrsku-evropske-unije\/#breadcrumb","itemListElement":[{"@type":"ListItem","position":1,"name":"Home","item":"https:\/\/www.evropskakuca.me\/me\/"},{"@type":"ListItem","position":2,"name":"Sve vi\u0161e Roma zavr\u0161ava srednju \u0161kolu uz podr\u0161ku Evropske unije"}]},{"@type":"WebSite","@id":"https:\/\/www.evropskakuca.me\/me\/#website","url":"https:\/\/www.evropskakuca.me\/me\/","name":"Evropean house","description":"","publisher":{"@id":"https:\/\/www.evropskakuca.me\/me\/#organization"},"potentialAction":[{"@type":"SearchAction","target":{"@type":"EntryPoint","urlTemplate":"https:\/\/www.evropskakuca.me\/me\/?s={search_term_string}"},"query-input":{"@type":"PropertyValueSpecification","valueRequired":true,"valueName":"search_term_string"}}],"inLanguage":"me-ME"},{"@type":"Organization","@id":"https:\/\/www.evropskakuca.me\/me\/#organization","name":"Evropean house","url":"https:\/\/www.evropskakuca.me\/me\/","logo":{"@type":"ImageObject","inLanguage":"me-ME","@id":"https:\/\/www.evropskakuca.me\/me\/#\/schema\/logo\/image\/","url":"https:\/\/www.evropskakuca.me\/wp-content\/uploads\/2025\/01\/evropska-kuca-logo-1.png","contentUrl":"https:\/\/www.evropskakuca.me\/wp-content\/uploads\/2025\/01\/evropska-kuca-logo-1.png","width":425,"height":312,"caption":"Evropean house"},"image":{"@id":"https:\/\/www.evropskakuca.me\/me\/#\/schema\/logo\/image\/"},"sameAs":["https:\/\/www.facebook.com\/evropska.kuca","https:\/\/x.com\/evropska_kuca","https:\/\/www.instagram.com\/evropska_kuca"]},{"@type":"Person","@id":"https:\/\/www.evropskakuca.me\/me\/#\/schema\/person\/a1d0dcdaefe4a1cd1d60d200ea137ba4","name":"mkajic","image":{"@type":"ImageObject","inLanguage":"me-ME","@id":"https:\/\/secure.gravatar.com\/avatar\/731fa035cefab7316e6bafd1f25a93fb731a07de14e2d9923f8db4422628eabc?s=96&d=mm&r=g","url":"https:\/\/secure.gravatar.com\/avatar\/731fa035cefab7316e6bafd1f25a93fb731a07de14e2d9923f8db4422628eabc?s=96&d=mm&r=g","contentUrl":"https:\/\/secure.gravatar.com\/avatar\/731fa035cefab7316e6bafd1f25a93fb731a07de14e2d9923f8db4422628eabc?s=96&d=mm&r=g","caption":"mkajic"},"sameAs":["https:\/\/evropskakuca.me"],"url":"https:\/\/www.evropskakuca.me\/me\/author\/mkajic\/"}]}},"_links":{"self":[{"href":"https:\/\/www.evropskakuca.me\/me\/wp-json\/wp\/v2\/posts\/7395","targetHints":{"allow":["GET"]}}],"collection":[{"href":"https:\/\/www.evropskakuca.me\/me\/wp-json\/wp\/v2\/posts"}],"about":[{"href":"https:\/\/www.evropskakuca.me\/me\/wp-json\/wp\/v2\/types\/post"}],"author":[{"embeddable":true,"href":"https:\/\/www.evropskakuca.me\/me\/wp-json\/wp\/v2\/users\/1"}],"replies":[{"embeddable":true,"href":"https:\/\/www.evropskakuca.me\/me\/wp-json\/wp\/v2\/comments?post=7395"}],"version-history":[{"count":0,"href":"https:\/\/www.evropskakuca.me\/me\/wp-json\/wp\/v2\/posts\/7395\/revisions"}],"wp:featuredmedia":[{"embeddable":true,"href":"https:\/\/www.evropskakuca.me\/me\/wp-json\/wp\/v2\/media\/34653"}],"wp:attachment":[{"href":"https:\/\/www.evropskakuca.me\/me\/wp-json\/wp\/v2\/media?parent=7395"}],"wp:term":[{"taxonomy":"category","embeddable":true,"href":"https:\/\/www.evropskakuca.me\/me\/wp-json\/wp\/v2\/categories?post=7395"},{"taxonomy":"post_tag","embeddable":true,"href":"https:\/\/www.evropskakuca.me\/me\/wp-json\/wp\/v2\/tags?post=7395"}],"curies":[{"name":"wp","href":"https:\/\/api.w.org\/{rel}","templated":true}]}}