{"id":7337,"date":"2019-10-16T14:02:33","date_gmt":"2019-10-16T14:02:33","guid":{"rendered":"http:\/\/www.evropskakuca.me\/?p=7337"},"modified":"2019-10-16T14:02:33","modified_gmt":"2019-10-16T14:02:33","slug":"aleksandrovih-i-kristininih-sto-hrastova-godisnje","status":"publish","type":"post","link":"https:\/\/www.evropskakuca.me\/me\/aleksandrovih-i-kristininih-sto-hrastova-godisnje\/","title":{"rendered":"Aleksandrovih i Kristininih sto hrastova godi\u0161nje"},"content":{"rendered":"<p>Pa\u017enja prema prirodi je nekada bila uobi\u010dajena, a danas je rijetkost. Nekada se drvo sadilo da bi se obilje\u017eio zna\u010dajan datum u \u017eivotima ljudi, a moderna vremena su donijela neke druga\u010dije obi\u010daje.<\/p>\n<p>U Aleksandru Novovi\u0107u i njegovoj supruzi Kristini \u017dugi\u0107 savremeni tempo \u017eivota nije ubio ljubav i po\u0161tovanje prema prirodnom okru\u017eenju. Izme\u0111u ostalog, oni posade stotinu hrastova godi\u0161nje.<\/p>\n<p>\u201cJedan od na\u0161ih glavnih ciljeva je revitalizacija ekosistema oko gradova, rad sa djecom i vra\u0107anje kulture ljubavi prema drvetu\u201c, ka\u017ee \u00a0Aleksandar.<\/p>\n<p><img fetchpriority=\"high\" decoding=\"async\" class=\"alignnone size-large wp-image-7340\" src=\"http:\/\/www.evropskakuca.me\/wp-content\/uploads\/2019\/10\/akbe-4-1024x683.jpg\" alt=\"\" width=\"1024\" height=\"683\" \/><\/p>\n<p>Aleksandar i Kristina u sa\u0111enje drve\u0107a uklju\u010duju djecu iz osnovnih \u0161kola da bi se osjetila va\u017enima, dala svoj doprinos prirodi i zajedni\u010dki napravila korak bli\u017ee \u017eivotu u skladu sa prirodom.<\/p>\n<p>\u201cTreba svi da \u017eivimo na malo odr\u017eiviji na\u010din, da pravimo male korake da bismo u\u010dinili tu veliku promjenu kojoj te\u017eimo, a to je \u017eivot u skladu sa prirodom\u201c, obja\u0161njava Kristina.<\/p>\n<p>Da su se ljudi otu\u0111ili od prirode i nije neka novost. Zato je, u vremenu kada se ljudska bi\u0107a okre\u0107i protiv prorode, va\u017eno biti joj drug.<\/p>\n<p>\u201cPoku\u0161avamo da se uskladimo sa odr\u017eivim na\u010dinom \u017eivljenja. Ne mogu re\u0107i da smo to postigli, ali smo svjesni da svaka mala promjena koju u\u010dinimo zapravo doprinosi toj velikoj promjeni koja treba da se desi\u201c, dodaje Kristina.<\/p>\n<p>Nijedna velika promjena ne mo\u017ee se dogoditi bez na\u0161eg u\u010de\u0161\u0107a i doprinosa. Prirodi odavno treba vi\u0161e prijatelja. Neko poput Aleksandra i Kristine, voljan da ulo\u017ei bar dio sebe i svog vremena u zajedni\u010dko dobro. Voljan da vrati prirodi i dio tu\u0111eg duga ako zatreba, i da razmisli kakvo naslje\u0111e ostavlja za budu\u0107nost.<\/p>\n<p>\u201cSvake godine sto novih hrastova, minimum sto. Svake godine minimum sto pedeset novih klinaca. Sljede\u0107a generacija, \u010detiri \u010dovjeka godi\u0161nje \u0107e imati koristi od na\u0161eg sa\u0111enja\u201c, zaklju\u010duje Aleksandar.<\/p>\n<p>Biti primjer zna\u010di inspirisati druge na pozitivne promjene. Aleksandar i Kristina to jesu.<\/p>\n<div style=\"width: 800px;\" class=\"wp-video\"><video class=\"wp-video-shortcode\" id=\"video-7337-1\" width=\"800\" height=\"450\" preload=\"metadata\" controls=\"controls\"><source type=\"video\/mp4\" src=\"http:\/\/www.evropskakuca.me\/wp-content\/uploads\/2019\/10\/Aco-i-Kristina-za-sajt.mp4?_=1\" \/><a href=\"http:\/\/www.evropskakuca.me\/wp-content\/uploads\/2019\/10\/Aco-i-Kristina-za-sajt.mp4\">http:\/\/www.evropskakuca.me\/wp-content\/uploads\/2019\/10\/Aco-i-Kristina-za-sajt.mp4<\/a><\/video><\/div>\n<p>&nbsp;<\/p>\n","protected":false},"excerpt":{"rendered":"<p>\u017divot u skladu s prirodom<\/p>\n","protected":false},"author":1,"featured_media":34633,"comment_status":"open","ping_status":"open","sticky":false,"template":"","format":"standard","meta":{"_acf_changed":false,"footnotes":""},"categories":[1],"tags":[],"class_list":["post-7337","post","type-post","status-publish","format-standard","has-post-thumbnail","hentry","category-uncategorized"],"acf":[],"yoast_head":"<!-- This site is optimized with the Yoast SEO plugin v27.3 - https:\/\/yoast.com\/product\/yoast-seo-wordpress\/ -->\n<title>Aleksandrovih i Kristininih sto hrastova godi\u0161nje - Europe House<\/title>\n<meta name=\"robots\" content=\"index, follow, max-snippet:-1, max-image-preview:large, max-video-preview:-1\" \/>\n<link rel=\"canonical\" href=\"https:\/\/www.evropskakuca.me\/me\/aleksandrovih-i-kristininih-sto-hrastova-godisnje\/\" \/>\n<meta property=\"og:locale\" content=\"en_US\" \/>\n<meta property=\"og:type\" content=\"article\" \/>\n<meta property=\"og:title\" content=\"Aleksandrovih i Kristininih sto hrastova godi\u0161nje - Europe House\" \/>\n<meta property=\"og:description\" content=\"\u017divot u skladu s prirodom\" \/>\n<meta property=\"og:url\" content=\"https:\/\/www.evropskakuca.me\/me\/aleksandrovih-i-kristininih-sto-hrastova-godisnje\/\" \/>\n<meta property=\"og:site_name\" content=\"Europe House\" \/>\n<meta property=\"article:publisher\" content=\"https:\/\/www.facebook.com\/evropska.kuca\" \/>\n<meta property=\"article:published_time\" content=\"2019-10-16T14:02:33+00:00\" \/>\n<meta property=\"og:image\" content=\"https:\/\/www.evropskakuca.me\/wp-content\/uploads\/2019\/10\/akbe-5-scaled.jpg\" \/>\n\t<meta property=\"og:image:width\" content=\"2560\" \/>\n\t<meta property=\"og:image:height\" content=\"1707\" \/>\n\t<meta property=\"og:image:type\" content=\"image\/jpeg\" \/>\n<meta name=\"author\" content=\"mkajic\" \/>\n<meta name=\"twitter:card\" content=\"summary_large_image\" \/>\n<meta name=\"twitter:creator\" content=\"@evropska_kuca\" \/>\n<meta name=\"twitter:site\" content=\"@evropska_kuca\" \/>\n<meta name=\"twitter:label1\" content=\"Written by\" \/>\n\t<meta name=\"twitter:data1\" content=\"mkajic\" \/>\n\t<meta name=\"twitter:label2\" content=\"Est. reading time\" \/>\n\t<meta name=\"twitter:data2\" content=\"2 minutes\" \/>\n<script type=\"application\/ld+json\" class=\"yoast-schema-graph\">{\"@context\":\"https:\\\/\\\/schema.org\",\"@graph\":[{\"@type\":\"Article\",\"@id\":\"https:\\\/\\\/www.evropskakuca.me\\\/me\\\/aleksandrovih-i-kristininih-sto-hrastova-godisnje\\\/#article\",\"isPartOf\":{\"@id\":\"https:\\\/\\\/www.evropskakuca.me\\\/me\\\/aleksandrovih-i-kristininih-sto-hrastova-godisnje\\\/\"},\"author\":{\"name\":\"mkajic\",\"@id\":\"https:\\\/\\\/www.evropskakuca.me\\\/me\\\/#\\\/schema\\\/person\\\/a1d0dcdaefe4a1cd1d60d200ea137ba4\"},\"headline\":\"Aleksandrovih i Kristininih sto hrastova godi\u0161nje\",\"datePublished\":\"2019-10-16T14:02:33+00:00\",\"mainEntityOfPage\":{\"@id\":\"https:\\\/\\\/www.evropskakuca.me\\\/me\\\/aleksandrovih-i-kristininih-sto-hrastova-godisnje\\\/\"},\"wordCount\":364,\"commentCount\":0,\"publisher\":{\"@id\":\"https:\\\/\\\/www.evropskakuca.me\\\/me\\\/#organization\"},\"image\":{\"@id\":\"https:\\\/\\\/www.evropskakuca.me\\\/me\\\/aleksandrovih-i-kristininih-sto-hrastova-godisnje\\\/#primaryimage\"},\"thumbnailUrl\":\"https:\\\/\\\/www.evropskakuca.me\\\/wp-content\\\/uploads\\\/2019\\\/10\\\/akbe-5-scaled.jpg\",\"inLanguage\":\"me-ME\",\"potentialAction\":[{\"@type\":\"CommentAction\",\"name\":\"Comment\",\"target\":[\"https:\\\/\\\/www.evropskakuca.me\\\/me\\\/aleksandrovih-i-kristininih-sto-hrastova-godisnje\\\/#respond\"]}]},{\"@type\":\"WebPage\",\"@id\":\"https:\\\/\\\/www.evropskakuca.me\\\/me\\\/aleksandrovih-i-kristininih-sto-hrastova-godisnje\\\/\",\"url\":\"https:\\\/\\\/www.evropskakuca.me\\\/me\\\/aleksandrovih-i-kristininih-sto-hrastova-godisnje\\\/\",\"name\":\"Aleksandrovih i Kristininih sto hrastova godi\u0161nje - Europe House\",\"isPartOf\":{\"@id\":\"https:\\\/\\\/www.evropskakuca.me\\\/me\\\/#website\"},\"primaryImageOfPage\":{\"@id\":\"https:\\\/\\\/www.evropskakuca.me\\\/me\\\/aleksandrovih-i-kristininih-sto-hrastova-godisnje\\\/#primaryimage\"},\"image\":{\"@id\":\"https:\\\/\\\/www.evropskakuca.me\\\/me\\\/aleksandrovih-i-kristininih-sto-hrastova-godisnje\\\/#primaryimage\"},\"thumbnailUrl\":\"https:\\\/\\\/www.evropskakuca.me\\\/wp-content\\\/uploads\\\/2019\\\/10\\\/akbe-5-scaled.jpg\",\"datePublished\":\"2019-10-16T14:02:33+00:00\",\"breadcrumb\":{\"@id\":\"https:\\\/\\\/www.evropskakuca.me\\\/me\\\/aleksandrovih-i-kristininih-sto-hrastova-godisnje\\\/#breadcrumb\"},\"inLanguage\":\"me-ME\",\"potentialAction\":[{\"@type\":\"ReadAction\",\"target\":[\"https:\\\/\\\/www.evropskakuca.me\\\/me\\\/aleksandrovih-i-kristininih-sto-hrastova-godisnje\\\/\"]}]},{\"@type\":\"ImageObject\",\"inLanguage\":\"me-ME\",\"@id\":\"https:\\\/\\\/www.evropskakuca.me\\\/me\\\/aleksandrovih-i-kristininih-sto-hrastova-godisnje\\\/#primaryimage\",\"url\":\"https:\\\/\\\/www.evropskakuca.me\\\/wp-content\\\/uploads\\\/2019\\\/10\\\/akbe-5-scaled.jpg\",\"contentUrl\":\"https:\\\/\\\/www.evropskakuca.me\\\/wp-content\\\/uploads\\\/2019\\\/10\\\/akbe-5-scaled.jpg\",\"width\":2560,\"height\":1707},{\"@type\":\"BreadcrumbList\",\"@id\":\"https:\\\/\\\/www.evropskakuca.me\\\/me\\\/aleksandrovih-i-kristininih-sto-hrastova-godisnje\\\/#breadcrumb\",\"itemListElement\":[{\"@type\":\"ListItem\",\"position\":1,\"name\":\"Home\",\"item\":\"https:\\\/\\\/www.evropskakuca.me\\\/me\\\/\"},{\"@type\":\"ListItem\",\"position\":2,\"name\":\"Aleksandrovih i Kristininih sto hrastova godi\u0161nje\"}]},{\"@type\":\"WebSite\",\"@id\":\"https:\\\/\\\/www.evropskakuca.me\\\/me\\\/#website\",\"url\":\"https:\\\/\\\/www.evropskakuca.me\\\/me\\\/\",\"name\":\"Evropean house\",\"description\":\"\",\"publisher\":{\"@id\":\"https:\\\/\\\/www.evropskakuca.me\\\/me\\\/#organization\"},\"potentialAction\":[{\"@type\":\"SearchAction\",\"target\":{\"@type\":\"EntryPoint\",\"urlTemplate\":\"https:\\\/\\\/www.evropskakuca.me\\\/me\\\/?s={search_term_string}\"},\"query-input\":{\"@type\":\"PropertyValueSpecification\",\"valueRequired\":true,\"valueName\":\"search_term_string\"}}],\"inLanguage\":\"me-ME\"},{\"@type\":\"Organization\",\"@id\":\"https:\\\/\\\/www.evropskakuca.me\\\/me\\\/#organization\",\"name\":\"Evropean house\",\"url\":\"https:\\\/\\\/www.evropskakuca.me\\\/me\\\/\",\"logo\":{\"@type\":\"ImageObject\",\"inLanguage\":\"me-ME\",\"@id\":\"https:\\\/\\\/www.evropskakuca.me\\\/me\\\/#\\\/schema\\\/logo\\\/image\\\/\",\"url\":\"https:\\\/\\\/www.evropskakuca.me\\\/wp-content\\\/uploads\\\/2025\\\/01\\\/evropska-kuca-logo-1.png\",\"contentUrl\":\"https:\\\/\\\/www.evropskakuca.me\\\/wp-content\\\/uploads\\\/2025\\\/01\\\/evropska-kuca-logo-1.png\",\"width\":425,\"height\":312,\"caption\":\"Evropean house\"},\"image\":{\"@id\":\"https:\\\/\\\/www.evropskakuca.me\\\/me\\\/#\\\/schema\\\/logo\\\/image\\\/\"},\"sameAs\":[\"https:\\\/\\\/www.facebook.com\\\/evropska.kuca\",\"https:\\\/\\\/x.com\\\/evropska_kuca\",\"https:\\\/\\\/www.instagram.com\\\/evropska_kuca\"]},{\"@type\":\"Person\",\"@id\":\"https:\\\/\\\/www.evropskakuca.me\\\/me\\\/#\\\/schema\\\/person\\\/a1d0dcdaefe4a1cd1d60d200ea137ba4\",\"name\":\"mkajic\",\"image\":{\"@type\":\"ImageObject\",\"inLanguage\":\"me-ME\",\"@id\":\"https:\\\/\\\/secure.gravatar.com\\\/avatar\\\/731fa035cefab7316e6bafd1f25a93fb731a07de14e2d9923f8db4422628eabc?s=96&d=mm&r=g\",\"url\":\"https:\\\/\\\/secure.gravatar.com\\\/avatar\\\/731fa035cefab7316e6bafd1f25a93fb731a07de14e2d9923f8db4422628eabc?s=96&d=mm&r=g\",\"contentUrl\":\"https:\\\/\\\/secure.gravatar.com\\\/avatar\\\/731fa035cefab7316e6bafd1f25a93fb731a07de14e2d9923f8db4422628eabc?s=96&d=mm&r=g\",\"caption\":\"mkajic\"},\"sameAs\":[\"https:\\\/\\\/evropskakuca.me\"],\"url\":\"https:\\\/\\\/www.evropskakuca.me\\\/me\\\/author\\\/mkajic\\\/\"}]}<\/script>\n<!-- \/ Yoast SEO plugin. -->","yoast_head_json":{"title":"Aleksandrovih i Kristininih sto hrastova godi\u0161nje - Europe House","robots":{"index":"index","follow":"follow","max-snippet":"max-snippet:-1","max-image-preview":"max-image-preview:large","max-video-preview":"max-video-preview:-1"},"canonical":"https:\/\/www.evropskakuca.me\/me\/aleksandrovih-i-kristininih-sto-hrastova-godisnje\/","og_locale":"en_US","og_type":"article","og_title":"Aleksandrovih i Kristininih sto hrastova godi\u0161nje - Europe House","og_description":"\u017divot u skladu s prirodom","og_url":"https:\/\/www.evropskakuca.me\/me\/aleksandrovih-i-kristininih-sto-hrastova-godisnje\/","og_site_name":"Europe House","article_publisher":"https:\/\/www.facebook.com\/evropska.kuca","article_published_time":"2019-10-16T14:02:33+00:00","og_image":[{"width":2560,"height":1707,"url":"https:\/\/www.evropskakuca.me\/wp-content\/uploads\/2019\/10\/akbe-5-scaled.jpg","type":"image\/jpeg"}],"author":"mkajic","twitter_card":"summary_large_image","twitter_creator":"@evropska_kuca","twitter_site":"@evropska_kuca","twitter_misc":{"Written by":"mkajic","Est. reading time":"2 minutes"},"schema":{"@context":"https:\/\/schema.org","@graph":[{"@type":"Article","@id":"https:\/\/www.evropskakuca.me\/me\/aleksandrovih-i-kristininih-sto-hrastova-godisnje\/#article","isPartOf":{"@id":"https:\/\/www.evropskakuca.me\/me\/aleksandrovih-i-kristininih-sto-hrastova-godisnje\/"},"author":{"name":"mkajic","@id":"https:\/\/www.evropskakuca.me\/me\/#\/schema\/person\/a1d0dcdaefe4a1cd1d60d200ea137ba4"},"headline":"Aleksandrovih i Kristininih sto hrastova godi\u0161nje","datePublished":"2019-10-16T14:02:33+00:00","mainEntityOfPage":{"@id":"https:\/\/www.evropskakuca.me\/me\/aleksandrovih-i-kristininih-sto-hrastova-godisnje\/"},"wordCount":364,"commentCount":0,"publisher":{"@id":"https:\/\/www.evropskakuca.me\/me\/#organization"},"image":{"@id":"https:\/\/www.evropskakuca.me\/me\/aleksandrovih-i-kristininih-sto-hrastova-godisnje\/#primaryimage"},"thumbnailUrl":"https:\/\/www.evropskakuca.me\/wp-content\/uploads\/2019\/10\/akbe-5-scaled.jpg","inLanguage":"me-ME","potentialAction":[{"@type":"CommentAction","name":"Comment","target":["https:\/\/www.evropskakuca.me\/me\/aleksandrovih-i-kristininih-sto-hrastova-godisnje\/#respond"]}]},{"@type":"WebPage","@id":"https:\/\/www.evropskakuca.me\/me\/aleksandrovih-i-kristininih-sto-hrastova-godisnje\/","url":"https:\/\/www.evropskakuca.me\/me\/aleksandrovih-i-kristininih-sto-hrastova-godisnje\/","name":"Aleksandrovih i Kristininih sto hrastova godi\u0161nje - Europe House","isPartOf":{"@id":"https:\/\/www.evropskakuca.me\/me\/#website"},"primaryImageOfPage":{"@id":"https:\/\/www.evropskakuca.me\/me\/aleksandrovih-i-kristininih-sto-hrastova-godisnje\/#primaryimage"},"image":{"@id":"https:\/\/www.evropskakuca.me\/me\/aleksandrovih-i-kristininih-sto-hrastova-godisnje\/#primaryimage"},"thumbnailUrl":"https:\/\/www.evropskakuca.me\/wp-content\/uploads\/2019\/10\/akbe-5-scaled.jpg","datePublished":"2019-10-16T14:02:33+00:00","breadcrumb":{"@id":"https:\/\/www.evropskakuca.me\/me\/aleksandrovih-i-kristininih-sto-hrastova-godisnje\/#breadcrumb"},"inLanguage":"me-ME","potentialAction":[{"@type":"ReadAction","target":["https:\/\/www.evropskakuca.me\/me\/aleksandrovih-i-kristininih-sto-hrastova-godisnje\/"]}]},{"@type":"ImageObject","inLanguage":"me-ME","@id":"https:\/\/www.evropskakuca.me\/me\/aleksandrovih-i-kristininih-sto-hrastova-godisnje\/#primaryimage","url":"https:\/\/www.evropskakuca.me\/wp-content\/uploads\/2019\/10\/akbe-5-scaled.jpg","contentUrl":"https:\/\/www.evropskakuca.me\/wp-content\/uploads\/2019\/10\/akbe-5-scaled.jpg","width":2560,"height":1707},{"@type":"BreadcrumbList","@id":"https:\/\/www.evropskakuca.me\/me\/aleksandrovih-i-kristininih-sto-hrastova-godisnje\/#breadcrumb","itemListElement":[{"@type":"ListItem","position":1,"name":"Home","item":"https:\/\/www.evropskakuca.me\/me\/"},{"@type":"ListItem","position":2,"name":"Aleksandrovih i Kristininih sto hrastova godi\u0161nje"}]},{"@type":"WebSite","@id":"https:\/\/www.evropskakuca.me\/me\/#website","url":"https:\/\/www.evropskakuca.me\/me\/","name":"Evropean house","description":"","publisher":{"@id":"https:\/\/www.evropskakuca.me\/me\/#organization"},"potentialAction":[{"@type":"SearchAction","target":{"@type":"EntryPoint","urlTemplate":"https:\/\/www.evropskakuca.me\/me\/?s={search_term_string}"},"query-input":{"@type":"PropertyValueSpecification","valueRequired":true,"valueName":"search_term_string"}}],"inLanguage":"me-ME"},{"@type":"Organization","@id":"https:\/\/www.evropskakuca.me\/me\/#organization","name":"Evropean house","url":"https:\/\/www.evropskakuca.me\/me\/","logo":{"@type":"ImageObject","inLanguage":"me-ME","@id":"https:\/\/www.evropskakuca.me\/me\/#\/schema\/logo\/image\/","url":"https:\/\/www.evropskakuca.me\/wp-content\/uploads\/2025\/01\/evropska-kuca-logo-1.png","contentUrl":"https:\/\/www.evropskakuca.me\/wp-content\/uploads\/2025\/01\/evropska-kuca-logo-1.png","width":425,"height":312,"caption":"Evropean house"},"image":{"@id":"https:\/\/www.evropskakuca.me\/me\/#\/schema\/logo\/image\/"},"sameAs":["https:\/\/www.facebook.com\/evropska.kuca","https:\/\/x.com\/evropska_kuca","https:\/\/www.instagram.com\/evropska_kuca"]},{"@type":"Person","@id":"https:\/\/www.evropskakuca.me\/me\/#\/schema\/person\/a1d0dcdaefe4a1cd1d60d200ea137ba4","name":"mkajic","image":{"@type":"ImageObject","inLanguage":"me-ME","@id":"https:\/\/secure.gravatar.com\/avatar\/731fa035cefab7316e6bafd1f25a93fb731a07de14e2d9923f8db4422628eabc?s=96&d=mm&r=g","url":"https:\/\/secure.gravatar.com\/avatar\/731fa035cefab7316e6bafd1f25a93fb731a07de14e2d9923f8db4422628eabc?s=96&d=mm&r=g","contentUrl":"https:\/\/secure.gravatar.com\/avatar\/731fa035cefab7316e6bafd1f25a93fb731a07de14e2d9923f8db4422628eabc?s=96&d=mm&r=g","caption":"mkajic"},"sameAs":["https:\/\/evropskakuca.me"],"url":"https:\/\/www.evropskakuca.me\/me\/author\/mkajic\/"}]}},"_links":{"self":[{"href":"https:\/\/www.evropskakuca.me\/me\/wp-json\/wp\/v2\/posts\/7337","targetHints":{"allow":["GET"]}}],"collection":[{"href":"https:\/\/www.evropskakuca.me\/me\/wp-json\/wp\/v2\/posts"}],"about":[{"href":"https:\/\/www.evropskakuca.me\/me\/wp-json\/wp\/v2\/types\/post"}],"author":[{"embeddable":true,"href":"https:\/\/www.evropskakuca.me\/me\/wp-json\/wp\/v2\/users\/1"}],"replies":[{"embeddable":true,"href":"https:\/\/www.evropskakuca.me\/me\/wp-json\/wp\/v2\/comments?post=7337"}],"version-history":[{"count":0,"href":"https:\/\/www.evropskakuca.me\/me\/wp-json\/wp\/v2\/posts\/7337\/revisions"}],"wp:featuredmedia":[{"embeddable":true,"href":"https:\/\/www.evropskakuca.me\/me\/wp-json\/wp\/v2\/media\/34633"}],"wp:attachment":[{"href":"https:\/\/www.evropskakuca.me\/me\/wp-json\/wp\/v2\/media?parent=7337"}],"wp:term":[{"taxonomy":"category","embeddable":true,"href":"https:\/\/www.evropskakuca.me\/me\/wp-json\/wp\/v2\/categories?post=7337"},{"taxonomy":"post_tag","embeddable":true,"href":"https:\/\/www.evropskakuca.me\/me\/wp-json\/wp\/v2\/tags?post=7337"}],"curies":[{"name":"wp","href":"https:\/\/api.w.org\/{rel}","templated":true}]}}