{"id":7325,"date":"2019-10-16T13:49:12","date_gmt":"2019-10-16T13:49:12","guid":{"rendered":"http:\/\/www.evropskakuca.me\/?p=7325"},"modified":"2019-10-16T13:49:12","modified_gmt":"2019-10-16T13:49:12","slug":"necu-stati-dok-ne-ocistim-crnu-goru","status":"publish","type":"post","link":"https:\/\/www.evropskakuca.me\/me\/necu-stati-dok-ne-ocistim-crnu-goru\/","title":{"rendered":"Ne\u0107u stati dok ne o\u010distim Crnu Goru"},"content":{"rendered":"<p>Zaga\u0111enje plasti\u010dnim otpadom predstavlja krizu svjetskih razmjera koja \u0107e se, ako ne\u0161to ne u\u010dinimo, samo pogor\u0161avati. Po\u0161to iskoristimo kupljeni proizvod, njegova ambala\u017ea nastavlja svoj \u017eivot. Ako se potrudimo, plasti\u010dna ambala\u017ea \u0107e na\u0107i svoj put do recikla\u017enog centra ili makar deponije. U suprotnom, ostaje svuda oko nas. U na\u0161im domovima, na ulicama i ostalim javnim povr\u0161inama, u parkovima, u na\u0161im rijekama, jezerima i moru.<\/p>\n<p>\u201cDo\u0161li smo na ideju da uzmemo kese za otpad i o\u010distimo dio puta do na\u0161e ku\u0107e. Svako se zaustavio da pita za\u0161to nismo zvali i ho\u0107emo li organizovati jo\u0161 akcija. Onda sam odlu\u010dila da po\u0161aljem poziv putem Fejsbuka\u201c, obja\u0161njava Milica Boca iz Herceg Novog.<\/p>\n<p><img fetchpriority=\"high\" decoding=\"async\" class=\"alignnone size-large wp-image-7330\" src=\"http:\/\/www.evropskakuca.me\/wp-content\/uploads\/2019\/10\/mb5-002-1024x683.jpg\" alt=\"\" width=\"1024\" height=\"683\" \/><\/p>\n<p>Milica je na svom profilu na dru\u0161tvenim mre\u017eama objasnila da svi moramo u\u010destvovati u borbi za \u010distije okru\u017eenje. I pozvala sve koji mogu da joj pomognu u toj borbi i pridru\u017ee se \u010di\u0161\u0107enju razli\u010ditih lokacija u njenom gradu.<\/p>\n<p>\u201cImali smo do sada devet akcija; \u010distili smo Lu\u0161ticu, uvalu Tra\u0161te i Ostrvo cvije\u0107a. Ljudi ne mogu da vjeruju da u kontinuitetu to radimo, jer obi\u010dno svi koji pokrenu neke akcije \u010di\u0161\u0107enja obilje\u017eavaju odre\u0111ene dane u godini. Mi se trudimo da svojim primjerom u stvari pokrenemo i promijenimo svijest ljudi\u201c, ka\u017ee Milica Boca.<\/p>\n<p>Ova djevojka svojim primjerom pokazuje da mnogo mo\u017eemo u\u010diniti za svoje okru\u017eenje, prirodu, pa i za sebe same. Njena poruka je da nema odustajanja.<\/p>\n<p>\u201cNe\u0107u da stanem dok ne o\u010distim cijelu Crnu Goru. Imamo prelijepu prirodu, a pravi patriota i ljubitelj ove dr\u017eave treba da vodi ra\u010duna o njoj\u201c, poru\u010duje Milica.<\/p>\n<p>Biti primjer zna\u010di inspirisati druge na pozitivne promjene, a Milica to jeste.<\/p>\n<div style=\"width: 800px;\" class=\"wp-video\"><video class=\"wp-video-shortcode\" id=\"video-7325-1\" width=\"800\" height=\"450\" preload=\"metadata\" controls=\"controls\"><source type=\"video\/mp4\" src=\"http:\/\/www.evropskakuca.me\/wp-content\/uploads\/2019\/10\/Milica-Boca-za-sajt.mp4?_=1\" \/><a href=\"http:\/\/www.evropskakuca.me\/wp-content\/uploads\/2019\/10\/Milica-Boca-za-sajt.mp4\">http:\/\/www.evropskakuca.me\/wp-content\/uploads\/2019\/10\/Milica-Boca-za-sajt.mp4<\/a><\/video><\/div>\n","protected":false},"excerpt":{"rendered":"<p>Milica Boca se bori za \u010diste pla\u017ee<\/p>\n","protected":false},"author":1,"featured_media":34659,"comment_status":"open","ping_status":"open","sticky":false,"template":"","format":"standard","meta":{"_acf_changed":false,"footnotes":""},"categories":[],"tags":[],"class_list":["post-7325","post","type-post","status-publish","format-standard","has-post-thumbnail","hentry"],"acf":[],"yoast_head":"<!-- This site is optimized with the Yoast SEO plugin v27.3 - https:\/\/yoast.com\/product\/yoast-seo-wordpress\/ -->\n<title>Ne\u0107u stati dok ne o\u010distim Crnu Goru - Europe House<\/title>\n<meta name=\"robots\" content=\"index, follow, max-snippet:-1, max-image-preview:large, max-video-preview:-1\" \/>\n<link rel=\"canonical\" href=\"https:\/\/www.evropskakuca.me\/me\/necu-stati-dok-ne-ocistim-crnu-goru\/\" \/>\n<meta property=\"og:locale\" content=\"en_US\" \/>\n<meta property=\"og:type\" content=\"article\" \/>\n<meta property=\"og:title\" content=\"Ne\u0107u stati dok ne o\u010distim Crnu Goru - Europe House\" \/>\n<meta property=\"og:description\" content=\"Milica Boca se bori za \u010diste pla\u017ee\" \/>\n<meta property=\"og:url\" content=\"https:\/\/www.evropskakuca.me\/me\/necu-stati-dok-ne-ocistim-crnu-goru\/\" \/>\n<meta property=\"og:site_name\" content=\"Europe House\" \/>\n<meta property=\"article:publisher\" content=\"https:\/\/www.facebook.com\/evropska.kuca\" \/>\n<meta property=\"article:published_time\" content=\"2019-10-16T13:49:12+00:00\" \/>\n<meta property=\"og:image\" content=\"https:\/\/www.evropskakuca.me\/wp-content\/uploads\/2019\/10\/mb-scaled.jpg\" \/>\n\t<meta property=\"og:image:width\" content=\"2560\" \/>\n\t<meta property=\"og:image:height\" content=\"1706\" \/>\n\t<meta property=\"og:image:type\" content=\"image\/jpeg\" \/>\n<meta name=\"author\" content=\"mkajic\" \/>\n<meta name=\"twitter:card\" content=\"summary_large_image\" \/>\n<meta name=\"twitter:creator\" content=\"@evropska_kuca\" \/>\n<meta name=\"twitter:site\" content=\"@evropska_kuca\" \/>\n<meta name=\"twitter:label1\" content=\"Written by\" \/>\n\t<meta name=\"twitter:data1\" content=\"mkajic\" \/>\n\t<meta name=\"twitter:label2\" content=\"Est. reading time\" \/>\n\t<meta name=\"twitter:data2\" content=\"2 minutes\" \/>\n<script type=\"application\/ld+json\" class=\"yoast-schema-graph\">{\"@context\":\"https:\\\/\\\/schema.org\",\"@graph\":[{\"@type\":\"Article\",\"@id\":\"https:\\\/\\\/www.evropskakuca.me\\\/me\\\/necu-stati-dok-ne-ocistim-crnu-goru\\\/#article\",\"isPartOf\":{\"@id\":\"https:\\\/\\\/www.evropskakuca.me\\\/me\\\/necu-stati-dok-ne-ocistim-crnu-goru\\\/\"},\"author\":{\"name\":\"mkajic\",\"@id\":\"https:\\\/\\\/www.evropskakuca.me\\\/me\\\/#\\\/schema\\\/person\\\/a1d0dcdaefe4a1cd1d60d200ea137ba4\"},\"headline\":\"Ne\u0107u stati dok ne o\u010distim Crnu Goru\",\"datePublished\":\"2019-10-16T13:49:12+00:00\",\"mainEntityOfPage\":{\"@id\":\"https:\\\/\\\/www.evropskakuca.me\\\/me\\\/necu-stati-dok-ne-ocistim-crnu-goru\\\/\"},\"wordCount\":330,\"commentCount\":0,\"publisher\":{\"@id\":\"https:\\\/\\\/www.evropskakuca.me\\\/me\\\/#organization\"},\"image\":{\"@id\":\"https:\\\/\\\/www.evropskakuca.me\\\/me\\\/necu-stati-dok-ne-ocistim-crnu-goru\\\/#primaryimage\"},\"thumbnailUrl\":\"https:\\\/\\\/www.evropskakuca.me\\\/wp-content\\\/uploads\\\/2019\\\/10\\\/mb-scaled.jpg\",\"inLanguage\":\"me-ME\",\"potentialAction\":[{\"@type\":\"CommentAction\",\"name\":\"Comment\",\"target\":[\"https:\\\/\\\/www.evropskakuca.me\\\/me\\\/necu-stati-dok-ne-ocistim-crnu-goru\\\/#respond\"]}]},{\"@type\":\"WebPage\",\"@id\":\"https:\\\/\\\/www.evropskakuca.me\\\/me\\\/necu-stati-dok-ne-ocistim-crnu-goru\\\/\",\"url\":\"https:\\\/\\\/www.evropskakuca.me\\\/me\\\/necu-stati-dok-ne-ocistim-crnu-goru\\\/\",\"name\":\"Ne\u0107u stati dok ne o\u010distim Crnu Goru - Europe House\",\"isPartOf\":{\"@id\":\"https:\\\/\\\/www.evropskakuca.me\\\/me\\\/#website\"},\"primaryImageOfPage\":{\"@id\":\"https:\\\/\\\/www.evropskakuca.me\\\/me\\\/necu-stati-dok-ne-ocistim-crnu-goru\\\/#primaryimage\"},\"image\":{\"@id\":\"https:\\\/\\\/www.evropskakuca.me\\\/me\\\/necu-stati-dok-ne-ocistim-crnu-goru\\\/#primaryimage\"},\"thumbnailUrl\":\"https:\\\/\\\/www.evropskakuca.me\\\/wp-content\\\/uploads\\\/2019\\\/10\\\/mb-scaled.jpg\",\"datePublished\":\"2019-10-16T13:49:12+00:00\",\"breadcrumb\":{\"@id\":\"https:\\\/\\\/www.evropskakuca.me\\\/me\\\/necu-stati-dok-ne-ocistim-crnu-goru\\\/#breadcrumb\"},\"inLanguage\":\"me-ME\",\"potentialAction\":[{\"@type\":\"ReadAction\",\"target\":[\"https:\\\/\\\/www.evropskakuca.me\\\/me\\\/necu-stati-dok-ne-ocistim-crnu-goru\\\/\"]}]},{\"@type\":\"ImageObject\",\"inLanguage\":\"me-ME\",\"@id\":\"https:\\\/\\\/www.evropskakuca.me\\\/me\\\/necu-stati-dok-ne-ocistim-crnu-goru\\\/#primaryimage\",\"url\":\"https:\\\/\\\/www.evropskakuca.me\\\/wp-content\\\/uploads\\\/2019\\\/10\\\/mb-scaled.jpg\",\"contentUrl\":\"https:\\\/\\\/www.evropskakuca.me\\\/wp-content\\\/uploads\\\/2019\\\/10\\\/mb-scaled.jpg\",\"width\":2560,\"height\":1706},{\"@type\":\"BreadcrumbList\",\"@id\":\"https:\\\/\\\/www.evropskakuca.me\\\/me\\\/necu-stati-dok-ne-ocistim-crnu-goru\\\/#breadcrumb\",\"itemListElement\":[{\"@type\":\"ListItem\",\"position\":1,\"name\":\"Home\",\"item\":\"https:\\\/\\\/www.evropskakuca.me\\\/me\\\/\"},{\"@type\":\"ListItem\",\"position\":2,\"name\":\"Ne\u0107u stati dok ne o\u010distim Crnu Goru\"}]},{\"@type\":\"WebSite\",\"@id\":\"https:\\\/\\\/www.evropskakuca.me\\\/me\\\/#website\",\"url\":\"https:\\\/\\\/www.evropskakuca.me\\\/me\\\/\",\"name\":\"Evropean house\",\"description\":\"\",\"publisher\":{\"@id\":\"https:\\\/\\\/www.evropskakuca.me\\\/me\\\/#organization\"},\"potentialAction\":[{\"@type\":\"SearchAction\",\"target\":{\"@type\":\"EntryPoint\",\"urlTemplate\":\"https:\\\/\\\/www.evropskakuca.me\\\/me\\\/?s={search_term_string}\"},\"query-input\":{\"@type\":\"PropertyValueSpecification\",\"valueRequired\":true,\"valueName\":\"search_term_string\"}}],\"inLanguage\":\"me-ME\"},{\"@type\":\"Organization\",\"@id\":\"https:\\\/\\\/www.evropskakuca.me\\\/me\\\/#organization\",\"name\":\"Evropean house\",\"url\":\"https:\\\/\\\/www.evropskakuca.me\\\/me\\\/\",\"logo\":{\"@type\":\"ImageObject\",\"inLanguage\":\"me-ME\",\"@id\":\"https:\\\/\\\/www.evropskakuca.me\\\/me\\\/#\\\/schema\\\/logo\\\/image\\\/\",\"url\":\"https:\\\/\\\/www.evropskakuca.me\\\/wp-content\\\/uploads\\\/2025\\\/01\\\/evropska-kuca-logo-1.png\",\"contentUrl\":\"https:\\\/\\\/www.evropskakuca.me\\\/wp-content\\\/uploads\\\/2025\\\/01\\\/evropska-kuca-logo-1.png\",\"width\":425,\"height\":312,\"caption\":\"Evropean house\"},\"image\":{\"@id\":\"https:\\\/\\\/www.evropskakuca.me\\\/me\\\/#\\\/schema\\\/logo\\\/image\\\/\"},\"sameAs\":[\"https:\\\/\\\/www.facebook.com\\\/evropska.kuca\",\"https:\\\/\\\/x.com\\\/evropska_kuca\",\"https:\\\/\\\/www.instagram.com\\\/evropska_kuca\"]},{\"@type\":\"Person\",\"@id\":\"https:\\\/\\\/www.evropskakuca.me\\\/me\\\/#\\\/schema\\\/person\\\/a1d0dcdaefe4a1cd1d60d200ea137ba4\",\"name\":\"mkajic\",\"image\":{\"@type\":\"ImageObject\",\"inLanguage\":\"me-ME\",\"@id\":\"https:\\\/\\\/secure.gravatar.com\\\/avatar\\\/731fa035cefab7316e6bafd1f25a93fb731a07de14e2d9923f8db4422628eabc?s=96&d=mm&r=g\",\"url\":\"https:\\\/\\\/secure.gravatar.com\\\/avatar\\\/731fa035cefab7316e6bafd1f25a93fb731a07de14e2d9923f8db4422628eabc?s=96&d=mm&r=g\",\"contentUrl\":\"https:\\\/\\\/secure.gravatar.com\\\/avatar\\\/731fa035cefab7316e6bafd1f25a93fb731a07de14e2d9923f8db4422628eabc?s=96&d=mm&r=g\",\"caption\":\"mkajic\"},\"sameAs\":[\"https:\\\/\\\/evropskakuca.me\"],\"url\":\"https:\\\/\\\/www.evropskakuca.me\\\/me\\\/author\\\/mkajic\\\/\"}]}<\/script>\n<!-- \/ Yoast SEO plugin. -->","yoast_head_json":{"title":"Ne\u0107u stati dok ne o\u010distim Crnu Goru - Europe House","robots":{"index":"index","follow":"follow","max-snippet":"max-snippet:-1","max-image-preview":"max-image-preview:large","max-video-preview":"max-video-preview:-1"},"canonical":"https:\/\/www.evropskakuca.me\/me\/necu-stati-dok-ne-ocistim-crnu-goru\/","og_locale":"en_US","og_type":"article","og_title":"Ne\u0107u stati dok ne o\u010distim Crnu Goru - Europe House","og_description":"Milica Boca se bori za \u010diste pla\u017ee","og_url":"https:\/\/www.evropskakuca.me\/me\/necu-stati-dok-ne-ocistim-crnu-goru\/","og_site_name":"Europe House","article_publisher":"https:\/\/www.facebook.com\/evropska.kuca","article_published_time":"2019-10-16T13:49:12+00:00","og_image":[{"width":2560,"height":1706,"url":"https:\/\/www.evropskakuca.me\/wp-content\/uploads\/2019\/10\/mb-scaled.jpg","type":"image\/jpeg"}],"author":"mkajic","twitter_card":"summary_large_image","twitter_creator":"@evropska_kuca","twitter_site":"@evropska_kuca","twitter_misc":{"Written by":"mkajic","Est. reading time":"2 minutes"},"schema":{"@context":"https:\/\/schema.org","@graph":[{"@type":"Article","@id":"https:\/\/www.evropskakuca.me\/me\/necu-stati-dok-ne-ocistim-crnu-goru\/#article","isPartOf":{"@id":"https:\/\/www.evropskakuca.me\/me\/necu-stati-dok-ne-ocistim-crnu-goru\/"},"author":{"name":"mkajic","@id":"https:\/\/www.evropskakuca.me\/me\/#\/schema\/person\/a1d0dcdaefe4a1cd1d60d200ea137ba4"},"headline":"Ne\u0107u stati dok ne o\u010distim Crnu Goru","datePublished":"2019-10-16T13:49:12+00:00","mainEntityOfPage":{"@id":"https:\/\/www.evropskakuca.me\/me\/necu-stati-dok-ne-ocistim-crnu-goru\/"},"wordCount":330,"commentCount":0,"publisher":{"@id":"https:\/\/www.evropskakuca.me\/me\/#organization"},"image":{"@id":"https:\/\/www.evropskakuca.me\/me\/necu-stati-dok-ne-ocistim-crnu-goru\/#primaryimage"},"thumbnailUrl":"https:\/\/www.evropskakuca.me\/wp-content\/uploads\/2019\/10\/mb-scaled.jpg","inLanguage":"me-ME","potentialAction":[{"@type":"CommentAction","name":"Comment","target":["https:\/\/www.evropskakuca.me\/me\/necu-stati-dok-ne-ocistim-crnu-goru\/#respond"]}]},{"@type":"WebPage","@id":"https:\/\/www.evropskakuca.me\/me\/necu-stati-dok-ne-ocistim-crnu-goru\/","url":"https:\/\/www.evropskakuca.me\/me\/necu-stati-dok-ne-ocistim-crnu-goru\/","name":"Ne\u0107u stati dok ne o\u010distim Crnu Goru - Europe House","isPartOf":{"@id":"https:\/\/www.evropskakuca.me\/me\/#website"},"primaryImageOfPage":{"@id":"https:\/\/www.evropskakuca.me\/me\/necu-stati-dok-ne-ocistim-crnu-goru\/#primaryimage"},"image":{"@id":"https:\/\/www.evropskakuca.me\/me\/necu-stati-dok-ne-ocistim-crnu-goru\/#primaryimage"},"thumbnailUrl":"https:\/\/www.evropskakuca.me\/wp-content\/uploads\/2019\/10\/mb-scaled.jpg","datePublished":"2019-10-16T13:49:12+00:00","breadcrumb":{"@id":"https:\/\/www.evropskakuca.me\/me\/necu-stati-dok-ne-ocistim-crnu-goru\/#breadcrumb"},"inLanguage":"me-ME","potentialAction":[{"@type":"ReadAction","target":["https:\/\/www.evropskakuca.me\/me\/necu-stati-dok-ne-ocistim-crnu-goru\/"]}]},{"@type":"ImageObject","inLanguage":"me-ME","@id":"https:\/\/www.evropskakuca.me\/me\/necu-stati-dok-ne-ocistim-crnu-goru\/#primaryimage","url":"https:\/\/www.evropskakuca.me\/wp-content\/uploads\/2019\/10\/mb-scaled.jpg","contentUrl":"https:\/\/www.evropskakuca.me\/wp-content\/uploads\/2019\/10\/mb-scaled.jpg","width":2560,"height":1706},{"@type":"BreadcrumbList","@id":"https:\/\/www.evropskakuca.me\/me\/necu-stati-dok-ne-ocistim-crnu-goru\/#breadcrumb","itemListElement":[{"@type":"ListItem","position":1,"name":"Home","item":"https:\/\/www.evropskakuca.me\/me\/"},{"@type":"ListItem","position":2,"name":"Ne\u0107u stati dok ne o\u010distim Crnu Goru"}]},{"@type":"WebSite","@id":"https:\/\/www.evropskakuca.me\/me\/#website","url":"https:\/\/www.evropskakuca.me\/me\/","name":"Evropean house","description":"","publisher":{"@id":"https:\/\/www.evropskakuca.me\/me\/#organization"},"potentialAction":[{"@type":"SearchAction","target":{"@type":"EntryPoint","urlTemplate":"https:\/\/www.evropskakuca.me\/me\/?s={search_term_string}"},"query-input":{"@type":"PropertyValueSpecification","valueRequired":true,"valueName":"search_term_string"}}],"inLanguage":"me-ME"},{"@type":"Organization","@id":"https:\/\/www.evropskakuca.me\/me\/#organization","name":"Evropean house","url":"https:\/\/www.evropskakuca.me\/me\/","logo":{"@type":"ImageObject","inLanguage":"me-ME","@id":"https:\/\/www.evropskakuca.me\/me\/#\/schema\/logo\/image\/","url":"https:\/\/www.evropskakuca.me\/wp-content\/uploads\/2025\/01\/evropska-kuca-logo-1.png","contentUrl":"https:\/\/www.evropskakuca.me\/wp-content\/uploads\/2025\/01\/evropska-kuca-logo-1.png","width":425,"height":312,"caption":"Evropean house"},"image":{"@id":"https:\/\/www.evropskakuca.me\/me\/#\/schema\/logo\/image\/"},"sameAs":["https:\/\/www.facebook.com\/evropska.kuca","https:\/\/x.com\/evropska_kuca","https:\/\/www.instagram.com\/evropska_kuca"]},{"@type":"Person","@id":"https:\/\/www.evropskakuca.me\/me\/#\/schema\/person\/a1d0dcdaefe4a1cd1d60d200ea137ba4","name":"mkajic","image":{"@type":"ImageObject","inLanguage":"me-ME","@id":"https:\/\/secure.gravatar.com\/avatar\/731fa035cefab7316e6bafd1f25a93fb731a07de14e2d9923f8db4422628eabc?s=96&d=mm&r=g","url":"https:\/\/secure.gravatar.com\/avatar\/731fa035cefab7316e6bafd1f25a93fb731a07de14e2d9923f8db4422628eabc?s=96&d=mm&r=g","contentUrl":"https:\/\/secure.gravatar.com\/avatar\/731fa035cefab7316e6bafd1f25a93fb731a07de14e2d9923f8db4422628eabc?s=96&d=mm&r=g","caption":"mkajic"},"sameAs":["https:\/\/evropskakuca.me"],"url":"https:\/\/www.evropskakuca.me\/me\/author\/mkajic\/"}]}},"_links":{"self":[{"href":"https:\/\/www.evropskakuca.me\/me\/wp-json\/wp\/v2\/posts\/7325","targetHints":{"allow":["GET"]}}],"collection":[{"href":"https:\/\/www.evropskakuca.me\/me\/wp-json\/wp\/v2\/posts"}],"about":[{"href":"https:\/\/www.evropskakuca.me\/me\/wp-json\/wp\/v2\/types\/post"}],"author":[{"embeddable":true,"href":"https:\/\/www.evropskakuca.me\/me\/wp-json\/wp\/v2\/users\/1"}],"replies":[{"embeddable":true,"href":"https:\/\/www.evropskakuca.me\/me\/wp-json\/wp\/v2\/comments?post=7325"}],"version-history":[{"count":0,"href":"https:\/\/www.evropskakuca.me\/me\/wp-json\/wp\/v2\/posts\/7325\/revisions"}],"wp:featuredmedia":[{"embeddable":true,"href":"https:\/\/www.evropskakuca.me\/me\/wp-json\/wp\/v2\/media\/34659"}],"wp:attachment":[{"href":"https:\/\/www.evropskakuca.me\/me\/wp-json\/wp\/v2\/media?parent=7325"}],"wp:term":[{"taxonomy":"category","embeddable":true,"href":"https:\/\/www.evropskakuca.me\/me\/wp-json\/wp\/v2\/categories?post=7325"},{"taxonomy":"post_tag","embeddable":true,"href":"https:\/\/www.evropskakuca.me\/me\/wp-json\/wp\/v2\/tags?post=7325"}],"curies":[{"name":"wp","href":"https:\/\/api.w.org\/{rel}","templated":true}]}}