{"id":7290,"date":"2019-10-09T11:44:56","date_gmt":"2019-10-09T11:44:56","guid":{"rendered":"http:\/\/www.evropskakuca.me\/me\/?p=7290"},"modified":"2019-10-09T11:44:56","modified_gmt":"2019-10-09T11:44:56","slug":"potrebno-vise-aktivizma-medu-mladima","status":"publish","type":"post","link":"https:\/\/www.evropskakuca.me\/me\/potrebno-vise-aktivizma-medu-mladima\/","title":{"rendered":"Potrebno vi\u0161e aktivizma me\u0111u mladima"},"content":{"rendered":"<p>Mladi u Crnoj Gori jo\u0161 uvijek ne uti\u010du dovoljno na procese dono\u0161enja odluka. Da bi se to promijenilo, pored sistemske i institucionalne podr\u0161ke, potrebno je da i sami mladi budu aktivniji, zaklju\u010deno je na zavr\u0161noj konferenciji\u00a0 projekta \u201cAktiviraj me!\u201c, koju je Centar za gra\u0111ansko obrazovanje organizivao uz podr\u0161ku Ministarstva sporta i mladih.<\/p>\n<p>Na konferenciji organizovanoj u EU info centru, Daliborka Uljarevi\u0107, izvr\u0161na direktorka Centra za gra\u0111ansko obrazovanje , kazala je da nikoga ne treba da iznenadi nego da zabrine \u010dinjenica da mladi zbog nepovoljnog statusa u dru\u0161tvu imaju sve ve\u0107u \u017eelju da napuste Crnu Goru.<\/p>\n<p>\u201cNema zvani\u010dnih podataka o migracijama mladih, \u0161to \u0161alje dodatnu poruku da crnogorske institucije ne prepoznaju ovaj problem kao prioritetan\u201c, kazala je Uljarevi\u0107.<\/p>\n<p><img fetchpriority=\"high\" decoding=\"async\" class=\"alignnone size-large wp-image-7293\" src=\"http:\/\/www.evropskakuca.me\/wp-content\/uploads\/2019\/10\/cgo-dogadjaj-002-1024x682.jpg\" alt=\"\" width=\"1024\" height=\"682\" \/><\/p>\n<p>Nenad Koprivica, generalni direktor Direktorata za mlade u Ministarstvu sporta i mladih, kazao je da je od svog osnivanja Ministarstvo izdvojilo vi\u0161e od 800,000 eura za projekte omladinskih organizacija.<\/p>\n<p>\u201cPitanje mladih je multisektorsko i ti\u010de se vi\u0161e ministarstava, ali i cijelog dru\u0161tva. No, velika odgovornost je i na mladima koliko \u0107e da u\u010dine za sebe i da izaberu put aktivizma\u201d, kazao je Koprivica.<\/p>\n<p>Predsjednica Upravnog odbora NVO Juventas Ivana Vujovi\u0107, govore\u0107i o \u0161irem stanju gra\u0111anske svijesti i vrijednostima mladih, podsjetila je da je rije\u010d o onima koji su ro\u0111eni od devedesetih naovamo, odnosno u periodu sna\u017enih turbulencija, rata, siroma\u0161tva, izbjegli\u0161tva, sloma jednog sistema i nedovr\u0161enog procesa izgradnje drugog, i sve to je uticalo na njihovo formiranje.<\/p>\n<p>\u201cU obrazovanju postoje strategije koje mogu dovesti do pobolj\u0161anja, ali se \u010dini da se ne sprovode do kraja. Tako, recimo, predmeti poput gra\u0111anskog obrazovanja, medijske pismenosti i zdravih stilova \u017eivota, iako su va\u017eni, umjesto da zavise od potreba u\u010denika, vi\u0161e zavise od uklapanja u norme profesora i ostaju zanemareni\u201c, ocijenila je Vujovi\u0107.<\/p>\n<p>Milo Radulovi\u0107, osniva\u010d i izvr\u0161ni direktor startapa MARLEQ, pri\u010dao je o svom bogatom studentskom i radnom iskustvu u zemlji i inostranstvu.<\/p>\n<p>\u201cPoslije pet godina rada u inostranstvu morao sam da se vratim u Crnu Goru. Jako je te\u0161ko do\u0107i do posla u EU, ali ne zna\u010di da nije mogu\u0107e iako je neophodno vi\u0161e raditi od lokalnih studenata. Zato je moj savjet mladima koji \u017eele promjene da se pokrenu i prijavljuju se ukoliko o\u010dekuju neki rezultat, a ne da \u010dekaju,\u201c kazao je Radulovi\u0107.<\/p>\n<p>Vuk Vujisi\u0107, pokreta\u010d kampanje \u201eNe\u0107u da idem\u201c ukazao je da odlazak mladih nije sporan kada su u pitanju njihova interesovanja, \u017eelje za upoznavanjem drugih sredina i rada u njima, usavr\u0161avanja, ve\u0107 da problem predstavlja njihov odlazak iz ekonomskih razloga.<\/p>\n<p>\u201cVeliki je problem i to \u0161to na\u0161a dr\u017eava, ali i druge u regionu, ne vode evidenciju o mladima koji napu\u0161taju dr\u017eavu iako se radi o najzna\u010dajnijem resursu\u201c, rekao je Vujisi\u0107.<\/p>\n<p>Konferencija je okupila oko 50 mladih ljudi, predstavnika nevladinih organizacija i institucija koje rade sa mladima, a na kraju su dodiljene i diplome polaznima \u0160kole mladog liderstva, koja je bila sastavni dio ovog projekta.<\/p>\n","protected":false},"excerpt":{"rendered":"<p>\u0160kola mladog liderstva<\/p>\n","protected":false},"author":1,"featured_media":34637,"comment_status":"open","ping_status":"open","sticky":false,"template":"","format":"standard","meta":{"_acf_changed":false,"footnotes":""},"categories":[],"tags":[],"class_list":["post-7290","post","type-post","status-publish","format-standard","has-post-thumbnail","hentry"],"acf":[],"yoast_head":"<!-- This site is optimized with the Yoast SEO plugin v27.3 - https:\/\/yoast.com\/product\/yoast-seo-wordpress\/ -->\n<title>Potrebno vi\u0161e aktivizma me\u0111u mladima - Europe House<\/title>\n<meta name=\"robots\" content=\"index, follow, max-snippet:-1, max-image-preview:large, max-video-preview:-1\" \/>\n<link rel=\"canonical\" href=\"https:\/\/www.evropskakuca.me\/me\/potrebno-vise-aktivizma-medu-mladima\/\" \/>\n<meta property=\"og:locale\" content=\"en_US\" \/>\n<meta property=\"og:type\" content=\"article\" \/>\n<meta property=\"og:title\" content=\"Potrebno vi\u0161e aktivizma me\u0111u mladima - Europe House\" \/>\n<meta property=\"og:description\" content=\"\u0160kola mladog liderstva\" \/>\n<meta property=\"og:url\" content=\"https:\/\/www.evropskakuca.me\/me\/potrebno-vise-aktivizma-medu-mladima\/\" \/>\n<meta property=\"og:site_name\" content=\"Europe House\" \/>\n<meta property=\"article:publisher\" content=\"https:\/\/www.facebook.com\/evropska.kuca\" \/>\n<meta property=\"article:published_time\" content=\"2019-10-09T11:44:56+00:00\" \/>\n<meta property=\"og:image\" content=\"https:\/\/www.evropskakuca.me\/wp-content\/uploads\/2019\/10\/cgo-drugi-dogadjaj-002.jpg\" \/>\n\t<meta property=\"og:image:width\" content=\"1280\" \/>\n\t<meta property=\"og:image:height\" content=\"720\" \/>\n\t<meta property=\"og:image:type\" content=\"image\/jpeg\" \/>\n<meta name=\"author\" content=\"mkajic\" \/>\n<meta name=\"twitter:card\" content=\"summary_large_image\" \/>\n<meta name=\"twitter:creator\" content=\"@evropska_kuca\" \/>\n<meta name=\"twitter:site\" content=\"@evropska_kuca\" \/>\n<meta name=\"twitter:label1\" content=\"Written by\" \/>\n\t<meta name=\"twitter:data1\" content=\"mkajic\" \/>\n\t<meta name=\"twitter:label2\" content=\"Est. reading time\" \/>\n\t<meta name=\"twitter:data2\" content=\"3 minutes\" \/>\n<script type=\"application\/ld+json\" class=\"yoast-schema-graph\">{\"@context\":\"https:\\\/\\\/schema.org\",\"@graph\":[{\"@type\":\"Article\",\"@id\":\"https:\\\/\\\/www.evropskakuca.me\\\/me\\\/potrebno-vise-aktivizma-medu-mladima\\\/#article\",\"isPartOf\":{\"@id\":\"https:\\\/\\\/www.evropskakuca.me\\\/me\\\/potrebno-vise-aktivizma-medu-mladima\\\/\"},\"author\":{\"name\":\"mkajic\",\"@id\":\"https:\\\/\\\/www.evropskakuca.me\\\/me\\\/#\\\/schema\\\/person\\\/a1d0dcdaefe4a1cd1d60d200ea137ba4\"},\"headline\":\"Potrebno vi\u0161e aktivizma me\u0111u mladima\",\"datePublished\":\"2019-10-09T11:44:56+00:00\",\"mainEntityOfPage\":{\"@id\":\"https:\\\/\\\/www.evropskakuca.me\\\/me\\\/potrebno-vise-aktivizma-medu-mladima\\\/\"},\"wordCount\":518,\"commentCount\":0,\"publisher\":{\"@id\":\"https:\\\/\\\/www.evropskakuca.me\\\/me\\\/#organization\"},\"image\":{\"@id\":\"https:\\\/\\\/www.evropskakuca.me\\\/me\\\/potrebno-vise-aktivizma-medu-mladima\\\/#primaryimage\"},\"thumbnailUrl\":\"https:\\\/\\\/www.evropskakuca.me\\\/wp-content\\\/uploads\\\/2019\\\/10\\\/cgo-drugi-dogadjaj-002.jpg\",\"inLanguage\":\"me-ME\",\"potentialAction\":[{\"@type\":\"CommentAction\",\"name\":\"Comment\",\"target\":[\"https:\\\/\\\/www.evropskakuca.me\\\/me\\\/potrebno-vise-aktivizma-medu-mladima\\\/#respond\"]}]},{\"@type\":\"WebPage\",\"@id\":\"https:\\\/\\\/www.evropskakuca.me\\\/me\\\/potrebno-vise-aktivizma-medu-mladima\\\/\",\"url\":\"https:\\\/\\\/www.evropskakuca.me\\\/me\\\/potrebno-vise-aktivizma-medu-mladima\\\/\",\"name\":\"Potrebno vi\u0161e aktivizma me\u0111u mladima - Europe House\",\"isPartOf\":{\"@id\":\"https:\\\/\\\/www.evropskakuca.me\\\/me\\\/#website\"},\"primaryImageOfPage\":{\"@id\":\"https:\\\/\\\/www.evropskakuca.me\\\/me\\\/potrebno-vise-aktivizma-medu-mladima\\\/#primaryimage\"},\"image\":{\"@id\":\"https:\\\/\\\/www.evropskakuca.me\\\/me\\\/potrebno-vise-aktivizma-medu-mladima\\\/#primaryimage\"},\"thumbnailUrl\":\"https:\\\/\\\/www.evropskakuca.me\\\/wp-content\\\/uploads\\\/2019\\\/10\\\/cgo-drugi-dogadjaj-002.jpg\",\"datePublished\":\"2019-10-09T11:44:56+00:00\",\"breadcrumb\":{\"@id\":\"https:\\\/\\\/www.evropskakuca.me\\\/me\\\/potrebno-vise-aktivizma-medu-mladima\\\/#breadcrumb\"},\"inLanguage\":\"me-ME\",\"potentialAction\":[{\"@type\":\"ReadAction\",\"target\":[\"https:\\\/\\\/www.evropskakuca.me\\\/me\\\/potrebno-vise-aktivizma-medu-mladima\\\/\"]}]},{\"@type\":\"ImageObject\",\"inLanguage\":\"me-ME\",\"@id\":\"https:\\\/\\\/www.evropskakuca.me\\\/me\\\/potrebno-vise-aktivizma-medu-mladima\\\/#primaryimage\",\"url\":\"https:\\\/\\\/www.evropskakuca.me\\\/wp-content\\\/uploads\\\/2019\\\/10\\\/cgo-drugi-dogadjaj-002.jpg\",\"contentUrl\":\"https:\\\/\\\/www.evropskakuca.me\\\/wp-content\\\/uploads\\\/2019\\\/10\\\/cgo-drugi-dogadjaj-002.jpg\",\"width\":1280,\"height\":720},{\"@type\":\"BreadcrumbList\",\"@id\":\"https:\\\/\\\/www.evropskakuca.me\\\/me\\\/potrebno-vise-aktivizma-medu-mladima\\\/#breadcrumb\",\"itemListElement\":[{\"@type\":\"ListItem\",\"position\":1,\"name\":\"Home\",\"item\":\"https:\\\/\\\/www.evropskakuca.me\\\/me\\\/\"},{\"@type\":\"ListItem\",\"position\":2,\"name\":\"Potrebno vi\u0161e aktivizma me\u0111u mladima\"}]},{\"@type\":\"WebSite\",\"@id\":\"https:\\\/\\\/www.evropskakuca.me\\\/me\\\/#website\",\"url\":\"https:\\\/\\\/www.evropskakuca.me\\\/me\\\/\",\"name\":\"Evropean house\",\"description\":\"\",\"publisher\":{\"@id\":\"https:\\\/\\\/www.evropskakuca.me\\\/me\\\/#organization\"},\"potentialAction\":[{\"@type\":\"SearchAction\",\"target\":{\"@type\":\"EntryPoint\",\"urlTemplate\":\"https:\\\/\\\/www.evropskakuca.me\\\/me\\\/?s={search_term_string}\"},\"query-input\":{\"@type\":\"PropertyValueSpecification\",\"valueRequired\":true,\"valueName\":\"search_term_string\"}}],\"inLanguage\":\"me-ME\"},{\"@type\":\"Organization\",\"@id\":\"https:\\\/\\\/www.evropskakuca.me\\\/me\\\/#organization\",\"name\":\"Evropean house\",\"url\":\"https:\\\/\\\/www.evropskakuca.me\\\/me\\\/\",\"logo\":{\"@type\":\"ImageObject\",\"inLanguage\":\"me-ME\",\"@id\":\"https:\\\/\\\/www.evropskakuca.me\\\/me\\\/#\\\/schema\\\/logo\\\/image\\\/\",\"url\":\"https:\\\/\\\/www.evropskakuca.me\\\/wp-content\\\/uploads\\\/2025\\\/01\\\/evropska-kuca-logo-1.png\",\"contentUrl\":\"https:\\\/\\\/www.evropskakuca.me\\\/wp-content\\\/uploads\\\/2025\\\/01\\\/evropska-kuca-logo-1.png\",\"width\":425,\"height\":312,\"caption\":\"Evropean house\"},\"image\":{\"@id\":\"https:\\\/\\\/www.evropskakuca.me\\\/me\\\/#\\\/schema\\\/logo\\\/image\\\/\"},\"sameAs\":[\"https:\\\/\\\/www.facebook.com\\\/evropska.kuca\",\"https:\\\/\\\/x.com\\\/evropska_kuca\",\"https:\\\/\\\/www.instagram.com\\\/evropska_kuca\"]},{\"@type\":\"Person\",\"@id\":\"https:\\\/\\\/www.evropskakuca.me\\\/me\\\/#\\\/schema\\\/person\\\/a1d0dcdaefe4a1cd1d60d200ea137ba4\",\"name\":\"mkajic\",\"image\":{\"@type\":\"ImageObject\",\"inLanguage\":\"me-ME\",\"@id\":\"https:\\\/\\\/secure.gravatar.com\\\/avatar\\\/731fa035cefab7316e6bafd1f25a93fb731a07de14e2d9923f8db4422628eabc?s=96&d=mm&r=g\",\"url\":\"https:\\\/\\\/secure.gravatar.com\\\/avatar\\\/731fa035cefab7316e6bafd1f25a93fb731a07de14e2d9923f8db4422628eabc?s=96&d=mm&r=g\",\"contentUrl\":\"https:\\\/\\\/secure.gravatar.com\\\/avatar\\\/731fa035cefab7316e6bafd1f25a93fb731a07de14e2d9923f8db4422628eabc?s=96&d=mm&r=g\",\"caption\":\"mkajic\"},\"sameAs\":[\"https:\\\/\\\/evropskakuca.me\"],\"url\":\"https:\\\/\\\/www.evropskakuca.me\\\/me\\\/author\\\/mkajic\\\/\"}]}<\/script>\n<!-- \/ Yoast SEO plugin. -->","yoast_head_json":{"title":"Potrebno vi\u0161e aktivizma me\u0111u mladima - Europe House","robots":{"index":"index","follow":"follow","max-snippet":"max-snippet:-1","max-image-preview":"max-image-preview:large","max-video-preview":"max-video-preview:-1"},"canonical":"https:\/\/www.evropskakuca.me\/me\/potrebno-vise-aktivizma-medu-mladima\/","og_locale":"en_US","og_type":"article","og_title":"Potrebno vi\u0161e aktivizma me\u0111u mladima - Europe House","og_description":"\u0160kola mladog liderstva","og_url":"https:\/\/www.evropskakuca.me\/me\/potrebno-vise-aktivizma-medu-mladima\/","og_site_name":"Europe House","article_publisher":"https:\/\/www.facebook.com\/evropska.kuca","article_published_time":"2019-10-09T11:44:56+00:00","og_image":[{"width":1280,"height":720,"url":"https:\/\/www.evropskakuca.me\/wp-content\/uploads\/2019\/10\/cgo-drugi-dogadjaj-002.jpg","type":"image\/jpeg"}],"author":"mkajic","twitter_card":"summary_large_image","twitter_creator":"@evropska_kuca","twitter_site":"@evropska_kuca","twitter_misc":{"Written by":"mkajic","Est. reading time":"3 minutes"},"schema":{"@context":"https:\/\/schema.org","@graph":[{"@type":"Article","@id":"https:\/\/www.evropskakuca.me\/me\/potrebno-vise-aktivizma-medu-mladima\/#article","isPartOf":{"@id":"https:\/\/www.evropskakuca.me\/me\/potrebno-vise-aktivizma-medu-mladima\/"},"author":{"name":"mkajic","@id":"https:\/\/www.evropskakuca.me\/me\/#\/schema\/person\/a1d0dcdaefe4a1cd1d60d200ea137ba4"},"headline":"Potrebno vi\u0161e aktivizma me\u0111u mladima","datePublished":"2019-10-09T11:44:56+00:00","mainEntityOfPage":{"@id":"https:\/\/www.evropskakuca.me\/me\/potrebno-vise-aktivizma-medu-mladima\/"},"wordCount":518,"commentCount":0,"publisher":{"@id":"https:\/\/www.evropskakuca.me\/me\/#organization"},"image":{"@id":"https:\/\/www.evropskakuca.me\/me\/potrebno-vise-aktivizma-medu-mladima\/#primaryimage"},"thumbnailUrl":"https:\/\/www.evropskakuca.me\/wp-content\/uploads\/2019\/10\/cgo-drugi-dogadjaj-002.jpg","inLanguage":"me-ME","potentialAction":[{"@type":"CommentAction","name":"Comment","target":["https:\/\/www.evropskakuca.me\/me\/potrebno-vise-aktivizma-medu-mladima\/#respond"]}]},{"@type":"WebPage","@id":"https:\/\/www.evropskakuca.me\/me\/potrebno-vise-aktivizma-medu-mladima\/","url":"https:\/\/www.evropskakuca.me\/me\/potrebno-vise-aktivizma-medu-mladima\/","name":"Potrebno vi\u0161e aktivizma me\u0111u mladima - Europe House","isPartOf":{"@id":"https:\/\/www.evropskakuca.me\/me\/#website"},"primaryImageOfPage":{"@id":"https:\/\/www.evropskakuca.me\/me\/potrebno-vise-aktivizma-medu-mladima\/#primaryimage"},"image":{"@id":"https:\/\/www.evropskakuca.me\/me\/potrebno-vise-aktivizma-medu-mladima\/#primaryimage"},"thumbnailUrl":"https:\/\/www.evropskakuca.me\/wp-content\/uploads\/2019\/10\/cgo-drugi-dogadjaj-002.jpg","datePublished":"2019-10-09T11:44:56+00:00","breadcrumb":{"@id":"https:\/\/www.evropskakuca.me\/me\/potrebno-vise-aktivizma-medu-mladima\/#breadcrumb"},"inLanguage":"me-ME","potentialAction":[{"@type":"ReadAction","target":["https:\/\/www.evropskakuca.me\/me\/potrebno-vise-aktivizma-medu-mladima\/"]}]},{"@type":"ImageObject","inLanguage":"me-ME","@id":"https:\/\/www.evropskakuca.me\/me\/potrebno-vise-aktivizma-medu-mladima\/#primaryimage","url":"https:\/\/www.evropskakuca.me\/wp-content\/uploads\/2019\/10\/cgo-drugi-dogadjaj-002.jpg","contentUrl":"https:\/\/www.evropskakuca.me\/wp-content\/uploads\/2019\/10\/cgo-drugi-dogadjaj-002.jpg","width":1280,"height":720},{"@type":"BreadcrumbList","@id":"https:\/\/www.evropskakuca.me\/me\/potrebno-vise-aktivizma-medu-mladima\/#breadcrumb","itemListElement":[{"@type":"ListItem","position":1,"name":"Home","item":"https:\/\/www.evropskakuca.me\/me\/"},{"@type":"ListItem","position":2,"name":"Potrebno vi\u0161e aktivizma me\u0111u mladima"}]},{"@type":"WebSite","@id":"https:\/\/www.evropskakuca.me\/me\/#website","url":"https:\/\/www.evropskakuca.me\/me\/","name":"Evropean house","description":"","publisher":{"@id":"https:\/\/www.evropskakuca.me\/me\/#organization"},"potentialAction":[{"@type":"SearchAction","target":{"@type":"EntryPoint","urlTemplate":"https:\/\/www.evropskakuca.me\/me\/?s={search_term_string}"},"query-input":{"@type":"PropertyValueSpecification","valueRequired":true,"valueName":"search_term_string"}}],"inLanguage":"me-ME"},{"@type":"Organization","@id":"https:\/\/www.evropskakuca.me\/me\/#organization","name":"Evropean house","url":"https:\/\/www.evropskakuca.me\/me\/","logo":{"@type":"ImageObject","inLanguage":"me-ME","@id":"https:\/\/www.evropskakuca.me\/me\/#\/schema\/logo\/image\/","url":"https:\/\/www.evropskakuca.me\/wp-content\/uploads\/2025\/01\/evropska-kuca-logo-1.png","contentUrl":"https:\/\/www.evropskakuca.me\/wp-content\/uploads\/2025\/01\/evropska-kuca-logo-1.png","width":425,"height":312,"caption":"Evropean house"},"image":{"@id":"https:\/\/www.evropskakuca.me\/me\/#\/schema\/logo\/image\/"},"sameAs":["https:\/\/www.facebook.com\/evropska.kuca","https:\/\/x.com\/evropska_kuca","https:\/\/www.instagram.com\/evropska_kuca"]},{"@type":"Person","@id":"https:\/\/www.evropskakuca.me\/me\/#\/schema\/person\/a1d0dcdaefe4a1cd1d60d200ea137ba4","name":"mkajic","image":{"@type":"ImageObject","inLanguage":"me-ME","@id":"https:\/\/secure.gravatar.com\/avatar\/731fa035cefab7316e6bafd1f25a93fb731a07de14e2d9923f8db4422628eabc?s=96&d=mm&r=g","url":"https:\/\/secure.gravatar.com\/avatar\/731fa035cefab7316e6bafd1f25a93fb731a07de14e2d9923f8db4422628eabc?s=96&d=mm&r=g","contentUrl":"https:\/\/secure.gravatar.com\/avatar\/731fa035cefab7316e6bafd1f25a93fb731a07de14e2d9923f8db4422628eabc?s=96&d=mm&r=g","caption":"mkajic"},"sameAs":["https:\/\/evropskakuca.me"],"url":"https:\/\/www.evropskakuca.me\/me\/author\/mkajic\/"}]}},"_links":{"self":[{"href":"https:\/\/www.evropskakuca.me\/me\/wp-json\/wp\/v2\/posts\/7290","targetHints":{"allow":["GET"]}}],"collection":[{"href":"https:\/\/www.evropskakuca.me\/me\/wp-json\/wp\/v2\/posts"}],"about":[{"href":"https:\/\/www.evropskakuca.me\/me\/wp-json\/wp\/v2\/types\/post"}],"author":[{"embeddable":true,"href":"https:\/\/www.evropskakuca.me\/me\/wp-json\/wp\/v2\/users\/1"}],"replies":[{"embeddable":true,"href":"https:\/\/www.evropskakuca.me\/me\/wp-json\/wp\/v2\/comments?post=7290"}],"version-history":[{"count":0,"href":"https:\/\/www.evropskakuca.me\/me\/wp-json\/wp\/v2\/posts\/7290\/revisions"}],"wp:featuredmedia":[{"embeddable":true,"href":"https:\/\/www.evropskakuca.me\/me\/wp-json\/wp\/v2\/media\/34637"}],"wp:attachment":[{"href":"https:\/\/www.evropskakuca.me\/me\/wp-json\/wp\/v2\/media?parent=7290"}],"wp:term":[{"taxonomy":"category","embeddable":true,"href":"https:\/\/www.evropskakuca.me\/me\/wp-json\/wp\/v2\/categories?post=7290"},{"taxonomy":"post_tag","embeddable":true,"href":"https:\/\/www.evropskakuca.me\/me\/wp-json\/wp\/v2\/tags?post=7290"}],"curies":[{"name":"wp","href":"https:\/\/api.w.org\/{rel}","templated":true}]}}