{"id":7270,"date":"2019-10-09T10:55:17","date_gmt":"2019-10-09T10:55:17","guid":{"rendered":"http:\/\/www.evropskakuca.me\/?p=7270"},"modified":"2019-10-09T10:55:17","modified_gmt":"2019-10-09T10:55:17","slug":"u-niksicu-poceo-evropski-filmski-festival","status":"publish","type":"post","link":"https:\/\/www.evropskakuca.me\/me\/u-niksicu-poceo-evropski-filmski-festival\/","title":{"rendered":"U Nik\u0161i\u0107u po\u010deo Evropski filmski festival"},"content":{"rendered":"<p>U Nik\u0161i\u0107u je sve\u010dano otvoren Evropski filmski festival, u okviru kojeg \u0107e do 11. oktobra biti prikazano ukupno deset filmova. Prve no\u0107i festivala u Nik\u0161i\u0107kom pozori\u0161tu prikazani su belgijsko-holandska komedija\/drama \u201eBelgijski kralj\u201c i dokumentarni holandski film \u201eStranac u raju\u201c. Uo\u010di projekcija, festival su sve\u010dano otvorili Marko Kova\u010devi\u0107 iz Delegacije Evropske unije u Crnoj Gori i potpredsjednica op\u0161tine Nik\u0161i\u0107 Sonja Nik\u010devi\u0107. Kova\u010devi\u0107 je istakao da Evropska unija sa velikim ponosom sara\u0111uje sa gra\u0111anima \u0161irom Crne Gore.<\/p>\n<p><img fetchpriority=\"high\" decoding=\"async\" class=\"alignnone size-large wp-image-7275\" src=\"http:\/\/www.evropskakuca.me\/wp-content\/uploads\/2019\/10\/eu-film-nk-83-1024x683.jpg\" alt=\"\" width=\"1024\" height=\"683\" \/><\/p>\n<p>\u201eOvaj festival pokazuje da se na\u0161a saradnja odvija u raznim oblastima. Sa Evropom nas povezuje kulturno naslje\u0111e, ali i brojni projekti koje je podr\u017eala EU. Pozivam vas da odgledate \u0161to vi\u0161e filmova koji se nalaze na repertoaru, jer je rije\u010d o vi\u0161estruko nagra\u0111ivanim ostvarenjima\u201c, rekao je Kova\u010devi\u0107.<\/p>\n<p>Nik\u010devi\u0107 je naglasila da upravo ovakve i sli\u010dne manifestacije na najbolji na\u010din povezuju Crnu Goru sa zemljama \u010dlanicama Evropske unije, kroz kulturnu razmjenu.<\/p>\n<p><img decoding=\"async\" class=\"alignnone size-large wp-image-7277\" src=\"http:\/\/www.evropskakuca.me\/wp-content\/uploads\/2019\/10\/eu-film-nk-74-1024x683.jpg\" alt=\"\" width=\"1024\" height=\"683\" \/><\/p>\n<p>\u201eIskoristila bih priliku da se zahvalim organizatorima ove manifestacije &#8211; Delegaciji Evropske unije u Crnoj Gori i EU info centru koji su u nama prepoznali pouzdanog partnera u realizaciji ne samo ovog, ve\u0107 i niza drugih projekata. Sigurna sam da \u0107e se na\u0161a saradnja uspje\u0161no nastaviti i u budu\u0107em periodu koji smatram veoma va\u017enim, jer nas \u010dekaju brojne obaveze na putu ka Evropskoj uniji\u201c, poru\u010dila je potpredsjednica op\u0161tine Nik\u0161i\u0107.<\/p>\n<p><img decoding=\"async\" class=\"alignnone size-large wp-image-7279\" src=\"http:\/\/www.evropskakuca.me\/wp-content\/uploads\/2019\/10\/eu-film-nk-55-1024x683.jpg\" alt=\"\" width=\"1024\" height=\"683\" \/><\/p>\n<p>Svake ve\u010deri u Nik\u0161i\u0107kom pozor\u0161tu u dva termina &#8211; u 18h i 20h, ljubitelji sedme umjetnosti u gradu pod Trebjesom ima\u0107e priliku da pogledaju filmove ra\u0111ene u koprodukcijama evropskih zemalja, uz finansijsku podr\u0161ku Evropske unije. Na repertoaru su francuska drama \u201eKrvavo mlijeko\u201c, portugalsko-francusko-brazilska koprodukciju \u201eDijamantino\u201c, \u010de\u0161ko ostvarenje \u201eZimske mu\u0161ice\u201c, ma\u0111arski film \u201eOut\u201c, kao i dokumentarni filmovi \u201eTi\u0161ina drugih\u201c i \u201eDaleki lave\u017e pasa\u201c. U srijedu 9. oktobra bi\u0107e prikazana i dva crnogorska filma \u2019Igla ispod praga\u2019 mladog reditelja Ivana Marinovi\u0107a i film \u2019Mu\u0161karci\u2019 iz 1963. godine, koji je re\u017eirao Milorad Milo \u0110ukanovi\u0107. Kompletan repertoar pogledajte <a href=\"http:\/\/www.evropskakuca.me\/me\/eurofilmfest\/\">ovdje<\/a>. Ulaz na sve projekcije je besplatan.<\/p>\n<p><img loading=\"lazy\" decoding=\"async\" class=\"alignnone size-large wp-image-7281\" src=\"http:\/\/www.evropskakuca.me\/wp-content\/uploads\/2019\/10\/eu-film-nk-38-1024x683.jpg\" alt=\"\" width=\"1024\" height=\"683\" \/><\/p>\n<p>Predstavnici Delegacije Evropske unije u Crnoj Gori i EU info centra tokom posjete Nik\u0161i\u0107u organizovali su i Info dan EU. Na platou ispred Nik\u0161i\u0107kog pozori\u0161ta predstavljena je izlo\u017eba projekata EU \u201eCrna Gora i EU \u2013 partnerstvo koje traje\u201c, koja \u0107e biti otvorena do 21. oktobra.<\/p>\n<p><img loading=\"lazy\" decoding=\"async\" class=\"alignnone size-large wp-image-7283\" src=\"http:\/\/www.evropskakuca.me\/wp-content\/uploads\/2019\/10\/eu-film-nk-51-1024x683.jpg\" alt=\"\" width=\"1024\" height=\"683\" \/><\/p>\n<p>Evropski filmski festival se ove godine odr\u017eava u osam crnogorskih gradova. Rije\u010d je o jubilarnom, petom izdanju Evropskog filmskog festivala, koji je u julu mjesecu na \u017dabljaku prvi put imao i ljetnje izdanje. Ovogodi\u0161nji festival organizovan je u i Podgorici, Kotoru, Petrovcu, Ulcinju, Bijelom Polju, Petnjici i Mojkovcu.<\/p>\n","protected":false},"excerpt":{"rendered":"<p>\u201eOvaj festival pokazuje da se na\u0161a saradnja odvija u raznim oblastima. Sa Evropom nas povezuje kulturno naslje\u0111e, ali i brojni projekti koje je podr\u017eala EU\u201c<\/p>\n","protected":false},"author":1,"featured_media":34651,"comment_status":"open","ping_status":"open","sticky":false,"template":"","format":"standard","meta":{"_acf_changed":false,"footnotes":""},"categories":[1],"tags":[],"class_list":["post-7270","post","type-post","status-publish","format-standard","has-post-thumbnail","hentry","category-uncategorized"],"acf":[],"yoast_head":"<!-- This site is optimized with the Yoast SEO plugin v27.3 - https:\/\/yoast.com\/product\/yoast-seo-wordpress\/ -->\n<title>U Nik\u0161i\u0107u po\u010deo Evropski filmski festival - Europe House<\/title>\n<meta name=\"robots\" content=\"index, follow, max-snippet:-1, max-image-preview:large, max-video-preview:-1\" \/>\n<link rel=\"canonical\" href=\"https:\/\/www.evropskakuca.me\/me\/u-niksicu-poceo-evropski-filmski-festival\/\" \/>\n<meta property=\"og:locale\" content=\"en_US\" \/>\n<meta property=\"og:type\" content=\"article\" \/>\n<meta property=\"og:title\" content=\"U Nik\u0161i\u0107u po\u010deo Evropski filmski festival - Europe House\" \/>\n<meta property=\"og:description\" content=\"\u201eOvaj festival pokazuje da se na\u0161a saradnja odvija u raznim oblastima. Sa Evropom nas povezuje kulturno naslje\u0111e, ali i brojni projekti koje je podr\u017eala EU\u201c\" \/>\n<meta property=\"og:url\" content=\"https:\/\/www.evropskakuca.me\/me\/u-niksicu-poceo-evropski-filmski-festival\/\" \/>\n<meta property=\"og:site_name\" content=\"Europe House\" \/>\n<meta property=\"article:publisher\" content=\"https:\/\/www.facebook.com\/evropska.kuca\" \/>\n<meta property=\"article:published_time\" content=\"2019-10-09T10:55:17+00:00\" \/>\n<meta property=\"og:image\" content=\"https:\/\/www.evropskakuca.me\/wp-content\/uploads\/2019\/10\/eu-film-nk-94-002-scaled.jpg\" \/>\n\t<meta property=\"og:image:width\" content=\"2560\" \/>\n\t<meta property=\"og:image:height\" content=\"1707\" \/>\n\t<meta property=\"og:image:type\" content=\"image\/jpeg\" \/>\n<meta name=\"author\" content=\"mkajic\" \/>\n<meta name=\"twitter:card\" content=\"summary_large_image\" \/>\n<meta name=\"twitter:creator\" content=\"@evropska_kuca\" \/>\n<meta name=\"twitter:site\" content=\"@evropska_kuca\" \/>\n<meta name=\"twitter:label1\" content=\"Written by\" \/>\n\t<meta name=\"twitter:data1\" content=\"mkajic\" \/>\n\t<meta name=\"twitter:label2\" content=\"Est. reading time\" \/>\n\t<meta name=\"twitter:data2\" content=\"2 minutes\" \/>\n<script type=\"application\/ld+json\" class=\"yoast-schema-graph\">{\"@context\":\"https:\\\/\\\/schema.org\",\"@graph\":[{\"@type\":\"Article\",\"@id\":\"https:\\\/\\\/www.evropskakuca.me\\\/me\\\/u-niksicu-poceo-evropski-filmski-festival\\\/#article\",\"isPartOf\":{\"@id\":\"https:\\\/\\\/www.evropskakuca.me\\\/me\\\/u-niksicu-poceo-evropski-filmski-festival\\\/\"},\"author\":{\"name\":\"mkajic\",\"@id\":\"https:\\\/\\\/www.evropskakuca.me\\\/me\\\/#\\\/schema\\\/person\\\/a1d0dcdaefe4a1cd1d60d200ea137ba4\"},\"headline\":\"U Nik\u0161i\u0107u po\u010deo Evropski filmski festival\",\"datePublished\":\"2019-10-09T10:55:17+00:00\",\"mainEntityOfPage\":{\"@id\":\"https:\\\/\\\/www.evropskakuca.me\\\/me\\\/u-niksicu-poceo-evropski-filmski-festival\\\/\"},\"wordCount\":469,\"commentCount\":0,\"publisher\":{\"@id\":\"https:\\\/\\\/www.evropskakuca.me\\\/me\\\/#organization\"},\"image\":{\"@id\":\"https:\\\/\\\/www.evropskakuca.me\\\/me\\\/u-niksicu-poceo-evropski-filmski-festival\\\/#primaryimage\"},\"thumbnailUrl\":\"https:\\\/\\\/www.evropskakuca.me\\\/wp-content\\\/uploads\\\/2019\\\/10\\\/eu-film-nk-94-002-scaled.jpg\",\"inLanguage\":\"me-ME\",\"potentialAction\":[{\"@type\":\"CommentAction\",\"name\":\"Comment\",\"target\":[\"https:\\\/\\\/www.evropskakuca.me\\\/me\\\/u-niksicu-poceo-evropski-filmski-festival\\\/#respond\"]}]},{\"@type\":\"WebPage\",\"@id\":\"https:\\\/\\\/www.evropskakuca.me\\\/me\\\/u-niksicu-poceo-evropski-filmski-festival\\\/\",\"url\":\"https:\\\/\\\/www.evropskakuca.me\\\/me\\\/u-niksicu-poceo-evropski-filmski-festival\\\/\",\"name\":\"U Nik\u0161i\u0107u po\u010deo Evropski filmski festival - Europe House\",\"isPartOf\":{\"@id\":\"https:\\\/\\\/www.evropskakuca.me\\\/me\\\/#website\"},\"primaryImageOfPage\":{\"@id\":\"https:\\\/\\\/www.evropskakuca.me\\\/me\\\/u-niksicu-poceo-evropski-filmski-festival\\\/#primaryimage\"},\"image\":{\"@id\":\"https:\\\/\\\/www.evropskakuca.me\\\/me\\\/u-niksicu-poceo-evropski-filmski-festival\\\/#primaryimage\"},\"thumbnailUrl\":\"https:\\\/\\\/www.evropskakuca.me\\\/wp-content\\\/uploads\\\/2019\\\/10\\\/eu-film-nk-94-002-scaled.jpg\",\"datePublished\":\"2019-10-09T10:55:17+00:00\",\"breadcrumb\":{\"@id\":\"https:\\\/\\\/www.evropskakuca.me\\\/me\\\/u-niksicu-poceo-evropski-filmski-festival\\\/#breadcrumb\"},\"inLanguage\":\"me-ME\",\"potentialAction\":[{\"@type\":\"ReadAction\",\"target\":[\"https:\\\/\\\/www.evropskakuca.me\\\/me\\\/u-niksicu-poceo-evropski-filmski-festival\\\/\"]}]},{\"@type\":\"ImageObject\",\"inLanguage\":\"me-ME\",\"@id\":\"https:\\\/\\\/www.evropskakuca.me\\\/me\\\/u-niksicu-poceo-evropski-filmski-festival\\\/#primaryimage\",\"url\":\"https:\\\/\\\/www.evropskakuca.me\\\/wp-content\\\/uploads\\\/2019\\\/10\\\/eu-film-nk-94-002-scaled.jpg\",\"contentUrl\":\"https:\\\/\\\/www.evropskakuca.me\\\/wp-content\\\/uploads\\\/2019\\\/10\\\/eu-film-nk-94-002-scaled.jpg\",\"width\":2560,\"height\":1707},{\"@type\":\"BreadcrumbList\",\"@id\":\"https:\\\/\\\/www.evropskakuca.me\\\/me\\\/u-niksicu-poceo-evropski-filmski-festival\\\/#breadcrumb\",\"itemListElement\":[{\"@type\":\"ListItem\",\"position\":1,\"name\":\"Home\",\"item\":\"https:\\\/\\\/www.evropskakuca.me\\\/me\\\/\"},{\"@type\":\"ListItem\",\"position\":2,\"name\":\"U Nik\u0161i\u0107u po\u010deo Evropski filmski festival\"}]},{\"@type\":\"WebSite\",\"@id\":\"https:\\\/\\\/www.evropskakuca.me\\\/me\\\/#website\",\"url\":\"https:\\\/\\\/www.evropskakuca.me\\\/me\\\/\",\"name\":\"Evropean house\",\"description\":\"\",\"publisher\":{\"@id\":\"https:\\\/\\\/www.evropskakuca.me\\\/me\\\/#organization\"},\"potentialAction\":[{\"@type\":\"SearchAction\",\"target\":{\"@type\":\"EntryPoint\",\"urlTemplate\":\"https:\\\/\\\/www.evropskakuca.me\\\/me\\\/?s={search_term_string}\"},\"query-input\":{\"@type\":\"PropertyValueSpecification\",\"valueRequired\":true,\"valueName\":\"search_term_string\"}}],\"inLanguage\":\"me-ME\"},{\"@type\":\"Organization\",\"@id\":\"https:\\\/\\\/www.evropskakuca.me\\\/me\\\/#organization\",\"name\":\"Evropean house\",\"url\":\"https:\\\/\\\/www.evropskakuca.me\\\/me\\\/\",\"logo\":{\"@type\":\"ImageObject\",\"inLanguage\":\"me-ME\",\"@id\":\"https:\\\/\\\/www.evropskakuca.me\\\/me\\\/#\\\/schema\\\/logo\\\/image\\\/\",\"url\":\"https:\\\/\\\/www.evropskakuca.me\\\/wp-content\\\/uploads\\\/2025\\\/01\\\/evropska-kuca-logo-1.png\",\"contentUrl\":\"https:\\\/\\\/www.evropskakuca.me\\\/wp-content\\\/uploads\\\/2025\\\/01\\\/evropska-kuca-logo-1.png\",\"width\":425,\"height\":312,\"caption\":\"Evropean house\"},\"image\":{\"@id\":\"https:\\\/\\\/www.evropskakuca.me\\\/me\\\/#\\\/schema\\\/logo\\\/image\\\/\"},\"sameAs\":[\"https:\\\/\\\/www.facebook.com\\\/evropska.kuca\",\"https:\\\/\\\/x.com\\\/evropska_kuca\",\"https:\\\/\\\/www.instagram.com\\\/evropska_kuca\"]},{\"@type\":\"Person\",\"@id\":\"https:\\\/\\\/www.evropskakuca.me\\\/me\\\/#\\\/schema\\\/person\\\/a1d0dcdaefe4a1cd1d60d200ea137ba4\",\"name\":\"mkajic\",\"image\":{\"@type\":\"ImageObject\",\"inLanguage\":\"me-ME\",\"@id\":\"https:\\\/\\\/secure.gravatar.com\\\/avatar\\\/731fa035cefab7316e6bafd1f25a93fb731a07de14e2d9923f8db4422628eabc?s=96&d=mm&r=g\",\"url\":\"https:\\\/\\\/secure.gravatar.com\\\/avatar\\\/731fa035cefab7316e6bafd1f25a93fb731a07de14e2d9923f8db4422628eabc?s=96&d=mm&r=g\",\"contentUrl\":\"https:\\\/\\\/secure.gravatar.com\\\/avatar\\\/731fa035cefab7316e6bafd1f25a93fb731a07de14e2d9923f8db4422628eabc?s=96&d=mm&r=g\",\"caption\":\"mkajic\"},\"sameAs\":[\"https:\\\/\\\/evropskakuca.me\"],\"url\":\"https:\\\/\\\/www.evropskakuca.me\\\/me\\\/author\\\/mkajic\\\/\"}]}<\/script>\n<!-- \/ Yoast SEO plugin. -->","yoast_head_json":{"title":"U Nik\u0161i\u0107u po\u010deo Evropski filmski festival - Europe House","robots":{"index":"index","follow":"follow","max-snippet":"max-snippet:-1","max-image-preview":"max-image-preview:large","max-video-preview":"max-video-preview:-1"},"canonical":"https:\/\/www.evropskakuca.me\/me\/u-niksicu-poceo-evropski-filmski-festival\/","og_locale":"en_US","og_type":"article","og_title":"U Nik\u0161i\u0107u po\u010deo Evropski filmski festival - Europe House","og_description":"\u201eOvaj festival pokazuje da se na\u0161a saradnja odvija u raznim oblastima. Sa Evropom nas povezuje kulturno naslje\u0111e, ali i brojni projekti koje je podr\u017eala EU\u201c","og_url":"https:\/\/www.evropskakuca.me\/me\/u-niksicu-poceo-evropski-filmski-festival\/","og_site_name":"Europe House","article_publisher":"https:\/\/www.facebook.com\/evropska.kuca","article_published_time":"2019-10-09T10:55:17+00:00","og_image":[{"width":2560,"height":1707,"url":"https:\/\/www.evropskakuca.me\/wp-content\/uploads\/2019\/10\/eu-film-nk-94-002-scaled.jpg","type":"image\/jpeg"}],"author":"mkajic","twitter_card":"summary_large_image","twitter_creator":"@evropska_kuca","twitter_site":"@evropska_kuca","twitter_misc":{"Written by":"mkajic","Est. reading time":"2 minutes"},"schema":{"@context":"https:\/\/schema.org","@graph":[{"@type":"Article","@id":"https:\/\/www.evropskakuca.me\/me\/u-niksicu-poceo-evropski-filmski-festival\/#article","isPartOf":{"@id":"https:\/\/www.evropskakuca.me\/me\/u-niksicu-poceo-evropski-filmski-festival\/"},"author":{"name":"mkajic","@id":"https:\/\/www.evropskakuca.me\/me\/#\/schema\/person\/a1d0dcdaefe4a1cd1d60d200ea137ba4"},"headline":"U Nik\u0161i\u0107u po\u010deo Evropski filmski festival","datePublished":"2019-10-09T10:55:17+00:00","mainEntityOfPage":{"@id":"https:\/\/www.evropskakuca.me\/me\/u-niksicu-poceo-evropski-filmski-festival\/"},"wordCount":469,"commentCount":0,"publisher":{"@id":"https:\/\/www.evropskakuca.me\/me\/#organization"},"image":{"@id":"https:\/\/www.evropskakuca.me\/me\/u-niksicu-poceo-evropski-filmski-festival\/#primaryimage"},"thumbnailUrl":"https:\/\/www.evropskakuca.me\/wp-content\/uploads\/2019\/10\/eu-film-nk-94-002-scaled.jpg","inLanguage":"me-ME","potentialAction":[{"@type":"CommentAction","name":"Comment","target":["https:\/\/www.evropskakuca.me\/me\/u-niksicu-poceo-evropski-filmski-festival\/#respond"]}]},{"@type":"WebPage","@id":"https:\/\/www.evropskakuca.me\/me\/u-niksicu-poceo-evropski-filmski-festival\/","url":"https:\/\/www.evropskakuca.me\/me\/u-niksicu-poceo-evropski-filmski-festival\/","name":"U Nik\u0161i\u0107u po\u010deo Evropski filmski festival - Europe House","isPartOf":{"@id":"https:\/\/www.evropskakuca.me\/me\/#website"},"primaryImageOfPage":{"@id":"https:\/\/www.evropskakuca.me\/me\/u-niksicu-poceo-evropski-filmski-festival\/#primaryimage"},"image":{"@id":"https:\/\/www.evropskakuca.me\/me\/u-niksicu-poceo-evropski-filmski-festival\/#primaryimage"},"thumbnailUrl":"https:\/\/www.evropskakuca.me\/wp-content\/uploads\/2019\/10\/eu-film-nk-94-002-scaled.jpg","datePublished":"2019-10-09T10:55:17+00:00","breadcrumb":{"@id":"https:\/\/www.evropskakuca.me\/me\/u-niksicu-poceo-evropski-filmski-festival\/#breadcrumb"},"inLanguage":"me-ME","potentialAction":[{"@type":"ReadAction","target":["https:\/\/www.evropskakuca.me\/me\/u-niksicu-poceo-evropski-filmski-festival\/"]}]},{"@type":"ImageObject","inLanguage":"me-ME","@id":"https:\/\/www.evropskakuca.me\/me\/u-niksicu-poceo-evropski-filmski-festival\/#primaryimage","url":"https:\/\/www.evropskakuca.me\/wp-content\/uploads\/2019\/10\/eu-film-nk-94-002-scaled.jpg","contentUrl":"https:\/\/www.evropskakuca.me\/wp-content\/uploads\/2019\/10\/eu-film-nk-94-002-scaled.jpg","width":2560,"height":1707},{"@type":"BreadcrumbList","@id":"https:\/\/www.evropskakuca.me\/me\/u-niksicu-poceo-evropski-filmski-festival\/#breadcrumb","itemListElement":[{"@type":"ListItem","position":1,"name":"Home","item":"https:\/\/www.evropskakuca.me\/me\/"},{"@type":"ListItem","position":2,"name":"U Nik\u0161i\u0107u po\u010deo Evropski filmski festival"}]},{"@type":"WebSite","@id":"https:\/\/www.evropskakuca.me\/me\/#website","url":"https:\/\/www.evropskakuca.me\/me\/","name":"Evropean house","description":"","publisher":{"@id":"https:\/\/www.evropskakuca.me\/me\/#organization"},"potentialAction":[{"@type":"SearchAction","target":{"@type":"EntryPoint","urlTemplate":"https:\/\/www.evropskakuca.me\/me\/?s={search_term_string}"},"query-input":{"@type":"PropertyValueSpecification","valueRequired":true,"valueName":"search_term_string"}}],"inLanguage":"me-ME"},{"@type":"Organization","@id":"https:\/\/www.evropskakuca.me\/me\/#organization","name":"Evropean house","url":"https:\/\/www.evropskakuca.me\/me\/","logo":{"@type":"ImageObject","inLanguage":"me-ME","@id":"https:\/\/www.evropskakuca.me\/me\/#\/schema\/logo\/image\/","url":"https:\/\/www.evropskakuca.me\/wp-content\/uploads\/2025\/01\/evropska-kuca-logo-1.png","contentUrl":"https:\/\/www.evropskakuca.me\/wp-content\/uploads\/2025\/01\/evropska-kuca-logo-1.png","width":425,"height":312,"caption":"Evropean house"},"image":{"@id":"https:\/\/www.evropskakuca.me\/me\/#\/schema\/logo\/image\/"},"sameAs":["https:\/\/www.facebook.com\/evropska.kuca","https:\/\/x.com\/evropska_kuca","https:\/\/www.instagram.com\/evropska_kuca"]},{"@type":"Person","@id":"https:\/\/www.evropskakuca.me\/me\/#\/schema\/person\/a1d0dcdaefe4a1cd1d60d200ea137ba4","name":"mkajic","image":{"@type":"ImageObject","inLanguage":"me-ME","@id":"https:\/\/secure.gravatar.com\/avatar\/731fa035cefab7316e6bafd1f25a93fb731a07de14e2d9923f8db4422628eabc?s=96&d=mm&r=g","url":"https:\/\/secure.gravatar.com\/avatar\/731fa035cefab7316e6bafd1f25a93fb731a07de14e2d9923f8db4422628eabc?s=96&d=mm&r=g","contentUrl":"https:\/\/secure.gravatar.com\/avatar\/731fa035cefab7316e6bafd1f25a93fb731a07de14e2d9923f8db4422628eabc?s=96&d=mm&r=g","caption":"mkajic"},"sameAs":["https:\/\/evropskakuca.me"],"url":"https:\/\/www.evropskakuca.me\/me\/author\/mkajic\/"}]}},"_links":{"self":[{"href":"https:\/\/www.evropskakuca.me\/me\/wp-json\/wp\/v2\/posts\/7270","targetHints":{"allow":["GET"]}}],"collection":[{"href":"https:\/\/www.evropskakuca.me\/me\/wp-json\/wp\/v2\/posts"}],"about":[{"href":"https:\/\/www.evropskakuca.me\/me\/wp-json\/wp\/v2\/types\/post"}],"author":[{"embeddable":true,"href":"https:\/\/www.evropskakuca.me\/me\/wp-json\/wp\/v2\/users\/1"}],"replies":[{"embeddable":true,"href":"https:\/\/www.evropskakuca.me\/me\/wp-json\/wp\/v2\/comments?post=7270"}],"version-history":[{"count":0,"href":"https:\/\/www.evropskakuca.me\/me\/wp-json\/wp\/v2\/posts\/7270\/revisions"}],"wp:featuredmedia":[{"embeddable":true,"href":"https:\/\/www.evropskakuca.me\/me\/wp-json\/wp\/v2\/media\/34651"}],"wp:attachment":[{"href":"https:\/\/www.evropskakuca.me\/me\/wp-json\/wp\/v2\/media?parent=7270"}],"wp:term":[{"taxonomy":"category","embeddable":true,"href":"https:\/\/www.evropskakuca.me\/me\/wp-json\/wp\/v2\/categories?post=7270"},{"taxonomy":"post_tag","embeddable":true,"href":"https:\/\/www.evropskakuca.me\/me\/wp-json\/wp\/v2\/tags?post=7270"}],"curies":[{"name":"wp","href":"https:\/\/api.w.org\/{rel}","templated":true}]}}