{"id":7231,"date":"2019-10-04T08:47:30","date_gmt":"2019-10-04T08:47:30","guid":{"rendered":"http:\/\/www.evropskakuca.me\/?p=7231"},"modified":"2019-10-04T08:47:30","modified_gmt":"2019-10-04T08:47:30","slug":"halaceva-svako-mora-dati-svoj-doprinos","status":"publish","type":"post","link":"https:\/\/www.evropskakuca.me\/me\/halaceva-svako-mora-dati-svoj-doprinos\/","title":{"rendered":"Hala\u010deva: Svako mora dati svoj doprinos"},"content":{"rendered":"<p>Centralna akcija \u010di\u0161\u0107enja obala \u0161irom Crne Gore u okviru evropskog Dana \u010di\u0161\u0107enja obala, odr\u017eana je \u00a0pored jezera Krupac u Nik\u0161i\u0107u. Uz organizatore, obale vje\u0161ta\u010dkog jezera \u010distili su volonteri ali i predstavnici Delegacije Evropske unije u Crnoj Gori. Obilje\u017eavanje evropskog Dana \u010di\u0161\u0107enja obala postalo je tradicija u Crnoj Gori u kojoj je ove godine u\u010destvovalo nekoliko stotina ljudi na 12 razli\u010ditih lokacija.<\/p>\n<p>\u0160efica Sektora za evropske integracije, politi\u010dka pitanja, medije i informisanje u Delegaciji EU u Crnoj Gori Plamena Hala\u010deva naglasila je da se Crna Gora kao ekolo\u0161ka dr\u017eava mora aktivnije uklju\u010diti i dati doprinos u borbi protiv otpada.<\/p>\n<p><img fetchpriority=\"high\" decoding=\"async\" class=\"alignnone size-large wp-image-7232\" src=\"http:\/\/www.evropskakuca.me\/wp-content\/uploads\/2019\/10\/krupac-91-1024x683.jpg\" alt=\"\" width=\"1024\" height=\"683\" \/><\/p>\n<p>\u201cTo nije samo nadle\u017enost dr\u017eave, mora svako od nas dati svoj doprinos. Mi vas zato pozivamo na akciju da poku\u0161amo da koristimo manje plastike i da odla\u017eemo otpad na pravo mjesto, ali i da \u010duvamo prirodu Crne Gore. Ovom akcijom EU u Crnoj Gori po\u010dinje kampanju ,\u2019Budi primjer. Uklju\u010di se!\u2019, a narednog mjeseca organizova\u0107emo veliki broj doga\u0111aja i predavanja na temu za\u0161tite prirode\u201d, kazala je Hala\u010deva.<\/p>\n<p>Aleksandra Oberten, generalna menad\u017eerka NVO Zero Waste Montenegro, smatra da op\u0161tine imaju jako va\u017enu ulogu u olak\u0161avanju potro\u0161a\u010dima da ponovo koriste svoj otpad, ponovo ga odla\u017eu i koriste kao \u0111ubrivo. Sa druge strane, Oberten je svjesna uloge i proizvo\u0111a\u010da plastike, pa je mi\u0161ljenja da je smanjenje upotrebe plastike mogu\u0107e i redizajniranjem pakovanja. Tako\u0111e, skrenula je pa\u017enju na potrebu za smanjenjem upotrebe plastike kod svakog pojedinca.<\/p>\n<p><img decoding=\"async\" class=\"alignnone size-large wp-image-7210\" src=\"http:\/\/www.evropskakuca.me\/wp-content\/uploads\/2019\/10\/3-1024x683.jpg\" alt=\"\" width=\"1024\" height=\"683\" \/><\/p>\n<p>\u201cPotrebno je smanjiti potro\u0161nju plastike, a naro\u010dite plastike za jednokratnu upotrebu. Kao potro\u0161a\u010di moramo da na\u0111emo na\u010din da smanjimo otpad koji koristimo. Mo\u017eemo da po\u010dnemo sa kupovinom stvari koja imaju manja pakovanja i traju du\u017ee, i na kraju da odla\u017eemo otpad na odgovoran na\u010din\u201d, rekla je Oberten.<\/p>\n<p>Kako je kazao Aleksandar Perovi\u0107 iz ekolo\u0161kog pokreta Ozon koji je koordinirao akciju \u010di\u0161\u0107enja na Krupcu, prostor oko ovog jezera, kao i kompletan grad Nik\u0161i\u0107, optere\u0107eni su nelegalnim i nepravilnim odlaganjem otpada. On smatra da bi se kroz sistem moglo unaprijediti odlaganje otpada u Crnoj Gori, dok je za po\u010detak potrebno zakonsko regulisanje ovog pitanja i njegova primjena u praksi.<\/p>\n<p><img decoding=\"async\" class=\"alignnone size-large wp-image-7212\" src=\"http:\/\/www.evropskakuca.me\/wp-content\/uploads\/2019\/10\/4-1024x683.jpg\" alt=\"\" width=\"1024\" height=\"683\" \/><\/p>\n<p>\u201cOve akcije zapravo slu\u017ee da podsjetimo na potrebu zakonskog ure\u0111enja problema. Sama \u010dinjenica da \u0107e volonteri na ovoj lokaciji da razvrstavaju otpad, da promovi\u0161u sve ono \u0161to zna\u010di pametno i odgovorno upravljanje otpadom, prili\u010dno je jasan signal da gra\u0111ani razumiju \u0161ta treba da rade ako im se objasni\u201d, kazao je Perovi\u0107.<\/p>\n<p>Povodom Evropskog dana \u010di\u0161\u0107enja obala, NVO Zero Waste Montenegro u partnerstvu sa NVO Na\u0161a akcija, organizovala je akcije \u010di\u0161\u0107enja obala jezera i mora na 12 lokacija \u0161irom dr\u017eave. Akcija je organizovana pod pokroviteljstvom Delegacije Evropske unije u Crnoj Gori i EU info centra.<\/p>\n<p>&nbsp;<\/p>\n<p>&nbsp;<\/p>\n","protected":false},"excerpt":{"rendered":"<p>Centralna akcija \u010di\u0161\u0107enja obala \u0161irom Crne Gore u okviru evropskog Dana \u010di\u0161\u0107enja obala, odr\u017eana je \u00a0pored jezera Krupac u Nik\u0161i\u0107u. Uz organizatore, obale vje\u0161ta\u010dkog jezera \u010distili su volonteri ali i predstavnici Delegacije Evropske unije u Crnoj Gori. Obilje\u017eavanje evropskog Dana \u010di\u0161\u0107enja obala postalo je tradicija u Crnoj Gori u kojoj je ove godine u\u010destvovalo nekoliko [&hellip;]<\/p>\n","protected":false},"author":1,"featured_media":31168,"comment_status":"open","ping_status":"open","sticky":false,"template":"","format":"standard","meta":{"_acf_changed":false,"footnotes":""},"categories":[1],"tags":[],"class_list":["post-7231","post","type-post","status-publish","format-standard","has-post-thumbnail","hentry","category-uncategorized"],"acf":[],"yoast_head":"<!-- This site is optimized with the Yoast SEO plugin v27.3 - https:\/\/yoast.com\/product\/yoast-seo-wordpress\/ -->\n<title>Hala\u010deva: Svako mora dati svoj doprinos - Europe House<\/title>\n<meta name=\"robots\" content=\"index, follow, max-snippet:-1, max-image-preview:large, max-video-preview:-1\" \/>\n<link rel=\"canonical\" href=\"https:\/\/www.evropskakuca.me\/me\/halaceva-svako-mora-dati-svoj-doprinos\/\" \/>\n<meta property=\"og:locale\" content=\"en_US\" \/>\n<meta property=\"og:type\" content=\"article\" \/>\n<meta property=\"og:title\" content=\"Hala\u010deva: Svako mora dati svoj doprinos - Europe House\" \/>\n<meta property=\"og:description\" content=\"Centralna akcija \u010di\u0161\u0107enja obala \u0161irom Crne Gore u okviru evropskog Dana \u010di\u0161\u0107enja obala, odr\u017eana je \u00a0pored jezera Krupac u Nik\u0161i\u0107u. Uz organizatore, obale vje\u0161ta\u010dkog jezera \u010distili su volonteri ali i predstavnici Delegacije Evropske unije u Crnoj Gori. Obilje\u017eavanje evropskog Dana \u010di\u0161\u0107enja obala postalo je tradicija u Crnoj Gori u kojoj je ove godine u\u010destvovalo nekoliko [&hellip;]\" \/>\n<meta property=\"og:url\" content=\"https:\/\/www.evropskakuca.me\/me\/halaceva-svako-mora-dati-svoj-doprinos\/\" \/>\n<meta property=\"og:site_name\" content=\"Europe House\" \/>\n<meta property=\"article:publisher\" content=\"https:\/\/www.facebook.com\/evropska.kuca\" \/>\n<meta property=\"article:published_time\" content=\"2019-10-04T08:47:30+00:00\" \/>\n<meta property=\"og:image\" content=\"https:\/\/www.evropskakuca.me\/wp-content\/uploads\/2015\/06\/1.jpg\" \/>\n\t<meta property=\"og:image:width\" content=\"560\" \/>\n\t<meta property=\"og:image:height\" content=\"352\" \/>\n\t<meta property=\"og:image:type\" content=\"image\/jpeg\" \/>\n<meta name=\"author\" content=\"mkajic\" \/>\n<meta name=\"twitter:card\" content=\"summary_large_image\" \/>\n<meta name=\"twitter:creator\" content=\"@evropska_kuca\" \/>\n<meta name=\"twitter:site\" content=\"@evropska_kuca\" \/>\n<meta name=\"twitter:label1\" content=\"Written by\" \/>\n\t<meta name=\"twitter:data1\" content=\"mkajic\" \/>\n\t<meta name=\"twitter:label2\" content=\"Est. reading time\" \/>\n\t<meta name=\"twitter:data2\" content=\"2 minutes\" \/>\n<script type=\"application\/ld+json\" class=\"yoast-schema-graph\">{\"@context\":\"https:\\\/\\\/schema.org\",\"@graph\":[{\"@type\":\"Article\",\"@id\":\"https:\\\/\\\/www.evropskakuca.me\\\/me\\\/halaceva-svako-mora-dati-svoj-doprinos\\\/#article\",\"isPartOf\":{\"@id\":\"https:\\\/\\\/www.evropskakuca.me\\\/me\\\/halaceva-svako-mora-dati-svoj-doprinos\\\/\"},\"author\":{\"name\":\"mkajic\",\"@id\":\"https:\\\/\\\/www.evropskakuca.me\\\/me\\\/#\\\/schema\\\/person\\\/a1d0dcdaefe4a1cd1d60d200ea137ba4\"},\"headline\":\"Hala\u010deva: Svako mora dati svoj doprinos\",\"datePublished\":\"2019-10-04T08:47:30+00:00\",\"mainEntityOfPage\":{\"@id\":\"https:\\\/\\\/www.evropskakuca.me\\\/me\\\/halaceva-svako-mora-dati-svoj-doprinos\\\/\"},\"wordCount\":502,\"commentCount\":0,\"publisher\":{\"@id\":\"https:\\\/\\\/www.evropskakuca.me\\\/me\\\/#organization\"},\"image\":{\"@id\":\"https:\\\/\\\/www.evropskakuca.me\\\/me\\\/halaceva-svako-mora-dati-svoj-doprinos\\\/#primaryimage\"},\"thumbnailUrl\":\"https:\\\/\\\/www.evropskakuca.me\\\/wp-content\\\/uploads\\\/2015\\\/06\\\/1.jpg\",\"inLanguage\":\"me-ME\",\"potentialAction\":[{\"@type\":\"CommentAction\",\"name\":\"Comment\",\"target\":[\"https:\\\/\\\/www.evropskakuca.me\\\/me\\\/halaceva-svako-mora-dati-svoj-doprinos\\\/#respond\"]}]},{\"@type\":\"WebPage\",\"@id\":\"https:\\\/\\\/www.evropskakuca.me\\\/me\\\/halaceva-svako-mora-dati-svoj-doprinos\\\/\",\"url\":\"https:\\\/\\\/www.evropskakuca.me\\\/me\\\/halaceva-svako-mora-dati-svoj-doprinos\\\/\",\"name\":\"Hala\u010deva: Svako mora dati svoj doprinos - Europe House\",\"isPartOf\":{\"@id\":\"https:\\\/\\\/www.evropskakuca.me\\\/me\\\/#website\"},\"primaryImageOfPage\":{\"@id\":\"https:\\\/\\\/www.evropskakuca.me\\\/me\\\/halaceva-svako-mora-dati-svoj-doprinos\\\/#primaryimage\"},\"image\":{\"@id\":\"https:\\\/\\\/www.evropskakuca.me\\\/me\\\/halaceva-svako-mora-dati-svoj-doprinos\\\/#primaryimage\"},\"thumbnailUrl\":\"https:\\\/\\\/www.evropskakuca.me\\\/wp-content\\\/uploads\\\/2015\\\/06\\\/1.jpg\",\"datePublished\":\"2019-10-04T08:47:30+00:00\",\"breadcrumb\":{\"@id\":\"https:\\\/\\\/www.evropskakuca.me\\\/me\\\/halaceva-svako-mora-dati-svoj-doprinos\\\/#breadcrumb\"},\"inLanguage\":\"me-ME\",\"potentialAction\":[{\"@type\":\"ReadAction\",\"target\":[\"https:\\\/\\\/www.evropskakuca.me\\\/me\\\/halaceva-svako-mora-dati-svoj-doprinos\\\/\"]}]},{\"@type\":\"ImageObject\",\"inLanguage\":\"me-ME\",\"@id\":\"https:\\\/\\\/www.evropskakuca.me\\\/me\\\/halaceva-svako-mora-dati-svoj-doprinos\\\/#primaryimage\",\"url\":\"https:\\\/\\\/www.evropskakuca.me\\\/wp-content\\\/uploads\\\/2015\\\/06\\\/1.jpg\",\"contentUrl\":\"https:\\\/\\\/www.evropskakuca.me\\\/wp-content\\\/uploads\\\/2015\\\/06\\\/1.jpg\",\"width\":560,\"height\":352},{\"@type\":\"BreadcrumbList\",\"@id\":\"https:\\\/\\\/www.evropskakuca.me\\\/me\\\/halaceva-svako-mora-dati-svoj-doprinos\\\/#breadcrumb\",\"itemListElement\":[{\"@type\":\"ListItem\",\"position\":1,\"name\":\"Home\",\"item\":\"https:\\\/\\\/www.evropskakuca.me\\\/me\\\/\"},{\"@type\":\"ListItem\",\"position\":2,\"name\":\"Hala\u010deva: Svako mora dati svoj doprinos\"}]},{\"@type\":\"WebSite\",\"@id\":\"https:\\\/\\\/www.evropskakuca.me\\\/me\\\/#website\",\"url\":\"https:\\\/\\\/www.evropskakuca.me\\\/me\\\/\",\"name\":\"Evropean house\",\"description\":\"\",\"publisher\":{\"@id\":\"https:\\\/\\\/www.evropskakuca.me\\\/me\\\/#organization\"},\"potentialAction\":[{\"@type\":\"SearchAction\",\"target\":{\"@type\":\"EntryPoint\",\"urlTemplate\":\"https:\\\/\\\/www.evropskakuca.me\\\/me\\\/?s={search_term_string}\"},\"query-input\":{\"@type\":\"PropertyValueSpecification\",\"valueRequired\":true,\"valueName\":\"search_term_string\"}}],\"inLanguage\":\"me-ME\"},{\"@type\":\"Organization\",\"@id\":\"https:\\\/\\\/www.evropskakuca.me\\\/me\\\/#organization\",\"name\":\"Evropean house\",\"url\":\"https:\\\/\\\/www.evropskakuca.me\\\/me\\\/\",\"logo\":{\"@type\":\"ImageObject\",\"inLanguage\":\"me-ME\",\"@id\":\"https:\\\/\\\/www.evropskakuca.me\\\/me\\\/#\\\/schema\\\/logo\\\/image\\\/\",\"url\":\"https:\\\/\\\/www.evropskakuca.me\\\/wp-content\\\/uploads\\\/2025\\\/01\\\/evropska-kuca-logo-1.png\",\"contentUrl\":\"https:\\\/\\\/www.evropskakuca.me\\\/wp-content\\\/uploads\\\/2025\\\/01\\\/evropska-kuca-logo-1.png\",\"width\":425,\"height\":312,\"caption\":\"Evropean house\"},\"image\":{\"@id\":\"https:\\\/\\\/www.evropskakuca.me\\\/me\\\/#\\\/schema\\\/logo\\\/image\\\/\"},\"sameAs\":[\"https:\\\/\\\/www.facebook.com\\\/evropska.kuca\",\"https:\\\/\\\/x.com\\\/evropska_kuca\",\"https:\\\/\\\/www.instagram.com\\\/evropska_kuca\"]},{\"@type\":\"Person\",\"@id\":\"https:\\\/\\\/www.evropskakuca.me\\\/me\\\/#\\\/schema\\\/person\\\/a1d0dcdaefe4a1cd1d60d200ea137ba4\",\"name\":\"mkajic\",\"image\":{\"@type\":\"ImageObject\",\"inLanguage\":\"me-ME\",\"@id\":\"https:\\\/\\\/secure.gravatar.com\\\/avatar\\\/731fa035cefab7316e6bafd1f25a93fb731a07de14e2d9923f8db4422628eabc?s=96&d=mm&r=g\",\"url\":\"https:\\\/\\\/secure.gravatar.com\\\/avatar\\\/731fa035cefab7316e6bafd1f25a93fb731a07de14e2d9923f8db4422628eabc?s=96&d=mm&r=g\",\"contentUrl\":\"https:\\\/\\\/secure.gravatar.com\\\/avatar\\\/731fa035cefab7316e6bafd1f25a93fb731a07de14e2d9923f8db4422628eabc?s=96&d=mm&r=g\",\"caption\":\"mkajic\"},\"sameAs\":[\"https:\\\/\\\/evropskakuca.me\"],\"url\":\"https:\\\/\\\/www.evropskakuca.me\\\/me\\\/author\\\/mkajic\\\/\"}]}<\/script>\n<!-- \/ Yoast SEO plugin. -->","yoast_head_json":{"title":"Hala\u010deva: Svako mora dati svoj doprinos - Europe House","robots":{"index":"index","follow":"follow","max-snippet":"max-snippet:-1","max-image-preview":"max-image-preview:large","max-video-preview":"max-video-preview:-1"},"canonical":"https:\/\/www.evropskakuca.me\/me\/halaceva-svako-mora-dati-svoj-doprinos\/","og_locale":"en_US","og_type":"article","og_title":"Hala\u010deva: Svako mora dati svoj doprinos - Europe House","og_description":"Centralna akcija \u010di\u0161\u0107enja obala \u0161irom Crne Gore u okviru evropskog Dana \u010di\u0161\u0107enja obala, odr\u017eana je \u00a0pored jezera Krupac u Nik\u0161i\u0107u. Uz organizatore, obale vje\u0161ta\u010dkog jezera \u010distili su volonteri ali i predstavnici Delegacije Evropske unije u Crnoj Gori. Obilje\u017eavanje evropskog Dana \u010di\u0161\u0107enja obala postalo je tradicija u Crnoj Gori u kojoj je ove godine u\u010destvovalo nekoliko [&hellip;]","og_url":"https:\/\/www.evropskakuca.me\/me\/halaceva-svako-mora-dati-svoj-doprinos\/","og_site_name":"Europe House","article_publisher":"https:\/\/www.facebook.com\/evropska.kuca","article_published_time":"2019-10-04T08:47:30+00:00","og_image":[{"width":560,"height":352,"url":"https:\/\/www.evropskakuca.me\/wp-content\/uploads\/2015\/06\/1.jpg","type":"image\/jpeg"}],"author":"mkajic","twitter_card":"summary_large_image","twitter_creator":"@evropska_kuca","twitter_site":"@evropska_kuca","twitter_misc":{"Written by":"mkajic","Est. reading time":"2 minutes"},"schema":{"@context":"https:\/\/schema.org","@graph":[{"@type":"Article","@id":"https:\/\/www.evropskakuca.me\/me\/halaceva-svako-mora-dati-svoj-doprinos\/#article","isPartOf":{"@id":"https:\/\/www.evropskakuca.me\/me\/halaceva-svako-mora-dati-svoj-doprinos\/"},"author":{"name":"mkajic","@id":"https:\/\/www.evropskakuca.me\/me\/#\/schema\/person\/a1d0dcdaefe4a1cd1d60d200ea137ba4"},"headline":"Hala\u010deva: Svako mora dati svoj doprinos","datePublished":"2019-10-04T08:47:30+00:00","mainEntityOfPage":{"@id":"https:\/\/www.evropskakuca.me\/me\/halaceva-svako-mora-dati-svoj-doprinos\/"},"wordCount":502,"commentCount":0,"publisher":{"@id":"https:\/\/www.evropskakuca.me\/me\/#organization"},"image":{"@id":"https:\/\/www.evropskakuca.me\/me\/halaceva-svako-mora-dati-svoj-doprinos\/#primaryimage"},"thumbnailUrl":"https:\/\/www.evropskakuca.me\/wp-content\/uploads\/2015\/06\/1.jpg","inLanguage":"me-ME","potentialAction":[{"@type":"CommentAction","name":"Comment","target":["https:\/\/www.evropskakuca.me\/me\/halaceva-svako-mora-dati-svoj-doprinos\/#respond"]}]},{"@type":"WebPage","@id":"https:\/\/www.evropskakuca.me\/me\/halaceva-svako-mora-dati-svoj-doprinos\/","url":"https:\/\/www.evropskakuca.me\/me\/halaceva-svako-mora-dati-svoj-doprinos\/","name":"Hala\u010deva: Svako mora dati svoj doprinos - Europe House","isPartOf":{"@id":"https:\/\/www.evropskakuca.me\/me\/#website"},"primaryImageOfPage":{"@id":"https:\/\/www.evropskakuca.me\/me\/halaceva-svako-mora-dati-svoj-doprinos\/#primaryimage"},"image":{"@id":"https:\/\/www.evropskakuca.me\/me\/halaceva-svako-mora-dati-svoj-doprinos\/#primaryimage"},"thumbnailUrl":"https:\/\/www.evropskakuca.me\/wp-content\/uploads\/2015\/06\/1.jpg","datePublished":"2019-10-04T08:47:30+00:00","breadcrumb":{"@id":"https:\/\/www.evropskakuca.me\/me\/halaceva-svako-mora-dati-svoj-doprinos\/#breadcrumb"},"inLanguage":"me-ME","potentialAction":[{"@type":"ReadAction","target":["https:\/\/www.evropskakuca.me\/me\/halaceva-svako-mora-dati-svoj-doprinos\/"]}]},{"@type":"ImageObject","inLanguage":"me-ME","@id":"https:\/\/www.evropskakuca.me\/me\/halaceva-svako-mora-dati-svoj-doprinos\/#primaryimage","url":"https:\/\/www.evropskakuca.me\/wp-content\/uploads\/2015\/06\/1.jpg","contentUrl":"https:\/\/www.evropskakuca.me\/wp-content\/uploads\/2015\/06\/1.jpg","width":560,"height":352},{"@type":"BreadcrumbList","@id":"https:\/\/www.evropskakuca.me\/me\/halaceva-svako-mora-dati-svoj-doprinos\/#breadcrumb","itemListElement":[{"@type":"ListItem","position":1,"name":"Home","item":"https:\/\/www.evropskakuca.me\/me\/"},{"@type":"ListItem","position":2,"name":"Hala\u010deva: Svako mora dati svoj doprinos"}]},{"@type":"WebSite","@id":"https:\/\/www.evropskakuca.me\/me\/#website","url":"https:\/\/www.evropskakuca.me\/me\/","name":"Evropean house","description":"","publisher":{"@id":"https:\/\/www.evropskakuca.me\/me\/#organization"},"potentialAction":[{"@type":"SearchAction","target":{"@type":"EntryPoint","urlTemplate":"https:\/\/www.evropskakuca.me\/me\/?s={search_term_string}"},"query-input":{"@type":"PropertyValueSpecification","valueRequired":true,"valueName":"search_term_string"}}],"inLanguage":"me-ME"},{"@type":"Organization","@id":"https:\/\/www.evropskakuca.me\/me\/#organization","name":"Evropean house","url":"https:\/\/www.evropskakuca.me\/me\/","logo":{"@type":"ImageObject","inLanguage":"me-ME","@id":"https:\/\/www.evropskakuca.me\/me\/#\/schema\/logo\/image\/","url":"https:\/\/www.evropskakuca.me\/wp-content\/uploads\/2025\/01\/evropska-kuca-logo-1.png","contentUrl":"https:\/\/www.evropskakuca.me\/wp-content\/uploads\/2025\/01\/evropska-kuca-logo-1.png","width":425,"height":312,"caption":"Evropean house"},"image":{"@id":"https:\/\/www.evropskakuca.me\/me\/#\/schema\/logo\/image\/"},"sameAs":["https:\/\/www.facebook.com\/evropska.kuca","https:\/\/x.com\/evropska_kuca","https:\/\/www.instagram.com\/evropska_kuca"]},{"@type":"Person","@id":"https:\/\/www.evropskakuca.me\/me\/#\/schema\/person\/a1d0dcdaefe4a1cd1d60d200ea137ba4","name":"mkajic","image":{"@type":"ImageObject","inLanguage":"me-ME","@id":"https:\/\/secure.gravatar.com\/avatar\/731fa035cefab7316e6bafd1f25a93fb731a07de14e2d9923f8db4422628eabc?s=96&d=mm&r=g","url":"https:\/\/secure.gravatar.com\/avatar\/731fa035cefab7316e6bafd1f25a93fb731a07de14e2d9923f8db4422628eabc?s=96&d=mm&r=g","contentUrl":"https:\/\/secure.gravatar.com\/avatar\/731fa035cefab7316e6bafd1f25a93fb731a07de14e2d9923f8db4422628eabc?s=96&d=mm&r=g","caption":"mkajic"},"sameAs":["https:\/\/evropskakuca.me"],"url":"https:\/\/www.evropskakuca.me\/me\/author\/mkajic\/"}]}},"_links":{"self":[{"href":"https:\/\/www.evropskakuca.me\/me\/wp-json\/wp\/v2\/posts\/7231","targetHints":{"allow":["GET"]}}],"collection":[{"href":"https:\/\/www.evropskakuca.me\/me\/wp-json\/wp\/v2\/posts"}],"about":[{"href":"https:\/\/www.evropskakuca.me\/me\/wp-json\/wp\/v2\/types\/post"}],"author":[{"embeddable":true,"href":"https:\/\/www.evropskakuca.me\/me\/wp-json\/wp\/v2\/users\/1"}],"replies":[{"embeddable":true,"href":"https:\/\/www.evropskakuca.me\/me\/wp-json\/wp\/v2\/comments?post=7231"}],"version-history":[{"count":0,"href":"https:\/\/www.evropskakuca.me\/me\/wp-json\/wp\/v2\/posts\/7231\/revisions"}],"wp:featuredmedia":[{"embeddable":true,"href":"https:\/\/www.evropskakuca.me\/me\/wp-json\/wp\/v2\/media\/31168"}],"wp:attachment":[{"href":"https:\/\/www.evropskakuca.me\/me\/wp-json\/wp\/v2\/media?parent=7231"}],"wp:term":[{"taxonomy":"category","embeddable":true,"href":"https:\/\/www.evropskakuca.me\/me\/wp-json\/wp\/v2\/categories?post=7231"},{"taxonomy":"post_tag","embeddable":true,"href":"https:\/\/www.evropskakuca.me\/me\/wp-json\/wp\/v2\/tags?post=7231"}],"curies":[{"name":"wp","href":"https:\/\/api.w.org\/{rel}","templated":true}]}}