{"id":7221,"date":"2019-10-03T14:23:52","date_gmt":"2019-10-03T14:23:52","guid":{"rendered":"http:\/\/www.evropskakuca.me\/?p=7221"},"modified":"2019-10-03T14:23:52","modified_gmt":"2019-10-03T14:23:52","slug":"rezultati-ovogodisnjeg-evropskog-dana-ciscenja-obala-u-crnoj-gori","status":"publish","type":"post","link":"https:\/\/www.evropskakuca.me\/me\/rezultati-ovogodisnjeg-evropskog-dana-ciscenja-obala-u-crnoj-gori\/","title":{"rendered":"Rezultati ovogodi\u0161njeg Evropskog dana \u010di\u0161\u0107enja obala u Crnoj Gori"},"content":{"rendered":"<p>U performansu \u201cBijesni Posejdon\u201d volontera NVO Na\u0161a akcija, Bog mora je svoj bijes zbog otpada iskazao u EU info centru, na konferenciji za medije organizovanoj povodom predstavljanja preliminarnih rezultata \u010di\u0161\u0107enja obala mora, rijeka i jezera \u0161irom Crne Gore na Evropski dan \u010di\u0161\u0107enja obala.<\/p>\n<p>Rezultati su pora\u017eavaju\u0107i.<\/p>\n<p>U 11 crnogorskih op\u0161tina, na 15 lokacija, vi\u0161e od 560 volontera je sakupilo 5,9 tona otpada, odnosno 926 vre\u0107a otpada i \u010dak 240 automobilskih i kamionskih guma. Ovu obimnu akciju \u010di\u0161\u0107enja i ove godine je organizovala NVO Zero Waste Montenegro u partnerstvu sa NVO Na\u0161a akcija, pod pokroviteljstvom Delegacije Evropske unije u Crnoj Gori i EU info centra.<\/p>\n<p><img fetchpriority=\"high\" decoding=\"async\" class=\"alignnone size-large wp-image-7224\" src=\"http:\/\/www.evropskakuca.me\/wp-content\/uploads\/2019\/10\/2-002-1024x683.jpg\" alt=\"\" width=\"1024\" height=\"683\" \/><\/p>\n<p>&#8220;Evropska unija je lider kad je u pitanju za\u0161tita \u017eivotne sredine a pogotovo u borbi protiv plastike. Kao \u0161to znate, EU je ve\u0107 donijela odredbu za zabranu plastike za jednokratnu upotrebu koja \u0107e stupiti na snagu 2021.godine. U me\u0111uvremenu EU vodi sna\u017enu kampanju za podizanje svijesti gra\u0111ana o \u0161tetnosti plastike za na\u0161u prirodu, na\u0161a mora i na\u0161e zdravlje.\u201c, kazala je Nade\u017eda Drami\u0107anin iz Delegacije EU u Crnoj Gori.<\/p>\n<p>Predstavnici Delegacije EU u Crnoj Gori pomagali su u \u010di\u0161\u0107enju obale jezera Krupac u Nik\u0161i\u0107u. Tamo su, zajedno sa okupljenim volonterima, organizatorima iz NVO Zero Waste Montenegro i koordinatorima lokacije iz Ekolo\u0161kog pokreta Ozon, \u010distili mjesto na kome se ina\u010de odr\u017eava popularni muzi\u010dki festival.<\/p>\n<p>\u201cSvake godine u septembru, institucije i delegacije EU \u0161irom svijeta se pridru\u017euju me\u0111unarodnoj akciji \u010di\u0161\u0107enja obala. Cilj akcije je ne samo da o\u010distimo obale ve\u0107 i po\u0161aljemo poruku da svako od nas treba da \u017eivi svjesnije. To prvenstveno zna\u010di da manje koristimo plastku za jednokratnu upotrebu, poput slam\u010dica, plasti\u010dnih kesa, \u010da\u0161a, tanjira, ali i kad je koristimo, da je propisno odla\u017eemo i da recikliramo.\u201c, istakla je Drami\u0107anin na konferenciji za medije.<\/p>\n<p>Svake godine sve vi\u0161e otpada, posebno plastike, na\u0111e put do na\u0161ih obala. Na ovu \u010dinjenicu upozorili su volonteri NVO Na\u0161a akcija koji tvrde da je situacija na na\u0161im obalama kriti\u010dna jer se gotovo gu\u0161e u plastici.<\/p>\n<p>\u201cImamo dosta razu\u0111ene obale koja se ne \u010disti, i koja je u jako lo\u0161em stanju. To je problem kome treba urgentno posvetiti pa\u017enju\u201c, kazala je Patricija Pobri\u0107 iz NVO Na\u0161a akcija.<\/p>\n<p>Rezultati ove akcije predstavljaju jo\u0161 jedno upozorenje da su obale mora, rijeka i jezera u Crnoj Gori zatrpane sme\u0107em, posebno plastikom.<\/p>\n<p>\u201cSakupljeno je najvi\u0161e plasti\u010dnog otpada &#8211; 1775 kilograma, odnosno 51,60% u ukupnom uzorku. Ostali otpad \u010dini 755,5 kg (21.96%); zatim metalni otpad 408.80 kg (11,88%); staklo 228 kg (6.63%); organski otpad 221 kg (6,42%), i 52 kg papira (1.51%)\u201c, kazala je Sne\u017eana Marstijepovi\u0107 koja je u ime NVO Zero Waste Montenegro predstavila rezultate akcije \u010di\u0161\u0107enja i analizu otpada na lokacijama.<\/p>\n<p>Sakupljeni otpad \u0107e biti kategorizovan i dokumentovan kao dio globalne inicijative #BrandAudit2019. Dobijeni podaci \u0107e biti kori\u0161\u0107eni za sa\u010dinjavanje preporuka donosiocima odluka na lokalnom i dr\u017eavnom nivou, kao i proizvo\u0111a\u010dima u pogledu smanjenja otpada, njegovog sakupljanja, ponovne upotrebe i boljeg recikliranja.<\/p>\n","protected":false},"excerpt":{"rendered":"<p>U performansu \u201cBijesni Posejdon\u201d volontera NVO Na\u0161a akcija, Bog mora je svoj bijes zbog otpada iskazao u EU info centru, na konferenciji za medije organizovanoj povodom predstavljanja preliminarnih rezultata \u010di\u0161\u0107enja obala mora, rijeka i jezera \u0161irom Crne Gore na Evropski dan \u010di\u0161\u0107enja obala. Rezultati su pora\u017eavaju\u0107i. U 11 crnogorskih op\u0161tina, na 15 lokacija, vi\u0161e od [&hellip;]<\/p>\n","protected":false},"author":1,"featured_media":34579,"comment_status":"open","ping_status":"open","sticky":false,"template":"","format":"standard","meta":{"_acf_changed":false,"footnotes":""},"categories":[1],"tags":[],"class_list":["post-7221","post","type-post","status-publish","format-standard","has-post-thumbnail","hentry","category-uncategorized"],"acf":[],"yoast_head":"<!-- This site is optimized with the Yoast SEO plugin v27.3 - https:\/\/yoast.com\/product\/yoast-seo-wordpress\/ -->\n<title>Rezultati ovogodi\u0161njeg Evropskog dana \u010di\u0161\u0107enja obala u Crnoj Gori - Europe House<\/title>\n<meta name=\"robots\" content=\"index, follow, max-snippet:-1, max-image-preview:large, max-video-preview:-1\" \/>\n<link rel=\"canonical\" href=\"https:\/\/www.evropskakuca.me\/me\/rezultati-ovogodisnjeg-evropskog-dana-ciscenja-obala-u-crnoj-gori\/\" \/>\n<meta property=\"og:locale\" content=\"en_US\" \/>\n<meta property=\"og:type\" content=\"article\" \/>\n<meta property=\"og:title\" content=\"Rezultati ovogodi\u0161njeg Evropskog dana \u010di\u0161\u0107enja obala u Crnoj Gori - Europe House\" \/>\n<meta property=\"og:description\" content=\"U performansu \u201cBijesni Posejdon\u201d volontera NVO Na\u0161a akcija, Bog mora je svoj bijes zbog otpada iskazao u EU info centru, na konferenciji za medije organizovanoj povodom predstavljanja preliminarnih rezultata \u010di\u0161\u0107enja obala mora, rijeka i jezera \u0161irom Crne Gore na Evropski dan \u010di\u0161\u0107enja obala. Rezultati su pora\u017eavaju\u0107i. U 11 crnogorskih op\u0161tina, na 15 lokacija, vi\u0161e od [&hellip;]\" \/>\n<meta property=\"og:url\" content=\"https:\/\/www.evropskakuca.me\/me\/rezultati-ovogodisnjeg-evropskog-dana-ciscenja-obala-u-crnoj-gori\/\" \/>\n<meta property=\"og:site_name\" content=\"Europe House\" \/>\n<meta property=\"article:publisher\" content=\"https:\/\/www.facebook.com\/evropska.kuca\" \/>\n<meta property=\"article:published_time\" content=\"2019-10-03T14:23:52+00:00\" \/>\n<meta property=\"og:image\" content=\"https:\/\/www.evropskakuca.me\/wp-content\/uploads\/2019\/10\/1-002.jpg\" \/>\n\t<meta property=\"og:image:width\" content=\"2034\" \/>\n\t<meta property=\"og:image:height\" content=\"1415\" \/>\n\t<meta property=\"og:image:type\" content=\"image\/jpeg\" \/>\n<meta name=\"author\" content=\"mkajic\" \/>\n<meta name=\"twitter:card\" content=\"summary_large_image\" \/>\n<meta name=\"twitter:creator\" content=\"@evropska_kuca\" \/>\n<meta name=\"twitter:site\" content=\"@evropska_kuca\" \/>\n<meta name=\"twitter:label1\" content=\"Written by\" \/>\n\t<meta name=\"twitter:data1\" content=\"mkajic\" \/>\n\t<meta name=\"twitter:label2\" content=\"Est. reading time\" \/>\n\t<meta name=\"twitter:data2\" content=\"3 minutes\" \/>\n<script type=\"application\/ld+json\" class=\"yoast-schema-graph\">{\"@context\":\"https:\\\/\\\/schema.org\",\"@graph\":[{\"@type\":\"Article\",\"@id\":\"https:\\\/\\\/www.evropskakuca.me\\\/me\\\/rezultati-ovogodisnjeg-evropskog-dana-ciscenja-obala-u-crnoj-gori\\\/#article\",\"isPartOf\":{\"@id\":\"https:\\\/\\\/www.evropskakuca.me\\\/me\\\/rezultati-ovogodisnjeg-evropskog-dana-ciscenja-obala-u-crnoj-gori\\\/\"},\"author\":{\"name\":\"mkajic\",\"@id\":\"https:\\\/\\\/www.evropskakuca.me\\\/me\\\/#\\\/schema\\\/person\\\/a1d0dcdaefe4a1cd1d60d200ea137ba4\"},\"headline\":\"Rezultati ovogodi\u0161njeg Evropskog dana \u010di\u0161\u0107enja obala u Crnoj Gori\",\"datePublished\":\"2019-10-03T14:23:52+00:00\",\"mainEntityOfPage\":{\"@id\":\"https:\\\/\\\/www.evropskakuca.me\\\/me\\\/rezultati-ovogodisnjeg-evropskog-dana-ciscenja-obala-u-crnoj-gori\\\/\"},\"wordCount\":527,\"commentCount\":0,\"publisher\":{\"@id\":\"https:\\\/\\\/www.evropskakuca.me\\\/me\\\/#organization\"},\"image\":{\"@id\":\"https:\\\/\\\/www.evropskakuca.me\\\/me\\\/rezultati-ovogodisnjeg-evropskog-dana-ciscenja-obala-u-crnoj-gori\\\/#primaryimage\"},\"thumbnailUrl\":\"https:\\\/\\\/www.evropskakuca.me\\\/wp-content\\\/uploads\\\/2019\\\/10\\\/1-002.jpg\",\"inLanguage\":\"me-ME\",\"potentialAction\":[{\"@type\":\"CommentAction\",\"name\":\"Comment\",\"target\":[\"https:\\\/\\\/www.evropskakuca.me\\\/me\\\/rezultati-ovogodisnjeg-evropskog-dana-ciscenja-obala-u-crnoj-gori\\\/#respond\"]}]},{\"@type\":\"WebPage\",\"@id\":\"https:\\\/\\\/www.evropskakuca.me\\\/me\\\/rezultati-ovogodisnjeg-evropskog-dana-ciscenja-obala-u-crnoj-gori\\\/\",\"url\":\"https:\\\/\\\/www.evropskakuca.me\\\/me\\\/rezultati-ovogodisnjeg-evropskog-dana-ciscenja-obala-u-crnoj-gori\\\/\",\"name\":\"Rezultati ovogodi\u0161njeg Evropskog dana \u010di\u0161\u0107enja obala u Crnoj Gori - Europe House\",\"isPartOf\":{\"@id\":\"https:\\\/\\\/www.evropskakuca.me\\\/me\\\/#website\"},\"primaryImageOfPage\":{\"@id\":\"https:\\\/\\\/www.evropskakuca.me\\\/me\\\/rezultati-ovogodisnjeg-evropskog-dana-ciscenja-obala-u-crnoj-gori\\\/#primaryimage\"},\"image\":{\"@id\":\"https:\\\/\\\/www.evropskakuca.me\\\/me\\\/rezultati-ovogodisnjeg-evropskog-dana-ciscenja-obala-u-crnoj-gori\\\/#primaryimage\"},\"thumbnailUrl\":\"https:\\\/\\\/www.evropskakuca.me\\\/wp-content\\\/uploads\\\/2019\\\/10\\\/1-002.jpg\",\"datePublished\":\"2019-10-03T14:23:52+00:00\",\"breadcrumb\":{\"@id\":\"https:\\\/\\\/www.evropskakuca.me\\\/me\\\/rezultati-ovogodisnjeg-evropskog-dana-ciscenja-obala-u-crnoj-gori\\\/#breadcrumb\"},\"inLanguage\":\"me-ME\",\"potentialAction\":[{\"@type\":\"ReadAction\",\"target\":[\"https:\\\/\\\/www.evropskakuca.me\\\/me\\\/rezultati-ovogodisnjeg-evropskog-dana-ciscenja-obala-u-crnoj-gori\\\/\"]}]},{\"@type\":\"ImageObject\",\"inLanguage\":\"me-ME\",\"@id\":\"https:\\\/\\\/www.evropskakuca.me\\\/me\\\/rezultati-ovogodisnjeg-evropskog-dana-ciscenja-obala-u-crnoj-gori\\\/#primaryimage\",\"url\":\"https:\\\/\\\/www.evropskakuca.me\\\/wp-content\\\/uploads\\\/2019\\\/10\\\/1-002.jpg\",\"contentUrl\":\"https:\\\/\\\/www.evropskakuca.me\\\/wp-content\\\/uploads\\\/2019\\\/10\\\/1-002.jpg\",\"width\":2034,\"height\":1415},{\"@type\":\"BreadcrumbList\",\"@id\":\"https:\\\/\\\/www.evropskakuca.me\\\/me\\\/rezultati-ovogodisnjeg-evropskog-dana-ciscenja-obala-u-crnoj-gori\\\/#breadcrumb\",\"itemListElement\":[{\"@type\":\"ListItem\",\"position\":1,\"name\":\"Home\",\"item\":\"https:\\\/\\\/www.evropskakuca.me\\\/me\\\/\"},{\"@type\":\"ListItem\",\"position\":2,\"name\":\"Rezultati ovogodi\u0161njeg Evropskog dana \u010di\u0161\u0107enja obala u Crnoj Gori\"}]},{\"@type\":\"WebSite\",\"@id\":\"https:\\\/\\\/www.evropskakuca.me\\\/me\\\/#website\",\"url\":\"https:\\\/\\\/www.evropskakuca.me\\\/me\\\/\",\"name\":\"Evropean house\",\"description\":\"\",\"publisher\":{\"@id\":\"https:\\\/\\\/www.evropskakuca.me\\\/me\\\/#organization\"},\"potentialAction\":[{\"@type\":\"SearchAction\",\"target\":{\"@type\":\"EntryPoint\",\"urlTemplate\":\"https:\\\/\\\/www.evropskakuca.me\\\/me\\\/?s={search_term_string}\"},\"query-input\":{\"@type\":\"PropertyValueSpecification\",\"valueRequired\":true,\"valueName\":\"search_term_string\"}}],\"inLanguage\":\"me-ME\"},{\"@type\":\"Organization\",\"@id\":\"https:\\\/\\\/www.evropskakuca.me\\\/me\\\/#organization\",\"name\":\"Evropean house\",\"url\":\"https:\\\/\\\/www.evropskakuca.me\\\/me\\\/\",\"logo\":{\"@type\":\"ImageObject\",\"inLanguage\":\"me-ME\",\"@id\":\"https:\\\/\\\/www.evropskakuca.me\\\/me\\\/#\\\/schema\\\/logo\\\/image\\\/\",\"url\":\"https:\\\/\\\/www.evropskakuca.me\\\/wp-content\\\/uploads\\\/2025\\\/01\\\/evropska-kuca-logo-1.png\",\"contentUrl\":\"https:\\\/\\\/www.evropskakuca.me\\\/wp-content\\\/uploads\\\/2025\\\/01\\\/evropska-kuca-logo-1.png\",\"width\":425,\"height\":312,\"caption\":\"Evropean house\"},\"image\":{\"@id\":\"https:\\\/\\\/www.evropskakuca.me\\\/me\\\/#\\\/schema\\\/logo\\\/image\\\/\"},\"sameAs\":[\"https:\\\/\\\/www.facebook.com\\\/evropska.kuca\",\"https:\\\/\\\/x.com\\\/evropska_kuca\",\"https:\\\/\\\/www.instagram.com\\\/evropska_kuca\"]},{\"@type\":\"Person\",\"@id\":\"https:\\\/\\\/www.evropskakuca.me\\\/me\\\/#\\\/schema\\\/person\\\/a1d0dcdaefe4a1cd1d60d200ea137ba4\",\"name\":\"mkajic\",\"image\":{\"@type\":\"ImageObject\",\"inLanguage\":\"me-ME\",\"@id\":\"https:\\\/\\\/secure.gravatar.com\\\/avatar\\\/731fa035cefab7316e6bafd1f25a93fb731a07de14e2d9923f8db4422628eabc?s=96&d=mm&r=g\",\"url\":\"https:\\\/\\\/secure.gravatar.com\\\/avatar\\\/731fa035cefab7316e6bafd1f25a93fb731a07de14e2d9923f8db4422628eabc?s=96&d=mm&r=g\",\"contentUrl\":\"https:\\\/\\\/secure.gravatar.com\\\/avatar\\\/731fa035cefab7316e6bafd1f25a93fb731a07de14e2d9923f8db4422628eabc?s=96&d=mm&r=g\",\"caption\":\"mkajic\"},\"sameAs\":[\"https:\\\/\\\/evropskakuca.me\"],\"url\":\"https:\\\/\\\/www.evropskakuca.me\\\/me\\\/author\\\/mkajic\\\/\"}]}<\/script>\n<!-- \/ Yoast SEO plugin. -->","yoast_head_json":{"title":"Rezultati ovogodi\u0161njeg Evropskog dana \u010di\u0161\u0107enja obala u Crnoj Gori - Europe House","robots":{"index":"index","follow":"follow","max-snippet":"max-snippet:-1","max-image-preview":"max-image-preview:large","max-video-preview":"max-video-preview:-1"},"canonical":"https:\/\/www.evropskakuca.me\/me\/rezultati-ovogodisnjeg-evropskog-dana-ciscenja-obala-u-crnoj-gori\/","og_locale":"en_US","og_type":"article","og_title":"Rezultati ovogodi\u0161njeg Evropskog dana \u010di\u0161\u0107enja obala u Crnoj Gori - Europe House","og_description":"U performansu \u201cBijesni Posejdon\u201d volontera NVO Na\u0161a akcija, Bog mora je svoj bijes zbog otpada iskazao u EU info centru, na konferenciji za medije organizovanoj povodom predstavljanja preliminarnih rezultata \u010di\u0161\u0107enja obala mora, rijeka i jezera \u0161irom Crne Gore na Evropski dan \u010di\u0161\u0107enja obala. Rezultati su pora\u017eavaju\u0107i. U 11 crnogorskih op\u0161tina, na 15 lokacija, vi\u0161e od [&hellip;]","og_url":"https:\/\/www.evropskakuca.me\/me\/rezultati-ovogodisnjeg-evropskog-dana-ciscenja-obala-u-crnoj-gori\/","og_site_name":"Europe House","article_publisher":"https:\/\/www.facebook.com\/evropska.kuca","article_published_time":"2019-10-03T14:23:52+00:00","og_image":[{"width":2034,"height":1415,"url":"https:\/\/www.evropskakuca.me\/wp-content\/uploads\/2019\/10\/1-002.jpg","type":"image\/jpeg"}],"author":"mkajic","twitter_card":"summary_large_image","twitter_creator":"@evropska_kuca","twitter_site":"@evropska_kuca","twitter_misc":{"Written by":"mkajic","Est. reading time":"3 minutes"},"schema":{"@context":"https:\/\/schema.org","@graph":[{"@type":"Article","@id":"https:\/\/www.evropskakuca.me\/me\/rezultati-ovogodisnjeg-evropskog-dana-ciscenja-obala-u-crnoj-gori\/#article","isPartOf":{"@id":"https:\/\/www.evropskakuca.me\/me\/rezultati-ovogodisnjeg-evropskog-dana-ciscenja-obala-u-crnoj-gori\/"},"author":{"name":"mkajic","@id":"https:\/\/www.evropskakuca.me\/me\/#\/schema\/person\/a1d0dcdaefe4a1cd1d60d200ea137ba4"},"headline":"Rezultati ovogodi\u0161njeg Evropskog dana \u010di\u0161\u0107enja obala u Crnoj Gori","datePublished":"2019-10-03T14:23:52+00:00","mainEntityOfPage":{"@id":"https:\/\/www.evropskakuca.me\/me\/rezultati-ovogodisnjeg-evropskog-dana-ciscenja-obala-u-crnoj-gori\/"},"wordCount":527,"commentCount":0,"publisher":{"@id":"https:\/\/www.evropskakuca.me\/me\/#organization"},"image":{"@id":"https:\/\/www.evropskakuca.me\/me\/rezultati-ovogodisnjeg-evropskog-dana-ciscenja-obala-u-crnoj-gori\/#primaryimage"},"thumbnailUrl":"https:\/\/www.evropskakuca.me\/wp-content\/uploads\/2019\/10\/1-002.jpg","inLanguage":"me-ME","potentialAction":[{"@type":"CommentAction","name":"Comment","target":["https:\/\/www.evropskakuca.me\/me\/rezultati-ovogodisnjeg-evropskog-dana-ciscenja-obala-u-crnoj-gori\/#respond"]}]},{"@type":"WebPage","@id":"https:\/\/www.evropskakuca.me\/me\/rezultati-ovogodisnjeg-evropskog-dana-ciscenja-obala-u-crnoj-gori\/","url":"https:\/\/www.evropskakuca.me\/me\/rezultati-ovogodisnjeg-evropskog-dana-ciscenja-obala-u-crnoj-gori\/","name":"Rezultati ovogodi\u0161njeg Evropskog dana \u010di\u0161\u0107enja obala u Crnoj Gori - Europe House","isPartOf":{"@id":"https:\/\/www.evropskakuca.me\/me\/#website"},"primaryImageOfPage":{"@id":"https:\/\/www.evropskakuca.me\/me\/rezultati-ovogodisnjeg-evropskog-dana-ciscenja-obala-u-crnoj-gori\/#primaryimage"},"image":{"@id":"https:\/\/www.evropskakuca.me\/me\/rezultati-ovogodisnjeg-evropskog-dana-ciscenja-obala-u-crnoj-gori\/#primaryimage"},"thumbnailUrl":"https:\/\/www.evropskakuca.me\/wp-content\/uploads\/2019\/10\/1-002.jpg","datePublished":"2019-10-03T14:23:52+00:00","breadcrumb":{"@id":"https:\/\/www.evropskakuca.me\/me\/rezultati-ovogodisnjeg-evropskog-dana-ciscenja-obala-u-crnoj-gori\/#breadcrumb"},"inLanguage":"me-ME","potentialAction":[{"@type":"ReadAction","target":["https:\/\/www.evropskakuca.me\/me\/rezultati-ovogodisnjeg-evropskog-dana-ciscenja-obala-u-crnoj-gori\/"]}]},{"@type":"ImageObject","inLanguage":"me-ME","@id":"https:\/\/www.evropskakuca.me\/me\/rezultati-ovogodisnjeg-evropskog-dana-ciscenja-obala-u-crnoj-gori\/#primaryimage","url":"https:\/\/www.evropskakuca.me\/wp-content\/uploads\/2019\/10\/1-002.jpg","contentUrl":"https:\/\/www.evropskakuca.me\/wp-content\/uploads\/2019\/10\/1-002.jpg","width":2034,"height":1415},{"@type":"BreadcrumbList","@id":"https:\/\/www.evropskakuca.me\/me\/rezultati-ovogodisnjeg-evropskog-dana-ciscenja-obala-u-crnoj-gori\/#breadcrumb","itemListElement":[{"@type":"ListItem","position":1,"name":"Home","item":"https:\/\/www.evropskakuca.me\/me\/"},{"@type":"ListItem","position":2,"name":"Rezultati ovogodi\u0161njeg Evropskog dana \u010di\u0161\u0107enja obala u Crnoj Gori"}]},{"@type":"WebSite","@id":"https:\/\/www.evropskakuca.me\/me\/#website","url":"https:\/\/www.evropskakuca.me\/me\/","name":"Evropean house","description":"","publisher":{"@id":"https:\/\/www.evropskakuca.me\/me\/#organization"},"potentialAction":[{"@type":"SearchAction","target":{"@type":"EntryPoint","urlTemplate":"https:\/\/www.evropskakuca.me\/me\/?s={search_term_string}"},"query-input":{"@type":"PropertyValueSpecification","valueRequired":true,"valueName":"search_term_string"}}],"inLanguage":"me-ME"},{"@type":"Organization","@id":"https:\/\/www.evropskakuca.me\/me\/#organization","name":"Evropean house","url":"https:\/\/www.evropskakuca.me\/me\/","logo":{"@type":"ImageObject","inLanguage":"me-ME","@id":"https:\/\/www.evropskakuca.me\/me\/#\/schema\/logo\/image\/","url":"https:\/\/www.evropskakuca.me\/wp-content\/uploads\/2025\/01\/evropska-kuca-logo-1.png","contentUrl":"https:\/\/www.evropskakuca.me\/wp-content\/uploads\/2025\/01\/evropska-kuca-logo-1.png","width":425,"height":312,"caption":"Evropean house"},"image":{"@id":"https:\/\/www.evropskakuca.me\/me\/#\/schema\/logo\/image\/"},"sameAs":["https:\/\/www.facebook.com\/evropska.kuca","https:\/\/x.com\/evropska_kuca","https:\/\/www.instagram.com\/evropska_kuca"]},{"@type":"Person","@id":"https:\/\/www.evropskakuca.me\/me\/#\/schema\/person\/a1d0dcdaefe4a1cd1d60d200ea137ba4","name":"mkajic","image":{"@type":"ImageObject","inLanguage":"me-ME","@id":"https:\/\/secure.gravatar.com\/avatar\/731fa035cefab7316e6bafd1f25a93fb731a07de14e2d9923f8db4422628eabc?s=96&d=mm&r=g","url":"https:\/\/secure.gravatar.com\/avatar\/731fa035cefab7316e6bafd1f25a93fb731a07de14e2d9923f8db4422628eabc?s=96&d=mm&r=g","contentUrl":"https:\/\/secure.gravatar.com\/avatar\/731fa035cefab7316e6bafd1f25a93fb731a07de14e2d9923f8db4422628eabc?s=96&d=mm&r=g","caption":"mkajic"},"sameAs":["https:\/\/evropskakuca.me"],"url":"https:\/\/www.evropskakuca.me\/me\/author\/mkajic\/"}]}},"_links":{"self":[{"href":"https:\/\/www.evropskakuca.me\/me\/wp-json\/wp\/v2\/posts\/7221","targetHints":{"allow":["GET"]}}],"collection":[{"href":"https:\/\/www.evropskakuca.me\/me\/wp-json\/wp\/v2\/posts"}],"about":[{"href":"https:\/\/www.evropskakuca.me\/me\/wp-json\/wp\/v2\/types\/post"}],"author":[{"embeddable":true,"href":"https:\/\/www.evropskakuca.me\/me\/wp-json\/wp\/v2\/users\/1"}],"replies":[{"embeddable":true,"href":"https:\/\/www.evropskakuca.me\/me\/wp-json\/wp\/v2\/comments?post=7221"}],"version-history":[{"count":0,"href":"https:\/\/www.evropskakuca.me\/me\/wp-json\/wp\/v2\/posts\/7221\/revisions"}],"wp:featuredmedia":[{"embeddable":true,"href":"https:\/\/www.evropskakuca.me\/me\/wp-json\/wp\/v2\/media\/34579"}],"wp:attachment":[{"href":"https:\/\/www.evropskakuca.me\/me\/wp-json\/wp\/v2\/media?parent=7221"}],"wp:term":[{"taxonomy":"category","embeddable":true,"href":"https:\/\/www.evropskakuca.me\/me\/wp-json\/wp\/v2\/categories?post=7221"},{"taxonomy":"post_tag","embeddable":true,"href":"https:\/\/www.evropskakuca.me\/me\/wp-json\/wp\/v2\/tags?post=7221"}],"curies":[{"name":"wp","href":"https:\/\/api.w.org\/{rel}","templated":true}]}}