{"id":7190,"date":"2019-10-02T12:30:26","date_gmt":"2019-10-02T12:30:26","guid":{"rendered":"http:\/\/www.evropskakuca.me\/?p=7190"},"modified":"2019-10-02T12:30:26","modified_gmt":"2019-10-02T12:30:26","slug":"pobjednici-kviza-eumetrija-na-nagradnom-putovanju-u-belgiji","status":"publish","type":"post","link":"https:\/\/www.evropskakuca.me\/me\/pobjednici-kviza-eumetrija-na-nagradnom-putovanju-u-belgiji\/","title":{"rendered":"Pobjednici kviza \u201eEumetrija\u201c na nagradnom putovanju u Belgiji"},"content":{"rendered":"<p>Mladi Pljevljaci Aleksa Ku\u0161ljevi\u0107 i sestre Tamara i Aleksandra Miliki\u0107 upravo su se vratili sa petodnevnog putovanja u Belgiju. Zahvaljuju\u0107i vrhunskom znanju o Evropskoj uniji dobili su priliku da, zajedno sa profesoricom i mentorkom Maidom Deli\u0107, obi\u0111u Brisel, Bri\u017e i Gent. To znanje su pokazali na TV kvizu \u201eEUmetrija\u201c i osvojili prvo mjesto, a kao nagradu dobili su upravo ovo putovanje u srce Evropske unije.<\/p>\n<p>Vrijedni u\u010denici i u\u010denice pljevaljske gimnazije \u201eTanasije Pejatovi\u0107\u201c potvrdili su svoje poznavanje Evropske unije i tokom susreta sa briselskim zvani\u010dnicima. Bez gre\u0161ke su odgovarali na pitanja evropskog poslanika Predraga Freda Mati\u0107a, koji ih je ugostio u Evropskom parlamentu. Obi\u0161li su plenum na kome zakonodavno tijelo EU donosi najva\u017enije odluke i pro\u0161etali zgradom u kojoj radi vi\u0161e od 7 000 ljudi. Znanje o spoljnoj politici Evropske unije pokazali su i prilikom susreta sa Sanjom Marinkovi\u0107 iz Evropske slu\u017ebe za spoljne poslove, a ona im je objasnila \u0161ta ova slu\u017eba radi kako bi Zapadni Balkan, a time i Crnu Goru, pribli\u017eila stanovnicima zemalja \u010dlanica EU.<\/p>\n<p>O tome kako se konkretno vode pregovori izme\u0111u Crne Gore i Evropske unije, kao i dokle je na tom putu stigla na\u0161a zemlja, Aleksa, Tamara i Aleksandra razgovarali su sa Majom Smrkolj \u00a0iz Generalnog\u00a0direktorata\u00a0Evropske komisije za\u00a0politiku susjedstva i pregovore o\u00a0pro\u0161irenju. Kako pregovori izgledaju sa crnogorske strane, \u010duli su od \u0161efa Misije Crne Gore pri Evropskoj uniji Bojana \u00a0\u0160arki\u0107a, koga su posjetili u zgradi ambasade Crne Gore u Briselu.<\/p>\n<p><a href=\"http:\/\/www.evropskakuca.me\/wp-content\/uploads\/2019\/10\/Parlament-002.jpg\"><img fetchpriority=\"high\" decoding=\"async\" class=\"alignleft size-large wp-image-7195\" src=\"http:\/\/www.evropskakuca.me\/wp-content\/uploads\/2019\/10\/Parlament-002-1024x768.jpg\" alt=\"\" width=\"1024\" height=\"768\" \/><\/a><\/p>\n<p>\u201eU Briselu smo obi\u0161li sve institucije va\u017ene za funkcionisanje Evropske unije. Ovo je sjajno iskustvo i svima bih preporu\u010dio da se prijave za sljede\u0107i kviz, kako bi imali priliku da osvoje istu nagradu\u201c, rekao je Aleksa na povratku za Crnu Goru.<\/p>\n<p>Nakon brojnih sastanaka sa evropskim zvani\u010dnicima, pljevaljski maturanti su se sreli i sa svojim vr\u0161njacima \u2013 mladim evropskim ambasadorima. Od njih su \u010duli korisne savjete \u2013 gdje i kako mogu da se prijave na programe koje EU organizuje za mlade.<\/p>\n<p>\u201ePreporu\u010dila bih svima da se prijave za kviz &#8216;EUmetrija&#8217; jer, osim \u0161to \u0107e posjetiti Brisel i druge lijepe belgijske gradove, ima\u0107e priliku da saznaju vi\u0161e o mogu\u0107nostima za sticanje novih profesionalnih i obrazovnih iskustava u zemljama EU\u201c, glavni je utisak koji je Aleksandra podijelila nakon putovanja.<\/p>\n<p>Nakon sastanaka ostalo je vremena i za turisti\u010dke obilaske. Najvi\u0161e su im se dopali Bri\u017e i Gent, slikoviti gradi\u0107i nedaleko od Brisela.<\/p>\n<p><a href=\"http:\/\/www.evropskakuca.me\/wp-content\/uploads\/2019\/10\/Parlamentarijum-002.jpg\"><img decoding=\"async\" class=\"alignleft size-full wp-image-7193\" src=\"http:\/\/www.evropskakuca.me\/wp-content\/uploads\/2019\/10\/Parlamentarijum-002.jpg\" alt=\"\" width=\"720\" height=\"960\" \/><\/a><\/p>\n<p>\u201ePored institucija EU, posjetili smo zanimljivi Parlamentarijum i neobi\u010dni park Mini-Europe. U Briselu smo obi\u0161li najva\u017enije turisti\u010dke atrakcije poput trga Gran plas i bronzane statue Manekena Pisa. Nakon toga smo i\u0161li na jednodnevni izlet u Bri\u017e i Gent, koji su nam se jako dopali. Zahvaljujem svima koji su nam omogu\u0107ili ovaj put, i savjetujem srednjo\u0161kolcima da se prijave za ovaj kviz\u201c, rekla je Tamara.<\/p>\n<p>Kviz\u00a0\u201eEUmetrija\u201c realizovali su TV Vijesti i Centar za gra\u0111ansko obrazovanje (CGO) uz podr\u0161ku Delegacije Evropske unije u Crnoj Gori, EU Info centra, Ministarstva prosvjete, Ministarstva sporta i mladih, Kancelarije za evropske integracije i UNDP-ja.<\/p>\n","protected":false},"excerpt":{"rendered":"<p>Mladi Pljevljaci Aleksa Ku\u0161ljevi\u0107 i sestre Tamara i Aleksandra Miliki\u0107 upravo su se vratili sa petodnevnog putovanja u Belgiju. Zahvaljuju\u0107i vrhunskom znanju o Evropskoj uniji dobili su priliku da, zajedno sa profesoricom i mentorkom Maidom Deli\u0107, obi\u0111u Brisel, Bri\u017e i Gent. To znanje su pokazali na TV kvizu \u201eEUmetrija\u201c i osvojili prvo mjesto, a kao [&hellip;]<\/p>\n","protected":false},"author":1,"featured_media":34615,"comment_status":"open","ping_status":"open","sticky":false,"template":"","format":"standard","meta":{"_acf_changed":false,"footnotes":""},"categories":[1],"tags":[],"class_list":["post-7190","post","type-post","status-publish","format-standard","has-post-thumbnail","hentry","category-uncategorized"],"acf":[],"yoast_head":"<!-- This site is optimized with the Yoast SEO plugin v27.3 - https:\/\/yoast.com\/product\/yoast-seo-wordpress\/ -->\n<title>Pobjednici kviza \u201eEumetrija\u201c na nagradnom putovanju u Belgiji - Europe House<\/title>\n<meta name=\"robots\" content=\"index, follow, max-snippet:-1, max-image-preview:large, max-video-preview:-1\" \/>\n<link rel=\"canonical\" href=\"https:\/\/www.evropskakuca.me\/me\/pobjednici-kviza-eumetrija-na-nagradnom-putovanju-u-belgiji\/\" \/>\n<meta property=\"og:locale\" content=\"en_US\" \/>\n<meta property=\"og:type\" content=\"article\" \/>\n<meta property=\"og:title\" content=\"Pobjednici kviza \u201eEumetrija\u201c na nagradnom putovanju u Belgiji - Europe House\" \/>\n<meta property=\"og:description\" content=\"Mladi Pljevljaci Aleksa Ku\u0161ljevi\u0107 i sestre Tamara i Aleksandra Miliki\u0107 upravo su se vratili sa petodnevnog putovanja u Belgiju. Zahvaljuju\u0107i vrhunskom znanju o Evropskoj uniji dobili su priliku da, zajedno sa profesoricom i mentorkom Maidom Deli\u0107, obi\u0111u Brisel, Bri\u017e i Gent. To znanje su pokazali na TV kvizu \u201eEUmetrija\u201c i osvojili prvo mjesto, a kao [&hellip;]\" \/>\n<meta property=\"og:url\" content=\"https:\/\/www.evropskakuca.me\/me\/pobjednici-kviza-eumetrija-na-nagradnom-putovanju-u-belgiji\/\" \/>\n<meta property=\"og:site_name\" content=\"Europe House\" \/>\n<meta property=\"article:publisher\" content=\"https:\/\/www.facebook.com\/evropska.kuca\" \/>\n<meta property=\"article:published_time\" content=\"2019-10-02T12:30:26+00:00\" \/>\n<meta property=\"og:image\" content=\"https:\/\/www.evropskakuca.me\/wp-content\/uploads\/2019\/10\/Evropska-komisija-002.jpg\" \/>\n\t<meta property=\"og:image:width\" content=\"768\" \/>\n\t<meta property=\"og:image:height\" content=\"960\" \/>\n\t<meta property=\"og:image:type\" content=\"image\/jpeg\" \/>\n<meta name=\"author\" content=\"mkajic\" \/>\n<meta name=\"twitter:card\" content=\"summary_large_image\" \/>\n<meta name=\"twitter:creator\" content=\"@evropska_kuca\" \/>\n<meta name=\"twitter:site\" content=\"@evropska_kuca\" \/>\n<meta name=\"twitter:label1\" content=\"Written by\" \/>\n\t<meta name=\"twitter:data1\" content=\"mkajic\" \/>\n\t<meta name=\"twitter:label2\" content=\"Est. reading time\" \/>\n\t<meta name=\"twitter:data2\" content=\"3 minutes\" \/>\n<script type=\"application\/ld+json\" class=\"yoast-schema-graph\">{\"@context\":\"https:\\\/\\\/schema.org\",\"@graph\":[{\"@type\":\"Article\",\"@id\":\"https:\\\/\\\/www.evropskakuca.me\\\/me\\\/pobjednici-kviza-eumetrija-na-nagradnom-putovanju-u-belgiji\\\/#article\",\"isPartOf\":{\"@id\":\"https:\\\/\\\/www.evropskakuca.me\\\/me\\\/pobjednici-kviza-eumetrija-na-nagradnom-putovanju-u-belgiji\\\/\"},\"author\":{\"name\":\"mkajic\",\"@id\":\"https:\\\/\\\/www.evropskakuca.me\\\/me\\\/#\\\/schema\\\/person\\\/a1d0dcdaefe4a1cd1d60d200ea137ba4\"},\"headline\":\"Pobjednici kviza \u201eEumetrija\u201c na nagradnom putovanju u Belgiji\",\"datePublished\":\"2019-10-02T12:30:26+00:00\",\"mainEntityOfPage\":{\"@id\":\"https:\\\/\\\/www.evropskakuca.me\\\/me\\\/pobjednici-kviza-eumetrija-na-nagradnom-putovanju-u-belgiji\\\/\"},\"wordCount\":533,\"commentCount\":0,\"publisher\":{\"@id\":\"https:\\\/\\\/www.evropskakuca.me\\\/me\\\/#organization\"},\"image\":{\"@id\":\"https:\\\/\\\/www.evropskakuca.me\\\/me\\\/pobjednici-kviza-eumetrija-na-nagradnom-putovanju-u-belgiji\\\/#primaryimage\"},\"thumbnailUrl\":\"https:\\\/\\\/www.evropskakuca.me\\\/wp-content\\\/uploads\\\/2019\\\/10\\\/Evropska-komisija-002.jpg\",\"inLanguage\":\"me-ME\",\"potentialAction\":[{\"@type\":\"CommentAction\",\"name\":\"Comment\",\"target\":[\"https:\\\/\\\/www.evropskakuca.me\\\/me\\\/pobjednici-kviza-eumetrija-na-nagradnom-putovanju-u-belgiji\\\/#respond\"]}]},{\"@type\":\"WebPage\",\"@id\":\"https:\\\/\\\/www.evropskakuca.me\\\/me\\\/pobjednici-kviza-eumetrija-na-nagradnom-putovanju-u-belgiji\\\/\",\"url\":\"https:\\\/\\\/www.evropskakuca.me\\\/me\\\/pobjednici-kviza-eumetrija-na-nagradnom-putovanju-u-belgiji\\\/\",\"name\":\"Pobjednici kviza \u201eEumetrija\u201c na nagradnom putovanju u Belgiji - Europe House\",\"isPartOf\":{\"@id\":\"https:\\\/\\\/www.evropskakuca.me\\\/me\\\/#website\"},\"primaryImageOfPage\":{\"@id\":\"https:\\\/\\\/www.evropskakuca.me\\\/me\\\/pobjednici-kviza-eumetrija-na-nagradnom-putovanju-u-belgiji\\\/#primaryimage\"},\"image\":{\"@id\":\"https:\\\/\\\/www.evropskakuca.me\\\/me\\\/pobjednici-kviza-eumetrija-na-nagradnom-putovanju-u-belgiji\\\/#primaryimage\"},\"thumbnailUrl\":\"https:\\\/\\\/www.evropskakuca.me\\\/wp-content\\\/uploads\\\/2019\\\/10\\\/Evropska-komisija-002.jpg\",\"datePublished\":\"2019-10-02T12:30:26+00:00\",\"breadcrumb\":{\"@id\":\"https:\\\/\\\/www.evropskakuca.me\\\/me\\\/pobjednici-kviza-eumetrija-na-nagradnom-putovanju-u-belgiji\\\/#breadcrumb\"},\"inLanguage\":\"me-ME\",\"potentialAction\":[{\"@type\":\"ReadAction\",\"target\":[\"https:\\\/\\\/www.evropskakuca.me\\\/me\\\/pobjednici-kviza-eumetrija-na-nagradnom-putovanju-u-belgiji\\\/\"]}]},{\"@type\":\"ImageObject\",\"inLanguage\":\"me-ME\",\"@id\":\"https:\\\/\\\/www.evropskakuca.me\\\/me\\\/pobjednici-kviza-eumetrija-na-nagradnom-putovanju-u-belgiji\\\/#primaryimage\",\"url\":\"https:\\\/\\\/www.evropskakuca.me\\\/wp-content\\\/uploads\\\/2019\\\/10\\\/Evropska-komisija-002.jpg\",\"contentUrl\":\"https:\\\/\\\/www.evropskakuca.me\\\/wp-content\\\/uploads\\\/2019\\\/10\\\/Evropska-komisija-002.jpg\",\"width\":768,\"height\":960},{\"@type\":\"BreadcrumbList\",\"@id\":\"https:\\\/\\\/www.evropskakuca.me\\\/me\\\/pobjednici-kviza-eumetrija-na-nagradnom-putovanju-u-belgiji\\\/#breadcrumb\",\"itemListElement\":[{\"@type\":\"ListItem\",\"position\":1,\"name\":\"Home\",\"item\":\"https:\\\/\\\/www.evropskakuca.me\\\/me\\\/\"},{\"@type\":\"ListItem\",\"position\":2,\"name\":\"Pobjednici kviza \u201eEumetrija\u201c na nagradnom putovanju u Belgiji\"}]},{\"@type\":\"WebSite\",\"@id\":\"https:\\\/\\\/www.evropskakuca.me\\\/me\\\/#website\",\"url\":\"https:\\\/\\\/www.evropskakuca.me\\\/me\\\/\",\"name\":\"Evropean house\",\"description\":\"\",\"publisher\":{\"@id\":\"https:\\\/\\\/www.evropskakuca.me\\\/me\\\/#organization\"},\"potentialAction\":[{\"@type\":\"SearchAction\",\"target\":{\"@type\":\"EntryPoint\",\"urlTemplate\":\"https:\\\/\\\/www.evropskakuca.me\\\/me\\\/?s={search_term_string}\"},\"query-input\":{\"@type\":\"PropertyValueSpecification\",\"valueRequired\":true,\"valueName\":\"search_term_string\"}}],\"inLanguage\":\"me-ME\"},{\"@type\":\"Organization\",\"@id\":\"https:\\\/\\\/www.evropskakuca.me\\\/me\\\/#organization\",\"name\":\"Evropean house\",\"url\":\"https:\\\/\\\/www.evropskakuca.me\\\/me\\\/\",\"logo\":{\"@type\":\"ImageObject\",\"inLanguage\":\"me-ME\",\"@id\":\"https:\\\/\\\/www.evropskakuca.me\\\/me\\\/#\\\/schema\\\/logo\\\/image\\\/\",\"url\":\"https:\\\/\\\/www.evropskakuca.me\\\/wp-content\\\/uploads\\\/2025\\\/01\\\/evropska-kuca-logo-1.png\",\"contentUrl\":\"https:\\\/\\\/www.evropskakuca.me\\\/wp-content\\\/uploads\\\/2025\\\/01\\\/evropska-kuca-logo-1.png\",\"width\":425,\"height\":312,\"caption\":\"Evropean house\"},\"image\":{\"@id\":\"https:\\\/\\\/www.evropskakuca.me\\\/me\\\/#\\\/schema\\\/logo\\\/image\\\/\"},\"sameAs\":[\"https:\\\/\\\/www.facebook.com\\\/evropska.kuca\",\"https:\\\/\\\/x.com\\\/evropska_kuca\",\"https:\\\/\\\/www.instagram.com\\\/evropska_kuca\"]},{\"@type\":\"Person\",\"@id\":\"https:\\\/\\\/www.evropskakuca.me\\\/me\\\/#\\\/schema\\\/person\\\/a1d0dcdaefe4a1cd1d60d200ea137ba4\",\"name\":\"mkajic\",\"image\":{\"@type\":\"ImageObject\",\"inLanguage\":\"me-ME\",\"@id\":\"https:\\\/\\\/secure.gravatar.com\\\/avatar\\\/731fa035cefab7316e6bafd1f25a93fb731a07de14e2d9923f8db4422628eabc?s=96&d=mm&r=g\",\"url\":\"https:\\\/\\\/secure.gravatar.com\\\/avatar\\\/731fa035cefab7316e6bafd1f25a93fb731a07de14e2d9923f8db4422628eabc?s=96&d=mm&r=g\",\"contentUrl\":\"https:\\\/\\\/secure.gravatar.com\\\/avatar\\\/731fa035cefab7316e6bafd1f25a93fb731a07de14e2d9923f8db4422628eabc?s=96&d=mm&r=g\",\"caption\":\"mkajic\"},\"sameAs\":[\"https:\\\/\\\/evropskakuca.me\"],\"url\":\"https:\\\/\\\/www.evropskakuca.me\\\/me\\\/author\\\/mkajic\\\/\"}]}<\/script>\n<!-- \/ Yoast SEO plugin. -->","yoast_head_json":{"title":"Pobjednici kviza \u201eEumetrija\u201c na nagradnom putovanju u Belgiji - Europe House","robots":{"index":"index","follow":"follow","max-snippet":"max-snippet:-1","max-image-preview":"max-image-preview:large","max-video-preview":"max-video-preview:-1"},"canonical":"https:\/\/www.evropskakuca.me\/me\/pobjednici-kviza-eumetrija-na-nagradnom-putovanju-u-belgiji\/","og_locale":"en_US","og_type":"article","og_title":"Pobjednici kviza \u201eEumetrija\u201c na nagradnom putovanju u Belgiji - Europe House","og_description":"Mladi Pljevljaci Aleksa Ku\u0161ljevi\u0107 i sestre Tamara i Aleksandra Miliki\u0107 upravo su se vratili sa petodnevnog putovanja u Belgiju. Zahvaljuju\u0107i vrhunskom znanju o Evropskoj uniji dobili su priliku da, zajedno sa profesoricom i mentorkom Maidom Deli\u0107, obi\u0111u Brisel, Bri\u017e i Gent. To znanje su pokazali na TV kvizu \u201eEUmetrija\u201c i osvojili prvo mjesto, a kao [&hellip;]","og_url":"https:\/\/www.evropskakuca.me\/me\/pobjednici-kviza-eumetrija-na-nagradnom-putovanju-u-belgiji\/","og_site_name":"Europe House","article_publisher":"https:\/\/www.facebook.com\/evropska.kuca","article_published_time":"2019-10-02T12:30:26+00:00","og_image":[{"width":768,"height":960,"url":"https:\/\/www.evropskakuca.me\/wp-content\/uploads\/2019\/10\/Evropska-komisija-002.jpg","type":"image\/jpeg"}],"author":"mkajic","twitter_card":"summary_large_image","twitter_creator":"@evropska_kuca","twitter_site":"@evropska_kuca","twitter_misc":{"Written by":"mkajic","Est. reading time":"3 minutes"},"schema":{"@context":"https:\/\/schema.org","@graph":[{"@type":"Article","@id":"https:\/\/www.evropskakuca.me\/me\/pobjednici-kviza-eumetrija-na-nagradnom-putovanju-u-belgiji\/#article","isPartOf":{"@id":"https:\/\/www.evropskakuca.me\/me\/pobjednici-kviza-eumetrija-na-nagradnom-putovanju-u-belgiji\/"},"author":{"name":"mkajic","@id":"https:\/\/www.evropskakuca.me\/me\/#\/schema\/person\/a1d0dcdaefe4a1cd1d60d200ea137ba4"},"headline":"Pobjednici kviza \u201eEumetrija\u201c na nagradnom putovanju u Belgiji","datePublished":"2019-10-02T12:30:26+00:00","mainEntityOfPage":{"@id":"https:\/\/www.evropskakuca.me\/me\/pobjednici-kviza-eumetrija-na-nagradnom-putovanju-u-belgiji\/"},"wordCount":533,"commentCount":0,"publisher":{"@id":"https:\/\/www.evropskakuca.me\/me\/#organization"},"image":{"@id":"https:\/\/www.evropskakuca.me\/me\/pobjednici-kviza-eumetrija-na-nagradnom-putovanju-u-belgiji\/#primaryimage"},"thumbnailUrl":"https:\/\/www.evropskakuca.me\/wp-content\/uploads\/2019\/10\/Evropska-komisija-002.jpg","inLanguage":"me-ME","potentialAction":[{"@type":"CommentAction","name":"Comment","target":["https:\/\/www.evropskakuca.me\/me\/pobjednici-kviza-eumetrija-na-nagradnom-putovanju-u-belgiji\/#respond"]}]},{"@type":"WebPage","@id":"https:\/\/www.evropskakuca.me\/me\/pobjednici-kviza-eumetrija-na-nagradnom-putovanju-u-belgiji\/","url":"https:\/\/www.evropskakuca.me\/me\/pobjednici-kviza-eumetrija-na-nagradnom-putovanju-u-belgiji\/","name":"Pobjednici kviza \u201eEumetrija\u201c na nagradnom putovanju u Belgiji - Europe House","isPartOf":{"@id":"https:\/\/www.evropskakuca.me\/me\/#website"},"primaryImageOfPage":{"@id":"https:\/\/www.evropskakuca.me\/me\/pobjednici-kviza-eumetrija-na-nagradnom-putovanju-u-belgiji\/#primaryimage"},"image":{"@id":"https:\/\/www.evropskakuca.me\/me\/pobjednici-kviza-eumetrija-na-nagradnom-putovanju-u-belgiji\/#primaryimage"},"thumbnailUrl":"https:\/\/www.evropskakuca.me\/wp-content\/uploads\/2019\/10\/Evropska-komisija-002.jpg","datePublished":"2019-10-02T12:30:26+00:00","breadcrumb":{"@id":"https:\/\/www.evropskakuca.me\/me\/pobjednici-kviza-eumetrija-na-nagradnom-putovanju-u-belgiji\/#breadcrumb"},"inLanguage":"me-ME","potentialAction":[{"@type":"ReadAction","target":["https:\/\/www.evropskakuca.me\/me\/pobjednici-kviza-eumetrija-na-nagradnom-putovanju-u-belgiji\/"]}]},{"@type":"ImageObject","inLanguage":"me-ME","@id":"https:\/\/www.evropskakuca.me\/me\/pobjednici-kviza-eumetrija-na-nagradnom-putovanju-u-belgiji\/#primaryimage","url":"https:\/\/www.evropskakuca.me\/wp-content\/uploads\/2019\/10\/Evropska-komisija-002.jpg","contentUrl":"https:\/\/www.evropskakuca.me\/wp-content\/uploads\/2019\/10\/Evropska-komisija-002.jpg","width":768,"height":960},{"@type":"BreadcrumbList","@id":"https:\/\/www.evropskakuca.me\/me\/pobjednici-kviza-eumetrija-na-nagradnom-putovanju-u-belgiji\/#breadcrumb","itemListElement":[{"@type":"ListItem","position":1,"name":"Home","item":"https:\/\/www.evropskakuca.me\/me\/"},{"@type":"ListItem","position":2,"name":"Pobjednici kviza \u201eEumetrija\u201c na nagradnom putovanju u Belgiji"}]},{"@type":"WebSite","@id":"https:\/\/www.evropskakuca.me\/me\/#website","url":"https:\/\/www.evropskakuca.me\/me\/","name":"Evropean house","description":"","publisher":{"@id":"https:\/\/www.evropskakuca.me\/me\/#organization"},"potentialAction":[{"@type":"SearchAction","target":{"@type":"EntryPoint","urlTemplate":"https:\/\/www.evropskakuca.me\/me\/?s={search_term_string}"},"query-input":{"@type":"PropertyValueSpecification","valueRequired":true,"valueName":"search_term_string"}}],"inLanguage":"me-ME"},{"@type":"Organization","@id":"https:\/\/www.evropskakuca.me\/me\/#organization","name":"Evropean house","url":"https:\/\/www.evropskakuca.me\/me\/","logo":{"@type":"ImageObject","inLanguage":"me-ME","@id":"https:\/\/www.evropskakuca.me\/me\/#\/schema\/logo\/image\/","url":"https:\/\/www.evropskakuca.me\/wp-content\/uploads\/2025\/01\/evropska-kuca-logo-1.png","contentUrl":"https:\/\/www.evropskakuca.me\/wp-content\/uploads\/2025\/01\/evropska-kuca-logo-1.png","width":425,"height":312,"caption":"Evropean house"},"image":{"@id":"https:\/\/www.evropskakuca.me\/me\/#\/schema\/logo\/image\/"},"sameAs":["https:\/\/www.facebook.com\/evropska.kuca","https:\/\/x.com\/evropska_kuca","https:\/\/www.instagram.com\/evropska_kuca"]},{"@type":"Person","@id":"https:\/\/www.evropskakuca.me\/me\/#\/schema\/person\/a1d0dcdaefe4a1cd1d60d200ea137ba4","name":"mkajic","image":{"@type":"ImageObject","inLanguage":"me-ME","@id":"https:\/\/secure.gravatar.com\/avatar\/731fa035cefab7316e6bafd1f25a93fb731a07de14e2d9923f8db4422628eabc?s=96&d=mm&r=g","url":"https:\/\/secure.gravatar.com\/avatar\/731fa035cefab7316e6bafd1f25a93fb731a07de14e2d9923f8db4422628eabc?s=96&d=mm&r=g","contentUrl":"https:\/\/secure.gravatar.com\/avatar\/731fa035cefab7316e6bafd1f25a93fb731a07de14e2d9923f8db4422628eabc?s=96&d=mm&r=g","caption":"mkajic"},"sameAs":["https:\/\/evropskakuca.me"],"url":"https:\/\/www.evropskakuca.me\/me\/author\/mkajic\/"}]}},"_links":{"self":[{"href":"https:\/\/www.evropskakuca.me\/me\/wp-json\/wp\/v2\/posts\/7190","targetHints":{"allow":["GET"]}}],"collection":[{"href":"https:\/\/www.evropskakuca.me\/me\/wp-json\/wp\/v2\/posts"}],"about":[{"href":"https:\/\/www.evropskakuca.me\/me\/wp-json\/wp\/v2\/types\/post"}],"author":[{"embeddable":true,"href":"https:\/\/www.evropskakuca.me\/me\/wp-json\/wp\/v2\/users\/1"}],"replies":[{"embeddable":true,"href":"https:\/\/www.evropskakuca.me\/me\/wp-json\/wp\/v2\/comments?post=7190"}],"version-history":[{"count":0,"href":"https:\/\/www.evropskakuca.me\/me\/wp-json\/wp\/v2\/posts\/7190\/revisions"}],"wp:featuredmedia":[{"embeddable":true,"href":"https:\/\/www.evropskakuca.me\/me\/wp-json\/wp\/v2\/media\/34615"}],"wp:attachment":[{"href":"https:\/\/www.evropskakuca.me\/me\/wp-json\/wp\/v2\/media?parent=7190"}],"wp:term":[{"taxonomy":"category","embeddable":true,"href":"https:\/\/www.evropskakuca.me\/me\/wp-json\/wp\/v2\/categories?post=7190"},{"taxonomy":"post_tag","embeddable":true,"href":"https:\/\/www.evropskakuca.me\/me\/wp-json\/wp\/v2\/tags?post=7190"}],"curies":[{"name":"wp","href":"https:\/\/api.w.org\/{rel}","templated":true}]}}