{"id":7180,"date":"2019-09-30T08:20:36","date_gmt":"2019-09-30T08:20:36","guid":{"rendered":"http:\/\/www.evropskakuca.me\/?p=7180"},"modified":"2019-09-30T08:20:36","modified_gmt":"2019-09-30T08:20:36","slug":"vise-jezika-vise-prijatelja","status":"publish","type":"post","link":"https:\/\/www.evropskakuca.me\/me\/vise-jezika-vise-prijatelja\/","title":{"rendered":"Vi\u0161e jezika, vi\u0161e prijatelja"},"content":{"rendered":"<p>Povodom obilje\u017eavanja Evropskog dana jezika, Generalni sekretarijat Vlade je organizovao online takmi\u010denje za u\u010denike crnogorskih osnovnih \u0161kola iz engleskog, francuskog, italijanskog, njema\u010dkog i ruskog jezika, na kom je u\u010destvovalo 435 u\u010denika. Za 15 najboljih takmi\u010dara obezbije\u0111ene su nagrade koje su im uru\u010dene u prostorijama EU Info Centra.<\/p>\n<p>Evropska unija nastoji da gra\u0111anima, na 24 zvani\u010dna jezika, obezbijedi neophodne informacije o pravima, obavezama i mogu\u0107nostima, a izu\u010davanje jezika treba da bude va\u017ean dio formalnog i neformalnog obrazovanja crnogorskih u\u010denika, poru\u010deno je sa ceremonije dodjele nagrada.<\/p>\n<p><a href=\"http:\/\/www.evropskakuca.me\/wp-content\/uploads\/2019\/09\/nagrade-68.jpg\"><img fetchpriority=\"high\" decoding=\"async\" class=\"alignleft size-large wp-image-7183\" src=\"http:\/\/www.evropskakuca.me\/wp-content\/uploads\/2019\/09\/nagrade-68-1024x683.jpg\" alt=\"\" width=\"1024\" height=\"683\" \/><\/a><\/p>\n<p>EU Ambasador u Crnoj Gori, Aivo Orav, pozdravljaju\u0107i dobitnike nagrada, kazao je da su, od 200 jezika na evropskom kontinentu, 24 zvani\u010dna EU, i dodao da svi trebaju da ih u\u010de.<\/p>\n<p>\u201cOvo je prilika da razvijemo svijest o u\u010denju jezika i da slavimo jezi\u010dko nasle\u0111e evropske zajednice. Poznavanje nekoliko rije\u010di jezika dr\u017eave koju posje\u0107ujete omogu\u0107i \u0107e vam da steknete nova prijteljstva i poznanstva\u201c, rekao je Orav.<\/p>\n<p>Govore\u0107i vi\u0161e od jednog jezika, kako je naveo, stvara se mogu\u0107nost da se lak\u0161e pove\u017eemo sa ljudima i da lak\u0161e na\u0111emo posao. Orav je istakao da mu je drago \u0161to je Crna Gora odlu\u010dila da se pridru\u017ei aktivnostima koje \u0107e ove godine obilje\u017eiti taj bitan datum.<\/p>\n<p>Zamjenik glavnog pregovara\u010da Marko Mrdak kazao je da je Evropski dan jezika prvi put obilje\u017een 2001. godine, kako bi zajedeno ukazali na bogatstvo evropske kulture i raznolikost jezika.<\/p>\n<p>\u201cJezik je polazna ta\u010dka za razvoj kulture i on prenosi specifi\u010dnosti odre\u0111ene nacije i podneblja, prave\u0107i ambijent ljep\u0161im\u201c, istakao je Mrdak. EU, kako je rekao, nastoji da obezbijedi sve neophodne informacije svojim gra\u0111anima o pravima i obavezama, ali o mogu\u0107nostima koje one pru\u017ea.<\/p>\n<p>On je izrazio nadu da \u0107e crnogorski gra\u0111ani uskoro biti i gra\u0111ani EU i zbog toga treba da na najbolji na\u010din do\u0111u do znanja stranih jezika, kako bi iskoristili sve \u0161to EU pru\u017ea.<\/p>\n","protected":false},"excerpt":{"rendered":"<p>Povodom obilje\u017eavanja Evropskog dana jezika, Generalni sekretarijat Vlade je organizovao online takmi\u010denje za u\u010denike crnogorskih osnovnih \u0161kola iz engleskog, francuskog, italijanskog, njema\u010dkog i ruskog jezika, na kom je u\u010destvovalo 435 u\u010denika. Za 15 najboljih takmi\u010dara obezbije\u0111ene su nagrade koje su im uru\u010dene u prostorijama EU Info Centra. Evropska unija nastoji da gra\u0111anima, na 24 zvani\u010dna [&hellip;]<\/p>\n","protected":false},"author":1,"featured_media":34563,"comment_status":"open","ping_status":"open","sticky":false,"template":"","format":"standard","meta":{"_acf_changed":false,"footnotes":""},"categories":[1],"tags":[],"class_list":["post-7180","post","type-post","status-publish","format-standard","has-post-thumbnail","hentry","category-uncategorized"],"acf":[],"yoast_head":"<!-- This site is optimized with the Yoast SEO plugin v27.3 - https:\/\/yoast.com\/product\/yoast-seo-wordpress\/ -->\n<title>Vi\u0161e jezika, vi\u0161e prijatelja - Europe House<\/title>\n<meta name=\"robots\" content=\"index, follow, max-snippet:-1, max-image-preview:large, max-video-preview:-1\" \/>\n<link rel=\"canonical\" href=\"https:\/\/www.evropskakuca.me\/me\/vise-jezika-vise-prijatelja\/\" \/>\n<meta property=\"og:locale\" content=\"en_US\" \/>\n<meta property=\"og:type\" content=\"article\" \/>\n<meta property=\"og:title\" content=\"Vi\u0161e jezika, vi\u0161e prijatelja - Europe House\" \/>\n<meta property=\"og:description\" content=\"Povodom obilje\u017eavanja Evropskog dana jezika, Generalni sekretarijat Vlade je organizovao online takmi\u010denje za u\u010denike crnogorskih osnovnih \u0161kola iz engleskog, francuskog, italijanskog, njema\u010dkog i ruskog jezika, na kom je u\u010destvovalo 435 u\u010denika. Za 15 najboljih takmi\u010dara obezbije\u0111ene su nagrade koje su im uru\u010dene u prostorijama EU Info Centra. Evropska unija nastoji da gra\u0111anima, na 24 zvani\u010dna [&hellip;]\" \/>\n<meta property=\"og:url\" content=\"https:\/\/www.evropskakuca.me\/me\/vise-jezika-vise-prijatelja\/\" \/>\n<meta property=\"og:site_name\" content=\"Europe House\" \/>\n<meta property=\"article:publisher\" content=\"https:\/\/www.facebook.com\/evropska.kuca\" \/>\n<meta property=\"article:published_time\" content=\"2019-09-30T08:20:36+00:00\" \/>\n<meta property=\"og:image\" content=\"https:\/\/www.evropskakuca.me\/wp-content\/uploads\/2019\/09\/nagrade-59-scaled.jpg\" \/>\n\t<meta property=\"og:image:width\" content=\"2560\" \/>\n\t<meta property=\"og:image:height\" content=\"1707\" \/>\n\t<meta property=\"og:image:type\" content=\"image\/jpeg\" \/>\n<meta name=\"author\" content=\"mkajic\" \/>\n<meta name=\"twitter:card\" content=\"summary_large_image\" \/>\n<meta name=\"twitter:creator\" content=\"@evropska_kuca\" \/>\n<meta name=\"twitter:site\" content=\"@evropska_kuca\" \/>\n<meta name=\"twitter:label1\" content=\"Written by\" \/>\n\t<meta name=\"twitter:data1\" content=\"mkajic\" \/>\n\t<meta name=\"twitter:label2\" content=\"Est. reading time\" \/>\n\t<meta name=\"twitter:data2\" content=\"2 minutes\" \/>\n<script type=\"application\/ld+json\" class=\"yoast-schema-graph\">{\"@context\":\"https:\\\/\\\/schema.org\",\"@graph\":[{\"@type\":\"Article\",\"@id\":\"https:\\\/\\\/www.evropskakuca.me\\\/me\\\/vise-jezika-vise-prijatelja\\\/#article\",\"isPartOf\":{\"@id\":\"https:\\\/\\\/www.evropskakuca.me\\\/me\\\/vise-jezika-vise-prijatelja\\\/\"},\"author\":{\"name\":\"mkajic\",\"@id\":\"https:\\\/\\\/www.evropskakuca.me\\\/me\\\/#\\\/schema\\\/person\\\/a1d0dcdaefe4a1cd1d60d200ea137ba4\"},\"headline\":\"Vi\u0161e jezika, vi\u0161e prijatelja\",\"datePublished\":\"2019-09-30T08:20:36+00:00\",\"mainEntityOfPage\":{\"@id\":\"https:\\\/\\\/www.evropskakuca.me\\\/me\\\/vise-jezika-vise-prijatelja\\\/\"},\"wordCount\":351,\"commentCount\":0,\"publisher\":{\"@id\":\"https:\\\/\\\/www.evropskakuca.me\\\/me\\\/#organization\"},\"image\":{\"@id\":\"https:\\\/\\\/www.evropskakuca.me\\\/me\\\/vise-jezika-vise-prijatelja\\\/#primaryimage\"},\"thumbnailUrl\":\"https:\\\/\\\/www.evropskakuca.me\\\/wp-content\\\/uploads\\\/2019\\\/09\\\/nagrade-59-scaled.jpg\",\"inLanguage\":\"me-ME\",\"potentialAction\":[{\"@type\":\"CommentAction\",\"name\":\"Comment\",\"target\":[\"https:\\\/\\\/www.evropskakuca.me\\\/me\\\/vise-jezika-vise-prijatelja\\\/#respond\"]}]},{\"@type\":\"WebPage\",\"@id\":\"https:\\\/\\\/www.evropskakuca.me\\\/me\\\/vise-jezika-vise-prijatelja\\\/\",\"url\":\"https:\\\/\\\/www.evropskakuca.me\\\/me\\\/vise-jezika-vise-prijatelja\\\/\",\"name\":\"Vi\u0161e jezika, vi\u0161e prijatelja - Europe House\",\"isPartOf\":{\"@id\":\"https:\\\/\\\/www.evropskakuca.me\\\/me\\\/#website\"},\"primaryImageOfPage\":{\"@id\":\"https:\\\/\\\/www.evropskakuca.me\\\/me\\\/vise-jezika-vise-prijatelja\\\/#primaryimage\"},\"image\":{\"@id\":\"https:\\\/\\\/www.evropskakuca.me\\\/me\\\/vise-jezika-vise-prijatelja\\\/#primaryimage\"},\"thumbnailUrl\":\"https:\\\/\\\/www.evropskakuca.me\\\/wp-content\\\/uploads\\\/2019\\\/09\\\/nagrade-59-scaled.jpg\",\"datePublished\":\"2019-09-30T08:20:36+00:00\",\"breadcrumb\":{\"@id\":\"https:\\\/\\\/www.evropskakuca.me\\\/me\\\/vise-jezika-vise-prijatelja\\\/#breadcrumb\"},\"inLanguage\":\"me-ME\",\"potentialAction\":[{\"@type\":\"ReadAction\",\"target\":[\"https:\\\/\\\/www.evropskakuca.me\\\/me\\\/vise-jezika-vise-prijatelja\\\/\"]}]},{\"@type\":\"ImageObject\",\"inLanguage\":\"me-ME\",\"@id\":\"https:\\\/\\\/www.evropskakuca.me\\\/me\\\/vise-jezika-vise-prijatelja\\\/#primaryimage\",\"url\":\"https:\\\/\\\/www.evropskakuca.me\\\/wp-content\\\/uploads\\\/2019\\\/09\\\/nagrade-59-scaled.jpg\",\"contentUrl\":\"https:\\\/\\\/www.evropskakuca.me\\\/wp-content\\\/uploads\\\/2019\\\/09\\\/nagrade-59-scaled.jpg\",\"width\":2560,\"height\":1707},{\"@type\":\"BreadcrumbList\",\"@id\":\"https:\\\/\\\/www.evropskakuca.me\\\/me\\\/vise-jezika-vise-prijatelja\\\/#breadcrumb\",\"itemListElement\":[{\"@type\":\"ListItem\",\"position\":1,\"name\":\"Home\",\"item\":\"https:\\\/\\\/www.evropskakuca.me\\\/me\\\/\"},{\"@type\":\"ListItem\",\"position\":2,\"name\":\"Vi\u0161e jezika, vi\u0161e prijatelja\"}]},{\"@type\":\"WebSite\",\"@id\":\"https:\\\/\\\/www.evropskakuca.me\\\/me\\\/#website\",\"url\":\"https:\\\/\\\/www.evropskakuca.me\\\/me\\\/\",\"name\":\"Evropean house\",\"description\":\"\",\"publisher\":{\"@id\":\"https:\\\/\\\/www.evropskakuca.me\\\/me\\\/#organization\"},\"potentialAction\":[{\"@type\":\"SearchAction\",\"target\":{\"@type\":\"EntryPoint\",\"urlTemplate\":\"https:\\\/\\\/www.evropskakuca.me\\\/me\\\/?s={search_term_string}\"},\"query-input\":{\"@type\":\"PropertyValueSpecification\",\"valueRequired\":true,\"valueName\":\"search_term_string\"}}],\"inLanguage\":\"me-ME\"},{\"@type\":\"Organization\",\"@id\":\"https:\\\/\\\/www.evropskakuca.me\\\/me\\\/#organization\",\"name\":\"Evropean house\",\"url\":\"https:\\\/\\\/www.evropskakuca.me\\\/me\\\/\",\"logo\":{\"@type\":\"ImageObject\",\"inLanguage\":\"me-ME\",\"@id\":\"https:\\\/\\\/www.evropskakuca.me\\\/me\\\/#\\\/schema\\\/logo\\\/image\\\/\",\"url\":\"https:\\\/\\\/www.evropskakuca.me\\\/wp-content\\\/uploads\\\/2025\\\/01\\\/evropska-kuca-logo-1.png\",\"contentUrl\":\"https:\\\/\\\/www.evropskakuca.me\\\/wp-content\\\/uploads\\\/2025\\\/01\\\/evropska-kuca-logo-1.png\",\"width\":425,\"height\":312,\"caption\":\"Evropean house\"},\"image\":{\"@id\":\"https:\\\/\\\/www.evropskakuca.me\\\/me\\\/#\\\/schema\\\/logo\\\/image\\\/\"},\"sameAs\":[\"https:\\\/\\\/www.facebook.com\\\/evropska.kuca\",\"https:\\\/\\\/x.com\\\/evropska_kuca\",\"https:\\\/\\\/www.instagram.com\\\/evropska_kuca\"]},{\"@type\":\"Person\",\"@id\":\"https:\\\/\\\/www.evropskakuca.me\\\/me\\\/#\\\/schema\\\/person\\\/a1d0dcdaefe4a1cd1d60d200ea137ba4\",\"name\":\"mkajic\",\"image\":{\"@type\":\"ImageObject\",\"inLanguage\":\"me-ME\",\"@id\":\"https:\\\/\\\/secure.gravatar.com\\\/avatar\\\/731fa035cefab7316e6bafd1f25a93fb731a07de14e2d9923f8db4422628eabc?s=96&d=mm&r=g\",\"url\":\"https:\\\/\\\/secure.gravatar.com\\\/avatar\\\/731fa035cefab7316e6bafd1f25a93fb731a07de14e2d9923f8db4422628eabc?s=96&d=mm&r=g\",\"contentUrl\":\"https:\\\/\\\/secure.gravatar.com\\\/avatar\\\/731fa035cefab7316e6bafd1f25a93fb731a07de14e2d9923f8db4422628eabc?s=96&d=mm&r=g\",\"caption\":\"mkajic\"},\"sameAs\":[\"https:\\\/\\\/evropskakuca.me\"],\"url\":\"https:\\\/\\\/www.evropskakuca.me\\\/me\\\/author\\\/mkajic\\\/\"}]}<\/script>\n<!-- \/ Yoast SEO plugin. -->","yoast_head_json":{"title":"Vi\u0161e jezika, vi\u0161e prijatelja - Europe House","robots":{"index":"index","follow":"follow","max-snippet":"max-snippet:-1","max-image-preview":"max-image-preview:large","max-video-preview":"max-video-preview:-1"},"canonical":"https:\/\/www.evropskakuca.me\/me\/vise-jezika-vise-prijatelja\/","og_locale":"en_US","og_type":"article","og_title":"Vi\u0161e jezika, vi\u0161e prijatelja - Europe House","og_description":"Povodom obilje\u017eavanja Evropskog dana jezika, Generalni sekretarijat Vlade je organizovao online takmi\u010denje za u\u010denike crnogorskih osnovnih \u0161kola iz engleskog, francuskog, italijanskog, njema\u010dkog i ruskog jezika, na kom je u\u010destvovalo 435 u\u010denika. Za 15 najboljih takmi\u010dara obezbije\u0111ene su nagrade koje su im uru\u010dene u prostorijama EU Info Centra. Evropska unija nastoji da gra\u0111anima, na 24 zvani\u010dna [&hellip;]","og_url":"https:\/\/www.evropskakuca.me\/me\/vise-jezika-vise-prijatelja\/","og_site_name":"Europe House","article_publisher":"https:\/\/www.facebook.com\/evropska.kuca","article_published_time":"2019-09-30T08:20:36+00:00","og_image":[{"width":2560,"height":1707,"url":"https:\/\/www.evropskakuca.me\/wp-content\/uploads\/2019\/09\/nagrade-59-scaled.jpg","type":"image\/jpeg"}],"author":"mkajic","twitter_card":"summary_large_image","twitter_creator":"@evropska_kuca","twitter_site":"@evropska_kuca","twitter_misc":{"Written by":"mkajic","Est. reading time":"2 minutes"},"schema":{"@context":"https:\/\/schema.org","@graph":[{"@type":"Article","@id":"https:\/\/www.evropskakuca.me\/me\/vise-jezika-vise-prijatelja\/#article","isPartOf":{"@id":"https:\/\/www.evropskakuca.me\/me\/vise-jezika-vise-prijatelja\/"},"author":{"name":"mkajic","@id":"https:\/\/www.evropskakuca.me\/me\/#\/schema\/person\/a1d0dcdaefe4a1cd1d60d200ea137ba4"},"headline":"Vi\u0161e jezika, vi\u0161e prijatelja","datePublished":"2019-09-30T08:20:36+00:00","mainEntityOfPage":{"@id":"https:\/\/www.evropskakuca.me\/me\/vise-jezika-vise-prijatelja\/"},"wordCount":351,"commentCount":0,"publisher":{"@id":"https:\/\/www.evropskakuca.me\/me\/#organization"},"image":{"@id":"https:\/\/www.evropskakuca.me\/me\/vise-jezika-vise-prijatelja\/#primaryimage"},"thumbnailUrl":"https:\/\/www.evropskakuca.me\/wp-content\/uploads\/2019\/09\/nagrade-59-scaled.jpg","inLanguage":"me-ME","potentialAction":[{"@type":"CommentAction","name":"Comment","target":["https:\/\/www.evropskakuca.me\/me\/vise-jezika-vise-prijatelja\/#respond"]}]},{"@type":"WebPage","@id":"https:\/\/www.evropskakuca.me\/me\/vise-jezika-vise-prijatelja\/","url":"https:\/\/www.evropskakuca.me\/me\/vise-jezika-vise-prijatelja\/","name":"Vi\u0161e jezika, vi\u0161e prijatelja - Europe House","isPartOf":{"@id":"https:\/\/www.evropskakuca.me\/me\/#website"},"primaryImageOfPage":{"@id":"https:\/\/www.evropskakuca.me\/me\/vise-jezika-vise-prijatelja\/#primaryimage"},"image":{"@id":"https:\/\/www.evropskakuca.me\/me\/vise-jezika-vise-prijatelja\/#primaryimage"},"thumbnailUrl":"https:\/\/www.evropskakuca.me\/wp-content\/uploads\/2019\/09\/nagrade-59-scaled.jpg","datePublished":"2019-09-30T08:20:36+00:00","breadcrumb":{"@id":"https:\/\/www.evropskakuca.me\/me\/vise-jezika-vise-prijatelja\/#breadcrumb"},"inLanguage":"me-ME","potentialAction":[{"@type":"ReadAction","target":["https:\/\/www.evropskakuca.me\/me\/vise-jezika-vise-prijatelja\/"]}]},{"@type":"ImageObject","inLanguage":"me-ME","@id":"https:\/\/www.evropskakuca.me\/me\/vise-jezika-vise-prijatelja\/#primaryimage","url":"https:\/\/www.evropskakuca.me\/wp-content\/uploads\/2019\/09\/nagrade-59-scaled.jpg","contentUrl":"https:\/\/www.evropskakuca.me\/wp-content\/uploads\/2019\/09\/nagrade-59-scaled.jpg","width":2560,"height":1707},{"@type":"BreadcrumbList","@id":"https:\/\/www.evropskakuca.me\/me\/vise-jezika-vise-prijatelja\/#breadcrumb","itemListElement":[{"@type":"ListItem","position":1,"name":"Home","item":"https:\/\/www.evropskakuca.me\/me\/"},{"@type":"ListItem","position":2,"name":"Vi\u0161e jezika, vi\u0161e prijatelja"}]},{"@type":"WebSite","@id":"https:\/\/www.evropskakuca.me\/me\/#website","url":"https:\/\/www.evropskakuca.me\/me\/","name":"Evropean house","description":"","publisher":{"@id":"https:\/\/www.evropskakuca.me\/me\/#organization"},"potentialAction":[{"@type":"SearchAction","target":{"@type":"EntryPoint","urlTemplate":"https:\/\/www.evropskakuca.me\/me\/?s={search_term_string}"},"query-input":{"@type":"PropertyValueSpecification","valueRequired":true,"valueName":"search_term_string"}}],"inLanguage":"me-ME"},{"@type":"Organization","@id":"https:\/\/www.evropskakuca.me\/me\/#organization","name":"Evropean house","url":"https:\/\/www.evropskakuca.me\/me\/","logo":{"@type":"ImageObject","inLanguage":"me-ME","@id":"https:\/\/www.evropskakuca.me\/me\/#\/schema\/logo\/image\/","url":"https:\/\/www.evropskakuca.me\/wp-content\/uploads\/2025\/01\/evropska-kuca-logo-1.png","contentUrl":"https:\/\/www.evropskakuca.me\/wp-content\/uploads\/2025\/01\/evropska-kuca-logo-1.png","width":425,"height":312,"caption":"Evropean house"},"image":{"@id":"https:\/\/www.evropskakuca.me\/me\/#\/schema\/logo\/image\/"},"sameAs":["https:\/\/www.facebook.com\/evropska.kuca","https:\/\/x.com\/evropska_kuca","https:\/\/www.instagram.com\/evropska_kuca"]},{"@type":"Person","@id":"https:\/\/www.evropskakuca.me\/me\/#\/schema\/person\/a1d0dcdaefe4a1cd1d60d200ea137ba4","name":"mkajic","image":{"@type":"ImageObject","inLanguage":"me-ME","@id":"https:\/\/secure.gravatar.com\/avatar\/731fa035cefab7316e6bafd1f25a93fb731a07de14e2d9923f8db4422628eabc?s=96&d=mm&r=g","url":"https:\/\/secure.gravatar.com\/avatar\/731fa035cefab7316e6bafd1f25a93fb731a07de14e2d9923f8db4422628eabc?s=96&d=mm&r=g","contentUrl":"https:\/\/secure.gravatar.com\/avatar\/731fa035cefab7316e6bafd1f25a93fb731a07de14e2d9923f8db4422628eabc?s=96&d=mm&r=g","caption":"mkajic"},"sameAs":["https:\/\/evropskakuca.me"],"url":"https:\/\/www.evropskakuca.me\/me\/author\/mkajic\/"}]}},"_links":{"self":[{"href":"https:\/\/www.evropskakuca.me\/me\/wp-json\/wp\/v2\/posts\/7180","targetHints":{"allow":["GET"]}}],"collection":[{"href":"https:\/\/www.evropskakuca.me\/me\/wp-json\/wp\/v2\/posts"}],"about":[{"href":"https:\/\/www.evropskakuca.me\/me\/wp-json\/wp\/v2\/types\/post"}],"author":[{"embeddable":true,"href":"https:\/\/www.evropskakuca.me\/me\/wp-json\/wp\/v2\/users\/1"}],"replies":[{"embeddable":true,"href":"https:\/\/www.evropskakuca.me\/me\/wp-json\/wp\/v2\/comments?post=7180"}],"version-history":[{"count":0,"href":"https:\/\/www.evropskakuca.me\/me\/wp-json\/wp\/v2\/posts\/7180\/revisions"}],"wp:featuredmedia":[{"embeddable":true,"href":"https:\/\/www.evropskakuca.me\/me\/wp-json\/wp\/v2\/media\/34563"}],"wp:attachment":[{"href":"https:\/\/www.evropskakuca.me\/me\/wp-json\/wp\/v2\/media?parent=7180"}],"wp:term":[{"taxonomy":"category","embeddable":true,"href":"https:\/\/www.evropskakuca.me\/me\/wp-json\/wp\/v2\/categories?post=7180"},{"taxonomy":"post_tag","embeddable":true,"href":"https:\/\/www.evropskakuca.me\/me\/wp-json\/wp\/v2\/tags?post=7180"}],"curies":[{"name":"wp","href":"https:\/\/api.w.org\/{rel}","templated":true}]}}