{"id":7166,"date":"2019-09-25T14:22:41","date_gmt":"2019-09-25T14:22:41","guid":{"rendered":"http:\/\/www.evropskakuca.me\/?p=7166"},"modified":"2019-09-25T14:22:41","modified_gmt":"2019-09-25T14:22:41","slug":"kako-bezbjedno-voziti-biciklo","status":"publish","type":"post","link":"https:\/\/www.evropskakuca.me\/me\/kako-bezbjedno-voziti-biciklo\/","title":{"rendered":"Kako bezbjedno voziti biciklo"},"content":{"rendered":"<p>Obilje\u017eavaju\u0107i kraj nedjelje mobilnosti EU info centar je organizovao predavanje o bezbjednoj vo\u017enji bicikla u osnovnoj \u0161koli \u201cSavo Pejanovi\u0107\u201c u Podgorici. Na poziv EU Info Centra odazvali su se i u\u010denici osnovne \u0161kole \u201cSutjeska\u201c pa su mali\u0161ani uzrasta od devet do trinaest godina imali mogu\u0107nost da dosta toga \u010duju a pone\u0161to i nau\u010de.<\/p>\n<p>Stefan Bulatovic, \u010dlan udru\u017eenja Biciklo.me, djeci je odr\u017eao predavanje o pravilnoj upotrebi i odr\u017eavanju bicikla. Kazao je da je Podgorica grad u kojem su rijetki dani kada se ne mo\u017ee voziti biciklo. Bulatovi\u0107 je iskoristio priliku da djecu upozna sa tipovima bicikala i sa na\u010dinima na koje se biciklo mo\u017ee opraviti.<\/p>\n<p><a href=\"http:\/\/www.evropskakuca.me\/wp-content\/uploads\/2019\/09\/skola-38.jpg\"><img fetchpriority=\"high\" decoding=\"async\" class=\"alignleft size-large wp-image-7169\" src=\"http:\/\/www.evropskakuca.me\/wp-content\/uploads\/2019\/09\/skola-38-1024x683.jpg\" alt=\"\" width=\"1024\" height=\"683\" \/><\/a><\/p>\n<p>\u201cVo\u017enja biciklom nije samo na\u010din da se pre\u0111e odre\u0111ena razdaljina, to je i \u017eivotni stil koji nam omogu\u0107ava da budemo prijatelji prirode, da vodimo ra\u010duna o svom okru\u017eenju jer biciklo ne zaga\u0111uje prirodu. Na kraju, vo\u017enja biciklom prija na\u0161em zdravlju tako da svi koji to mogu, treba da koriste bicikl kao prevozno sredstvo.\u201ckazao je Bulatovi\u0107.<\/p>\n<p>A koristiti biciklo kao prevozno sredstvo zna\u010di u\u010destvovati u saobra\u0107aju. Saobra\u0107aj ima svoja pravila koja se moraju po\u0161tovati. Bezbjednost na prvom mjestu, kazao je djeci policajac Miljan Golubovi\u0107 koji je predstavljao Upravu policije na ovom doga\u0111aju.<\/p>\n<p><a href=\"http:\/\/www.evropskakuca.me\/wp-content\/uploads\/2019\/09\/skola-39.jpg\"><img decoding=\"async\" class=\"alignleft size-large wp-image-7171\" src=\"http:\/\/www.evropskakuca.me\/wp-content\/uploads\/2019\/09\/skola-39-1024x683.jpg\" alt=\"\" width=\"1024\" height=\"683\" \/><\/a><\/p>\n<p>Golubovi\u0107 je djecu upoznao sa osnovnim pravilima saobra\u0107aja i skrenuo im pa\u017enju \u0161ta se sve o\u010dekuje od biciklista. \u201cBicikl se samostalno mo\u017ee voziti kad imate 12 godina. To jeste, sa 12 godina mo\u017eete samostalno u\u010destvovati u saobra\u0107aju voze\u0107i biciklo.\u201c kazao je Golubovi\u0107.<\/p>\n<p>Golubovi\u0107 je objasnio razlike u pravilima vo\u017enje bicikla kada postoji biciklisti\u010dka staza i kada je nema. Objasnio je na\u010dine prelaska kolovoza i obaveze koje biciklista ima prema pje\u0161acima na pje\u0161a\u010dkom prelazu ali i prema automobilima kada prelazi ulicu.<\/p>\n<p><a href=\"http:\/\/www.evropskakuca.me\/wp-content\/uploads\/2019\/09\/skola-61.jpg\"><img decoding=\"async\" class=\"alignleft size-large wp-image-7175\" src=\"http:\/\/www.evropskakuca.me\/wp-content\/uploads\/2019\/09\/skola-61-1024x683.jpg\" alt=\"\" width=\"1024\" height=\"683\" \/><\/a><\/p>\n<p>&nbsp;<\/p>\n<p>Djeca su pokazala veliko znanje kada su u pitanju pravila saobra\u0107aja. Ve\u0107ina ih vozi biciklo, \u0161to u pratnji roditelja \u0161to samostalno. Ka\u017eu da svi nose kacige iako to nije propisano zakonom. Znaju da je bezbjednost prvi uslov da bi se u\u017eivalo u svemu \u0161to vo\u017enja bicikla njihovim gradom mo\u017ee da pru\u017ei.<\/p>\n","protected":false},"excerpt":{"rendered":"<p>Obilje\u017eavaju\u0107i kraj nedjelje mobilnosti EU info centar je organizovao predavanje o bezbjednoj vo\u017enji bicikla u osnovnoj \u0161koli \u201cSavo Pejanovi\u0107\u201c u Podgorici. Na poziv EU Info Centra odazvali su se i u\u010denici osnovne \u0161kole \u201cSutjeska\u201c pa su mali\u0161ani uzrasta od devet do trinaest godina imali mogu\u0107nost da dosta toga \u010duju a pone\u0161to i nau\u010de. Stefan Bulatovic, [&hellip;]<\/p>\n","protected":false},"author":1,"featured_media":34567,"comment_status":"open","ping_status":"open","sticky":false,"template":"","format":"standard","meta":{"_acf_changed":false,"footnotes":""},"categories":[1],"tags":[],"class_list":["post-7166","post","type-post","status-publish","format-standard","has-post-thumbnail","hentry","category-uncategorized"],"acf":[],"yoast_head":"<!-- This site is optimized with the Yoast SEO plugin v27.3 - https:\/\/yoast.com\/product\/yoast-seo-wordpress\/ -->\n<title>Kako bezbjedno voziti biciklo - Europe House<\/title>\n<meta name=\"robots\" content=\"index, follow, max-snippet:-1, max-image-preview:large, max-video-preview:-1\" \/>\n<link rel=\"canonical\" href=\"https:\/\/www.evropskakuca.me\/me\/kako-bezbjedno-voziti-biciklo\/\" \/>\n<meta property=\"og:locale\" content=\"en_US\" \/>\n<meta property=\"og:type\" content=\"article\" \/>\n<meta property=\"og:title\" content=\"Kako bezbjedno voziti biciklo - Europe House\" \/>\n<meta property=\"og:description\" content=\"Obilje\u017eavaju\u0107i kraj nedjelje mobilnosti EU info centar je organizovao predavanje o bezbjednoj vo\u017enji bicikla u osnovnoj \u0161koli \u201cSavo Pejanovi\u0107\u201c u Podgorici. Na poziv EU Info Centra odazvali su se i u\u010denici osnovne \u0161kole \u201cSutjeska\u201c pa su mali\u0161ani uzrasta od devet do trinaest godina imali mogu\u0107nost da dosta toga \u010duju a pone\u0161to i nau\u010de. Stefan Bulatovic, [&hellip;]\" \/>\n<meta property=\"og:url\" content=\"https:\/\/www.evropskakuca.me\/me\/kako-bezbjedno-voziti-biciklo\/\" \/>\n<meta property=\"og:site_name\" content=\"Europe House\" \/>\n<meta property=\"article:publisher\" content=\"https:\/\/www.facebook.com\/evropska.kuca\" \/>\n<meta property=\"article:published_time\" content=\"2019-09-25T14:22:41+00:00\" \/>\n<meta property=\"og:image\" content=\"https:\/\/www.evropskakuca.me\/wp-content\/uploads\/2019\/09\/skola-36-scaled.jpg\" \/>\n\t<meta property=\"og:image:width\" content=\"2560\" \/>\n\t<meta property=\"og:image:height\" content=\"1706\" \/>\n\t<meta property=\"og:image:type\" content=\"image\/jpeg\" \/>\n<meta name=\"author\" content=\"mkajic\" \/>\n<meta name=\"twitter:card\" content=\"summary_large_image\" \/>\n<meta name=\"twitter:creator\" content=\"@evropska_kuca\" \/>\n<meta name=\"twitter:site\" content=\"@evropska_kuca\" \/>\n<meta name=\"twitter:label1\" content=\"Written by\" \/>\n\t<meta name=\"twitter:data1\" content=\"mkajic\" \/>\n\t<meta name=\"twitter:label2\" content=\"Est. reading time\" \/>\n\t<meta name=\"twitter:data2\" content=\"2 minutes\" \/>\n<script type=\"application\/ld+json\" class=\"yoast-schema-graph\">{\"@context\":\"https:\\\/\\\/schema.org\",\"@graph\":[{\"@type\":\"Article\",\"@id\":\"https:\\\/\\\/www.evropskakuca.me\\\/me\\\/kako-bezbjedno-voziti-biciklo\\\/#article\",\"isPartOf\":{\"@id\":\"https:\\\/\\\/www.evropskakuca.me\\\/me\\\/kako-bezbjedno-voziti-biciklo\\\/\"},\"author\":{\"name\":\"mkajic\",\"@id\":\"https:\\\/\\\/www.evropskakuca.me\\\/me\\\/#\\\/schema\\\/person\\\/a1d0dcdaefe4a1cd1d60d200ea137ba4\"},\"headline\":\"Kako bezbjedno voziti biciklo\",\"datePublished\":\"2019-09-25T14:22:41+00:00\",\"mainEntityOfPage\":{\"@id\":\"https:\\\/\\\/www.evropskakuca.me\\\/me\\\/kako-bezbjedno-voziti-biciklo\\\/\"},\"wordCount\":382,\"commentCount\":0,\"publisher\":{\"@id\":\"https:\\\/\\\/www.evropskakuca.me\\\/me\\\/#organization\"},\"image\":{\"@id\":\"https:\\\/\\\/www.evropskakuca.me\\\/me\\\/kako-bezbjedno-voziti-biciklo\\\/#primaryimage\"},\"thumbnailUrl\":\"https:\\\/\\\/www.evropskakuca.me\\\/wp-content\\\/uploads\\\/2019\\\/09\\\/skola-36-scaled.jpg\",\"inLanguage\":\"me-ME\",\"potentialAction\":[{\"@type\":\"CommentAction\",\"name\":\"Comment\",\"target\":[\"https:\\\/\\\/www.evropskakuca.me\\\/me\\\/kako-bezbjedno-voziti-biciklo\\\/#respond\"]}]},{\"@type\":\"WebPage\",\"@id\":\"https:\\\/\\\/www.evropskakuca.me\\\/me\\\/kako-bezbjedno-voziti-biciklo\\\/\",\"url\":\"https:\\\/\\\/www.evropskakuca.me\\\/me\\\/kako-bezbjedno-voziti-biciklo\\\/\",\"name\":\"Kako bezbjedno voziti biciklo - Europe House\",\"isPartOf\":{\"@id\":\"https:\\\/\\\/www.evropskakuca.me\\\/me\\\/#website\"},\"primaryImageOfPage\":{\"@id\":\"https:\\\/\\\/www.evropskakuca.me\\\/me\\\/kako-bezbjedno-voziti-biciklo\\\/#primaryimage\"},\"image\":{\"@id\":\"https:\\\/\\\/www.evropskakuca.me\\\/me\\\/kako-bezbjedno-voziti-biciklo\\\/#primaryimage\"},\"thumbnailUrl\":\"https:\\\/\\\/www.evropskakuca.me\\\/wp-content\\\/uploads\\\/2019\\\/09\\\/skola-36-scaled.jpg\",\"datePublished\":\"2019-09-25T14:22:41+00:00\",\"breadcrumb\":{\"@id\":\"https:\\\/\\\/www.evropskakuca.me\\\/me\\\/kako-bezbjedno-voziti-biciklo\\\/#breadcrumb\"},\"inLanguage\":\"me-ME\",\"potentialAction\":[{\"@type\":\"ReadAction\",\"target\":[\"https:\\\/\\\/www.evropskakuca.me\\\/me\\\/kako-bezbjedno-voziti-biciklo\\\/\"]}]},{\"@type\":\"ImageObject\",\"inLanguage\":\"me-ME\",\"@id\":\"https:\\\/\\\/www.evropskakuca.me\\\/me\\\/kako-bezbjedno-voziti-biciklo\\\/#primaryimage\",\"url\":\"https:\\\/\\\/www.evropskakuca.me\\\/wp-content\\\/uploads\\\/2019\\\/09\\\/skola-36-scaled.jpg\",\"contentUrl\":\"https:\\\/\\\/www.evropskakuca.me\\\/wp-content\\\/uploads\\\/2019\\\/09\\\/skola-36-scaled.jpg\",\"width\":2560,\"height\":1706},{\"@type\":\"BreadcrumbList\",\"@id\":\"https:\\\/\\\/www.evropskakuca.me\\\/me\\\/kako-bezbjedno-voziti-biciklo\\\/#breadcrumb\",\"itemListElement\":[{\"@type\":\"ListItem\",\"position\":1,\"name\":\"Home\",\"item\":\"https:\\\/\\\/www.evropskakuca.me\\\/me\\\/\"},{\"@type\":\"ListItem\",\"position\":2,\"name\":\"Kako bezbjedno voziti biciklo\"}]},{\"@type\":\"WebSite\",\"@id\":\"https:\\\/\\\/www.evropskakuca.me\\\/me\\\/#website\",\"url\":\"https:\\\/\\\/www.evropskakuca.me\\\/me\\\/\",\"name\":\"Evropean house\",\"description\":\"\",\"publisher\":{\"@id\":\"https:\\\/\\\/www.evropskakuca.me\\\/me\\\/#organization\"},\"potentialAction\":[{\"@type\":\"SearchAction\",\"target\":{\"@type\":\"EntryPoint\",\"urlTemplate\":\"https:\\\/\\\/www.evropskakuca.me\\\/me\\\/?s={search_term_string}\"},\"query-input\":{\"@type\":\"PropertyValueSpecification\",\"valueRequired\":true,\"valueName\":\"search_term_string\"}}],\"inLanguage\":\"me-ME\"},{\"@type\":\"Organization\",\"@id\":\"https:\\\/\\\/www.evropskakuca.me\\\/me\\\/#organization\",\"name\":\"Evropean house\",\"url\":\"https:\\\/\\\/www.evropskakuca.me\\\/me\\\/\",\"logo\":{\"@type\":\"ImageObject\",\"inLanguage\":\"me-ME\",\"@id\":\"https:\\\/\\\/www.evropskakuca.me\\\/me\\\/#\\\/schema\\\/logo\\\/image\\\/\",\"url\":\"https:\\\/\\\/www.evropskakuca.me\\\/wp-content\\\/uploads\\\/2025\\\/01\\\/evropska-kuca-logo-1.png\",\"contentUrl\":\"https:\\\/\\\/www.evropskakuca.me\\\/wp-content\\\/uploads\\\/2025\\\/01\\\/evropska-kuca-logo-1.png\",\"width\":425,\"height\":312,\"caption\":\"Evropean house\"},\"image\":{\"@id\":\"https:\\\/\\\/www.evropskakuca.me\\\/me\\\/#\\\/schema\\\/logo\\\/image\\\/\"},\"sameAs\":[\"https:\\\/\\\/www.facebook.com\\\/evropska.kuca\",\"https:\\\/\\\/x.com\\\/evropska_kuca\",\"https:\\\/\\\/www.instagram.com\\\/evropska_kuca\"]},{\"@type\":\"Person\",\"@id\":\"https:\\\/\\\/www.evropskakuca.me\\\/me\\\/#\\\/schema\\\/person\\\/a1d0dcdaefe4a1cd1d60d200ea137ba4\",\"name\":\"mkajic\",\"image\":{\"@type\":\"ImageObject\",\"inLanguage\":\"me-ME\",\"@id\":\"https:\\\/\\\/secure.gravatar.com\\\/avatar\\\/731fa035cefab7316e6bafd1f25a93fb731a07de14e2d9923f8db4422628eabc?s=96&d=mm&r=g\",\"url\":\"https:\\\/\\\/secure.gravatar.com\\\/avatar\\\/731fa035cefab7316e6bafd1f25a93fb731a07de14e2d9923f8db4422628eabc?s=96&d=mm&r=g\",\"contentUrl\":\"https:\\\/\\\/secure.gravatar.com\\\/avatar\\\/731fa035cefab7316e6bafd1f25a93fb731a07de14e2d9923f8db4422628eabc?s=96&d=mm&r=g\",\"caption\":\"mkajic\"},\"sameAs\":[\"https:\\\/\\\/evropskakuca.me\"],\"url\":\"https:\\\/\\\/www.evropskakuca.me\\\/me\\\/author\\\/mkajic\\\/\"}]}<\/script>\n<!-- \/ Yoast SEO plugin. -->","yoast_head_json":{"title":"Kako bezbjedno voziti biciklo - Europe House","robots":{"index":"index","follow":"follow","max-snippet":"max-snippet:-1","max-image-preview":"max-image-preview:large","max-video-preview":"max-video-preview:-1"},"canonical":"https:\/\/www.evropskakuca.me\/me\/kako-bezbjedno-voziti-biciklo\/","og_locale":"en_US","og_type":"article","og_title":"Kako bezbjedno voziti biciklo - Europe House","og_description":"Obilje\u017eavaju\u0107i kraj nedjelje mobilnosti EU info centar je organizovao predavanje o bezbjednoj vo\u017enji bicikla u osnovnoj \u0161koli \u201cSavo Pejanovi\u0107\u201c u Podgorici. Na poziv EU Info Centra odazvali su se i u\u010denici osnovne \u0161kole \u201cSutjeska\u201c pa su mali\u0161ani uzrasta od devet do trinaest godina imali mogu\u0107nost da dosta toga \u010duju a pone\u0161to i nau\u010de. Stefan Bulatovic, [&hellip;]","og_url":"https:\/\/www.evropskakuca.me\/me\/kako-bezbjedno-voziti-biciklo\/","og_site_name":"Europe House","article_publisher":"https:\/\/www.facebook.com\/evropska.kuca","article_published_time":"2019-09-25T14:22:41+00:00","og_image":[{"width":2560,"height":1706,"url":"https:\/\/www.evropskakuca.me\/wp-content\/uploads\/2019\/09\/skola-36-scaled.jpg","type":"image\/jpeg"}],"author":"mkajic","twitter_card":"summary_large_image","twitter_creator":"@evropska_kuca","twitter_site":"@evropska_kuca","twitter_misc":{"Written by":"mkajic","Est. reading time":"2 minutes"},"schema":{"@context":"https:\/\/schema.org","@graph":[{"@type":"Article","@id":"https:\/\/www.evropskakuca.me\/me\/kako-bezbjedno-voziti-biciklo\/#article","isPartOf":{"@id":"https:\/\/www.evropskakuca.me\/me\/kako-bezbjedno-voziti-biciklo\/"},"author":{"name":"mkajic","@id":"https:\/\/www.evropskakuca.me\/me\/#\/schema\/person\/a1d0dcdaefe4a1cd1d60d200ea137ba4"},"headline":"Kako bezbjedno voziti biciklo","datePublished":"2019-09-25T14:22:41+00:00","mainEntityOfPage":{"@id":"https:\/\/www.evropskakuca.me\/me\/kako-bezbjedno-voziti-biciklo\/"},"wordCount":382,"commentCount":0,"publisher":{"@id":"https:\/\/www.evropskakuca.me\/me\/#organization"},"image":{"@id":"https:\/\/www.evropskakuca.me\/me\/kako-bezbjedno-voziti-biciklo\/#primaryimage"},"thumbnailUrl":"https:\/\/www.evropskakuca.me\/wp-content\/uploads\/2019\/09\/skola-36-scaled.jpg","inLanguage":"me-ME","potentialAction":[{"@type":"CommentAction","name":"Comment","target":["https:\/\/www.evropskakuca.me\/me\/kako-bezbjedno-voziti-biciklo\/#respond"]}]},{"@type":"WebPage","@id":"https:\/\/www.evropskakuca.me\/me\/kako-bezbjedno-voziti-biciklo\/","url":"https:\/\/www.evropskakuca.me\/me\/kako-bezbjedno-voziti-biciklo\/","name":"Kako bezbjedno voziti biciklo - Europe House","isPartOf":{"@id":"https:\/\/www.evropskakuca.me\/me\/#website"},"primaryImageOfPage":{"@id":"https:\/\/www.evropskakuca.me\/me\/kako-bezbjedno-voziti-biciklo\/#primaryimage"},"image":{"@id":"https:\/\/www.evropskakuca.me\/me\/kako-bezbjedno-voziti-biciklo\/#primaryimage"},"thumbnailUrl":"https:\/\/www.evropskakuca.me\/wp-content\/uploads\/2019\/09\/skola-36-scaled.jpg","datePublished":"2019-09-25T14:22:41+00:00","breadcrumb":{"@id":"https:\/\/www.evropskakuca.me\/me\/kako-bezbjedno-voziti-biciklo\/#breadcrumb"},"inLanguage":"me-ME","potentialAction":[{"@type":"ReadAction","target":["https:\/\/www.evropskakuca.me\/me\/kako-bezbjedno-voziti-biciklo\/"]}]},{"@type":"ImageObject","inLanguage":"me-ME","@id":"https:\/\/www.evropskakuca.me\/me\/kako-bezbjedno-voziti-biciklo\/#primaryimage","url":"https:\/\/www.evropskakuca.me\/wp-content\/uploads\/2019\/09\/skola-36-scaled.jpg","contentUrl":"https:\/\/www.evropskakuca.me\/wp-content\/uploads\/2019\/09\/skola-36-scaled.jpg","width":2560,"height":1706},{"@type":"BreadcrumbList","@id":"https:\/\/www.evropskakuca.me\/me\/kako-bezbjedno-voziti-biciklo\/#breadcrumb","itemListElement":[{"@type":"ListItem","position":1,"name":"Home","item":"https:\/\/www.evropskakuca.me\/me\/"},{"@type":"ListItem","position":2,"name":"Kako bezbjedno voziti biciklo"}]},{"@type":"WebSite","@id":"https:\/\/www.evropskakuca.me\/me\/#website","url":"https:\/\/www.evropskakuca.me\/me\/","name":"Evropean house","description":"","publisher":{"@id":"https:\/\/www.evropskakuca.me\/me\/#organization"},"potentialAction":[{"@type":"SearchAction","target":{"@type":"EntryPoint","urlTemplate":"https:\/\/www.evropskakuca.me\/me\/?s={search_term_string}"},"query-input":{"@type":"PropertyValueSpecification","valueRequired":true,"valueName":"search_term_string"}}],"inLanguage":"me-ME"},{"@type":"Organization","@id":"https:\/\/www.evropskakuca.me\/me\/#organization","name":"Evropean house","url":"https:\/\/www.evropskakuca.me\/me\/","logo":{"@type":"ImageObject","inLanguage":"me-ME","@id":"https:\/\/www.evropskakuca.me\/me\/#\/schema\/logo\/image\/","url":"https:\/\/www.evropskakuca.me\/wp-content\/uploads\/2025\/01\/evropska-kuca-logo-1.png","contentUrl":"https:\/\/www.evropskakuca.me\/wp-content\/uploads\/2025\/01\/evropska-kuca-logo-1.png","width":425,"height":312,"caption":"Evropean house"},"image":{"@id":"https:\/\/www.evropskakuca.me\/me\/#\/schema\/logo\/image\/"},"sameAs":["https:\/\/www.facebook.com\/evropska.kuca","https:\/\/x.com\/evropska_kuca","https:\/\/www.instagram.com\/evropska_kuca"]},{"@type":"Person","@id":"https:\/\/www.evropskakuca.me\/me\/#\/schema\/person\/a1d0dcdaefe4a1cd1d60d200ea137ba4","name":"mkajic","image":{"@type":"ImageObject","inLanguage":"me-ME","@id":"https:\/\/secure.gravatar.com\/avatar\/731fa035cefab7316e6bafd1f25a93fb731a07de14e2d9923f8db4422628eabc?s=96&d=mm&r=g","url":"https:\/\/secure.gravatar.com\/avatar\/731fa035cefab7316e6bafd1f25a93fb731a07de14e2d9923f8db4422628eabc?s=96&d=mm&r=g","contentUrl":"https:\/\/secure.gravatar.com\/avatar\/731fa035cefab7316e6bafd1f25a93fb731a07de14e2d9923f8db4422628eabc?s=96&d=mm&r=g","caption":"mkajic"},"sameAs":["https:\/\/evropskakuca.me"],"url":"https:\/\/www.evropskakuca.me\/me\/author\/mkajic\/"}]}},"_links":{"self":[{"href":"https:\/\/www.evropskakuca.me\/me\/wp-json\/wp\/v2\/posts\/7166","targetHints":{"allow":["GET"]}}],"collection":[{"href":"https:\/\/www.evropskakuca.me\/me\/wp-json\/wp\/v2\/posts"}],"about":[{"href":"https:\/\/www.evropskakuca.me\/me\/wp-json\/wp\/v2\/types\/post"}],"author":[{"embeddable":true,"href":"https:\/\/www.evropskakuca.me\/me\/wp-json\/wp\/v2\/users\/1"}],"replies":[{"embeddable":true,"href":"https:\/\/www.evropskakuca.me\/me\/wp-json\/wp\/v2\/comments?post=7166"}],"version-history":[{"count":0,"href":"https:\/\/www.evropskakuca.me\/me\/wp-json\/wp\/v2\/posts\/7166\/revisions"}],"wp:featuredmedia":[{"embeddable":true,"href":"https:\/\/www.evropskakuca.me\/me\/wp-json\/wp\/v2\/media\/34567"}],"wp:attachment":[{"href":"https:\/\/www.evropskakuca.me\/me\/wp-json\/wp\/v2\/media?parent=7166"}],"wp:term":[{"taxonomy":"category","embeddable":true,"href":"https:\/\/www.evropskakuca.me\/me\/wp-json\/wp\/v2\/categories?post=7166"},{"taxonomy":"post_tag","embeddable":true,"href":"https:\/\/www.evropskakuca.me\/me\/wp-json\/wp\/v2\/tags?post=7166"}],"curies":[{"name":"wp","href":"https:\/\/api.w.org\/{rel}","templated":true}]}}