{"id":7142,"date":"2019-09-13T12:01:28","date_gmt":"2019-09-13T12:01:28","guid":{"rendered":"http:\/\/www.evropskakuca.me\/?p=7142"},"modified":"2019-09-13T12:01:28","modified_gmt":"2019-09-13T12:01:28","slug":"u-podgorici-otvorena-konferencija-dani-medija-evropska-unija-zapadni-balkan","status":"publish","type":"post","link":"https:\/\/www.evropskakuca.me\/me\/u-podgorici-otvorena-konferencija-dani-medija-evropska-unija-zapadni-balkan\/","title":{"rendered":"U Podgorici otvorena konferencija Dani medija Evropska unija- Zapadni Balkan"},"content":{"rendered":"<p>Trec\u0301e izdanje Dana medija EU-Zapadni Balkan po\u010delo je danas u Podgorici. Konferencija u organizaciji Evropske komisije okupila je oko 350 predstavnika medija i organizacija civilnog dru\u0161tva kao i kreatora politike sa zapadnog Balkana i iz EU.<\/p>\n<p>Odlaze\u0107i komesar za evropsku susjedsku politiku i pro\u0161irenj Johanes Han otvorio je konferenciju, obra\u0107aju\u0107i se okupljenima preko video poruke. On je naglasio da na putu ka Evropskoj uniji ne mo\u017ee biti napretka bez o\u010duvanja medijske slobode i slobode izra\u017eavanja.<\/p>\n<p><a href=\"http:\/\/www.evropskakuca.me\/wp-content\/uploads\/2019\/09\/70229885_1252065058286429_4711911004424896512_n.jpg\"><img fetchpriority=\"high\" decoding=\"async\" class=\"alignleft size-large wp-image-7143\" src=\"http:\/\/www.evropskakuca.me\/wp-content\/uploads\/2019\/09\/70229885_1252065058286429_4711911004424896512_n-1024x498.jpg\" alt=\"\" width=\"1024\" height=\"498\" \/><\/a><\/p>\n<p>\u201eSloboda medija je ugro\u017eena, ne samo na Zapadnom Balkanu, vec\u0301 i \u0161irom sveta. Ali uticaj na zemlje u tranziciji, poput onih na Zapadnom Balkanu, jo\u0161 je \u0161tetniji, s obzirom na osjetljivost procesa transformacije. Stoga smo slobodu medija postavili kao klju\u010dni element vladavine prava u sredi\u0161te na\u0161e strategije Zapadnog Balkana\u201c, rekao je Han u video poruci.<\/p>\n<p>U ime Crne Gore, konferenciju je otvorio ministar kulture Aleksandar Bogdanovic\u0301. Bogdanovic\u0301 je najavio da c\u0301e Crna Gora nastaviti da radi na razvoju medija i zakonodavstvu koje \u0107e podr\u017eati taj proces.<\/p>\n<p>\u201eVlada preduzima sve mjere za razrje\u0161enje napada na novinare i imovinu medija. Bezbjedan ambijent za rad medija uslov je svih uslova koji \u0107e dr\u017eava institucionalno garantovati svim medijskim poslenicima. Nijedan slu\u010daj napada na novinare, njihovu bezbjednost i imovinu medija ne smije biti arhiviran bez konkretnog policijskog, tu\u017eila\u010dkog i sudskog razrje\u0161enja\u201c, istakao je on.<\/p>\n<p><strong>Generalni direktor<\/strong>\u00a0za susjedsku politiku i <strong>pro\u0161irenje<\/strong> <strong>Kristijan Danijelson<\/strong> pozdravio je rad EU na procesu pro\u0161irenja, posebno u oblasti vladavine zakona, ponoviv\u0161i da sloboda izra\u017eavanja i sloboda medija ne mogu biti predmet pregovaranja za zemlje koje se \u017eele pridru\u017eiti Evropska unija.<\/p>\n<p>\u201ePrema objektivnoj analizi u izve\u0161tajima Evropske komisije, mediji na Zapadnom Balkanu su oblast kojoj su najpotrebniji korektivni napori i pozitivne akcije. I zato su konferencije poput Dana medija toliko va\u017ene. Moramo se iznova i iznova baviti ovim problemom, u javnosti, sa vlastima i biti u redovnom kontaktu sa medijskim profesionalcima kako bismo prona\u0161li konkretne na\u010dine za pobolj\u0161anje \u201c, rekao je Danijelson.<\/p>\n<p><a href=\"http:\/\/www.evropskakuca.me\/wp-content\/uploads\/2019\/09\/70387621_374095310165765_8064460045007454208_n.jpg\"><img decoding=\"async\" class=\"alignleft size-large wp-image-7147\" src=\"http:\/\/www.evropskakuca.me\/wp-content\/uploads\/2019\/09\/70387621_374095310165765_8064460045007454208_n-1024x536.jpg\" alt=\"\" width=\"1024\" height=\"536\" \/><\/a><\/p>\n<p>Ovogodi\u0161nje trec\u0301e izdanje fokusirano je na razgovor o tome kako zagarantovati slobodu i odr\u017eivost medija u regionu i kako obezbjediti podr\u0161ku novim generacijama novinara. Rasprava o pomirenju i regionalnoj saradnji i prevazila\u017eenju nacionalisti\u010dkih narativa zauzima centralno mjesto na dnevnom redu konferencije, pored tema kao \u0161to su va\u017enost nezavisnog izvje\u0161tavanja, kako izbjec\u0301i manipulaciju informacijama i kako pobolj\u0161ati pismenost javnih medija.<\/p>\n<p>&nbsp;<\/p>\n","protected":false},"excerpt":{"rendered":"<p>Trec\u0301e izdanje Dana medija EU-Zapadni Balkan po\u010delo je danas u Podgorici. Konferencija u organizaciji Evropske komisije okupila je oko 350 predstavnika medija i organizacija civilnog dru\u0161tva kao i kreatora politike sa zapadnog Balkana i iz EU. Odlaze\u0107i komesar za evropsku susjedsku politiku i pro\u0161irenj Johanes Han otvorio je konferenciju, obra\u0107aju\u0107i se okupljenima preko video poruke. [&hellip;]<\/p>\n","protected":false},"author":1,"featured_media":34541,"comment_status":"open","ping_status":"open","sticky":false,"template":"","format":"standard","meta":{"_acf_changed":false,"footnotes":""},"categories":[1],"tags":[],"class_list":["post-7142","post","type-post","status-publish","format-standard","has-post-thumbnail","hentry","category-uncategorized"],"acf":[],"yoast_head":"<!-- This site is optimized with the Yoast SEO plugin v27.3 - https:\/\/yoast.com\/product\/yoast-seo-wordpress\/ -->\n<title>U Podgorici otvorena konferencija Dani medija Evropska unija- Zapadni Balkan - Europe House<\/title>\n<meta name=\"robots\" content=\"index, follow, max-snippet:-1, max-image-preview:large, max-video-preview:-1\" \/>\n<link rel=\"canonical\" href=\"https:\/\/www.evropskakuca.me\/me\/u-podgorici-otvorena-konferencija-dani-medija-evropska-unija-zapadni-balkan\/\" \/>\n<meta property=\"og:locale\" content=\"en_US\" \/>\n<meta property=\"og:type\" content=\"article\" \/>\n<meta property=\"og:title\" content=\"U Podgorici otvorena konferencija Dani medija Evropska unija- Zapadni Balkan - Europe House\" \/>\n<meta property=\"og:description\" content=\"Trec\u0301e izdanje Dana medija EU-Zapadni Balkan po\u010delo je danas u Podgorici. Konferencija u organizaciji Evropske komisije okupila je oko 350 predstavnika medija i organizacija civilnog dru\u0161tva kao i kreatora politike sa zapadnog Balkana i iz EU. Odlaze\u0107i komesar za evropsku susjedsku politiku i pro\u0161irenj Johanes Han otvorio je konferenciju, obra\u0107aju\u0107i se okupljenima preko video poruke. [&hellip;]\" \/>\n<meta property=\"og:url\" content=\"https:\/\/www.evropskakuca.me\/me\/u-podgorici-otvorena-konferencija-dani-medija-evropska-unija-zapadni-balkan\/\" \/>\n<meta property=\"og:site_name\" content=\"Europe House\" \/>\n<meta property=\"article:publisher\" content=\"https:\/\/www.facebook.com\/evropska.kuca\" \/>\n<meta property=\"article:published_time\" content=\"2019-09-13T12:01:28+00:00\" \/>\n<meta property=\"og:image\" content=\"https:\/\/www.evropskakuca.me\/wp-content\/uploads\/2019\/09\/69991208_386448105365522_7210136082841600000_n.jpg\" \/>\n\t<meta property=\"og:image:width\" content=\"1440\" \/>\n\t<meta property=\"og:image:height\" content=\"700\" \/>\n\t<meta property=\"og:image:type\" content=\"image\/jpeg\" \/>\n<meta name=\"author\" content=\"mkajic\" \/>\n<meta name=\"twitter:card\" content=\"summary_large_image\" \/>\n<meta name=\"twitter:creator\" content=\"@evropska_kuca\" \/>\n<meta name=\"twitter:site\" content=\"@evropska_kuca\" \/>\n<meta name=\"twitter:label1\" content=\"Written by\" \/>\n\t<meta name=\"twitter:data1\" content=\"mkajic\" \/>\n\t<meta name=\"twitter:label2\" content=\"Est. reading time\" \/>\n\t<meta name=\"twitter:data2\" content=\"2 minutes\" \/>\n<script type=\"application\/ld+json\" class=\"yoast-schema-graph\">{\"@context\":\"https:\\\/\\\/schema.org\",\"@graph\":[{\"@type\":\"Article\",\"@id\":\"https:\\\/\\\/www.evropskakuca.me\\\/me\\\/u-podgorici-otvorena-konferencija-dani-medija-evropska-unija-zapadni-balkan\\\/#article\",\"isPartOf\":{\"@id\":\"https:\\\/\\\/www.evropskakuca.me\\\/me\\\/u-podgorici-otvorena-konferencija-dani-medija-evropska-unija-zapadni-balkan\\\/\"},\"author\":{\"name\":\"mkajic\",\"@id\":\"https:\\\/\\\/www.evropskakuca.me\\\/me\\\/#\\\/schema\\\/person\\\/a1d0dcdaefe4a1cd1d60d200ea137ba4\"},\"headline\":\"U Podgorici otvorena konferencija Dani medija Evropska unija- Zapadni Balkan\",\"datePublished\":\"2019-09-13T12:01:28+00:00\",\"mainEntityOfPage\":{\"@id\":\"https:\\\/\\\/www.evropskakuca.me\\\/me\\\/u-podgorici-otvorena-konferencija-dani-medija-evropska-unija-zapadni-balkan\\\/\"},\"wordCount\":426,\"commentCount\":0,\"publisher\":{\"@id\":\"https:\\\/\\\/www.evropskakuca.me\\\/me\\\/#organization\"},\"image\":{\"@id\":\"https:\\\/\\\/www.evropskakuca.me\\\/me\\\/u-podgorici-otvorena-konferencija-dani-medija-evropska-unija-zapadni-balkan\\\/#primaryimage\"},\"thumbnailUrl\":\"https:\\\/\\\/www.evropskakuca.me\\\/wp-content\\\/uploads\\\/2019\\\/09\\\/69991208_386448105365522_7210136082841600000_n.jpg\",\"inLanguage\":\"me-ME\",\"potentialAction\":[{\"@type\":\"CommentAction\",\"name\":\"Comment\",\"target\":[\"https:\\\/\\\/www.evropskakuca.me\\\/me\\\/u-podgorici-otvorena-konferencija-dani-medija-evropska-unija-zapadni-balkan\\\/#respond\"]}]},{\"@type\":\"WebPage\",\"@id\":\"https:\\\/\\\/www.evropskakuca.me\\\/me\\\/u-podgorici-otvorena-konferencija-dani-medija-evropska-unija-zapadni-balkan\\\/\",\"url\":\"https:\\\/\\\/www.evropskakuca.me\\\/me\\\/u-podgorici-otvorena-konferencija-dani-medija-evropska-unija-zapadni-balkan\\\/\",\"name\":\"U Podgorici otvorena konferencija Dani medija Evropska unija- Zapadni Balkan - Europe House\",\"isPartOf\":{\"@id\":\"https:\\\/\\\/www.evropskakuca.me\\\/me\\\/#website\"},\"primaryImageOfPage\":{\"@id\":\"https:\\\/\\\/www.evropskakuca.me\\\/me\\\/u-podgorici-otvorena-konferencija-dani-medija-evropska-unija-zapadni-balkan\\\/#primaryimage\"},\"image\":{\"@id\":\"https:\\\/\\\/www.evropskakuca.me\\\/me\\\/u-podgorici-otvorena-konferencija-dani-medija-evropska-unija-zapadni-balkan\\\/#primaryimage\"},\"thumbnailUrl\":\"https:\\\/\\\/www.evropskakuca.me\\\/wp-content\\\/uploads\\\/2019\\\/09\\\/69991208_386448105365522_7210136082841600000_n.jpg\",\"datePublished\":\"2019-09-13T12:01:28+00:00\",\"breadcrumb\":{\"@id\":\"https:\\\/\\\/www.evropskakuca.me\\\/me\\\/u-podgorici-otvorena-konferencija-dani-medija-evropska-unija-zapadni-balkan\\\/#breadcrumb\"},\"inLanguage\":\"me-ME\",\"potentialAction\":[{\"@type\":\"ReadAction\",\"target\":[\"https:\\\/\\\/www.evropskakuca.me\\\/me\\\/u-podgorici-otvorena-konferencija-dani-medija-evropska-unija-zapadni-balkan\\\/\"]}]},{\"@type\":\"ImageObject\",\"inLanguage\":\"me-ME\",\"@id\":\"https:\\\/\\\/www.evropskakuca.me\\\/me\\\/u-podgorici-otvorena-konferencija-dani-medija-evropska-unija-zapadni-balkan\\\/#primaryimage\",\"url\":\"https:\\\/\\\/www.evropskakuca.me\\\/wp-content\\\/uploads\\\/2019\\\/09\\\/69991208_386448105365522_7210136082841600000_n.jpg\",\"contentUrl\":\"https:\\\/\\\/www.evropskakuca.me\\\/wp-content\\\/uploads\\\/2019\\\/09\\\/69991208_386448105365522_7210136082841600000_n.jpg\",\"width\":1440,\"height\":700},{\"@type\":\"BreadcrumbList\",\"@id\":\"https:\\\/\\\/www.evropskakuca.me\\\/me\\\/u-podgorici-otvorena-konferencija-dani-medija-evropska-unija-zapadni-balkan\\\/#breadcrumb\",\"itemListElement\":[{\"@type\":\"ListItem\",\"position\":1,\"name\":\"Home\",\"item\":\"https:\\\/\\\/www.evropskakuca.me\\\/me\\\/\"},{\"@type\":\"ListItem\",\"position\":2,\"name\":\"U Podgorici otvorena konferencija Dani medija Evropska unija- Zapadni Balkan\"}]},{\"@type\":\"WebSite\",\"@id\":\"https:\\\/\\\/www.evropskakuca.me\\\/me\\\/#website\",\"url\":\"https:\\\/\\\/www.evropskakuca.me\\\/me\\\/\",\"name\":\"Evropean house\",\"description\":\"\",\"publisher\":{\"@id\":\"https:\\\/\\\/www.evropskakuca.me\\\/me\\\/#organization\"},\"potentialAction\":[{\"@type\":\"SearchAction\",\"target\":{\"@type\":\"EntryPoint\",\"urlTemplate\":\"https:\\\/\\\/www.evropskakuca.me\\\/me\\\/?s={search_term_string}\"},\"query-input\":{\"@type\":\"PropertyValueSpecification\",\"valueRequired\":true,\"valueName\":\"search_term_string\"}}],\"inLanguage\":\"me-ME\"},{\"@type\":\"Organization\",\"@id\":\"https:\\\/\\\/www.evropskakuca.me\\\/me\\\/#organization\",\"name\":\"Evropean house\",\"url\":\"https:\\\/\\\/www.evropskakuca.me\\\/me\\\/\",\"logo\":{\"@type\":\"ImageObject\",\"inLanguage\":\"me-ME\",\"@id\":\"https:\\\/\\\/www.evropskakuca.me\\\/me\\\/#\\\/schema\\\/logo\\\/image\\\/\",\"url\":\"https:\\\/\\\/www.evropskakuca.me\\\/wp-content\\\/uploads\\\/2025\\\/01\\\/evropska-kuca-logo-1.png\",\"contentUrl\":\"https:\\\/\\\/www.evropskakuca.me\\\/wp-content\\\/uploads\\\/2025\\\/01\\\/evropska-kuca-logo-1.png\",\"width\":425,\"height\":312,\"caption\":\"Evropean house\"},\"image\":{\"@id\":\"https:\\\/\\\/www.evropskakuca.me\\\/me\\\/#\\\/schema\\\/logo\\\/image\\\/\"},\"sameAs\":[\"https:\\\/\\\/www.facebook.com\\\/evropska.kuca\",\"https:\\\/\\\/x.com\\\/evropska_kuca\",\"https:\\\/\\\/www.instagram.com\\\/evropska_kuca\"]},{\"@type\":\"Person\",\"@id\":\"https:\\\/\\\/www.evropskakuca.me\\\/me\\\/#\\\/schema\\\/person\\\/a1d0dcdaefe4a1cd1d60d200ea137ba4\",\"name\":\"mkajic\",\"image\":{\"@type\":\"ImageObject\",\"inLanguage\":\"me-ME\",\"@id\":\"https:\\\/\\\/secure.gravatar.com\\\/avatar\\\/731fa035cefab7316e6bafd1f25a93fb731a07de14e2d9923f8db4422628eabc?s=96&d=mm&r=g\",\"url\":\"https:\\\/\\\/secure.gravatar.com\\\/avatar\\\/731fa035cefab7316e6bafd1f25a93fb731a07de14e2d9923f8db4422628eabc?s=96&d=mm&r=g\",\"contentUrl\":\"https:\\\/\\\/secure.gravatar.com\\\/avatar\\\/731fa035cefab7316e6bafd1f25a93fb731a07de14e2d9923f8db4422628eabc?s=96&d=mm&r=g\",\"caption\":\"mkajic\"},\"sameAs\":[\"https:\\\/\\\/evropskakuca.me\"],\"url\":\"https:\\\/\\\/www.evropskakuca.me\\\/me\\\/author\\\/mkajic\\\/\"}]}<\/script>\n<!-- \/ Yoast SEO plugin. -->","yoast_head_json":{"title":"U Podgorici otvorena konferencija Dani medija Evropska unija- Zapadni Balkan - Europe House","robots":{"index":"index","follow":"follow","max-snippet":"max-snippet:-1","max-image-preview":"max-image-preview:large","max-video-preview":"max-video-preview:-1"},"canonical":"https:\/\/www.evropskakuca.me\/me\/u-podgorici-otvorena-konferencija-dani-medija-evropska-unija-zapadni-balkan\/","og_locale":"en_US","og_type":"article","og_title":"U Podgorici otvorena konferencija Dani medija Evropska unija- Zapadni Balkan - Europe House","og_description":"Trec\u0301e izdanje Dana medija EU-Zapadni Balkan po\u010delo je danas u Podgorici. Konferencija u organizaciji Evropske komisije okupila je oko 350 predstavnika medija i organizacija civilnog dru\u0161tva kao i kreatora politike sa zapadnog Balkana i iz EU. Odlaze\u0107i komesar za evropsku susjedsku politiku i pro\u0161irenj Johanes Han otvorio je konferenciju, obra\u0107aju\u0107i se okupljenima preko video poruke. [&hellip;]","og_url":"https:\/\/www.evropskakuca.me\/me\/u-podgorici-otvorena-konferencija-dani-medija-evropska-unija-zapadni-balkan\/","og_site_name":"Europe House","article_publisher":"https:\/\/www.facebook.com\/evropska.kuca","article_published_time":"2019-09-13T12:01:28+00:00","og_image":[{"width":1440,"height":700,"url":"https:\/\/www.evropskakuca.me\/wp-content\/uploads\/2019\/09\/69991208_386448105365522_7210136082841600000_n.jpg","type":"image\/jpeg"}],"author":"mkajic","twitter_card":"summary_large_image","twitter_creator":"@evropska_kuca","twitter_site":"@evropska_kuca","twitter_misc":{"Written by":"mkajic","Est. reading time":"2 minutes"},"schema":{"@context":"https:\/\/schema.org","@graph":[{"@type":"Article","@id":"https:\/\/www.evropskakuca.me\/me\/u-podgorici-otvorena-konferencija-dani-medija-evropska-unija-zapadni-balkan\/#article","isPartOf":{"@id":"https:\/\/www.evropskakuca.me\/me\/u-podgorici-otvorena-konferencija-dani-medija-evropska-unija-zapadni-balkan\/"},"author":{"name":"mkajic","@id":"https:\/\/www.evropskakuca.me\/me\/#\/schema\/person\/a1d0dcdaefe4a1cd1d60d200ea137ba4"},"headline":"U Podgorici otvorena konferencija Dani medija Evropska unija- Zapadni Balkan","datePublished":"2019-09-13T12:01:28+00:00","mainEntityOfPage":{"@id":"https:\/\/www.evropskakuca.me\/me\/u-podgorici-otvorena-konferencija-dani-medija-evropska-unija-zapadni-balkan\/"},"wordCount":426,"commentCount":0,"publisher":{"@id":"https:\/\/www.evropskakuca.me\/me\/#organization"},"image":{"@id":"https:\/\/www.evropskakuca.me\/me\/u-podgorici-otvorena-konferencija-dani-medija-evropska-unija-zapadni-balkan\/#primaryimage"},"thumbnailUrl":"https:\/\/www.evropskakuca.me\/wp-content\/uploads\/2019\/09\/69991208_386448105365522_7210136082841600000_n.jpg","inLanguage":"me-ME","potentialAction":[{"@type":"CommentAction","name":"Comment","target":["https:\/\/www.evropskakuca.me\/me\/u-podgorici-otvorena-konferencija-dani-medija-evropska-unija-zapadni-balkan\/#respond"]}]},{"@type":"WebPage","@id":"https:\/\/www.evropskakuca.me\/me\/u-podgorici-otvorena-konferencija-dani-medija-evropska-unija-zapadni-balkan\/","url":"https:\/\/www.evropskakuca.me\/me\/u-podgorici-otvorena-konferencija-dani-medija-evropska-unija-zapadni-balkan\/","name":"U Podgorici otvorena konferencija Dani medija Evropska unija- Zapadni Balkan - Europe House","isPartOf":{"@id":"https:\/\/www.evropskakuca.me\/me\/#website"},"primaryImageOfPage":{"@id":"https:\/\/www.evropskakuca.me\/me\/u-podgorici-otvorena-konferencija-dani-medija-evropska-unija-zapadni-balkan\/#primaryimage"},"image":{"@id":"https:\/\/www.evropskakuca.me\/me\/u-podgorici-otvorena-konferencija-dani-medija-evropska-unija-zapadni-balkan\/#primaryimage"},"thumbnailUrl":"https:\/\/www.evropskakuca.me\/wp-content\/uploads\/2019\/09\/69991208_386448105365522_7210136082841600000_n.jpg","datePublished":"2019-09-13T12:01:28+00:00","breadcrumb":{"@id":"https:\/\/www.evropskakuca.me\/me\/u-podgorici-otvorena-konferencija-dani-medija-evropska-unija-zapadni-balkan\/#breadcrumb"},"inLanguage":"me-ME","potentialAction":[{"@type":"ReadAction","target":["https:\/\/www.evropskakuca.me\/me\/u-podgorici-otvorena-konferencija-dani-medija-evropska-unija-zapadni-balkan\/"]}]},{"@type":"ImageObject","inLanguage":"me-ME","@id":"https:\/\/www.evropskakuca.me\/me\/u-podgorici-otvorena-konferencija-dani-medija-evropska-unija-zapadni-balkan\/#primaryimage","url":"https:\/\/www.evropskakuca.me\/wp-content\/uploads\/2019\/09\/69991208_386448105365522_7210136082841600000_n.jpg","contentUrl":"https:\/\/www.evropskakuca.me\/wp-content\/uploads\/2019\/09\/69991208_386448105365522_7210136082841600000_n.jpg","width":1440,"height":700},{"@type":"BreadcrumbList","@id":"https:\/\/www.evropskakuca.me\/me\/u-podgorici-otvorena-konferencija-dani-medija-evropska-unija-zapadni-balkan\/#breadcrumb","itemListElement":[{"@type":"ListItem","position":1,"name":"Home","item":"https:\/\/www.evropskakuca.me\/me\/"},{"@type":"ListItem","position":2,"name":"U Podgorici otvorena konferencija Dani medija Evropska unija- Zapadni Balkan"}]},{"@type":"WebSite","@id":"https:\/\/www.evropskakuca.me\/me\/#website","url":"https:\/\/www.evropskakuca.me\/me\/","name":"Evropean house","description":"","publisher":{"@id":"https:\/\/www.evropskakuca.me\/me\/#organization"},"potentialAction":[{"@type":"SearchAction","target":{"@type":"EntryPoint","urlTemplate":"https:\/\/www.evropskakuca.me\/me\/?s={search_term_string}"},"query-input":{"@type":"PropertyValueSpecification","valueRequired":true,"valueName":"search_term_string"}}],"inLanguage":"me-ME"},{"@type":"Organization","@id":"https:\/\/www.evropskakuca.me\/me\/#organization","name":"Evropean house","url":"https:\/\/www.evropskakuca.me\/me\/","logo":{"@type":"ImageObject","inLanguage":"me-ME","@id":"https:\/\/www.evropskakuca.me\/me\/#\/schema\/logo\/image\/","url":"https:\/\/www.evropskakuca.me\/wp-content\/uploads\/2025\/01\/evropska-kuca-logo-1.png","contentUrl":"https:\/\/www.evropskakuca.me\/wp-content\/uploads\/2025\/01\/evropska-kuca-logo-1.png","width":425,"height":312,"caption":"Evropean house"},"image":{"@id":"https:\/\/www.evropskakuca.me\/me\/#\/schema\/logo\/image\/"},"sameAs":["https:\/\/www.facebook.com\/evropska.kuca","https:\/\/x.com\/evropska_kuca","https:\/\/www.instagram.com\/evropska_kuca"]},{"@type":"Person","@id":"https:\/\/www.evropskakuca.me\/me\/#\/schema\/person\/a1d0dcdaefe4a1cd1d60d200ea137ba4","name":"mkajic","image":{"@type":"ImageObject","inLanguage":"me-ME","@id":"https:\/\/secure.gravatar.com\/avatar\/731fa035cefab7316e6bafd1f25a93fb731a07de14e2d9923f8db4422628eabc?s=96&d=mm&r=g","url":"https:\/\/secure.gravatar.com\/avatar\/731fa035cefab7316e6bafd1f25a93fb731a07de14e2d9923f8db4422628eabc?s=96&d=mm&r=g","contentUrl":"https:\/\/secure.gravatar.com\/avatar\/731fa035cefab7316e6bafd1f25a93fb731a07de14e2d9923f8db4422628eabc?s=96&d=mm&r=g","caption":"mkajic"},"sameAs":["https:\/\/evropskakuca.me"],"url":"https:\/\/www.evropskakuca.me\/me\/author\/mkajic\/"}]}},"_links":{"self":[{"href":"https:\/\/www.evropskakuca.me\/me\/wp-json\/wp\/v2\/posts\/7142","targetHints":{"allow":["GET"]}}],"collection":[{"href":"https:\/\/www.evropskakuca.me\/me\/wp-json\/wp\/v2\/posts"}],"about":[{"href":"https:\/\/www.evropskakuca.me\/me\/wp-json\/wp\/v2\/types\/post"}],"author":[{"embeddable":true,"href":"https:\/\/www.evropskakuca.me\/me\/wp-json\/wp\/v2\/users\/1"}],"replies":[{"embeddable":true,"href":"https:\/\/www.evropskakuca.me\/me\/wp-json\/wp\/v2\/comments?post=7142"}],"version-history":[{"count":0,"href":"https:\/\/www.evropskakuca.me\/me\/wp-json\/wp\/v2\/posts\/7142\/revisions"}],"wp:featuredmedia":[{"embeddable":true,"href":"https:\/\/www.evropskakuca.me\/me\/wp-json\/wp\/v2\/media\/34541"}],"wp:attachment":[{"href":"https:\/\/www.evropskakuca.me\/me\/wp-json\/wp\/v2\/media?parent=7142"}],"wp:term":[{"taxonomy":"category","embeddable":true,"href":"https:\/\/www.evropskakuca.me\/me\/wp-json\/wp\/v2\/categories?post=7142"},{"taxonomy":"post_tag","embeddable":true,"href":"https:\/\/www.evropskakuca.me\/me\/wp-json\/wp\/v2\/tags?post=7142"}],"curies":[{"name":"wp","href":"https:\/\/api.w.org\/{rel}","templated":true}]}}