{"id":7136,"date":"2019-09-12T09:59:52","date_gmt":"2019-09-12T09:59:52","guid":{"rendered":"http:\/\/www.evropskakuca.me\/?p=7136"},"modified":"2019-09-12T09:59:52","modified_gmt":"2019-09-12T09:59:52","slug":"prosirenje-da-bude-u-fokusu-i-nove-briselske-administracije","status":"publish","type":"post","link":"https:\/\/www.evropskakuca.me\/me\/prosirenje-da-bude-u-fokusu-i-nove-briselske-administracije\/","title":{"rendered":"Pro\u0161irenje da bude u fokusu i nove briselske administracije"},"content":{"rendered":"<p>Evropska unija bi\u0107e kompletna tek pristupanjem dr\u017eava Zapadnog Balkana, i zato je va\u017eno da pro\u0161irenje EU ostane me\u0111u prioritetima nove briselske administracije, uz podr\u0161ku \u010dlanica Unije. Ovo je jedan od zaklju\u010daka sa konferencije \u201eTrenutno stanje EU i budu\u0107nost politike pro\u0161irenja EU\u201c, odr\u017eane u podgori\u010dkom EU info centru.<\/p>\n<p>Ambasada Ma\u0111arske u Crnoj Gori u saradnji sa Institutom za vanjske poslove i trgovinu Ma\u0111arske organizovala je konferenciju na kojoj je, u okviru dva panela, razgovarano o rezultatima i narednim koracima Crne Gore u procesu pregovora s EU, kao i prethodnim iskustvima pro\u0161irenja.<\/p>\n<p>Skup je otvorio ma\u0111arski ambasador u Podgorici Jo\u017eef Ne\u0111e\u0161i, koji je istakao da tema dana\u0161nje konferencije ne mo\u017ee biti aktuelnija nego \u0161to je danas. Glavni pregovara\u010d Aleksandar Drljevi\u0107 je istakao da je politika pro\u0161irenja u istoriji EU prepoznata kao jedan od klju\u010dnih mehanizama za ja\u010danje jedinstva, evropskog duha i saradnje i njegovanje razli\u010ditosti.<\/p>\n<p>Zemlje Zapadnog Balkana, dodao je Drljevi\u0107, vjeruju da njihova buduc\u0301nost le\u017ei u EU &#8211; \u010dak i ako je Unija sama upletena u brojna pitanja poput imigracije, bezbjednosti ili populisti\u010dkih pokreta.<\/p>\n<p>\u201cPristupanje EU pokazalo se kao jedan od najja\u010dih pokreta\u010da ekonomskog razvoja, stabilnosti i mira, i zato svi imamo zajedni\u010dki interes da nastavimo\u201c, poru\u010dio je glavni pregovara\u010d.<\/p>\n<p>Ministarski komesar za Bregzit u Ministarstvu vanjskih poslova i trgovine Ma\u0111arske, Sabol\u010d Taka\u010d, istakao je da EU nije kompletna bez ovog regiona.<\/p>\n<p>\u201cMoramo na tome sna\u017eno da radimo, i Ma\u0111arska ne\u0107e biti usamljena u tom poslu jer u EU postoji grupa prijatelja pro\u0161irenja, koja mo\u017ee lako biti identifikovana geografski. Vjerujemo da su u procesu pristupanja Crna Gora i Srbija ve\u0107 dosta postigle u pore\u0111enju sa drugima\u201c, naveo je Taka\u010d.<\/p>\n<p>Dr\u017eavni sekretar za bezbjednosnu politiku i politi\u010dki direktor Ministarstva vanjskih poslova i trgovine Ma\u0111arske, I\u0161tvan Balog, poru\u010dio je da je pro\u0161irenje EU pozitivno, kako sa politi\u010dkog tako i sa ekonomskog stanovi\u0161ta.<\/p>\n<p>\u201cMi vjerujemo da Crna Gora i Srbija mogu biti \u010dlanice EU i prije 2025. godine, i zalaga\u0107emo se za to, kao i za otvaranje preostalih poglavlja u pregovorima u slu\u010daju Crne Gore. Na\u0161e iskustvo pokazuje da je otvaranje poglavlja postalo veoma politizovano pitanje, a da je u prethodnim pro\u0161irenjima bilo vi\u0161e tehni\u010dko, pogotovo zato \u0161to otvaranje nekog poglavlja zna\u010di tek po\u010detak jednog pocesa\u201c, istakao je Balog.<\/p>\n<p>Direktor Instituta za vanjske poslove i trgovinu, Marton Ugro\u0161di, smatra da je va\u017eno odr\u017eati temu pro\u0161irenja EU aktuelnom, poru\u010duju\u0107i da Ma\u0111arska ula\u017ee napore da ta tema bude prisutna na stolu EU i da podr\u017eava zemlje Zapadnog Balkana u njihovoj integraciji u EU.<\/p>\n","protected":false},"excerpt":{"rendered":"<p>Evropska unija bi\u0107e kompletna tek pristupanjem dr\u017eava Zapadnog Balkana, i zato je va\u017eno da pro\u0161irenje EU ostane me\u0111u prioritetima nove briselske administracije, uz podr\u0161ku \u010dlanica Unije. Ovo je jedan od zaklju\u010daka sa konferencije \u201eTrenutno stanje EU i budu\u0107nost politike pro\u0161irenja EU\u201c, odr\u017eane u podgori\u010dkom EU info centru. Ambasada Ma\u0111arske u Crnoj Gori u saradnji sa [&hellip;]<\/p>\n","protected":false},"author":1,"featured_media":34547,"comment_status":"open","ping_status":"open","sticky":false,"template":"","format":"standard","meta":{"_acf_changed":false,"footnotes":""},"categories":[1],"tags":[],"class_list":["post-7136","post","type-post","status-publish","format-standard","has-post-thumbnail","hentry","category-uncategorized"],"acf":[],"yoast_head":"<!-- This site is optimized with the Yoast SEO plugin v27.3 - https:\/\/yoast.com\/product\/yoast-seo-wordpress\/ -->\n<title>Pro\u0161irenje da bude u fokusu i nove briselske administracije - Europe House<\/title>\n<meta name=\"robots\" content=\"index, follow, max-snippet:-1, max-image-preview:large, max-video-preview:-1\" \/>\n<link rel=\"canonical\" href=\"https:\/\/www.evropskakuca.me\/me\/prosirenje-da-bude-u-fokusu-i-nove-briselske-administracije\/\" \/>\n<meta property=\"og:locale\" content=\"en_US\" \/>\n<meta property=\"og:type\" content=\"article\" \/>\n<meta property=\"og:title\" content=\"Pro\u0161irenje da bude u fokusu i nove briselske administracije - Europe House\" \/>\n<meta property=\"og:description\" content=\"Evropska unija bi\u0107e kompletna tek pristupanjem dr\u017eava Zapadnog Balkana, i zato je va\u017eno da pro\u0161irenje EU ostane me\u0111u prioritetima nove briselske administracije, uz podr\u0161ku \u010dlanica Unije. Ovo je jedan od zaklju\u010daka sa konferencije \u201eTrenutno stanje EU i budu\u0107nost politike pro\u0161irenja EU\u201c, odr\u017eane u podgori\u010dkom EU info centru. Ambasada Ma\u0111arske u Crnoj Gori u saradnji sa [&hellip;]\" \/>\n<meta property=\"og:url\" content=\"https:\/\/www.evropskakuca.me\/me\/prosirenje-da-bude-u-fokusu-i-nove-briselske-administracije\/\" \/>\n<meta property=\"og:site_name\" content=\"Europe House\" \/>\n<meta property=\"article:publisher\" content=\"https:\/\/www.facebook.com\/evropska.kuca\" \/>\n<meta property=\"article:published_time\" content=\"2019-09-12T09:59:52+00:00\" \/>\n<meta property=\"og:image\" content=\"https:\/\/www.evropskakuca.me\/wp-content\/uploads\/2019\/09\/EU-and-MNE.jpg\" \/>\n\t<meta property=\"og:image:width\" content=\"2048\" \/>\n\t<meta property=\"og:image:height\" content=\"1365\" \/>\n\t<meta property=\"og:image:type\" content=\"image\/jpeg\" \/>\n<meta name=\"author\" content=\"mkajic\" \/>\n<meta name=\"twitter:card\" content=\"summary_large_image\" \/>\n<meta name=\"twitter:creator\" content=\"@evropska_kuca\" \/>\n<meta name=\"twitter:site\" content=\"@evropska_kuca\" \/>\n<meta name=\"twitter:label1\" content=\"Written by\" \/>\n\t<meta name=\"twitter:data1\" content=\"mkajic\" \/>\n\t<meta name=\"twitter:label2\" content=\"Est. reading time\" \/>\n\t<meta name=\"twitter:data2\" content=\"2 minutes\" \/>\n<script type=\"application\/ld+json\" class=\"yoast-schema-graph\">{\"@context\":\"https:\\\/\\\/schema.org\",\"@graph\":[{\"@type\":\"Article\",\"@id\":\"https:\\\/\\\/www.evropskakuca.me\\\/me\\\/prosirenje-da-bude-u-fokusu-i-nove-briselske-administracije\\\/#article\",\"isPartOf\":{\"@id\":\"https:\\\/\\\/www.evropskakuca.me\\\/me\\\/prosirenje-da-bude-u-fokusu-i-nove-briselske-administracije\\\/\"},\"author\":{\"name\":\"mkajic\",\"@id\":\"https:\\\/\\\/www.evropskakuca.me\\\/me\\\/#\\\/schema\\\/person\\\/a1d0dcdaefe4a1cd1d60d200ea137ba4\"},\"headline\":\"Pro\u0161irenje da bude u fokusu i nove briselske administracije\",\"datePublished\":\"2019-09-12T09:59:52+00:00\",\"mainEntityOfPage\":{\"@id\":\"https:\\\/\\\/www.evropskakuca.me\\\/me\\\/prosirenje-da-bude-u-fokusu-i-nove-briselske-administracije\\\/\"},\"wordCount\":479,\"commentCount\":0,\"publisher\":{\"@id\":\"https:\\\/\\\/www.evropskakuca.me\\\/me\\\/#organization\"},\"image\":{\"@id\":\"https:\\\/\\\/www.evropskakuca.me\\\/me\\\/prosirenje-da-bude-u-fokusu-i-nove-briselske-administracije\\\/#primaryimage\"},\"thumbnailUrl\":\"https:\\\/\\\/www.evropskakuca.me\\\/wp-content\\\/uploads\\\/2019\\\/09\\\/EU-and-MNE.jpg\",\"inLanguage\":\"me-ME\",\"potentialAction\":[{\"@type\":\"CommentAction\",\"name\":\"Comment\",\"target\":[\"https:\\\/\\\/www.evropskakuca.me\\\/me\\\/prosirenje-da-bude-u-fokusu-i-nove-briselske-administracije\\\/#respond\"]}]},{\"@type\":\"WebPage\",\"@id\":\"https:\\\/\\\/www.evropskakuca.me\\\/me\\\/prosirenje-da-bude-u-fokusu-i-nove-briselske-administracije\\\/\",\"url\":\"https:\\\/\\\/www.evropskakuca.me\\\/me\\\/prosirenje-da-bude-u-fokusu-i-nove-briselske-administracije\\\/\",\"name\":\"Pro\u0161irenje da bude u fokusu i nove briselske administracije - Europe House\",\"isPartOf\":{\"@id\":\"https:\\\/\\\/www.evropskakuca.me\\\/me\\\/#website\"},\"primaryImageOfPage\":{\"@id\":\"https:\\\/\\\/www.evropskakuca.me\\\/me\\\/prosirenje-da-bude-u-fokusu-i-nove-briselske-administracije\\\/#primaryimage\"},\"image\":{\"@id\":\"https:\\\/\\\/www.evropskakuca.me\\\/me\\\/prosirenje-da-bude-u-fokusu-i-nove-briselske-administracije\\\/#primaryimage\"},\"thumbnailUrl\":\"https:\\\/\\\/www.evropskakuca.me\\\/wp-content\\\/uploads\\\/2019\\\/09\\\/EU-and-MNE.jpg\",\"datePublished\":\"2019-09-12T09:59:52+00:00\",\"breadcrumb\":{\"@id\":\"https:\\\/\\\/www.evropskakuca.me\\\/me\\\/prosirenje-da-bude-u-fokusu-i-nove-briselske-administracije\\\/#breadcrumb\"},\"inLanguage\":\"me-ME\",\"potentialAction\":[{\"@type\":\"ReadAction\",\"target\":[\"https:\\\/\\\/www.evropskakuca.me\\\/me\\\/prosirenje-da-bude-u-fokusu-i-nove-briselske-administracije\\\/\"]}]},{\"@type\":\"ImageObject\",\"inLanguage\":\"me-ME\",\"@id\":\"https:\\\/\\\/www.evropskakuca.me\\\/me\\\/prosirenje-da-bude-u-fokusu-i-nove-briselske-administracije\\\/#primaryimage\",\"url\":\"https:\\\/\\\/www.evropskakuca.me\\\/wp-content\\\/uploads\\\/2019\\\/09\\\/EU-and-MNE.jpg\",\"contentUrl\":\"https:\\\/\\\/www.evropskakuca.me\\\/wp-content\\\/uploads\\\/2019\\\/09\\\/EU-and-MNE.jpg\",\"width\":2048,\"height\":1365},{\"@type\":\"BreadcrumbList\",\"@id\":\"https:\\\/\\\/www.evropskakuca.me\\\/me\\\/prosirenje-da-bude-u-fokusu-i-nove-briselske-administracije\\\/#breadcrumb\",\"itemListElement\":[{\"@type\":\"ListItem\",\"position\":1,\"name\":\"Home\",\"item\":\"https:\\\/\\\/www.evropskakuca.me\\\/me\\\/\"},{\"@type\":\"ListItem\",\"position\":2,\"name\":\"Pro\u0161irenje da bude u fokusu i nove briselske administracije\"}]},{\"@type\":\"WebSite\",\"@id\":\"https:\\\/\\\/www.evropskakuca.me\\\/me\\\/#website\",\"url\":\"https:\\\/\\\/www.evropskakuca.me\\\/me\\\/\",\"name\":\"Evropean house\",\"description\":\"\",\"publisher\":{\"@id\":\"https:\\\/\\\/www.evropskakuca.me\\\/me\\\/#organization\"},\"potentialAction\":[{\"@type\":\"SearchAction\",\"target\":{\"@type\":\"EntryPoint\",\"urlTemplate\":\"https:\\\/\\\/www.evropskakuca.me\\\/me\\\/?s={search_term_string}\"},\"query-input\":{\"@type\":\"PropertyValueSpecification\",\"valueRequired\":true,\"valueName\":\"search_term_string\"}}],\"inLanguage\":\"me-ME\"},{\"@type\":\"Organization\",\"@id\":\"https:\\\/\\\/www.evropskakuca.me\\\/me\\\/#organization\",\"name\":\"Evropean house\",\"url\":\"https:\\\/\\\/www.evropskakuca.me\\\/me\\\/\",\"logo\":{\"@type\":\"ImageObject\",\"inLanguage\":\"me-ME\",\"@id\":\"https:\\\/\\\/www.evropskakuca.me\\\/me\\\/#\\\/schema\\\/logo\\\/image\\\/\",\"url\":\"https:\\\/\\\/www.evropskakuca.me\\\/wp-content\\\/uploads\\\/2025\\\/01\\\/evropska-kuca-logo-1.png\",\"contentUrl\":\"https:\\\/\\\/www.evropskakuca.me\\\/wp-content\\\/uploads\\\/2025\\\/01\\\/evropska-kuca-logo-1.png\",\"width\":425,\"height\":312,\"caption\":\"Evropean house\"},\"image\":{\"@id\":\"https:\\\/\\\/www.evropskakuca.me\\\/me\\\/#\\\/schema\\\/logo\\\/image\\\/\"},\"sameAs\":[\"https:\\\/\\\/www.facebook.com\\\/evropska.kuca\",\"https:\\\/\\\/x.com\\\/evropska_kuca\",\"https:\\\/\\\/www.instagram.com\\\/evropska_kuca\"]},{\"@type\":\"Person\",\"@id\":\"https:\\\/\\\/www.evropskakuca.me\\\/me\\\/#\\\/schema\\\/person\\\/a1d0dcdaefe4a1cd1d60d200ea137ba4\",\"name\":\"mkajic\",\"image\":{\"@type\":\"ImageObject\",\"inLanguage\":\"me-ME\",\"@id\":\"https:\\\/\\\/secure.gravatar.com\\\/avatar\\\/731fa035cefab7316e6bafd1f25a93fb731a07de14e2d9923f8db4422628eabc?s=96&d=mm&r=g\",\"url\":\"https:\\\/\\\/secure.gravatar.com\\\/avatar\\\/731fa035cefab7316e6bafd1f25a93fb731a07de14e2d9923f8db4422628eabc?s=96&d=mm&r=g\",\"contentUrl\":\"https:\\\/\\\/secure.gravatar.com\\\/avatar\\\/731fa035cefab7316e6bafd1f25a93fb731a07de14e2d9923f8db4422628eabc?s=96&d=mm&r=g\",\"caption\":\"mkajic\"},\"sameAs\":[\"https:\\\/\\\/evropskakuca.me\"],\"url\":\"https:\\\/\\\/www.evropskakuca.me\\\/me\\\/author\\\/mkajic\\\/\"}]}<\/script>\n<!-- \/ Yoast SEO plugin. -->","yoast_head_json":{"title":"Pro\u0161irenje da bude u fokusu i nove briselske administracije - Europe House","robots":{"index":"index","follow":"follow","max-snippet":"max-snippet:-1","max-image-preview":"max-image-preview:large","max-video-preview":"max-video-preview:-1"},"canonical":"https:\/\/www.evropskakuca.me\/me\/prosirenje-da-bude-u-fokusu-i-nove-briselske-administracije\/","og_locale":"en_US","og_type":"article","og_title":"Pro\u0161irenje da bude u fokusu i nove briselske administracije - Europe House","og_description":"Evropska unija bi\u0107e kompletna tek pristupanjem dr\u017eava Zapadnog Balkana, i zato je va\u017eno da pro\u0161irenje EU ostane me\u0111u prioritetima nove briselske administracije, uz podr\u0161ku \u010dlanica Unije. Ovo je jedan od zaklju\u010daka sa konferencije \u201eTrenutno stanje EU i budu\u0107nost politike pro\u0161irenja EU\u201c, odr\u017eane u podgori\u010dkom EU info centru. Ambasada Ma\u0111arske u Crnoj Gori u saradnji sa [&hellip;]","og_url":"https:\/\/www.evropskakuca.me\/me\/prosirenje-da-bude-u-fokusu-i-nove-briselske-administracije\/","og_site_name":"Europe House","article_publisher":"https:\/\/www.facebook.com\/evropska.kuca","article_published_time":"2019-09-12T09:59:52+00:00","og_image":[{"width":2048,"height":1365,"url":"https:\/\/www.evropskakuca.me\/wp-content\/uploads\/2019\/09\/EU-and-MNE.jpg","type":"image\/jpeg"}],"author":"mkajic","twitter_card":"summary_large_image","twitter_creator":"@evropska_kuca","twitter_site":"@evropska_kuca","twitter_misc":{"Written by":"mkajic","Est. reading time":"2 minutes"},"schema":{"@context":"https:\/\/schema.org","@graph":[{"@type":"Article","@id":"https:\/\/www.evropskakuca.me\/me\/prosirenje-da-bude-u-fokusu-i-nove-briselske-administracije\/#article","isPartOf":{"@id":"https:\/\/www.evropskakuca.me\/me\/prosirenje-da-bude-u-fokusu-i-nove-briselske-administracije\/"},"author":{"name":"mkajic","@id":"https:\/\/www.evropskakuca.me\/me\/#\/schema\/person\/a1d0dcdaefe4a1cd1d60d200ea137ba4"},"headline":"Pro\u0161irenje da bude u fokusu i nove briselske administracije","datePublished":"2019-09-12T09:59:52+00:00","mainEntityOfPage":{"@id":"https:\/\/www.evropskakuca.me\/me\/prosirenje-da-bude-u-fokusu-i-nove-briselske-administracije\/"},"wordCount":479,"commentCount":0,"publisher":{"@id":"https:\/\/www.evropskakuca.me\/me\/#organization"},"image":{"@id":"https:\/\/www.evropskakuca.me\/me\/prosirenje-da-bude-u-fokusu-i-nove-briselske-administracije\/#primaryimage"},"thumbnailUrl":"https:\/\/www.evropskakuca.me\/wp-content\/uploads\/2019\/09\/EU-and-MNE.jpg","inLanguage":"me-ME","potentialAction":[{"@type":"CommentAction","name":"Comment","target":["https:\/\/www.evropskakuca.me\/me\/prosirenje-da-bude-u-fokusu-i-nove-briselske-administracije\/#respond"]}]},{"@type":"WebPage","@id":"https:\/\/www.evropskakuca.me\/me\/prosirenje-da-bude-u-fokusu-i-nove-briselske-administracije\/","url":"https:\/\/www.evropskakuca.me\/me\/prosirenje-da-bude-u-fokusu-i-nove-briselske-administracije\/","name":"Pro\u0161irenje da bude u fokusu i nove briselske administracije - Europe House","isPartOf":{"@id":"https:\/\/www.evropskakuca.me\/me\/#website"},"primaryImageOfPage":{"@id":"https:\/\/www.evropskakuca.me\/me\/prosirenje-da-bude-u-fokusu-i-nove-briselske-administracije\/#primaryimage"},"image":{"@id":"https:\/\/www.evropskakuca.me\/me\/prosirenje-da-bude-u-fokusu-i-nove-briselske-administracije\/#primaryimage"},"thumbnailUrl":"https:\/\/www.evropskakuca.me\/wp-content\/uploads\/2019\/09\/EU-and-MNE.jpg","datePublished":"2019-09-12T09:59:52+00:00","breadcrumb":{"@id":"https:\/\/www.evropskakuca.me\/me\/prosirenje-da-bude-u-fokusu-i-nove-briselske-administracije\/#breadcrumb"},"inLanguage":"me-ME","potentialAction":[{"@type":"ReadAction","target":["https:\/\/www.evropskakuca.me\/me\/prosirenje-da-bude-u-fokusu-i-nove-briselske-administracije\/"]}]},{"@type":"ImageObject","inLanguage":"me-ME","@id":"https:\/\/www.evropskakuca.me\/me\/prosirenje-da-bude-u-fokusu-i-nove-briselske-administracije\/#primaryimage","url":"https:\/\/www.evropskakuca.me\/wp-content\/uploads\/2019\/09\/EU-and-MNE.jpg","contentUrl":"https:\/\/www.evropskakuca.me\/wp-content\/uploads\/2019\/09\/EU-and-MNE.jpg","width":2048,"height":1365},{"@type":"BreadcrumbList","@id":"https:\/\/www.evropskakuca.me\/me\/prosirenje-da-bude-u-fokusu-i-nove-briselske-administracije\/#breadcrumb","itemListElement":[{"@type":"ListItem","position":1,"name":"Home","item":"https:\/\/www.evropskakuca.me\/me\/"},{"@type":"ListItem","position":2,"name":"Pro\u0161irenje da bude u fokusu i nove briselske administracije"}]},{"@type":"WebSite","@id":"https:\/\/www.evropskakuca.me\/me\/#website","url":"https:\/\/www.evropskakuca.me\/me\/","name":"Evropean house","description":"","publisher":{"@id":"https:\/\/www.evropskakuca.me\/me\/#organization"},"potentialAction":[{"@type":"SearchAction","target":{"@type":"EntryPoint","urlTemplate":"https:\/\/www.evropskakuca.me\/me\/?s={search_term_string}"},"query-input":{"@type":"PropertyValueSpecification","valueRequired":true,"valueName":"search_term_string"}}],"inLanguage":"me-ME"},{"@type":"Organization","@id":"https:\/\/www.evropskakuca.me\/me\/#organization","name":"Evropean house","url":"https:\/\/www.evropskakuca.me\/me\/","logo":{"@type":"ImageObject","inLanguage":"me-ME","@id":"https:\/\/www.evropskakuca.me\/me\/#\/schema\/logo\/image\/","url":"https:\/\/www.evropskakuca.me\/wp-content\/uploads\/2025\/01\/evropska-kuca-logo-1.png","contentUrl":"https:\/\/www.evropskakuca.me\/wp-content\/uploads\/2025\/01\/evropska-kuca-logo-1.png","width":425,"height":312,"caption":"Evropean house"},"image":{"@id":"https:\/\/www.evropskakuca.me\/me\/#\/schema\/logo\/image\/"},"sameAs":["https:\/\/www.facebook.com\/evropska.kuca","https:\/\/x.com\/evropska_kuca","https:\/\/www.instagram.com\/evropska_kuca"]},{"@type":"Person","@id":"https:\/\/www.evropskakuca.me\/me\/#\/schema\/person\/a1d0dcdaefe4a1cd1d60d200ea137ba4","name":"mkajic","image":{"@type":"ImageObject","inLanguage":"me-ME","@id":"https:\/\/secure.gravatar.com\/avatar\/731fa035cefab7316e6bafd1f25a93fb731a07de14e2d9923f8db4422628eabc?s=96&d=mm&r=g","url":"https:\/\/secure.gravatar.com\/avatar\/731fa035cefab7316e6bafd1f25a93fb731a07de14e2d9923f8db4422628eabc?s=96&d=mm&r=g","contentUrl":"https:\/\/secure.gravatar.com\/avatar\/731fa035cefab7316e6bafd1f25a93fb731a07de14e2d9923f8db4422628eabc?s=96&d=mm&r=g","caption":"mkajic"},"sameAs":["https:\/\/evropskakuca.me"],"url":"https:\/\/www.evropskakuca.me\/me\/author\/mkajic\/"}]}},"_links":{"self":[{"href":"https:\/\/www.evropskakuca.me\/me\/wp-json\/wp\/v2\/posts\/7136","targetHints":{"allow":["GET"]}}],"collection":[{"href":"https:\/\/www.evropskakuca.me\/me\/wp-json\/wp\/v2\/posts"}],"about":[{"href":"https:\/\/www.evropskakuca.me\/me\/wp-json\/wp\/v2\/types\/post"}],"author":[{"embeddable":true,"href":"https:\/\/www.evropskakuca.me\/me\/wp-json\/wp\/v2\/users\/1"}],"replies":[{"embeddable":true,"href":"https:\/\/www.evropskakuca.me\/me\/wp-json\/wp\/v2\/comments?post=7136"}],"version-history":[{"count":0,"href":"https:\/\/www.evropskakuca.me\/me\/wp-json\/wp\/v2\/posts\/7136\/revisions"}],"wp:featuredmedia":[{"embeddable":true,"href":"https:\/\/www.evropskakuca.me\/me\/wp-json\/wp\/v2\/media\/34547"}],"wp:attachment":[{"href":"https:\/\/www.evropskakuca.me\/me\/wp-json\/wp\/v2\/media?parent=7136"}],"wp:term":[{"taxonomy":"category","embeddable":true,"href":"https:\/\/www.evropskakuca.me\/me\/wp-json\/wp\/v2\/categories?post=7136"},{"taxonomy":"post_tag","embeddable":true,"href":"https:\/\/www.evropskakuca.me\/me\/wp-json\/wp\/v2\/tags?post=7136"}],"curies":[{"name":"wp","href":"https:\/\/api.w.org\/{rel}","templated":true}]}}