{"id":7115,"date":"2019-09-09T10:25:03","date_gmt":"2019-09-09T10:25:03","guid":{"rendered":"http:\/\/www.evropskakuca.me\/me\/?p=7115"},"modified":"2019-09-09T10:25:03","modified_gmt":"2019-09-09T10:25:03","slug":"pocinje-kampanja-udomljavanja-i-registracije-pasa","status":"publish","type":"post","link":"https:\/\/www.evropskakuca.me\/me\/pocinje-kampanja-udomljavanja-i-registracije-pasa\/","title":{"rendered":"Po\u010dinje kampanja udomljavanja i registracije pasa"},"content":{"rendered":"<p>Voljeti psa i imati psa su dvije razli\u010dite stvari. Zato je va\u017eno da se, prije nego \u0161to se odlu\u010dimo za ku\u0107nog ljubimca, zapitamo da li imamo vremena i prostora za njega. Tre\u0107e je pitanje finansija. Sa ku\u0107nim ljubimcem porodica dobija novog \u010dlana kojem treba obezbijediti sve, od hrane do redovnih posjeta veterinaru.<\/p>\n<p>Okrugli sto kojim je po\u010dela kampanja za odgovorno dr\u017eanje pasa, koju finansira Delegacija Evropske unije u Crnoj Gori u saradnji sa Ministarstvom poljoprivrede i ruralnog razvoja i Upravom za bezbjednost hrane, veterinu i fitosanitarne poslove, odr\u017ean je u EU info centru.<br \/>\n\u017darko Vu\u010dini\u0107 iz projekta podr\u0161ke veterinarskom sektoru kazao je da je fokus kampanje na udomljavanju pasa. Iako je pas najomiljeniji ku\u0107ni ljubimac u Crnoj Gori, ve\u0107ina napu\u0161tenih pasa je nekada imalo svog vlasnika. Zato se kampanja i zasniva na popularisanju udomljavanja pasa.<\/p>\n<p><a href=\"http:\/\/www.evropskakuca.me\/wp-content\/uploads\/2019\/09\/eu_kampanja_za_odgocvorno_drzanje_pasa-15.jpg\"><img fetchpriority=\"high\" decoding=\"async\" class=\"alignleft size-large wp-image-7118\" src=\"http:\/\/www.evropskakuca.me\/wp-content\/uploads\/2019\/09\/eu_kampanja_za_odgocvorno_drzanje_pasa-15-1024x683.jpg\" alt=\"\" width=\"1024\" height=\"683\" \/><\/a><\/p>\n<p>\u201cOva kampanja ima za cilj uspostavljanje sistema kontrole populacije pasa, kao i smanjivanje broja napu\u0161tenih pasa. Ciljne grupe kampanje su komunikatori kampanje odgovornog vlasni\u0161tva, mediji, dr\u017eava, nevladine organizacije. Specijalni fokus je na udomljavanju pasa, gdje se o\u010dekuje podr\u0161ka lokalnih zajednica i organizacija\u201c, kazao je Vu\u010dini\u0107.<\/p>\n<p>Zato je okrugli sto organizovan u EU info centru prvi od mnogih koji \u0107e biti organizovani \u0161irom Crne Gore. Kampanja je krenula iz Podgorice, a nastavlja se u Nik\u0161i\u0107u, Pljevljima, Bijelom Polju&#8230;<\/p>\n<p>Odluka o udomljavanju psa mora biti odluka cijele porodice, i kampanja \u201eDrug iz snova, a bez krova\u201c unapre\u0111uje se kultura pona\u0161anja prema psima. S druge strane, pripremaju se i zakonske norme i obaveze koje \u0107e vlasnici pasa morati da ispunjavaju.<\/p>\n<p><a href=\"http:\/\/www.evropskakuca.me\/wp-content\/uploads\/2019\/09\/eu_kampanja_za_odgocvorno_drzanje_pasa-10.jpg\"><img decoding=\"async\" class=\"alignleft size-large wp-image-7120\" src=\"http:\/\/www.evropskakuca.me\/wp-content\/uploads\/2019\/09\/eu_kampanja_za_odgocvorno_drzanje_pasa-10-1024x683.jpg\" alt=\"\" width=\"1024\" height=\"683\" \/><\/a><\/p>\n<p>\u201cPripremljen je nacrt strategije za kontrolu populacije pasa. Planirano je da se nakon dr\u017eavne strategije naprave i lokalni planovi. Potrudi\u0107emo se da svaka lokalna zajednica prepozna svoja uska grla i da joj se pomogne. Ove godine \u0107emo intenzivnije raditi na registraciji ku\u0107nih ljubimaca, prvenstveno pasa. Vrlo brzo \u0107e krenuti taj proces jer su potrebni paso\u0161i i \u010dipovi ve\u0107 stigli u upravu.\u201c kazala je Vesna Radusinovi\u0107 iz Uprave za bezbjednost hrane.<\/p>\n<p><a href=\"http:\/\/www.evropskakuca.me\/wp-content\/uploads\/2019\/09\/eu_kampanja_za_odgocvorno_drzanje_pasa-12.jpg\"><img decoding=\"async\" class=\"alignleft size-large wp-image-7122\" src=\"http:\/\/www.evropskakuca.me\/wp-content\/uploads\/2019\/09\/eu_kampanja_za_odgocvorno_drzanje_pasa-12-1024x683.jpg\" alt=\"\" width=\"1024\" height=\"683\" \/><\/a><\/p>\n<p>Lice kampanje je pjeva\u010dica Suzana Tot, ponosna vlasnica jednog psa. Poru\u010dila je da se odnos prema ljubimcima gradi u porodici.<\/p>\n<p>\u201cMislim da treba staviti akcenat na odrasle, na roditelje. Nih treba nau\u010diti kako da vaspitavaju svoju djecu kad je odnos prema psima u pitanju. Dr\u017eanje psa je dio svakodnevnog \u017eivota, i pas je ravnopravan \u010dlan porodice. Zato je vrlo bitna edukacija prije kupovine ili udomljavanja psa\u201c, zaklju\u010dila je Tot.<\/p>\n","protected":false},"excerpt":{"rendered":"<p>Voljeti psa i imati psa su dvije razli\u010dite stvari. Zato je va\u017eno da se, prije nego \u0161to se odlu\u010dimo za ku\u0107nog ljubimca, zapitamo da li imamo vremena i prostora za njega. Tre\u0107e je pitanje finansija. Sa ku\u0107nim ljubimcem porodica dobija novog \u010dlana kojem treba obezbijediti sve, od hrane do redovnih posjeta veterinaru. Okrugli sto kojim [&hellip;]<\/p>\n","protected":false},"author":1,"featured_media":34577,"comment_status":"open","ping_status":"open","sticky":false,"template":"","format":"standard","meta":{"_acf_changed":false,"footnotes":""},"categories":[283],"tags":[],"class_list":["post-7115","post","type-post","status-publish","format-standard","has-post-thumbnail","hentry","category-novosti-me"],"acf":[],"yoast_head":"<!-- This site is optimized with the Yoast SEO plugin v27.3 - https:\/\/yoast.com\/product\/yoast-seo-wordpress\/ -->\n<title>Po\u010dinje kampanja udomljavanja i registracije pasa - Europe House<\/title>\n<meta name=\"robots\" content=\"index, follow, max-snippet:-1, max-image-preview:large, max-video-preview:-1\" \/>\n<link rel=\"canonical\" href=\"https:\/\/www.evropskakuca.me\/me\/pocinje-kampanja-udomljavanja-i-registracije-pasa\/\" \/>\n<meta property=\"og:locale\" content=\"en_US\" \/>\n<meta property=\"og:type\" content=\"article\" \/>\n<meta property=\"og:title\" content=\"Po\u010dinje kampanja udomljavanja i registracije pasa - Europe House\" \/>\n<meta property=\"og:description\" content=\"Voljeti psa i imati psa su dvije razli\u010dite stvari. Zato je va\u017eno da se, prije nego \u0161to se odlu\u010dimo za ku\u0107nog ljubimca, zapitamo da li imamo vremena i prostora za njega. Tre\u0107e je pitanje finansija. Sa ku\u0107nim ljubimcem porodica dobija novog \u010dlana kojem treba obezbijediti sve, od hrane do redovnih posjeta veterinaru. Okrugli sto kojim [&hellip;]\" \/>\n<meta property=\"og:url\" content=\"https:\/\/www.evropskakuca.me\/me\/pocinje-kampanja-udomljavanja-i-registracije-pasa\/\" \/>\n<meta property=\"og:site_name\" content=\"Europe House\" \/>\n<meta property=\"article:publisher\" content=\"https:\/\/www.facebook.com\/evropska.kuca\" \/>\n<meta property=\"article:published_time\" content=\"2019-09-09T10:25:03+00:00\" \/>\n<meta property=\"og:image\" content=\"https:\/\/www.evropskakuca.me\/wp-content\/uploads\/2019\/09\/udomi-me-scaled.jpg\" \/>\n\t<meta property=\"og:image:width\" content=\"2560\" \/>\n\t<meta property=\"og:image:height\" content=\"1707\" \/>\n\t<meta property=\"og:image:type\" content=\"image\/jpeg\" \/>\n<meta name=\"author\" content=\"mkajic\" \/>\n<meta name=\"twitter:card\" content=\"summary_large_image\" \/>\n<meta name=\"twitter:creator\" content=\"@evropska_kuca\" \/>\n<meta name=\"twitter:site\" content=\"@evropska_kuca\" \/>\n<meta name=\"twitter:label1\" content=\"Written by\" \/>\n\t<meta name=\"twitter:data1\" content=\"mkajic\" \/>\n\t<meta name=\"twitter:label2\" content=\"Est. reading time\" \/>\n\t<meta name=\"twitter:data2\" content=\"2 minutes\" \/>\n<script type=\"application\/ld+json\" class=\"yoast-schema-graph\">{\"@context\":\"https:\\\/\\\/schema.org\",\"@graph\":[{\"@type\":\"Article\",\"@id\":\"https:\\\/\\\/www.evropskakuca.me\\\/me\\\/pocinje-kampanja-udomljavanja-i-registracije-pasa\\\/#article\",\"isPartOf\":{\"@id\":\"https:\\\/\\\/www.evropskakuca.me\\\/me\\\/pocinje-kampanja-udomljavanja-i-registracije-pasa\\\/\"},\"author\":{\"name\":\"mkajic\",\"@id\":\"https:\\\/\\\/www.evropskakuca.me\\\/me\\\/#\\\/schema\\\/person\\\/a1d0dcdaefe4a1cd1d60d200ea137ba4\"},\"headline\":\"Po\u010dinje kampanja udomljavanja i registracije pasa\",\"datePublished\":\"2019-09-09T10:25:03+00:00\",\"mainEntityOfPage\":{\"@id\":\"https:\\\/\\\/www.evropskakuca.me\\\/me\\\/pocinje-kampanja-udomljavanja-i-registracije-pasa\\\/\"},\"wordCount\":431,\"commentCount\":0,\"publisher\":{\"@id\":\"https:\\\/\\\/www.evropskakuca.me\\\/me\\\/#organization\"},\"image\":{\"@id\":\"https:\\\/\\\/www.evropskakuca.me\\\/me\\\/pocinje-kampanja-udomljavanja-i-registracije-pasa\\\/#primaryimage\"},\"thumbnailUrl\":\"https:\\\/\\\/www.evropskakuca.me\\\/wp-content\\\/uploads\\\/2019\\\/09\\\/udomi-me-scaled.jpg\",\"articleSection\":[\"Novosti\"],\"inLanguage\":\"me-ME\",\"potentialAction\":[{\"@type\":\"CommentAction\",\"name\":\"Comment\",\"target\":[\"https:\\\/\\\/www.evropskakuca.me\\\/me\\\/pocinje-kampanja-udomljavanja-i-registracije-pasa\\\/#respond\"]}]},{\"@type\":\"WebPage\",\"@id\":\"https:\\\/\\\/www.evropskakuca.me\\\/me\\\/pocinje-kampanja-udomljavanja-i-registracije-pasa\\\/\",\"url\":\"https:\\\/\\\/www.evropskakuca.me\\\/me\\\/pocinje-kampanja-udomljavanja-i-registracije-pasa\\\/\",\"name\":\"Po\u010dinje kampanja udomljavanja i registracije pasa - Europe House\",\"isPartOf\":{\"@id\":\"https:\\\/\\\/www.evropskakuca.me\\\/me\\\/#website\"},\"primaryImageOfPage\":{\"@id\":\"https:\\\/\\\/www.evropskakuca.me\\\/me\\\/pocinje-kampanja-udomljavanja-i-registracije-pasa\\\/#primaryimage\"},\"image\":{\"@id\":\"https:\\\/\\\/www.evropskakuca.me\\\/me\\\/pocinje-kampanja-udomljavanja-i-registracije-pasa\\\/#primaryimage\"},\"thumbnailUrl\":\"https:\\\/\\\/www.evropskakuca.me\\\/wp-content\\\/uploads\\\/2019\\\/09\\\/udomi-me-scaled.jpg\",\"datePublished\":\"2019-09-09T10:25:03+00:00\",\"breadcrumb\":{\"@id\":\"https:\\\/\\\/www.evropskakuca.me\\\/me\\\/pocinje-kampanja-udomljavanja-i-registracije-pasa\\\/#breadcrumb\"},\"inLanguage\":\"me-ME\",\"potentialAction\":[{\"@type\":\"ReadAction\",\"target\":[\"https:\\\/\\\/www.evropskakuca.me\\\/me\\\/pocinje-kampanja-udomljavanja-i-registracije-pasa\\\/\"]}]},{\"@type\":\"ImageObject\",\"inLanguage\":\"me-ME\",\"@id\":\"https:\\\/\\\/www.evropskakuca.me\\\/me\\\/pocinje-kampanja-udomljavanja-i-registracije-pasa\\\/#primaryimage\",\"url\":\"https:\\\/\\\/www.evropskakuca.me\\\/wp-content\\\/uploads\\\/2019\\\/09\\\/udomi-me-scaled.jpg\",\"contentUrl\":\"https:\\\/\\\/www.evropskakuca.me\\\/wp-content\\\/uploads\\\/2019\\\/09\\\/udomi-me-scaled.jpg\",\"width\":2560,\"height\":1707},{\"@type\":\"BreadcrumbList\",\"@id\":\"https:\\\/\\\/www.evropskakuca.me\\\/me\\\/pocinje-kampanja-udomljavanja-i-registracije-pasa\\\/#breadcrumb\",\"itemListElement\":[{\"@type\":\"ListItem\",\"position\":1,\"name\":\"Home\",\"item\":\"https:\\\/\\\/www.evropskakuca.me\\\/me\\\/\"},{\"@type\":\"ListItem\",\"position\":2,\"name\":\"Po\u010dinje kampanja udomljavanja i registracije pasa\"}]},{\"@type\":\"WebSite\",\"@id\":\"https:\\\/\\\/www.evropskakuca.me\\\/me\\\/#website\",\"url\":\"https:\\\/\\\/www.evropskakuca.me\\\/me\\\/\",\"name\":\"Evropean house\",\"description\":\"\",\"publisher\":{\"@id\":\"https:\\\/\\\/www.evropskakuca.me\\\/me\\\/#organization\"},\"potentialAction\":[{\"@type\":\"SearchAction\",\"target\":{\"@type\":\"EntryPoint\",\"urlTemplate\":\"https:\\\/\\\/www.evropskakuca.me\\\/me\\\/?s={search_term_string}\"},\"query-input\":{\"@type\":\"PropertyValueSpecification\",\"valueRequired\":true,\"valueName\":\"search_term_string\"}}],\"inLanguage\":\"me-ME\"},{\"@type\":\"Organization\",\"@id\":\"https:\\\/\\\/www.evropskakuca.me\\\/me\\\/#organization\",\"name\":\"Evropean house\",\"url\":\"https:\\\/\\\/www.evropskakuca.me\\\/me\\\/\",\"logo\":{\"@type\":\"ImageObject\",\"inLanguage\":\"me-ME\",\"@id\":\"https:\\\/\\\/www.evropskakuca.me\\\/me\\\/#\\\/schema\\\/logo\\\/image\\\/\",\"url\":\"https:\\\/\\\/www.evropskakuca.me\\\/wp-content\\\/uploads\\\/2025\\\/01\\\/evropska-kuca-logo-1.png\",\"contentUrl\":\"https:\\\/\\\/www.evropskakuca.me\\\/wp-content\\\/uploads\\\/2025\\\/01\\\/evropska-kuca-logo-1.png\",\"width\":425,\"height\":312,\"caption\":\"Evropean house\"},\"image\":{\"@id\":\"https:\\\/\\\/www.evropskakuca.me\\\/me\\\/#\\\/schema\\\/logo\\\/image\\\/\"},\"sameAs\":[\"https:\\\/\\\/www.facebook.com\\\/evropska.kuca\",\"https:\\\/\\\/x.com\\\/evropska_kuca\",\"https:\\\/\\\/www.instagram.com\\\/evropska_kuca\"]},{\"@type\":\"Person\",\"@id\":\"https:\\\/\\\/www.evropskakuca.me\\\/me\\\/#\\\/schema\\\/person\\\/a1d0dcdaefe4a1cd1d60d200ea137ba4\",\"name\":\"mkajic\",\"image\":{\"@type\":\"ImageObject\",\"inLanguage\":\"me-ME\",\"@id\":\"https:\\\/\\\/secure.gravatar.com\\\/avatar\\\/731fa035cefab7316e6bafd1f25a93fb731a07de14e2d9923f8db4422628eabc?s=96&d=mm&r=g\",\"url\":\"https:\\\/\\\/secure.gravatar.com\\\/avatar\\\/731fa035cefab7316e6bafd1f25a93fb731a07de14e2d9923f8db4422628eabc?s=96&d=mm&r=g\",\"contentUrl\":\"https:\\\/\\\/secure.gravatar.com\\\/avatar\\\/731fa035cefab7316e6bafd1f25a93fb731a07de14e2d9923f8db4422628eabc?s=96&d=mm&r=g\",\"caption\":\"mkajic\"},\"sameAs\":[\"https:\\\/\\\/evropskakuca.me\"],\"url\":\"https:\\\/\\\/www.evropskakuca.me\\\/me\\\/author\\\/mkajic\\\/\"}]}<\/script>\n<!-- \/ Yoast SEO plugin. -->","yoast_head_json":{"title":"Po\u010dinje kampanja udomljavanja i registracije pasa - Europe House","robots":{"index":"index","follow":"follow","max-snippet":"max-snippet:-1","max-image-preview":"max-image-preview:large","max-video-preview":"max-video-preview:-1"},"canonical":"https:\/\/www.evropskakuca.me\/me\/pocinje-kampanja-udomljavanja-i-registracije-pasa\/","og_locale":"en_US","og_type":"article","og_title":"Po\u010dinje kampanja udomljavanja i registracije pasa - Europe House","og_description":"Voljeti psa i imati psa su dvije razli\u010dite stvari. Zato je va\u017eno da se, prije nego \u0161to se odlu\u010dimo za ku\u0107nog ljubimca, zapitamo da li imamo vremena i prostora za njega. Tre\u0107e je pitanje finansija. Sa ku\u0107nim ljubimcem porodica dobija novog \u010dlana kojem treba obezbijediti sve, od hrane do redovnih posjeta veterinaru. Okrugli sto kojim [&hellip;]","og_url":"https:\/\/www.evropskakuca.me\/me\/pocinje-kampanja-udomljavanja-i-registracije-pasa\/","og_site_name":"Europe House","article_publisher":"https:\/\/www.facebook.com\/evropska.kuca","article_published_time":"2019-09-09T10:25:03+00:00","og_image":[{"width":2560,"height":1707,"url":"https:\/\/www.evropskakuca.me\/wp-content\/uploads\/2019\/09\/udomi-me-scaled.jpg","type":"image\/jpeg"}],"author":"mkajic","twitter_card":"summary_large_image","twitter_creator":"@evropska_kuca","twitter_site":"@evropska_kuca","twitter_misc":{"Written by":"mkajic","Est. reading time":"2 minutes"},"schema":{"@context":"https:\/\/schema.org","@graph":[{"@type":"Article","@id":"https:\/\/www.evropskakuca.me\/me\/pocinje-kampanja-udomljavanja-i-registracije-pasa\/#article","isPartOf":{"@id":"https:\/\/www.evropskakuca.me\/me\/pocinje-kampanja-udomljavanja-i-registracije-pasa\/"},"author":{"name":"mkajic","@id":"https:\/\/www.evropskakuca.me\/me\/#\/schema\/person\/a1d0dcdaefe4a1cd1d60d200ea137ba4"},"headline":"Po\u010dinje kampanja udomljavanja i registracije pasa","datePublished":"2019-09-09T10:25:03+00:00","mainEntityOfPage":{"@id":"https:\/\/www.evropskakuca.me\/me\/pocinje-kampanja-udomljavanja-i-registracije-pasa\/"},"wordCount":431,"commentCount":0,"publisher":{"@id":"https:\/\/www.evropskakuca.me\/me\/#organization"},"image":{"@id":"https:\/\/www.evropskakuca.me\/me\/pocinje-kampanja-udomljavanja-i-registracije-pasa\/#primaryimage"},"thumbnailUrl":"https:\/\/www.evropskakuca.me\/wp-content\/uploads\/2019\/09\/udomi-me-scaled.jpg","articleSection":["Novosti"],"inLanguage":"me-ME","potentialAction":[{"@type":"CommentAction","name":"Comment","target":["https:\/\/www.evropskakuca.me\/me\/pocinje-kampanja-udomljavanja-i-registracije-pasa\/#respond"]}]},{"@type":"WebPage","@id":"https:\/\/www.evropskakuca.me\/me\/pocinje-kampanja-udomljavanja-i-registracije-pasa\/","url":"https:\/\/www.evropskakuca.me\/me\/pocinje-kampanja-udomljavanja-i-registracije-pasa\/","name":"Po\u010dinje kampanja udomljavanja i registracije pasa - Europe House","isPartOf":{"@id":"https:\/\/www.evropskakuca.me\/me\/#website"},"primaryImageOfPage":{"@id":"https:\/\/www.evropskakuca.me\/me\/pocinje-kampanja-udomljavanja-i-registracije-pasa\/#primaryimage"},"image":{"@id":"https:\/\/www.evropskakuca.me\/me\/pocinje-kampanja-udomljavanja-i-registracije-pasa\/#primaryimage"},"thumbnailUrl":"https:\/\/www.evropskakuca.me\/wp-content\/uploads\/2019\/09\/udomi-me-scaled.jpg","datePublished":"2019-09-09T10:25:03+00:00","breadcrumb":{"@id":"https:\/\/www.evropskakuca.me\/me\/pocinje-kampanja-udomljavanja-i-registracije-pasa\/#breadcrumb"},"inLanguage":"me-ME","potentialAction":[{"@type":"ReadAction","target":["https:\/\/www.evropskakuca.me\/me\/pocinje-kampanja-udomljavanja-i-registracije-pasa\/"]}]},{"@type":"ImageObject","inLanguage":"me-ME","@id":"https:\/\/www.evropskakuca.me\/me\/pocinje-kampanja-udomljavanja-i-registracije-pasa\/#primaryimage","url":"https:\/\/www.evropskakuca.me\/wp-content\/uploads\/2019\/09\/udomi-me-scaled.jpg","contentUrl":"https:\/\/www.evropskakuca.me\/wp-content\/uploads\/2019\/09\/udomi-me-scaled.jpg","width":2560,"height":1707},{"@type":"BreadcrumbList","@id":"https:\/\/www.evropskakuca.me\/me\/pocinje-kampanja-udomljavanja-i-registracije-pasa\/#breadcrumb","itemListElement":[{"@type":"ListItem","position":1,"name":"Home","item":"https:\/\/www.evropskakuca.me\/me\/"},{"@type":"ListItem","position":2,"name":"Po\u010dinje kampanja udomljavanja i registracije pasa"}]},{"@type":"WebSite","@id":"https:\/\/www.evropskakuca.me\/me\/#website","url":"https:\/\/www.evropskakuca.me\/me\/","name":"Evropean house","description":"","publisher":{"@id":"https:\/\/www.evropskakuca.me\/me\/#organization"},"potentialAction":[{"@type":"SearchAction","target":{"@type":"EntryPoint","urlTemplate":"https:\/\/www.evropskakuca.me\/me\/?s={search_term_string}"},"query-input":{"@type":"PropertyValueSpecification","valueRequired":true,"valueName":"search_term_string"}}],"inLanguage":"me-ME"},{"@type":"Organization","@id":"https:\/\/www.evropskakuca.me\/me\/#organization","name":"Evropean house","url":"https:\/\/www.evropskakuca.me\/me\/","logo":{"@type":"ImageObject","inLanguage":"me-ME","@id":"https:\/\/www.evropskakuca.me\/me\/#\/schema\/logo\/image\/","url":"https:\/\/www.evropskakuca.me\/wp-content\/uploads\/2025\/01\/evropska-kuca-logo-1.png","contentUrl":"https:\/\/www.evropskakuca.me\/wp-content\/uploads\/2025\/01\/evropska-kuca-logo-1.png","width":425,"height":312,"caption":"Evropean house"},"image":{"@id":"https:\/\/www.evropskakuca.me\/me\/#\/schema\/logo\/image\/"},"sameAs":["https:\/\/www.facebook.com\/evropska.kuca","https:\/\/x.com\/evropska_kuca","https:\/\/www.instagram.com\/evropska_kuca"]},{"@type":"Person","@id":"https:\/\/www.evropskakuca.me\/me\/#\/schema\/person\/a1d0dcdaefe4a1cd1d60d200ea137ba4","name":"mkajic","image":{"@type":"ImageObject","inLanguage":"me-ME","@id":"https:\/\/secure.gravatar.com\/avatar\/731fa035cefab7316e6bafd1f25a93fb731a07de14e2d9923f8db4422628eabc?s=96&d=mm&r=g","url":"https:\/\/secure.gravatar.com\/avatar\/731fa035cefab7316e6bafd1f25a93fb731a07de14e2d9923f8db4422628eabc?s=96&d=mm&r=g","contentUrl":"https:\/\/secure.gravatar.com\/avatar\/731fa035cefab7316e6bafd1f25a93fb731a07de14e2d9923f8db4422628eabc?s=96&d=mm&r=g","caption":"mkajic"},"sameAs":["https:\/\/evropskakuca.me"],"url":"https:\/\/www.evropskakuca.me\/me\/author\/mkajic\/"}]}},"_links":{"self":[{"href":"https:\/\/www.evropskakuca.me\/me\/wp-json\/wp\/v2\/posts\/7115","targetHints":{"allow":["GET"]}}],"collection":[{"href":"https:\/\/www.evropskakuca.me\/me\/wp-json\/wp\/v2\/posts"}],"about":[{"href":"https:\/\/www.evropskakuca.me\/me\/wp-json\/wp\/v2\/types\/post"}],"author":[{"embeddable":true,"href":"https:\/\/www.evropskakuca.me\/me\/wp-json\/wp\/v2\/users\/1"}],"replies":[{"embeddable":true,"href":"https:\/\/www.evropskakuca.me\/me\/wp-json\/wp\/v2\/comments?post=7115"}],"version-history":[{"count":0,"href":"https:\/\/www.evropskakuca.me\/me\/wp-json\/wp\/v2\/posts\/7115\/revisions"}],"wp:featuredmedia":[{"embeddable":true,"href":"https:\/\/www.evropskakuca.me\/me\/wp-json\/wp\/v2\/media\/34577"}],"wp:attachment":[{"href":"https:\/\/www.evropskakuca.me\/me\/wp-json\/wp\/v2\/media?parent=7115"}],"wp:term":[{"taxonomy":"category","embeddable":true,"href":"https:\/\/www.evropskakuca.me\/me\/wp-json\/wp\/v2\/categories?post=7115"},{"taxonomy":"post_tag","embeddable":true,"href":"https:\/\/www.evropskakuca.me\/me\/wp-json\/wp\/v2\/tags?post=7115"}],"curies":[{"name":"wp","href":"https:\/\/api.w.org\/{rel}","templated":true}]}}