{"id":7082,"date":"2019-08-05T16:48:46","date_gmt":"2019-08-05T16:48:46","guid":{"rendered":"http:\/\/www.evropskakuca.me\/me\/?p=7082"},"modified":"2019-08-05T16:48:46","modified_gmt":"2019-08-05T16:48:46","slug":"neformalni-susret-predstavnika-ca-lgbtiq-zajednice-i-medija-u-eu-info-centru","status":"publish","type":"post","link":"https:\/\/www.evropskakuca.me\/me\/neformalni-susret-predstavnika-ca-lgbtiq-zajednice-i-medija-u-eu-info-centru\/","title":{"rendered":"Neformalni susret predstavnika\/ca LGBTIQ zajednice i medija u EU info centru"},"content":{"rendered":"<p>LGBTIQ teme su prisutne u medijima, ali je primjetno da se nerijetko o njima izvje\u0161tava povr\u0161no, senzacionalisti\u010dki i stereotipno. Prilika da se to, makar djelimi\u010dno, promjeni bio je neformalni susret predstavnika i predstavnica medija i LGBTIQ zajednice, koji su Delegacija Evropske unije u Crnoj Gori i EU info centar organizovali 25. jula. Glavni cilj ovog susreta je bio da kroz otvaranje novih tema, izvje\u0161tavanje o LGBTIQ temama postane potpunije, kvalitetnije, sa ve\u0107im stepenom razumijevanja.<\/p>\n<p>Susret je po\u010deo obra\u0107anjem Mladenke Te\u0161i\u0107 iz Delegacije Evropske unije u Crnoj Gori, koja je naglasila da je EU sna\u017eno zainteresovana za LGBTIQ i medijske teme i probleme i navela na koji na\u010din EU doprinosi da se situacija u tim oblastima pobolj\u0161a. Potom je Marica Vlahovi\u0107 iz crnogorske LGBTIQ asocijacije Queer Montenegro odr\u017eala kratku prezentaciju o medijskom izvje\u0161tavanju o LGBTIQ osobama u Crnoj Gori. Vlahovi\u0107 je naglasila koliko novinari sna\u017eno uti\u010du na formiranje stava javnosti o LGBTIQ osobama, ali i na same pripadnike zajednice \u2013 zbog \u010dega je njihova odgovornost velika. Prezentacija je pokrenula dinami\u010dnu diskusiju, tokom koje su se \u010duli stavovi \u0161ta se do sada radilo pogre\u0161no i kako se to mo\u017ee promijeniti, na koji na\u010din se senzacionalizam i stereotipi mogu izbje\u0107i i kako se sa razumijevanjem mo\u017ee i treba izvje\u0161tavati o ovoj osjetljivoj temi.<\/p>\n<p>Diskusija se nastavila i tokom razgovora jedan-na-jedan, koji su bili prilika da predstavnici LGBTIQ zajednica i medija u opu\u0161tenoj atmosferi saznaju vi\u0161e jedni o drugima, kako bi se bolje razumjeli. Novinari su \u010duli \u0161ta se de\u0161ava u LGBT zajednici, dok je zajednica stekla uvid u to kako funkcioni\u0161u novinarske redakcije i koji su izazovi sa kojima se novinari svakodnevno suo\u010davaju. Tako\u0111e, predlo\u017eene su i dogovorene nove teme o kojima \u0107e se izvje\u0161tavati, kako bi se jo\u0161 neispri\u010dane pri\u010de predstavile javnosti.<\/p>\n<p><a href=\"http:\/\/www.evropskakuca.me\/wp-content\/uploads\/2019\/08\/lgbt-journalists-2.jpg\"><img fetchpriority=\"high\" decoding=\"async\" class=\"alignleft size-full wp-image-7080\" src=\"http:\/\/www.evropskakuca.me\/wp-content\/uploads\/2019\/08\/lgbt-journalists-2.jpg\" alt=\"\" width=\"960\" height=\"960\" \/><\/a><\/p>\n<p>U\u010desnici su na kraju neformalnog susreta potvrdili da su ove frome okupljanja vi\u0161estruko korisne, te da su razgovori u neoptere\u0107uju\u0107oj atmosferi, konstruktivniji i produktivniji.<\/p>\n","protected":false},"excerpt":{"rendered":"<p>Cilj ovog susreta je bio da kroz otvaranje novih tema, izvje\u0161tavanje o LGBTIQ temama postane potpunije, kvalitetnije i sa ve\u0107im stepenom razumijevanja<\/p>\n","protected":false},"author":1,"featured_media":34539,"comment_status":"closed","ping_status":"closed","sticky":false,"template":"","format":"standard","meta":{"_acf_changed":false,"footnotes":""},"categories":[285,283],"tags":[],"class_list":["post-7082","post","type-post","status-publish","format-standard","has-post-thumbnail","hentry","category-kampanje-i-eventi","category-novosti-me"],"acf":[],"yoast_head":"<!-- This site is optimized with the Yoast SEO plugin v27.3 - https:\/\/yoast.com\/product\/yoast-seo-wordpress\/ -->\n<title>Neformalni susret predstavnika\/ca LGBTIQ zajednice i medija u EU info centru - Europe House<\/title>\n<meta name=\"robots\" content=\"index, follow, max-snippet:-1, max-image-preview:large, max-video-preview:-1\" \/>\n<link rel=\"canonical\" href=\"https:\/\/www.evropskakuca.me\/me\/neformalni-susret-predstavnika-ca-lgbtiq-zajednice-i-medija-u-eu-info-centru\/\" \/>\n<meta property=\"og:locale\" content=\"en_US\" \/>\n<meta property=\"og:type\" content=\"article\" \/>\n<meta property=\"og:title\" content=\"Neformalni susret predstavnika\/ca LGBTIQ zajednice i medija u EU info centru - Europe House\" \/>\n<meta property=\"og:description\" content=\"Cilj ovog susreta je bio da kroz otvaranje novih tema, izvje\u0161tavanje o LGBTIQ temama postane potpunije, kvalitetnije i sa ve\u0107im stepenom razumijevanja\" \/>\n<meta property=\"og:url\" content=\"https:\/\/www.evropskakuca.me\/me\/neformalni-susret-predstavnika-ca-lgbtiq-zajednice-i-medija-u-eu-info-centru\/\" \/>\n<meta property=\"og:site_name\" content=\"Europe House\" \/>\n<meta property=\"article:publisher\" content=\"https:\/\/www.facebook.com\/evropska.kuca\" \/>\n<meta property=\"article:published_time\" content=\"2019-08-05T16:48:46+00:00\" \/>\n<meta property=\"og:image\" content=\"https:\/\/www.evropskakuca.me\/wp-content\/uploads\/2019\/08\/lgbt-journalists.jpg\" \/>\n\t<meta property=\"og:image:width\" content=\"960\" \/>\n\t<meta property=\"og:image:height\" content=\"720\" \/>\n\t<meta property=\"og:image:type\" content=\"image\/jpeg\" \/>\n<meta name=\"author\" content=\"mkajic\" \/>\n<meta name=\"twitter:card\" content=\"summary_large_image\" \/>\n<meta name=\"twitter:creator\" content=\"@evropska_kuca\" \/>\n<meta name=\"twitter:site\" content=\"@evropska_kuca\" \/>\n<meta name=\"twitter:label1\" content=\"Written by\" \/>\n\t<meta name=\"twitter:data1\" content=\"mkajic\" \/>\n\t<meta name=\"twitter:label2\" content=\"Est. reading time\" \/>\n\t<meta name=\"twitter:data2\" content=\"2 minutes\" \/>\n<script type=\"application\/ld+json\" class=\"yoast-schema-graph\">{\"@context\":\"https:\\\/\\\/schema.org\",\"@graph\":[{\"@type\":\"Article\",\"@id\":\"https:\\\/\\\/www.evropskakuca.me\\\/me\\\/neformalni-susret-predstavnika-ca-lgbtiq-zajednice-i-medija-u-eu-info-centru\\\/#article\",\"isPartOf\":{\"@id\":\"https:\\\/\\\/www.evropskakuca.me\\\/me\\\/neformalni-susret-predstavnika-ca-lgbtiq-zajednice-i-medija-u-eu-info-centru\\\/\"},\"author\":{\"name\":\"mkajic\",\"@id\":\"https:\\\/\\\/www.evropskakuca.me\\\/me\\\/#\\\/schema\\\/person\\\/a1d0dcdaefe4a1cd1d60d200ea137ba4\"},\"headline\":\"Neformalni susret predstavnika\\\/ca LGBTIQ zajednice i medija u EU info centru\",\"datePublished\":\"2019-08-05T16:48:46+00:00\",\"mainEntityOfPage\":{\"@id\":\"https:\\\/\\\/www.evropskakuca.me\\\/me\\\/neformalni-susret-predstavnika-ca-lgbtiq-zajednice-i-medija-u-eu-info-centru\\\/\"},\"wordCount\":361,\"publisher\":{\"@id\":\"https:\\\/\\\/www.evropskakuca.me\\\/me\\\/#organization\"},\"image\":{\"@id\":\"https:\\\/\\\/www.evropskakuca.me\\\/me\\\/neformalni-susret-predstavnika-ca-lgbtiq-zajednice-i-medija-u-eu-info-centru\\\/#primaryimage\"},\"thumbnailUrl\":\"https:\\\/\\\/www.evropskakuca.me\\\/wp-content\\\/uploads\\\/2019\\\/08\\\/lgbt-journalists.jpg\",\"articleSection\":[\"Kampanje i eventi\",\"Novosti\"],\"inLanguage\":\"me-ME\"},{\"@type\":\"WebPage\",\"@id\":\"https:\\\/\\\/www.evropskakuca.me\\\/me\\\/neformalni-susret-predstavnika-ca-lgbtiq-zajednice-i-medija-u-eu-info-centru\\\/\",\"url\":\"https:\\\/\\\/www.evropskakuca.me\\\/me\\\/neformalni-susret-predstavnika-ca-lgbtiq-zajednice-i-medija-u-eu-info-centru\\\/\",\"name\":\"Neformalni susret predstavnika\\\/ca LGBTIQ zajednice i medija u EU info centru - Europe House\",\"isPartOf\":{\"@id\":\"https:\\\/\\\/www.evropskakuca.me\\\/me\\\/#website\"},\"primaryImageOfPage\":{\"@id\":\"https:\\\/\\\/www.evropskakuca.me\\\/me\\\/neformalni-susret-predstavnika-ca-lgbtiq-zajednice-i-medija-u-eu-info-centru\\\/#primaryimage\"},\"image\":{\"@id\":\"https:\\\/\\\/www.evropskakuca.me\\\/me\\\/neformalni-susret-predstavnika-ca-lgbtiq-zajednice-i-medija-u-eu-info-centru\\\/#primaryimage\"},\"thumbnailUrl\":\"https:\\\/\\\/www.evropskakuca.me\\\/wp-content\\\/uploads\\\/2019\\\/08\\\/lgbt-journalists.jpg\",\"datePublished\":\"2019-08-05T16:48:46+00:00\",\"breadcrumb\":{\"@id\":\"https:\\\/\\\/www.evropskakuca.me\\\/me\\\/neformalni-susret-predstavnika-ca-lgbtiq-zajednice-i-medija-u-eu-info-centru\\\/#breadcrumb\"},\"inLanguage\":\"me-ME\",\"potentialAction\":[{\"@type\":\"ReadAction\",\"target\":[\"https:\\\/\\\/www.evropskakuca.me\\\/me\\\/neformalni-susret-predstavnika-ca-lgbtiq-zajednice-i-medija-u-eu-info-centru\\\/\"]}]},{\"@type\":\"ImageObject\",\"inLanguage\":\"me-ME\",\"@id\":\"https:\\\/\\\/www.evropskakuca.me\\\/me\\\/neformalni-susret-predstavnika-ca-lgbtiq-zajednice-i-medija-u-eu-info-centru\\\/#primaryimage\",\"url\":\"https:\\\/\\\/www.evropskakuca.me\\\/wp-content\\\/uploads\\\/2019\\\/08\\\/lgbt-journalists.jpg\",\"contentUrl\":\"https:\\\/\\\/www.evropskakuca.me\\\/wp-content\\\/uploads\\\/2019\\\/08\\\/lgbt-journalists.jpg\",\"width\":960,\"height\":720},{\"@type\":\"BreadcrumbList\",\"@id\":\"https:\\\/\\\/www.evropskakuca.me\\\/me\\\/neformalni-susret-predstavnika-ca-lgbtiq-zajednice-i-medija-u-eu-info-centru\\\/#breadcrumb\",\"itemListElement\":[{\"@type\":\"ListItem\",\"position\":1,\"name\":\"Home\",\"item\":\"https:\\\/\\\/www.evropskakuca.me\\\/me\\\/\"},{\"@type\":\"ListItem\",\"position\":2,\"name\":\"Neformalni susret predstavnika\\\/ca LGBTIQ zajednice i medija u EU info centru\"}]},{\"@type\":\"WebSite\",\"@id\":\"https:\\\/\\\/www.evropskakuca.me\\\/me\\\/#website\",\"url\":\"https:\\\/\\\/www.evropskakuca.me\\\/me\\\/\",\"name\":\"Evropean house\",\"description\":\"\",\"publisher\":{\"@id\":\"https:\\\/\\\/www.evropskakuca.me\\\/me\\\/#organization\"},\"potentialAction\":[{\"@type\":\"SearchAction\",\"target\":{\"@type\":\"EntryPoint\",\"urlTemplate\":\"https:\\\/\\\/www.evropskakuca.me\\\/me\\\/?s={search_term_string}\"},\"query-input\":{\"@type\":\"PropertyValueSpecification\",\"valueRequired\":true,\"valueName\":\"search_term_string\"}}],\"inLanguage\":\"me-ME\"},{\"@type\":\"Organization\",\"@id\":\"https:\\\/\\\/www.evropskakuca.me\\\/me\\\/#organization\",\"name\":\"Evropean house\",\"url\":\"https:\\\/\\\/www.evropskakuca.me\\\/me\\\/\",\"logo\":{\"@type\":\"ImageObject\",\"inLanguage\":\"me-ME\",\"@id\":\"https:\\\/\\\/www.evropskakuca.me\\\/me\\\/#\\\/schema\\\/logo\\\/image\\\/\",\"url\":\"https:\\\/\\\/www.evropskakuca.me\\\/wp-content\\\/uploads\\\/2025\\\/01\\\/evropska-kuca-logo-1.png\",\"contentUrl\":\"https:\\\/\\\/www.evropskakuca.me\\\/wp-content\\\/uploads\\\/2025\\\/01\\\/evropska-kuca-logo-1.png\",\"width\":425,\"height\":312,\"caption\":\"Evropean house\"},\"image\":{\"@id\":\"https:\\\/\\\/www.evropskakuca.me\\\/me\\\/#\\\/schema\\\/logo\\\/image\\\/\"},\"sameAs\":[\"https:\\\/\\\/www.facebook.com\\\/evropska.kuca\",\"https:\\\/\\\/x.com\\\/evropska_kuca\",\"https:\\\/\\\/www.instagram.com\\\/evropska_kuca\"]},{\"@type\":\"Person\",\"@id\":\"https:\\\/\\\/www.evropskakuca.me\\\/me\\\/#\\\/schema\\\/person\\\/a1d0dcdaefe4a1cd1d60d200ea137ba4\",\"name\":\"mkajic\",\"image\":{\"@type\":\"ImageObject\",\"inLanguage\":\"me-ME\",\"@id\":\"https:\\\/\\\/secure.gravatar.com\\\/avatar\\\/731fa035cefab7316e6bafd1f25a93fb731a07de14e2d9923f8db4422628eabc?s=96&d=mm&r=g\",\"url\":\"https:\\\/\\\/secure.gravatar.com\\\/avatar\\\/731fa035cefab7316e6bafd1f25a93fb731a07de14e2d9923f8db4422628eabc?s=96&d=mm&r=g\",\"contentUrl\":\"https:\\\/\\\/secure.gravatar.com\\\/avatar\\\/731fa035cefab7316e6bafd1f25a93fb731a07de14e2d9923f8db4422628eabc?s=96&d=mm&r=g\",\"caption\":\"mkajic\"},\"sameAs\":[\"https:\\\/\\\/evropskakuca.me\"],\"url\":\"https:\\\/\\\/www.evropskakuca.me\\\/me\\\/author\\\/mkajic\\\/\"}]}<\/script>\n<!-- \/ Yoast SEO plugin. -->","yoast_head_json":{"title":"Neformalni susret predstavnika\/ca LGBTIQ zajednice i medija u EU info centru - Europe House","robots":{"index":"index","follow":"follow","max-snippet":"max-snippet:-1","max-image-preview":"max-image-preview:large","max-video-preview":"max-video-preview:-1"},"canonical":"https:\/\/www.evropskakuca.me\/me\/neformalni-susret-predstavnika-ca-lgbtiq-zajednice-i-medija-u-eu-info-centru\/","og_locale":"en_US","og_type":"article","og_title":"Neformalni susret predstavnika\/ca LGBTIQ zajednice i medija u EU info centru - Europe House","og_description":"Cilj ovog susreta je bio da kroz otvaranje novih tema, izvje\u0161tavanje o LGBTIQ temama postane potpunije, kvalitetnije i sa ve\u0107im stepenom razumijevanja","og_url":"https:\/\/www.evropskakuca.me\/me\/neformalni-susret-predstavnika-ca-lgbtiq-zajednice-i-medija-u-eu-info-centru\/","og_site_name":"Europe House","article_publisher":"https:\/\/www.facebook.com\/evropska.kuca","article_published_time":"2019-08-05T16:48:46+00:00","og_image":[{"width":960,"height":720,"url":"https:\/\/www.evropskakuca.me\/wp-content\/uploads\/2019\/08\/lgbt-journalists.jpg","type":"image\/jpeg"}],"author":"mkajic","twitter_card":"summary_large_image","twitter_creator":"@evropska_kuca","twitter_site":"@evropska_kuca","twitter_misc":{"Written by":"mkajic","Est. reading time":"2 minutes"},"schema":{"@context":"https:\/\/schema.org","@graph":[{"@type":"Article","@id":"https:\/\/www.evropskakuca.me\/me\/neformalni-susret-predstavnika-ca-lgbtiq-zajednice-i-medija-u-eu-info-centru\/#article","isPartOf":{"@id":"https:\/\/www.evropskakuca.me\/me\/neformalni-susret-predstavnika-ca-lgbtiq-zajednice-i-medija-u-eu-info-centru\/"},"author":{"name":"mkajic","@id":"https:\/\/www.evropskakuca.me\/me\/#\/schema\/person\/a1d0dcdaefe4a1cd1d60d200ea137ba4"},"headline":"Neformalni susret predstavnika\/ca LGBTIQ zajednice i medija u EU info centru","datePublished":"2019-08-05T16:48:46+00:00","mainEntityOfPage":{"@id":"https:\/\/www.evropskakuca.me\/me\/neformalni-susret-predstavnika-ca-lgbtiq-zajednice-i-medija-u-eu-info-centru\/"},"wordCount":361,"publisher":{"@id":"https:\/\/www.evropskakuca.me\/me\/#organization"},"image":{"@id":"https:\/\/www.evropskakuca.me\/me\/neformalni-susret-predstavnika-ca-lgbtiq-zajednice-i-medija-u-eu-info-centru\/#primaryimage"},"thumbnailUrl":"https:\/\/www.evropskakuca.me\/wp-content\/uploads\/2019\/08\/lgbt-journalists.jpg","articleSection":["Kampanje i eventi","Novosti"],"inLanguage":"me-ME"},{"@type":"WebPage","@id":"https:\/\/www.evropskakuca.me\/me\/neformalni-susret-predstavnika-ca-lgbtiq-zajednice-i-medija-u-eu-info-centru\/","url":"https:\/\/www.evropskakuca.me\/me\/neformalni-susret-predstavnika-ca-lgbtiq-zajednice-i-medija-u-eu-info-centru\/","name":"Neformalni susret predstavnika\/ca LGBTIQ zajednice i medija u EU info centru - Europe House","isPartOf":{"@id":"https:\/\/www.evropskakuca.me\/me\/#website"},"primaryImageOfPage":{"@id":"https:\/\/www.evropskakuca.me\/me\/neformalni-susret-predstavnika-ca-lgbtiq-zajednice-i-medija-u-eu-info-centru\/#primaryimage"},"image":{"@id":"https:\/\/www.evropskakuca.me\/me\/neformalni-susret-predstavnika-ca-lgbtiq-zajednice-i-medija-u-eu-info-centru\/#primaryimage"},"thumbnailUrl":"https:\/\/www.evropskakuca.me\/wp-content\/uploads\/2019\/08\/lgbt-journalists.jpg","datePublished":"2019-08-05T16:48:46+00:00","breadcrumb":{"@id":"https:\/\/www.evropskakuca.me\/me\/neformalni-susret-predstavnika-ca-lgbtiq-zajednice-i-medija-u-eu-info-centru\/#breadcrumb"},"inLanguage":"me-ME","potentialAction":[{"@type":"ReadAction","target":["https:\/\/www.evropskakuca.me\/me\/neformalni-susret-predstavnika-ca-lgbtiq-zajednice-i-medija-u-eu-info-centru\/"]}]},{"@type":"ImageObject","inLanguage":"me-ME","@id":"https:\/\/www.evropskakuca.me\/me\/neformalni-susret-predstavnika-ca-lgbtiq-zajednice-i-medija-u-eu-info-centru\/#primaryimage","url":"https:\/\/www.evropskakuca.me\/wp-content\/uploads\/2019\/08\/lgbt-journalists.jpg","contentUrl":"https:\/\/www.evropskakuca.me\/wp-content\/uploads\/2019\/08\/lgbt-journalists.jpg","width":960,"height":720},{"@type":"BreadcrumbList","@id":"https:\/\/www.evropskakuca.me\/me\/neformalni-susret-predstavnika-ca-lgbtiq-zajednice-i-medija-u-eu-info-centru\/#breadcrumb","itemListElement":[{"@type":"ListItem","position":1,"name":"Home","item":"https:\/\/www.evropskakuca.me\/me\/"},{"@type":"ListItem","position":2,"name":"Neformalni susret predstavnika\/ca LGBTIQ zajednice i medija u EU info centru"}]},{"@type":"WebSite","@id":"https:\/\/www.evropskakuca.me\/me\/#website","url":"https:\/\/www.evropskakuca.me\/me\/","name":"Evropean house","description":"","publisher":{"@id":"https:\/\/www.evropskakuca.me\/me\/#organization"},"potentialAction":[{"@type":"SearchAction","target":{"@type":"EntryPoint","urlTemplate":"https:\/\/www.evropskakuca.me\/me\/?s={search_term_string}"},"query-input":{"@type":"PropertyValueSpecification","valueRequired":true,"valueName":"search_term_string"}}],"inLanguage":"me-ME"},{"@type":"Organization","@id":"https:\/\/www.evropskakuca.me\/me\/#organization","name":"Evropean house","url":"https:\/\/www.evropskakuca.me\/me\/","logo":{"@type":"ImageObject","inLanguage":"me-ME","@id":"https:\/\/www.evropskakuca.me\/me\/#\/schema\/logo\/image\/","url":"https:\/\/www.evropskakuca.me\/wp-content\/uploads\/2025\/01\/evropska-kuca-logo-1.png","contentUrl":"https:\/\/www.evropskakuca.me\/wp-content\/uploads\/2025\/01\/evropska-kuca-logo-1.png","width":425,"height":312,"caption":"Evropean house"},"image":{"@id":"https:\/\/www.evropskakuca.me\/me\/#\/schema\/logo\/image\/"},"sameAs":["https:\/\/www.facebook.com\/evropska.kuca","https:\/\/x.com\/evropska_kuca","https:\/\/www.instagram.com\/evropska_kuca"]},{"@type":"Person","@id":"https:\/\/www.evropskakuca.me\/me\/#\/schema\/person\/a1d0dcdaefe4a1cd1d60d200ea137ba4","name":"mkajic","image":{"@type":"ImageObject","inLanguage":"me-ME","@id":"https:\/\/secure.gravatar.com\/avatar\/731fa035cefab7316e6bafd1f25a93fb731a07de14e2d9923f8db4422628eabc?s=96&d=mm&r=g","url":"https:\/\/secure.gravatar.com\/avatar\/731fa035cefab7316e6bafd1f25a93fb731a07de14e2d9923f8db4422628eabc?s=96&d=mm&r=g","contentUrl":"https:\/\/secure.gravatar.com\/avatar\/731fa035cefab7316e6bafd1f25a93fb731a07de14e2d9923f8db4422628eabc?s=96&d=mm&r=g","caption":"mkajic"},"sameAs":["https:\/\/evropskakuca.me"],"url":"https:\/\/www.evropskakuca.me\/me\/author\/mkajic\/"}]}},"_links":{"self":[{"href":"https:\/\/www.evropskakuca.me\/me\/wp-json\/wp\/v2\/posts\/7082","targetHints":{"allow":["GET"]}}],"collection":[{"href":"https:\/\/www.evropskakuca.me\/me\/wp-json\/wp\/v2\/posts"}],"about":[{"href":"https:\/\/www.evropskakuca.me\/me\/wp-json\/wp\/v2\/types\/post"}],"author":[{"embeddable":true,"href":"https:\/\/www.evropskakuca.me\/me\/wp-json\/wp\/v2\/users\/1"}],"replies":[{"embeddable":true,"href":"https:\/\/www.evropskakuca.me\/me\/wp-json\/wp\/v2\/comments?post=7082"}],"version-history":[{"count":0,"href":"https:\/\/www.evropskakuca.me\/me\/wp-json\/wp\/v2\/posts\/7082\/revisions"}],"wp:featuredmedia":[{"embeddable":true,"href":"https:\/\/www.evropskakuca.me\/me\/wp-json\/wp\/v2\/media\/34539"}],"wp:attachment":[{"href":"https:\/\/www.evropskakuca.me\/me\/wp-json\/wp\/v2\/media?parent=7082"}],"wp:term":[{"taxonomy":"category","embeddable":true,"href":"https:\/\/www.evropskakuca.me\/me\/wp-json\/wp\/v2\/categories?post=7082"},{"taxonomy":"post_tag","embeddable":true,"href":"https:\/\/www.evropskakuca.me\/me\/wp-json\/wp\/v2\/tags?post=7082"}],"curies":[{"name":"wp","href":"https:\/\/api.w.org\/{rel}","templated":true}]}}