{"id":7073,"date":"2019-07-26T11:01:29","date_gmt":"2019-07-26T11:01:29","guid":{"rendered":"http:\/\/www.evropskakuca.me\/me\/?p=7073"},"modified":"2019-07-26T11:01:29","modified_gmt":"2019-07-26T11:01:29","slug":"ljetnje-izdanje-evropskog-filmskog-festivala-odrzano-na-zabljaku","status":"publish","type":"post","link":"https:\/\/www.evropskakuca.me\/me\/ljetnje-izdanje-evropskog-filmskog-festivala-odrzano-na-zabljaku\/","title":{"rendered":"Ljetnje izdanje Evropskog filmskog festivala odr\u017eano na \u017dabljaku"},"content":{"rendered":"<p>Evropska unija u Crnoj Gori organizovala je ljetnje izdanje Evropskog filmskog festivala (EFF) na \u017dabljaku, od 20. do 25. jula, u saradnji sa lokalnom turisti\u010dkom organizacijom. U Centru za kulturu prikazano je ukupno \u0161est filmova, a ulaz na sve projekcije je bio besplatan. Festival su zvani\u010dno otvorili predsjednik \u017dabljaka Veselin Vuki\u0107evi\u0107 i savjetnica za medije u Delegaciji Evropske unije u Crnoj Gori Nade\u017eda Drami\u0107anin.<\/p>\n<p>\u201eVeliko mi je zadovoljstvo i \u010dast \u0161to mogu da otvorim Evropski filmski festival, sada ve\u0107 peti koji Delegacija Evropske unije organizuje u Crnoj Gori, zajedno sa EU info centrom i lokalnim partnerima. \u017delimo da radimo vi\u0161e na lokalu i da komuniciramo vi\u0161e sa gra\u0111anima. Zato smo ove godine festival otvorili na \u017dabljaku, a ne u Podgorici, kao \u0161to ina\u010de biva. Nadam se da \u0107ete u\u017eivati narednih pet dana u profesionalno odrabranim evropskim filmovima\u201c, kazala je Drami\u0107anin.<\/p>\n<p><a href=\"http:\/\/www.evropskakuca.me\/wp-content\/uploads\/2019\/07\/zabljak-nadezda.jpg\"><img fetchpriority=\"high\" decoding=\"async\" class=\"alignleft size-large wp-image-7068\" src=\"http:\/\/www.evropskakuca.me\/wp-content\/uploads\/2019\/07\/zabljak-nadezda-1024x683.jpg\" alt=\"\" width=\"1024\" height=\"683\" \/><\/a><\/p>\n<p>Predsjednik op\u0161tine \u017dabljak Veselin Vuki\u0107evi\u0107 rekao je da odr\u017eavanje festivala predstavlja ogromnu \u010dast za lokalnu upravu.<\/p>\n<p>\u201eZa turisti\u010dku sezonu koja je u toku, ovakva manifestacija, predstavlja ogroman doprinos. Stoga \u017eelim da se zahvalim organizatorima,\u00a0 Delegaciji Evropske unije u Crnoj Gori i EU info centru, kao i Turisti\u010dkoj organizaciji \u017dabljaka, napominju\u0107i da su svi filmovi u sekciji, filmovi nagra\u0111ivani na brojnim filmskim smotrama\u201c, rekao je Vuki\u0107evi\u0107.<\/p>\n<p>Festival je tokom \u0161est dana posjetilo oko 250 gledalaca. \u017dablja\u010dani, turisti i stanovnici okolnih mjesta imali su priliku da odgledaju satiri\u010dnu komediju\/dramu \u201eKralj Belgijanaca\u201c, francusku dramu \u201eKrvavo mlijeko\u201c, portugalsko-francusko-brazilsku koprodukciju \u201eDijamantino\u201c, kao i tri dokumentarna filma \u201eTi\u0161ina drugih\u201c, \u201eStranac u raju\u201c i \u201eDaleki lave\u017e pasa\u201c. Vi\u0161e o prikazanim filmovima pro\u010ditajte <a href=\"http:\/\/www.evropskakuca.me\/me\/ljetnje-izdanje-evropskog-filmskog-festivala-pocinje-u-subotu-na-zabljaku\/\">ovdje.<\/a><\/p>\n<p><a href=\"http:\/\/www.evropskakuca.me\/wp-content\/uploads\/2019\/07\/zabljak-slagalica.jpg\"><img decoding=\"async\" class=\"alignleft size-large wp-image-7070\" src=\"http:\/\/www.evropskakuca.me\/wp-content\/uploads\/2019\/07\/zabljak-slagalica-1024x683.jpg\" alt=\"\" width=\"1024\" height=\"683\" \/><\/a><\/p>\n<p>Predstavnici Delegacije Evropske unije u Crnoj Gori i EU info centra tokom posjete \u017dabljaku organizovali su i Dan Evropske unije. Na platou ispred Centra za kulturu predstavljena je izlo\u017eba EU projekata \u201eCrna Gora i EU \u2013 partnerstvo koje traje\u201c, koja je bila otvorena dvije sedmice.<\/p>\n<p>\u201eRazgovarali smo sa posjetiocima, ponudili smo interaktivni sadr\u017eaj za mlade i postavili izlo\u017ebu fotografija EU projekata u Crnoj Gori. Nadam se da smo uspjeli da pribli\u017eimo Evropsku uniju gra\u0111anima, jer evropske integracije se upravo de\u0161avaju na lokalu i korist od evropskih integracija imaju upravo gra\u0111ani\u201c, kazala je Drami\u0107anin.<\/p>\n<p>Nakon \u017dabljaka, EFF \u0107e tokom jeseni biti organizovan u Podgorici i drugim crnogorskim op\u0161tinama.<\/p>\n<p>&nbsp;<\/p>\n<h4>Prate\u0107i materijali<\/h4>\n<p><a href=\"http:\/\/www.evropskakuca.me\/me\/zavrsen-jubilarni-peti-evropski-filmski-festival\/\">Zavr\u0161en jubilarni peti Evropski filmski festival<\/a><\/p>\n<p><a href=\"http:\/\/www.evropskakuca.me\/me\/u-niksicu-poceo-evropski-filmski-festival\/\">U Nik\u0161i\u0107u po\u010deo Evropski filmski festival<\/a><\/p>\n","protected":false},"excerpt":{"rendered":"<p>Prikazano \u0161est filmova i ulaz na sve projekcije je bio besplatan <\/p>\n","protected":false},"author":1,"featured_media":34521,"comment_status":"closed","ping_status":"closed","sticky":false,"template":"","format":"standard","meta":{"_acf_changed":false,"footnotes":""},"categories":[285,283],"tags":[],"class_list":["post-7073","post","type-post","status-publish","format-standard","has-post-thumbnail","hentry","category-kampanje-i-eventi","category-novosti-me"],"acf":[],"yoast_head":"<!-- This site is optimized with the Yoast SEO plugin v27.3 - https:\/\/yoast.com\/product\/yoast-seo-wordpress\/ -->\n<title>Ljetnje izdanje Evropskog filmskog festivala odr\u017eano na \u017dabljaku - Europe House<\/title>\n<meta name=\"robots\" content=\"index, follow, max-snippet:-1, max-image-preview:large, max-video-preview:-1\" \/>\n<link rel=\"canonical\" href=\"https:\/\/www.evropskakuca.me\/me\/ljetnje-izdanje-evropskog-filmskog-festivala-odrzano-na-zabljaku\/\" \/>\n<meta property=\"og:locale\" content=\"en_US\" \/>\n<meta property=\"og:type\" content=\"article\" \/>\n<meta property=\"og:title\" content=\"Ljetnje izdanje Evropskog filmskog festivala odr\u017eano na \u017dabljaku - Europe House\" \/>\n<meta property=\"og:description\" content=\"Prikazano \u0161est filmova i ulaz na sve projekcije je bio besplatan\" \/>\n<meta property=\"og:url\" content=\"https:\/\/www.evropskakuca.me\/me\/ljetnje-izdanje-evropskog-filmskog-festivala-odrzano-na-zabljaku\/\" \/>\n<meta property=\"og:site_name\" content=\"Europe House\" \/>\n<meta property=\"article:publisher\" content=\"https:\/\/www.facebook.com\/evropska.kuca\" \/>\n<meta property=\"article:published_time\" content=\"2019-07-26T11:01:29+00:00\" \/>\n<meta property=\"og:image\" content=\"https:\/\/www.evropskakuca.me\/wp-content\/uploads\/2019\/07\/poster-vodoravan-film-fest-zabljak.jpg\" \/>\n\t<meta property=\"og:image:width\" content=\"1136\" \/>\n\t<meta property=\"og:image:height\" content=\"752\" \/>\n\t<meta property=\"og:image:type\" content=\"image\/jpeg\" \/>\n<meta name=\"author\" content=\"mkajic\" \/>\n<meta name=\"twitter:card\" content=\"summary_large_image\" \/>\n<meta name=\"twitter:creator\" content=\"@evropska_kuca\" \/>\n<meta name=\"twitter:site\" content=\"@evropska_kuca\" \/>\n<meta name=\"twitter:label1\" content=\"Written by\" \/>\n\t<meta name=\"twitter:data1\" content=\"mkajic\" \/>\n\t<meta name=\"twitter:label2\" content=\"Est. reading time\" \/>\n\t<meta name=\"twitter:data2\" content=\"2 minutes\" \/>\n<script type=\"application\/ld+json\" class=\"yoast-schema-graph\">{\"@context\":\"https:\\\/\\\/schema.org\",\"@graph\":[{\"@type\":\"Article\",\"@id\":\"https:\\\/\\\/www.evropskakuca.me\\\/me\\\/ljetnje-izdanje-evropskog-filmskog-festivala-odrzano-na-zabljaku\\\/#article\",\"isPartOf\":{\"@id\":\"https:\\\/\\\/www.evropskakuca.me\\\/me\\\/ljetnje-izdanje-evropskog-filmskog-festivala-odrzano-na-zabljaku\\\/\"},\"author\":{\"name\":\"mkajic\",\"@id\":\"https:\\\/\\\/www.evropskakuca.me\\\/me\\\/#\\\/schema\\\/person\\\/a1d0dcdaefe4a1cd1d60d200ea137ba4\"},\"headline\":\"Ljetnje izdanje Evropskog filmskog festivala odr\u017eano na \u017dabljaku\",\"datePublished\":\"2019-07-26T11:01:29+00:00\",\"mainEntityOfPage\":{\"@id\":\"https:\\\/\\\/www.evropskakuca.me\\\/me\\\/ljetnje-izdanje-evropskog-filmskog-festivala-odrzano-na-zabljaku\\\/\"},\"wordCount\":422,\"publisher\":{\"@id\":\"https:\\\/\\\/www.evropskakuca.me\\\/me\\\/#organization\"},\"image\":{\"@id\":\"https:\\\/\\\/www.evropskakuca.me\\\/me\\\/ljetnje-izdanje-evropskog-filmskog-festivala-odrzano-na-zabljaku\\\/#primaryimage\"},\"thumbnailUrl\":\"https:\\\/\\\/www.evropskakuca.me\\\/wp-content\\\/uploads\\\/2019\\\/07\\\/poster-vodoravan-film-fest-zabljak.jpg\",\"articleSection\":[\"Kampanje i eventi\",\"Novosti\"],\"inLanguage\":\"me-ME\"},{\"@type\":\"WebPage\",\"@id\":\"https:\\\/\\\/www.evropskakuca.me\\\/me\\\/ljetnje-izdanje-evropskog-filmskog-festivala-odrzano-na-zabljaku\\\/\",\"url\":\"https:\\\/\\\/www.evropskakuca.me\\\/me\\\/ljetnje-izdanje-evropskog-filmskog-festivala-odrzano-na-zabljaku\\\/\",\"name\":\"Ljetnje izdanje Evropskog filmskog festivala odr\u017eano na \u017dabljaku - Europe House\",\"isPartOf\":{\"@id\":\"https:\\\/\\\/www.evropskakuca.me\\\/me\\\/#website\"},\"primaryImageOfPage\":{\"@id\":\"https:\\\/\\\/www.evropskakuca.me\\\/me\\\/ljetnje-izdanje-evropskog-filmskog-festivala-odrzano-na-zabljaku\\\/#primaryimage\"},\"image\":{\"@id\":\"https:\\\/\\\/www.evropskakuca.me\\\/me\\\/ljetnje-izdanje-evropskog-filmskog-festivala-odrzano-na-zabljaku\\\/#primaryimage\"},\"thumbnailUrl\":\"https:\\\/\\\/www.evropskakuca.me\\\/wp-content\\\/uploads\\\/2019\\\/07\\\/poster-vodoravan-film-fest-zabljak.jpg\",\"datePublished\":\"2019-07-26T11:01:29+00:00\",\"breadcrumb\":{\"@id\":\"https:\\\/\\\/www.evropskakuca.me\\\/me\\\/ljetnje-izdanje-evropskog-filmskog-festivala-odrzano-na-zabljaku\\\/#breadcrumb\"},\"inLanguage\":\"me-ME\",\"potentialAction\":[{\"@type\":\"ReadAction\",\"target\":[\"https:\\\/\\\/www.evropskakuca.me\\\/me\\\/ljetnje-izdanje-evropskog-filmskog-festivala-odrzano-na-zabljaku\\\/\"]}]},{\"@type\":\"ImageObject\",\"inLanguage\":\"me-ME\",\"@id\":\"https:\\\/\\\/www.evropskakuca.me\\\/me\\\/ljetnje-izdanje-evropskog-filmskog-festivala-odrzano-na-zabljaku\\\/#primaryimage\",\"url\":\"https:\\\/\\\/www.evropskakuca.me\\\/wp-content\\\/uploads\\\/2019\\\/07\\\/poster-vodoravan-film-fest-zabljak.jpg\",\"contentUrl\":\"https:\\\/\\\/www.evropskakuca.me\\\/wp-content\\\/uploads\\\/2019\\\/07\\\/poster-vodoravan-film-fest-zabljak.jpg\",\"width\":1136,\"height\":752},{\"@type\":\"BreadcrumbList\",\"@id\":\"https:\\\/\\\/www.evropskakuca.me\\\/me\\\/ljetnje-izdanje-evropskog-filmskog-festivala-odrzano-na-zabljaku\\\/#breadcrumb\",\"itemListElement\":[{\"@type\":\"ListItem\",\"position\":1,\"name\":\"Home\",\"item\":\"https:\\\/\\\/www.evropskakuca.me\\\/me\\\/\"},{\"@type\":\"ListItem\",\"position\":2,\"name\":\"Ljetnje izdanje Evropskog filmskog festivala odr\u017eano na \u017dabljaku\"}]},{\"@type\":\"WebSite\",\"@id\":\"https:\\\/\\\/www.evropskakuca.me\\\/me\\\/#website\",\"url\":\"https:\\\/\\\/www.evropskakuca.me\\\/me\\\/\",\"name\":\"Evropean house\",\"description\":\"\",\"publisher\":{\"@id\":\"https:\\\/\\\/www.evropskakuca.me\\\/me\\\/#organization\"},\"potentialAction\":[{\"@type\":\"SearchAction\",\"target\":{\"@type\":\"EntryPoint\",\"urlTemplate\":\"https:\\\/\\\/www.evropskakuca.me\\\/me\\\/?s={search_term_string}\"},\"query-input\":{\"@type\":\"PropertyValueSpecification\",\"valueRequired\":true,\"valueName\":\"search_term_string\"}}],\"inLanguage\":\"me-ME\"},{\"@type\":\"Organization\",\"@id\":\"https:\\\/\\\/www.evropskakuca.me\\\/me\\\/#organization\",\"name\":\"Evropean house\",\"url\":\"https:\\\/\\\/www.evropskakuca.me\\\/me\\\/\",\"logo\":{\"@type\":\"ImageObject\",\"inLanguage\":\"me-ME\",\"@id\":\"https:\\\/\\\/www.evropskakuca.me\\\/me\\\/#\\\/schema\\\/logo\\\/image\\\/\",\"url\":\"https:\\\/\\\/www.evropskakuca.me\\\/wp-content\\\/uploads\\\/2025\\\/01\\\/evropska-kuca-logo-1.png\",\"contentUrl\":\"https:\\\/\\\/www.evropskakuca.me\\\/wp-content\\\/uploads\\\/2025\\\/01\\\/evropska-kuca-logo-1.png\",\"width\":425,\"height\":312,\"caption\":\"Evropean house\"},\"image\":{\"@id\":\"https:\\\/\\\/www.evropskakuca.me\\\/me\\\/#\\\/schema\\\/logo\\\/image\\\/\"},\"sameAs\":[\"https:\\\/\\\/www.facebook.com\\\/evropska.kuca\",\"https:\\\/\\\/x.com\\\/evropska_kuca\",\"https:\\\/\\\/www.instagram.com\\\/evropska_kuca\"]},{\"@type\":\"Person\",\"@id\":\"https:\\\/\\\/www.evropskakuca.me\\\/me\\\/#\\\/schema\\\/person\\\/a1d0dcdaefe4a1cd1d60d200ea137ba4\",\"name\":\"mkajic\",\"image\":{\"@type\":\"ImageObject\",\"inLanguage\":\"me-ME\",\"@id\":\"https:\\\/\\\/secure.gravatar.com\\\/avatar\\\/731fa035cefab7316e6bafd1f25a93fb731a07de14e2d9923f8db4422628eabc?s=96&d=mm&r=g\",\"url\":\"https:\\\/\\\/secure.gravatar.com\\\/avatar\\\/731fa035cefab7316e6bafd1f25a93fb731a07de14e2d9923f8db4422628eabc?s=96&d=mm&r=g\",\"contentUrl\":\"https:\\\/\\\/secure.gravatar.com\\\/avatar\\\/731fa035cefab7316e6bafd1f25a93fb731a07de14e2d9923f8db4422628eabc?s=96&d=mm&r=g\",\"caption\":\"mkajic\"},\"sameAs\":[\"https:\\\/\\\/evropskakuca.me\"],\"url\":\"https:\\\/\\\/www.evropskakuca.me\\\/me\\\/author\\\/mkajic\\\/\"}]}<\/script>\n<!-- \/ Yoast SEO plugin. -->","yoast_head_json":{"title":"Ljetnje izdanje Evropskog filmskog festivala odr\u017eano na \u017dabljaku - Europe House","robots":{"index":"index","follow":"follow","max-snippet":"max-snippet:-1","max-image-preview":"max-image-preview:large","max-video-preview":"max-video-preview:-1"},"canonical":"https:\/\/www.evropskakuca.me\/me\/ljetnje-izdanje-evropskog-filmskog-festivala-odrzano-na-zabljaku\/","og_locale":"en_US","og_type":"article","og_title":"Ljetnje izdanje Evropskog filmskog festivala odr\u017eano na \u017dabljaku - Europe House","og_description":"Prikazano \u0161est filmova i ulaz na sve projekcije je bio besplatan","og_url":"https:\/\/www.evropskakuca.me\/me\/ljetnje-izdanje-evropskog-filmskog-festivala-odrzano-na-zabljaku\/","og_site_name":"Europe House","article_publisher":"https:\/\/www.facebook.com\/evropska.kuca","article_published_time":"2019-07-26T11:01:29+00:00","og_image":[{"width":1136,"height":752,"url":"https:\/\/www.evropskakuca.me\/wp-content\/uploads\/2019\/07\/poster-vodoravan-film-fest-zabljak.jpg","type":"image\/jpeg"}],"author":"mkajic","twitter_card":"summary_large_image","twitter_creator":"@evropska_kuca","twitter_site":"@evropska_kuca","twitter_misc":{"Written by":"mkajic","Est. reading time":"2 minutes"},"schema":{"@context":"https:\/\/schema.org","@graph":[{"@type":"Article","@id":"https:\/\/www.evropskakuca.me\/me\/ljetnje-izdanje-evropskog-filmskog-festivala-odrzano-na-zabljaku\/#article","isPartOf":{"@id":"https:\/\/www.evropskakuca.me\/me\/ljetnje-izdanje-evropskog-filmskog-festivala-odrzano-na-zabljaku\/"},"author":{"name":"mkajic","@id":"https:\/\/www.evropskakuca.me\/me\/#\/schema\/person\/a1d0dcdaefe4a1cd1d60d200ea137ba4"},"headline":"Ljetnje izdanje Evropskog filmskog festivala odr\u017eano na \u017dabljaku","datePublished":"2019-07-26T11:01:29+00:00","mainEntityOfPage":{"@id":"https:\/\/www.evropskakuca.me\/me\/ljetnje-izdanje-evropskog-filmskog-festivala-odrzano-na-zabljaku\/"},"wordCount":422,"publisher":{"@id":"https:\/\/www.evropskakuca.me\/me\/#organization"},"image":{"@id":"https:\/\/www.evropskakuca.me\/me\/ljetnje-izdanje-evropskog-filmskog-festivala-odrzano-na-zabljaku\/#primaryimage"},"thumbnailUrl":"https:\/\/www.evropskakuca.me\/wp-content\/uploads\/2019\/07\/poster-vodoravan-film-fest-zabljak.jpg","articleSection":["Kampanje i eventi","Novosti"],"inLanguage":"me-ME"},{"@type":"WebPage","@id":"https:\/\/www.evropskakuca.me\/me\/ljetnje-izdanje-evropskog-filmskog-festivala-odrzano-na-zabljaku\/","url":"https:\/\/www.evropskakuca.me\/me\/ljetnje-izdanje-evropskog-filmskog-festivala-odrzano-na-zabljaku\/","name":"Ljetnje izdanje Evropskog filmskog festivala odr\u017eano na \u017dabljaku - Europe House","isPartOf":{"@id":"https:\/\/www.evropskakuca.me\/me\/#website"},"primaryImageOfPage":{"@id":"https:\/\/www.evropskakuca.me\/me\/ljetnje-izdanje-evropskog-filmskog-festivala-odrzano-na-zabljaku\/#primaryimage"},"image":{"@id":"https:\/\/www.evropskakuca.me\/me\/ljetnje-izdanje-evropskog-filmskog-festivala-odrzano-na-zabljaku\/#primaryimage"},"thumbnailUrl":"https:\/\/www.evropskakuca.me\/wp-content\/uploads\/2019\/07\/poster-vodoravan-film-fest-zabljak.jpg","datePublished":"2019-07-26T11:01:29+00:00","breadcrumb":{"@id":"https:\/\/www.evropskakuca.me\/me\/ljetnje-izdanje-evropskog-filmskog-festivala-odrzano-na-zabljaku\/#breadcrumb"},"inLanguage":"me-ME","potentialAction":[{"@type":"ReadAction","target":["https:\/\/www.evropskakuca.me\/me\/ljetnje-izdanje-evropskog-filmskog-festivala-odrzano-na-zabljaku\/"]}]},{"@type":"ImageObject","inLanguage":"me-ME","@id":"https:\/\/www.evropskakuca.me\/me\/ljetnje-izdanje-evropskog-filmskog-festivala-odrzano-na-zabljaku\/#primaryimage","url":"https:\/\/www.evropskakuca.me\/wp-content\/uploads\/2019\/07\/poster-vodoravan-film-fest-zabljak.jpg","contentUrl":"https:\/\/www.evropskakuca.me\/wp-content\/uploads\/2019\/07\/poster-vodoravan-film-fest-zabljak.jpg","width":1136,"height":752},{"@type":"BreadcrumbList","@id":"https:\/\/www.evropskakuca.me\/me\/ljetnje-izdanje-evropskog-filmskog-festivala-odrzano-na-zabljaku\/#breadcrumb","itemListElement":[{"@type":"ListItem","position":1,"name":"Home","item":"https:\/\/www.evropskakuca.me\/me\/"},{"@type":"ListItem","position":2,"name":"Ljetnje izdanje Evropskog filmskog festivala odr\u017eano na \u017dabljaku"}]},{"@type":"WebSite","@id":"https:\/\/www.evropskakuca.me\/me\/#website","url":"https:\/\/www.evropskakuca.me\/me\/","name":"Evropean house","description":"","publisher":{"@id":"https:\/\/www.evropskakuca.me\/me\/#organization"},"potentialAction":[{"@type":"SearchAction","target":{"@type":"EntryPoint","urlTemplate":"https:\/\/www.evropskakuca.me\/me\/?s={search_term_string}"},"query-input":{"@type":"PropertyValueSpecification","valueRequired":true,"valueName":"search_term_string"}}],"inLanguage":"me-ME"},{"@type":"Organization","@id":"https:\/\/www.evropskakuca.me\/me\/#organization","name":"Evropean house","url":"https:\/\/www.evropskakuca.me\/me\/","logo":{"@type":"ImageObject","inLanguage":"me-ME","@id":"https:\/\/www.evropskakuca.me\/me\/#\/schema\/logo\/image\/","url":"https:\/\/www.evropskakuca.me\/wp-content\/uploads\/2025\/01\/evropska-kuca-logo-1.png","contentUrl":"https:\/\/www.evropskakuca.me\/wp-content\/uploads\/2025\/01\/evropska-kuca-logo-1.png","width":425,"height":312,"caption":"Evropean house"},"image":{"@id":"https:\/\/www.evropskakuca.me\/me\/#\/schema\/logo\/image\/"},"sameAs":["https:\/\/www.facebook.com\/evropska.kuca","https:\/\/x.com\/evropska_kuca","https:\/\/www.instagram.com\/evropska_kuca"]},{"@type":"Person","@id":"https:\/\/www.evropskakuca.me\/me\/#\/schema\/person\/a1d0dcdaefe4a1cd1d60d200ea137ba4","name":"mkajic","image":{"@type":"ImageObject","inLanguage":"me-ME","@id":"https:\/\/secure.gravatar.com\/avatar\/731fa035cefab7316e6bafd1f25a93fb731a07de14e2d9923f8db4422628eabc?s=96&d=mm&r=g","url":"https:\/\/secure.gravatar.com\/avatar\/731fa035cefab7316e6bafd1f25a93fb731a07de14e2d9923f8db4422628eabc?s=96&d=mm&r=g","contentUrl":"https:\/\/secure.gravatar.com\/avatar\/731fa035cefab7316e6bafd1f25a93fb731a07de14e2d9923f8db4422628eabc?s=96&d=mm&r=g","caption":"mkajic"},"sameAs":["https:\/\/evropskakuca.me"],"url":"https:\/\/www.evropskakuca.me\/me\/author\/mkajic\/"}]}},"_links":{"self":[{"href":"https:\/\/www.evropskakuca.me\/me\/wp-json\/wp\/v2\/posts\/7073","targetHints":{"allow":["GET"]}}],"collection":[{"href":"https:\/\/www.evropskakuca.me\/me\/wp-json\/wp\/v2\/posts"}],"about":[{"href":"https:\/\/www.evropskakuca.me\/me\/wp-json\/wp\/v2\/types\/post"}],"author":[{"embeddable":true,"href":"https:\/\/www.evropskakuca.me\/me\/wp-json\/wp\/v2\/users\/1"}],"replies":[{"embeddable":true,"href":"https:\/\/www.evropskakuca.me\/me\/wp-json\/wp\/v2\/comments?post=7073"}],"version-history":[{"count":0,"href":"https:\/\/www.evropskakuca.me\/me\/wp-json\/wp\/v2\/posts\/7073\/revisions"}],"wp:featuredmedia":[{"embeddable":true,"href":"https:\/\/www.evropskakuca.me\/me\/wp-json\/wp\/v2\/media\/34521"}],"wp:attachment":[{"href":"https:\/\/www.evropskakuca.me\/me\/wp-json\/wp\/v2\/media?parent=7073"}],"wp:term":[{"taxonomy":"category","embeddable":true,"href":"https:\/\/www.evropskakuca.me\/me\/wp-json\/wp\/v2\/categories?post=7073"},{"taxonomy":"post_tag","embeddable":true,"href":"https:\/\/www.evropskakuca.me\/me\/wp-json\/wp\/v2\/tags?post=7073"}],"curies":[{"name":"wp","href":"https:\/\/api.w.org\/{rel}","templated":true}]}}