{"id":7033,"date":"2019-07-17T10:47:40","date_gmt":"2019-07-17T10:47:40","guid":{"rendered":"http:\/\/www.evropskakuca.me\/me\/?p=7033"},"modified":"2019-07-17T10:47:40","modified_gmt":"2019-07-17T10:47:40","slug":"ljetnje-izdanje-evropskog-filmskog-festivala-pocinje-u-subotu-na-zabljaku","status":"publish","type":"post","link":"https:\/\/www.evropskakuca.me\/me\/ljetnje-izdanje-evropskog-filmskog-festivala-pocinje-u-subotu-na-zabljaku\/","title":{"rendered":"Ljetnje izdanje Evropskog filmskog festivala po\u010dinje u subotu na \u017dabljaku"},"content":{"rendered":"<p>Ljetnje izdanje Evropskog filmskog festivala (EFF) po\u010dinje u subotu 20. jula na \u017dabljaku. Festival organizuje Evropska unija u Crnoj Gori, u saradnji sa Turisti\u010dkom organizacijom \u017dabljaka. Tokom ljetnjeg izdanja festivala, koje \u0107e trajati do \u010detvrtka 25. jula, bi\u0107e prikazano ukupno 6 filmova evropske produkcije i ulaz na svaku projekciju je slobodan. Ljetnje izdanje na \u017dabljaku uvertira je za peti, jubilarni EFF, koji \u0107e tokom septembra i oktobra biti organizovan u Podgorici i drugim crnogorskim op\u0161tinama.<\/p>\n<p>\u201eU selekciji za ovogodi\u0161nje izdanje festivala na\u0161li su se filmovi koji predstavljaju savremenu evropsku kinematografiju, nagra\u0111ivani na brojnim filmskim smotrama. Ve\u0107inom su snimani u koprodukciji evropskih zemalja, uz zna\u010dajnu podr\u0161ku fondova Evropske unije\u201c, kazala je Nade\u017eda Drami\u0107anin, savjetnica za medije u Delegaciji Evropske unije u Crnoj Gori.<\/p>\n<p>Prvi na repertoaru je film \u201eBelgijski kralj\u201c, \u010dija projekcija po\u010dinje u subotu u 20h u Centru za kulturu na \u017dabljaku. Ova vi\u0161estruko nagra\u0111ivana belgijsko-holandska komedija\/drama predstavlja neodoljivu satiru o sukobu svjetova u kojoj belgijski monarh, izgubljen na Balkanu, tra\u017ei put ku\u0107i, a pronalazi samog sebe.<\/p>\n<p>Ostalih pet filmova bi\u0107e prikazivani svakog dana do kraja festivala, tako\u0111e u 20h u \u017eablja\u010dkom Centru za kulturu. \u017dablja\u010dani, turisti i stanovnici okolnih mjesta ima\u0107e priliku da gledaju i francusku dramu \u201eKrvavo mlijeko\u201c, portugalsko-francusko-brazilsku koprodukciju \u201eDijamantino\u201c, kao i tri dokumentarna filma \u201eTi\u0161ina drugih\u201c, \u201eStranac u raju\u201c i \u201eDaleki lave\u017e pasa\u201c.<\/p>\n<p>\u201eSa zadovoljstvom pozivamo \u017dablja\u010dane i njihove goste da posjete Ljetnje izdanje Evropskog filmskog festivala i prvi u Crnoj Gori pogledaju pa\u017eljivo odabrane i nagra\u0111ene evropske filmove. Bi\u0107e to prilika da pogledaju ne\u0161to novo i druga\u010dije, filmove koji gotovo da nisu dostupni u tradicionalnim medijima ili bioskopima. Sa nestrpljenjem i\u0161\u010dekujemo subotu i po\u010detak prvog ljetnjeg izdanja EFF na \u017dabljaku\u201c, poru\u010dila je Drami\u0107anin.<\/p>\n<p>Predstavnici Delegacije Evropske unije u Crnoj Gori i EU info centra \u0107e tokom posjete \u017dabljaku organizovati Dan Evropske unije, uz dru\u017eenje sa posjetiocima. Ovo \u0107e biti prilika za prisutne da pogledaju izlo\u017ebu projekata EU u Crnoj Gori, u\u010destvuju u mini-nagradnom kvizu o Evropskoj uniji i razmijene mi\u0161ljenja o raznim aspektima prisutnosti EU u Crnoj Gori. Mjesto za dru\u017eenje i info pult Delgacije EU i EU info centra nalazi\u0107e se ispred Centra za kulturu od 17h, dok \u0107e izlo\u017eba EU projekata \u201eCrna Gora i EU \u2013 partnerstvo koje traje\u201c na istom mjestu ostati do 3. avgusta.<\/p>\n<h3><strong>PROGRAM FESTIVALA<\/strong><\/h3>\n<p><a href=\"http:\/\/www.evropskakuca.me\/wp-content\/uploads\/2019\/07\/kralj-belgije.jpg\"><img fetchpriority=\"high\" decoding=\"async\" class=\"alignleft wp-image-7036\" src=\"http:\/\/www.evropskakuca.me\/wp-content\/uploads\/2019\/07\/kralj-belgije.jpg\" alt=\"\" width=\"344\" height=\"487\" \/><\/a><\/p>\n<p><strong>subota, 20. jul, 20h <\/strong><\/p>\n<p><strong>\u201eBELGIJSKI KRALJ\u201c<\/strong><\/p>\n<p>Zemlje porijekla: Belgija, Holandija, Bugarska<\/p>\n<p>\u017danr: Drama, komedija, road movie<\/p>\n<p>Kralj Nikola III od Belgije je usamljenik koji osje\u0107a da \u017eivi pogre\u0161an \u017eivot. Kre\u0107e u\u00a0 zvani\u010dnu posjetu Istanbulu sa britanskim rediteljem, Dankanom Lojdom, koga je Palata unajmila da snimi dokumentarac koji treba da prika\u017ee monarha u \u0161to boljem svjetlu. Kralj saznaje da je Valona, regija na jugu Belgije, proglasila nezavisnost i on mora smjesta da se vrati ku\u0107i kako bi spasio kraljevstvo. \u010cak je objavio da \u0107e sam napisati govor. Dok se spremaju da krenu, solarna oluja udara zemlju i izaziva prekid komunikacija i vazdu\u0161nog saobra\u0107aja. Nema telefona. Nema aviona. Da stvari budu gore, obezbje\u0111enje u Turskoj odbija kraljev predlog da se ku\u0107i vrate kolima. Me\u0111utim, kralj nema namjeru da sjedi i \u010deka da oluja pro\u0111e, a Lojd smi\u0161lja plan za bjekstvo koji uklju\u010duje cvjetne haljine i Bugare koji pjevaju.<\/p>\n<p>&nbsp;<\/p>\n<p>&nbsp;<\/p>\n<p>&nbsp;<\/p>\n<p><a href=\"http:\/\/www.evropskakuca.me\/wp-content\/uploads\/2019\/07\/krvavo-mleko.jpg\"><img decoding=\"async\" class=\"alignleft wp-image-7038\" src=\"http:\/\/www.evropskakuca.me\/wp-content\/uploads\/2019\/07\/krvavo-mleko.jpg\" alt=\"\" width=\"342\" height=\"455\" \/><\/a><\/p>\n<p><strong>nedjelja, 21. jul, 20h <\/strong><\/p>\n<p><strong>\u00a0\u201eKRVAVO MLIJEKO<\/strong>\u201c<\/p>\n<p>Zemlja porijekla: Francuska<\/p>\n<p>\u017danr: Drama<\/p>\n<p>Pjer je tridesetogodi\u0161nji mljekar kome se \u017eivot vrti oko farme koju je naslijedio, sestre koja je veterinar, roditelja i krava. Kada se u Francuskoj pojave prvi slu\u010dajevi epidemije, Pjer uvi\u0111a da je jedna od njegovih krava zara\u017eena. Farma je sve \u0161to ima i on \u0107e uraditi sve kako bi je spasio.<\/p>\n<p>&nbsp;<\/p>\n<p>&nbsp;<\/p>\n<p>&nbsp;<\/p>\n<p>&nbsp;<\/p>\n<p>&nbsp;<\/p>\n<p><a href=\"http:\/\/www.evropskakuca.me\/wp-content\/uploads\/2019\/07\/diamantino-pravi.jpg\"><img decoding=\"async\" class=\"alignleft size-full wp-image-7040\" src=\"http:\/\/www.evropskakuca.me\/wp-content\/uploads\/2019\/07\/diamantino-pravi.jpg\" alt=\"\" width=\"1000\" height=\"393\" \/><\/a><\/p>\n<p><strong>ponedjeljak, 22. jul, 20h<\/strong><\/p>\n<p><strong>\u201eDIJAMANTINO\u201c<\/strong><\/p>\n<p>Zemlje porijekla: Portugalija, Francuska, Brazil<\/p>\n<p>\u017danr: Drama, komedija<\/p>\n<p>Dijamantino, najve\u0107a svjetska fudbalska zvijezda, gubi svoj karakteristi\u010dni osje\u0107aj za loptu i, osramo\u0107en, zavr\u0161ava karijeru. Tragaju\u0107i za novim smislom \u017eivota, internacionalna ikona kre\u0107e na urnebesnu odiseju i na tom putu susre\u0107e se sa neofa\u0161izmom, izbjegli\u010dkom krizom, genetskim modifikacijama i potjerom za izvorom mudrosti.<\/p>\n<p>&nbsp;<\/p>\n<p><a href=\"http:\/\/www.evropskakuca.me\/wp-content\/uploads\/2019\/07\/tisina-drugih.jpg\"><img loading=\"lazy\" decoding=\"async\" class=\"alignleft size-large wp-image-7044\" src=\"http:\/\/www.evropskakuca.me\/wp-content\/uploads\/2019\/07\/tisina-drugih-1024x535.jpg\" alt=\"\" width=\"1024\" height=\"535\" \/><\/a><\/p>\n<p><strong>utorak, 23. jul, 20h<\/strong><\/p>\n<p><strong>\u201eTI\u0160INA DRUGIH\u201c <\/strong><\/p>\n<p>Zemlje porijeka: \u0160panija, SAD<\/p>\n<p>\u017danr: Dokumentarni film<\/p>\n<p>Ti\u0161ina drugih otkriva veliku borbu \u017ertava \u010detrdesetogodi\u0161nje \u0161panske diktature pod generalom Frankom, koje i dan-danas tra\u017ee pravdu. Sniman tokom \u0161est godina, film prati pre\u017eivjele koji pripremaju revolucionarnu \u201eargentinsku tu\u017ebu\u201c i bore se protiv ti\u0161ine o zlo\u010dinima protiv \u010dovje\u010dnosti. Prikazuje zemlju koja je i dalje podijeljena poslije \u010detiri decenije demokratije.<\/p>\n<p>&nbsp;<\/p>\n<p><a href=\"http:\/\/www.evropskakuca.me\/wp-content\/uploads\/2019\/07\/stranac-u-raju.jpg\"><img loading=\"lazy\" decoding=\"async\" class=\"alignleft wp-image-7046\" src=\"http:\/\/www.evropskakuca.me\/wp-content\/uploads\/2019\/07\/stranac-u-raju.jpg\" alt=\"\" width=\"977\" height=\"549\" \/><\/a><\/p>\n<p><strong>srijeda, 24. jul, 20h<\/strong><\/p>\n<p><strong>\u201eSTRANAC U RAJU\u201c<\/strong><\/p>\n<p>Zemlja porijekla: Holandija<\/p>\n<p>\u017danr: Dokumentarni film<\/p>\n<p>U jednoj u\u010dionici na Siciliji, unutar zidina tvr\u0111ave Evropa, tek pristigle izbjeglice slu\u0161aju predavanja nastavnika koji ima neke prili\u010dno neuravnote\u017eene osobine. U jednom trenutku on nemilosrdno odbacuje izbjeglice \u2013 u drugom ih smireno grli. Na granici dokumentarca i fikcije, STRANAC U RAJU istra\u017euje odnose mo\u0107i izme\u0111u Evrope i izbjeglica. Evropa je predstavljena kao nastavnik koji vu\u010de svoj razred izbjeglica u o\u010daj. Molba koja se grani\u010di s nemoralnim; dobrodo\u0161lica puna krivice i kompromis izme\u0111u njih koji postaje zvani\u010dna politika: STRANAC RAJU je nepokolebljiv filmski esej o mehanizmima uz pomo\u0107 kojih Evropa zadovoljava potrebu izbjeglica za sre\u0107om.<\/p>\n<p>&nbsp;<\/p>\n<p><a href=\"http:\/\/www.evropskakuca.me\/wp-content\/uploads\/2019\/07\/daleki-lave\u017e-pasa.jpg\"><img loading=\"lazy\" decoding=\"async\" class=\"alignleft wp-image-7048\" src=\"http:\/\/www.evropskakuca.me\/wp-content\/uploads\/2019\/07\/daleki-lave\u017e-pasa.jpg\" alt=\"\" width=\"990\" height=\"366\" \/><\/a><\/p>\n<p><strong>\u010detvrtak, 25. jul, 20h<\/strong><\/p>\n<p><strong>\u201eDALEKI LAVE\u017d PASA\u201c<\/strong><\/p>\n<p>Zemlje porijekla: Danska, \u0160vedska, Finska<\/p>\n<p>\u017danr: Dokumentarni film<\/p>\n<p>Desetogodi\u0161nji Oleg \u017eivi u isto\u010dnom dijelu Ukrajine \u2013 ratnoj zoni u kojoj \u010desto odjekuju eksplozije. Ponekad su ovi zvuci daleko, a nekad zastra\u0161uju\u0107e blizu. Iako su mnogi napustili ovo opasno podru\u010dje, Oleg je ostao sa svojom bakom koja je o njemu brinula otkako mu je umrla majka. Nemaju kuda da odu. \u010cekaju\u0107i da se rat zavr\u0161i, Oleg provodi vrijeme sa svojim mla\u0111im ro\u0111akom Jarikom i starijim dje\u010dakom Kostjom. Zajedno idu u avanture, pri\u010daju o tome \u0161ta \u010dini pravog mu\u0161karca, testiraju svoje granice \u2013 ali nekad odu predaleko. Dr\u017ee\u0107i se Olegove pri\u010de, DALEKI LAVE\u017d PASA prikazuje kakav efekat rat ima na djecu.<\/p>\n<p>&nbsp;<\/p>\n<p>&nbsp;<\/p>\n","protected":false},"excerpt":{"rendered":"<p>Ulaz na projekciju ukupno 6 filmova tokom 5 dana festivala je besplatan<\/p>\n","protected":false},"author":1,"featured_media":34513,"comment_status":"open","ping_status":"open","sticky":false,"template":"","format":"standard","meta":{"_acf_changed":false,"footnotes":""},"categories":[],"tags":[],"class_list":["post-7033","post","type-post","status-publish","format-standard","has-post-thumbnail","hentry"],"acf":[],"yoast_head":"<!-- This site is optimized with the Yoast SEO plugin v27.3 - https:\/\/yoast.com\/product\/yoast-seo-wordpress\/ -->\n<title>Ljetnje izdanje Evropskog filmskog festivala po\u010dinje u subotu na \u017dabljaku - Europe House<\/title>\n<meta name=\"robots\" content=\"index, follow, max-snippet:-1, max-image-preview:large, max-video-preview:-1\" \/>\n<link rel=\"canonical\" href=\"https:\/\/www.evropskakuca.me\/me\/ljetnje-izdanje-evropskog-filmskog-festivala-pocinje-u-subotu-na-zabljaku\/\" \/>\n<meta property=\"og:locale\" content=\"en_US\" \/>\n<meta property=\"og:type\" content=\"article\" \/>\n<meta property=\"og:title\" content=\"Ljetnje izdanje Evropskog filmskog festivala po\u010dinje u subotu na \u017dabljaku - Europe House\" \/>\n<meta property=\"og:description\" content=\"Ulaz na projekciju ukupno 6 filmova tokom 5 dana festivala je besplatan\" \/>\n<meta property=\"og:url\" content=\"https:\/\/www.evropskakuca.me\/me\/ljetnje-izdanje-evropskog-filmskog-festivala-pocinje-u-subotu-na-zabljaku\/\" \/>\n<meta property=\"og:site_name\" content=\"Europe House\" \/>\n<meta property=\"article:publisher\" content=\"https:\/\/www.facebook.com\/evropska.kuca\" \/>\n<meta property=\"article:published_time\" content=\"2019-07-17T10:47:40+00:00\" \/>\n<meta property=\"og:image\" content=\"https:\/\/www.evropskakuca.me\/wp-content\/uploads\/2019\/07\/film-festival-zabljak-poster.jpg\" \/>\n\t<meta property=\"og:image:width\" content=\"957\" \/>\n\t<meta property=\"og:image:height\" content=\"675\" \/>\n\t<meta property=\"og:image:type\" content=\"image\/jpeg\" \/>\n<meta name=\"author\" content=\"mkajic\" \/>\n<meta name=\"twitter:card\" content=\"summary_large_image\" \/>\n<meta name=\"twitter:creator\" content=\"@evropska_kuca\" \/>\n<meta name=\"twitter:site\" content=\"@evropska_kuca\" \/>\n<meta name=\"twitter:label1\" content=\"Written by\" \/>\n\t<meta name=\"twitter:data1\" content=\"mkajic\" \/>\n\t<meta name=\"twitter:label2\" content=\"Est. reading time\" \/>\n\t<meta name=\"twitter:data2\" content=\"5 minutes\" \/>\n<script type=\"application\/ld+json\" class=\"yoast-schema-graph\">{\"@context\":\"https:\\\/\\\/schema.org\",\"@graph\":[{\"@type\":\"Article\",\"@id\":\"https:\\\/\\\/www.evropskakuca.me\\\/me\\\/ljetnje-izdanje-evropskog-filmskog-festivala-pocinje-u-subotu-na-zabljaku\\\/#article\",\"isPartOf\":{\"@id\":\"https:\\\/\\\/www.evropskakuca.me\\\/me\\\/ljetnje-izdanje-evropskog-filmskog-festivala-pocinje-u-subotu-na-zabljaku\\\/\"},\"author\":{\"name\":\"mkajic\",\"@id\":\"https:\\\/\\\/www.evropskakuca.me\\\/me\\\/#\\\/schema\\\/person\\\/a1d0dcdaefe4a1cd1d60d200ea137ba4\"},\"headline\":\"Ljetnje izdanje Evropskog filmskog festivala po\u010dinje u subotu na \u017dabljaku\",\"datePublished\":\"2019-07-17T10:47:40+00:00\",\"mainEntityOfPage\":{\"@id\":\"https:\\\/\\\/www.evropskakuca.me\\\/me\\\/ljetnje-izdanje-evropskog-filmskog-festivala-pocinje-u-subotu-na-zabljaku\\\/\"},\"wordCount\":1043,\"commentCount\":0,\"publisher\":{\"@id\":\"https:\\\/\\\/www.evropskakuca.me\\\/me\\\/#organization\"},\"image\":{\"@id\":\"https:\\\/\\\/www.evropskakuca.me\\\/me\\\/ljetnje-izdanje-evropskog-filmskog-festivala-pocinje-u-subotu-na-zabljaku\\\/#primaryimage\"},\"thumbnailUrl\":\"https:\\\/\\\/www.evropskakuca.me\\\/wp-content\\\/uploads\\\/2019\\\/07\\\/film-festival-zabljak-poster.jpg\",\"inLanguage\":\"me-ME\",\"potentialAction\":[{\"@type\":\"CommentAction\",\"name\":\"Comment\",\"target\":[\"https:\\\/\\\/www.evropskakuca.me\\\/me\\\/ljetnje-izdanje-evropskog-filmskog-festivala-pocinje-u-subotu-na-zabljaku\\\/#respond\"]}]},{\"@type\":\"WebPage\",\"@id\":\"https:\\\/\\\/www.evropskakuca.me\\\/me\\\/ljetnje-izdanje-evropskog-filmskog-festivala-pocinje-u-subotu-na-zabljaku\\\/\",\"url\":\"https:\\\/\\\/www.evropskakuca.me\\\/me\\\/ljetnje-izdanje-evropskog-filmskog-festivala-pocinje-u-subotu-na-zabljaku\\\/\",\"name\":\"Ljetnje izdanje Evropskog filmskog festivala po\u010dinje u subotu na \u017dabljaku - Europe House\",\"isPartOf\":{\"@id\":\"https:\\\/\\\/www.evropskakuca.me\\\/me\\\/#website\"},\"primaryImageOfPage\":{\"@id\":\"https:\\\/\\\/www.evropskakuca.me\\\/me\\\/ljetnje-izdanje-evropskog-filmskog-festivala-pocinje-u-subotu-na-zabljaku\\\/#primaryimage\"},\"image\":{\"@id\":\"https:\\\/\\\/www.evropskakuca.me\\\/me\\\/ljetnje-izdanje-evropskog-filmskog-festivala-pocinje-u-subotu-na-zabljaku\\\/#primaryimage\"},\"thumbnailUrl\":\"https:\\\/\\\/www.evropskakuca.me\\\/wp-content\\\/uploads\\\/2019\\\/07\\\/film-festival-zabljak-poster.jpg\",\"datePublished\":\"2019-07-17T10:47:40+00:00\",\"breadcrumb\":{\"@id\":\"https:\\\/\\\/www.evropskakuca.me\\\/me\\\/ljetnje-izdanje-evropskog-filmskog-festivala-pocinje-u-subotu-na-zabljaku\\\/#breadcrumb\"},\"inLanguage\":\"me-ME\",\"potentialAction\":[{\"@type\":\"ReadAction\",\"target\":[\"https:\\\/\\\/www.evropskakuca.me\\\/me\\\/ljetnje-izdanje-evropskog-filmskog-festivala-pocinje-u-subotu-na-zabljaku\\\/\"]}]},{\"@type\":\"ImageObject\",\"inLanguage\":\"me-ME\",\"@id\":\"https:\\\/\\\/www.evropskakuca.me\\\/me\\\/ljetnje-izdanje-evropskog-filmskog-festivala-pocinje-u-subotu-na-zabljaku\\\/#primaryimage\",\"url\":\"https:\\\/\\\/www.evropskakuca.me\\\/wp-content\\\/uploads\\\/2019\\\/07\\\/film-festival-zabljak-poster.jpg\",\"contentUrl\":\"https:\\\/\\\/www.evropskakuca.me\\\/wp-content\\\/uploads\\\/2019\\\/07\\\/film-festival-zabljak-poster.jpg\",\"width\":957,\"height\":675},{\"@type\":\"BreadcrumbList\",\"@id\":\"https:\\\/\\\/www.evropskakuca.me\\\/me\\\/ljetnje-izdanje-evropskog-filmskog-festivala-pocinje-u-subotu-na-zabljaku\\\/#breadcrumb\",\"itemListElement\":[{\"@type\":\"ListItem\",\"position\":1,\"name\":\"Home\",\"item\":\"https:\\\/\\\/www.evropskakuca.me\\\/me\\\/\"},{\"@type\":\"ListItem\",\"position\":2,\"name\":\"Ljetnje izdanje Evropskog filmskog festivala po\u010dinje u subotu na \u017dabljaku\"}]},{\"@type\":\"WebSite\",\"@id\":\"https:\\\/\\\/www.evropskakuca.me\\\/me\\\/#website\",\"url\":\"https:\\\/\\\/www.evropskakuca.me\\\/me\\\/\",\"name\":\"Evropean house\",\"description\":\"\",\"publisher\":{\"@id\":\"https:\\\/\\\/www.evropskakuca.me\\\/me\\\/#organization\"},\"potentialAction\":[{\"@type\":\"SearchAction\",\"target\":{\"@type\":\"EntryPoint\",\"urlTemplate\":\"https:\\\/\\\/www.evropskakuca.me\\\/me\\\/?s={search_term_string}\"},\"query-input\":{\"@type\":\"PropertyValueSpecification\",\"valueRequired\":true,\"valueName\":\"search_term_string\"}}],\"inLanguage\":\"me-ME\"},{\"@type\":\"Organization\",\"@id\":\"https:\\\/\\\/www.evropskakuca.me\\\/me\\\/#organization\",\"name\":\"Evropean house\",\"url\":\"https:\\\/\\\/www.evropskakuca.me\\\/me\\\/\",\"logo\":{\"@type\":\"ImageObject\",\"inLanguage\":\"me-ME\",\"@id\":\"https:\\\/\\\/www.evropskakuca.me\\\/me\\\/#\\\/schema\\\/logo\\\/image\\\/\",\"url\":\"https:\\\/\\\/www.evropskakuca.me\\\/wp-content\\\/uploads\\\/2025\\\/01\\\/evropska-kuca-logo-1.png\",\"contentUrl\":\"https:\\\/\\\/www.evropskakuca.me\\\/wp-content\\\/uploads\\\/2025\\\/01\\\/evropska-kuca-logo-1.png\",\"width\":425,\"height\":312,\"caption\":\"Evropean house\"},\"image\":{\"@id\":\"https:\\\/\\\/www.evropskakuca.me\\\/me\\\/#\\\/schema\\\/logo\\\/image\\\/\"},\"sameAs\":[\"https:\\\/\\\/www.facebook.com\\\/evropska.kuca\",\"https:\\\/\\\/x.com\\\/evropska_kuca\",\"https:\\\/\\\/www.instagram.com\\\/evropska_kuca\"]},{\"@type\":\"Person\",\"@id\":\"https:\\\/\\\/www.evropskakuca.me\\\/me\\\/#\\\/schema\\\/person\\\/a1d0dcdaefe4a1cd1d60d200ea137ba4\",\"name\":\"mkajic\",\"image\":{\"@type\":\"ImageObject\",\"inLanguage\":\"me-ME\",\"@id\":\"https:\\\/\\\/secure.gravatar.com\\\/avatar\\\/731fa035cefab7316e6bafd1f25a93fb731a07de14e2d9923f8db4422628eabc?s=96&d=mm&r=g\",\"url\":\"https:\\\/\\\/secure.gravatar.com\\\/avatar\\\/731fa035cefab7316e6bafd1f25a93fb731a07de14e2d9923f8db4422628eabc?s=96&d=mm&r=g\",\"contentUrl\":\"https:\\\/\\\/secure.gravatar.com\\\/avatar\\\/731fa035cefab7316e6bafd1f25a93fb731a07de14e2d9923f8db4422628eabc?s=96&d=mm&r=g\",\"caption\":\"mkajic\"},\"sameAs\":[\"https:\\\/\\\/evropskakuca.me\"],\"url\":\"https:\\\/\\\/www.evropskakuca.me\\\/me\\\/author\\\/mkajic\\\/\"}]}<\/script>\n<!-- \/ Yoast SEO plugin. -->","yoast_head_json":{"title":"Ljetnje izdanje Evropskog filmskog festivala po\u010dinje u subotu na \u017dabljaku - Europe House","robots":{"index":"index","follow":"follow","max-snippet":"max-snippet:-1","max-image-preview":"max-image-preview:large","max-video-preview":"max-video-preview:-1"},"canonical":"https:\/\/www.evropskakuca.me\/me\/ljetnje-izdanje-evropskog-filmskog-festivala-pocinje-u-subotu-na-zabljaku\/","og_locale":"en_US","og_type":"article","og_title":"Ljetnje izdanje Evropskog filmskog festivala po\u010dinje u subotu na \u017dabljaku - Europe House","og_description":"Ulaz na projekciju ukupno 6 filmova tokom 5 dana festivala je besplatan","og_url":"https:\/\/www.evropskakuca.me\/me\/ljetnje-izdanje-evropskog-filmskog-festivala-pocinje-u-subotu-na-zabljaku\/","og_site_name":"Europe House","article_publisher":"https:\/\/www.facebook.com\/evropska.kuca","article_published_time":"2019-07-17T10:47:40+00:00","og_image":[{"width":957,"height":675,"url":"https:\/\/www.evropskakuca.me\/wp-content\/uploads\/2019\/07\/film-festival-zabljak-poster.jpg","type":"image\/jpeg"}],"author":"mkajic","twitter_card":"summary_large_image","twitter_creator":"@evropska_kuca","twitter_site":"@evropska_kuca","twitter_misc":{"Written by":"mkajic","Est. reading time":"5 minutes"},"schema":{"@context":"https:\/\/schema.org","@graph":[{"@type":"Article","@id":"https:\/\/www.evropskakuca.me\/me\/ljetnje-izdanje-evropskog-filmskog-festivala-pocinje-u-subotu-na-zabljaku\/#article","isPartOf":{"@id":"https:\/\/www.evropskakuca.me\/me\/ljetnje-izdanje-evropskog-filmskog-festivala-pocinje-u-subotu-na-zabljaku\/"},"author":{"name":"mkajic","@id":"https:\/\/www.evropskakuca.me\/me\/#\/schema\/person\/a1d0dcdaefe4a1cd1d60d200ea137ba4"},"headline":"Ljetnje izdanje Evropskog filmskog festivala po\u010dinje u subotu na \u017dabljaku","datePublished":"2019-07-17T10:47:40+00:00","mainEntityOfPage":{"@id":"https:\/\/www.evropskakuca.me\/me\/ljetnje-izdanje-evropskog-filmskog-festivala-pocinje-u-subotu-na-zabljaku\/"},"wordCount":1043,"commentCount":0,"publisher":{"@id":"https:\/\/www.evropskakuca.me\/me\/#organization"},"image":{"@id":"https:\/\/www.evropskakuca.me\/me\/ljetnje-izdanje-evropskog-filmskog-festivala-pocinje-u-subotu-na-zabljaku\/#primaryimage"},"thumbnailUrl":"https:\/\/www.evropskakuca.me\/wp-content\/uploads\/2019\/07\/film-festival-zabljak-poster.jpg","inLanguage":"me-ME","potentialAction":[{"@type":"CommentAction","name":"Comment","target":["https:\/\/www.evropskakuca.me\/me\/ljetnje-izdanje-evropskog-filmskog-festivala-pocinje-u-subotu-na-zabljaku\/#respond"]}]},{"@type":"WebPage","@id":"https:\/\/www.evropskakuca.me\/me\/ljetnje-izdanje-evropskog-filmskog-festivala-pocinje-u-subotu-na-zabljaku\/","url":"https:\/\/www.evropskakuca.me\/me\/ljetnje-izdanje-evropskog-filmskog-festivala-pocinje-u-subotu-na-zabljaku\/","name":"Ljetnje izdanje Evropskog filmskog festivala po\u010dinje u subotu na \u017dabljaku - Europe House","isPartOf":{"@id":"https:\/\/www.evropskakuca.me\/me\/#website"},"primaryImageOfPage":{"@id":"https:\/\/www.evropskakuca.me\/me\/ljetnje-izdanje-evropskog-filmskog-festivala-pocinje-u-subotu-na-zabljaku\/#primaryimage"},"image":{"@id":"https:\/\/www.evropskakuca.me\/me\/ljetnje-izdanje-evropskog-filmskog-festivala-pocinje-u-subotu-na-zabljaku\/#primaryimage"},"thumbnailUrl":"https:\/\/www.evropskakuca.me\/wp-content\/uploads\/2019\/07\/film-festival-zabljak-poster.jpg","datePublished":"2019-07-17T10:47:40+00:00","breadcrumb":{"@id":"https:\/\/www.evropskakuca.me\/me\/ljetnje-izdanje-evropskog-filmskog-festivala-pocinje-u-subotu-na-zabljaku\/#breadcrumb"},"inLanguage":"me-ME","potentialAction":[{"@type":"ReadAction","target":["https:\/\/www.evropskakuca.me\/me\/ljetnje-izdanje-evropskog-filmskog-festivala-pocinje-u-subotu-na-zabljaku\/"]}]},{"@type":"ImageObject","inLanguage":"me-ME","@id":"https:\/\/www.evropskakuca.me\/me\/ljetnje-izdanje-evropskog-filmskog-festivala-pocinje-u-subotu-na-zabljaku\/#primaryimage","url":"https:\/\/www.evropskakuca.me\/wp-content\/uploads\/2019\/07\/film-festival-zabljak-poster.jpg","contentUrl":"https:\/\/www.evropskakuca.me\/wp-content\/uploads\/2019\/07\/film-festival-zabljak-poster.jpg","width":957,"height":675},{"@type":"BreadcrumbList","@id":"https:\/\/www.evropskakuca.me\/me\/ljetnje-izdanje-evropskog-filmskog-festivala-pocinje-u-subotu-na-zabljaku\/#breadcrumb","itemListElement":[{"@type":"ListItem","position":1,"name":"Home","item":"https:\/\/www.evropskakuca.me\/me\/"},{"@type":"ListItem","position":2,"name":"Ljetnje izdanje Evropskog filmskog festivala po\u010dinje u subotu na \u017dabljaku"}]},{"@type":"WebSite","@id":"https:\/\/www.evropskakuca.me\/me\/#website","url":"https:\/\/www.evropskakuca.me\/me\/","name":"Evropean house","description":"","publisher":{"@id":"https:\/\/www.evropskakuca.me\/me\/#organization"},"potentialAction":[{"@type":"SearchAction","target":{"@type":"EntryPoint","urlTemplate":"https:\/\/www.evropskakuca.me\/me\/?s={search_term_string}"},"query-input":{"@type":"PropertyValueSpecification","valueRequired":true,"valueName":"search_term_string"}}],"inLanguage":"me-ME"},{"@type":"Organization","@id":"https:\/\/www.evropskakuca.me\/me\/#organization","name":"Evropean house","url":"https:\/\/www.evropskakuca.me\/me\/","logo":{"@type":"ImageObject","inLanguage":"me-ME","@id":"https:\/\/www.evropskakuca.me\/me\/#\/schema\/logo\/image\/","url":"https:\/\/www.evropskakuca.me\/wp-content\/uploads\/2025\/01\/evropska-kuca-logo-1.png","contentUrl":"https:\/\/www.evropskakuca.me\/wp-content\/uploads\/2025\/01\/evropska-kuca-logo-1.png","width":425,"height":312,"caption":"Evropean house"},"image":{"@id":"https:\/\/www.evropskakuca.me\/me\/#\/schema\/logo\/image\/"},"sameAs":["https:\/\/www.facebook.com\/evropska.kuca","https:\/\/x.com\/evropska_kuca","https:\/\/www.instagram.com\/evropska_kuca"]},{"@type":"Person","@id":"https:\/\/www.evropskakuca.me\/me\/#\/schema\/person\/a1d0dcdaefe4a1cd1d60d200ea137ba4","name":"mkajic","image":{"@type":"ImageObject","inLanguage":"me-ME","@id":"https:\/\/secure.gravatar.com\/avatar\/731fa035cefab7316e6bafd1f25a93fb731a07de14e2d9923f8db4422628eabc?s=96&d=mm&r=g","url":"https:\/\/secure.gravatar.com\/avatar\/731fa035cefab7316e6bafd1f25a93fb731a07de14e2d9923f8db4422628eabc?s=96&d=mm&r=g","contentUrl":"https:\/\/secure.gravatar.com\/avatar\/731fa035cefab7316e6bafd1f25a93fb731a07de14e2d9923f8db4422628eabc?s=96&d=mm&r=g","caption":"mkajic"},"sameAs":["https:\/\/evropskakuca.me"],"url":"https:\/\/www.evropskakuca.me\/me\/author\/mkajic\/"}]}},"_links":{"self":[{"href":"https:\/\/www.evropskakuca.me\/me\/wp-json\/wp\/v2\/posts\/7033","targetHints":{"allow":["GET"]}}],"collection":[{"href":"https:\/\/www.evropskakuca.me\/me\/wp-json\/wp\/v2\/posts"}],"about":[{"href":"https:\/\/www.evropskakuca.me\/me\/wp-json\/wp\/v2\/types\/post"}],"author":[{"embeddable":true,"href":"https:\/\/www.evropskakuca.me\/me\/wp-json\/wp\/v2\/users\/1"}],"replies":[{"embeddable":true,"href":"https:\/\/www.evropskakuca.me\/me\/wp-json\/wp\/v2\/comments?post=7033"}],"version-history":[{"count":0,"href":"https:\/\/www.evropskakuca.me\/me\/wp-json\/wp\/v2\/posts\/7033\/revisions"}],"wp:featuredmedia":[{"embeddable":true,"href":"https:\/\/www.evropskakuca.me\/me\/wp-json\/wp\/v2\/media\/34513"}],"wp:attachment":[{"href":"https:\/\/www.evropskakuca.me\/me\/wp-json\/wp\/v2\/media?parent=7033"}],"wp:term":[{"taxonomy":"category","embeddable":true,"href":"https:\/\/www.evropskakuca.me\/me\/wp-json\/wp\/v2\/categories?post=7033"},{"taxonomy":"post_tag","embeddable":true,"href":"https:\/\/www.evropskakuca.me\/me\/wp-json\/wp\/v2\/tags?post=7033"}],"curies":[{"name":"wp","href":"https:\/\/api.w.org\/{rel}","templated":true}]}}