{"id":7015,"date":"2019-06-18T11:16:38","date_gmt":"2019-06-18T11:16:38","guid":{"rendered":"http:\/\/www.evropskakuca.me\/me\/?p=7015"},"modified":"2019-06-18T11:16:38","modified_gmt":"2019-06-18T11:16:38","slug":"evropska-ideja-danas-trideset-godina-postkomunisticke-tranzicije","status":"publish","type":"post","link":"https:\/\/www.evropskakuca.me\/me\/evropska-ideja-danas-trideset-godina-postkomunisticke-tranzicije\/","title":{"rendered":"Evropska ideja danas-trideset godina postkomunisti\u010dke tranzicije"},"content":{"rendered":"<p>EU Info centar u saradnji sa Centrom za geopolitiku Filozofskog fakulteta u Nik\u0161i\u0107u organizovao je predavanje poznatog hrvatskog istori\u010dara, gra\u0111anskog i politi\u010dkog aktiviste, Dr Dragana Markovine. Na predavanju: <em>Evropska ideja danas-trideset godina postkomunisti\u010dke tranzicije<\/em>, Markovina se osvrnuo na osnovne elemente Evropske ideje u proteklih trideset godina ali je razgovor sa studentima bio prilika i za osvrt na mnoga druga pitanja poput: budu\u0107nosti zajednica postjugoslovenskog prostora, revizije pro\u0161losti, kulture sje\u0107anja i procesa modernizacije postkomunisti\u010dkih dru\u0161tava.<\/p>\n<p>Povod za \u00a0predavanje Dr Markovine, bilo je obilje\u017eavanje trideset godina od ru\u0161enja Berlinskog zida i odnosa politi\u010dkih elita biv\u0161e dr\u017eave prema tom doga\u0111aju. Markovina je ocjenio da je Evropa u protekle tri decenije pro\u0161le kroz razli\u010dite faze i da je njena transformacija zna\u010dajno uticala na odnos prema zemljama regiona. U tom kontekstu on je izrazio zabrinutost za ja\u010danje politi\u010dkih ideja kojima se poku\u0161ava transformisati model organizovanja Evropske unije. Hrvatski profesor zbog toga je iskazao zabrinutost prema izvornim vrijednostima Evropske ideje, kao \u0161to su: ljudske slobode, uva\u017eavanje manjinskih prava, jednakost i slolidarnost. Markovina smatra da su ove temeljne vrijednosti ugro\u017eene politikama koje su naru\u010dito izra\u017eene u proteklih pet godina i koje se prevashodno mogu prepoznati kao poku\u0161aj da se ekonomskim i tr\u017ei\u0161nim principima, Evropa pretvori u jednu neoliberalnu zajednicu u kojoj \u0107e ideje slobode, jednakosti i razli\u010ditosti ostati u drugom planu. Markovina tvrdi da je upravo zbog tih politi\u010dkih snaga ugro\u017eena i budu\u0107nost Evropske ideje, a da \u0107e to imati i velike posljedice na sve zemlje regiona.<\/p>\n<p><a href=\"http:\/\/www.evropskakuca.me\/wp-content\/uploads\/2019\/06\/markovina2.jpg\"><img fetchpriority=\"high\" decoding=\"async\" class=\"alignleft size-large wp-image-7012\" src=\"http:\/\/www.evropskakuca.me\/wp-content\/uploads\/2019\/06\/markovina2-1024x711.jpg\" alt=\"\" width=\"1024\" height=\"711\" \/><\/a><\/p>\n<p>Tokom predavanja, a kasnije i za vrijeme razgovora sa studentima Markovina se osvrnuo i na tezu o iznevjerenim o\u010dekivanjima zemalja regiona prema Evropi. Po njegovoj ocjeni ta o\u010dekivanja su bez sumnje iznevjerena jer je sama Evropa do\u017eivjela ogromnu transformaciju ali da nikako ne treba minimalizovati i ulogu samih dr\u017eava regiona. Po njegovoj ocjeni ove dr\u017eave na svaki na\u010din poku\u0161avaju da se odupru procesima politi\u010dke i ekonomske tranzicije, nespremne da elemente modernizacije dru\u0161tva prilagode datim okolnostima i aktuelnom politi\u010dkom trenutku.<\/p>\n<p>Govorilo se i o proteklim izborima za Evropski parlament, odnosu evropskih stranaka prema regionu ali i jednom od najzna\u010dajnijih pitanja postkomunisti\u010dke tranzicije regiona-odnosu prema pro\u0161losti i reviziji istorijskih procesa. Markovina je naveo da je potreba za uru\u0161avanjem postoje\u0107e kulture sje\u0107anja i definisanja novih narativa pro\u0161losti veliki problem svih zajednica nastalih na postjugoslovenskom prostoru. On je ocjenio da su u tom segmentu sva dru\u0161tva regiona izgubila korak sa modernizacijskim procesima koji su jedini put ka prevazila\u017eenju nagomilanih socijalnih i kulturnih izazova dr\u017eava regiona.<\/p>\n","protected":false},"excerpt":{"rendered":"<p>Predavanje dr Dragana Markovine <\/p>\n","protected":false},"author":1,"featured_media":34499,"comment_status":"closed","ping_status":"closed","sticky":false,"template":"","format":"standard","meta":{"_acf_changed":false,"footnotes":""},"categories":[],"tags":[],"class_list":["post-7015","post","type-post","status-publish","format-standard","has-post-thumbnail","hentry"],"acf":[],"yoast_head":"<!-- This site is optimized with the Yoast SEO plugin v27.3 - https:\/\/yoast.com\/product\/yoast-seo-wordpress\/ -->\n<title>Evropska ideja danas-trideset godina postkomunisti\u010dke tranzicije - Europe House<\/title>\n<meta name=\"robots\" content=\"index, follow, max-snippet:-1, max-image-preview:large, max-video-preview:-1\" \/>\n<link rel=\"canonical\" href=\"https:\/\/www.evropskakuca.me\/me\/evropska-ideja-danas-trideset-godina-postkomunisticke-tranzicije\/\" \/>\n<meta property=\"og:locale\" content=\"en_US\" \/>\n<meta property=\"og:type\" content=\"article\" \/>\n<meta property=\"og:title\" content=\"Evropska ideja danas-trideset godina postkomunisti\u010dke tranzicije - Europe House\" \/>\n<meta property=\"og:description\" content=\"Predavanje dr Dragana Markovine\" \/>\n<meta property=\"og:url\" content=\"https:\/\/www.evropskakuca.me\/me\/evropska-ideja-danas-trideset-godina-postkomunisticke-tranzicije\/\" \/>\n<meta property=\"og:site_name\" content=\"Europe House\" \/>\n<meta property=\"article:publisher\" content=\"https:\/\/www.facebook.com\/evropska.kuca\" \/>\n<meta property=\"article:published_time\" content=\"2019-06-18T11:16:38+00:00\" \/>\n<meta property=\"og:image\" content=\"https:\/\/www.evropskakuca.me\/wp-content\/uploads\/2019\/06\/markovina.jpg\" \/>\n\t<meta property=\"og:image:width\" content=\"1130\" \/>\n\t<meta property=\"og:image:height\" content=\"768\" \/>\n\t<meta property=\"og:image:type\" content=\"image\/jpeg\" \/>\n<meta name=\"author\" content=\"mkajic\" \/>\n<meta name=\"twitter:card\" content=\"summary_large_image\" \/>\n<meta name=\"twitter:creator\" content=\"@evropska_kuca\" \/>\n<meta name=\"twitter:site\" content=\"@evropska_kuca\" \/>\n<meta name=\"twitter:label1\" content=\"Written by\" \/>\n\t<meta name=\"twitter:data1\" content=\"mkajic\" \/>\n\t<meta name=\"twitter:label2\" content=\"Est. reading time\" \/>\n\t<meta name=\"twitter:data2\" content=\"2 minutes\" \/>\n<script type=\"application\/ld+json\" class=\"yoast-schema-graph\">{\"@context\":\"https:\\\/\\\/schema.org\",\"@graph\":[{\"@type\":\"Article\",\"@id\":\"https:\\\/\\\/www.evropskakuca.me\\\/me\\\/evropska-ideja-danas-trideset-godina-postkomunisticke-tranzicije\\\/#article\",\"isPartOf\":{\"@id\":\"https:\\\/\\\/www.evropskakuca.me\\\/me\\\/evropska-ideja-danas-trideset-godina-postkomunisticke-tranzicije\\\/\"},\"author\":{\"name\":\"mkajic\",\"@id\":\"https:\\\/\\\/www.evropskakuca.me\\\/me\\\/#\\\/schema\\\/person\\\/a1d0dcdaefe4a1cd1d60d200ea137ba4\"},\"headline\":\"Evropska ideja danas-trideset godina postkomunisti\u010dke tranzicije\",\"datePublished\":\"2019-06-18T11:16:38+00:00\",\"mainEntityOfPage\":{\"@id\":\"https:\\\/\\\/www.evropskakuca.me\\\/me\\\/evropska-ideja-danas-trideset-godina-postkomunisticke-tranzicije\\\/\"},\"wordCount\":462,\"publisher\":{\"@id\":\"https:\\\/\\\/www.evropskakuca.me\\\/me\\\/#organization\"},\"image\":{\"@id\":\"https:\\\/\\\/www.evropskakuca.me\\\/me\\\/evropska-ideja-danas-trideset-godina-postkomunisticke-tranzicije\\\/#primaryimage\"},\"thumbnailUrl\":\"https:\\\/\\\/www.evropskakuca.me\\\/wp-content\\\/uploads\\\/2019\\\/06\\\/markovina.jpg\",\"inLanguage\":\"me-ME\"},{\"@type\":\"WebPage\",\"@id\":\"https:\\\/\\\/www.evropskakuca.me\\\/me\\\/evropska-ideja-danas-trideset-godina-postkomunisticke-tranzicije\\\/\",\"url\":\"https:\\\/\\\/www.evropskakuca.me\\\/me\\\/evropska-ideja-danas-trideset-godina-postkomunisticke-tranzicije\\\/\",\"name\":\"Evropska ideja danas-trideset godina postkomunisti\u010dke tranzicije - Europe House\",\"isPartOf\":{\"@id\":\"https:\\\/\\\/www.evropskakuca.me\\\/me\\\/#website\"},\"primaryImageOfPage\":{\"@id\":\"https:\\\/\\\/www.evropskakuca.me\\\/me\\\/evropska-ideja-danas-trideset-godina-postkomunisticke-tranzicije\\\/#primaryimage\"},\"image\":{\"@id\":\"https:\\\/\\\/www.evropskakuca.me\\\/me\\\/evropska-ideja-danas-trideset-godina-postkomunisticke-tranzicije\\\/#primaryimage\"},\"thumbnailUrl\":\"https:\\\/\\\/www.evropskakuca.me\\\/wp-content\\\/uploads\\\/2019\\\/06\\\/markovina.jpg\",\"datePublished\":\"2019-06-18T11:16:38+00:00\",\"breadcrumb\":{\"@id\":\"https:\\\/\\\/www.evropskakuca.me\\\/me\\\/evropska-ideja-danas-trideset-godina-postkomunisticke-tranzicije\\\/#breadcrumb\"},\"inLanguage\":\"me-ME\",\"potentialAction\":[{\"@type\":\"ReadAction\",\"target\":[\"https:\\\/\\\/www.evropskakuca.me\\\/me\\\/evropska-ideja-danas-trideset-godina-postkomunisticke-tranzicije\\\/\"]}]},{\"@type\":\"ImageObject\",\"inLanguage\":\"me-ME\",\"@id\":\"https:\\\/\\\/www.evropskakuca.me\\\/me\\\/evropska-ideja-danas-trideset-godina-postkomunisticke-tranzicije\\\/#primaryimage\",\"url\":\"https:\\\/\\\/www.evropskakuca.me\\\/wp-content\\\/uploads\\\/2019\\\/06\\\/markovina.jpg\",\"contentUrl\":\"https:\\\/\\\/www.evropskakuca.me\\\/wp-content\\\/uploads\\\/2019\\\/06\\\/markovina.jpg\",\"width\":1130,\"height\":768},{\"@type\":\"BreadcrumbList\",\"@id\":\"https:\\\/\\\/www.evropskakuca.me\\\/me\\\/evropska-ideja-danas-trideset-godina-postkomunisticke-tranzicije\\\/#breadcrumb\",\"itemListElement\":[{\"@type\":\"ListItem\",\"position\":1,\"name\":\"Home\",\"item\":\"https:\\\/\\\/www.evropskakuca.me\\\/me\\\/\"},{\"@type\":\"ListItem\",\"position\":2,\"name\":\"Evropska ideja danas-trideset godina postkomunisti\u010dke tranzicije\"}]},{\"@type\":\"WebSite\",\"@id\":\"https:\\\/\\\/www.evropskakuca.me\\\/me\\\/#website\",\"url\":\"https:\\\/\\\/www.evropskakuca.me\\\/me\\\/\",\"name\":\"Evropean house\",\"description\":\"\",\"publisher\":{\"@id\":\"https:\\\/\\\/www.evropskakuca.me\\\/me\\\/#organization\"},\"potentialAction\":[{\"@type\":\"SearchAction\",\"target\":{\"@type\":\"EntryPoint\",\"urlTemplate\":\"https:\\\/\\\/www.evropskakuca.me\\\/me\\\/?s={search_term_string}\"},\"query-input\":{\"@type\":\"PropertyValueSpecification\",\"valueRequired\":true,\"valueName\":\"search_term_string\"}}],\"inLanguage\":\"me-ME\"},{\"@type\":\"Organization\",\"@id\":\"https:\\\/\\\/www.evropskakuca.me\\\/me\\\/#organization\",\"name\":\"Evropean house\",\"url\":\"https:\\\/\\\/www.evropskakuca.me\\\/me\\\/\",\"logo\":{\"@type\":\"ImageObject\",\"inLanguage\":\"me-ME\",\"@id\":\"https:\\\/\\\/www.evropskakuca.me\\\/me\\\/#\\\/schema\\\/logo\\\/image\\\/\",\"url\":\"https:\\\/\\\/www.evropskakuca.me\\\/wp-content\\\/uploads\\\/2025\\\/01\\\/evropska-kuca-logo-1.png\",\"contentUrl\":\"https:\\\/\\\/www.evropskakuca.me\\\/wp-content\\\/uploads\\\/2025\\\/01\\\/evropska-kuca-logo-1.png\",\"width\":425,\"height\":312,\"caption\":\"Evropean house\"},\"image\":{\"@id\":\"https:\\\/\\\/www.evropskakuca.me\\\/me\\\/#\\\/schema\\\/logo\\\/image\\\/\"},\"sameAs\":[\"https:\\\/\\\/www.facebook.com\\\/evropska.kuca\",\"https:\\\/\\\/x.com\\\/evropska_kuca\",\"https:\\\/\\\/www.instagram.com\\\/evropska_kuca\"]},{\"@type\":\"Person\",\"@id\":\"https:\\\/\\\/www.evropskakuca.me\\\/me\\\/#\\\/schema\\\/person\\\/a1d0dcdaefe4a1cd1d60d200ea137ba4\",\"name\":\"mkajic\",\"image\":{\"@type\":\"ImageObject\",\"inLanguage\":\"me-ME\",\"@id\":\"https:\\\/\\\/secure.gravatar.com\\\/avatar\\\/731fa035cefab7316e6bafd1f25a93fb731a07de14e2d9923f8db4422628eabc?s=96&d=mm&r=g\",\"url\":\"https:\\\/\\\/secure.gravatar.com\\\/avatar\\\/731fa035cefab7316e6bafd1f25a93fb731a07de14e2d9923f8db4422628eabc?s=96&d=mm&r=g\",\"contentUrl\":\"https:\\\/\\\/secure.gravatar.com\\\/avatar\\\/731fa035cefab7316e6bafd1f25a93fb731a07de14e2d9923f8db4422628eabc?s=96&d=mm&r=g\",\"caption\":\"mkajic\"},\"sameAs\":[\"https:\\\/\\\/evropskakuca.me\"],\"url\":\"https:\\\/\\\/www.evropskakuca.me\\\/me\\\/author\\\/mkajic\\\/\"}]}<\/script>\n<!-- \/ Yoast SEO plugin. -->","yoast_head_json":{"title":"Evropska ideja danas-trideset godina postkomunisti\u010dke tranzicije - Europe House","robots":{"index":"index","follow":"follow","max-snippet":"max-snippet:-1","max-image-preview":"max-image-preview:large","max-video-preview":"max-video-preview:-1"},"canonical":"https:\/\/www.evropskakuca.me\/me\/evropska-ideja-danas-trideset-godina-postkomunisticke-tranzicije\/","og_locale":"en_US","og_type":"article","og_title":"Evropska ideja danas-trideset godina postkomunisti\u010dke tranzicije - Europe House","og_description":"Predavanje dr Dragana Markovine","og_url":"https:\/\/www.evropskakuca.me\/me\/evropska-ideja-danas-trideset-godina-postkomunisticke-tranzicije\/","og_site_name":"Europe House","article_publisher":"https:\/\/www.facebook.com\/evropska.kuca","article_published_time":"2019-06-18T11:16:38+00:00","og_image":[{"width":1130,"height":768,"url":"https:\/\/www.evropskakuca.me\/wp-content\/uploads\/2019\/06\/markovina.jpg","type":"image\/jpeg"}],"author":"mkajic","twitter_card":"summary_large_image","twitter_creator":"@evropska_kuca","twitter_site":"@evropska_kuca","twitter_misc":{"Written by":"mkajic","Est. reading time":"2 minutes"},"schema":{"@context":"https:\/\/schema.org","@graph":[{"@type":"Article","@id":"https:\/\/www.evropskakuca.me\/me\/evropska-ideja-danas-trideset-godina-postkomunisticke-tranzicije\/#article","isPartOf":{"@id":"https:\/\/www.evropskakuca.me\/me\/evropska-ideja-danas-trideset-godina-postkomunisticke-tranzicije\/"},"author":{"name":"mkajic","@id":"https:\/\/www.evropskakuca.me\/me\/#\/schema\/person\/a1d0dcdaefe4a1cd1d60d200ea137ba4"},"headline":"Evropska ideja danas-trideset godina postkomunisti\u010dke tranzicije","datePublished":"2019-06-18T11:16:38+00:00","mainEntityOfPage":{"@id":"https:\/\/www.evropskakuca.me\/me\/evropska-ideja-danas-trideset-godina-postkomunisticke-tranzicije\/"},"wordCount":462,"publisher":{"@id":"https:\/\/www.evropskakuca.me\/me\/#organization"},"image":{"@id":"https:\/\/www.evropskakuca.me\/me\/evropska-ideja-danas-trideset-godina-postkomunisticke-tranzicije\/#primaryimage"},"thumbnailUrl":"https:\/\/www.evropskakuca.me\/wp-content\/uploads\/2019\/06\/markovina.jpg","inLanguage":"me-ME"},{"@type":"WebPage","@id":"https:\/\/www.evropskakuca.me\/me\/evropska-ideja-danas-trideset-godina-postkomunisticke-tranzicije\/","url":"https:\/\/www.evropskakuca.me\/me\/evropska-ideja-danas-trideset-godina-postkomunisticke-tranzicije\/","name":"Evropska ideja danas-trideset godina postkomunisti\u010dke tranzicije - Europe House","isPartOf":{"@id":"https:\/\/www.evropskakuca.me\/me\/#website"},"primaryImageOfPage":{"@id":"https:\/\/www.evropskakuca.me\/me\/evropska-ideja-danas-trideset-godina-postkomunisticke-tranzicije\/#primaryimage"},"image":{"@id":"https:\/\/www.evropskakuca.me\/me\/evropska-ideja-danas-trideset-godina-postkomunisticke-tranzicije\/#primaryimage"},"thumbnailUrl":"https:\/\/www.evropskakuca.me\/wp-content\/uploads\/2019\/06\/markovina.jpg","datePublished":"2019-06-18T11:16:38+00:00","breadcrumb":{"@id":"https:\/\/www.evropskakuca.me\/me\/evropska-ideja-danas-trideset-godina-postkomunisticke-tranzicije\/#breadcrumb"},"inLanguage":"me-ME","potentialAction":[{"@type":"ReadAction","target":["https:\/\/www.evropskakuca.me\/me\/evropska-ideja-danas-trideset-godina-postkomunisticke-tranzicije\/"]}]},{"@type":"ImageObject","inLanguage":"me-ME","@id":"https:\/\/www.evropskakuca.me\/me\/evropska-ideja-danas-trideset-godina-postkomunisticke-tranzicije\/#primaryimage","url":"https:\/\/www.evropskakuca.me\/wp-content\/uploads\/2019\/06\/markovina.jpg","contentUrl":"https:\/\/www.evropskakuca.me\/wp-content\/uploads\/2019\/06\/markovina.jpg","width":1130,"height":768},{"@type":"BreadcrumbList","@id":"https:\/\/www.evropskakuca.me\/me\/evropska-ideja-danas-trideset-godina-postkomunisticke-tranzicije\/#breadcrumb","itemListElement":[{"@type":"ListItem","position":1,"name":"Home","item":"https:\/\/www.evropskakuca.me\/me\/"},{"@type":"ListItem","position":2,"name":"Evropska ideja danas-trideset godina postkomunisti\u010dke tranzicije"}]},{"@type":"WebSite","@id":"https:\/\/www.evropskakuca.me\/me\/#website","url":"https:\/\/www.evropskakuca.me\/me\/","name":"Evropean house","description":"","publisher":{"@id":"https:\/\/www.evropskakuca.me\/me\/#organization"},"potentialAction":[{"@type":"SearchAction","target":{"@type":"EntryPoint","urlTemplate":"https:\/\/www.evropskakuca.me\/me\/?s={search_term_string}"},"query-input":{"@type":"PropertyValueSpecification","valueRequired":true,"valueName":"search_term_string"}}],"inLanguage":"me-ME"},{"@type":"Organization","@id":"https:\/\/www.evropskakuca.me\/me\/#organization","name":"Evropean house","url":"https:\/\/www.evropskakuca.me\/me\/","logo":{"@type":"ImageObject","inLanguage":"me-ME","@id":"https:\/\/www.evropskakuca.me\/me\/#\/schema\/logo\/image\/","url":"https:\/\/www.evropskakuca.me\/wp-content\/uploads\/2025\/01\/evropska-kuca-logo-1.png","contentUrl":"https:\/\/www.evropskakuca.me\/wp-content\/uploads\/2025\/01\/evropska-kuca-logo-1.png","width":425,"height":312,"caption":"Evropean house"},"image":{"@id":"https:\/\/www.evropskakuca.me\/me\/#\/schema\/logo\/image\/"},"sameAs":["https:\/\/www.facebook.com\/evropska.kuca","https:\/\/x.com\/evropska_kuca","https:\/\/www.instagram.com\/evropska_kuca"]},{"@type":"Person","@id":"https:\/\/www.evropskakuca.me\/me\/#\/schema\/person\/a1d0dcdaefe4a1cd1d60d200ea137ba4","name":"mkajic","image":{"@type":"ImageObject","inLanguage":"me-ME","@id":"https:\/\/secure.gravatar.com\/avatar\/731fa035cefab7316e6bafd1f25a93fb731a07de14e2d9923f8db4422628eabc?s=96&d=mm&r=g","url":"https:\/\/secure.gravatar.com\/avatar\/731fa035cefab7316e6bafd1f25a93fb731a07de14e2d9923f8db4422628eabc?s=96&d=mm&r=g","contentUrl":"https:\/\/secure.gravatar.com\/avatar\/731fa035cefab7316e6bafd1f25a93fb731a07de14e2d9923f8db4422628eabc?s=96&d=mm&r=g","caption":"mkajic"},"sameAs":["https:\/\/evropskakuca.me"],"url":"https:\/\/www.evropskakuca.me\/me\/author\/mkajic\/"}]}},"_links":{"self":[{"href":"https:\/\/www.evropskakuca.me\/me\/wp-json\/wp\/v2\/posts\/7015","targetHints":{"allow":["GET"]}}],"collection":[{"href":"https:\/\/www.evropskakuca.me\/me\/wp-json\/wp\/v2\/posts"}],"about":[{"href":"https:\/\/www.evropskakuca.me\/me\/wp-json\/wp\/v2\/types\/post"}],"author":[{"embeddable":true,"href":"https:\/\/www.evropskakuca.me\/me\/wp-json\/wp\/v2\/users\/1"}],"replies":[{"embeddable":true,"href":"https:\/\/www.evropskakuca.me\/me\/wp-json\/wp\/v2\/comments?post=7015"}],"version-history":[{"count":0,"href":"https:\/\/www.evropskakuca.me\/me\/wp-json\/wp\/v2\/posts\/7015\/revisions"}],"wp:featuredmedia":[{"embeddable":true,"href":"https:\/\/www.evropskakuca.me\/me\/wp-json\/wp\/v2\/media\/34499"}],"wp:attachment":[{"href":"https:\/\/www.evropskakuca.me\/me\/wp-json\/wp\/v2\/media?parent=7015"}],"wp:term":[{"taxonomy":"category","embeddable":true,"href":"https:\/\/www.evropskakuca.me\/me\/wp-json\/wp\/v2\/categories?post=7015"},{"taxonomy":"post_tag","embeddable":true,"href":"https:\/\/www.evropskakuca.me\/me\/wp-json\/wp\/v2\/tags?post=7015"}],"curies":[{"name":"wp","href":"https:\/\/api.w.org\/{rel}","templated":true}]}}