{"id":6955,"date":"2019-06-11T09:24:43","date_gmt":"2019-06-11T09:24:43","guid":{"rendered":"http:\/\/www.evropskakuca.me\/me\/?p=6955"},"modified":"2019-06-11T09:24:43","modified_gmt":"2019-06-11T09:24:43","slug":"poziv-nevladinim-organizacijama-i-grupama-gradana-za-angazovanje-u-inicijativi-za-ciscenje-i-reviziju-otpada-na-crnogorskim-plazama-i-obalama-rijeka-i-jezera","status":"publish","type":"post","link":"https:\/\/www.evropskakuca.me\/me\/poziv-nevladinim-organizacijama-i-grupama-gradana-za-angazovanje-u-inicijativi-za-ciscenje-i-reviziju-otpada-na-crnogorskim-plazama-i-obalama-rijeka-i-jezera\/","title":{"rendered":"Poziv nevladinim organizacijama i grupama gra\u0111ana za anga\u017eovanje u inicijativi za \u010di\u0161\u0107enje i reviziju otpada na crnogorskim pla\u017eama i obalama rijeka i jezera"},"content":{"rendered":"<p>NVO Zero Waste Montenegro, u partnerstvu sa Delegaciom Evropske unije i EU info centra u Crnoj Gori,<br \/>\ntre\u0107u godinu zaredom organizuje Me\u0111unarodni dan \u010di\u0161\u0107enja obala i reviziju otpada u Crnoj Gori 2019. godine.<\/p>\n<p>Ovaj je globalni doga\u0111aj i obilje\u017eava se svake godine tre\u0107e subote u septembru \u0161irom svijeta. Cilj ove akcije<br \/>\nje da gra\u0111ani postanu svjesniji svoje klju\u010dne uloge u odlaganju sme\u0107a. Zajedni\u010dka akcija tako\u0111e nagla\u0161ava va\u017enu\u00a0odgovornost op\u0161tina za pravovremeno prikupljanje i sortiranje otpada, kao i odgovornost proizvo\u0111a\u010da za smanjenje ambala\u017ee za jednokratnu upotrebu.<\/p>\n<p>Stoga pozivamo sve zainteresovane nevladine organizacije i grupe gra\u0111ana da nam se pridru\u017ee u<br \/>\nna\u0161em nastojanju da o\u010distimo pla\u017ee i obale rijeka, i ukoliko ste zainteresovani, molimo Vas da<br \/>\npreuzmete sljede\u0107i dukument:<\/p>\n<div class=\"media media-element-container media-default\">\n<div id=\"file-67209\" class=\"file file-document file-application-msword\">\n<div class=\"content\"><span class=\"file\"><img decoding=\"async\" class=\"file-icon\" title=\"application\/msword\" src=\"https:\/\/eeas.europa.eu\/modules\/file\/icons\/x-office-document.png\" alt=\"Microsoft Office document icon\" \/><a href=\"https:\/\/eeas.europa.eu\/sites\/eeas\/files\/03_tor_iccwa_may_2019_loc_final_draft_mne.doc\" type=\"application\/msword; length=101888\">Tekst poziva i ToR<\/a><\/span><\/div>\n<\/div>\n<\/div>\n<p>&nbsp;<\/p>\n<p>Za mogu\u0107a pitanja i za prijavljivanje molimo Vas obratite se g\u0111ici Sne\u017eani Marstijepovi\u0107,<\/p>\n<p>na email:\u00a0<a href=\"mailto:s.marstijepovic@zerowastemontenegro.me\" target=\"_blank\" rel=\"noopener noreferrer\">s.marstijepovic@zerowastemontenegro.me<\/a><\/p>\n","protected":false},"excerpt":{"rendered":"<p>Ovaj globalni doga\u0111aj se obilje\u017eava svake godine tre\u0107e subote u septembru <\/p>\n","protected":false},"author":1,"featured_media":34489,"comment_status":"open","ping_status":"open","sticky":false,"template":"","format":"standard","meta":{"_acf_changed":false,"footnotes":""},"categories":[283],"tags":[],"class_list":["post-6955","post","type-post","status-publish","format-standard","has-post-thumbnail","hentry","category-novosti-me"],"acf":[],"yoast_head":"<!-- This site is optimized with the Yoast SEO plugin v27.3 - https:\/\/yoast.com\/product\/yoast-seo-wordpress\/ -->\n<title>Poziv nevladinim organizacijama i grupama gra\u0111ana za anga\u017eovanje u inicijativi za \u010di\u0161\u0107enje i reviziju otpada na crnogorskim pla\u017eama i obalama rijeka i jezera - Europe House<\/title>\n<meta name=\"robots\" content=\"index, follow, max-snippet:-1, max-image-preview:large, max-video-preview:-1\" \/>\n<link rel=\"canonical\" href=\"https:\/\/www.evropskakuca.me\/me\/poziv-nevladinim-organizacijama-i-grupama-gradana-za-angazovanje-u-inicijativi-za-ciscenje-i-reviziju-otpada-na-crnogorskim-plazama-i-obalama-rijeka-i-jezera\/\" \/>\n<meta property=\"og:locale\" content=\"en_US\" \/>\n<meta property=\"og:type\" content=\"article\" \/>\n<meta property=\"og:title\" content=\"Poziv nevladinim organizacijama i grupama gra\u0111ana za anga\u017eovanje u inicijativi za \u010di\u0161\u0107enje i reviziju otpada na crnogorskim pla\u017eama i obalama rijeka i jezera - Europe House\" \/>\n<meta property=\"og:description\" content=\"Ovaj globalni doga\u0111aj se obilje\u017eava svake godine tre\u0107e subote u septembru\" \/>\n<meta property=\"og:url\" content=\"https:\/\/www.evropskakuca.me\/me\/poziv-nevladinim-organizacijama-i-grupama-gradana-za-angazovanje-u-inicijativi-za-ciscenje-i-reviziju-otpada-na-crnogorskim-plazama-i-obalama-rijeka-i-jezera\/\" \/>\n<meta property=\"og:site_name\" content=\"Europe House\" \/>\n<meta property=\"article:publisher\" content=\"https:\/\/www.facebook.com\/evropska.kuca\" \/>\n<meta property=\"article:published_time\" content=\"2019-06-11T09:24:43+00:00\" \/>\n<meta property=\"og:image\" content=\"https:\/\/www.evropskakuca.me\/wp-content\/uploads\/2019\/06\/beach-cleanup.jpg\" \/>\n\t<meta property=\"og:image:width\" content=\"2028\" \/>\n\t<meta property=\"og:image:height\" content=\"1352\" \/>\n\t<meta property=\"og:image:type\" content=\"image\/jpeg\" \/>\n<meta name=\"author\" content=\"mkajic\" \/>\n<meta name=\"twitter:card\" content=\"summary_large_image\" \/>\n<meta name=\"twitter:creator\" content=\"@evropska_kuca\" \/>\n<meta name=\"twitter:site\" content=\"@evropska_kuca\" \/>\n<meta name=\"twitter:label1\" content=\"Written by\" \/>\n\t<meta name=\"twitter:data1\" content=\"mkajic\" \/>\n\t<meta name=\"twitter:label2\" content=\"Est. reading time\" \/>\n\t<meta name=\"twitter:data2\" content=\"1 minute\" \/>\n<script type=\"application\/ld+json\" class=\"yoast-schema-graph\">{\"@context\":\"https:\\\/\\\/schema.org\",\"@graph\":[{\"@type\":\"Article\",\"@id\":\"https:\\\/\\\/www.evropskakuca.me\\\/me\\\/poziv-nevladinim-organizacijama-i-grupama-gradana-za-angazovanje-u-inicijativi-za-ciscenje-i-reviziju-otpada-na-crnogorskim-plazama-i-obalama-rijeka-i-jezera\\\/#article\",\"isPartOf\":{\"@id\":\"https:\\\/\\\/www.evropskakuca.me\\\/me\\\/poziv-nevladinim-organizacijama-i-grupama-gradana-za-angazovanje-u-inicijativi-za-ciscenje-i-reviziju-otpada-na-crnogorskim-plazama-i-obalama-rijeka-i-jezera\\\/\"},\"author\":{\"name\":\"mkajic\",\"@id\":\"https:\\\/\\\/www.evropskakuca.me\\\/me\\\/#\\\/schema\\\/person\\\/a1d0dcdaefe4a1cd1d60d200ea137ba4\"},\"headline\":\"Poziv nevladinim organizacijama i grupama gra\u0111ana za anga\u017eovanje u inicijativi za \u010di\u0161\u0107enje i reviziju otpada na crnogorskim pla\u017eama i obalama rijeka i jezera\",\"datePublished\":\"2019-06-11T09:24:43+00:00\",\"mainEntityOfPage\":{\"@id\":\"https:\\\/\\\/www.evropskakuca.me\\\/me\\\/poziv-nevladinim-organizacijama-i-grupama-gradana-za-angazovanje-u-inicijativi-za-ciscenje-i-reviziju-otpada-na-crnogorskim-plazama-i-obalama-rijeka-i-jezera\\\/\"},\"wordCount\":193,\"commentCount\":0,\"publisher\":{\"@id\":\"https:\\\/\\\/www.evropskakuca.me\\\/me\\\/#organization\"},\"image\":{\"@id\":\"https:\\\/\\\/www.evropskakuca.me\\\/me\\\/poziv-nevladinim-organizacijama-i-grupama-gradana-za-angazovanje-u-inicijativi-za-ciscenje-i-reviziju-otpada-na-crnogorskim-plazama-i-obalama-rijeka-i-jezera\\\/#primaryimage\"},\"thumbnailUrl\":\"https:\\\/\\\/www.evropskakuca.me\\\/wp-content\\\/uploads\\\/2019\\\/06\\\/beach-cleanup.jpg\",\"articleSection\":[\"Novosti\"],\"inLanguage\":\"me-ME\",\"potentialAction\":[{\"@type\":\"CommentAction\",\"name\":\"Comment\",\"target\":[\"https:\\\/\\\/www.evropskakuca.me\\\/me\\\/poziv-nevladinim-organizacijama-i-grupama-gradana-za-angazovanje-u-inicijativi-za-ciscenje-i-reviziju-otpada-na-crnogorskim-plazama-i-obalama-rijeka-i-jezera\\\/#respond\"]}]},{\"@type\":\"WebPage\",\"@id\":\"https:\\\/\\\/www.evropskakuca.me\\\/me\\\/poziv-nevladinim-organizacijama-i-grupama-gradana-za-angazovanje-u-inicijativi-za-ciscenje-i-reviziju-otpada-na-crnogorskim-plazama-i-obalama-rijeka-i-jezera\\\/\",\"url\":\"https:\\\/\\\/www.evropskakuca.me\\\/me\\\/poziv-nevladinim-organizacijama-i-grupama-gradana-za-angazovanje-u-inicijativi-za-ciscenje-i-reviziju-otpada-na-crnogorskim-plazama-i-obalama-rijeka-i-jezera\\\/\",\"name\":\"Poziv nevladinim organizacijama i grupama gra\u0111ana za anga\u017eovanje u inicijativi za \u010di\u0161\u0107enje i reviziju otpada na crnogorskim pla\u017eama i obalama rijeka i jezera - Europe House\",\"isPartOf\":{\"@id\":\"https:\\\/\\\/www.evropskakuca.me\\\/me\\\/#website\"},\"primaryImageOfPage\":{\"@id\":\"https:\\\/\\\/www.evropskakuca.me\\\/me\\\/poziv-nevladinim-organizacijama-i-grupama-gradana-za-angazovanje-u-inicijativi-za-ciscenje-i-reviziju-otpada-na-crnogorskim-plazama-i-obalama-rijeka-i-jezera\\\/#primaryimage\"},\"image\":{\"@id\":\"https:\\\/\\\/www.evropskakuca.me\\\/me\\\/poziv-nevladinim-organizacijama-i-grupama-gradana-za-angazovanje-u-inicijativi-za-ciscenje-i-reviziju-otpada-na-crnogorskim-plazama-i-obalama-rijeka-i-jezera\\\/#primaryimage\"},\"thumbnailUrl\":\"https:\\\/\\\/www.evropskakuca.me\\\/wp-content\\\/uploads\\\/2019\\\/06\\\/beach-cleanup.jpg\",\"datePublished\":\"2019-06-11T09:24:43+00:00\",\"breadcrumb\":{\"@id\":\"https:\\\/\\\/www.evropskakuca.me\\\/me\\\/poziv-nevladinim-organizacijama-i-grupama-gradana-za-angazovanje-u-inicijativi-za-ciscenje-i-reviziju-otpada-na-crnogorskim-plazama-i-obalama-rijeka-i-jezera\\\/#breadcrumb\"},\"inLanguage\":\"me-ME\",\"potentialAction\":[{\"@type\":\"ReadAction\",\"target\":[\"https:\\\/\\\/www.evropskakuca.me\\\/me\\\/poziv-nevladinim-organizacijama-i-grupama-gradana-za-angazovanje-u-inicijativi-za-ciscenje-i-reviziju-otpada-na-crnogorskim-plazama-i-obalama-rijeka-i-jezera\\\/\"]}]},{\"@type\":\"ImageObject\",\"inLanguage\":\"me-ME\",\"@id\":\"https:\\\/\\\/www.evropskakuca.me\\\/me\\\/poziv-nevladinim-organizacijama-i-grupama-gradana-za-angazovanje-u-inicijativi-za-ciscenje-i-reviziju-otpada-na-crnogorskim-plazama-i-obalama-rijeka-i-jezera\\\/#primaryimage\",\"url\":\"https:\\\/\\\/www.evropskakuca.me\\\/wp-content\\\/uploads\\\/2019\\\/06\\\/beach-cleanup.jpg\",\"contentUrl\":\"https:\\\/\\\/www.evropskakuca.me\\\/wp-content\\\/uploads\\\/2019\\\/06\\\/beach-cleanup.jpg\",\"width\":2028,\"height\":1352},{\"@type\":\"BreadcrumbList\",\"@id\":\"https:\\\/\\\/www.evropskakuca.me\\\/me\\\/poziv-nevladinim-organizacijama-i-grupama-gradana-za-angazovanje-u-inicijativi-za-ciscenje-i-reviziju-otpada-na-crnogorskim-plazama-i-obalama-rijeka-i-jezera\\\/#breadcrumb\",\"itemListElement\":[{\"@type\":\"ListItem\",\"position\":1,\"name\":\"Home\",\"item\":\"https:\\\/\\\/www.evropskakuca.me\\\/me\\\/\"},{\"@type\":\"ListItem\",\"position\":2,\"name\":\"Poziv nevladinim organizacijama i grupama gra\u0111ana za anga\u017eovanje u inicijativi za \u010di\u0161\u0107enje i reviziju otpada na crnogorskim pla\u017eama i obalama rijeka i jezera\"}]},{\"@type\":\"WebSite\",\"@id\":\"https:\\\/\\\/www.evropskakuca.me\\\/me\\\/#website\",\"url\":\"https:\\\/\\\/www.evropskakuca.me\\\/me\\\/\",\"name\":\"Evropean house\",\"description\":\"\",\"publisher\":{\"@id\":\"https:\\\/\\\/www.evropskakuca.me\\\/me\\\/#organization\"},\"potentialAction\":[{\"@type\":\"SearchAction\",\"target\":{\"@type\":\"EntryPoint\",\"urlTemplate\":\"https:\\\/\\\/www.evropskakuca.me\\\/me\\\/?s={search_term_string}\"},\"query-input\":{\"@type\":\"PropertyValueSpecification\",\"valueRequired\":true,\"valueName\":\"search_term_string\"}}],\"inLanguage\":\"me-ME\"},{\"@type\":\"Organization\",\"@id\":\"https:\\\/\\\/www.evropskakuca.me\\\/me\\\/#organization\",\"name\":\"Evropean house\",\"url\":\"https:\\\/\\\/www.evropskakuca.me\\\/me\\\/\",\"logo\":{\"@type\":\"ImageObject\",\"inLanguage\":\"me-ME\",\"@id\":\"https:\\\/\\\/www.evropskakuca.me\\\/me\\\/#\\\/schema\\\/logo\\\/image\\\/\",\"url\":\"https:\\\/\\\/www.evropskakuca.me\\\/wp-content\\\/uploads\\\/2025\\\/01\\\/evropska-kuca-logo-1.png\",\"contentUrl\":\"https:\\\/\\\/www.evropskakuca.me\\\/wp-content\\\/uploads\\\/2025\\\/01\\\/evropska-kuca-logo-1.png\",\"width\":425,\"height\":312,\"caption\":\"Evropean house\"},\"image\":{\"@id\":\"https:\\\/\\\/www.evropskakuca.me\\\/me\\\/#\\\/schema\\\/logo\\\/image\\\/\"},\"sameAs\":[\"https:\\\/\\\/www.facebook.com\\\/evropska.kuca\",\"https:\\\/\\\/x.com\\\/evropska_kuca\",\"https:\\\/\\\/www.instagram.com\\\/evropska_kuca\"]},{\"@type\":\"Person\",\"@id\":\"https:\\\/\\\/www.evropskakuca.me\\\/me\\\/#\\\/schema\\\/person\\\/a1d0dcdaefe4a1cd1d60d200ea137ba4\",\"name\":\"mkajic\",\"image\":{\"@type\":\"ImageObject\",\"inLanguage\":\"me-ME\",\"@id\":\"https:\\\/\\\/secure.gravatar.com\\\/avatar\\\/731fa035cefab7316e6bafd1f25a93fb731a07de14e2d9923f8db4422628eabc?s=96&d=mm&r=g\",\"url\":\"https:\\\/\\\/secure.gravatar.com\\\/avatar\\\/731fa035cefab7316e6bafd1f25a93fb731a07de14e2d9923f8db4422628eabc?s=96&d=mm&r=g\",\"contentUrl\":\"https:\\\/\\\/secure.gravatar.com\\\/avatar\\\/731fa035cefab7316e6bafd1f25a93fb731a07de14e2d9923f8db4422628eabc?s=96&d=mm&r=g\",\"caption\":\"mkajic\"},\"sameAs\":[\"https:\\\/\\\/evropskakuca.me\"],\"url\":\"https:\\\/\\\/www.evropskakuca.me\\\/me\\\/author\\\/mkajic\\\/\"}]}<\/script>\n<!-- \/ Yoast SEO plugin. -->","yoast_head_json":{"title":"Poziv nevladinim organizacijama i grupama gra\u0111ana za anga\u017eovanje u inicijativi za \u010di\u0161\u0107enje i reviziju otpada na crnogorskim pla\u017eama i obalama rijeka i jezera - Europe House","robots":{"index":"index","follow":"follow","max-snippet":"max-snippet:-1","max-image-preview":"max-image-preview:large","max-video-preview":"max-video-preview:-1"},"canonical":"https:\/\/www.evropskakuca.me\/me\/poziv-nevladinim-organizacijama-i-grupama-gradana-za-angazovanje-u-inicijativi-za-ciscenje-i-reviziju-otpada-na-crnogorskim-plazama-i-obalama-rijeka-i-jezera\/","og_locale":"en_US","og_type":"article","og_title":"Poziv nevladinim organizacijama i grupama gra\u0111ana za anga\u017eovanje u inicijativi za \u010di\u0161\u0107enje i reviziju otpada na crnogorskim pla\u017eama i obalama rijeka i jezera - Europe House","og_description":"Ovaj globalni doga\u0111aj se obilje\u017eava svake godine tre\u0107e subote u septembru","og_url":"https:\/\/www.evropskakuca.me\/me\/poziv-nevladinim-organizacijama-i-grupama-gradana-za-angazovanje-u-inicijativi-za-ciscenje-i-reviziju-otpada-na-crnogorskim-plazama-i-obalama-rijeka-i-jezera\/","og_site_name":"Europe House","article_publisher":"https:\/\/www.facebook.com\/evropska.kuca","article_published_time":"2019-06-11T09:24:43+00:00","og_image":[{"width":2028,"height":1352,"url":"https:\/\/www.evropskakuca.me\/wp-content\/uploads\/2019\/06\/beach-cleanup.jpg","type":"image\/jpeg"}],"author":"mkajic","twitter_card":"summary_large_image","twitter_creator":"@evropska_kuca","twitter_site":"@evropska_kuca","twitter_misc":{"Written by":"mkajic","Est. reading time":"1 minute"},"schema":{"@context":"https:\/\/schema.org","@graph":[{"@type":"Article","@id":"https:\/\/www.evropskakuca.me\/me\/poziv-nevladinim-organizacijama-i-grupama-gradana-za-angazovanje-u-inicijativi-za-ciscenje-i-reviziju-otpada-na-crnogorskim-plazama-i-obalama-rijeka-i-jezera\/#article","isPartOf":{"@id":"https:\/\/www.evropskakuca.me\/me\/poziv-nevladinim-organizacijama-i-grupama-gradana-za-angazovanje-u-inicijativi-za-ciscenje-i-reviziju-otpada-na-crnogorskim-plazama-i-obalama-rijeka-i-jezera\/"},"author":{"name":"mkajic","@id":"https:\/\/www.evropskakuca.me\/me\/#\/schema\/person\/a1d0dcdaefe4a1cd1d60d200ea137ba4"},"headline":"Poziv nevladinim organizacijama i grupama gra\u0111ana za anga\u017eovanje u inicijativi za \u010di\u0161\u0107enje i reviziju otpada na crnogorskim pla\u017eama i obalama rijeka i jezera","datePublished":"2019-06-11T09:24:43+00:00","mainEntityOfPage":{"@id":"https:\/\/www.evropskakuca.me\/me\/poziv-nevladinim-organizacijama-i-grupama-gradana-za-angazovanje-u-inicijativi-za-ciscenje-i-reviziju-otpada-na-crnogorskim-plazama-i-obalama-rijeka-i-jezera\/"},"wordCount":193,"commentCount":0,"publisher":{"@id":"https:\/\/www.evropskakuca.me\/me\/#organization"},"image":{"@id":"https:\/\/www.evropskakuca.me\/me\/poziv-nevladinim-organizacijama-i-grupama-gradana-za-angazovanje-u-inicijativi-za-ciscenje-i-reviziju-otpada-na-crnogorskim-plazama-i-obalama-rijeka-i-jezera\/#primaryimage"},"thumbnailUrl":"https:\/\/www.evropskakuca.me\/wp-content\/uploads\/2019\/06\/beach-cleanup.jpg","articleSection":["Novosti"],"inLanguage":"me-ME","potentialAction":[{"@type":"CommentAction","name":"Comment","target":["https:\/\/www.evropskakuca.me\/me\/poziv-nevladinim-organizacijama-i-grupama-gradana-za-angazovanje-u-inicijativi-za-ciscenje-i-reviziju-otpada-na-crnogorskim-plazama-i-obalama-rijeka-i-jezera\/#respond"]}]},{"@type":"WebPage","@id":"https:\/\/www.evropskakuca.me\/me\/poziv-nevladinim-organizacijama-i-grupama-gradana-za-angazovanje-u-inicijativi-za-ciscenje-i-reviziju-otpada-na-crnogorskim-plazama-i-obalama-rijeka-i-jezera\/","url":"https:\/\/www.evropskakuca.me\/me\/poziv-nevladinim-organizacijama-i-grupama-gradana-za-angazovanje-u-inicijativi-za-ciscenje-i-reviziju-otpada-na-crnogorskim-plazama-i-obalama-rijeka-i-jezera\/","name":"Poziv nevladinim organizacijama i grupama gra\u0111ana za anga\u017eovanje u inicijativi za \u010di\u0161\u0107enje i reviziju otpada na crnogorskim pla\u017eama i obalama rijeka i jezera - Europe House","isPartOf":{"@id":"https:\/\/www.evropskakuca.me\/me\/#website"},"primaryImageOfPage":{"@id":"https:\/\/www.evropskakuca.me\/me\/poziv-nevladinim-organizacijama-i-grupama-gradana-za-angazovanje-u-inicijativi-za-ciscenje-i-reviziju-otpada-na-crnogorskim-plazama-i-obalama-rijeka-i-jezera\/#primaryimage"},"image":{"@id":"https:\/\/www.evropskakuca.me\/me\/poziv-nevladinim-organizacijama-i-grupama-gradana-za-angazovanje-u-inicijativi-za-ciscenje-i-reviziju-otpada-na-crnogorskim-plazama-i-obalama-rijeka-i-jezera\/#primaryimage"},"thumbnailUrl":"https:\/\/www.evropskakuca.me\/wp-content\/uploads\/2019\/06\/beach-cleanup.jpg","datePublished":"2019-06-11T09:24:43+00:00","breadcrumb":{"@id":"https:\/\/www.evropskakuca.me\/me\/poziv-nevladinim-organizacijama-i-grupama-gradana-za-angazovanje-u-inicijativi-za-ciscenje-i-reviziju-otpada-na-crnogorskim-plazama-i-obalama-rijeka-i-jezera\/#breadcrumb"},"inLanguage":"me-ME","potentialAction":[{"@type":"ReadAction","target":["https:\/\/www.evropskakuca.me\/me\/poziv-nevladinim-organizacijama-i-grupama-gradana-za-angazovanje-u-inicijativi-za-ciscenje-i-reviziju-otpada-na-crnogorskim-plazama-i-obalama-rijeka-i-jezera\/"]}]},{"@type":"ImageObject","inLanguage":"me-ME","@id":"https:\/\/www.evropskakuca.me\/me\/poziv-nevladinim-organizacijama-i-grupama-gradana-za-angazovanje-u-inicijativi-za-ciscenje-i-reviziju-otpada-na-crnogorskim-plazama-i-obalama-rijeka-i-jezera\/#primaryimage","url":"https:\/\/www.evropskakuca.me\/wp-content\/uploads\/2019\/06\/beach-cleanup.jpg","contentUrl":"https:\/\/www.evropskakuca.me\/wp-content\/uploads\/2019\/06\/beach-cleanup.jpg","width":2028,"height":1352},{"@type":"BreadcrumbList","@id":"https:\/\/www.evropskakuca.me\/me\/poziv-nevladinim-organizacijama-i-grupama-gradana-za-angazovanje-u-inicijativi-za-ciscenje-i-reviziju-otpada-na-crnogorskim-plazama-i-obalama-rijeka-i-jezera\/#breadcrumb","itemListElement":[{"@type":"ListItem","position":1,"name":"Home","item":"https:\/\/www.evropskakuca.me\/me\/"},{"@type":"ListItem","position":2,"name":"Poziv nevladinim organizacijama i grupama gra\u0111ana za anga\u017eovanje u inicijativi za \u010di\u0161\u0107enje i reviziju otpada na crnogorskim pla\u017eama i obalama rijeka i jezera"}]},{"@type":"WebSite","@id":"https:\/\/www.evropskakuca.me\/me\/#website","url":"https:\/\/www.evropskakuca.me\/me\/","name":"Evropean house","description":"","publisher":{"@id":"https:\/\/www.evropskakuca.me\/me\/#organization"},"potentialAction":[{"@type":"SearchAction","target":{"@type":"EntryPoint","urlTemplate":"https:\/\/www.evropskakuca.me\/me\/?s={search_term_string}"},"query-input":{"@type":"PropertyValueSpecification","valueRequired":true,"valueName":"search_term_string"}}],"inLanguage":"me-ME"},{"@type":"Organization","@id":"https:\/\/www.evropskakuca.me\/me\/#organization","name":"Evropean house","url":"https:\/\/www.evropskakuca.me\/me\/","logo":{"@type":"ImageObject","inLanguage":"me-ME","@id":"https:\/\/www.evropskakuca.me\/me\/#\/schema\/logo\/image\/","url":"https:\/\/www.evropskakuca.me\/wp-content\/uploads\/2025\/01\/evropska-kuca-logo-1.png","contentUrl":"https:\/\/www.evropskakuca.me\/wp-content\/uploads\/2025\/01\/evropska-kuca-logo-1.png","width":425,"height":312,"caption":"Evropean house"},"image":{"@id":"https:\/\/www.evropskakuca.me\/me\/#\/schema\/logo\/image\/"},"sameAs":["https:\/\/www.facebook.com\/evropska.kuca","https:\/\/x.com\/evropska_kuca","https:\/\/www.instagram.com\/evropska_kuca"]},{"@type":"Person","@id":"https:\/\/www.evropskakuca.me\/me\/#\/schema\/person\/a1d0dcdaefe4a1cd1d60d200ea137ba4","name":"mkajic","image":{"@type":"ImageObject","inLanguage":"me-ME","@id":"https:\/\/secure.gravatar.com\/avatar\/731fa035cefab7316e6bafd1f25a93fb731a07de14e2d9923f8db4422628eabc?s=96&d=mm&r=g","url":"https:\/\/secure.gravatar.com\/avatar\/731fa035cefab7316e6bafd1f25a93fb731a07de14e2d9923f8db4422628eabc?s=96&d=mm&r=g","contentUrl":"https:\/\/secure.gravatar.com\/avatar\/731fa035cefab7316e6bafd1f25a93fb731a07de14e2d9923f8db4422628eabc?s=96&d=mm&r=g","caption":"mkajic"},"sameAs":["https:\/\/evropskakuca.me"],"url":"https:\/\/www.evropskakuca.me\/me\/author\/mkajic\/"}]}},"_links":{"self":[{"href":"https:\/\/www.evropskakuca.me\/me\/wp-json\/wp\/v2\/posts\/6955","targetHints":{"allow":["GET"]}}],"collection":[{"href":"https:\/\/www.evropskakuca.me\/me\/wp-json\/wp\/v2\/posts"}],"about":[{"href":"https:\/\/www.evropskakuca.me\/me\/wp-json\/wp\/v2\/types\/post"}],"author":[{"embeddable":true,"href":"https:\/\/www.evropskakuca.me\/me\/wp-json\/wp\/v2\/users\/1"}],"replies":[{"embeddable":true,"href":"https:\/\/www.evropskakuca.me\/me\/wp-json\/wp\/v2\/comments?post=6955"}],"version-history":[{"count":0,"href":"https:\/\/www.evropskakuca.me\/me\/wp-json\/wp\/v2\/posts\/6955\/revisions"}],"wp:featuredmedia":[{"embeddable":true,"href":"https:\/\/www.evropskakuca.me\/me\/wp-json\/wp\/v2\/media\/34489"}],"wp:attachment":[{"href":"https:\/\/www.evropskakuca.me\/me\/wp-json\/wp\/v2\/media?parent=6955"}],"wp:term":[{"taxonomy":"category","embeddable":true,"href":"https:\/\/www.evropskakuca.me\/me\/wp-json\/wp\/v2\/categories?post=6955"},{"taxonomy":"post_tag","embeddable":true,"href":"https:\/\/www.evropskakuca.me\/me\/wp-json\/wp\/v2\/tags?post=6955"}],"curies":[{"name":"wp","href":"https:\/\/api.w.org\/{rel}","templated":true}]}}