{"id":6947,"date":"2019-05-28T11:13:03","date_gmt":"2019-05-28T11:13:03","guid":{"rendered":"http:\/\/www.evropskakuca.me\/me\/?p=6947"},"modified":"2019-05-28T11:13:03","modified_gmt":"2019-05-28T11:13:03","slug":"dvadeset-i-sedam-godina-od-deportacije-bosnjaka-i-muslimana-1992","status":"publish","type":"post","link":"https:\/\/www.evropskakuca.me\/me\/dvadeset-i-sedam-godina-od-deportacije-bosnjaka-i-muslimana-1992\/","title":{"rendered":"Dvadeset i sedam godina od deportacije Bo\u0161njaka i Muslimana 1992."},"content":{"rendered":"<p>Dvadeset i sedam godina kasnije, niko jo\u0161 nije preuzeo odgovornost za zlo\u010din koji se dogodio 1992. godine, kada su deportovani Bo\u0161njaci i Muslimani. Crnogorski sudovi nisu primijenili standarde me\u0111unarodnog prava u ovom slu\u010daju. Ovo je zaklju\u010deno na panel diskusiji \u201cDeportacija 1992 Post Factum\u201d koju je organizovala Akcija za ljudska prava u EU info centru. Biv\u0161i sudija Evropskog suda za ljudska prava Neboj\u0161a Vu\u010dinic\u0301 izjavio je da je deportaciju trebalo definisati kao ratni zlo\u010din. \u201cNa\u0161i sudovi su veoma kreativni u tuma\u010denju zakona. Oni nisu razmatrali kontekst ovih doga\u0111aja. Da nije bilo rata, to se ne bi dogodilo. Dakle, ne mo\u017eete ignorisati ovu \u010dinjenicu ili me\u0111unarodne standarde\u201c, precizirao je Vu\u010dinic\u0301. Profesor Milan Popovic\u0301 smatra da je neka\u017enjivost u ovom slu\u010daju, ne kao posledica nedostatka politi\u010dke volje, vec\u0301 kao problem u sistemu. Prema Tei Gorjanc Prelevic\u0301, iz Akcije za ljudska prava, jedini pozitivan pomak u ovom slu\u010daju je da su porodice deportovanih lica prihvatile sudsko poravnanje u vrijednosti od preko 4 miliona eura. U proljec\u0301e 1992. godine, crnogorska policija predala je Republici Srpskoj 160 izbjeglica iz Bosne i Hercegovine, koji su tra\u017eili uto\u010di\u0161te u Crnoj Gori bje\u017ee\u0107i od rata.<\/p>\n","protected":false},"excerpt":{"rendered":"<p>Panel diskusija \u201cDeportacija 1992 Post Factum\u201d odr\u017eana u EU info centru<\/p>\n","protected":false},"author":1,"featured_media":34455,"comment_status":"open","ping_status":"open","sticky":false,"template":"","format":"standard","meta":{"_acf_changed":false,"footnotes":""},"categories":[283],"tags":[],"class_list":["post-6947","post","type-post","status-publish","format-standard","has-post-thumbnail","hentry","category-novosti-me"],"acf":[],"yoast_head":"<!-- This site is optimized with the Yoast SEO plugin v27.3 - https:\/\/yoast.com\/product\/yoast-seo-wordpress\/ -->\n<title>Dvadeset i sedam godina od deportacije Bo\u0161njaka i Muslimana 1992. - Europe House<\/title>\n<meta name=\"robots\" content=\"index, follow, max-snippet:-1, max-image-preview:large, max-video-preview:-1\" \/>\n<link rel=\"canonical\" href=\"https:\/\/www.evropskakuca.me\/me\/dvadeset-i-sedam-godina-od-deportacije-bosnjaka-i-muslimana-1992\/\" \/>\n<meta property=\"og:locale\" content=\"en_US\" \/>\n<meta property=\"og:type\" content=\"article\" \/>\n<meta property=\"og:title\" content=\"Dvadeset i sedam godina od deportacije Bo\u0161njaka i Muslimana 1992. - Europe House\" \/>\n<meta property=\"og:description\" content=\"Panel diskusija \u201cDeportacija 1992 Post Factum\u201d odr\u017eana u EU info centru\" \/>\n<meta property=\"og:url\" content=\"https:\/\/www.evropskakuca.me\/me\/dvadeset-i-sedam-godina-od-deportacije-bosnjaka-i-muslimana-1992\/\" \/>\n<meta property=\"og:site_name\" content=\"Europe House\" \/>\n<meta property=\"article:publisher\" content=\"https:\/\/www.facebook.com\/evropska.kuca\" \/>\n<meta property=\"article:published_time\" content=\"2019-05-28T11:13:03+00:00\" \/>\n<meta property=\"og:image\" content=\"https:\/\/www.evropskakuca.me\/wp-content\/uploads\/2019\/06\/1-16-scaled.jpg\" \/>\n\t<meta property=\"og:image:width\" content=\"2560\" \/>\n\t<meta property=\"og:image:height\" content=\"1707\" \/>\n\t<meta property=\"og:image:type\" content=\"image\/jpeg\" \/>\n<meta name=\"author\" content=\"mkajic\" \/>\n<meta name=\"twitter:card\" content=\"summary_large_image\" \/>\n<meta name=\"twitter:creator\" content=\"@evropska_kuca\" \/>\n<meta name=\"twitter:site\" content=\"@evropska_kuca\" \/>\n<meta name=\"twitter:label1\" content=\"Written by\" \/>\n\t<meta name=\"twitter:data1\" content=\"mkajic\" \/>\n\t<meta name=\"twitter:label2\" content=\"Est. reading time\" \/>\n\t<meta name=\"twitter:data2\" content=\"1 minute\" \/>\n<script type=\"application\/ld+json\" class=\"yoast-schema-graph\">{\"@context\":\"https:\\\/\\\/schema.org\",\"@graph\":[{\"@type\":\"Article\",\"@id\":\"https:\\\/\\\/www.evropskakuca.me\\\/me\\\/dvadeset-i-sedam-godina-od-deportacije-bosnjaka-i-muslimana-1992\\\/#article\",\"isPartOf\":{\"@id\":\"https:\\\/\\\/www.evropskakuca.me\\\/me\\\/dvadeset-i-sedam-godina-od-deportacije-bosnjaka-i-muslimana-1992\\\/\"},\"author\":{\"name\":\"mkajic\",\"@id\":\"https:\\\/\\\/www.evropskakuca.me\\\/me\\\/#\\\/schema\\\/person\\\/a1d0dcdaefe4a1cd1d60d200ea137ba4\"},\"headline\":\"Dvadeset i sedam godina od deportacije Bo\u0161njaka i Muslimana 1992.\",\"datePublished\":\"2019-05-28T11:13:03+00:00\",\"mainEntityOfPage\":{\"@id\":\"https:\\\/\\\/www.evropskakuca.me\\\/me\\\/dvadeset-i-sedam-godina-od-deportacije-bosnjaka-i-muslimana-1992\\\/\"},\"wordCount\":216,\"commentCount\":0,\"publisher\":{\"@id\":\"https:\\\/\\\/www.evropskakuca.me\\\/me\\\/#organization\"},\"image\":{\"@id\":\"https:\\\/\\\/www.evropskakuca.me\\\/me\\\/dvadeset-i-sedam-godina-od-deportacije-bosnjaka-i-muslimana-1992\\\/#primaryimage\"},\"thumbnailUrl\":\"https:\\\/\\\/www.evropskakuca.me\\\/wp-content\\\/uploads\\\/2019\\\/06\\\/1-16-scaled.jpg\",\"articleSection\":[\"Novosti\"],\"inLanguage\":\"me-ME\",\"potentialAction\":[{\"@type\":\"CommentAction\",\"name\":\"Comment\",\"target\":[\"https:\\\/\\\/www.evropskakuca.me\\\/me\\\/dvadeset-i-sedam-godina-od-deportacije-bosnjaka-i-muslimana-1992\\\/#respond\"]}]},{\"@type\":\"WebPage\",\"@id\":\"https:\\\/\\\/www.evropskakuca.me\\\/me\\\/dvadeset-i-sedam-godina-od-deportacije-bosnjaka-i-muslimana-1992\\\/\",\"url\":\"https:\\\/\\\/www.evropskakuca.me\\\/me\\\/dvadeset-i-sedam-godina-od-deportacije-bosnjaka-i-muslimana-1992\\\/\",\"name\":\"Dvadeset i sedam godina od deportacije Bo\u0161njaka i Muslimana 1992. - Europe House\",\"isPartOf\":{\"@id\":\"https:\\\/\\\/www.evropskakuca.me\\\/me\\\/#website\"},\"primaryImageOfPage\":{\"@id\":\"https:\\\/\\\/www.evropskakuca.me\\\/me\\\/dvadeset-i-sedam-godina-od-deportacije-bosnjaka-i-muslimana-1992\\\/#primaryimage\"},\"image\":{\"@id\":\"https:\\\/\\\/www.evropskakuca.me\\\/me\\\/dvadeset-i-sedam-godina-od-deportacije-bosnjaka-i-muslimana-1992\\\/#primaryimage\"},\"thumbnailUrl\":\"https:\\\/\\\/www.evropskakuca.me\\\/wp-content\\\/uploads\\\/2019\\\/06\\\/1-16-scaled.jpg\",\"datePublished\":\"2019-05-28T11:13:03+00:00\",\"breadcrumb\":{\"@id\":\"https:\\\/\\\/www.evropskakuca.me\\\/me\\\/dvadeset-i-sedam-godina-od-deportacije-bosnjaka-i-muslimana-1992\\\/#breadcrumb\"},\"inLanguage\":\"me-ME\",\"potentialAction\":[{\"@type\":\"ReadAction\",\"target\":[\"https:\\\/\\\/www.evropskakuca.me\\\/me\\\/dvadeset-i-sedam-godina-od-deportacije-bosnjaka-i-muslimana-1992\\\/\"]}]},{\"@type\":\"ImageObject\",\"inLanguage\":\"me-ME\",\"@id\":\"https:\\\/\\\/www.evropskakuca.me\\\/me\\\/dvadeset-i-sedam-godina-od-deportacije-bosnjaka-i-muslimana-1992\\\/#primaryimage\",\"url\":\"https:\\\/\\\/www.evropskakuca.me\\\/wp-content\\\/uploads\\\/2019\\\/06\\\/1-16-scaled.jpg\",\"contentUrl\":\"https:\\\/\\\/www.evropskakuca.me\\\/wp-content\\\/uploads\\\/2019\\\/06\\\/1-16-scaled.jpg\",\"width\":2560,\"height\":1707},{\"@type\":\"BreadcrumbList\",\"@id\":\"https:\\\/\\\/www.evropskakuca.me\\\/me\\\/dvadeset-i-sedam-godina-od-deportacije-bosnjaka-i-muslimana-1992\\\/#breadcrumb\",\"itemListElement\":[{\"@type\":\"ListItem\",\"position\":1,\"name\":\"Home\",\"item\":\"https:\\\/\\\/www.evropskakuca.me\\\/me\\\/\"},{\"@type\":\"ListItem\",\"position\":2,\"name\":\"Dvadeset i sedam godina od deportacije Bo\u0161njaka i Muslimana 1992.\"}]},{\"@type\":\"WebSite\",\"@id\":\"https:\\\/\\\/www.evropskakuca.me\\\/me\\\/#website\",\"url\":\"https:\\\/\\\/www.evropskakuca.me\\\/me\\\/\",\"name\":\"Evropean house\",\"description\":\"\",\"publisher\":{\"@id\":\"https:\\\/\\\/www.evropskakuca.me\\\/me\\\/#organization\"},\"potentialAction\":[{\"@type\":\"SearchAction\",\"target\":{\"@type\":\"EntryPoint\",\"urlTemplate\":\"https:\\\/\\\/www.evropskakuca.me\\\/me\\\/?s={search_term_string}\"},\"query-input\":{\"@type\":\"PropertyValueSpecification\",\"valueRequired\":true,\"valueName\":\"search_term_string\"}}],\"inLanguage\":\"me-ME\"},{\"@type\":\"Organization\",\"@id\":\"https:\\\/\\\/www.evropskakuca.me\\\/me\\\/#organization\",\"name\":\"Evropean house\",\"url\":\"https:\\\/\\\/www.evropskakuca.me\\\/me\\\/\",\"logo\":{\"@type\":\"ImageObject\",\"inLanguage\":\"me-ME\",\"@id\":\"https:\\\/\\\/www.evropskakuca.me\\\/me\\\/#\\\/schema\\\/logo\\\/image\\\/\",\"url\":\"https:\\\/\\\/www.evropskakuca.me\\\/wp-content\\\/uploads\\\/2025\\\/01\\\/evropska-kuca-logo-1.png\",\"contentUrl\":\"https:\\\/\\\/www.evropskakuca.me\\\/wp-content\\\/uploads\\\/2025\\\/01\\\/evropska-kuca-logo-1.png\",\"width\":425,\"height\":312,\"caption\":\"Evropean house\"},\"image\":{\"@id\":\"https:\\\/\\\/www.evropskakuca.me\\\/me\\\/#\\\/schema\\\/logo\\\/image\\\/\"},\"sameAs\":[\"https:\\\/\\\/www.facebook.com\\\/evropska.kuca\",\"https:\\\/\\\/x.com\\\/evropska_kuca\",\"https:\\\/\\\/www.instagram.com\\\/evropska_kuca\"]},{\"@type\":\"Person\",\"@id\":\"https:\\\/\\\/www.evropskakuca.me\\\/me\\\/#\\\/schema\\\/person\\\/a1d0dcdaefe4a1cd1d60d200ea137ba4\",\"name\":\"mkajic\",\"image\":{\"@type\":\"ImageObject\",\"inLanguage\":\"me-ME\",\"@id\":\"https:\\\/\\\/secure.gravatar.com\\\/avatar\\\/731fa035cefab7316e6bafd1f25a93fb731a07de14e2d9923f8db4422628eabc?s=96&d=mm&r=g\",\"url\":\"https:\\\/\\\/secure.gravatar.com\\\/avatar\\\/731fa035cefab7316e6bafd1f25a93fb731a07de14e2d9923f8db4422628eabc?s=96&d=mm&r=g\",\"contentUrl\":\"https:\\\/\\\/secure.gravatar.com\\\/avatar\\\/731fa035cefab7316e6bafd1f25a93fb731a07de14e2d9923f8db4422628eabc?s=96&d=mm&r=g\",\"caption\":\"mkajic\"},\"sameAs\":[\"https:\\\/\\\/evropskakuca.me\"],\"url\":\"https:\\\/\\\/www.evropskakuca.me\\\/me\\\/author\\\/mkajic\\\/\"}]}<\/script>\n<!-- \/ Yoast SEO plugin. -->","yoast_head_json":{"title":"Dvadeset i sedam godina od deportacije Bo\u0161njaka i Muslimana 1992. - Europe House","robots":{"index":"index","follow":"follow","max-snippet":"max-snippet:-1","max-image-preview":"max-image-preview:large","max-video-preview":"max-video-preview:-1"},"canonical":"https:\/\/www.evropskakuca.me\/me\/dvadeset-i-sedam-godina-od-deportacije-bosnjaka-i-muslimana-1992\/","og_locale":"en_US","og_type":"article","og_title":"Dvadeset i sedam godina od deportacije Bo\u0161njaka i Muslimana 1992. - Europe House","og_description":"Panel diskusija \u201cDeportacija 1992 Post Factum\u201d odr\u017eana u EU info centru","og_url":"https:\/\/www.evropskakuca.me\/me\/dvadeset-i-sedam-godina-od-deportacije-bosnjaka-i-muslimana-1992\/","og_site_name":"Europe House","article_publisher":"https:\/\/www.facebook.com\/evropska.kuca","article_published_time":"2019-05-28T11:13:03+00:00","og_image":[{"width":2560,"height":1707,"url":"https:\/\/www.evropskakuca.me\/wp-content\/uploads\/2019\/06\/1-16-scaled.jpg","type":"image\/jpeg"}],"author":"mkajic","twitter_card":"summary_large_image","twitter_creator":"@evropska_kuca","twitter_site":"@evropska_kuca","twitter_misc":{"Written by":"mkajic","Est. reading time":"1 minute"},"schema":{"@context":"https:\/\/schema.org","@graph":[{"@type":"Article","@id":"https:\/\/www.evropskakuca.me\/me\/dvadeset-i-sedam-godina-od-deportacije-bosnjaka-i-muslimana-1992\/#article","isPartOf":{"@id":"https:\/\/www.evropskakuca.me\/me\/dvadeset-i-sedam-godina-od-deportacije-bosnjaka-i-muslimana-1992\/"},"author":{"name":"mkajic","@id":"https:\/\/www.evropskakuca.me\/me\/#\/schema\/person\/a1d0dcdaefe4a1cd1d60d200ea137ba4"},"headline":"Dvadeset i sedam godina od deportacije Bo\u0161njaka i Muslimana 1992.","datePublished":"2019-05-28T11:13:03+00:00","mainEntityOfPage":{"@id":"https:\/\/www.evropskakuca.me\/me\/dvadeset-i-sedam-godina-od-deportacije-bosnjaka-i-muslimana-1992\/"},"wordCount":216,"commentCount":0,"publisher":{"@id":"https:\/\/www.evropskakuca.me\/me\/#organization"},"image":{"@id":"https:\/\/www.evropskakuca.me\/me\/dvadeset-i-sedam-godina-od-deportacije-bosnjaka-i-muslimana-1992\/#primaryimage"},"thumbnailUrl":"https:\/\/www.evropskakuca.me\/wp-content\/uploads\/2019\/06\/1-16-scaled.jpg","articleSection":["Novosti"],"inLanguage":"me-ME","potentialAction":[{"@type":"CommentAction","name":"Comment","target":["https:\/\/www.evropskakuca.me\/me\/dvadeset-i-sedam-godina-od-deportacije-bosnjaka-i-muslimana-1992\/#respond"]}]},{"@type":"WebPage","@id":"https:\/\/www.evropskakuca.me\/me\/dvadeset-i-sedam-godina-od-deportacije-bosnjaka-i-muslimana-1992\/","url":"https:\/\/www.evropskakuca.me\/me\/dvadeset-i-sedam-godina-od-deportacije-bosnjaka-i-muslimana-1992\/","name":"Dvadeset i sedam godina od deportacije Bo\u0161njaka i Muslimana 1992. - Europe House","isPartOf":{"@id":"https:\/\/www.evropskakuca.me\/me\/#website"},"primaryImageOfPage":{"@id":"https:\/\/www.evropskakuca.me\/me\/dvadeset-i-sedam-godina-od-deportacije-bosnjaka-i-muslimana-1992\/#primaryimage"},"image":{"@id":"https:\/\/www.evropskakuca.me\/me\/dvadeset-i-sedam-godina-od-deportacije-bosnjaka-i-muslimana-1992\/#primaryimage"},"thumbnailUrl":"https:\/\/www.evropskakuca.me\/wp-content\/uploads\/2019\/06\/1-16-scaled.jpg","datePublished":"2019-05-28T11:13:03+00:00","breadcrumb":{"@id":"https:\/\/www.evropskakuca.me\/me\/dvadeset-i-sedam-godina-od-deportacije-bosnjaka-i-muslimana-1992\/#breadcrumb"},"inLanguage":"me-ME","potentialAction":[{"@type":"ReadAction","target":["https:\/\/www.evropskakuca.me\/me\/dvadeset-i-sedam-godina-od-deportacije-bosnjaka-i-muslimana-1992\/"]}]},{"@type":"ImageObject","inLanguage":"me-ME","@id":"https:\/\/www.evropskakuca.me\/me\/dvadeset-i-sedam-godina-od-deportacije-bosnjaka-i-muslimana-1992\/#primaryimage","url":"https:\/\/www.evropskakuca.me\/wp-content\/uploads\/2019\/06\/1-16-scaled.jpg","contentUrl":"https:\/\/www.evropskakuca.me\/wp-content\/uploads\/2019\/06\/1-16-scaled.jpg","width":2560,"height":1707},{"@type":"BreadcrumbList","@id":"https:\/\/www.evropskakuca.me\/me\/dvadeset-i-sedam-godina-od-deportacije-bosnjaka-i-muslimana-1992\/#breadcrumb","itemListElement":[{"@type":"ListItem","position":1,"name":"Home","item":"https:\/\/www.evropskakuca.me\/me\/"},{"@type":"ListItem","position":2,"name":"Dvadeset i sedam godina od deportacije Bo\u0161njaka i Muslimana 1992."}]},{"@type":"WebSite","@id":"https:\/\/www.evropskakuca.me\/me\/#website","url":"https:\/\/www.evropskakuca.me\/me\/","name":"Evropean house","description":"","publisher":{"@id":"https:\/\/www.evropskakuca.me\/me\/#organization"},"potentialAction":[{"@type":"SearchAction","target":{"@type":"EntryPoint","urlTemplate":"https:\/\/www.evropskakuca.me\/me\/?s={search_term_string}"},"query-input":{"@type":"PropertyValueSpecification","valueRequired":true,"valueName":"search_term_string"}}],"inLanguage":"me-ME"},{"@type":"Organization","@id":"https:\/\/www.evropskakuca.me\/me\/#organization","name":"Evropean house","url":"https:\/\/www.evropskakuca.me\/me\/","logo":{"@type":"ImageObject","inLanguage":"me-ME","@id":"https:\/\/www.evropskakuca.me\/me\/#\/schema\/logo\/image\/","url":"https:\/\/www.evropskakuca.me\/wp-content\/uploads\/2025\/01\/evropska-kuca-logo-1.png","contentUrl":"https:\/\/www.evropskakuca.me\/wp-content\/uploads\/2025\/01\/evropska-kuca-logo-1.png","width":425,"height":312,"caption":"Evropean house"},"image":{"@id":"https:\/\/www.evropskakuca.me\/me\/#\/schema\/logo\/image\/"},"sameAs":["https:\/\/www.facebook.com\/evropska.kuca","https:\/\/x.com\/evropska_kuca","https:\/\/www.instagram.com\/evropska_kuca"]},{"@type":"Person","@id":"https:\/\/www.evropskakuca.me\/me\/#\/schema\/person\/a1d0dcdaefe4a1cd1d60d200ea137ba4","name":"mkajic","image":{"@type":"ImageObject","inLanguage":"me-ME","@id":"https:\/\/secure.gravatar.com\/avatar\/731fa035cefab7316e6bafd1f25a93fb731a07de14e2d9923f8db4422628eabc?s=96&d=mm&r=g","url":"https:\/\/secure.gravatar.com\/avatar\/731fa035cefab7316e6bafd1f25a93fb731a07de14e2d9923f8db4422628eabc?s=96&d=mm&r=g","contentUrl":"https:\/\/secure.gravatar.com\/avatar\/731fa035cefab7316e6bafd1f25a93fb731a07de14e2d9923f8db4422628eabc?s=96&d=mm&r=g","caption":"mkajic"},"sameAs":["https:\/\/evropskakuca.me"],"url":"https:\/\/www.evropskakuca.me\/me\/author\/mkajic\/"}]}},"_links":{"self":[{"href":"https:\/\/www.evropskakuca.me\/me\/wp-json\/wp\/v2\/posts\/6947","targetHints":{"allow":["GET"]}}],"collection":[{"href":"https:\/\/www.evropskakuca.me\/me\/wp-json\/wp\/v2\/posts"}],"about":[{"href":"https:\/\/www.evropskakuca.me\/me\/wp-json\/wp\/v2\/types\/post"}],"author":[{"embeddable":true,"href":"https:\/\/www.evropskakuca.me\/me\/wp-json\/wp\/v2\/users\/1"}],"replies":[{"embeddable":true,"href":"https:\/\/www.evropskakuca.me\/me\/wp-json\/wp\/v2\/comments?post=6947"}],"version-history":[{"count":0,"href":"https:\/\/www.evropskakuca.me\/me\/wp-json\/wp\/v2\/posts\/6947\/revisions"}],"wp:featuredmedia":[{"embeddable":true,"href":"https:\/\/www.evropskakuca.me\/me\/wp-json\/wp\/v2\/media\/34455"}],"wp:attachment":[{"href":"https:\/\/www.evropskakuca.me\/me\/wp-json\/wp\/v2\/media?parent=6947"}],"wp:term":[{"taxonomy":"category","embeddable":true,"href":"https:\/\/www.evropskakuca.me\/me\/wp-json\/wp\/v2\/categories?post=6947"},{"taxonomy":"post_tag","embeddable":true,"href":"https:\/\/www.evropskakuca.me\/me\/wp-json\/wp\/v2\/tags?post=6947"}],"curies":[{"name":"wp","href":"https:\/\/api.w.org\/{rel}","templated":true}]}}