{"id":6896,"date":"2019-05-14T10:04:28","date_gmt":"2019-05-14T10:04:28","guid":{"rendered":"http:\/\/www.evropskakuca.me\/me\/?p=6896"},"modified":"2019-05-14T10:04:28","modified_gmt":"2019-05-14T10:04:28","slug":"dodjeljene-nagrade-pobjedicima-konkursa-evropo-cujemo-li-se","status":"publish","type":"post","link":"https:\/\/www.evropskakuca.me\/me\/dodjeljene-nagrade-pobjedicima-konkursa-evropo-cujemo-li-se\/","title":{"rendered":"Dodjeljene nagrade pobjedicima konkursa Evropo \u010dujemo li se?"},"content":{"rendered":"<p>\u201cEvropo \u010dujemo li se\u201d naziv je konkursa koji je raspisan povodom obilje\u017eavanja Dana Evrope u okviru projekta &#8220;EU4ME&#8221; koji finansira Evropska unija.\u00a0 Na konkurs je stiglo 900 radova kojim su u\u010denici kroz razne umjetni\u010dke forme pokazali \u0161ta njihovi vr\u0161njaci u Evropi treba da znaju o Crnoj Gori i kako oni vide Crnu Goru u Evropi.<\/p>\n<p>Za pobjednike konkursa u prostorijama EU info centra organizovano je sve\u010dano uru\u010denje nagrada. \u00a0Autori tri najbolja rada me\u0111u osnovcima su Veljko Crvenica, Nikolina Krasi\u0107 i Andrea Vuk\u010devi\u0107, u\u010denici podgori\u010dkih osnovnih \u0161kola &#8220;Milorad Musa Burzan&#8221;, &#8220;Pavle Rovinski&#8221; i &#8220;Vuk Karad\u017ei\u0107&#8221;. U kategoriji srednjo\u0161kolaca, najbolje radove na konkurs su dostavili Evgenija Kesse iz srednje mje\u0161ovite \u0161kole &#8220;Ivan Goran Kova\u010di\u0107&#8221; iz Herceg Novog, kao i Polina Lazarenko i Borko Popovi\u0107 iz cetinjske srednje likovne \u0161kole &#8220;Petar Lubarda&#8221;.<\/p>\n<p>Stru\u010dni \u017eiri, koji su \u010dinili akademska slikarka Teodora Nik\u010devi\u0107 i pisac Milisav Popovi\u0107, kao i predstavnici projektnog tima, odabrao je po tri najbolja rada (ukupno \u0161est \u2013 po tri u kategoriji osnovaca i srednjo\u0161kolaca), \u010diji su autori danas nagra\u0111eni laptoptopom, tabletom i pametnim satom. Autorima najboljih radova nagrade su uru\u010dili glavni pregovara\u010d Aleksandar Drljevi\u0107, ambasador EU u Crnoj Gori Aivo Orav i stalna predstavnica UNDP-ja u Crnoj Gori Daniela Ga\u0161parikova.<\/p>\n<p>Osnovci i srednjo\u0161kolci razumiju su\u0161tinu procesa pristupanja EU, koji nije samo puko ispunjavanje zahtjevnih obaveza, ve\u0107 uvezivanje kultura i vrijednosti, u\u010denje o drugima i prihvatanje razli\u010ditosti, kazao je glavni pregovara\u010d Aleksandar Drljevi\u0107. Dodao je da su u\u010denici pokazali da je Crna Gora oduvijek bila evropska zemlja, a da \u0107e sjutra biti vrijedan \u010dlan zajednice evropskih dr\u017eava.<\/p>\n<p><a href=\"http:\/\/www.evropskakuca.me\/wp-content\/uploads\/2019\/05\/eu-2-of-90.jpg\"><img fetchpriority=\"high\" decoding=\"async\" class=\"alignleft size-large wp-image-6897\" src=\"http:\/\/www.evropskakuca.me\/wp-content\/uploads\/2019\/05\/eu-2-of-90-1024x683.jpg\" alt=\"\" width=\"1024\" height=\"683\" \/><\/a><\/p>\n<p>&#8220;Znanje je mo\u0107 i va\u0161 ulog za budu\u0107nost, zbog \u010dega treba marljivo da nadogra\u0111ujete svoje. U moru informacija koje tra\u017ee put do va\u0161e pa\u017enje, ostavite mjesta i za one o EU i putu na\u0161e dr\u017eave prema njoj. Va\u017eno je da EU bude dio va\u0161eg formalnog i neformalnog obrazovanja, ali i da uvijek stremite novim saznanjima, kako bi izgradili sopstvenu viziju o zna\u010daju evropskog demokratskog dru\u0161tva\u201c, istakao je glavni pregovara\u010d.<\/p>\n<p>Ambasador Evropske unije u Crnoj Gori Aivo Orav je poru\u010dio da svaka politika EU ima uticaja na mla\u0111u populaciju, zbog \u010dega je va\u017eno obezbijediti priliku djeci da iznesu svoje mi\u0161ljenje i u\u010destvuju u odlukama koje uti\u010du na njih.<\/p>\n<p>&#8220;Va\u0161i radovi pokazuju da vi ve\u0107 dijelite vrijednosti EU, ljudsko dostojanstvo, slobodu, demokratiju, jednakost, vladavinu prava i ljudska prava. Od pjesama do slika, svaka rije\u010d i svaki potez va\u0161e \u010detkice uvjerava nas da Crna Gora ra\u0111a generacije koje c\u0301e otvoriti put ka boljoj buduc\u0301nosti, svjetlijoj Evropi&#8221;, kazao je ambassador Orav.<\/p>\n<p>Prema rije\u010dima stalne predstavnice UNDP u Crnoj Gori Daniele Ga\u0161parikove, budu\u0107nost Evrope &#8211; uklju\u010duju\u0107i Crnu Goru &#8211; u potpunosti zavisi od mladih.<\/p>\n<p>&#8220;Djelovanje, stavovi i pona\u0161anja mladih ne samo da \u0107e oblikovati na\u0161u budu\u0107nost, ve\u0107 upravo oblikuju na\u0161u sada\u0161njost. Itekako je bitno \u0161ta mladi imaju da ka\u017eu o situaciji u svojim zemljama, kao i na\u010din na koji to ka\u017eu&#8221;, poru\u010dila je Ga\u0161parikova.<\/p>\n","protected":false},"excerpt":{"rendered":"<p>Na konkurs je stiglo 900 radova <\/p>\n","protected":false},"author":1,"featured_media":34439,"comment_status":"open","ping_status":"open","sticky":false,"template":"","format":"standard","meta":{"_acf_changed":false,"footnotes":""},"categories":[283],"tags":[],"class_list":["post-6896","post","type-post","status-publish","format-standard","has-post-thumbnail","hentry","category-novosti-me"],"acf":[],"yoast_head":"<!-- This site is optimized with the Yoast SEO plugin v27.3 - https:\/\/yoast.com\/product\/yoast-seo-wordpress\/ -->\n<title>Dodjeljene nagrade pobjedicima konkursa Evropo \u010dujemo li se? - Europe House<\/title>\n<meta name=\"robots\" content=\"index, follow, max-snippet:-1, max-image-preview:large, max-video-preview:-1\" \/>\n<link rel=\"canonical\" href=\"https:\/\/www.evropskakuca.me\/me\/dodjeljene-nagrade-pobjedicima-konkursa-evropo-cujemo-li-se\/\" \/>\n<meta property=\"og:locale\" content=\"en_US\" \/>\n<meta property=\"og:type\" content=\"article\" \/>\n<meta property=\"og:title\" content=\"Dodjeljene nagrade pobjedicima konkursa Evropo \u010dujemo li se? - Europe House\" \/>\n<meta property=\"og:description\" content=\"Na konkurs je stiglo 900 radova\" \/>\n<meta property=\"og:url\" content=\"https:\/\/www.evropskakuca.me\/me\/dodjeljene-nagrade-pobjedicima-konkursa-evropo-cujemo-li-se\/\" \/>\n<meta property=\"og:site_name\" content=\"Europe House\" \/>\n<meta property=\"article:publisher\" content=\"https:\/\/www.facebook.com\/evropska.kuca\" \/>\n<meta property=\"article:published_time\" content=\"2019-05-14T10:04:28+00:00\" \/>\n<meta property=\"og:image\" content=\"https:\/\/www.evropskakuca.me\/wp-content\/uploads\/2019\/05\/eu-73-of-90-scaled.jpg\" \/>\n\t<meta property=\"og:image:width\" content=\"2560\" \/>\n\t<meta property=\"og:image:height\" content=\"1707\" \/>\n\t<meta property=\"og:image:type\" content=\"image\/jpeg\" \/>\n<meta name=\"author\" content=\"mkajic\" \/>\n<meta name=\"twitter:card\" content=\"summary_large_image\" \/>\n<meta name=\"twitter:creator\" content=\"@evropska_kuca\" \/>\n<meta name=\"twitter:site\" content=\"@evropska_kuca\" \/>\n<meta name=\"twitter:label1\" content=\"Written by\" \/>\n\t<meta name=\"twitter:data1\" content=\"mkajic\" \/>\n\t<meta name=\"twitter:label2\" content=\"Est. reading time\" \/>\n\t<meta name=\"twitter:data2\" content=\"3 minutes\" \/>\n<script type=\"application\/ld+json\" class=\"yoast-schema-graph\">{\"@context\":\"https:\\\/\\\/schema.org\",\"@graph\":[{\"@type\":\"Article\",\"@id\":\"https:\\\/\\\/www.evropskakuca.me\\\/me\\\/dodjeljene-nagrade-pobjedicima-konkursa-evropo-cujemo-li-se\\\/#article\",\"isPartOf\":{\"@id\":\"https:\\\/\\\/www.evropskakuca.me\\\/me\\\/dodjeljene-nagrade-pobjedicima-konkursa-evropo-cujemo-li-se\\\/\"},\"author\":{\"name\":\"mkajic\",\"@id\":\"https:\\\/\\\/www.evropskakuca.me\\\/me\\\/#\\\/schema\\\/person\\\/a1d0dcdaefe4a1cd1d60d200ea137ba4\"},\"headline\":\"Dodjeljene nagrade pobjedicima konkursa Evropo \u010dujemo li se?\",\"datePublished\":\"2019-05-14T10:04:28+00:00\",\"mainEntityOfPage\":{\"@id\":\"https:\\\/\\\/www.evropskakuca.me\\\/me\\\/dodjeljene-nagrade-pobjedicima-konkursa-evropo-cujemo-li-se\\\/\"},\"wordCount\":544,\"commentCount\":0,\"publisher\":{\"@id\":\"https:\\\/\\\/www.evropskakuca.me\\\/me\\\/#organization\"},\"image\":{\"@id\":\"https:\\\/\\\/www.evropskakuca.me\\\/me\\\/dodjeljene-nagrade-pobjedicima-konkursa-evropo-cujemo-li-se\\\/#primaryimage\"},\"thumbnailUrl\":\"https:\\\/\\\/www.evropskakuca.me\\\/wp-content\\\/uploads\\\/2019\\\/05\\\/eu-73-of-90-scaled.jpg\",\"articleSection\":[\"Novosti\"],\"inLanguage\":\"me-ME\",\"potentialAction\":[{\"@type\":\"CommentAction\",\"name\":\"Comment\",\"target\":[\"https:\\\/\\\/www.evropskakuca.me\\\/me\\\/dodjeljene-nagrade-pobjedicima-konkursa-evropo-cujemo-li-se\\\/#respond\"]}]},{\"@type\":\"WebPage\",\"@id\":\"https:\\\/\\\/www.evropskakuca.me\\\/me\\\/dodjeljene-nagrade-pobjedicima-konkursa-evropo-cujemo-li-se\\\/\",\"url\":\"https:\\\/\\\/www.evropskakuca.me\\\/me\\\/dodjeljene-nagrade-pobjedicima-konkursa-evropo-cujemo-li-se\\\/\",\"name\":\"Dodjeljene nagrade pobjedicima konkursa Evropo \u010dujemo li se? - Europe House\",\"isPartOf\":{\"@id\":\"https:\\\/\\\/www.evropskakuca.me\\\/me\\\/#website\"},\"primaryImageOfPage\":{\"@id\":\"https:\\\/\\\/www.evropskakuca.me\\\/me\\\/dodjeljene-nagrade-pobjedicima-konkursa-evropo-cujemo-li-se\\\/#primaryimage\"},\"image\":{\"@id\":\"https:\\\/\\\/www.evropskakuca.me\\\/me\\\/dodjeljene-nagrade-pobjedicima-konkursa-evropo-cujemo-li-se\\\/#primaryimage\"},\"thumbnailUrl\":\"https:\\\/\\\/www.evropskakuca.me\\\/wp-content\\\/uploads\\\/2019\\\/05\\\/eu-73-of-90-scaled.jpg\",\"datePublished\":\"2019-05-14T10:04:28+00:00\",\"breadcrumb\":{\"@id\":\"https:\\\/\\\/www.evropskakuca.me\\\/me\\\/dodjeljene-nagrade-pobjedicima-konkursa-evropo-cujemo-li-se\\\/#breadcrumb\"},\"inLanguage\":\"me-ME\",\"potentialAction\":[{\"@type\":\"ReadAction\",\"target\":[\"https:\\\/\\\/www.evropskakuca.me\\\/me\\\/dodjeljene-nagrade-pobjedicima-konkursa-evropo-cujemo-li-se\\\/\"]}]},{\"@type\":\"ImageObject\",\"inLanguage\":\"me-ME\",\"@id\":\"https:\\\/\\\/www.evropskakuca.me\\\/me\\\/dodjeljene-nagrade-pobjedicima-konkursa-evropo-cujemo-li-se\\\/#primaryimage\",\"url\":\"https:\\\/\\\/www.evropskakuca.me\\\/wp-content\\\/uploads\\\/2019\\\/05\\\/eu-73-of-90-scaled.jpg\",\"contentUrl\":\"https:\\\/\\\/www.evropskakuca.me\\\/wp-content\\\/uploads\\\/2019\\\/05\\\/eu-73-of-90-scaled.jpg\",\"width\":2560,\"height\":1707},{\"@type\":\"BreadcrumbList\",\"@id\":\"https:\\\/\\\/www.evropskakuca.me\\\/me\\\/dodjeljene-nagrade-pobjedicima-konkursa-evropo-cujemo-li-se\\\/#breadcrumb\",\"itemListElement\":[{\"@type\":\"ListItem\",\"position\":1,\"name\":\"Home\",\"item\":\"https:\\\/\\\/www.evropskakuca.me\\\/me\\\/\"},{\"@type\":\"ListItem\",\"position\":2,\"name\":\"Dodjeljene nagrade pobjedicima konkursa Evropo \u010dujemo li se?\"}]},{\"@type\":\"WebSite\",\"@id\":\"https:\\\/\\\/www.evropskakuca.me\\\/me\\\/#website\",\"url\":\"https:\\\/\\\/www.evropskakuca.me\\\/me\\\/\",\"name\":\"Evropean house\",\"description\":\"\",\"publisher\":{\"@id\":\"https:\\\/\\\/www.evropskakuca.me\\\/me\\\/#organization\"},\"potentialAction\":[{\"@type\":\"SearchAction\",\"target\":{\"@type\":\"EntryPoint\",\"urlTemplate\":\"https:\\\/\\\/www.evropskakuca.me\\\/me\\\/?s={search_term_string}\"},\"query-input\":{\"@type\":\"PropertyValueSpecification\",\"valueRequired\":true,\"valueName\":\"search_term_string\"}}],\"inLanguage\":\"me-ME\"},{\"@type\":\"Organization\",\"@id\":\"https:\\\/\\\/www.evropskakuca.me\\\/me\\\/#organization\",\"name\":\"Evropean house\",\"url\":\"https:\\\/\\\/www.evropskakuca.me\\\/me\\\/\",\"logo\":{\"@type\":\"ImageObject\",\"inLanguage\":\"me-ME\",\"@id\":\"https:\\\/\\\/www.evropskakuca.me\\\/me\\\/#\\\/schema\\\/logo\\\/image\\\/\",\"url\":\"https:\\\/\\\/www.evropskakuca.me\\\/wp-content\\\/uploads\\\/2025\\\/01\\\/evropska-kuca-logo-1.png\",\"contentUrl\":\"https:\\\/\\\/www.evropskakuca.me\\\/wp-content\\\/uploads\\\/2025\\\/01\\\/evropska-kuca-logo-1.png\",\"width\":425,\"height\":312,\"caption\":\"Evropean house\"},\"image\":{\"@id\":\"https:\\\/\\\/www.evropskakuca.me\\\/me\\\/#\\\/schema\\\/logo\\\/image\\\/\"},\"sameAs\":[\"https:\\\/\\\/www.facebook.com\\\/evropska.kuca\",\"https:\\\/\\\/x.com\\\/evropska_kuca\",\"https:\\\/\\\/www.instagram.com\\\/evropska_kuca\"]},{\"@type\":\"Person\",\"@id\":\"https:\\\/\\\/www.evropskakuca.me\\\/me\\\/#\\\/schema\\\/person\\\/a1d0dcdaefe4a1cd1d60d200ea137ba4\",\"name\":\"mkajic\",\"image\":{\"@type\":\"ImageObject\",\"inLanguage\":\"me-ME\",\"@id\":\"https:\\\/\\\/secure.gravatar.com\\\/avatar\\\/731fa035cefab7316e6bafd1f25a93fb731a07de14e2d9923f8db4422628eabc?s=96&d=mm&r=g\",\"url\":\"https:\\\/\\\/secure.gravatar.com\\\/avatar\\\/731fa035cefab7316e6bafd1f25a93fb731a07de14e2d9923f8db4422628eabc?s=96&d=mm&r=g\",\"contentUrl\":\"https:\\\/\\\/secure.gravatar.com\\\/avatar\\\/731fa035cefab7316e6bafd1f25a93fb731a07de14e2d9923f8db4422628eabc?s=96&d=mm&r=g\",\"caption\":\"mkajic\"},\"sameAs\":[\"https:\\\/\\\/evropskakuca.me\"],\"url\":\"https:\\\/\\\/www.evropskakuca.me\\\/me\\\/author\\\/mkajic\\\/\"}]}<\/script>\n<!-- \/ Yoast SEO plugin. -->","yoast_head_json":{"title":"Dodjeljene nagrade pobjedicima konkursa Evropo \u010dujemo li se? - Europe House","robots":{"index":"index","follow":"follow","max-snippet":"max-snippet:-1","max-image-preview":"max-image-preview:large","max-video-preview":"max-video-preview:-1"},"canonical":"https:\/\/www.evropskakuca.me\/me\/dodjeljene-nagrade-pobjedicima-konkursa-evropo-cujemo-li-se\/","og_locale":"en_US","og_type":"article","og_title":"Dodjeljene nagrade pobjedicima konkursa Evropo \u010dujemo li se? - Europe House","og_description":"Na konkurs je stiglo 900 radova","og_url":"https:\/\/www.evropskakuca.me\/me\/dodjeljene-nagrade-pobjedicima-konkursa-evropo-cujemo-li-se\/","og_site_name":"Europe House","article_publisher":"https:\/\/www.facebook.com\/evropska.kuca","article_published_time":"2019-05-14T10:04:28+00:00","og_image":[{"width":2560,"height":1707,"url":"https:\/\/www.evropskakuca.me\/wp-content\/uploads\/2019\/05\/eu-73-of-90-scaled.jpg","type":"image\/jpeg"}],"author":"mkajic","twitter_card":"summary_large_image","twitter_creator":"@evropska_kuca","twitter_site":"@evropska_kuca","twitter_misc":{"Written by":"mkajic","Est. reading time":"3 minutes"},"schema":{"@context":"https:\/\/schema.org","@graph":[{"@type":"Article","@id":"https:\/\/www.evropskakuca.me\/me\/dodjeljene-nagrade-pobjedicima-konkursa-evropo-cujemo-li-se\/#article","isPartOf":{"@id":"https:\/\/www.evropskakuca.me\/me\/dodjeljene-nagrade-pobjedicima-konkursa-evropo-cujemo-li-se\/"},"author":{"name":"mkajic","@id":"https:\/\/www.evropskakuca.me\/me\/#\/schema\/person\/a1d0dcdaefe4a1cd1d60d200ea137ba4"},"headline":"Dodjeljene nagrade pobjedicima konkursa Evropo \u010dujemo li se?","datePublished":"2019-05-14T10:04:28+00:00","mainEntityOfPage":{"@id":"https:\/\/www.evropskakuca.me\/me\/dodjeljene-nagrade-pobjedicima-konkursa-evropo-cujemo-li-se\/"},"wordCount":544,"commentCount":0,"publisher":{"@id":"https:\/\/www.evropskakuca.me\/me\/#organization"},"image":{"@id":"https:\/\/www.evropskakuca.me\/me\/dodjeljene-nagrade-pobjedicima-konkursa-evropo-cujemo-li-se\/#primaryimage"},"thumbnailUrl":"https:\/\/www.evropskakuca.me\/wp-content\/uploads\/2019\/05\/eu-73-of-90-scaled.jpg","articleSection":["Novosti"],"inLanguage":"me-ME","potentialAction":[{"@type":"CommentAction","name":"Comment","target":["https:\/\/www.evropskakuca.me\/me\/dodjeljene-nagrade-pobjedicima-konkursa-evropo-cujemo-li-se\/#respond"]}]},{"@type":"WebPage","@id":"https:\/\/www.evropskakuca.me\/me\/dodjeljene-nagrade-pobjedicima-konkursa-evropo-cujemo-li-se\/","url":"https:\/\/www.evropskakuca.me\/me\/dodjeljene-nagrade-pobjedicima-konkursa-evropo-cujemo-li-se\/","name":"Dodjeljene nagrade pobjedicima konkursa Evropo \u010dujemo li se? - Europe House","isPartOf":{"@id":"https:\/\/www.evropskakuca.me\/me\/#website"},"primaryImageOfPage":{"@id":"https:\/\/www.evropskakuca.me\/me\/dodjeljene-nagrade-pobjedicima-konkursa-evropo-cujemo-li-se\/#primaryimage"},"image":{"@id":"https:\/\/www.evropskakuca.me\/me\/dodjeljene-nagrade-pobjedicima-konkursa-evropo-cujemo-li-se\/#primaryimage"},"thumbnailUrl":"https:\/\/www.evropskakuca.me\/wp-content\/uploads\/2019\/05\/eu-73-of-90-scaled.jpg","datePublished":"2019-05-14T10:04:28+00:00","breadcrumb":{"@id":"https:\/\/www.evropskakuca.me\/me\/dodjeljene-nagrade-pobjedicima-konkursa-evropo-cujemo-li-se\/#breadcrumb"},"inLanguage":"me-ME","potentialAction":[{"@type":"ReadAction","target":["https:\/\/www.evropskakuca.me\/me\/dodjeljene-nagrade-pobjedicima-konkursa-evropo-cujemo-li-se\/"]}]},{"@type":"ImageObject","inLanguage":"me-ME","@id":"https:\/\/www.evropskakuca.me\/me\/dodjeljene-nagrade-pobjedicima-konkursa-evropo-cujemo-li-se\/#primaryimage","url":"https:\/\/www.evropskakuca.me\/wp-content\/uploads\/2019\/05\/eu-73-of-90-scaled.jpg","contentUrl":"https:\/\/www.evropskakuca.me\/wp-content\/uploads\/2019\/05\/eu-73-of-90-scaled.jpg","width":2560,"height":1707},{"@type":"BreadcrumbList","@id":"https:\/\/www.evropskakuca.me\/me\/dodjeljene-nagrade-pobjedicima-konkursa-evropo-cujemo-li-se\/#breadcrumb","itemListElement":[{"@type":"ListItem","position":1,"name":"Home","item":"https:\/\/www.evropskakuca.me\/me\/"},{"@type":"ListItem","position":2,"name":"Dodjeljene nagrade pobjedicima konkursa Evropo \u010dujemo li se?"}]},{"@type":"WebSite","@id":"https:\/\/www.evropskakuca.me\/me\/#website","url":"https:\/\/www.evropskakuca.me\/me\/","name":"Evropean house","description":"","publisher":{"@id":"https:\/\/www.evropskakuca.me\/me\/#organization"},"potentialAction":[{"@type":"SearchAction","target":{"@type":"EntryPoint","urlTemplate":"https:\/\/www.evropskakuca.me\/me\/?s={search_term_string}"},"query-input":{"@type":"PropertyValueSpecification","valueRequired":true,"valueName":"search_term_string"}}],"inLanguage":"me-ME"},{"@type":"Organization","@id":"https:\/\/www.evropskakuca.me\/me\/#organization","name":"Evropean house","url":"https:\/\/www.evropskakuca.me\/me\/","logo":{"@type":"ImageObject","inLanguage":"me-ME","@id":"https:\/\/www.evropskakuca.me\/me\/#\/schema\/logo\/image\/","url":"https:\/\/www.evropskakuca.me\/wp-content\/uploads\/2025\/01\/evropska-kuca-logo-1.png","contentUrl":"https:\/\/www.evropskakuca.me\/wp-content\/uploads\/2025\/01\/evropska-kuca-logo-1.png","width":425,"height":312,"caption":"Evropean house"},"image":{"@id":"https:\/\/www.evropskakuca.me\/me\/#\/schema\/logo\/image\/"},"sameAs":["https:\/\/www.facebook.com\/evropska.kuca","https:\/\/x.com\/evropska_kuca","https:\/\/www.instagram.com\/evropska_kuca"]},{"@type":"Person","@id":"https:\/\/www.evropskakuca.me\/me\/#\/schema\/person\/a1d0dcdaefe4a1cd1d60d200ea137ba4","name":"mkajic","image":{"@type":"ImageObject","inLanguage":"me-ME","@id":"https:\/\/secure.gravatar.com\/avatar\/731fa035cefab7316e6bafd1f25a93fb731a07de14e2d9923f8db4422628eabc?s=96&d=mm&r=g","url":"https:\/\/secure.gravatar.com\/avatar\/731fa035cefab7316e6bafd1f25a93fb731a07de14e2d9923f8db4422628eabc?s=96&d=mm&r=g","contentUrl":"https:\/\/secure.gravatar.com\/avatar\/731fa035cefab7316e6bafd1f25a93fb731a07de14e2d9923f8db4422628eabc?s=96&d=mm&r=g","caption":"mkajic"},"sameAs":["https:\/\/evropskakuca.me"],"url":"https:\/\/www.evropskakuca.me\/me\/author\/mkajic\/"}]}},"_links":{"self":[{"href":"https:\/\/www.evropskakuca.me\/me\/wp-json\/wp\/v2\/posts\/6896","targetHints":{"allow":["GET"]}}],"collection":[{"href":"https:\/\/www.evropskakuca.me\/me\/wp-json\/wp\/v2\/posts"}],"about":[{"href":"https:\/\/www.evropskakuca.me\/me\/wp-json\/wp\/v2\/types\/post"}],"author":[{"embeddable":true,"href":"https:\/\/www.evropskakuca.me\/me\/wp-json\/wp\/v2\/users\/1"}],"replies":[{"embeddable":true,"href":"https:\/\/www.evropskakuca.me\/me\/wp-json\/wp\/v2\/comments?post=6896"}],"version-history":[{"count":0,"href":"https:\/\/www.evropskakuca.me\/me\/wp-json\/wp\/v2\/posts\/6896\/revisions"}],"wp:featuredmedia":[{"embeddable":true,"href":"https:\/\/www.evropskakuca.me\/me\/wp-json\/wp\/v2\/media\/34439"}],"wp:attachment":[{"href":"https:\/\/www.evropskakuca.me\/me\/wp-json\/wp\/v2\/media?parent=6896"}],"wp:term":[{"taxonomy":"category","embeddable":true,"href":"https:\/\/www.evropskakuca.me\/me\/wp-json\/wp\/v2\/categories?post=6896"},{"taxonomy":"post_tag","embeddable":true,"href":"https:\/\/www.evropskakuca.me\/me\/wp-json\/wp\/v2\/tags?post=6896"}],"curies":[{"name":"wp","href":"https:\/\/api.w.org\/{rel}","templated":true}]}}