{"id":6878,"date":"2019-05-14T09:10:57","date_gmt":"2019-05-14T09:10:57","guid":{"rendered":"http:\/\/www.evropskakuca.me\/me\/?p=6878"},"modified":"2019-05-14T09:10:57","modified_gmt":"2019-05-14T09:10:57","slug":"zavrsena-centralna-proslava-dana-evrope-u-crnoj-gori","status":"publish","type":"post","link":"https:\/\/www.evropskakuca.me\/me\/zavrsena-centralna-proslava-dana-evrope-u-crnoj-gori\/","title":{"rendered":"Zavr\u0161ena centralna proslava Dana Evrope u Crnoj Gori"},"content":{"rendered":"<p>Nakon zabavnih ekolo\u0161kih radionica za djecu 9. maja u podgori\u010dkom EU info centru, obilje\u017eavanje Dana Evrope u Crnoj Gori nastavljeno je u petak, 10. maja. Delegacija Evropske unije u Crnoj Gori i EU info centar, u saradnji sa ambasadama zemalja \u010dlanica EU, organizovali su Evropsko dvori\u0161te i tradicionalni koncert u centru Podgorice.<\/p>\n<p>U okviru Evropskog dvori\u0161ta, koje je od 11h do 15h bilo postavljeno na prostoru izme\u0111u zgrada Glavnog grada i Narodne biblioteke, organizovani su sajam ambasada zemalja \u010dlanica, predstavljanje projekata EU i raznovrstan zabavni program za djecu. Okupljeni su imali priliku da saznaju vi\u0161e o kulturi, istoriji i zajedni\u010dkim vrijednostima Njema\u010dke, Rumunijecf, Austrije, Slova\u010dke, Bugarske, Slovenije, Italije, \u0160vedske, Francuske i Gr\u010dke, kao i da u\u017eivaju u njihovim nacionalnim jelima.<\/p>\n<p><a href=\"http:\/\/www.evropskakuca.me\/wp-content\/uploads\/2019\/05\/fotka-1.jpg\"><img fetchpriority=\"high\" decoding=\"async\" class=\"alignleft size-large wp-image-6883\" src=\"http:\/\/www.evropskakuca.me\/wp-content\/uploads\/2019\/05\/fotka-1-1024x683.jpg\" alt=\"\" width=\"1024\" height=\"683\" \/><\/a><\/p>\n<p>U okviru zabavnog programa nastupili su u\u010denici muzi\u010dke \u0161kole \u201eVasa Pavi\u0107\u201c, a u\u010denice O\u0160 \u201eBo\u017eidar Vukovi\u0107 Podgori\u010danin\u201c su predstavile reviju odjevnih predmeta od recikliranih materijala. Djeca iz vrti\u0107a \u201eDodo\u201c izvela su adaptiranu predstavu \u201eDeda i repa\u201c, koja je na zanimljiv na\u010din predstavila ideju nastanka Evropske unije. Na kraju programa, svi u\u010desnici, zajedno sa okupljenom djecom i mladima, u\u010dili su evropske plesove prate\u0107i instrukcije profesionalnih plesa\u010da iz gradske plesne \u0161kole. Okupljenima su Dan Evrope \u010destitali ambasador EU u Crnoj Gori Aivo Orav, ministar vanjskih poslova Crne Gore Sr\u0111an Darmanovi\u0107 i gradona\u010delnik Podgorice Ivan Vukovi\u0107.<\/p>\n<p>\u201eVelika mi je \u010dast da budem danas sa vama ovdje, da zajedno proslavimo Dan Evrope \u2013 datum koji obilje\u017eava godi\u0161njicu istorijske \u0160umanove deklaracije. Devetog maja 1951. godine, francuski ministar spoljnih poslova Robert \u0160uman najavio je novu formu politi\u010dke saradnje u Evropi, koja \u0107e rat me\u0111u evropskim nacijama u\u010diniti nezamislivim\u201c, rekao je ambasador Orav.<\/p>\n<p><a href=\"http:\/\/www.evropskakuca.me\/wp-content\/uploads\/2019\/05\/fotka-2.jpg\"><img decoding=\"async\" class=\"alignleft size-large wp-image-6881\" src=\"http:\/\/www.evropskakuca.me\/wp-content\/uploads\/2019\/05\/fotka-2-1024x683.jpg\" alt=\"\" width=\"1024\" height=\"683\" \/><\/a><\/p>\n<p>Ministar vanjskih poslova Sr\u0111an Darmanovi\u0107 je istakao da Crna Gora odavno pripada Evropi, i dodao da je \u010dlanstvo u EU primaran vanjskopoliti\u010dki prioritet.<\/p>\n<p>&#8220;Sna\u017enom i ubjedljivo ve\u0107inskom podr\u0161kom pristupanju Crne Gore Evropskoj uniji, upravo gra\u0111ani pokazuju da je ovaj proces njihov izbor i put kojim \u017eele da idu&#8221;, naglasio je \u0161ef crnogorske diplomatije.\u00a0Gradona\u010denik Podgorice Ivan Vukovi\u0107 je ocijenio da je Crna Gora lider u procesu evropskih integracija i sasvim sigurno prva naredna \u010dlanica Evropske unije.\u00a0&#8220;To je ne\u0161to \u0161to nas sve skupa obavezuje i kao pojedince i kao dru\u0161tvo, da svakoga dana radimo kako bismo usvojili evropski sistem vrijednosti, i kako bismo svoj grad i dr\u017eavu u\u010dinili istinski evropskim&#8221;, naveo je prvi \u010dovjek Podgorice.\u00a0\u00a0Proslava Dana Evrope nastavila se sve\u010danim prijemom u ve\u010dernjim satima, na kome je ambasador Orav bio doma\u0107in predstavnicima crnogorskog politi\u010dkog, ekonomskog, kulturnog i civilnog dru\u0161tva.<\/p>\n<p><a href=\"http:\/\/www.evropskakuca.me\/wp-content\/uploads\/2019\/05\/eu-93.jpg\"><img decoding=\"async\" class=\"alignleft size-large wp-image-6885\" src=\"http:\/\/www.evropskakuca.me\/wp-content\/uploads\/2019\/05\/eu-93-1024x683.jpg\" alt=\"\" width=\"1024\" height=\"683\" \/><\/a><\/p>\n<p>Kraj ve\u010deri je protekao u znaku sjajne zabave za gra\u0111ane na Trgu Nezavisnosti. Prvi put u u Crnoj Gori nastupili su regionalni bendovi MAiKA i <em>Gramophonedzie, na koncertu koji Delegacija EU ve\u0107 tradicionalno poklanja povodom Dana Evrope.<\/em> MAiKA i <em>Gramophonedzie kombinovali su live nastup sa elektronskom muzikom, koja je rasplesala okupljene. <\/em><\/p>\n<p>Dan Evrope u Crnoj Gori ove godine se nastavlja tokom cijelog mjeseca, ali i du\u017ee. Do kraja maja i u junu bi\u0107e organizovane raznovrsne radionice, predavanja, izlo\u017ebe, koncerti, kao i dani EU u drugim crnogorskim op\u0161tinama. Prvi na redu je Kotor, u kome je dan EU zakazan za 31. maj. Toga dana \u0107e gra\u0111ani i gosti Kotora imati priliku da na EU info pultu i u okviru izlo\u017ebe projekata koje EU sprovodi u Crnoj Gori saznaju vi\u0161e o procesu evropskih integracija. Kako bi odr\u017eala tradiciju, Delegacija EU \u0107e i Kotoranima pokloniti koncert povodom Dana Evrope.<\/p>\n","protected":false},"excerpt":{"rendered":"<p>Tokom maja bi\u0107e organizovane radionice, predavanja, koncerti, izlo\u017ebe&#8230;<\/p>\n","protected":false},"author":1,"featured_media":34443,"comment_status":"open","ping_status":"open","sticky":false,"template":"","format":"standard","meta":{"_acf_changed":false,"footnotes":""},"categories":[283],"tags":[],"class_list":["post-6878","post","type-post","status-publish","format-standard","has-post-thumbnail","hentry","category-novosti-me"],"acf":[],"yoast_head":"<!-- This site is optimized with the Yoast SEO plugin v27.3 - https:\/\/yoast.com\/product\/yoast-seo-wordpress\/ -->\n<title>Zavr\u0161ena centralna proslava Dana Evrope u Crnoj Gori - Europe House<\/title>\n<meta name=\"robots\" content=\"index, follow, max-snippet:-1, max-image-preview:large, max-video-preview:-1\" \/>\n<link rel=\"canonical\" href=\"https:\/\/www.evropskakuca.me\/me\/zavrsena-centralna-proslava-dana-evrope-u-crnoj-gori\/\" \/>\n<meta property=\"og:locale\" content=\"en_US\" \/>\n<meta property=\"og:type\" content=\"article\" \/>\n<meta property=\"og:title\" content=\"Zavr\u0161ena centralna proslava Dana Evrope u Crnoj Gori - Europe House\" \/>\n<meta property=\"og:description\" content=\"Tokom maja bi\u0107e organizovane radionice, predavanja, koncerti, izlo\u017ebe...\" \/>\n<meta property=\"og:url\" content=\"https:\/\/www.evropskakuca.me\/me\/zavrsena-centralna-proslava-dana-evrope-u-crnoj-gori\/\" \/>\n<meta property=\"og:site_name\" content=\"Europe House\" \/>\n<meta property=\"article:publisher\" content=\"https:\/\/www.facebook.com\/evropska.kuca\" \/>\n<meta property=\"article:published_time\" content=\"2019-05-14T09:10:57+00:00\" \/>\n<meta property=\"og:image\" content=\"https:\/\/www.evropskakuca.me\/wp-content\/uploads\/2019\/05\/eu_-13-scaled.jpg\" \/>\n\t<meta property=\"og:image:width\" content=\"2560\" \/>\n\t<meta property=\"og:image:height\" content=\"1707\" \/>\n\t<meta property=\"og:image:type\" content=\"image\/jpeg\" \/>\n<meta name=\"author\" content=\"mkajic\" \/>\n<meta name=\"twitter:card\" content=\"summary_large_image\" \/>\n<meta name=\"twitter:creator\" content=\"@evropska_kuca\" \/>\n<meta name=\"twitter:site\" content=\"@evropska_kuca\" \/>\n<meta name=\"twitter:label1\" content=\"Written by\" \/>\n\t<meta name=\"twitter:data1\" content=\"mkajic\" \/>\n\t<meta name=\"twitter:label2\" content=\"Est. reading time\" \/>\n\t<meta name=\"twitter:data2\" content=\"3 minutes\" \/>\n<script type=\"application\/ld+json\" class=\"yoast-schema-graph\">{\"@context\":\"https:\\\/\\\/schema.org\",\"@graph\":[{\"@type\":\"Article\",\"@id\":\"https:\\\/\\\/www.evropskakuca.me\\\/me\\\/zavrsena-centralna-proslava-dana-evrope-u-crnoj-gori\\\/#article\",\"isPartOf\":{\"@id\":\"https:\\\/\\\/www.evropskakuca.me\\\/me\\\/zavrsena-centralna-proslava-dana-evrope-u-crnoj-gori\\\/\"},\"author\":{\"name\":\"mkajic\",\"@id\":\"https:\\\/\\\/www.evropskakuca.me\\\/me\\\/#\\\/schema\\\/person\\\/a1d0dcdaefe4a1cd1d60d200ea137ba4\"},\"headline\":\"Zavr\u0161ena centralna proslava Dana Evrope u Crnoj Gori\",\"datePublished\":\"2019-05-14T09:10:57+00:00\",\"mainEntityOfPage\":{\"@id\":\"https:\\\/\\\/www.evropskakuca.me\\\/me\\\/zavrsena-centralna-proslava-dana-evrope-u-crnoj-gori\\\/\"},\"wordCount\":612,\"commentCount\":0,\"publisher\":{\"@id\":\"https:\\\/\\\/www.evropskakuca.me\\\/me\\\/#organization\"},\"image\":{\"@id\":\"https:\\\/\\\/www.evropskakuca.me\\\/me\\\/zavrsena-centralna-proslava-dana-evrope-u-crnoj-gori\\\/#primaryimage\"},\"thumbnailUrl\":\"https:\\\/\\\/www.evropskakuca.me\\\/wp-content\\\/uploads\\\/2019\\\/05\\\/eu_-13-scaled.jpg\",\"articleSection\":[\"Novosti\"],\"inLanguage\":\"me-ME\",\"potentialAction\":[{\"@type\":\"CommentAction\",\"name\":\"Comment\",\"target\":[\"https:\\\/\\\/www.evropskakuca.me\\\/me\\\/zavrsena-centralna-proslava-dana-evrope-u-crnoj-gori\\\/#respond\"]}]},{\"@type\":\"WebPage\",\"@id\":\"https:\\\/\\\/www.evropskakuca.me\\\/me\\\/zavrsena-centralna-proslava-dana-evrope-u-crnoj-gori\\\/\",\"url\":\"https:\\\/\\\/www.evropskakuca.me\\\/me\\\/zavrsena-centralna-proslava-dana-evrope-u-crnoj-gori\\\/\",\"name\":\"Zavr\u0161ena centralna proslava Dana Evrope u Crnoj Gori - Europe House\",\"isPartOf\":{\"@id\":\"https:\\\/\\\/www.evropskakuca.me\\\/me\\\/#website\"},\"primaryImageOfPage\":{\"@id\":\"https:\\\/\\\/www.evropskakuca.me\\\/me\\\/zavrsena-centralna-proslava-dana-evrope-u-crnoj-gori\\\/#primaryimage\"},\"image\":{\"@id\":\"https:\\\/\\\/www.evropskakuca.me\\\/me\\\/zavrsena-centralna-proslava-dana-evrope-u-crnoj-gori\\\/#primaryimage\"},\"thumbnailUrl\":\"https:\\\/\\\/www.evropskakuca.me\\\/wp-content\\\/uploads\\\/2019\\\/05\\\/eu_-13-scaled.jpg\",\"datePublished\":\"2019-05-14T09:10:57+00:00\",\"breadcrumb\":{\"@id\":\"https:\\\/\\\/www.evropskakuca.me\\\/me\\\/zavrsena-centralna-proslava-dana-evrope-u-crnoj-gori\\\/#breadcrumb\"},\"inLanguage\":\"me-ME\",\"potentialAction\":[{\"@type\":\"ReadAction\",\"target\":[\"https:\\\/\\\/www.evropskakuca.me\\\/me\\\/zavrsena-centralna-proslava-dana-evrope-u-crnoj-gori\\\/\"]}]},{\"@type\":\"ImageObject\",\"inLanguage\":\"me-ME\",\"@id\":\"https:\\\/\\\/www.evropskakuca.me\\\/me\\\/zavrsena-centralna-proslava-dana-evrope-u-crnoj-gori\\\/#primaryimage\",\"url\":\"https:\\\/\\\/www.evropskakuca.me\\\/wp-content\\\/uploads\\\/2019\\\/05\\\/eu_-13-scaled.jpg\",\"contentUrl\":\"https:\\\/\\\/www.evropskakuca.me\\\/wp-content\\\/uploads\\\/2019\\\/05\\\/eu_-13-scaled.jpg\",\"width\":2560,\"height\":1707},{\"@type\":\"BreadcrumbList\",\"@id\":\"https:\\\/\\\/www.evropskakuca.me\\\/me\\\/zavrsena-centralna-proslava-dana-evrope-u-crnoj-gori\\\/#breadcrumb\",\"itemListElement\":[{\"@type\":\"ListItem\",\"position\":1,\"name\":\"Home\",\"item\":\"https:\\\/\\\/www.evropskakuca.me\\\/me\\\/\"},{\"@type\":\"ListItem\",\"position\":2,\"name\":\"Zavr\u0161ena centralna proslava Dana Evrope u Crnoj Gori\"}]},{\"@type\":\"WebSite\",\"@id\":\"https:\\\/\\\/www.evropskakuca.me\\\/me\\\/#website\",\"url\":\"https:\\\/\\\/www.evropskakuca.me\\\/me\\\/\",\"name\":\"Evropean house\",\"description\":\"\",\"publisher\":{\"@id\":\"https:\\\/\\\/www.evropskakuca.me\\\/me\\\/#organization\"},\"potentialAction\":[{\"@type\":\"SearchAction\",\"target\":{\"@type\":\"EntryPoint\",\"urlTemplate\":\"https:\\\/\\\/www.evropskakuca.me\\\/me\\\/?s={search_term_string}\"},\"query-input\":{\"@type\":\"PropertyValueSpecification\",\"valueRequired\":true,\"valueName\":\"search_term_string\"}}],\"inLanguage\":\"me-ME\"},{\"@type\":\"Organization\",\"@id\":\"https:\\\/\\\/www.evropskakuca.me\\\/me\\\/#organization\",\"name\":\"Evropean house\",\"url\":\"https:\\\/\\\/www.evropskakuca.me\\\/me\\\/\",\"logo\":{\"@type\":\"ImageObject\",\"inLanguage\":\"me-ME\",\"@id\":\"https:\\\/\\\/www.evropskakuca.me\\\/me\\\/#\\\/schema\\\/logo\\\/image\\\/\",\"url\":\"https:\\\/\\\/www.evropskakuca.me\\\/wp-content\\\/uploads\\\/2025\\\/01\\\/evropska-kuca-logo-1.png\",\"contentUrl\":\"https:\\\/\\\/www.evropskakuca.me\\\/wp-content\\\/uploads\\\/2025\\\/01\\\/evropska-kuca-logo-1.png\",\"width\":425,\"height\":312,\"caption\":\"Evropean house\"},\"image\":{\"@id\":\"https:\\\/\\\/www.evropskakuca.me\\\/me\\\/#\\\/schema\\\/logo\\\/image\\\/\"},\"sameAs\":[\"https:\\\/\\\/www.facebook.com\\\/evropska.kuca\",\"https:\\\/\\\/x.com\\\/evropska_kuca\",\"https:\\\/\\\/www.instagram.com\\\/evropska_kuca\"]},{\"@type\":\"Person\",\"@id\":\"https:\\\/\\\/www.evropskakuca.me\\\/me\\\/#\\\/schema\\\/person\\\/a1d0dcdaefe4a1cd1d60d200ea137ba4\",\"name\":\"mkajic\",\"image\":{\"@type\":\"ImageObject\",\"inLanguage\":\"me-ME\",\"@id\":\"https:\\\/\\\/secure.gravatar.com\\\/avatar\\\/731fa035cefab7316e6bafd1f25a93fb731a07de14e2d9923f8db4422628eabc?s=96&d=mm&r=g\",\"url\":\"https:\\\/\\\/secure.gravatar.com\\\/avatar\\\/731fa035cefab7316e6bafd1f25a93fb731a07de14e2d9923f8db4422628eabc?s=96&d=mm&r=g\",\"contentUrl\":\"https:\\\/\\\/secure.gravatar.com\\\/avatar\\\/731fa035cefab7316e6bafd1f25a93fb731a07de14e2d9923f8db4422628eabc?s=96&d=mm&r=g\",\"caption\":\"mkajic\"},\"sameAs\":[\"https:\\\/\\\/evropskakuca.me\"],\"url\":\"https:\\\/\\\/www.evropskakuca.me\\\/me\\\/author\\\/mkajic\\\/\"}]}<\/script>\n<!-- \/ Yoast SEO plugin. -->","yoast_head_json":{"title":"Zavr\u0161ena centralna proslava Dana Evrope u Crnoj Gori - Europe House","robots":{"index":"index","follow":"follow","max-snippet":"max-snippet:-1","max-image-preview":"max-image-preview:large","max-video-preview":"max-video-preview:-1"},"canonical":"https:\/\/www.evropskakuca.me\/me\/zavrsena-centralna-proslava-dana-evrope-u-crnoj-gori\/","og_locale":"en_US","og_type":"article","og_title":"Zavr\u0161ena centralna proslava Dana Evrope u Crnoj Gori - Europe House","og_description":"Tokom maja bi\u0107e organizovane radionice, predavanja, koncerti, izlo\u017ebe...","og_url":"https:\/\/www.evropskakuca.me\/me\/zavrsena-centralna-proslava-dana-evrope-u-crnoj-gori\/","og_site_name":"Europe House","article_publisher":"https:\/\/www.facebook.com\/evropska.kuca","article_published_time":"2019-05-14T09:10:57+00:00","og_image":[{"width":2560,"height":1707,"url":"https:\/\/www.evropskakuca.me\/wp-content\/uploads\/2019\/05\/eu_-13-scaled.jpg","type":"image\/jpeg"}],"author":"mkajic","twitter_card":"summary_large_image","twitter_creator":"@evropska_kuca","twitter_site":"@evropska_kuca","twitter_misc":{"Written by":"mkajic","Est. reading time":"3 minutes"},"schema":{"@context":"https:\/\/schema.org","@graph":[{"@type":"Article","@id":"https:\/\/www.evropskakuca.me\/me\/zavrsena-centralna-proslava-dana-evrope-u-crnoj-gori\/#article","isPartOf":{"@id":"https:\/\/www.evropskakuca.me\/me\/zavrsena-centralna-proslava-dana-evrope-u-crnoj-gori\/"},"author":{"name":"mkajic","@id":"https:\/\/www.evropskakuca.me\/me\/#\/schema\/person\/a1d0dcdaefe4a1cd1d60d200ea137ba4"},"headline":"Zavr\u0161ena centralna proslava Dana Evrope u Crnoj Gori","datePublished":"2019-05-14T09:10:57+00:00","mainEntityOfPage":{"@id":"https:\/\/www.evropskakuca.me\/me\/zavrsena-centralna-proslava-dana-evrope-u-crnoj-gori\/"},"wordCount":612,"commentCount":0,"publisher":{"@id":"https:\/\/www.evropskakuca.me\/me\/#organization"},"image":{"@id":"https:\/\/www.evropskakuca.me\/me\/zavrsena-centralna-proslava-dana-evrope-u-crnoj-gori\/#primaryimage"},"thumbnailUrl":"https:\/\/www.evropskakuca.me\/wp-content\/uploads\/2019\/05\/eu_-13-scaled.jpg","articleSection":["Novosti"],"inLanguage":"me-ME","potentialAction":[{"@type":"CommentAction","name":"Comment","target":["https:\/\/www.evropskakuca.me\/me\/zavrsena-centralna-proslava-dana-evrope-u-crnoj-gori\/#respond"]}]},{"@type":"WebPage","@id":"https:\/\/www.evropskakuca.me\/me\/zavrsena-centralna-proslava-dana-evrope-u-crnoj-gori\/","url":"https:\/\/www.evropskakuca.me\/me\/zavrsena-centralna-proslava-dana-evrope-u-crnoj-gori\/","name":"Zavr\u0161ena centralna proslava Dana Evrope u Crnoj Gori - Europe House","isPartOf":{"@id":"https:\/\/www.evropskakuca.me\/me\/#website"},"primaryImageOfPage":{"@id":"https:\/\/www.evropskakuca.me\/me\/zavrsena-centralna-proslava-dana-evrope-u-crnoj-gori\/#primaryimage"},"image":{"@id":"https:\/\/www.evropskakuca.me\/me\/zavrsena-centralna-proslava-dana-evrope-u-crnoj-gori\/#primaryimage"},"thumbnailUrl":"https:\/\/www.evropskakuca.me\/wp-content\/uploads\/2019\/05\/eu_-13-scaled.jpg","datePublished":"2019-05-14T09:10:57+00:00","breadcrumb":{"@id":"https:\/\/www.evropskakuca.me\/me\/zavrsena-centralna-proslava-dana-evrope-u-crnoj-gori\/#breadcrumb"},"inLanguage":"me-ME","potentialAction":[{"@type":"ReadAction","target":["https:\/\/www.evropskakuca.me\/me\/zavrsena-centralna-proslava-dana-evrope-u-crnoj-gori\/"]}]},{"@type":"ImageObject","inLanguage":"me-ME","@id":"https:\/\/www.evropskakuca.me\/me\/zavrsena-centralna-proslava-dana-evrope-u-crnoj-gori\/#primaryimage","url":"https:\/\/www.evropskakuca.me\/wp-content\/uploads\/2019\/05\/eu_-13-scaled.jpg","contentUrl":"https:\/\/www.evropskakuca.me\/wp-content\/uploads\/2019\/05\/eu_-13-scaled.jpg","width":2560,"height":1707},{"@type":"BreadcrumbList","@id":"https:\/\/www.evropskakuca.me\/me\/zavrsena-centralna-proslava-dana-evrope-u-crnoj-gori\/#breadcrumb","itemListElement":[{"@type":"ListItem","position":1,"name":"Home","item":"https:\/\/www.evropskakuca.me\/me\/"},{"@type":"ListItem","position":2,"name":"Zavr\u0161ena centralna proslava Dana Evrope u Crnoj Gori"}]},{"@type":"WebSite","@id":"https:\/\/www.evropskakuca.me\/me\/#website","url":"https:\/\/www.evropskakuca.me\/me\/","name":"Evropean house","description":"","publisher":{"@id":"https:\/\/www.evropskakuca.me\/me\/#organization"},"potentialAction":[{"@type":"SearchAction","target":{"@type":"EntryPoint","urlTemplate":"https:\/\/www.evropskakuca.me\/me\/?s={search_term_string}"},"query-input":{"@type":"PropertyValueSpecification","valueRequired":true,"valueName":"search_term_string"}}],"inLanguage":"me-ME"},{"@type":"Organization","@id":"https:\/\/www.evropskakuca.me\/me\/#organization","name":"Evropean house","url":"https:\/\/www.evropskakuca.me\/me\/","logo":{"@type":"ImageObject","inLanguage":"me-ME","@id":"https:\/\/www.evropskakuca.me\/me\/#\/schema\/logo\/image\/","url":"https:\/\/www.evropskakuca.me\/wp-content\/uploads\/2025\/01\/evropska-kuca-logo-1.png","contentUrl":"https:\/\/www.evropskakuca.me\/wp-content\/uploads\/2025\/01\/evropska-kuca-logo-1.png","width":425,"height":312,"caption":"Evropean house"},"image":{"@id":"https:\/\/www.evropskakuca.me\/me\/#\/schema\/logo\/image\/"},"sameAs":["https:\/\/www.facebook.com\/evropska.kuca","https:\/\/x.com\/evropska_kuca","https:\/\/www.instagram.com\/evropska_kuca"]},{"@type":"Person","@id":"https:\/\/www.evropskakuca.me\/me\/#\/schema\/person\/a1d0dcdaefe4a1cd1d60d200ea137ba4","name":"mkajic","image":{"@type":"ImageObject","inLanguage":"me-ME","@id":"https:\/\/secure.gravatar.com\/avatar\/731fa035cefab7316e6bafd1f25a93fb731a07de14e2d9923f8db4422628eabc?s=96&d=mm&r=g","url":"https:\/\/secure.gravatar.com\/avatar\/731fa035cefab7316e6bafd1f25a93fb731a07de14e2d9923f8db4422628eabc?s=96&d=mm&r=g","contentUrl":"https:\/\/secure.gravatar.com\/avatar\/731fa035cefab7316e6bafd1f25a93fb731a07de14e2d9923f8db4422628eabc?s=96&d=mm&r=g","caption":"mkajic"},"sameAs":["https:\/\/evropskakuca.me"],"url":"https:\/\/www.evropskakuca.me\/me\/author\/mkajic\/"}]}},"_links":{"self":[{"href":"https:\/\/www.evropskakuca.me\/me\/wp-json\/wp\/v2\/posts\/6878","targetHints":{"allow":["GET"]}}],"collection":[{"href":"https:\/\/www.evropskakuca.me\/me\/wp-json\/wp\/v2\/posts"}],"about":[{"href":"https:\/\/www.evropskakuca.me\/me\/wp-json\/wp\/v2\/types\/post"}],"author":[{"embeddable":true,"href":"https:\/\/www.evropskakuca.me\/me\/wp-json\/wp\/v2\/users\/1"}],"replies":[{"embeddable":true,"href":"https:\/\/www.evropskakuca.me\/me\/wp-json\/wp\/v2\/comments?post=6878"}],"version-history":[{"count":0,"href":"https:\/\/www.evropskakuca.me\/me\/wp-json\/wp\/v2\/posts\/6878\/revisions"}],"wp:featuredmedia":[{"embeddable":true,"href":"https:\/\/www.evropskakuca.me\/me\/wp-json\/wp\/v2\/media\/34443"}],"wp:attachment":[{"href":"https:\/\/www.evropskakuca.me\/me\/wp-json\/wp\/v2\/media?parent=6878"}],"wp:term":[{"taxonomy":"category","embeddable":true,"href":"https:\/\/www.evropskakuca.me\/me\/wp-json\/wp\/v2\/categories?post=6878"},{"taxonomy":"post_tag","embeddable":true,"href":"https:\/\/www.evropskakuca.me\/me\/wp-json\/wp\/v2\/tags?post=6878"}],"curies":[{"name":"wp","href":"https:\/\/api.w.org\/{rel}","templated":true}]}}