{"id":6830,"date":"2019-04-26T08:50:01","date_gmt":"2019-04-26T08:50:01","guid":{"rendered":"http:\/\/www.evropskakuca.me\/me\/?p=6830"},"modified":"2019-04-26T08:50:01","modified_gmt":"2019-04-26T08:50:01","slug":"u-cast-dana-evrope-gramophonedzie-i-maika-prvi-put-u-crnoj-gori","status":"publish","type":"post","link":"https:\/\/www.evropskakuca.me\/me\/u-cast-dana-evrope-gramophonedzie-i-maika-prvi-put-u-crnoj-gori\/","title":{"rendered":"U \u010dast Dana Evrope, Gramophonedzie i MAiKA prvi put u Crnoj Gori"},"content":{"rendered":"<p>Proslava Dana Evrope ove godine traja\u0107e tokom cijelog maja, najavili su iz Delegacije EU u Crnoj Gori. Zajedno sa EU info centrom i i ambasadama zemalja \u010dlanica EU, u maju planiraju brojne aktivnosti, kako bi sa \u00a0gra\u0111anima otvoreno razgovarali o Evropskoj uniji, evropskim vrijednostima, koristima \u010dlanstva, ali i izazovima koje donosi proces evropskih integracija.<\/p>\n<p>Centralni doga\u0111aj planiran je za petak, 10. maja. U okviru Evropskog dvori\u0161ta koje \u0107e biti postavljeno u centru Podgorice, na prostoru izme\u0111u zgrada Op\u0161tine i Narodne biblioteke, bi\u0107e organizovan zabavni program, dok \u0107e se istovremeno zainteresovanim gra\u0111anima predstaviti zemlje \u010dlanice EU, kao i projekti EU u Crnoj Gori.<\/p>\n<p>\u201eAko \u017eelite bolje da upoznate neke zemlje \u010dlanice Evropske unije i dio njihove istorije i kulture, pridru\u017eite nam se u Evropskom dvori\u0161tu. Ima\u0107ete uz to priliku i da se lijepo zabavite, uz evropsku muziku i plesove, dje\u010dje predstave i zanimljive interaktivne igre\u201c, poru\u010duju iz Delegacije EU u Crnoj Gori.<\/p>\n<p>Proslava Dana Evrope 10. maja se nastavlja uve\u010de, uz veliki koncert koji gra\u0111anima Crne Gore ovim povodom tradicionalno poklanja Delegacija EU. Od 20h, na Trgu Nezavisnosti u Podgorici, gostova\u0107e regionalni bendovi Gramophonedzie Live Experience i MaiKa. Ova dva benda prvi put nastupaju u na\u0161oj zemlji, a na glavni podgori\u010dki trg donose novu vrstu zvuka, uspje\u0161nog spoja tradicionalnog i modernog. Gramophonedzie Live Experience je hibridni lajv di d\u017eej sastav koji izvodi fuziju elektronske i \u017eive muzike, poznat po svjetskom hitu \u201eWhy Don\u2019t You\u201d. Bend MAiKa je novi fenomen na evropskoj sceni, koji njeguje neobi\u010dan spoj indi, panka i balkanskih ritmova, a \u010dini ga grupa ve\u0107 dokazanih iskusnih muzi\u010dara iz regiona.<\/p>\n<p>\u201eOve godine odlu\u010dili smo se za dvije grupe koje, pored kvalitetne muzike, populari\u0161u i evropske vrijednosti, kao \u0161to su solidarnost, tolerancija, pravo na razli\u010ditost i jednake \u0161anse za sve. Pozivamo sve gra\u0111ane Crne Gore da nam se na koncertu 10. maja pridru\u017ee u proslavi ovih vrijednosti\u201c, saop\u0161teno je iz Delegacije.<\/p>\n<p>Na sam Dan Evrope, 9. maja, u EU info centru bi\u0107e organizovana predstava i radionica za djecu na temu za\u0161tite \u017eivotne sredine, koja predstavlja jednu od klju\u010dnih oblasti u pregovorima Crne Gore i EU.<\/p>\n<p>\u201eZa\u0161tita \u017eivotne sredine u vrhu je prioriteta EU, a edukacija najmla\u0111ih je na\u010din da te prioritete i ostvarimo. Na Dan Evrope pretvori\u0107emo EU info centar u malu zelenu oazu, u kojoj \u0107e djeca imati priliku da sade, recikliraju i kroz prakti\u010dne primjere nau\u010de za\u0161to je va\u017eno da \u010duvamo prirodu\u201c, saop\u0161teno je iz EU info centra.<\/p>\n<p>U ve\u010dernjim satima, \u0161ef Delegacije EU u Crnoj Gori, ambasador Aivo Orav i njegovi saradnici, na prijemu povodom sve\u010danog obilje\u017eavanja Dana Evrope, do\u010deka\u0107e predstavnike crnogorskog politi\u010dkog, ekonomskog, kulturnog i civilnog dru\u0161tva, kao i\u00a0 predstavnike stranih i diplomatskih misija u Crnoj Gori.<\/p>\n<p>Tokom mjeseca u kojem se slavi Evropa, bi\u0107e organizovani koncerti, izlo\u017ebe, kao predavanja i debate na teme povezane sa \u010dlanstvom u Evropskoj uniji. Sli\u010dni doga\u0111aji planirani su i u drugim crnogorskim op\u0161tinama.<\/p>\n<p>Dan Evrope obilje\u017eava se svake godine 9. maja, u znak sje\u0107anja na deklaraciju Roberta \u0160umana, francuskog ministra spoljnih poslova kojom je 1950. godine najavljen projekat pomirenja i ujedinjenja u Evropi \u2013 osnivanje Evropske zajednice za ugalj i \u010delik, koji je vremenom prerastao u Evropsku uniju.<\/p>\n<h2 style=\"text-align: center;\">Program za Mjesec Evrope<\/h2>\n<p><span style=\"color: #000080;\">5. maj, nedjelja od 9:00, bioskop Cineplexx<\/span><\/p>\n<p><strong>EFA YOUNG AUDIENCE AWARD (YAA) <\/strong><\/p>\n<p>Podgorica Film Festival, Crnogorska kinoteka i EUIC<\/p>\n<p>&nbsp;<\/p>\n<p><span style=\"color: #000080;\">6. maj, ponedjeljak od 12:00, EU info centar<\/span><\/p>\n<p><strong>EU4ME KONKURS \u201eEVROPO, \u010cUJEMO LI SE?\u201c\u2013 DODJELA NAGRADA<\/strong><\/p>\n<p>EU4ME<\/p>\n<p>&nbsp;<\/p>\n<p><span style=\"color: #000080;\">8. maj, srijeda od 9:00, EU info centar<\/span><\/p>\n<p><strong>PROMOCIJA ERASMUS+ PROGRAMA ZA MLADE PREDUZETNIKE <\/strong><\/p>\n<p>ADP ZID<\/p>\n<p>&nbsp;<\/p>\n<p><span style=\"color: #000080;\">8. maj, srijeda od 11:00, Fakultet politi\u010dkih nauka, Univerzitet Crne Gore<\/span><\/p>\n<p><strong>PREDAVANJE O IZBORIMA U EU, PROFESOR PETAR MARKOVI\u0106, UNIVERSIT\u00c9 LIBRE DE BRUXELLES <\/strong><\/p>\n<p>EUIC i Fakultet politi\u010dkih nauka<\/p>\n<p>&nbsp;<\/p>\n<p><span style=\"color: #000080;\">8.maj, srijeda od 18:00, Sportski i kulturni centar Univerziteta Crne Gore<\/span><\/p>\n<p><strong>TURNIR U FUDBALU \u201cEU VS MONTENEGRO\u201d <\/strong><\/p>\n<p>EU4ME<\/p>\n<p>&nbsp;<\/p>\n<p><span style=\"color: #000080;\">9. maj, \u010detvrtak od 09:30, EU info centar<\/span><\/p>\n<p><strong>PROSLAVA DANA EVROPE (dje\u010dja predstava \u201cKo to tamo prlja?\u201d i ekolo\u0161ka radionica \u201ePut sjemena\u201c) <\/strong><\/p>\n<p>Delegacija EU u CG i EUIC<\/p>\n<p>&nbsp;<\/p>\n<p><span style=\"color: #000080;\">10. maj, petak od 11\u201315h, centar Podgorice (plato ispred zgrade Op\u0161tine)<\/span><\/p>\n<p><strong>EVROPSKO DVORI\u0160TE (zabavni program i sajam ambasada zemalja \u010dlanica i projekata EU) <\/strong><\/p>\n<p>Delegacija EU u CG i EUIC<\/p>\n<p>&nbsp;<\/p>\n<p><span style=\"color: #000080;\">10. maj, petak od 20-00h, Trg Nezavisnosti u Podgorici<\/span><\/p>\n<p><strong>KONCERT POVODOM DANA EVROPE (regionalni bendovi Gramophondzie and MAiKA)<\/strong><\/p>\n<p>Delegacija EU u CG i EUIC<\/p>\n<p>&nbsp;<\/p>\n<p><span style=\"color: #000080;\">11. maj, subota od 12h, EU info centar<\/span><\/p>\n<p><strong>DAN NJEMA\u010cKIH DRU\u0160TVENIH IGARA<\/strong><\/p>\n<p>Ambasada Savezne Republike Njema\u010dke<\/p>\n<p>&nbsp;<\/p>\n<p><span style=\"color: #000080;\">13. maj, ponedjeljak od 12:00, Sportski i kulturni centar Univerziteta Crne Gore<\/span><\/p>\n<p><strong>JAVNA DEBATA O POGLAVLJU 11 \u2013 POLJOPRIVREDA I RURALNI RAZVOJ <\/strong><\/p>\n<p>EU4ME<\/p>\n<p>&nbsp;<\/p>\n<p><span style=\"color: #000080;\">14.maj, utorak, Paviljon Udru\u017eenja likovnih umjetnika Crne Gore<\/span><\/p>\n<p><strong>KONCERT KVARTETA \u201cAIRBORNE EXTENDED\u201d <\/strong><\/p>\n<p>Ambasada Austrije<\/p>\n<p>&nbsp;<\/p>\n<p><span style=\"color: #000080;\">15. maj, srijeda od 11:00, EU info centar<\/span><\/p>\n<p><strong>OKRUGLI STO \u201eCRNA GORA NA PUTU U EU. BUGARSKA PRENOSI SVOJE ISKUSTVO &#8211; PREDNOSTI, IZAZOVI I PERSPEKTIVE \u010cLANSTVA U EU\u201c <\/strong><\/p>\n<p>Ambasada Republike Bugarske, EUIC and Crnogorska panevropska unija<\/p>\n<p>&nbsp;<\/p>\n<p><span style=\"color: #000080;\">20. maj, ponedjeljak, Ku\u0107a meda u Danilovgradu<\/span><\/p>\n<p><strong>PROSLAVA DANA P\u010cELA <\/strong><\/p>\n<p>Ambasada Republike Slovenije<\/p>\n<p>&nbsp;<\/p>\n<p><span style=\"color: #000080;\">28. maj, utorak od 11:00, Sportski i kulturni centar Univerziteta Crne Gore<\/span><\/p>\n<p><strong>PANEL \u201cBUDI I TI DIO USPJE\u0160NIH PRI\u010cA &#8211; ISKORISTI EU PROGRAME!\u201d <\/strong><\/p>\n<p>Nacionalna Erasmus+ kancelarija<\/p>\n<p>&nbsp;<\/p>\n<p><span style=\"color: #000080;\">31. maj, petak, Pjaca muzeja u Kotoru<\/span><\/p>\n<p><strong>EU DAN i KONCERT <\/strong><\/p>\n<p>Delegacija EU u CG i EUIC<\/p>\n<p>&nbsp;<\/p>\n<p><span style=\"color: #000080;\">3.jun, ponedjeljak, Filozofski fakultet u Nik\u0161i\u0107u, Univerzitet Crne Gore<\/span><\/p>\n<p><strong>PREDAVANJE \u201e30 GODINA POSTKOMUNISTI\u010cKE TRANZICIJE\u201c, PROFESOR DRAGAN MARKOVINA SA UNIVERZITETA U ZAGREBU <\/strong><\/p>\n<p>EUIC i Filozofski fakultet u Nik\u0161i\u0107u<\/p>\n<p>&nbsp;<\/p>\n<h4>Povezani tekstovi:<\/h4>\n<p><a href=\"http:\/\/www.evropskakuca.me\/me\/zavrsena-centralna-proslava-dana-evrope-u-crnoj-gori\/\">Zavr\u0161ena centralna proslava Dana Evrope u Crnoj Gori<\/a><\/p>\n<p><a href=\"http:\/\/www.evropskakuca.me\/me\/malisani-ucili-kako-da-brinu-o-prirodi\/\">Proslava Dana Evrope: Mali\u0161ani u\u010dili da brinu o prirodi<\/a><\/p>\n<p><a href=\"http:\/\/www.evropskakuca.me\/me\/evropski-dan-u-kotoru\/\">Evropski dan u Kotoru<\/a><\/p>\n<p><a href=\"http:\/\/www.evropskakuca.me\/me\/takmicenje-za-slogan-za-proslavu-dana-evrope\/\">Takmi\u010denje za slogan za proslavu Dana Evrope<\/a><\/p>\n<h2><strong>\u00a0<\/strong><\/h2>\n","protected":false},"excerpt":{"rendered":"<p>Delegacija EU U Crnoj Gori i EU info centar najavili program tokom Mjeseca Evrope<\/p>\n","protected":false},"author":1,"featured_media":34407,"comment_status":"closed","ping_status":"closed","sticky":false,"template":"","format":"standard","meta":{"_acf_changed":false,"footnotes":""},"categories":[285,283],"tags":[],"class_list":["post-6830","post","type-post","status-publish","format-standard","has-post-thumbnail","hentry","category-kampanje-i-eventi","category-novosti-me"],"acf":[],"yoast_head":"<!-- This site is optimized with the Yoast SEO plugin v27.3 - https:\/\/yoast.com\/product\/yoast-seo-wordpress\/ -->\n<title>U \u010dast Dana Evrope, Gramophonedzie i MAiKA prvi put u Crnoj Gori - Europe House<\/title>\n<meta name=\"robots\" content=\"index, follow, max-snippet:-1, max-image-preview:large, max-video-preview:-1\" \/>\n<link rel=\"canonical\" href=\"https:\/\/www.evropskakuca.me\/me\/u-cast-dana-evrope-gramophonedzie-i-maika-prvi-put-u-crnoj-gori\/\" \/>\n<meta property=\"og:locale\" content=\"en_US\" \/>\n<meta property=\"og:type\" content=\"article\" \/>\n<meta property=\"og:title\" content=\"U \u010dast Dana Evrope, Gramophonedzie i MAiKA prvi put u Crnoj Gori - Europe House\" \/>\n<meta property=\"og:description\" content=\"Delegacija EU U Crnoj Gori i EU info centar najavili program tokom Mjeseca Evrope\" \/>\n<meta property=\"og:url\" content=\"https:\/\/www.evropskakuca.me\/me\/u-cast-dana-evrope-gramophonedzie-i-maika-prvi-put-u-crnoj-gori\/\" \/>\n<meta property=\"og:site_name\" content=\"Europe House\" \/>\n<meta property=\"article:publisher\" content=\"https:\/\/www.facebook.com\/evropska.kuca\" \/>\n<meta property=\"article:published_time\" content=\"2019-04-26T08:50:01+00:00\" \/>\n<meta property=\"og:image\" content=\"https:\/\/www.evropskakuca.me\/wp-content\/uploads\/2019\/04\/cover-za-event.jpg\" \/>\n\t<meta property=\"og:image:width\" content=\"944\" \/>\n\t<meta property=\"og:image:height\" content=\"709\" \/>\n\t<meta property=\"og:image:type\" content=\"image\/jpeg\" \/>\n<meta name=\"author\" content=\"mkajic\" \/>\n<meta name=\"twitter:card\" content=\"summary_large_image\" \/>\n<meta name=\"twitter:creator\" content=\"@evropska_kuca\" \/>\n<meta name=\"twitter:site\" content=\"@evropska_kuca\" \/>\n<meta name=\"twitter:label1\" content=\"Written by\" \/>\n\t<meta name=\"twitter:data1\" content=\"mkajic\" \/>\n\t<meta name=\"twitter:label2\" content=\"Est. reading time\" \/>\n\t<meta name=\"twitter:data2\" content=\"5 minutes\" \/>\n<script type=\"application\/ld+json\" class=\"yoast-schema-graph\">{\"@context\":\"https:\\\/\\\/schema.org\",\"@graph\":[{\"@type\":\"Article\",\"@id\":\"https:\\\/\\\/www.evropskakuca.me\\\/me\\\/u-cast-dana-evrope-gramophonedzie-i-maika-prvi-put-u-crnoj-gori\\\/#article\",\"isPartOf\":{\"@id\":\"https:\\\/\\\/www.evropskakuca.me\\\/me\\\/u-cast-dana-evrope-gramophonedzie-i-maika-prvi-put-u-crnoj-gori\\\/\"},\"author\":{\"name\":\"mkajic\",\"@id\":\"https:\\\/\\\/www.evropskakuca.me\\\/me\\\/#\\\/schema\\\/person\\\/a1d0dcdaefe4a1cd1d60d200ea137ba4\"},\"headline\":\"U \u010dast Dana Evrope, Gramophonedzie i MAiKA prvi put u Crnoj Gori\",\"datePublished\":\"2019-04-26T08:50:01+00:00\",\"mainEntityOfPage\":{\"@id\":\"https:\\\/\\\/www.evropskakuca.me\\\/me\\\/u-cast-dana-evrope-gramophonedzie-i-maika-prvi-put-u-crnoj-gori\\\/\"},\"wordCount\":981,\"publisher\":{\"@id\":\"https:\\\/\\\/www.evropskakuca.me\\\/me\\\/#organization\"},\"image\":{\"@id\":\"https:\\\/\\\/www.evropskakuca.me\\\/me\\\/u-cast-dana-evrope-gramophonedzie-i-maika-prvi-put-u-crnoj-gori\\\/#primaryimage\"},\"thumbnailUrl\":\"https:\\\/\\\/www.evropskakuca.me\\\/wp-content\\\/uploads\\\/2019\\\/04\\\/cover-za-event.jpg\",\"articleSection\":[\"Kampanje i eventi\",\"Novosti\"],\"inLanguage\":\"me-ME\"},{\"@type\":\"WebPage\",\"@id\":\"https:\\\/\\\/www.evropskakuca.me\\\/me\\\/u-cast-dana-evrope-gramophonedzie-i-maika-prvi-put-u-crnoj-gori\\\/\",\"url\":\"https:\\\/\\\/www.evropskakuca.me\\\/me\\\/u-cast-dana-evrope-gramophonedzie-i-maika-prvi-put-u-crnoj-gori\\\/\",\"name\":\"U \u010dast Dana Evrope, Gramophonedzie i MAiKA prvi put u Crnoj Gori - Europe House\",\"isPartOf\":{\"@id\":\"https:\\\/\\\/www.evropskakuca.me\\\/me\\\/#website\"},\"primaryImageOfPage\":{\"@id\":\"https:\\\/\\\/www.evropskakuca.me\\\/me\\\/u-cast-dana-evrope-gramophonedzie-i-maika-prvi-put-u-crnoj-gori\\\/#primaryimage\"},\"image\":{\"@id\":\"https:\\\/\\\/www.evropskakuca.me\\\/me\\\/u-cast-dana-evrope-gramophonedzie-i-maika-prvi-put-u-crnoj-gori\\\/#primaryimage\"},\"thumbnailUrl\":\"https:\\\/\\\/www.evropskakuca.me\\\/wp-content\\\/uploads\\\/2019\\\/04\\\/cover-za-event.jpg\",\"datePublished\":\"2019-04-26T08:50:01+00:00\",\"breadcrumb\":{\"@id\":\"https:\\\/\\\/www.evropskakuca.me\\\/me\\\/u-cast-dana-evrope-gramophonedzie-i-maika-prvi-put-u-crnoj-gori\\\/#breadcrumb\"},\"inLanguage\":\"me-ME\",\"potentialAction\":[{\"@type\":\"ReadAction\",\"target\":[\"https:\\\/\\\/www.evropskakuca.me\\\/me\\\/u-cast-dana-evrope-gramophonedzie-i-maika-prvi-put-u-crnoj-gori\\\/\"]}]},{\"@type\":\"ImageObject\",\"inLanguage\":\"me-ME\",\"@id\":\"https:\\\/\\\/www.evropskakuca.me\\\/me\\\/u-cast-dana-evrope-gramophonedzie-i-maika-prvi-put-u-crnoj-gori\\\/#primaryimage\",\"url\":\"https:\\\/\\\/www.evropskakuca.me\\\/wp-content\\\/uploads\\\/2019\\\/04\\\/cover-za-event.jpg\",\"contentUrl\":\"https:\\\/\\\/www.evropskakuca.me\\\/wp-content\\\/uploads\\\/2019\\\/04\\\/cover-za-event.jpg\",\"width\":944,\"height\":709},{\"@type\":\"BreadcrumbList\",\"@id\":\"https:\\\/\\\/www.evropskakuca.me\\\/me\\\/u-cast-dana-evrope-gramophonedzie-i-maika-prvi-put-u-crnoj-gori\\\/#breadcrumb\",\"itemListElement\":[{\"@type\":\"ListItem\",\"position\":1,\"name\":\"Home\",\"item\":\"https:\\\/\\\/www.evropskakuca.me\\\/me\\\/\"},{\"@type\":\"ListItem\",\"position\":2,\"name\":\"U \u010dast Dana Evrope, Gramophonedzie i MAiKA prvi put u Crnoj Gori\"}]},{\"@type\":\"WebSite\",\"@id\":\"https:\\\/\\\/www.evropskakuca.me\\\/me\\\/#website\",\"url\":\"https:\\\/\\\/www.evropskakuca.me\\\/me\\\/\",\"name\":\"Evropean house\",\"description\":\"\",\"publisher\":{\"@id\":\"https:\\\/\\\/www.evropskakuca.me\\\/me\\\/#organization\"},\"potentialAction\":[{\"@type\":\"SearchAction\",\"target\":{\"@type\":\"EntryPoint\",\"urlTemplate\":\"https:\\\/\\\/www.evropskakuca.me\\\/me\\\/?s={search_term_string}\"},\"query-input\":{\"@type\":\"PropertyValueSpecification\",\"valueRequired\":true,\"valueName\":\"search_term_string\"}}],\"inLanguage\":\"me-ME\"},{\"@type\":\"Organization\",\"@id\":\"https:\\\/\\\/www.evropskakuca.me\\\/me\\\/#organization\",\"name\":\"Evropean house\",\"url\":\"https:\\\/\\\/www.evropskakuca.me\\\/me\\\/\",\"logo\":{\"@type\":\"ImageObject\",\"inLanguage\":\"me-ME\",\"@id\":\"https:\\\/\\\/www.evropskakuca.me\\\/me\\\/#\\\/schema\\\/logo\\\/image\\\/\",\"url\":\"https:\\\/\\\/www.evropskakuca.me\\\/wp-content\\\/uploads\\\/2025\\\/01\\\/evropska-kuca-logo-1.png\",\"contentUrl\":\"https:\\\/\\\/www.evropskakuca.me\\\/wp-content\\\/uploads\\\/2025\\\/01\\\/evropska-kuca-logo-1.png\",\"width\":425,\"height\":312,\"caption\":\"Evropean house\"},\"image\":{\"@id\":\"https:\\\/\\\/www.evropskakuca.me\\\/me\\\/#\\\/schema\\\/logo\\\/image\\\/\"},\"sameAs\":[\"https:\\\/\\\/www.facebook.com\\\/evropska.kuca\",\"https:\\\/\\\/x.com\\\/evropska_kuca\",\"https:\\\/\\\/www.instagram.com\\\/evropska_kuca\"]},{\"@type\":\"Person\",\"@id\":\"https:\\\/\\\/www.evropskakuca.me\\\/me\\\/#\\\/schema\\\/person\\\/a1d0dcdaefe4a1cd1d60d200ea137ba4\",\"name\":\"mkajic\",\"image\":{\"@type\":\"ImageObject\",\"inLanguage\":\"me-ME\",\"@id\":\"https:\\\/\\\/secure.gravatar.com\\\/avatar\\\/731fa035cefab7316e6bafd1f25a93fb731a07de14e2d9923f8db4422628eabc?s=96&d=mm&r=g\",\"url\":\"https:\\\/\\\/secure.gravatar.com\\\/avatar\\\/731fa035cefab7316e6bafd1f25a93fb731a07de14e2d9923f8db4422628eabc?s=96&d=mm&r=g\",\"contentUrl\":\"https:\\\/\\\/secure.gravatar.com\\\/avatar\\\/731fa035cefab7316e6bafd1f25a93fb731a07de14e2d9923f8db4422628eabc?s=96&d=mm&r=g\",\"caption\":\"mkajic\"},\"sameAs\":[\"https:\\\/\\\/evropskakuca.me\"],\"url\":\"https:\\\/\\\/www.evropskakuca.me\\\/me\\\/author\\\/mkajic\\\/\"}]}<\/script>\n<!-- \/ Yoast SEO plugin. -->","yoast_head_json":{"title":"U \u010dast Dana Evrope, Gramophonedzie i MAiKA prvi put u Crnoj Gori - Europe House","robots":{"index":"index","follow":"follow","max-snippet":"max-snippet:-1","max-image-preview":"max-image-preview:large","max-video-preview":"max-video-preview:-1"},"canonical":"https:\/\/www.evropskakuca.me\/me\/u-cast-dana-evrope-gramophonedzie-i-maika-prvi-put-u-crnoj-gori\/","og_locale":"en_US","og_type":"article","og_title":"U \u010dast Dana Evrope, Gramophonedzie i MAiKA prvi put u Crnoj Gori - Europe House","og_description":"Delegacija EU U Crnoj Gori i EU info centar najavili program tokom Mjeseca Evrope","og_url":"https:\/\/www.evropskakuca.me\/me\/u-cast-dana-evrope-gramophonedzie-i-maika-prvi-put-u-crnoj-gori\/","og_site_name":"Europe House","article_publisher":"https:\/\/www.facebook.com\/evropska.kuca","article_published_time":"2019-04-26T08:50:01+00:00","og_image":[{"width":944,"height":709,"url":"https:\/\/www.evropskakuca.me\/wp-content\/uploads\/2019\/04\/cover-za-event.jpg","type":"image\/jpeg"}],"author":"mkajic","twitter_card":"summary_large_image","twitter_creator":"@evropska_kuca","twitter_site":"@evropska_kuca","twitter_misc":{"Written by":"mkajic","Est. reading time":"5 minutes"},"schema":{"@context":"https:\/\/schema.org","@graph":[{"@type":"Article","@id":"https:\/\/www.evropskakuca.me\/me\/u-cast-dana-evrope-gramophonedzie-i-maika-prvi-put-u-crnoj-gori\/#article","isPartOf":{"@id":"https:\/\/www.evropskakuca.me\/me\/u-cast-dana-evrope-gramophonedzie-i-maika-prvi-put-u-crnoj-gori\/"},"author":{"name":"mkajic","@id":"https:\/\/www.evropskakuca.me\/me\/#\/schema\/person\/a1d0dcdaefe4a1cd1d60d200ea137ba4"},"headline":"U \u010dast Dana Evrope, Gramophonedzie i MAiKA prvi put u Crnoj Gori","datePublished":"2019-04-26T08:50:01+00:00","mainEntityOfPage":{"@id":"https:\/\/www.evropskakuca.me\/me\/u-cast-dana-evrope-gramophonedzie-i-maika-prvi-put-u-crnoj-gori\/"},"wordCount":981,"publisher":{"@id":"https:\/\/www.evropskakuca.me\/me\/#organization"},"image":{"@id":"https:\/\/www.evropskakuca.me\/me\/u-cast-dana-evrope-gramophonedzie-i-maika-prvi-put-u-crnoj-gori\/#primaryimage"},"thumbnailUrl":"https:\/\/www.evropskakuca.me\/wp-content\/uploads\/2019\/04\/cover-za-event.jpg","articleSection":["Kampanje i eventi","Novosti"],"inLanguage":"me-ME"},{"@type":"WebPage","@id":"https:\/\/www.evropskakuca.me\/me\/u-cast-dana-evrope-gramophonedzie-i-maika-prvi-put-u-crnoj-gori\/","url":"https:\/\/www.evropskakuca.me\/me\/u-cast-dana-evrope-gramophonedzie-i-maika-prvi-put-u-crnoj-gori\/","name":"U \u010dast Dana Evrope, Gramophonedzie i MAiKA prvi put u Crnoj Gori - Europe House","isPartOf":{"@id":"https:\/\/www.evropskakuca.me\/me\/#website"},"primaryImageOfPage":{"@id":"https:\/\/www.evropskakuca.me\/me\/u-cast-dana-evrope-gramophonedzie-i-maika-prvi-put-u-crnoj-gori\/#primaryimage"},"image":{"@id":"https:\/\/www.evropskakuca.me\/me\/u-cast-dana-evrope-gramophonedzie-i-maika-prvi-put-u-crnoj-gori\/#primaryimage"},"thumbnailUrl":"https:\/\/www.evropskakuca.me\/wp-content\/uploads\/2019\/04\/cover-za-event.jpg","datePublished":"2019-04-26T08:50:01+00:00","breadcrumb":{"@id":"https:\/\/www.evropskakuca.me\/me\/u-cast-dana-evrope-gramophonedzie-i-maika-prvi-put-u-crnoj-gori\/#breadcrumb"},"inLanguage":"me-ME","potentialAction":[{"@type":"ReadAction","target":["https:\/\/www.evropskakuca.me\/me\/u-cast-dana-evrope-gramophonedzie-i-maika-prvi-put-u-crnoj-gori\/"]}]},{"@type":"ImageObject","inLanguage":"me-ME","@id":"https:\/\/www.evropskakuca.me\/me\/u-cast-dana-evrope-gramophonedzie-i-maika-prvi-put-u-crnoj-gori\/#primaryimage","url":"https:\/\/www.evropskakuca.me\/wp-content\/uploads\/2019\/04\/cover-za-event.jpg","contentUrl":"https:\/\/www.evropskakuca.me\/wp-content\/uploads\/2019\/04\/cover-za-event.jpg","width":944,"height":709},{"@type":"BreadcrumbList","@id":"https:\/\/www.evropskakuca.me\/me\/u-cast-dana-evrope-gramophonedzie-i-maika-prvi-put-u-crnoj-gori\/#breadcrumb","itemListElement":[{"@type":"ListItem","position":1,"name":"Home","item":"https:\/\/www.evropskakuca.me\/me\/"},{"@type":"ListItem","position":2,"name":"U \u010dast Dana Evrope, Gramophonedzie i MAiKA prvi put u Crnoj Gori"}]},{"@type":"WebSite","@id":"https:\/\/www.evropskakuca.me\/me\/#website","url":"https:\/\/www.evropskakuca.me\/me\/","name":"Evropean house","description":"","publisher":{"@id":"https:\/\/www.evropskakuca.me\/me\/#organization"},"potentialAction":[{"@type":"SearchAction","target":{"@type":"EntryPoint","urlTemplate":"https:\/\/www.evropskakuca.me\/me\/?s={search_term_string}"},"query-input":{"@type":"PropertyValueSpecification","valueRequired":true,"valueName":"search_term_string"}}],"inLanguage":"me-ME"},{"@type":"Organization","@id":"https:\/\/www.evropskakuca.me\/me\/#organization","name":"Evropean house","url":"https:\/\/www.evropskakuca.me\/me\/","logo":{"@type":"ImageObject","inLanguage":"me-ME","@id":"https:\/\/www.evropskakuca.me\/me\/#\/schema\/logo\/image\/","url":"https:\/\/www.evropskakuca.me\/wp-content\/uploads\/2025\/01\/evropska-kuca-logo-1.png","contentUrl":"https:\/\/www.evropskakuca.me\/wp-content\/uploads\/2025\/01\/evropska-kuca-logo-1.png","width":425,"height":312,"caption":"Evropean house"},"image":{"@id":"https:\/\/www.evropskakuca.me\/me\/#\/schema\/logo\/image\/"},"sameAs":["https:\/\/www.facebook.com\/evropska.kuca","https:\/\/x.com\/evropska_kuca","https:\/\/www.instagram.com\/evropska_kuca"]},{"@type":"Person","@id":"https:\/\/www.evropskakuca.me\/me\/#\/schema\/person\/a1d0dcdaefe4a1cd1d60d200ea137ba4","name":"mkajic","image":{"@type":"ImageObject","inLanguage":"me-ME","@id":"https:\/\/secure.gravatar.com\/avatar\/731fa035cefab7316e6bafd1f25a93fb731a07de14e2d9923f8db4422628eabc?s=96&d=mm&r=g","url":"https:\/\/secure.gravatar.com\/avatar\/731fa035cefab7316e6bafd1f25a93fb731a07de14e2d9923f8db4422628eabc?s=96&d=mm&r=g","contentUrl":"https:\/\/secure.gravatar.com\/avatar\/731fa035cefab7316e6bafd1f25a93fb731a07de14e2d9923f8db4422628eabc?s=96&d=mm&r=g","caption":"mkajic"},"sameAs":["https:\/\/evropskakuca.me"],"url":"https:\/\/www.evropskakuca.me\/me\/author\/mkajic\/"}]}},"_links":{"self":[{"href":"https:\/\/www.evropskakuca.me\/me\/wp-json\/wp\/v2\/posts\/6830","targetHints":{"allow":["GET"]}}],"collection":[{"href":"https:\/\/www.evropskakuca.me\/me\/wp-json\/wp\/v2\/posts"}],"about":[{"href":"https:\/\/www.evropskakuca.me\/me\/wp-json\/wp\/v2\/types\/post"}],"author":[{"embeddable":true,"href":"https:\/\/www.evropskakuca.me\/me\/wp-json\/wp\/v2\/users\/1"}],"replies":[{"embeddable":true,"href":"https:\/\/www.evropskakuca.me\/me\/wp-json\/wp\/v2\/comments?post=6830"}],"version-history":[{"count":0,"href":"https:\/\/www.evropskakuca.me\/me\/wp-json\/wp\/v2\/posts\/6830\/revisions"}],"wp:featuredmedia":[{"embeddable":true,"href":"https:\/\/www.evropskakuca.me\/me\/wp-json\/wp\/v2\/media\/34407"}],"wp:attachment":[{"href":"https:\/\/www.evropskakuca.me\/me\/wp-json\/wp\/v2\/media?parent=6830"}],"wp:term":[{"taxonomy":"category","embeddable":true,"href":"https:\/\/www.evropskakuca.me\/me\/wp-json\/wp\/v2\/categories?post=6830"},{"taxonomy":"post_tag","embeddable":true,"href":"https:\/\/www.evropskakuca.me\/me\/wp-json\/wp\/v2\/tags?post=6830"}],"curies":[{"name":"wp","href":"https:\/\/api.w.org\/{rel}","templated":true}]}}