{"id":6827,"date":"2019-04-25T13:02:20","date_gmt":"2019-04-25T13:02:20","guid":{"rendered":"http:\/\/www.evropskakuca.me\/me\/?p=6827"},"modified":"2019-04-25T13:02:20","modified_gmt":"2019-04-25T13:02:20","slug":"stipendije-za-crnogorske-studente-u-zemljama-evropske-unije","status":"publish","type":"post","link":"https:\/\/www.evropskakuca.me\/me\/stipendije-za-crnogorske-studente-u-zemljama-evropske-unije\/","title":{"rendered":"Stipendije za crnogorske studente u zemljama Evropske unije"},"content":{"rendered":"<p>Njema\u010dka, Slovenija i Bugarska predstavile su svoje fakultete i stipendije na Danu otvorenih vrata na Univerzitetu Crne Gore<\/p>\n<p>U Sportsko-kulturnom centru Univerziteta Crne Gore okupilo se na stotine maturanata iz svih gradova Crne Gore. Do\u0161li su na Dan otvorenih vrata, kako bi se upoznali sa ponudom crnogorskih fakulteta, ali i stipendija i praksi u zemljama Evropske unije. U\u010denica Ekonomske \u0161kole u Podgorici Lidija Markovi\u0107 \u017eeli da upi\u0161e Ekonomski fakultet u Sloveniji. Zato je posjetila \u0161tand<a href=\"http:\/\/www.cmepius.si\/\"> Centra za mobilnost i evropske obrazovne i trening programe pri Vladi Slovenije (CMEPIUS)\u00a0<\/a><\/p>\n<p>\u201eOvdje su mi dali informacije o stipendijama i razmjeni studenata, i sada mogu da planiram da upi\u0161em fakultet u Sloveniji\u201c, rekla je Marija za EU info centar.<\/p>\n<p><a href=\"http:\/\/www.evropskakuca.me\/wp-content\/uploads\/2019\/04\/MArja-CEMPIUS-obrazovanje.jpg\"><img fetchpriority=\"high\" decoding=\"async\" class=\"alignleft size-large wp-image-6820\" src=\"http:\/\/www.evropskakuca.me\/wp-content\/uploads\/2019\/04\/MArja-CEMPIUS-obrazovanje-1024x683.jpg\" alt=\"\" width=\"1024\" height=\"683\" \/><\/a><\/p>\n<p>Ekipa za \u0161tandom CMEPIUS objasnila je Mariji i ostalim posjetiocima da su studije u Sloveniji besplatne za crnogorske studente. Oni imaju ista prava kao slovena\u010dki studenti, zahvaljuju\u0107i bilateralnom sporazumu dvije dr\u017eave.<\/p>\n<p>\u201eSada je vrijeme za upis, pa savjetujem da \u0161to br\u017ee prona\u0111u program koji ih zanima\u201c, ka\u017ee Marja Medved koja je u CMEPIUS zadu\u017eena za evropski program Erasmus+ i dodaje: \u201eNa na\u0161oj stranici <a href=\"http:\/\/www.studyinslovenia.si\">www.studyinslovenia.si<\/a> mogu da prona\u0111u sve informacije o programima, uslovima \u017eivota i statusu studenta u Sloveniji. Va\u0161i studenti mogu da studiraju u Sloveniji, mogu da do\u0111u na razmjenu preko Erasmus+ ili CEEPUS, kao i na osnovu bilateralnog ugovora koji omogu\u0107ava neke kra\u0107e razmjene, za studije ili prakti\u010dni rad. Imaju i mogu\u0107nost da nau\u010de slovena\u010daki jezik online, a kada do\u0111u ovdje \u2013 na svim univerzitetima imaju kurs jezika. Dosada\u0161nja iskustva su pokazala da crnogorski studenti lako u\u010de na\u0161 jezik, tako da to ne mo\u017ee biti prepreka\u201c,\u00a0 ka\u017ee Marja u izjavi za EUIC.<\/p>\n<p>Tu je i Marjin kolega iz Slovenije, Jan Re\u0161\u010di\u0107 sa Univerziteta Nova Gorica. Rije\u010d je o mladom univerzitetu sa 300 studenata koji je popularan me\u0111u studentima sa prostora biv\u0161e Jugoslavije. Jo\u0161, me\u0111utim, nisu imali studente iz Crne Gore.<\/p>\n<p>\u201eDanas smo prvi put ovdje kako bismo privukli studente iz Crne Gore jer bi nam bilo jako drago da do\u0111u kod nas. Nagla\u0161avam da su i kod nas besplatne studije za crnogorske studente. Pored toga, mi smo mali univerzietet i nemamo puno studenata, ali je upravo to na\u0161a prednost i mo\u017eemo se pohvaliti dobrim odnosom studenata i profesora. Imamo veliki broj programa iz oblasti dru\u0161tvenih i prirodnih nauka\u201c, poru\u010dio je Jan nakon razgovora sa desetak zainteresovanih srednjo\u0161kolaca.<\/p>\n<p><a href=\"http:\/\/www.evropskakuca.me\/wp-content\/uploads\/2019\/04\/opsta-obrazovanje.jpg\"><img decoding=\"async\" class=\"alignleft size-large wp-image-6824\" src=\"http:\/\/www.evropskakuca.me\/wp-content\/uploads\/2019\/04\/opsta-obrazovanje-1024x683.jpg\" alt=\"\" width=\"1024\" height=\"683\" \/><\/a><\/p>\n<p>Crnogorski studenti imali su priliku i da sazanju vi\u0161e o studijskim programima i praksama u Njema\u010dkoj. Svoj \u0161tand imala je Njema\u010dka slu\u017eba za akademsku razmjenu (DAAD), koja je privukla veliku pa\u017enju.<\/p>\n<p>\u201eMi nudimo studijske programe u Njema\u010dkoj, na engleskom i njema\u010dkom jeziku. Pored toga, predstavljamo i mogu\u0107nosti za stipendiranje. Naravno, crnogorski studenti su dobrodo\u0161li i sve informacije mogu na\u0107i na <a href=\"http:\/\/www.daad.rs\/\">sajtu<\/a>\u201c, ka\u017ee\u00a0 Elli Mack iz DAAD-a.<\/p>\n<p>Osim studija, crnogorskim studentima dostupne su prakse u Njema\u010dkoj, preko P<a href=\"https:\/\/www.djindjic-stipendienprogramm.de\/applicants\/\">rograma stipendija njema\u010dke privrede Zoran \u0110in\u0111i\u0107\u00a0<\/a><\/p>\n<p>\u201eStudenti obavljaju stru\u010dnu praksu u nekim od najzna\u010dajnijih njema\u010dkih kompanija u oblastima automobilske industrije, energetike, elektrotehnike, elektronike, bankarstva, biznisa, gra\u0111evinarstva, trgovine, avioin\u017eenjeringa, poljoprivredne tehnike. Svake godine grupa od 70-tak mladih ljudi iz cijelog regiona putuje u Njema\u010dku, gdje obavljaju stru\u010dne prakse u kompanijama kao \u0161to su Commerz Bank, Bosch i Deutche Bank. Tokom boravka u Njema\u010dkoj dobijaju stipendiju, ali i svu podr\u0161ku koja im je potrebna\u201c, obja\u0161njavaju u Fondaciji.<\/p>\n<p><a href=\"http:\/\/www.evropskakuca.me\/wp-content\/uploads\/2019\/04\/bug-i-slovenija-obrazovnje.jpg\"><img decoding=\"async\" class=\"alignleft size-large wp-image-6822\" src=\"http:\/\/www.evropskakuca.me\/wp-content\/uploads\/2019\/04\/bug-i-slovenija-obrazovnje-1024x682.jpg\" alt=\"\" width=\"1024\" height=\"682\" \/><\/a><\/p>\n<p>Na Danu otvorenih vrata crnogorskim studentima predstavila se i Bugarska. Prvi put se predstavila D.A Tsenov Akademija za ekonomiju iz Svi\u0161tova, koji ima decenijsku tradiciju.<\/p>\n<p>\u201ePredstavljamo be\u010delor i master programe, kao i mogu\u0107nosti za Erasmus+. Na\u0161 Univerzitet je lider u oblasti ekonomije i kod nas se obrazuju budu\u0107i najbolji ekonomisti u Evropi, a crnogroski studentni su dobrodo\u0161li\u201c, rekao je Emil Nikolov, koji dolazi iz sektora za industriju i preduzetni\u0161tvo.<\/p>\n<p>Dan otvorenih vrata organizovao je Univerzitet Crne Gore, drugu godinu zaredom. Pored fakulteta i stipendija u zemljama Evropske unije, predstavilo se i desetine crnogroskih fakulteta. Glavni posjetioci bili su maturanti iz svih gradova Crne Gore.<\/p>\n","protected":false},"excerpt":{"rendered":"<p>Njema\u010dka, Slovenija i Bugarska predstavile su svoje fakultete i stipendije na Danu otvorenih vrata na Univerzitetu Crne Gore U Sportsko-kulturnom centru Univerziteta Crne Gore okupilo se na stotine maturanata iz svih gradova Crne Gore. Do\u0161li su na Dan otvorenih vrata, kako bi se upoznali sa ponudom crnogorskih fakulteta, ali i stipendija i praksi u zemljama [&hellip;]<\/p>\n","protected":false},"author":1,"featured_media":34397,"comment_status":"open","ping_status":"open","sticky":false,"template":"","format":"standard","meta":{"_acf_changed":false,"footnotes":""},"categories":[283],"tags":[],"class_list":["post-6827","post","type-post","status-publish","format-standard","has-post-thumbnail","hentry","category-novosti-me"],"acf":[],"yoast_head":"<!-- This site is optimized with the Yoast SEO plugin v27.3 - https:\/\/yoast.com\/product\/yoast-seo-wordpress\/ -->\n<title>Stipendije za crnogorske studente u zemljama Evropske unije - Europe House<\/title>\n<meta name=\"robots\" content=\"index, follow, max-snippet:-1, max-image-preview:large, max-video-preview:-1\" \/>\n<link rel=\"canonical\" href=\"https:\/\/www.evropskakuca.me\/me\/stipendije-za-crnogorske-studente-u-zemljama-evropske-unije\/\" \/>\n<meta property=\"og:locale\" content=\"en_US\" \/>\n<meta property=\"og:type\" content=\"article\" \/>\n<meta property=\"og:title\" content=\"Stipendije za crnogorske studente u zemljama Evropske unije - Europe House\" \/>\n<meta property=\"og:description\" content=\"Njema\u010dka, Slovenija i Bugarska predstavile su svoje fakultete i stipendije na Danu otvorenih vrata na Univerzitetu Crne Gore U Sportsko-kulturnom centru Univerziteta Crne Gore okupilo se na stotine maturanata iz svih gradova Crne Gore. Do\u0161li su na Dan otvorenih vrata, kako bi se upoznali sa ponudom crnogorskih fakulteta, ali i stipendija i praksi u zemljama [&hellip;]\" \/>\n<meta property=\"og:url\" content=\"https:\/\/www.evropskakuca.me\/me\/stipendije-za-crnogorske-studente-u-zemljama-evropske-unije\/\" \/>\n<meta property=\"og:site_name\" content=\"Europe House\" \/>\n<meta property=\"article:publisher\" content=\"https:\/\/www.facebook.com\/evropska.kuca\" \/>\n<meta property=\"article:published_time\" content=\"2019-04-25T13:02:20+00:00\" \/>\n<meta property=\"og:image\" content=\"https:\/\/www.evropskakuca.me\/wp-content\/uploads\/2019\/04\/NAslovna-fotka-open-day-obrazovanje.jpg\" \/>\n\t<meta property=\"og:image:width\" content=\"1000\" \/>\n\t<meta property=\"og:image:height\" content=\"665\" \/>\n\t<meta property=\"og:image:type\" content=\"image\/jpeg\" \/>\n<meta name=\"author\" content=\"mkajic\" \/>\n<meta name=\"twitter:card\" content=\"summary_large_image\" \/>\n<meta name=\"twitter:creator\" content=\"@evropska_kuca\" \/>\n<meta name=\"twitter:site\" content=\"@evropska_kuca\" \/>\n<meta name=\"twitter:label1\" content=\"Written by\" \/>\n\t<meta name=\"twitter:data1\" content=\"mkajic\" \/>\n\t<meta name=\"twitter:label2\" content=\"Est. reading time\" \/>\n\t<meta name=\"twitter:data2\" content=\"4 minutes\" \/>\n<script type=\"application\/ld+json\" class=\"yoast-schema-graph\">{\"@context\":\"https:\\\/\\\/schema.org\",\"@graph\":[{\"@type\":\"Article\",\"@id\":\"https:\\\/\\\/www.evropskakuca.me\\\/me\\\/stipendije-za-crnogorske-studente-u-zemljama-evropske-unije\\\/#article\",\"isPartOf\":{\"@id\":\"https:\\\/\\\/www.evropskakuca.me\\\/me\\\/stipendije-za-crnogorske-studente-u-zemljama-evropske-unije\\\/\"},\"author\":{\"name\":\"mkajic\",\"@id\":\"https:\\\/\\\/www.evropskakuca.me\\\/me\\\/#\\\/schema\\\/person\\\/a1d0dcdaefe4a1cd1d60d200ea137ba4\"},\"headline\":\"Stipendije za crnogorske studente u zemljama Evropske unije\",\"datePublished\":\"2019-04-25T13:02:20+00:00\",\"mainEntityOfPage\":{\"@id\":\"https:\\\/\\\/www.evropskakuca.me\\\/me\\\/stipendije-za-crnogorske-studente-u-zemljama-evropske-unije\\\/\"},\"wordCount\":715,\"commentCount\":0,\"publisher\":{\"@id\":\"https:\\\/\\\/www.evropskakuca.me\\\/me\\\/#organization\"},\"image\":{\"@id\":\"https:\\\/\\\/www.evropskakuca.me\\\/me\\\/stipendije-za-crnogorske-studente-u-zemljama-evropske-unije\\\/#primaryimage\"},\"thumbnailUrl\":\"https:\\\/\\\/www.evropskakuca.me\\\/wp-content\\\/uploads\\\/2019\\\/04\\\/NAslovna-fotka-open-day-obrazovanje.jpg\",\"articleSection\":[\"Novosti\"],\"inLanguage\":\"me-ME\",\"potentialAction\":[{\"@type\":\"CommentAction\",\"name\":\"Comment\",\"target\":[\"https:\\\/\\\/www.evropskakuca.me\\\/me\\\/stipendije-za-crnogorske-studente-u-zemljama-evropske-unije\\\/#respond\"]}]},{\"@type\":\"WebPage\",\"@id\":\"https:\\\/\\\/www.evropskakuca.me\\\/me\\\/stipendije-za-crnogorske-studente-u-zemljama-evropske-unije\\\/\",\"url\":\"https:\\\/\\\/www.evropskakuca.me\\\/me\\\/stipendije-za-crnogorske-studente-u-zemljama-evropske-unije\\\/\",\"name\":\"Stipendije za crnogorske studente u zemljama Evropske unije - Europe House\",\"isPartOf\":{\"@id\":\"https:\\\/\\\/www.evropskakuca.me\\\/me\\\/#website\"},\"primaryImageOfPage\":{\"@id\":\"https:\\\/\\\/www.evropskakuca.me\\\/me\\\/stipendije-za-crnogorske-studente-u-zemljama-evropske-unije\\\/#primaryimage\"},\"image\":{\"@id\":\"https:\\\/\\\/www.evropskakuca.me\\\/me\\\/stipendije-za-crnogorske-studente-u-zemljama-evropske-unije\\\/#primaryimage\"},\"thumbnailUrl\":\"https:\\\/\\\/www.evropskakuca.me\\\/wp-content\\\/uploads\\\/2019\\\/04\\\/NAslovna-fotka-open-day-obrazovanje.jpg\",\"datePublished\":\"2019-04-25T13:02:20+00:00\",\"breadcrumb\":{\"@id\":\"https:\\\/\\\/www.evropskakuca.me\\\/me\\\/stipendije-za-crnogorske-studente-u-zemljama-evropske-unije\\\/#breadcrumb\"},\"inLanguage\":\"me-ME\",\"potentialAction\":[{\"@type\":\"ReadAction\",\"target\":[\"https:\\\/\\\/www.evropskakuca.me\\\/me\\\/stipendije-za-crnogorske-studente-u-zemljama-evropske-unije\\\/\"]}]},{\"@type\":\"ImageObject\",\"inLanguage\":\"me-ME\",\"@id\":\"https:\\\/\\\/www.evropskakuca.me\\\/me\\\/stipendije-za-crnogorske-studente-u-zemljama-evropske-unije\\\/#primaryimage\",\"url\":\"https:\\\/\\\/www.evropskakuca.me\\\/wp-content\\\/uploads\\\/2019\\\/04\\\/NAslovna-fotka-open-day-obrazovanje.jpg\",\"contentUrl\":\"https:\\\/\\\/www.evropskakuca.me\\\/wp-content\\\/uploads\\\/2019\\\/04\\\/NAslovna-fotka-open-day-obrazovanje.jpg\",\"width\":1000,\"height\":665},{\"@type\":\"BreadcrumbList\",\"@id\":\"https:\\\/\\\/www.evropskakuca.me\\\/me\\\/stipendije-za-crnogorske-studente-u-zemljama-evropske-unije\\\/#breadcrumb\",\"itemListElement\":[{\"@type\":\"ListItem\",\"position\":1,\"name\":\"Home\",\"item\":\"https:\\\/\\\/www.evropskakuca.me\\\/me\\\/\"},{\"@type\":\"ListItem\",\"position\":2,\"name\":\"Stipendije za crnogorske studente u zemljama Evropske unije\"}]},{\"@type\":\"WebSite\",\"@id\":\"https:\\\/\\\/www.evropskakuca.me\\\/me\\\/#website\",\"url\":\"https:\\\/\\\/www.evropskakuca.me\\\/me\\\/\",\"name\":\"Evropean house\",\"description\":\"\",\"publisher\":{\"@id\":\"https:\\\/\\\/www.evropskakuca.me\\\/me\\\/#organization\"},\"potentialAction\":[{\"@type\":\"SearchAction\",\"target\":{\"@type\":\"EntryPoint\",\"urlTemplate\":\"https:\\\/\\\/www.evropskakuca.me\\\/me\\\/?s={search_term_string}\"},\"query-input\":{\"@type\":\"PropertyValueSpecification\",\"valueRequired\":true,\"valueName\":\"search_term_string\"}}],\"inLanguage\":\"me-ME\"},{\"@type\":\"Organization\",\"@id\":\"https:\\\/\\\/www.evropskakuca.me\\\/me\\\/#organization\",\"name\":\"Evropean house\",\"url\":\"https:\\\/\\\/www.evropskakuca.me\\\/me\\\/\",\"logo\":{\"@type\":\"ImageObject\",\"inLanguage\":\"me-ME\",\"@id\":\"https:\\\/\\\/www.evropskakuca.me\\\/me\\\/#\\\/schema\\\/logo\\\/image\\\/\",\"url\":\"https:\\\/\\\/www.evropskakuca.me\\\/wp-content\\\/uploads\\\/2025\\\/01\\\/evropska-kuca-logo-1.png\",\"contentUrl\":\"https:\\\/\\\/www.evropskakuca.me\\\/wp-content\\\/uploads\\\/2025\\\/01\\\/evropska-kuca-logo-1.png\",\"width\":425,\"height\":312,\"caption\":\"Evropean house\"},\"image\":{\"@id\":\"https:\\\/\\\/www.evropskakuca.me\\\/me\\\/#\\\/schema\\\/logo\\\/image\\\/\"},\"sameAs\":[\"https:\\\/\\\/www.facebook.com\\\/evropska.kuca\",\"https:\\\/\\\/x.com\\\/evropska_kuca\",\"https:\\\/\\\/www.instagram.com\\\/evropska_kuca\"]},{\"@type\":\"Person\",\"@id\":\"https:\\\/\\\/www.evropskakuca.me\\\/me\\\/#\\\/schema\\\/person\\\/a1d0dcdaefe4a1cd1d60d200ea137ba4\",\"name\":\"mkajic\",\"image\":{\"@type\":\"ImageObject\",\"inLanguage\":\"me-ME\",\"@id\":\"https:\\\/\\\/secure.gravatar.com\\\/avatar\\\/731fa035cefab7316e6bafd1f25a93fb731a07de14e2d9923f8db4422628eabc?s=96&d=mm&r=g\",\"url\":\"https:\\\/\\\/secure.gravatar.com\\\/avatar\\\/731fa035cefab7316e6bafd1f25a93fb731a07de14e2d9923f8db4422628eabc?s=96&d=mm&r=g\",\"contentUrl\":\"https:\\\/\\\/secure.gravatar.com\\\/avatar\\\/731fa035cefab7316e6bafd1f25a93fb731a07de14e2d9923f8db4422628eabc?s=96&d=mm&r=g\",\"caption\":\"mkajic\"},\"sameAs\":[\"https:\\\/\\\/evropskakuca.me\"],\"url\":\"https:\\\/\\\/www.evropskakuca.me\\\/me\\\/author\\\/mkajic\\\/\"}]}<\/script>\n<!-- \/ Yoast SEO plugin. -->","yoast_head_json":{"title":"Stipendije za crnogorske studente u zemljama Evropske unije - Europe House","robots":{"index":"index","follow":"follow","max-snippet":"max-snippet:-1","max-image-preview":"max-image-preview:large","max-video-preview":"max-video-preview:-1"},"canonical":"https:\/\/www.evropskakuca.me\/me\/stipendije-za-crnogorske-studente-u-zemljama-evropske-unije\/","og_locale":"en_US","og_type":"article","og_title":"Stipendije za crnogorske studente u zemljama Evropske unije - Europe House","og_description":"Njema\u010dka, Slovenija i Bugarska predstavile su svoje fakultete i stipendije na Danu otvorenih vrata na Univerzitetu Crne Gore U Sportsko-kulturnom centru Univerziteta Crne Gore okupilo se na stotine maturanata iz svih gradova Crne Gore. Do\u0161li su na Dan otvorenih vrata, kako bi se upoznali sa ponudom crnogorskih fakulteta, ali i stipendija i praksi u zemljama [&hellip;]","og_url":"https:\/\/www.evropskakuca.me\/me\/stipendije-za-crnogorske-studente-u-zemljama-evropske-unije\/","og_site_name":"Europe House","article_publisher":"https:\/\/www.facebook.com\/evropska.kuca","article_published_time":"2019-04-25T13:02:20+00:00","og_image":[{"width":1000,"height":665,"url":"https:\/\/www.evropskakuca.me\/wp-content\/uploads\/2019\/04\/NAslovna-fotka-open-day-obrazovanje.jpg","type":"image\/jpeg"}],"author":"mkajic","twitter_card":"summary_large_image","twitter_creator":"@evropska_kuca","twitter_site":"@evropska_kuca","twitter_misc":{"Written by":"mkajic","Est. reading time":"4 minutes"},"schema":{"@context":"https:\/\/schema.org","@graph":[{"@type":"Article","@id":"https:\/\/www.evropskakuca.me\/me\/stipendije-za-crnogorske-studente-u-zemljama-evropske-unije\/#article","isPartOf":{"@id":"https:\/\/www.evropskakuca.me\/me\/stipendije-za-crnogorske-studente-u-zemljama-evropske-unije\/"},"author":{"name":"mkajic","@id":"https:\/\/www.evropskakuca.me\/me\/#\/schema\/person\/a1d0dcdaefe4a1cd1d60d200ea137ba4"},"headline":"Stipendije za crnogorske studente u zemljama Evropske unije","datePublished":"2019-04-25T13:02:20+00:00","mainEntityOfPage":{"@id":"https:\/\/www.evropskakuca.me\/me\/stipendije-za-crnogorske-studente-u-zemljama-evropske-unije\/"},"wordCount":715,"commentCount":0,"publisher":{"@id":"https:\/\/www.evropskakuca.me\/me\/#organization"},"image":{"@id":"https:\/\/www.evropskakuca.me\/me\/stipendije-za-crnogorske-studente-u-zemljama-evropske-unije\/#primaryimage"},"thumbnailUrl":"https:\/\/www.evropskakuca.me\/wp-content\/uploads\/2019\/04\/NAslovna-fotka-open-day-obrazovanje.jpg","articleSection":["Novosti"],"inLanguage":"me-ME","potentialAction":[{"@type":"CommentAction","name":"Comment","target":["https:\/\/www.evropskakuca.me\/me\/stipendije-za-crnogorske-studente-u-zemljama-evropske-unije\/#respond"]}]},{"@type":"WebPage","@id":"https:\/\/www.evropskakuca.me\/me\/stipendije-za-crnogorske-studente-u-zemljama-evropske-unije\/","url":"https:\/\/www.evropskakuca.me\/me\/stipendije-za-crnogorske-studente-u-zemljama-evropske-unije\/","name":"Stipendije za crnogorske studente u zemljama Evropske unije - Europe House","isPartOf":{"@id":"https:\/\/www.evropskakuca.me\/me\/#website"},"primaryImageOfPage":{"@id":"https:\/\/www.evropskakuca.me\/me\/stipendije-za-crnogorske-studente-u-zemljama-evropske-unije\/#primaryimage"},"image":{"@id":"https:\/\/www.evropskakuca.me\/me\/stipendije-za-crnogorske-studente-u-zemljama-evropske-unije\/#primaryimage"},"thumbnailUrl":"https:\/\/www.evropskakuca.me\/wp-content\/uploads\/2019\/04\/NAslovna-fotka-open-day-obrazovanje.jpg","datePublished":"2019-04-25T13:02:20+00:00","breadcrumb":{"@id":"https:\/\/www.evropskakuca.me\/me\/stipendije-za-crnogorske-studente-u-zemljama-evropske-unije\/#breadcrumb"},"inLanguage":"me-ME","potentialAction":[{"@type":"ReadAction","target":["https:\/\/www.evropskakuca.me\/me\/stipendije-za-crnogorske-studente-u-zemljama-evropske-unije\/"]}]},{"@type":"ImageObject","inLanguage":"me-ME","@id":"https:\/\/www.evropskakuca.me\/me\/stipendije-za-crnogorske-studente-u-zemljama-evropske-unije\/#primaryimage","url":"https:\/\/www.evropskakuca.me\/wp-content\/uploads\/2019\/04\/NAslovna-fotka-open-day-obrazovanje.jpg","contentUrl":"https:\/\/www.evropskakuca.me\/wp-content\/uploads\/2019\/04\/NAslovna-fotka-open-day-obrazovanje.jpg","width":1000,"height":665},{"@type":"BreadcrumbList","@id":"https:\/\/www.evropskakuca.me\/me\/stipendije-za-crnogorske-studente-u-zemljama-evropske-unije\/#breadcrumb","itemListElement":[{"@type":"ListItem","position":1,"name":"Home","item":"https:\/\/www.evropskakuca.me\/me\/"},{"@type":"ListItem","position":2,"name":"Stipendije za crnogorske studente u zemljama Evropske unije"}]},{"@type":"WebSite","@id":"https:\/\/www.evropskakuca.me\/me\/#website","url":"https:\/\/www.evropskakuca.me\/me\/","name":"Evropean house","description":"","publisher":{"@id":"https:\/\/www.evropskakuca.me\/me\/#organization"},"potentialAction":[{"@type":"SearchAction","target":{"@type":"EntryPoint","urlTemplate":"https:\/\/www.evropskakuca.me\/me\/?s={search_term_string}"},"query-input":{"@type":"PropertyValueSpecification","valueRequired":true,"valueName":"search_term_string"}}],"inLanguage":"me-ME"},{"@type":"Organization","@id":"https:\/\/www.evropskakuca.me\/me\/#organization","name":"Evropean house","url":"https:\/\/www.evropskakuca.me\/me\/","logo":{"@type":"ImageObject","inLanguage":"me-ME","@id":"https:\/\/www.evropskakuca.me\/me\/#\/schema\/logo\/image\/","url":"https:\/\/www.evropskakuca.me\/wp-content\/uploads\/2025\/01\/evropska-kuca-logo-1.png","contentUrl":"https:\/\/www.evropskakuca.me\/wp-content\/uploads\/2025\/01\/evropska-kuca-logo-1.png","width":425,"height":312,"caption":"Evropean house"},"image":{"@id":"https:\/\/www.evropskakuca.me\/me\/#\/schema\/logo\/image\/"},"sameAs":["https:\/\/www.facebook.com\/evropska.kuca","https:\/\/x.com\/evropska_kuca","https:\/\/www.instagram.com\/evropska_kuca"]},{"@type":"Person","@id":"https:\/\/www.evropskakuca.me\/me\/#\/schema\/person\/a1d0dcdaefe4a1cd1d60d200ea137ba4","name":"mkajic","image":{"@type":"ImageObject","inLanguage":"me-ME","@id":"https:\/\/secure.gravatar.com\/avatar\/731fa035cefab7316e6bafd1f25a93fb731a07de14e2d9923f8db4422628eabc?s=96&d=mm&r=g","url":"https:\/\/secure.gravatar.com\/avatar\/731fa035cefab7316e6bafd1f25a93fb731a07de14e2d9923f8db4422628eabc?s=96&d=mm&r=g","contentUrl":"https:\/\/secure.gravatar.com\/avatar\/731fa035cefab7316e6bafd1f25a93fb731a07de14e2d9923f8db4422628eabc?s=96&d=mm&r=g","caption":"mkajic"},"sameAs":["https:\/\/evropskakuca.me"],"url":"https:\/\/www.evropskakuca.me\/me\/author\/mkajic\/"}]}},"_links":{"self":[{"href":"https:\/\/www.evropskakuca.me\/me\/wp-json\/wp\/v2\/posts\/6827","targetHints":{"allow":["GET"]}}],"collection":[{"href":"https:\/\/www.evropskakuca.me\/me\/wp-json\/wp\/v2\/posts"}],"about":[{"href":"https:\/\/www.evropskakuca.me\/me\/wp-json\/wp\/v2\/types\/post"}],"author":[{"embeddable":true,"href":"https:\/\/www.evropskakuca.me\/me\/wp-json\/wp\/v2\/users\/1"}],"replies":[{"embeddable":true,"href":"https:\/\/www.evropskakuca.me\/me\/wp-json\/wp\/v2\/comments?post=6827"}],"version-history":[{"count":0,"href":"https:\/\/www.evropskakuca.me\/me\/wp-json\/wp\/v2\/posts\/6827\/revisions"}],"wp:featuredmedia":[{"embeddable":true,"href":"https:\/\/www.evropskakuca.me\/me\/wp-json\/wp\/v2\/media\/34397"}],"wp:attachment":[{"href":"https:\/\/www.evropskakuca.me\/me\/wp-json\/wp\/v2\/media?parent=6827"}],"wp:term":[{"taxonomy":"category","embeddable":true,"href":"https:\/\/www.evropskakuca.me\/me\/wp-json\/wp\/v2\/categories?post=6827"},{"taxonomy":"post_tag","embeddable":true,"href":"https:\/\/www.evropskakuca.me\/me\/wp-json\/wp\/v2\/tags?post=6827"}],"curies":[{"name":"wp","href":"https:\/\/api.w.org\/{rel}","templated":true}]}}