{"id":6801,"date":"2019-04-15T08:58:53","date_gmt":"2019-04-15T08:58:53","guid":{"rendered":"http:\/\/www.evropskakuca.me\/me\/?p=6801"},"modified":"2019-04-15T08:58:53","modified_gmt":"2019-04-15T08:58:53","slug":"klub-mladih-evropskih-ambasadora","status":"publish","type":"post","link":"https:\/\/www.evropskakuca.me\/me\/klub-mladih-evropskih-ambasadora\/","title":{"rendered":"Klub mladih evropskih ambasadora"},"content":{"rendered":"<p>Biti Evropljanin nije pitanje posjedovanja paso\u0161a, ve\u0107 dijeljenja istih vrijednosti, poruka je sa kojom su, u okviru promocije Kluba evropskih ambasadora u EU info centru, do\u010dekani odabrani srednjo\u0161kolci i studenti iz Nik\u0161i\u0107a, Berana, Ro\u017eaja, Plava, Cetinja i Podgorice. Svi koji \u017eele dobi\u0107e priliku da \u00a0dijele evropske vrijednosti u svojim zajednicama kroz zvanje mladih evropskih ambasadora.<\/p>\n<p>Predstavljaju\u0107i program, \u0161efica sektora za politiku, evropske integracije i trgovinu u Delegaciji EU u Crnoj Gori Plamena Hala\u010deva istakla je da je cilj stvaranje mre\u017ee mladih ljudi zainteresovanih za Evropsku uniju, koji \u0107e kroz program imati priliku da vi\u0161e saznaju i o samoj uniji.<\/p>\n<p>\u201cMladi ambasadori dobi\u0107e priliku da u\u010destvuju u doga\u0111ajima koje \u0107emo organizovati, poput Dana Evrope i sli\u010dnih. Ono \u0161to je va\u017eno je da \u0107e oni usvojena znanja i vrijednosti dalje prenositi\u00a0 svojoj porodici, svojoj \u0161koli ali i prijateljima. \u017delimo da im omogu\u0107imo da evropske vrijednosti iskuse iz prve ruke.\u201c kazala je Hala\u010deva.<\/p>\n<p><a href=\"http:\/\/www.evropskakuca.me\/wp-content\/uploads\/2019\/04\/eu-51-of-78.jpg\"><img fetchpriority=\"high\" decoding=\"async\" class=\"alignleft size-large wp-image-6797\" src=\"http:\/\/www.evropskakuca.me\/wp-content\/uploads\/2019\/04\/eu-51-of-78-1024x683.jpg\" alt=\"\" width=\"1024\" height=\"683\" \/><\/a><\/p>\n<p>Za Lemanu Srdanovi\u0107, u\u010denicu \u010detvrtog razreda Srednje mje\u0161ovite \u0161kole ,,Be\u0107o Ba\u0161i\u0107&#8221; iz Plava, pojam Evropske unije asocijacija je za jedinstvo, prosperitet i brojne \u0161anse, izme\u0111u ostalih, u oblasti obrazovanja.<\/p>\n<p>\u201cKada se ka\u017ee EU pomislim na mogu\u0107nosti koje \u0107e imati mladi otvaranjem granica.\u201c kazala je Srdanovi\u0107. \u00a0Ona o\u010dekuje da \u0107e je za ulogu mlade evropske ambasadorke preporu\u010diti znanje stranih jezika, ali i interesovanja i ambicije.<\/p>\n<p>U\u010denica Srednje stru\u010dne \u0161kole ,,Ivan Uskokovi\u0107&#8221; iz Podgorice Tatjana Mini\u0107 smatra da pripadanje zajednici evropskih naroda zna\u010di i mogu\u0107nost vi\u0161e za sve mlade koji \u017eele da se njihov glas \u010duje. U pojmu zajednice ona vidi i prihvatanje razli\u010ditosti, ali i pripadanje zajednici koju prepoznaje kao funkcionalniju od one u kojoj, kako ka\u017ee, mi trenutno \u017eivimo.<\/p>\n<p>Klub je, kako je pojasnila PR i event menad\u017eerka u EU Info centru Ferida Mandi\u0107, dobar na\u010din da mladi saznaju \u0161ta \u0107e donijeti evropske integracije i neposredno upoznaju evropski princip \u017eivljenja i vrednovanja.<\/p>\n<p>\u201cPlaniramo da organizujemo razne aktivnosti koje \u0107e sprovoditi Delegacija EU i EU info centar. Prva takva, velika aktivnost koja nas o\u010dekuje je proslava Dana Evrope koji \u0107e se obilje\u017eiti u raznim gradovima u Crnoj Gori i na\u0161i mladi evropski ambasadori \u0107e biti klju\u010dni dio na\u0161eg tima u sprovo\u0111enju planiranih doga\u0111aja.\u201c najavila je Mandi\u0107.<\/p>\n<p><a href=\"http:\/\/www.evropskakuca.me\/wp-content\/uploads\/2019\/04\/eu-8-of-78.jpg\"><img decoding=\"async\" class=\"alignleft size-large wp-image-6799\" src=\"http:\/\/www.evropskakuca.me\/wp-content\/uploads\/2019\/04\/eu-8-of-78-1024x683.jpg\" alt=\"\" width=\"1024\" height=\"683\" \/><\/a><\/p>\n<p>Klub mladih evropskih ambasadora organizuje se prvi put ove godine , mladi ambasadori \u0107e biti \u010dlanovi kluba do idu\u0107e godine u isto vrijeme, kada \u0107e biti raspisan novi konkurs.<\/p>\n","protected":false},"excerpt":{"rendered":"<p>Otvoreni dan &#8220;Postanite mladi evropski ambasador&#8221; odr\u017ean u EU info centru<\/p>\n","protected":false},"author":1,"featured_media":34399,"comment_status":"closed","ping_status":"closed","sticky":false,"template":"","format":"standard","meta":{"_acf_changed":false,"footnotes":""},"categories":[285,283],"tags":[],"class_list":["post-6801","post","type-post","status-publish","format-standard","has-post-thumbnail","hentry","category-kampanje-i-eventi","category-novosti-me"],"acf":[],"yoast_head":"<!-- This site is optimized with the Yoast SEO plugin v27.3 - https:\/\/yoast.com\/product\/yoast-seo-wordpress\/ -->\n<title>Klub mladih evropskih ambasadora - Europe House<\/title>\n<meta name=\"robots\" content=\"index, follow, max-snippet:-1, max-image-preview:large, max-video-preview:-1\" \/>\n<link rel=\"canonical\" href=\"https:\/\/www.evropskakuca.me\/me\/klub-mladih-evropskih-ambasadora\/\" \/>\n<meta property=\"og:locale\" content=\"en_US\" \/>\n<meta property=\"og:type\" content=\"article\" \/>\n<meta property=\"og:title\" content=\"Klub mladih evropskih ambasadora - Europe House\" \/>\n<meta property=\"og:description\" content=\"Otvoreni dan &quot;Postanite mladi evropski ambasador&quot; odr\u017ean u EU info centru\" \/>\n<meta property=\"og:url\" content=\"https:\/\/www.evropskakuca.me\/me\/klub-mladih-evropskih-ambasadora\/\" \/>\n<meta property=\"og:site_name\" content=\"Europe House\" \/>\n<meta property=\"article:publisher\" content=\"https:\/\/www.facebook.com\/evropska.kuca\" \/>\n<meta property=\"article:published_time\" content=\"2019-04-15T08:58:53+00:00\" \/>\n<meta property=\"og:image\" content=\"https:\/\/www.evropskakuca.me\/wp-content\/uploads\/2019\/04\/ambasasdori.jpg\" \/>\n\t<meta property=\"og:image:width\" content=\"1875\" \/>\n\t<meta property=\"og:image:height\" content=\"1250\" \/>\n\t<meta property=\"og:image:type\" content=\"image\/jpeg\" \/>\n<meta name=\"author\" content=\"mkajic\" \/>\n<meta name=\"twitter:card\" content=\"summary_large_image\" \/>\n<meta name=\"twitter:creator\" content=\"@evropska_kuca\" \/>\n<meta name=\"twitter:site\" content=\"@evropska_kuca\" \/>\n<meta name=\"twitter:label1\" content=\"Written by\" \/>\n\t<meta name=\"twitter:data1\" content=\"mkajic\" \/>\n\t<meta name=\"twitter:label2\" content=\"Est. reading time\" \/>\n\t<meta name=\"twitter:data2\" content=\"2 minutes\" \/>\n<script type=\"application\/ld+json\" class=\"yoast-schema-graph\">{\"@context\":\"https:\\\/\\\/schema.org\",\"@graph\":[{\"@type\":\"Article\",\"@id\":\"https:\\\/\\\/www.evropskakuca.me\\\/me\\\/klub-mladih-evropskih-ambasadora\\\/#article\",\"isPartOf\":{\"@id\":\"https:\\\/\\\/www.evropskakuca.me\\\/me\\\/klub-mladih-evropskih-ambasadora\\\/\"},\"author\":{\"name\":\"mkajic\",\"@id\":\"https:\\\/\\\/www.evropskakuca.me\\\/me\\\/#\\\/schema\\\/person\\\/a1d0dcdaefe4a1cd1d60d200ea137ba4\"},\"headline\":\"Klub mladih evropskih ambasadora\",\"datePublished\":\"2019-04-15T08:58:53+00:00\",\"mainEntityOfPage\":{\"@id\":\"https:\\\/\\\/www.evropskakuca.me\\\/me\\\/klub-mladih-evropskih-ambasadora\\\/\"},\"wordCount\":431,\"publisher\":{\"@id\":\"https:\\\/\\\/www.evropskakuca.me\\\/me\\\/#organization\"},\"image\":{\"@id\":\"https:\\\/\\\/www.evropskakuca.me\\\/me\\\/klub-mladih-evropskih-ambasadora\\\/#primaryimage\"},\"thumbnailUrl\":\"https:\\\/\\\/www.evropskakuca.me\\\/wp-content\\\/uploads\\\/2019\\\/04\\\/ambasasdori.jpg\",\"articleSection\":[\"Kampanje i eventi\",\"Novosti\"],\"inLanguage\":\"me-ME\"},{\"@type\":\"WebPage\",\"@id\":\"https:\\\/\\\/www.evropskakuca.me\\\/me\\\/klub-mladih-evropskih-ambasadora\\\/\",\"url\":\"https:\\\/\\\/www.evropskakuca.me\\\/me\\\/klub-mladih-evropskih-ambasadora\\\/\",\"name\":\"Klub mladih evropskih ambasadora - Europe House\",\"isPartOf\":{\"@id\":\"https:\\\/\\\/www.evropskakuca.me\\\/me\\\/#website\"},\"primaryImageOfPage\":{\"@id\":\"https:\\\/\\\/www.evropskakuca.me\\\/me\\\/klub-mladih-evropskih-ambasadora\\\/#primaryimage\"},\"image\":{\"@id\":\"https:\\\/\\\/www.evropskakuca.me\\\/me\\\/klub-mladih-evropskih-ambasadora\\\/#primaryimage\"},\"thumbnailUrl\":\"https:\\\/\\\/www.evropskakuca.me\\\/wp-content\\\/uploads\\\/2019\\\/04\\\/ambasasdori.jpg\",\"datePublished\":\"2019-04-15T08:58:53+00:00\",\"breadcrumb\":{\"@id\":\"https:\\\/\\\/www.evropskakuca.me\\\/me\\\/klub-mladih-evropskih-ambasadora\\\/#breadcrumb\"},\"inLanguage\":\"me-ME\",\"potentialAction\":[{\"@type\":\"ReadAction\",\"target\":[\"https:\\\/\\\/www.evropskakuca.me\\\/me\\\/klub-mladih-evropskih-ambasadora\\\/\"]}]},{\"@type\":\"ImageObject\",\"inLanguage\":\"me-ME\",\"@id\":\"https:\\\/\\\/www.evropskakuca.me\\\/me\\\/klub-mladih-evropskih-ambasadora\\\/#primaryimage\",\"url\":\"https:\\\/\\\/www.evropskakuca.me\\\/wp-content\\\/uploads\\\/2019\\\/04\\\/ambasasdori.jpg\",\"contentUrl\":\"https:\\\/\\\/www.evropskakuca.me\\\/wp-content\\\/uploads\\\/2019\\\/04\\\/ambasasdori.jpg\",\"width\":1875,\"height\":1250},{\"@type\":\"BreadcrumbList\",\"@id\":\"https:\\\/\\\/www.evropskakuca.me\\\/me\\\/klub-mladih-evropskih-ambasadora\\\/#breadcrumb\",\"itemListElement\":[{\"@type\":\"ListItem\",\"position\":1,\"name\":\"Home\",\"item\":\"https:\\\/\\\/www.evropskakuca.me\\\/me\\\/\"},{\"@type\":\"ListItem\",\"position\":2,\"name\":\"Klub mladih evropskih ambasadora\"}]},{\"@type\":\"WebSite\",\"@id\":\"https:\\\/\\\/www.evropskakuca.me\\\/me\\\/#website\",\"url\":\"https:\\\/\\\/www.evropskakuca.me\\\/me\\\/\",\"name\":\"Evropean house\",\"description\":\"\",\"publisher\":{\"@id\":\"https:\\\/\\\/www.evropskakuca.me\\\/me\\\/#organization\"},\"potentialAction\":[{\"@type\":\"SearchAction\",\"target\":{\"@type\":\"EntryPoint\",\"urlTemplate\":\"https:\\\/\\\/www.evropskakuca.me\\\/me\\\/?s={search_term_string}\"},\"query-input\":{\"@type\":\"PropertyValueSpecification\",\"valueRequired\":true,\"valueName\":\"search_term_string\"}}],\"inLanguage\":\"me-ME\"},{\"@type\":\"Organization\",\"@id\":\"https:\\\/\\\/www.evropskakuca.me\\\/me\\\/#organization\",\"name\":\"Evropean house\",\"url\":\"https:\\\/\\\/www.evropskakuca.me\\\/me\\\/\",\"logo\":{\"@type\":\"ImageObject\",\"inLanguage\":\"me-ME\",\"@id\":\"https:\\\/\\\/www.evropskakuca.me\\\/me\\\/#\\\/schema\\\/logo\\\/image\\\/\",\"url\":\"https:\\\/\\\/www.evropskakuca.me\\\/wp-content\\\/uploads\\\/2025\\\/01\\\/evropska-kuca-logo-1.png\",\"contentUrl\":\"https:\\\/\\\/www.evropskakuca.me\\\/wp-content\\\/uploads\\\/2025\\\/01\\\/evropska-kuca-logo-1.png\",\"width\":425,\"height\":312,\"caption\":\"Evropean house\"},\"image\":{\"@id\":\"https:\\\/\\\/www.evropskakuca.me\\\/me\\\/#\\\/schema\\\/logo\\\/image\\\/\"},\"sameAs\":[\"https:\\\/\\\/www.facebook.com\\\/evropska.kuca\",\"https:\\\/\\\/x.com\\\/evropska_kuca\",\"https:\\\/\\\/www.instagram.com\\\/evropska_kuca\"]},{\"@type\":\"Person\",\"@id\":\"https:\\\/\\\/www.evropskakuca.me\\\/me\\\/#\\\/schema\\\/person\\\/a1d0dcdaefe4a1cd1d60d200ea137ba4\",\"name\":\"mkajic\",\"image\":{\"@type\":\"ImageObject\",\"inLanguage\":\"me-ME\",\"@id\":\"https:\\\/\\\/secure.gravatar.com\\\/avatar\\\/731fa035cefab7316e6bafd1f25a93fb731a07de14e2d9923f8db4422628eabc?s=96&d=mm&r=g\",\"url\":\"https:\\\/\\\/secure.gravatar.com\\\/avatar\\\/731fa035cefab7316e6bafd1f25a93fb731a07de14e2d9923f8db4422628eabc?s=96&d=mm&r=g\",\"contentUrl\":\"https:\\\/\\\/secure.gravatar.com\\\/avatar\\\/731fa035cefab7316e6bafd1f25a93fb731a07de14e2d9923f8db4422628eabc?s=96&d=mm&r=g\",\"caption\":\"mkajic\"},\"sameAs\":[\"https:\\\/\\\/evropskakuca.me\"],\"url\":\"https:\\\/\\\/www.evropskakuca.me\\\/me\\\/author\\\/mkajic\\\/\"}]}<\/script>\n<!-- \/ Yoast SEO plugin. -->","yoast_head_json":{"title":"Klub mladih evropskih ambasadora - Europe House","robots":{"index":"index","follow":"follow","max-snippet":"max-snippet:-1","max-image-preview":"max-image-preview:large","max-video-preview":"max-video-preview:-1"},"canonical":"https:\/\/www.evropskakuca.me\/me\/klub-mladih-evropskih-ambasadora\/","og_locale":"en_US","og_type":"article","og_title":"Klub mladih evropskih ambasadora - Europe House","og_description":"Otvoreni dan \"Postanite mladi evropski ambasador\" odr\u017ean u EU info centru","og_url":"https:\/\/www.evropskakuca.me\/me\/klub-mladih-evropskih-ambasadora\/","og_site_name":"Europe House","article_publisher":"https:\/\/www.facebook.com\/evropska.kuca","article_published_time":"2019-04-15T08:58:53+00:00","og_image":[{"width":1875,"height":1250,"url":"https:\/\/www.evropskakuca.me\/wp-content\/uploads\/2019\/04\/ambasasdori.jpg","type":"image\/jpeg"}],"author":"mkajic","twitter_card":"summary_large_image","twitter_creator":"@evropska_kuca","twitter_site":"@evropska_kuca","twitter_misc":{"Written by":"mkajic","Est. reading time":"2 minutes"},"schema":{"@context":"https:\/\/schema.org","@graph":[{"@type":"Article","@id":"https:\/\/www.evropskakuca.me\/me\/klub-mladih-evropskih-ambasadora\/#article","isPartOf":{"@id":"https:\/\/www.evropskakuca.me\/me\/klub-mladih-evropskih-ambasadora\/"},"author":{"name":"mkajic","@id":"https:\/\/www.evropskakuca.me\/me\/#\/schema\/person\/a1d0dcdaefe4a1cd1d60d200ea137ba4"},"headline":"Klub mladih evropskih ambasadora","datePublished":"2019-04-15T08:58:53+00:00","mainEntityOfPage":{"@id":"https:\/\/www.evropskakuca.me\/me\/klub-mladih-evropskih-ambasadora\/"},"wordCount":431,"publisher":{"@id":"https:\/\/www.evropskakuca.me\/me\/#organization"},"image":{"@id":"https:\/\/www.evropskakuca.me\/me\/klub-mladih-evropskih-ambasadora\/#primaryimage"},"thumbnailUrl":"https:\/\/www.evropskakuca.me\/wp-content\/uploads\/2019\/04\/ambasasdori.jpg","articleSection":["Kampanje i eventi","Novosti"],"inLanguage":"me-ME"},{"@type":"WebPage","@id":"https:\/\/www.evropskakuca.me\/me\/klub-mladih-evropskih-ambasadora\/","url":"https:\/\/www.evropskakuca.me\/me\/klub-mladih-evropskih-ambasadora\/","name":"Klub mladih evropskih ambasadora - Europe House","isPartOf":{"@id":"https:\/\/www.evropskakuca.me\/me\/#website"},"primaryImageOfPage":{"@id":"https:\/\/www.evropskakuca.me\/me\/klub-mladih-evropskih-ambasadora\/#primaryimage"},"image":{"@id":"https:\/\/www.evropskakuca.me\/me\/klub-mladih-evropskih-ambasadora\/#primaryimage"},"thumbnailUrl":"https:\/\/www.evropskakuca.me\/wp-content\/uploads\/2019\/04\/ambasasdori.jpg","datePublished":"2019-04-15T08:58:53+00:00","breadcrumb":{"@id":"https:\/\/www.evropskakuca.me\/me\/klub-mladih-evropskih-ambasadora\/#breadcrumb"},"inLanguage":"me-ME","potentialAction":[{"@type":"ReadAction","target":["https:\/\/www.evropskakuca.me\/me\/klub-mladih-evropskih-ambasadora\/"]}]},{"@type":"ImageObject","inLanguage":"me-ME","@id":"https:\/\/www.evropskakuca.me\/me\/klub-mladih-evropskih-ambasadora\/#primaryimage","url":"https:\/\/www.evropskakuca.me\/wp-content\/uploads\/2019\/04\/ambasasdori.jpg","contentUrl":"https:\/\/www.evropskakuca.me\/wp-content\/uploads\/2019\/04\/ambasasdori.jpg","width":1875,"height":1250},{"@type":"BreadcrumbList","@id":"https:\/\/www.evropskakuca.me\/me\/klub-mladih-evropskih-ambasadora\/#breadcrumb","itemListElement":[{"@type":"ListItem","position":1,"name":"Home","item":"https:\/\/www.evropskakuca.me\/me\/"},{"@type":"ListItem","position":2,"name":"Klub mladih evropskih ambasadora"}]},{"@type":"WebSite","@id":"https:\/\/www.evropskakuca.me\/me\/#website","url":"https:\/\/www.evropskakuca.me\/me\/","name":"Evropean house","description":"","publisher":{"@id":"https:\/\/www.evropskakuca.me\/me\/#organization"},"potentialAction":[{"@type":"SearchAction","target":{"@type":"EntryPoint","urlTemplate":"https:\/\/www.evropskakuca.me\/me\/?s={search_term_string}"},"query-input":{"@type":"PropertyValueSpecification","valueRequired":true,"valueName":"search_term_string"}}],"inLanguage":"me-ME"},{"@type":"Organization","@id":"https:\/\/www.evropskakuca.me\/me\/#organization","name":"Evropean house","url":"https:\/\/www.evropskakuca.me\/me\/","logo":{"@type":"ImageObject","inLanguage":"me-ME","@id":"https:\/\/www.evropskakuca.me\/me\/#\/schema\/logo\/image\/","url":"https:\/\/www.evropskakuca.me\/wp-content\/uploads\/2025\/01\/evropska-kuca-logo-1.png","contentUrl":"https:\/\/www.evropskakuca.me\/wp-content\/uploads\/2025\/01\/evropska-kuca-logo-1.png","width":425,"height":312,"caption":"Evropean house"},"image":{"@id":"https:\/\/www.evropskakuca.me\/me\/#\/schema\/logo\/image\/"},"sameAs":["https:\/\/www.facebook.com\/evropska.kuca","https:\/\/x.com\/evropska_kuca","https:\/\/www.instagram.com\/evropska_kuca"]},{"@type":"Person","@id":"https:\/\/www.evropskakuca.me\/me\/#\/schema\/person\/a1d0dcdaefe4a1cd1d60d200ea137ba4","name":"mkajic","image":{"@type":"ImageObject","inLanguage":"me-ME","@id":"https:\/\/secure.gravatar.com\/avatar\/731fa035cefab7316e6bafd1f25a93fb731a07de14e2d9923f8db4422628eabc?s=96&d=mm&r=g","url":"https:\/\/secure.gravatar.com\/avatar\/731fa035cefab7316e6bafd1f25a93fb731a07de14e2d9923f8db4422628eabc?s=96&d=mm&r=g","contentUrl":"https:\/\/secure.gravatar.com\/avatar\/731fa035cefab7316e6bafd1f25a93fb731a07de14e2d9923f8db4422628eabc?s=96&d=mm&r=g","caption":"mkajic"},"sameAs":["https:\/\/evropskakuca.me"],"url":"https:\/\/www.evropskakuca.me\/me\/author\/mkajic\/"}]}},"_links":{"self":[{"href":"https:\/\/www.evropskakuca.me\/me\/wp-json\/wp\/v2\/posts\/6801","targetHints":{"allow":["GET"]}}],"collection":[{"href":"https:\/\/www.evropskakuca.me\/me\/wp-json\/wp\/v2\/posts"}],"about":[{"href":"https:\/\/www.evropskakuca.me\/me\/wp-json\/wp\/v2\/types\/post"}],"author":[{"embeddable":true,"href":"https:\/\/www.evropskakuca.me\/me\/wp-json\/wp\/v2\/users\/1"}],"replies":[{"embeddable":true,"href":"https:\/\/www.evropskakuca.me\/me\/wp-json\/wp\/v2\/comments?post=6801"}],"version-history":[{"count":0,"href":"https:\/\/www.evropskakuca.me\/me\/wp-json\/wp\/v2\/posts\/6801\/revisions"}],"wp:featuredmedia":[{"embeddable":true,"href":"https:\/\/www.evropskakuca.me\/me\/wp-json\/wp\/v2\/media\/34399"}],"wp:attachment":[{"href":"https:\/\/www.evropskakuca.me\/me\/wp-json\/wp\/v2\/media?parent=6801"}],"wp:term":[{"taxonomy":"category","embeddable":true,"href":"https:\/\/www.evropskakuca.me\/me\/wp-json\/wp\/v2\/categories?post=6801"},{"taxonomy":"post_tag","embeddable":true,"href":"https:\/\/www.evropskakuca.me\/me\/wp-json\/wp\/v2\/tags?post=6801"}],"curies":[{"name":"wp","href":"https:\/\/api.w.org\/{rel}","templated":true}]}}