{"id":6771,"date":"2019-04-05T15:01:38","date_gmt":"2019-04-05T15:01:38","guid":{"rendered":"http:\/\/www.evropskakuca.me\/me\/?p=6771"},"modified":"2019-04-05T15:01:38","modified_gmt":"2019-04-05T15:01:38","slug":"obrazovanjem-protiv-djecjeg-prosjacenja","status":"publish","type":"post","link":"https:\/\/www.evropskakuca.me\/me\/obrazovanjem-protiv-djecjeg-prosjacenja\/","title":{"rendered":"OBRAZOVANJEM PROTIV DJE\u010cJEG PROSJA\u010cENJA"},"content":{"rendered":"<p>Bolja saradnja nadle\u017enih institucija i obrazovanje Roma najbolji su na\u010din borbe protiv dje\u010djeg prosja\u010denja. Ovo je poruka debate \u201eStop dje\u010djem prosja\u010denju\u201c, koju su Delegacija Evropske unije u Crnoj Gori i EU info centar organizovali uo\u010di 8. aprila, Svjetskog dana Roma. Debati je prethodila projekcija istoimenog filma Nikole Vuk\u010devi\u0107a, koji je re\u017eirao uz finansijsku podr\u0161ku EU.<\/p>\n<p>Re\u017eiser Nikola Vuk\u010devi\u0107 obja\u0161njava da je tokom stvaranja filma \u201eStop dje\u010djem prosja\u010denju\u201c uvidio da nedostaje saradnja nadle\u017enih institucija, kako bi se rije\u0161io ovaj problem me\u0111u romskom djecom. \u201eAko ova zemlja ima zakone, onda ova djeca ne mogu da budu na ulici\u201c, rekao je crnogorski re\u017eiser tokom debate. Vuk\u010devi\u0107 je poru\u010dio da postoje prakti\u010dni na\u010dini kako, mimo institucija, mo\u017ee da im se pomogne.<\/p>\n<p>\u201eMo\u017eemo da obezbijedimo posao za roditelje Rome. Kada po\u010dnu da zara\u0111uju na poslu, sigurno ne\u0107e slati svoju djecu da prosja\u010de\u201c, zaklju\u010dio je Vuk\u010devi\u0107.<\/p>\n<p><a href=\"http:\/\/www.evropskakuca.me\/wp-content\/uploads\/2019\/04\/Film-i-debata-u-EU-info-centru-2.jpg\"><img fetchpriority=\"high\" decoding=\"async\" class=\"alignleft size-full wp-image-6774\" src=\"http:\/\/www.evropskakuca.me\/wp-content\/uploads\/2019\/04\/Film-i-debata-u-EU-info-centru-2.jpg\" alt=\"\" width=\"1000\" height=\"667\" \/><\/a><\/p>\n<p>Protagonista filma \u201eStop dje\u010djem prosja\u010denju\u201c je Elvis Beri\u0161a, romski aktivista koji je uspio da prevazi\u0111e izazove, obrazuje se i zaposli. On je, za razliku od ve\u0107ine sunarodnika, imao sna\u017enu podr\u0161ku roditelja, iako su te\u0161ko \u017eivjeli. Pored podr\u0161ke, presudila je i njegova upornost.<\/p>\n<p>\u201eKada sam upisao srednju \u0161kolu, morao sam da biram da li \u0107u nastaviti \u0161kolovanje ili na\u0107i neki posao, kako bih pomogao svojoj porodici. Odlu\u010dio sam da se dalje obrazujem, ali isto tako sam morao i da radim poslije ili prije \u0161kole. Nakon srednje \u0161kole sam nastavio da budem uporan i odlu\u010dio da upi\u0161em i fakultet. Tada sam morao da radim tri posla i istovremeno da studiram. Moj prosjek spavanja je bio \u010detiri sata, ali mi je bilo dovoljno jer sam se osje\u0107ao jako korisnim. Dakle, pored podr\u0161ke porodice, jako je va\u017eno i da budemo uporni u svemu\u201c, ka\u017ee Elvis.<\/p>\n<p>Beri\u0161in primjer potvr\u0111uje stav da je obrazovanje jedno od rje\u0161enja u borbi protiv dje\u010djeg prosja\u010denja, jer je zahvaljuju\u0107i njemu ovaj mladi \u010dovjek uspio da na\u0111e posao i tako se izdr\u017eava.<\/p>\n<p>\u201eDa bismo ovo ostvarili, neophodno je da svi budemo podr\u0161ka djeci koja su prinu\u0111ena da napuste \u0161kolovanje da bi pomagala porodici. \u0160kola i njeni u\u010denici kao \u0161to ste vi, prvi su koji mogu pomo\u0107i. Ako primijetite da neko dijete ima slabe rezultate, ili mu nedostaje vaspitanje &#8211; ne treba da izbjegavate tu djecu ve\u0107 im poka\u017eite svojim primjerom kako treba da se pona\u0161aju, a malo i da im pomognete oko gradiva ukoliko ste u mogu\u0107nosti\u201c, poru\u010dio je ovaj romski aktivista.<\/p>\n<p><a href=\"http:\/\/www.evropskakuca.me\/wp-content\/uploads\/2019\/04\/Film-i-debata-u-EU-info-centru-3.jpg\"><img decoding=\"async\" class=\"alignleft size-full wp-image-6776\" src=\"http:\/\/www.evropskakuca.me\/wp-content\/uploads\/2019\/04\/Film-i-debata-u-EU-info-centru-3.jpg\" alt=\"\" width=\"1000\" height=\"667\" \/><\/a><\/p>\n<p>U publici su bili u\u010denici i nastavnici podgori\u010dkih osnovnih \u0161kola koje poha\u0111aju i romska djeca. Jedna od tih \u0161kola je i O\u0160 \u201eBo\u017eidar Vukovi\u0107 Podgori\u010danin\u201c, \u010dija je direktorica Ljubinka Nedi\u0107 u\u010destvovala u debati. Direktorica Nedi\u0107 je kao glavni izazov u \u0161kolovanju romske djece navela stav njihovih roditelja prema obrazovanju, njihov socioekonomski status i obi\u010daje. Zato je poru\u010dila da svako od nas treba, i mo\u017ee, da im pomogne, i tako posredno smanji mogu\u0107nost da po\u010dnu da prose.<\/p>\n<p>\u201eSjedite sa njima u klupi, provodite mali i veliki odmor sa njima, slavite zajedno ro\u0111endane, sjedite pored njih u autobusu kada idete na izlet ili budite zajedno u sobi na ekskurziji; u\u010dite sa njima, pomozite im da savladaju crnogorski jezik\u201c, poru\u010dila je Nedi\u0107 tokom debate.<\/p>\n<p>Nakon filma i debate, An\u0111ela Mrdovi\u0107 i Marija Jankovi\u0107 su shvatile da mogu vi\u0161e da pomognu svojim romskim drugarima.<\/p>\n<p>\u201eTreba da poma\u017eemo romskoj djeci, i da se lijepo pona\u0161amo prema njima,\u201c rekla je An\u0111ela. Njena drugarica Marija je dodala: \u201eNau\u010dili smo iz ovog primjera da treba da poma\u017eemo romskoj djeci, da ne treba da ih stavljamo u kraj, ve\u0107 treba svi da ih podsti\u010demo da budu bolji, da ih u\u010dimo ne\u010demu \u0161to ne znaju, kako bismo im pomogli da naprave promjenu u svom \u017eivotu.\u201c<\/p>\n","protected":false},"excerpt":{"rendered":"<p>U EU info centru organizovana projekcija filma i debata o problemu prosja\u010denja romske djece<\/p>\n","protected":false},"author":1,"featured_media":34393,"comment_status":"closed","ping_status":"closed","sticky":false,"template":"","format":"standard","meta":{"_acf_changed":false,"footnotes":""},"categories":[285,283],"tags":[],"class_list":["post-6771","post","type-post","status-publish","format-standard","has-post-thumbnail","hentry","category-kampanje-i-eventi","category-novosti-me"],"acf":[],"yoast_head":"<!-- This site is optimized with the Yoast SEO plugin v27.3 - https:\/\/yoast.com\/product\/yoast-seo-wordpress\/ -->\n<title>OBRAZOVANJEM PROTIV DJE\u010cJEG PROSJA\u010cENJA - Europe House<\/title>\n<meta name=\"robots\" content=\"index, follow, max-snippet:-1, max-image-preview:large, max-video-preview:-1\" \/>\n<link rel=\"canonical\" href=\"https:\/\/www.evropskakuca.me\/me\/obrazovanjem-protiv-djecjeg-prosjacenja\/\" \/>\n<meta property=\"og:locale\" content=\"en_US\" \/>\n<meta property=\"og:type\" content=\"article\" \/>\n<meta property=\"og:title\" content=\"OBRAZOVANJEM PROTIV DJE\u010cJEG PROSJA\u010cENJA - Europe House\" \/>\n<meta property=\"og:description\" content=\"U EU info centru organizovana projekcija filma i debata o problemu prosja\u010denja romske djece\" \/>\n<meta property=\"og:url\" content=\"https:\/\/www.evropskakuca.me\/me\/obrazovanjem-protiv-djecjeg-prosjacenja\/\" \/>\n<meta property=\"og:site_name\" content=\"Europe House\" \/>\n<meta property=\"article:publisher\" content=\"https:\/\/www.facebook.com\/evropska.kuca\" \/>\n<meta property=\"article:published_time\" content=\"2019-04-05T15:01:38+00:00\" \/>\n<meta property=\"og:image\" content=\"https:\/\/www.evropskakuca.me\/wp-content\/uploads\/2019\/04\/Film-i-debata-u-EU-info-centru-4.jpg\" \/>\n\t<meta property=\"og:image:width\" content=\"1000\" \/>\n\t<meta property=\"og:image:height\" content=\"667\" \/>\n\t<meta property=\"og:image:type\" content=\"image\/jpeg\" \/>\n<meta name=\"author\" content=\"mkajic\" \/>\n<meta name=\"twitter:card\" content=\"summary_large_image\" \/>\n<meta name=\"twitter:creator\" content=\"@evropska_kuca\" \/>\n<meta name=\"twitter:site\" content=\"@evropska_kuca\" \/>\n<meta name=\"twitter:label1\" content=\"Written by\" \/>\n\t<meta name=\"twitter:data1\" content=\"mkajic\" \/>\n\t<meta name=\"twitter:label2\" content=\"Est. reading time\" \/>\n\t<meta name=\"twitter:data2\" content=\"3 minutes\" \/>\n<script type=\"application\/ld+json\" class=\"yoast-schema-graph\">{\"@context\":\"https:\\\/\\\/schema.org\",\"@graph\":[{\"@type\":\"Article\",\"@id\":\"https:\\\/\\\/www.evropskakuca.me\\\/me\\\/obrazovanjem-protiv-djecjeg-prosjacenja\\\/#article\",\"isPartOf\":{\"@id\":\"https:\\\/\\\/www.evropskakuca.me\\\/me\\\/obrazovanjem-protiv-djecjeg-prosjacenja\\\/\"},\"author\":{\"name\":\"mkajic\",\"@id\":\"https:\\\/\\\/www.evropskakuca.me\\\/me\\\/#\\\/schema\\\/person\\\/a1d0dcdaefe4a1cd1d60d200ea137ba4\"},\"headline\":\"OBRAZOVANJEM PROTIV DJE\u010cJEG PROSJA\u010cENJA\",\"datePublished\":\"2019-04-05T15:01:38+00:00\",\"mainEntityOfPage\":{\"@id\":\"https:\\\/\\\/www.evropskakuca.me\\\/me\\\/obrazovanjem-protiv-djecjeg-prosjacenja\\\/\"},\"wordCount\":690,\"publisher\":{\"@id\":\"https:\\\/\\\/www.evropskakuca.me\\\/me\\\/#organization\"},\"image\":{\"@id\":\"https:\\\/\\\/www.evropskakuca.me\\\/me\\\/obrazovanjem-protiv-djecjeg-prosjacenja\\\/#primaryimage\"},\"thumbnailUrl\":\"https:\\\/\\\/www.evropskakuca.me\\\/wp-content\\\/uploads\\\/2019\\\/04\\\/Film-i-debata-u-EU-info-centru-4.jpg\",\"articleSection\":[\"Kampanje i eventi\",\"Novosti\"],\"inLanguage\":\"me-ME\"},{\"@type\":\"WebPage\",\"@id\":\"https:\\\/\\\/www.evropskakuca.me\\\/me\\\/obrazovanjem-protiv-djecjeg-prosjacenja\\\/\",\"url\":\"https:\\\/\\\/www.evropskakuca.me\\\/me\\\/obrazovanjem-protiv-djecjeg-prosjacenja\\\/\",\"name\":\"OBRAZOVANJEM PROTIV DJE\u010cJEG PROSJA\u010cENJA - Europe House\",\"isPartOf\":{\"@id\":\"https:\\\/\\\/www.evropskakuca.me\\\/me\\\/#website\"},\"primaryImageOfPage\":{\"@id\":\"https:\\\/\\\/www.evropskakuca.me\\\/me\\\/obrazovanjem-protiv-djecjeg-prosjacenja\\\/#primaryimage\"},\"image\":{\"@id\":\"https:\\\/\\\/www.evropskakuca.me\\\/me\\\/obrazovanjem-protiv-djecjeg-prosjacenja\\\/#primaryimage\"},\"thumbnailUrl\":\"https:\\\/\\\/www.evropskakuca.me\\\/wp-content\\\/uploads\\\/2019\\\/04\\\/Film-i-debata-u-EU-info-centru-4.jpg\",\"datePublished\":\"2019-04-05T15:01:38+00:00\",\"breadcrumb\":{\"@id\":\"https:\\\/\\\/www.evropskakuca.me\\\/me\\\/obrazovanjem-protiv-djecjeg-prosjacenja\\\/#breadcrumb\"},\"inLanguage\":\"me-ME\",\"potentialAction\":[{\"@type\":\"ReadAction\",\"target\":[\"https:\\\/\\\/www.evropskakuca.me\\\/me\\\/obrazovanjem-protiv-djecjeg-prosjacenja\\\/\"]}]},{\"@type\":\"ImageObject\",\"inLanguage\":\"me-ME\",\"@id\":\"https:\\\/\\\/www.evropskakuca.me\\\/me\\\/obrazovanjem-protiv-djecjeg-prosjacenja\\\/#primaryimage\",\"url\":\"https:\\\/\\\/www.evropskakuca.me\\\/wp-content\\\/uploads\\\/2019\\\/04\\\/Film-i-debata-u-EU-info-centru-4.jpg\",\"contentUrl\":\"https:\\\/\\\/www.evropskakuca.me\\\/wp-content\\\/uploads\\\/2019\\\/04\\\/Film-i-debata-u-EU-info-centru-4.jpg\",\"width\":1000,\"height\":667},{\"@type\":\"BreadcrumbList\",\"@id\":\"https:\\\/\\\/www.evropskakuca.me\\\/me\\\/obrazovanjem-protiv-djecjeg-prosjacenja\\\/#breadcrumb\",\"itemListElement\":[{\"@type\":\"ListItem\",\"position\":1,\"name\":\"Home\",\"item\":\"https:\\\/\\\/www.evropskakuca.me\\\/me\\\/\"},{\"@type\":\"ListItem\",\"position\":2,\"name\":\"OBRAZOVANJEM PROTIV DJE\u010cJEG PROSJA\u010cENJA\"}]},{\"@type\":\"WebSite\",\"@id\":\"https:\\\/\\\/www.evropskakuca.me\\\/me\\\/#website\",\"url\":\"https:\\\/\\\/www.evropskakuca.me\\\/me\\\/\",\"name\":\"Evropean house\",\"description\":\"\",\"publisher\":{\"@id\":\"https:\\\/\\\/www.evropskakuca.me\\\/me\\\/#organization\"},\"potentialAction\":[{\"@type\":\"SearchAction\",\"target\":{\"@type\":\"EntryPoint\",\"urlTemplate\":\"https:\\\/\\\/www.evropskakuca.me\\\/me\\\/?s={search_term_string}\"},\"query-input\":{\"@type\":\"PropertyValueSpecification\",\"valueRequired\":true,\"valueName\":\"search_term_string\"}}],\"inLanguage\":\"me-ME\"},{\"@type\":\"Organization\",\"@id\":\"https:\\\/\\\/www.evropskakuca.me\\\/me\\\/#organization\",\"name\":\"Evropean house\",\"url\":\"https:\\\/\\\/www.evropskakuca.me\\\/me\\\/\",\"logo\":{\"@type\":\"ImageObject\",\"inLanguage\":\"me-ME\",\"@id\":\"https:\\\/\\\/www.evropskakuca.me\\\/me\\\/#\\\/schema\\\/logo\\\/image\\\/\",\"url\":\"https:\\\/\\\/www.evropskakuca.me\\\/wp-content\\\/uploads\\\/2025\\\/01\\\/evropska-kuca-logo-1.png\",\"contentUrl\":\"https:\\\/\\\/www.evropskakuca.me\\\/wp-content\\\/uploads\\\/2025\\\/01\\\/evropska-kuca-logo-1.png\",\"width\":425,\"height\":312,\"caption\":\"Evropean house\"},\"image\":{\"@id\":\"https:\\\/\\\/www.evropskakuca.me\\\/me\\\/#\\\/schema\\\/logo\\\/image\\\/\"},\"sameAs\":[\"https:\\\/\\\/www.facebook.com\\\/evropska.kuca\",\"https:\\\/\\\/x.com\\\/evropska_kuca\",\"https:\\\/\\\/www.instagram.com\\\/evropska_kuca\"]},{\"@type\":\"Person\",\"@id\":\"https:\\\/\\\/www.evropskakuca.me\\\/me\\\/#\\\/schema\\\/person\\\/a1d0dcdaefe4a1cd1d60d200ea137ba4\",\"name\":\"mkajic\",\"image\":{\"@type\":\"ImageObject\",\"inLanguage\":\"me-ME\",\"@id\":\"https:\\\/\\\/secure.gravatar.com\\\/avatar\\\/731fa035cefab7316e6bafd1f25a93fb731a07de14e2d9923f8db4422628eabc?s=96&d=mm&r=g\",\"url\":\"https:\\\/\\\/secure.gravatar.com\\\/avatar\\\/731fa035cefab7316e6bafd1f25a93fb731a07de14e2d9923f8db4422628eabc?s=96&d=mm&r=g\",\"contentUrl\":\"https:\\\/\\\/secure.gravatar.com\\\/avatar\\\/731fa035cefab7316e6bafd1f25a93fb731a07de14e2d9923f8db4422628eabc?s=96&d=mm&r=g\",\"caption\":\"mkajic\"},\"sameAs\":[\"https:\\\/\\\/evropskakuca.me\"],\"url\":\"https:\\\/\\\/www.evropskakuca.me\\\/me\\\/author\\\/mkajic\\\/\"}]}<\/script>\n<!-- \/ Yoast SEO plugin. -->","yoast_head_json":{"title":"OBRAZOVANJEM PROTIV DJE\u010cJEG PROSJA\u010cENJA - Europe House","robots":{"index":"index","follow":"follow","max-snippet":"max-snippet:-1","max-image-preview":"max-image-preview:large","max-video-preview":"max-video-preview:-1"},"canonical":"https:\/\/www.evropskakuca.me\/me\/obrazovanjem-protiv-djecjeg-prosjacenja\/","og_locale":"en_US","og_type":"article","og_title":"OBRAZOVANJEM PROTIV DJE\u010cJEG PROSJA\u010cENJA - Europe House","og_description":"U EU info centru organizovana projekcija filma i debata o problemu prosja\u010denja romske djece","og_url":"https:\/\/www.evropskakuca.me\/me\/obrazovanjem-protiv-djecjeg-prosjacenja\/","og_site_name":"Europe House","article_publisher":"https:\/\/www.facebook.com\/evropska.kuca","article_published_time":"2019-04-05T15:01:38+00:00","og_image":[{"width":1000,"height":667,"url":"https:\/\/www.evropskakuca.me\/wp-content\/uploads\/2019\/04\/Film-i-debata-u-EU-info-centru-4.jpg","type":"image\/jpeg"}],"author":"mkajic","twitter_card":"summary_large_image","twitter_creator":"@evropska_kuca","twitter_site":"@evropska_kuca","twitter_misc":{"Written by":"mkajic","Est. reading time":"3 minutes"},"schema":{"@context":"https:\/\/schema.org","@graph":[{"@type":"Article","@id":"https:\/\/www.evropskakuca.me\/me\/obrazovanjem-protiv-djecjeg-prosjacenja\/#article","isPartOf":{"@id":"https:\/\/www.evropskakuca.me\/me\/obrazovanjem-protiv-djecjeg-prosjacenja\/"},"author":{"name":"mkajic","@id":"https:\/\/www.evropskakuca.me\/me\/#\/schema\/person\/a1d0dcdaefe4a1cd1d60d200ea137ba4"},"headline":"OBRAZOVANJEM PROTIV DJE\u010cJEG PROSJA\u010cENJA","datePublished":"2019-04-05T15:01:38+00:00","mainEntityOfPage":{"@id":"https:\/\/www.evropskakuca.me\/me\/obrazovanjem-protiv-djecjeg-prosjacenja\/"},"wordCount":690,"publisher":{"@id":"https:\/\/www.evropskakuca.me\/me\/#organization"},"image":{"@id":"https:\/\/www.evropskakuca.me\/me\/obrazovanjem-protiv-djecjeg-prosjacenja\/#primaryimage"},"thumbnailUrl":"https:\/\/www.evropskakuca.me\/wp-content\/uploads\/2019\/04\/Film-i-debata-u-EU-info-centru-4.jpg","articleSection":["Kampanje i eventi","Novosti"],"inLanguage":"me-ME"},{"@type":"WebPage","@id":"https:\/\/www.evropskakuca.me\/me\/obrazovanjem-protiv-djecjeg-prosjacenja\/","url":"https:\/\/www.evropskakuca.me\/me\/obrazovanjem-protiv-djecjeg-prosjacenja\/","name":"OBRAZOVANJEM PROTIV DJE\u010cJEG PROSJA\u010cENJA - Europe House","isPartOf":{"@id":"https:\/\/www.evropskakuca.me\/me\/#website"},"primaryImageOfPage":{"@id":"https:\/\/www.evropskakuca.me\/me\/obrazovanjem-protiv-djecjeg-prosjacenja\/#primaryimage"},"image":{"@id":"https:\/\/www.evropskakuca.me\/me\/obrazovanjem-protiv-djecjeg-prosjacenja\/#primaryimage"},"thumbnailUrl":"https:\/\/www.evropskakuca.me\/wp-content\/uploads\/2019\/04\/Film-i-debata-u-EU-info-centru-4.jpg","datePublished":"2019-04-05T15:01:38+00:00","breadcrumb":{"@id":"https:\/\/www.evropskakuca.me\/me\/obrazovanjem-protiv-djecjeg-prosjacenja\/#breadcrumb"},"inLanguage":"me-ME","potentialAction":[{"@type":"ReadAction","target":["https:\/\/www.evropskakuca.me\/me\/obrazovanjem-protiv-djecjeg-prosjacenja\/"]}]},{"@type":"ImageObject","inLanguage":"me-ME","@id":"https:\/\/www.evropskakuca.me\/me\/obrazovanjem-protiv-djecjeg-prosjacenja\/#primaryimage","url":"https:\/\/www.evropskakuca.me\/wp-content\/uploads\/2019\/04\/Film-i-debata-u-EU-info-centru-4.jpg","contentUrl":"https:\/\/www.evropskakuca.me\/wp-content\/uploads\/2019\/04\/Film-i-debata-u-EU-info-centru-4.jpg","width":1000,"height":667},{"@type":"BreadcrumbList","@id":"https:\/\/www.evropskakuca.me\/me\/obrazovanjem-protiv-djecjeg-prosjacenja\/#breadcrumb","itemListElement":[{"@type":"ListItem","position":1,"name":"Home","item":"https:\/\/www.evropskakuca.me\/me\/"},{"@type":"ListItem","position":2,"name":"OBRAZOVANJEM PROTIV DJE\u010cJEG PROSJA\u010cENJA"}]},{"@type":"WebSite","@id":"https:\/\/www.evropskakuca.me\/me\/#website","url":"https:\/\/www.evropskakuca.me\/me\/","name":"Evropean house","description":"","publisher":{"@id":"https:\/\/www.evropskakuca.me\/me\/#organization"},"potentialAction":[{"@type":"SearchAction","target":{"@type":"EntryPoint","urlTemplate":"https:\/\/www.evropskakuca.me\/me\/?s={search_term_string}"},"query-input":{"@type":"PropertyValueSpecification","valueRequired":true,"valueName":"search_term_string"}}],"inLanguage":"me-ME"},{"@type":"Organization","@id":"https:\/\/www.evropskakuca.me\/me\/#organization","name":"Evropean house","url":"https:\/\/www.evropskakuca.me\/me\/","logo":{"@type":"ImageObject","inLanguage":"me-ME","@id":"https:\/\/www.evropskakuca.me\/me\/#\/schema\/logo\/image\/","url":"https:\/\/www.evropskakuca.me\/wp-content\/uploads\/2025\/01\/evropska-kuca-logo-1.png","contentUrl":"https:\/\/www.evropskakuca.me\/wp-content\/uploads\/2025\/01\/evropska-kuca-logo-1.png","width":425,"height":312,"caption":"Evropean house"},"image":{"@id":"https:\/\/www.evropskakuca.me\/me\/#\/schema\/logo\/image\/"},"sameAs":["https:\/\/www.facebook.com\/evropska.kuca","https:\/\/x.com\/evropska_kuca","https:\/\/www.instagram.com\/evropska_kuca"]},{"@type":"Person","@id":"https:\/\/www.evropskakuca.me\/me\/#\/schema\/person\/a1d0dcdaefe4a1cd1d60d200ea137ba4","name":"mkajic","image":{"@type":"ImageObject","inLanguage":"me-ME","@id":"https:\/\/secure.gravatar.com\/avatar\/731fa035cefab7316e6bafd1f25a93fb731a07de14e2d9923f8db4422628eabc?s=96&d=mm&r=g","url":"https:\/\/secure.gravatar.com\/avatar\/731fa035cefab7316e6bafd1f25a93fb731a07de14e2d9923f8db4422628eabc?s=96&d=mm&r=g","contentUrl":"https:\/\/secure.gravatar.com\/avatar\/731fa035cefab7316e6bafd1f25a93fb731a07de14e2d9923f8db4422628eabc?s=96&d=mm&r=g","caption":"mkajic"},"sameAs":["https:\/\/evropskakuca.me"],"url":"https:\/\/www.evropskakuca.me\/me\/author\/mkajic\/"}]}},"_links":{"self":[{"href":"https:\/\/www.evropskakuca.me\/me\/wp-json\/wp\/v2\/posts\/6771","targetHints":{"allow":["GET"]}}],"collection":[{"href":"https:\/\/www.evropskakuca.me\/me\/wp-json\/wp\/v2\/posts"}],"about":[{"href":"https:\/\/www.evropskakuca.me\/me\/wp-json\/wp\/v2\/types\/post"}],"author":[{"embeddable":true,"href":"https:\/\/www.evropskakuca.me\/me\/wp-json\/wp\/v2\/users\/1"}],"replies":[{"embeddable":true,"href":"https:\/\/www.evropskakuca.me\/me\/wp-json\/wp\/v2\/comments?post=6771"}],"version-history":[{"count":0,"href":"https:\/\/www.evropskakuca.me\/me\/wp-json\/wp\/v2\/posts\/6771\/revisions"}],"wp:featuredmedia":[{"embeddable":true,"href":"https:\/\/www.evropskakuca.me\/me\/wp-json\/wp\/v2\/media\/34393"}],"wp:attachment":[{"href":"https:\/\/www.evropskakuca.me\/me\/wp-json\/wp\/v2\/media?parent=6771"}],"wp:term":[{"taxonomy":"category","embeddable":true,"href":"https:\/\/www.evropskakuca.me\/me\/wp-json\/wp\/v2\/categories?post=6771"},{"taxonomy":"post_tag","embeddable":true,"href":"https:\/\/www.evropskakuca.me\/me\/wp-json\/wp\/v2\/tags?post=6771"}],"curies":[{"name":"wp","href":"https:\/\/api.w.org\/{rel}","templated":true}]}}